{"id":21602,"date":"2025-09-17T14:36:59","date_gmt":"2025-09-17T17:36:59","guid":{"rendered":"http:\/\/10.101.10.197\/www\/?p=21602"},"modified":"2025-09-26T08:39:33","modified_gmt":"2025-09-26T11:39:33","slug":"raul-gil-asumio-como-rector-de-la-unsl-para-el-periodo-2025-2028","status":"publish","type":"post","link":"https:\/\/www.fcejs.unsl.edu.ar\/index.php\/raul-gil-asumio-como-rector-de-la-unsl-para-el-periodo-2025-2028\/","title":{"rendered":"Hector Flores asumi\u00f3 como Decano de la FCEJS para el per\u00edodo 2025-2028"},"content":{"rendered":"<p>El <strong>actual rector de la Universidad Nacional de San Luis (UNSL) Dr. Ra\u00fal Gil<\/strong> asumi\u00f3 pasadas las 11:00 horas, del mi\u00e9rcoles 17 de septiembre de 2025, en el Auditorio central Mauricio L\u00f3pez. En su discurso resalt\u00f3 su compromiso en trabajar por la memoria y el legado universitario, por su esp\u00edritu cr\u00edtico, la rigurosidad acad\u00e9mica y cient\u00edfica para lograr la mayor calidad educativa, transformando la teor\u00eda en aprendizajes invaluables.<\/p>\n<p>Por la <strong>FCEJS<\/strong> tomaron juramento como <strong>Decano, el Mgtr. H\u00e9ctor Flores y como Vicedecana, la Esp. Patricia Mor\u00e1n.<\/strong><\/p>\n<p><img fetchpriority=\"high\" decoding=\"async\" class=\"aligncenter wp-image-21628 size-large\" src=\"https:\/\/www.fcejs.unsl.edu.ar\/wp-content\/uploads\/2025\/09\/asuncion-de-autoridades-2025-rectorado-front-1024x565.jpg\" alt=\"\" width=\"843\" height=\"465\" srcset=\"https:\/\/www.fcejs.unsl.edu.ar\/wp-content\/uploads\/2025\/09\/asuncion-de-autoridades-2025-rectorado-front-1024x565.jpg 1024w, https:\/\/www.fcejs.unsl.edu.ar\/wp-content\/uploads\/2025\/09\/asuncion-de-autoridades-2025-rectorado-front-300x165.jpg 300w, https:\/\/www.fcejs.unsl.edu.ar\/wp-content\/uploads\/2025\/09\/asuncion-de-autoridades-2025-rectorado-front-768x423.jpg 768w, https:\/\/www.fcejs.unsl.edu.ar\/wp-content\/uploads\/2025\/09\/asuncion-de-autoridades-2025-rectorado-front.jpg 1061w\" sizes=\"(max-width: 843px) 100vw, 843px\" \/><\/p>\n<p>En el inicio de la ceremonia principal, el rector saliente C.P.N. V\u00edctor Mori\u00f1igo, le tom\u00f3 el juramento al actual rector de la Universidad Nacional de San Luis, Dr. Ra\u00fal Gil, quien jur\u00f3 llevar adelante una gesti\u00f3n con ideales de modernizaci\u00f3n, transparencia, innovaci\u00f3n, inclusi\u00f3n, colectiva y democr\u00e1tica en su periodo 2025-2028.\u00a0Seguidamente, el actual Rector le tom\u00f3 juramento a la Mgtr. Claudia Brusasca, actual vicerrectora de la Instituci\u00f3n. Posteriormente tom\u00f3 juramento a Decanos y Decanas por antig\u00fcedad de creaci\u00f3n de cada Facultad: Dr. Sebasti\u00e1n Andujar por la Facultad de Qu\u00edmica, Bioqu\u00edmica y Farmacia (FQByF), la Mgtr. Ver\u00f3nica Beatriz Longo por la Facultad de Ciencias Humanas (FCH), el Dr. Rodolfo Daniel Porasso por la Facultad de Ciencias F\u00edsico Matem\u00e1ticas y Naturales (FCFMyN), el Dr. Ing. Federico Mart\u00edn Serra por la Facultad de Ingenier\u00eda y Ciencias Agropecuarias (FICA), el Mgtr. H\u00e9ctor Daniel Flores por la Facultad de Ciencias Econ\u00f3micas Jur\u00eddicas y Sociales (FCEJS), la Dra. Gladys Esther Leoz por la Facultad de Psicolog\u00eda (FaPsi) y la Esp. Mar\u00eda Cecilia Camargo Facultad de Ciencias de la Salud (FCS).<br \/>\nLe siguieron Vicedecanos y Vicedecanas: Dr. Eduardo Maximiliano Chaves (FQByF), Lic. Valeria Pascualini (FCH), Dr. Daniel Alejandro Sales (FCFMyN), Ing. Guillermo Ariel Mart\u00ednez (FICA), Esp. Patricia de Lourdes Mor\u00e1n (FCEJS), Mgtr. Mariela Cristina Lucero (FaPsi), y la Dra. Mar\u00eda Luj\u00e1n Correa (FCS).<\/p>\n<p><img decoding=\"async\" class=\"aligncenter wp-image-21605 size-full\" src=\"https:\/\/www.fcejs.unsl.edu.ar\/wp-content\/uploads\/2025\/09\/asuncion-de-autoridades-2025-rectorado-16.jpg\" alt=\"\" width=\"1100\" height=\"619\" srcset=\"https:\/\/www.fcejs.unsl.edu.ar\/wp-content\/uploads\/2025\/09\/asuncion-de-autoridades-2025-rectorado-16.jpg 1100w, https:\/\/www.fcejs.unsl.edu.ar\/wp-content\/uploads\/2025\/09\/asuncion-de-autoridades-2025-rectorado-16-300x169.jpg 300w, https:\/\/www.fcejs.unsl.edu.ar\/wp-content\/uploads\/2025\/09\/asuncion-de-autoridades-2025-rectorado-16-1024x576.jpg 1024w, https:\/\/www.fcejs.unsl.edu.ar\/wp-content\/uploads\/2025\/09\/asuncion-de-autoridades-2025-rectorado-16-768x432.jpg 768w\" sizes=\"(max-width: 1100px) 100vw, 1100px\" \/><\/p>\n<p>\u00abEstamos parados sobre hombros de gigantes\u00bb, exclam\u00f3 Gil en relaci\u00f3n a la historia de la UNSL. \u00abGrandes desaf\u00edos nos esperan como sociedad argentina. Los problemas de hoy, no son los mismos que ten\u00edamos hace 20 o 30 a\u00f1os (\u2026) Necesitamos ser una Universidad Moderna, que se apoye en los j\u00f3venes para marcar el ritmo de los sucesos y que apele a la Ciencia y la Tecnolog\u00eda para repensar una y otra vez nuestro rol (\u2026) Sin dudas, no ser\u00e1 una tarea sencilla. Los cambios profundos que estamos viviendo suelen generar resistencias, pero ser\u00e1 nuestro compromiso trabajar para que ocurran de manera eficaz y definitiva\u00bb, dijo.<\/p>\n<p>Paralelamente, en sus palabras anim\u00f3 a la comunidad universitaria a desafiarse y ser protagonistas de la Nueva Reforma, \u00abque nos lleve a la Universidad del futuro que imagino: humanista, cr\u00edtica, estrat\u00e9gica, que acompa\u00f1ando a los avances tecnol\u00f3gicos de manera comprometida con el territorio, audaz para expandir las fronteras del conocimiento en di\u00e1logo constante entre las distintas disciplinas y con la sociedad\u00bb, remarc\u00f3 el Rector.<\/p>\n<p>Ra\u00fal Gil expres\u00f3 en su discurso de asunci\u00f3n seis (6) ejes de trabajo que se plantear\u00e1n durante su gesti\u00f3n: Docencia universitaria como funci\u00f3n esencial de la Universidad; Sinergia entre las funciones investigaci\u00f3n, desarrollo e innovaci\u00f3n para un impacto social transformador; Integraci\u00f3n y presencia de la Universidad en su territorio; Construcci\u00f3n de una cultura institucional saludable; Gesti\u00f3n y planificaci\u00f3n estrat\u00e9gica para una Universidad eficiente e innovadora; y Comunicaci\u00f3n Institucional proactiva y Gesti\u00f3n Cultural para posicionar a la Universidad en el debate p\u00fablico.<\/p>\n<p><img decoding=\"async\" class=\"aligncenter wp-image-21606 size-full\" src=\"https:\/\/www.fcejs.unsl.edu.ar\/wp-content\/uploads\/2025\/09\/asuncion-de-autoridades-2025-rectorado-22.jpg\" alt=\"\" width=\"1100\" height=\"619\" srcset=\"https:\/\/www.fcejs.unsl.edu.ar\/wp-content\/uploads\/2025\/09\/asuncion-de-autoridades-2025-rectorado-22.jpg 1100w, https:\/\/www.fcejs.unsl.edu.ar\/wp-content\/uploads\/2025\/09\/asuncion-de-autoridades-2025-rectorado-22-300x169.jpg 300w, https:\/\/www.fcejs.unsl.edu.ar\/wp-content\/uploads\/2025\/09\/asuncion-de-autoridades-2025-rectorado-22-1024x576.jpg 1024w, https:\/\/www.fcejs.unsl.edu.ar\/wp-content\/uploads\/2025\/09\/asuncion-de-autoridades-2025-rectorado-22-768x432.jpg 768w\" sizes=\"(max-width: 1100px) 100vw, 1100px\" \/><\/p>\n<p>\u00abLa docencia universitaria en todos los niveles, es la funci\u00f3n esencial de la Universidad, y esto debe servir para brindar una formaci\u00f3n integral, articulada y con proyecci\u00f3n regional e internacional. La jerarquizaci\u00f3n de la pr\u00e1ctica docente debe ser una prioridad institucional. Entiendo que debe seguir debati\u00e9ndose los modos y maneras en que podemos mejorar aprovechando el enorme caudal de producci\u00f3n cient\u00edfica en el \u00e1rea (\u2026) Las clases presenciales son y ser\u00e1n irremplazables, pero la realidad nos impele a adoptar y valorar otras formas complementarias en un mundo cada vez m\u00e1s tecnologizado\u00bb, sostuvo.<\/p>\n<p>Tambi\u00e9n expres\u00f3 que se seguir\u00e1n lineamientos acordados en el \u00e1mbito del Consejo Interuniversitario Nacional (CIN); que se dar\u00e1 continuidad al programa PROFES para profundizar el acompa\u00f1amiento a los procesos de ingreso a las carreras con acciones previas de articulaci\u00f3n con el Nivel Secundario; y resalt\u00f3 que la formaci\u00f3n de posgrado seguir\u00e1 siendo una pieza fundamental de la nueva gesti\u00f3n.<\/p>\n<p>El nuevo Rector de la Instituci\u00f3n tambi\u00e9n se refiri\u00f3 a la internacionalizaci\u00f3n de la Educaci\u00f3n Superior. En este sentido sostuvo que la Universidad Nacional de San Luis ha logrado consolidar su posicionamiento en el \u00e1mbito internacional a trav\u00e9s de una participaci\u00f3n activa en redes acad\u00e9micas, el impulso a la movilidad de estudiantes y docentes, y la cooperaci\u00f3n en proyectos de alcance global, y remarc\u00f3 que la internacionalizaci\u00f3n, lejos de ser un proceso accesorio, constituye una dimensi\u00f3n estrat\u00e9gica que permite a la UNSL dar respuestas m\u00e1s pertinentes a los desaf\u00edos de un mundo interdependiente, donde el conocimiento, la innovaci\u00f3n y la formaci\u00f3n trascienden fronteras. \u00abLa internacionalizaci\u00f3n enriquece cada una de las funciones universitarias al abrir espacios de cooperaci\u00f3n, di\u00e1logo intercultural y producci\u00f3n compartida de saberes, potenciando as\u00ed el impacto acad\u00e9mico, social y cultural\u00bb, subray\u00f3.<\/p>\n<p>A modo de cierre, Ra\u00fal Gil a\u00f1adi\u00f3 que el comienzo de toda nueva gesti\u00f3n de conducci\u00f3n siempre viene acompa\u00f1ado de muchas ideas e ideales, y sostuvo que los conceptos que mencion\u00f3 en su discurso forman parte de la plataforma de acci\u00f3n que llevaron a las nuevas autoridades universitarias a asumir sus cargos, las que seguramente -seg\u00fan exclam\u00f3- ser\u00e1n compartidas por las Autoridades Electas de las distintas Unidades Acad\u00e9micas, ya que el esp\u00edritu de progreso Institucional es el punto de partida de todos.<\/p>\n<p>\u00abQuienes integramos la mesa acad\u00e9mica de este Acto, hemos pasado por las aulas de esta Universidad, y hemos estado en distintos niveles de gesti\u00f3n de esta Instituci\u00f3n de Estudios Superiores; somos docentes por vocaci\u00f3n y asumimos esta tarea de conducci\u00f3n como una labor de Servicio a la misma (\u2026) Invito a todos los miembros de la Comunidad Universitaria a un an\u00e1lisis profundo de nuestras fortalezas y debilidades; debemos ser muy firmes en la defensa de la Universidad P\u00fablica, Abierta y Gratuita; en la lucha por un Presupuesto acorde a nuestras necesidades, que asegure crecimiento y calidad\u00bb, concluy\u00f3.<\/p>\n<p>&nbsp;<\/p>\n<p><strong>FUENTE: PRENSA RECTORADO UNSL<\/strong><\/p>\n<p>&nbsp;<\/p>\n<div class=\"gmedia_gallery phantom_module is_bot\" id=\"GmediaGallery_289\" data-gmid=\"289\" data-module=\"phantom\"><style type='text\/css' class='gmedia_module_style_import'>@import url('https:\/\/www.fcejs.unsl.edu.ar\/wp-content\/plugins\/grand-media\/module\/phantom\/css\/style.css') all;<\/style>    <div class=\"gmPhantom_Container noLightbox\" >\r\n                <div class=\"gmPhantom_thumbsWrapper gmPhantom_ThumbScale gmPhantom_LabelHover\">\r\n                        <div class=\"gmPhantom_ThumbContainer gmPhantom_ThumbLoader\" data-id=\"5183\" data-post_id=\"21626\" data-ratio=\"1.5\" data-type=\"image\" data-ext=\"jpg\" data-views=\"8\" data-likes=\"0\" data-cc=\"0\" data-post_link=\"https:\/\/www.fcejs.unsl.edu.ar\/index.php\/gmedia\/asuncion_de_autoridades_2025_rectorado-33-jpg\/\">\r\n                <a href=\"https:\/\/www.fcejs.unsl.edu.ar\/wp-content\/grand-media\/image\/asuncion_de_autoridades_2025_rectorado-33.jpg\" class=\"gmPhantom_Thumb\"><img decoding=\"async\" src=\"https:\/\/www.fcejs.unsl.edu.ar\/wp-content\/grand-media\/image\/thumb\/asuncion_de_autoridades_2025_rectorado-33.jpg\" data-src=\"https:\/\/www.fcejs.unsl.edu.ar\/wp-content\/grand-media\/image\/asuncion_de_autoridades_2025_rectorado-33.jpg\" alt=\"Asuncion De Autoridades 2025 Rectorado-33\"\/><\/a>\r\n                                    <div class=\"gmPhantom_ThumbLabel\"><span class=\"gmPhantom_ThumbLabel_title\">Asuncion De Autoridades 2025 Rectorado-33<\/span><\/div>\r\n                                    <div style=\"display:none;\" class=\"gmPhantom_Details\">\r\n                                            <div class=\"gmPhantom_description\">\r\n                            <div class=\"gmPhantom_title\">Asuncion De Autoridades 2025 Rectorado-33<\/div>\r\n                            <div class=\"gmPhantom_text\"><\/div>\r\n                        <\/div>\r\n                                                            <div class=\"gmPhantom_terms\">\r\n                                                    <div class=\"gmPhantom_other_terms\">\r\n                                <table class=\"gmPhantom_other_terms_table\">\r\n                                                                            <tr class=\"gmPhantom_term_row_album\">\r\n                                            <td class=\"gmPhantom_term_key\">Album<\/td>\r\n                                            <td class=\"gmPhantom_term_value\"><a href=\"\/index.php\/wp-json\/wp\/v2\/posts\/21602?gm289[album__in]=289\" class=\"gmPhantom_alb\">asuncion-autoridades-unsl-2025<\/a><\/td>\r\n                                        <\/tr>\r\n                                                                    <\/table>\r\n                            <\/div>\r\n                                                <\/div>\r\n                <\/div>\r\n                <\/div>            <div class=\"gmPhantom_ThumbContainer gmPhantom_ThumbLoader\" data-id=\"5182\" data-post_id=\"21625\" data-ratio=\"1.5\" data-type=\"image\" data-ext=\"jpg\" data-views=\"4\" data-likes=\"0\" data-cc=\"0\" data-post_link=\"https:\/\/www.fcejs.unsl.edu.ar\/index.php\/gmedia\/asuncion_de_autoridades_2025_rectorado-31-jpg\/\">\r\n                <a href=\"https:\/\/www.fcejs.unsl.edu.ar\/wp-content\/grand-media\/image\/asuncion_de_autoridades_2025_rectorado-31.jpg\" class=\"gmPhantom_Thumb\"><img decoding=\"async\" src=\"https:\/\/www.fcejs.unsl.edu.ar\/wp-content\/grand-media\/image\/thumb\/asuncion_de_autoridades_2025_rectorado-31.jpg\" data-src=\"https:\/\/www.fcejs.unsl.edu.ar\/wp-content\/grand-media\/image\/asuncion_de_autoridades_2025_rectorado-31.jpg\" alt=\"Asuncion De Autoridades 2025 Rectorado-31\"\/><\/a>\r\n                                    <div class=\"gmPhantom_ThumbLabel\"><span class=\"gmPhantom_ThumbLabel_title\">Asuncion De Autoridades 2025 Rectorado-31<\/span><\/div>\r\n                                    <div style=\"display:none;\" class=\"gmPhantom_Details\">\r\n                                            <div class=\"gmPhantom_description\">\r\n                            <div class=\"gmPhantom_title\">Asuncion De Autoridades 2025 Rectorado-31<\/div>\r\n                            <div class=\"gmPhantom_text\"><\/div>\r\n                        <\/div>\r\n                                                            <div class=\"gmPhantom_terms\">\r\n                                                    <div class=\"gmPhantom_other_terms\">\r\n                                <table class=\"gmPhantom_other_terms_table\">\r\n                                                                            <tr class=\"gmPhantom_term_row_album\">\r\n                                            <td class=\"gmPhantom_term_key\">Album<\/td>\r\n                                            <td class=\"gmPhantom_term_value\"><a href=\"\/index.php\/wp-json\/wp\/v2\/posts\/21602?gm289[album__in]=289\" class=\"gmPhantom_alb\">asuncion-autoridades-unsl-2025<\/a><\/td>\r\n                                        <\/tr>\r\n                                                                    <\/table>\r\n                            <\/div>\r\n                                                <\/div>\r\n                <\/div>\r\n                <\/div>            <div class=\"gmPhantom_ThumbContainer gmPhantom_ThumbLoader\" data-id=\"5181\" data-post_id=\"21624\" data-ratio=\"1.5\" data-type=\"image\" data-ext=\"jpg\" data-views=\"8\" data-likes=\"0\" data-cc=\"0\" data-post_link=\"https:\/\/www.fcejs.unsl.edu.ar\/index.php\/gmedia\/asuncion_de_autoridades_2025_rectorado-30-jpg\/\">\r\n                <a href=\"https:\/\/www.fcejs.unsl.edu.ar\/wp-content\/grand-media\/image\/asuncion_de_autoridades_2025_rectorado-30.jpg\" class=\"gmPhantom_Thumb\"><img decoding=\"async\" src=\"https:\/\/www.fcejs.unsl.edu.ar\/wp-content\/grand-media\/image\/thumb\/asuncion_de_autoridades_2025_rectorado-30.jpg\" data-src=\"https:\/\/www.fcejs.unsl.edu.ar\/wp-content\/grand-media\/image\/asuncion_de_autoridades_2025_rectorado-30.jpg\" alt=\"Asuncion De Autoridades 2025 Rectorado-30\"\/><\/a>\r\n                                    <div class=\"gmPhantom_ThumbLabel\"><span class=\"gmPhantom_ThumbLabel_title\">Asuncion De Autoridades 2025 Rectorado-30<\/span><\/div>\r\n                                    <div style=\"display:none;\" class=\"gmPhantom_Details\">\r\n                                            <div class=\"gmPhantom_description\">\r\n                            <div class=\"gmPhantom_title\">Asuncion De Autoridades 2025 Rectorado-30<\/div>\r\n                            <div class=\"gmPhantom_text\"><\/div>\r\n                        <\/div>\r\n                                                            <div class=\"gmPhantom_terms\">\r\n                                                    <div class=\"gmPhantom_other_terms\">\r\n                                <table class=\"gmPhantom_other_terms_table\">\r\n                                                                            <tr class=\"gmPhantom_term_row_album\">\r\n                                            <td class=\"gmPhantom_term_key\">Album<\/td>\r\n                                            <td class=\"gmPhantom_term_value\"><a href=\"\/index.php\/wp-json\/wp\/v2\/posts\/21602?gm289[album__in]=289\" class=\"gmPhantom_alb\">asuncion-autoridades-unsl-2025<\/a><\/td>\r\n                                        <\/tr>\r\n                                                                    <\/table>\r\n                            <\/div>\r\n                                                <\/div>\r\n                <\/div>\r\n                <\/div>            <div class=\"gmPhantom_ThumbContainer gmPhantom_ThumbLoader\" data-id=\"5180\" data-post_id=\"21622\" data-ratio=\"1.5\" data-type=\"image\" data-ext=\"jpg\" data-views=\"14\" data-likes=\"0\" data-cc=\"0\" data-post_link=\"https:\/\/www.fcejs.unsl.edu.ar\/index.php\/gmedia\/asuncion_de_autoridades_2025_rectorado-28-jpg\/\">\r\n                <a href=\"https:\/\/www.fcejs.unsl.edu.ar\/wp-content\/grand-media\/image\/asuncion_de_autoridades_2025_rectorado-28.jpg\" class=\"gmPhantom_Thumb\"><img decoding=\"async\" src=\"https:\/\/www.fcejs.unsl.edu.ar\/wp-content\/grand-media\/image\/thumb\/asuncion_de_autoridades_2025_rectorado-28.jpg\" data-src=\"https:\/\/www.fcejs.unsl.edu.ar\/wp-content\/grand-media\/image\/asuncion_de_autoridades_2025_rectorado-28.jpg\" alt=\"Asuncion De Autoridades 2025 Rectorado-28\"\/><\/a>\r\n                                    <div class=\"gmPhantom_ThumbLabel\"><span class=\"gmPhantom_ThumbLabel_title\">Asuncion De Autoridades 2025 Rectorado-28<\/span><\/div>\r\n                                    <div style=\"display:none;\" class=\"gmPhantom_Details\">\r\n                                            <div class=\"gmPhantom_description\">\r\n                            <div class=\"gmPhantom_title\">Asuncion De Autoridades 2025 Rectorado-28<\/div>\r\n                            <div class=\"gmPhantom_text\"><\/div>\r\n                        <\/div>\r\n                                                            <div class=\"gmPhantom_terms\">\r\n                                                    <div class=\"gmPhantom_other_terms\">\r\n                                <table class=\"gmPhantom_other_terms_table\">\r\n                                                                            <tr class=\"gmPhantom_term_row_album\">\r\n                                            <td class=\"gmPhantom_term_key\">Album<\/td>\r\n                                            <td class=\"gmPhantom_term_value\"><a href=\"\/index.php\/wp-json\/wp\/v2\/posts\/21602?gm289[album__in]=289\" class=\"gmPhantom_alb\">asuncion-autoridades-unsl-2025<\/a><\/td>\r\n                                        <\/tr>\r\n                                                                    <\/table>\r\n                            <\/div>\r\n                                                <\/div>\r\n                <\/div>\r\n                <\/div>            <div class=\"gmPhantom_ThumbContainer gmPhantom_ThumbLoader\" data-id=\"5179\" data-post_id=\"21621\" data-ratio=\"1.7766666666667\" data-type=\"image\" data-ext=\"jpg\" data-views=\"9\" data-likes=\"0\" data-cc=\"0\" data-post_link=\"https:\/\/www.fcejs.unsl.edu.ar\/index.php\/gmedia\/asuncion_de_autoridades_2025_rectorado-20-jpg\/\">\r\n                <a href=\"https:\/\/www.fcejs.unsl.edu.ar\/wp-content\/grand-media\/image\/asuncion_de_autoridades_2025_rectorado-20.jpg\" class=\"gmPhantom_Thumb\"><img decoding=\"async\" src=\"https:\/\/www.fcejs.unsl.edu.ar\/wp-content\/grand-media\/image\/thumb\/asuncion_de_autoridades_2025_rectorado-20.jpg\" data-src=\"https:\/\/www.fcejs.unsl.edu.ar\/wp-content\/grand-media\/image\/asuncion_de_autoridades_2025_rectorado-20.jpg\" alt=\"Asuncion De Autoridades 2025 Rectorado-20\"\/><\/a>\r\n                                    <div class=\"gmPhantom_ThumbLabel\"><span class=\"gmPhantom_ThumbLabel_title\">Asuncion De Autoridades 2025 Rectorado-20<\/span><\/div>\r\n                                    <div style=\"display:none;\" class=\"gmPhantom_Details\">\r\n                                            <div class=\"gmPhantom_description\">\r\n                            <div class=\"gmPhantom_title\">Asuncion De Autoridades 2025 Rectorado-20<\/div>\r\n                            <div class=\"gmPhantom_text\"><\/div>\r\n                        <\/div>\r\n                                                            <div class=\"gmPhantom_terms\">\r\n                                                    <div class=\"gmPhantom_other_terms\">\r\n                                <table class=\"gmPhantom_other_terms_table\">\r\n                                                                            <tr class=\"gmPhantom_term_row_album\">\r\n                                            <td class=\"gmPhantom_term_key\">Album<\/td>\r\n                                            <td class=\"gmPhantom_term_value\"><a href=\"\/index.php\/wp-json\/wp\/v2\/posts\/21602?gm289[album__in]=289\" class=\"gmPhantom_alb\">asuncion-autoridades-unsl-2025<\/a><\/td>\r\n                                        <\/tr>\r\n                                                                    <\/table>\r\n                            <\/div>\r\n                                                <\/div>\r\n                <\/div>\r\n                <\/div>            <div class=\"gmPhantom_ThumbContainer gmPhantom_ThumbLoader\" data-id=\"5178\" data-post_id=\"21620\" data-ratio=\"1.7766666666667\" data-type=\"image\" data-ext=\"jpg\" data-views=\"12\" data-likes=\"0\" data-cc=\"0\" data-post_link=\"https:\/\/www.fcejs.unsl.edu.ar\/index.php\/gmedia\/asuncion_de_autoridades_2025_rectorado-18-jpg\/\">\r\n                <a href=\"https:\/\/www.fcejs.unsl.edu.ar\/wp-content\/grand-media\/image\/asuncion_de_autoridades_2025_rectorado-18.jpg\" class=\"gmPhantom_Thumb\"><img decoding=\"async\" src=\"https:\/\/www.fcejs.unsl.edu.ar\/wp-content\/grand-media\/image\/thumb\/asuncion_de_autoridades_2025_rectorado-18.jpg\" data-src=\"https:\/\/www.fcejs.unsl.edu.ar\/wp-content\/grand-media\/image\/asuncion_de_autoridades_2025_rectorado-18.jpg\" alt=\"Asuncion De Autoridades 2025 Rectorado-18\"\/><\/a>\r\n                                    <div class=\"gmPhantom_ThumbLabel\"><span class=\"gmPhantom_ThumbLabel_title\">Asuncion De Autoridades 2025 Rectorado-18<\/span><\/div>\r\n                                    <div style=\"display:none;\" class=\"gmPhantom_Details\">\r\n                                            <div class=\"gmPhantom_description\">\r\n                            <div class=\"gmPhantom_title\">Asuncion De Autoridades 2025 Rectorado-18<\/div>\r\n                            <div class=\"gmPhantom_text\"><\/div>\r\n                        <\/div>\r\n                                                            <div class=\"gmPhantom_terms\">\r\n                                                    <div class=\"gmPhantom_other_terms\">\r\n                                <table class=\"gmPhantom_other_terms_table\">\r\n                                                                            <tr class=\"gmPhantom_term_row_album\">\r\n                                            <td class=\"gmPhantom_term_key\">Album<\/td>\r\n                                            <td class=\"gmPhantom_term_value\"><a href=\"\/index.php\/wp-json\/wp\/v2\/posts\/21602?gm289[album__in]=289\" class=\"gmPhantom_alb\">asuncion-autoridades-unsl-2025<\/a><\/td>\r\n                                        <\/tr>\r\n                                                                    <\/table>\r\n                            <\/div>\r\n                                                <\/div>\r\n                <\/div>\r\n                <\/div>            <div class=\"gmPhantom_ThumbContainer gmPhantom_ThumbLoader\" data-id=\"5177\" data-post_id=\"21619\" data-ratio=\"1.7766666666667\" data-type=\"image\" data-ext=\"jpg\" data-views=\"5\" data-likes=\"0\" data-cc=\"0\" data-post_link=\"https:\/\/www.fcejs.unsl.edu.ar\/index.php\/gmedia\/asuncion_de_autoridades_2025_rectorado-17-jpg\/\">\r\n                <a href=\"https:\/\/www.fcejs.unsl.edu.ar\/wp-content\/grand-media\/image\/asuncion_de_autoridades_2025_rectorado-17.jpg\" class=\"gmPhantom_Thumb\"><img decoding=\"async\" src=\"https:\/\/www.fcejs.unsl.edu.ar\/wp-content\/grand-media\/image\/thumb\/asuncion_de_autoridades_2025_rectorado-17.jpg\" data-src=\"https:\/\/www.fcejs.unsl.edu.ar\/wp-content\/grand-media\/image\/asuncion_de_autoridades_2025_rectorado-17.jpg\" alt=\"Asuncion De Autoridades 2025 Rectorado-17\"\/><\/a>\r\n                                    <div class=\"gmPhantom_ThumbLabel\"><span class=\"gmPhantom_ThumbLabel_title\">Asuncion De Autoridades 2025 Rectorado-17<\/span><\/div>\r\n                                    <div style=\"display:none;\" class=\"gmPhantom_Details\">\r\n                                            <div class=\"gmPhantom_description\">\r\n                            <div class=\"gmPhantom_title\">Asuncion De Autoridades 2025 Rectorado-17<\/div>\r\n                            <div class=\"gmPhantom_text\"><\/div>\r\n                        <\/div>\r\n                                                            <div class=\"gmPhantom_terms\">\r\n                                                    <div class=\"gmPhantom_other_terms\">\r\n                                <table class=\"gmPhantom_other_terms_table\">\r\n                                                                            <tr class=\"gmPhantom_term_row_album\">\r\n                                            <td class=\"gmPhantom_term_key\">Album<\/td>\r\n                                            <td class=\"gmPhantom_term_value\"><a href=\"\/index.php\/wp-json\/wp\/v2\/posts\/21602?gm289[album__in]=289\" class=\"gmPhantom_alb\">asuncion-autoridades-unsl-2025<\/a><\/td>\r\n                                        <\/tr>\r\n                                                                    <\/table>\r\n                            <\/div>\r\n                                                <\/div>\r\n                <\/div>\r\n                <\/div>            <div class=\"gmPhantom_ThumbContainer gmPhantom_ThumbLoader\" data-id=\"5176\" data-post_id=\"21618\" data-ratio=\"1.7766666666667\" data-type=\"image\" data-ext=\"jpg\" data-views=\"9\" data-likes=\"0\" data-cc=\"0\" data-post_link=\"https:\/\/www.fcejs.unsl.edu.ar\/index.php\/gmedia\/asuncion_de_autoridades_2025_rectorado-16-jpg\/\">\r\n                <a href=\"https:\/\/www.fcejs.unsl.edu.ar\/wp-content\/grand-media\/image\/asuncion_de_autoridades_2025_rectorado-16.jpg\" class=\"gmPhantom_Thumb\"><img decoding=\"async\" src=\"https:\/\/www.fcejs.unsl.edu.ar\/wp-content\/grand-media\/image\/thumb\/asuncion_de_autoridades_2025_rectorado-16.jpg\" data-src=\"https:\/\/www.fcejs.unsl.edu.ar\/wp-content\/grand-media\/image\/asuncion_de_autoridades_2025_rectorado-16.jpg\" alt=\"Asuncion De Autoridades 2025 Rectorado-16\"\/><\/a>\r\n                                    <div class=\"gmPhantom_ThumbLabel\"><span class=\"gmPhantom_ThumbLabel_title\">Asuncion De Autoridades 2025 Rectorado-16<\/span><\/div>\r\n                                    <div style=\"display:none;\" class=\"gmPhantom_Details\">\r\n                                            <div class=\"gmPhantom_description\">\r\n                            <div class=\"gmPhantom_title\">Asuncion De Autoridades 2025 Rectorado-16<\/div>\r\n                            <div class=\"gmPhantom_text\"><\/div>\r\n                        <\/div>\r\n                                                            <div class=\"gmPhantom_terms\">\r\n                                                    <div class=\"gmPhantom_other_terms\">\r\n                                <table class=\"gmPhantom_other_terms_table\">\r\n                                                                            <tr class=\"gmPhantom_term_row_album\">\r\n                                            <td class=\"gmPhantom_term_key\">Album<\/td>\r\n                                            <td class=\"gmPhantom_term_value\"><a href=\"\/index.php\/wp-json\/wp\/v2\/posts\/21602?gm289[album__in]=289\" class=\"gmPhantom_alb\">asuncion-autoridades-unsl-2025<\/a><\/td>\r\n                                        <\/tr>\r\n                                                                    <\/table>\r\n                            <\/div>\r\n                                                <\/div>\r\n                <\/div>\r\n                <\/div>            <div class=\"gmPhantom_ThumbContainer gmPhantom_ThumbLoader\" data-id=\"5175\" data-post_id=\"21617\" data-ratio=\"1.7766666666667\" data-type=\"image\" data-ext=\"jpg\" data-views=\"11\" data-likes=\"0\" data-cc=\"0\" data-post_link=\"https:\/\/www.fcejs.unsl.edu.ar\/index.php\/gmedia\/asuncion_de_autoridades_2025_rectorado-15-jpg\/\">\r\n                <a href=\"https:\/\/www.fcejs.unsl.edu.ar\/wp-content\/grand-media\/image\/asuncion_de_autoridades_2025_rectorado-15.jpg\" class=\"gmPhantom_Thumb\"><img decoding=\"async\" src=\"https:\/\/www.fcejs.unsl.edu.ar\/wp-content\/grand-media\/image\/thumb\/asuncion_de_autoridades_2025_rectorado-15.jpg\" data-src=\"https:\/\/www.fcejs.unsl.edu.ar\/wp-content\/grand-media\/image\/asuncion_de_autoridades_2025_rectorado-15.jpg\" alt=\"Asuncion De Autoridades 2025 Rectorado-15\"\/><\/a>\r\n                                    <div class=\"gmPhantom_ThumbLabel\"><span class=\"gmPhantom_ThumbLabel_title\">Asuncion De Autoridades 2025 Rectorado-15<\/span><\/div>\r\n                                    <div style=\"display:none;\" class=\"gmPhantom_Details\">\r\n                                            <div class=\"gmPhantom_description\">\r\n                            <div class=\"gmPhantom_title\">Asuncion De Autoridades 2025 Rectorado-15<\/div>\r\n                            <div class=\"gmPhantom_text\"><\/div>\r\n                        <\/div>\r\n                                                            <div class=\"gmPhantom_terms\">\r\n                                                    <div class=\"gmPhantom_other_terms\">\r\n                                <table class=\"gmPhantom_other_terms_table\">\r\n                                                                            <tr class=\"gmPhantom_term_row_album\">\r\n                                            <td class=\"gmPhantom_term_key\">Album<\/td>\r\n                                            <td class=\"gmPhantom_term_value\"><a href=\"\/index.php\/wp-json\/wp\/v2\/posts\/21602?gm289[album__in]=289\" class=\"gmPhantom_alb\">asuncion-autoridades-unsl-2025<\/a><\/td>\r\n                                        <\/tr>\r\n                                                                    <\/table>\r\n                            <\/div>\r\n                                                <\/div>\r\n                <\/div>\r\n                <\/div>            <div class=\"gmPhantom_ThumbContainer gmPhantom_ThumbLoader\" data-id=\"5174\" data-post_id=\"21616\" data-ratio=\"1.5\" data-type=\"image\" data-ext=\"jpg\" data-views=\"6\" data-likes=\"0\" data-cc=\"0\" data-post_link=\"https:\/\/www.fcejs.unsl.edu.ar\/index.php\/gmedia\/asuncion_de_autoridades_2025_rectorado-14-jpg\/\">\r\n                <a href=\"https:\/\/www.fcejs.unsl.edu.ar\/wp-content\/grand-media\/image\/asuncion_de_autoridades_2025_rectorado-14.jpg\" class=\"gmPhantom_Thumb\"><img decoding=\"async\" src=\"https:\/\/www.fcejs.unsl.edu.ar\/wp-content\/grand-media\/image\/thumb\/asuncion_de_autoridades_2025_rectorado-14.jpg\" data-src=\"https:\/\/www.fcejs.unsl.edu.ar\/wp-content\/grand-media\/image\/asuncion_de_autoridades_2025_rectorado-14.jpg\" alt=\"Asuncion De Autoridades 2025 Rectorado-14\"\/><\/a>\r\n                                    <div class=\"gmPhantom_ThumbLabel\"><span class=\"gmPhantom_ThumbLabel_title\">Asuncion De Autoridades 2025 Rectorado-14<\/span><\/div>\r\n                                    <div style=\"display:none;\" class=\"gmPhantom_Details\">\r\n                                            <div class=\"gmPhantom_description\">\r\n                            <div class=\"gmPhantom_title\">Asuncion De Autoridades 2025 Rectorado-14<\/div>\r\n                            <div class=\"gmPhantom_text\"><\/div>\r\n                        <\/div>\r\n                                                            <div class=\"gmPhantom_terms\">\r\n                                                    <div class=\"gmPhantom_other_terms\">\r\n                                <table class=\"gmPhantom_other_terms_table\">\r\n                                                                            <tr class=\"gmPhantom_term_row_album\">\r\n                                            <td class=\"gmPhantom_term_key\">Album<\/td>\r\n                                            <td class=\"gmPhantom_term_value\"><a href=\"\/index.php\/wp-json\/wp\/v2\/posts\/21602?gm289[album__in]=289\" class=\"gmPhantom_alb\">asuncion-autoridades-unsl-2025<\/a><\/td>\r\n                                        <\/tr>\r\n                                                                    <\/table>\r\n                            <\/div>\r\n                                                <\/div>\r\n                <\/div>\r\n                <\/div>            <div class=\"gmPhantom_ThumbContainer gmPhantom_ThumbLoader\" data-id=\"5173\" data-post_id=\"21615\" data-ratio=\"1.5\" data-type=\"image\" data-ext=\"jpg\" data-views=\"7\" data-likes=\"0\" data-cc=\"0\" data-post_link=\"https:\/\/www.fcejs.unsl.edu.ar\/index.php\/gmedia\/asuncion_de_autoridades_2025_rectorado-13-jpg\/\">\r\n                <a href=\"https:\/\/www.fcejs.unsl.edu.ar\/wp-content\/grand-media\/image\/asuncion_de_autoridades_2025_rectorado-13.jpg\" class=\"gmPhantom_Thumb\"><img decoding=\"async\" src=\"https:\/\/www.fcejs.unsl.edu.ar\/wp-content\/grand-media\/image\/thumb\/asuncion_de_autoridades_2025_rectorado-13.jpg\" data-src=\"https:\/\/www.fcejs.unsl.edu.ar\/wp-content\/grand-media\/image\/asuncion_de_autoridades_2025_rectorado-13.jpg\" alt=\"Asuncion De Autoridades 2025 Rectorado-13\"\/><\/a>\r\n                                    <div class=\"gmPhantom_ThumbLabel\"><span class=\"gmPhantom_ThumbLabel_title\">Asuncion De Autoridades 2025 Rectorado-13<\/span><\/div>\r\n                                    <div style=\"display:none;\" class=\"gmPhantom_Details\">\r\n                                            <div class=\"gmPhantom_description\">\r\n                            <div class=\"gmPhantom_title\">Asuncion De Autoridades 2025 Rectorado-13<\/div>\r\n                            <div class=\"gmPhantom_text\"><\/div>\r\n                        <\/div>\r\n                                                            <div class=\"gmPhantom_terms\">\r\n                                                    <div class=\"gmPhantom_other_terms\">\r\n                                <table class=\"gmPhantom_other_terms_table\">\r\n                                                                            <tr class=\"gmPhantom_term_row_album\">\r\n                                            <td class=\"gmPhantom_term_key\">Album<\/td>\r\n                                            <td class=\"gmPhantom_term_value\"><a href=\"\/index.php\/wp-json\/wp\/v2\/posts\/21602?gm289[album__in]=289\" class=\"gmPhantom_alb\">asuncion-autoridades-unsl-2025<\/a><\/td>\r\n                                        <\/tr>\r\n                                                                    <\/table>\r\n                            <\/div>\r\n                                                <\/div>\r\n                <\/div>\r\n                <\/div>            <div class=\"gmPhantom_ThumbContainer gmPhantom_ThumbLoader\" data-id=\"5172\" data-post_id=\"21614\" data-ratio=\"1.5\" data-type=\"image\" data-ext=\"jpg\" data-views=\"5\" data-likes=\"0\" data-cc=\"0\" data-post_link=\"https:\/\/www.fcejs.unsl.edu.ar\/index.php\/gmedia\/asuncion_de_autoridades_2025_rectorado-11-jpg\/\">\r\n                <a href=\"https:\/\/www.fcejs.unsl.edu.ar\/wp-content\/grand-media\/image\/asuncion_de_autoridades_2025_rectorado-11.jpg\" class=\"gmPhantom_Thumb\"><img decoding=\"async\" src=\"https:\/\/www.fcejs.unsl.edu.ar\/wp-content\/grand-media\/image\/thumb\/asuncion_de_autoridades_2025_rectorado-11.jpg\" data-src=\"https:\/\/www.fcejs.unsl.edu.ar\/wp-content\/grand-media\/image\/asuncion_de_autoridades_2025_rectorado-11.jpg\" alt=\"Asuncion De Autoridades 2025 Rectorado-11\"\/><\/a>\r\n                                    <div class=\"gmPhantom_ThumbLabel\"><span class=\"gmPhantom_ThumbLabel_title\">Asuncion De Autoridades 2025 Rectorado-11<\/span><\/div>\r\n                                    <div style=\"display:none;\" class=\"gmPhantom_Details\">\r\n                                            <div class=\"gmPhantom_description\">\r\n                            <div class=\"gmPhantom_title\">Asuncion De Autoridades 2025 Rectorado-11<\/div>\r\n                            <div class=\"gmPhantom_text\"><\/div>\r\n                        <\/div>\r\n                                                            <div class=\"gmPhantom_terms\">\r\n                                                    <div class=\"gmPhantom_other_terms\">\r\n                                <table class=\"gmPhantom_other_terms_table\">\r\n                                                                            <tr class=\"gmPhantom_term_row_album\">\r\n                                            <td class=\"gmPhantom_term_key\">Album<\/td>\r\n                                            <td class=\"gmPhantom_term_value\"><a href=\"\/index.php\/wp-json\/wp\/v2\/posts\/21602?gm289[album__in]=289\" class=\"gmPhantom_alb\">asuncion-autoridades-unsl-2025<\/a><\/td>\r\n                                        <\/tr>\r\n                                                                    <\/table>\r\n                            <\/div>\r\n                                                <\/div>\r\n                <\/div>\r\n                <\/div>            <div class=\"gmPhantom_ThumbContainer gmPhantom_ThumbLoader\" data-id=\"5171\" data-post_id=\"21613\" data-ratio=\"1.5\" data-type=\"image\" data-ext=\"jpg\" data-views=\"10\" data-likes=\"0\" data-cc=\"0\" data-post_link=\"https:\/\/www.fcejs.unsl.edu.ar\/index.php\/gmedia\/asuncion_de_autoridades_2025_rectorado-10-jpg\/\">\r\n                <a href=\"https:\/\/www.fcejs.unsl.edu.ar\/wp-content\/grand-media\/image\/asuncion_de_autoridades_2025_rectorado-10.jpg\" class=\"gmPhantom_Thumb\"><img decoding=\"async\" src=\"https:\/\/www.fcejs.unsl.edu.ar\/wp-content\/grand-media\/image\/thumb\/asuncion_de_autoridades_2025_rectorado-10.jpg\" data-src=\"https:\/\/www.fcejs.unsl.edu.ar\/wp-content\/grand-media\/image\/asuncion_de_autoridades_2025_rectorado-10.jpg\" alt=\"Asuncion De Autoridades 2025 Rectorado-10\"\/><\/a>\r\n                                    <div class=\"gmPhantom_ThumbLabel\"><span class=\"gmPhantom_ThumbLabel_title\">Asuncion De Autoridades 2025 Rectorado-10<\/span><\/div>\r\n                                    <div style=\"display:none;\" class=\"gmPhantom_Details\">\r\n                                            <div class=\"gmPhantom_description\">\r\n                            <div class=\"gmPhantom_title\">Asuncion De Autoridades 2025 Rectorado-10<\/div>\r\n                            <div class=\"gmPhantom_text\"><\/div>\r\n                        <\/div>\r\n                                                            <div class=\"gmPhantom_terms\">\r\n                                                    <div class=\"gmPhantom_other_terms\">\r\n                                <table class=\"gmPhantom_other_terms_table\">\r\n                                                                            <tr class=\"gmPhantom_term_row_album\">\r\n                                            <td class=\"gmPhantom_term_key\">Album<\/td>\r\n                                            <td class=\"gmPhantom_term_value\"><a href=\"\/index.php\/wp-json\/wp\/v2\/posts\/21602?gm289[album__in]=289\" class=\"gmPhantom_alb\">asuncion-autoridades-unsl-2025<\/a><\/td>\r\n                                        <\/tr>\r\n                                                                    <\/table>\r\n                            <\/div>\r\n                                                <\/div>\r\n                <\/div>\r\n                <\/div>            <div class=\"gmPhantom_ThumbContainer gmPhantom_ThumbLoader\" data-id=\"5170\" data-post_id=\"21612\" data-ratio=\"1.5\" data-type=\"image\" data-ext=\"jpg\" data-views=\"8\" data-likes=\"0\" data-cc=\"0\" data-post_link=\"https:\/\/www.fcejs.unsl.edu.ar\/index.php\/gmedia\/asuncion_de_autoridades_2025_rectorado-7-jpg\/\">\r\n                <a href=\"https:\/\/www.fcejs.unsl.edu.ar\/wp-content\/grand-media\/image\/asuncion_de_autoridades_2025_rectorado-7.jpg\" class=\"gmPhantom_Thumb\"><img decoding=\"async\" src=\"https:\/\/www.fcejs.unsl.edu.ar\/wp-content\/grand-media\/image\/thumb\/asuncion_de_autoridades_2025_rectorado-7.jpg\" data-src=\"https:\/\/www.fcejs.unsl.edu.ar\/wp-content\/grand-media\/image\/asuncion_de_autoridades_2025_rectorado-7.jpg\" alt=\"Asuncion De Autoridades 2025 Rectorado-7\"\/><\/a>\r\n                                    <div class=\"gmPhantom_ThumbLabel\"><span class=\"gmPhantom_ThumbLabel_title\">Asuncion De Autoridades 2025 Rectorado-7<\/span><\/div>\r\n                                    <div style=\"display:none;\" class=\"gmPhantom_Details\">\r\n                                            <div class=\"gmPhantom_description\">\r\n                            <div class=\"gmPhantom_title\">Asuncion De Autoridades 2025 Rectorado-7<\/div>\r\n                            <div class=\"gmPhantom_text\"><\/div>\r\n                        <\/div>\r\n                                                            <div class=\"gmPhantom_terms\">\r\n                                                    <div class=\"gmPhantom_other_terms\">\r\n                                <table class=\"gmPhantom_other_terms_table\">\r\n                                                                            <tr class=\"gmPhantom_term_row_album\">\r\n                                            <td class=\"gmPhantom_term_key\">Album<\/td>\r\n                                            <td class=\"gmPhantom_term_value\"><a href=\"\/index.php\/wp-json\/wp\/v2\/posts\/21602?gm289[album__in]=289\" class=\"gmPhantom_alb\">asuncion-autoridades-unsl-2025<\/a><\/td>\r\n                                        <\/tr>\r\n                                                                    <\/table>\r\n                            <\/div>\r\n                                                <\/div>\r\n                <\/div>\r\n                <\/div>            <div class=\"gmPhantom_ThumbContainer gmPhantom_ThumbLoader\" data-id=\"5169\" data-post_id=\"21611\" data-ratio=\"1.5\" data-type=\"image\" data-ext=\"jpg\" data-views=\"6\" data-likes=\"0\" data-cc=\"0\" data-post_link=\"https:\/\/www.fcejs.unsl.edu.ar\/index.php\/gmedia\/asuncion_de_autoridades_2025_rectorado-6-jpg\/\">\r\n                <a href=\"https:\/\/www.fcejs.unsl.edu.ar\/wp-content\/grand-media\/image\/asuncion_de_autoridades_2025_rectorado-6.jpg\" class=\"gmPhantom_Thumb\"><img decoding=\"async\" src=\"https:\/\/www.fcejs.unsl.edu.ar\/wp-content\/grand-media\/image\/thumb\/asuncion_de_autoridades_2025_rectorado-6.jpg\" data-src=\"https:\/\/www.fcejs.unsl.edu.ar\/wp-content\/grand-media\/image\/asuncion_de_autoridades_2025_rectorado-6.jpg\" alt=\"Asuncion De Autoridades 2025 Rectorado-6\"\/><\/a>\r\n                                    <div class=\"gmPhantom_ThumbLabel\"><span class=\"gmPhantom_ThumbLabel_title\">Asuncion De Autoridades 2025 Rectorado-6<\/span><\/div>\r\n                                    <div style=\"display:none;\" class=\"gmPhantom_Details\">\r\n                                            <div class=\"gmPhantom_description\">\r\n                            <div class=\"gmPhantom_title\">Asuncion De Autoridades 2025 Rectorado-6<\/div>\r\n                            <div class=\"gmPhantom_text\"><\/div>\r\n                        <\/div>\r\n                                                            <div class=\"gmPhantom_terms\">\r\n                                                    <div class=\"gmPhantom_other_terms\">\r\n                                <table class=\"gmPhantom_other_terms_table\">\r\n                                                                            <tr class=\"gmPhantom_term_row_album\">\r\n                                            <td class=\"gmPhantom_term_key\">Album<\/td>\r\n                                            <td class=\"gmPhantom_term_value\"><a href=\"\/index.php\/wp-json\/wp\/v2\/posts\/21602?gm289[album__in]=289\" class=\"gmPhantom_alb\">asuncion-autoridades-unsl-2025<\/a><\/td>\r\n                                        <\/tr>\r\n                                                                    <\/table>\r\n                            <\/div>\r\n                                                <\/div>\r\n                <\/div>\r\n                <\/div>            <div class=\"gmPhantom_ThumbContainer gmPhantom_ThumbLoader\" data-id=\"5168\" data-post_id=\"21610\" data-ratio=\"1.7766666666667\" data-type=\"image\" data-ext=\"jpg\" data-views=\"12\" data-likes=\"0\" data-cc=\"0\" data-post_link=\"https:\/\/www.fcejs.unsl.edu.ar\/index.php\/gmedia\/asuncion_de_autoridades_2025_rectorado-3-jpg\/\">\r\n                <a href=\"https:\/\/www.fcejs.unsl.edu.ar\/wp-content\/grand-media\/image\/asuncion_de_autoridades_2025_rectorado-3.jpg\" class=\"gmPhantom_Thumb\"><img decoding=\"async\" src=\"https:\/\/www.fcejs.unsl.edu.ar\/wp-content\/grand-media\/image\/thumb\/asuncion_de_autoridades_2025_rectorado-3.jpg\" data-src=\"https:\/\/www.fcejs.unsl.edu.ar\/wp-content\/grand-media\/image\/asuncion_de_autoridades_2025_rectorado-3.jpg\" alt=\"Asuncion De Autoridades 2025 Rectorado-3\"\/><\/a>\r\n                                    <div class=\"gmPhantom_ThumbLabel\"><span class=\"gmPhantom_ThumbLabel_title\">Asuncion De Autoridades 2025 Rectorado-3<\/span><\/div>\r\n                                    <div style=\"display:none;\" class=\"gmPhantom_Details\">\r\n                                            <div class=\"gmPhantom_description\">\r\n                            <div class=\"gmPhantom_title\">Asuncion De Autoridades 2025 Rectorado-3<\/div>\r\n                            <div class=\"gmPhantom_text\"><\/div>\r\n                        <\/div>\r\n                                                            <div class=\"gmPhantom_terms\">\r\n                                                    <div class=\"gmPhantom_other_terms\">\r\n                                <table class=\"gmPhantom_other_terms_table\">\r\n                                                                            <tr class=\"gmPhantom_term_row_album\">\r\n                                            <td class=\"gmPhantom_term_key\">Album<\/td>\r\n                                            <td class=\"gmPhantom_term_value\"><a href=\"\/index.php\/wp-json\/wp\/v2\/posts\/21602?gm289[album__in]=289\" class=\"gmPhantom_alb\">asuncion-autoridades-unsl-2025<\/a><\/td>\r\n                                        <\/tr>\r\n                                                                    <\/table>\r\n                            <\/div>\r\n                                                <\/div>\r\n                <\/div>\r\n                <\/div>            <div class=\"gmPhantom_ThumbContainer gmPhantom_ThumbLoader\" data-id=\"5167\" data-post_id=\"21609\" data-ratio=\"1.7766666666667\" data-type=\"image\" data-ext=\"jpg\" data-views=\"10\" data-likes=\"0\" data-cc=\"0\" data-post_link=\"https:\/\/www.fcejs.unsl.edu.ar\/index.php\/gmedia\/asuncion_de_autoridades_2025_rectorado-2-jpg\/\">\r\n                <a href=\"https:\/\/www.fcejs.unsl.edu.ar\/wp-content\/grand-media\/image\/asuncion_de_autoridades_2025_rectorado-2.jpg\" class=\"gmPhantom_Thumb\"><img decoding=\"async\" src=\"https:\/\/www.fcejs.unsl.edu.ar\/wp-content\/grand-media\/image\/thumb\/asuncion_de_autoridades_2025_rectorado-2.jpg\" data-src=\"https:\/\/www.fcejs.unsl.edu.ar\/wp-content\/grand-media\/image\/asuncion_de_autoridades_2025_rectorado-2.jpg\" alt=\"Asuncion De Autoridades 2025 Rectorado-2\"\/><\/a>\r\n                                    <div class=\"gmPhantom_ThumbLabel\"><span class=\"gmPhantom_ThumbLabel_title\">Asuncion De Autoridades 2025 Rectorado-2<\/span><\/div>\r\n                                    <div style=\"display:none;\" class=\"gmPhantom_Details\">\r\n                                            <div class=\"gmPhantom_description\">\r\n                            <div class=\"gmPhantom_title\">Asuncion De Autoridades 2025 Rectorado-2<\/div>\r\n                            <div class=\"gmPhantom_text\"><\/div>\r\n                        <\/div>\r\n                                                            <div class=\"gmPhantom_terms\">\r\n                                                    <div class=\"gmPhantom_other_terms\">\r\n                                <table class=\"gmPhantom_other_terms_table\">\r\n                                                                            <tr class=\"gmPhantom_term_row_album\">\r\n                                            <td class=\"gmPhantom_term_key\">Album<\/td>\r\n                                            <td class=\"gmPhantom_term_value\"><a href=\"\/index.php\/wp-json\/wp\/v2\/posts\/21602?gm289[album__in]=289\" class=\"gmPhantom_alb\">asuncion-autoridades-unsl-2025<\/a><\/td>\r\n                                        <\/tr>\r\n                                                                    <\/table>\r\n                            <\/div>\r\n                                                <\/div>\r\n                <\/div>\r\n                <\/div>            <div class=\"gmPhantom_ThumbContainer gmPhantom_ThumbLoader\" data-id=\"5166\" data-post_id=\"21608\" data-ratio=\"1.5\" data-type=\"image\" data-ext=\"jpg\" data-views=\"12\" data-likes=\"0\" data-cc=\"0\" data-post_link=\"https:\/\/www.fcejs.unsl.edu.ar\/index.php\/gmedia\/asuncion_de_autoridades_2025_rectorado-jpg\/\">\r\n                <a href=\"https:\/\/www.fcejs.unsl.edu.ar\/wp-content\/grand-media\/image\/asuncion_de_autoridades_2025_rectorado.jpg\" class=\"gmPhantom_Thumb\"><img decoding=\"async\" src=\"https:\/\/www.fcejs.unsl.edu.ar\/wp-content\/grand-media\/image\/thumb\/asuncion_de_autoridades_2025_rectorado.jpg\" data-src=\"https:\/\/www.fcejs.unsl.edu.ar\/wp-content\/grand-media\/image\/asuncion_de_autoridades_2025_rectorado.jpg\" alt=\"Asuncion De Autoridades 2025 Rectorado\"\/><\/a>\r\n                                    <div class=\"gmPhantom_ThumbLabel\"><span class=\"gmPhantom_ThumbLabel_title\">Asuncion De Autoridades 2025 Rectorado<\/span><\/div>\r\n                                    <div style=\"display:none;\" class=\"gmPhantom_Details\">\r\n                                            <div class=\"gmPhantom_description\">\r\n                            <div class=\"gmPhantom_title\">Asuncion De Autoridades 2025 Rectorado<\/div>\r\n                            <div class=\"gmPhantom_text\"><\/div>\r\n                        <\/div>\r\n                                                            <div class=\"gmPhantom_terms\">\r\n                                                    <div class=\"gmPhantom_other_terms\">\r\n                                <table class=\"gmPhantom_other_terms_table\">\r\n                                                                            <tr class=\"gmPhantom_term_row_album\">\r\n                                            <td class=\"gmPhantom_term_key\">Album<\/td>\r\n                                            <td class=\"gmPhantom_term_value\"><a href=\"\/index.php\/wp-json\/wp\/v2\/posts\/21602?gm289[album__in]=289\" class=\"gmPhantom_alb\">asuncion-autoridades-unsl-2025<\/a><\/td>\r\n                                        <\/tr>\r\n                                                                    <\/table>\r\n                            <\/div>\r\n                                                <\/div>\r\n                <\/div>\r\n                <\/div>        <\/div>\r\n    <\/div>\r\n<\/div>\n<p>&nbsp;<\/p>\n<p>&nbsp;<\/p>\n","protected":false},"excerpt":{"rendered":"<p>El actual rector de la Universidad Nacional de San Luis (UNSL) Dr. Ra\u00fal Gil asumi\u00f3 pasadas las 11:00 horas, del mi\u00e9rcoles 17 de septiembre de&hellip;<\/p>\n","protected":false},"author":9,"featured_media":21631,"comment_status":"closed","ping_status":"closed","sticky":false,"template":"","format":"standard","meta":{"om_disable_all_campaigns":false,"_monsterinsights_skip_tracking":false,"_monsterinsights_sitenote_active":false,"_monsterinsights_sitenote_note":"","_monsterinsights_sitenote_category":0,"footnotes":""},"categories":[1],"tags":[],"class_list":["post-21602","post","type-post","status-publish","format-standard","has-post-thumbnail","hentry","category-noticias"],"yoast_head":"<!-- This site is optimized with the Yoast SEO plugin v27.5 - https:\/\/yoast.com\/product\/yoast-seo-wordpress\/ -->\n<title>Hector Flores asumi\u00f3 como Decano de la FCEJS para el per\u00edodo 2025-2028 - Facultad de Ciencias Econ\u00f3micas, Jur\u00ed\u00addicas y Sociales<\/title>\n<meta name=\"robots\" content=\"index, follow, max-snippet:-1, max-image-preview:large, max-video-preview:-1\" \/>\n<link rel=\"canonical\" href=\"https:\/\/www.fcejs.unsl.edu.ar\/index.php\/raul-gil-asumio-como-rector-de-la-unsl-para-el-periodo-2025-2028\/\" \/>\n<meta property=\"og:locale\" content=\"es_ES\" \/>\n<meta property=\"og:type\" content=\"article\" \/>\n<meta property=\"og:title\" content=\"Hector Flores asumi\u00f3 como Decano de la FCEJS para el per\u00edodo 2025-2028 - Facultad de Ciencias Econ\u00f3micas, Jur\u00ed\u00addicas y Sociales\" \/>\n<meta property=\"og:description\" content=\"El actual rector de la Universidad Nacional de San Luis (UNSL) Dr. Ra\u00fal Gil asumi\u00f3 pasadas las 11:00 horas, del mi\u00e9rcoles 17 de septiembre de&hellip;\" \/>\n<meta property=\"og:url\" content=\"https:\/\/www.fcejs.unsl.edu.ar\/index.php\/raul-gil-asumio-como-rector-de-la-unsl-para-el-periodo-2025-2028\/\" \/>\n<meta property=\"og:site_name\" content=\"Facultad de Ciencias Econ\u00f3micas, Jur\u00ed\u00addicas y Sociales\" \/>\n<meta property=\"article:publisher\" content=\"https:\/\/www.facebook.com\/FCEJS.UNSL\/\" \/>\n<meta property=\"article:published_time\" content=\"2025-09-17T17:36:59+00:00\" \/>\n<meta property=\"article:modified_time\" content=\"2025-09-26T11:39:33+00:00\" \/>\n<meta property=\"og:image\" content=\"https:\/\/www.fcejs.unsl.edu.ar\/wp-content\/uploads\/2025\/09\/asuncion-de-autoridades-2025-rectorado-fcejs-front.jpg\" \/>\n\t<meta property=\"og:image:width\" content=\"1152\" \/>\n\t<meta property=\"og:image:height\" content=\"647\" \/>\n\t<meta property=\"og:image:type\" content=\"image\/jpeg\" \/>\n<meta name=\"author\" content=\"DATI\" \/>\n<meta name=\"twitter:card\" content=\"summary_large_image\" \/>\n<meta name=\"twitter:creator\" content=\"@FCEJSUNSL\" \/>\n<meta name=\"twitter:site\" content=\"@FCEJSUNSL\" \/>\n<meta name=\"twitter:label1\" content=\"Escrito por\" \/>\n\t<meta name=\"twitter:data1\" content=\"DATI\" \/>\n\t<meta name=\"twitter:label2\" content=\"Tiempo de lectura\" \/>\n\t<meta name=\"twitter:data2\" content=\"6 minutos\" \/>\n<script type=\"application\/ld+json\" class=\"yoast-schema-graph\">{\"@context\":\"https:\\\/\\\/schema.org\",\"@graph\":[{\"@type\":\"Article\",\"@id\":\"https:\\\/\\\/www.fcejs.unsl.edu.ar\\\/index.php\\\/raul-gil-asumio-como-rector-de-la-unsl-para-el-periodo-2025-2028\\\/#article\",\"isPartOf\":{\"@id\":\"https:\\\/\\\/www.fcejs.unsl.edu.ar\\\/index.php\\\/raul-gil-asumio-como-rector-de-la-unsl-para-el-periodo-2025-2028\\\/\"},\"author\":{\"name\":\"DATI\",\"@id\":\"https:\\\/\\\/www.fcejs.unsl.edu.ar\\\/#\\\/schema\\\/person\\\/352ee6ed90c3f394c7cb5945f8956d34\"},\"headline\":\"Hector Flores asumi\u00f3 como Decano de la FCEJS para el per\u00edodo 2025-2028\",\"datePublished\":\"2025-09-17T17:36:59+00:00\",\"dateModified\":\"2025-09-26T11:39:33+00:00\",\"mainEntityOfPage\":{\"@id\":\"https:\\\/\\\/www.fcejs.unsl.edu.ar\\\/index.php\\\/raul-gil-asumio-como-rector-de-la-unsl-para-el-periodo-2025-2028\\\/\"},\"wordCount\":1148,\"publisher\":{\"@id\":\"https:\\\/\\\/www.fcejs.unsl.edu.ar\\\/#organization\"},\"image\":{\"@id\":\"https:\\\/\\\/www.fcejs.unsl.edu.ar\\\/index.php\\\/raul-gil-asumio-como-rector-de-la-unsl-para-el-periodo-2025-2028\\\/#primaryimage\"},\"thumbnailUrl\":\"https:\\\/\\\/www.fcejs.unsl.edu.ar\\\/wp-content\\\/uploads\\\/2025\\\/09\\\/asuncion-de-autoridades-2025-rectorado-fcejs-front.jpg\",\"articleSection\":[\"Noticias\"],\"inLanguage\":\"es-AR\"},{\"@type\":\"WebPage\",\"@id\":\"https:\\\/\\\/www.fcejs.unsl.edu.ar\\\/index.php\\\/raul-gil-asumio-como-rector-de-la-unsl-para-el-periodo-2025-2028\\\/\",\"url\":\"https:\\\/\\\/www.fcejs.unsl.edu.ar\\\/index.php\\\/raul-gil-asumio-como-rector-de-la-unsl-para-el-periodo-2025-2028\\\/\",\"name\":\"Hector Flores asumi\u00f3 como Decano de la FCEJS para el per\u00edodo 2025-2028 - Facultad de Ciencias Econ\u00f3micas, Jur\u00ed\u00addicas y Sociales\",\"isPartOf\":{\"@id\":\"https:\\\/\\\/www.fcejs.unsl.edu.ar\\\/#website\"},\"primaryImageOfPage\":{\"@id\":\"https:\\\/\\\/www.fcejs.unsl.edu.ar\\\/index.php\\\/raul-gil-asumio-como-rector-de-la-unsl-para-el-periodo-2025-2028\\\/#primaryimage\"},\"image\":{\"@id\":\"https:\\\/\\\/www.fcejs.unsl.edu.ar\\\/index.php\\\/raul-gil-asumio-como-rector-de-la-unsl-para-el-periodo-2025-2028\\\/#primaryimage\"},\"thumbnailUrl\":\"https:\\\/\\\/www.fcejs.unsl.edu.ar\\\/wp-content\\\/uploads\\\/2025\\\/09\\\/asuncion-de-autoridades-2025-rectorado-fcejs-front.jpg\",\"datePublished\":\"2025-09-17T17:36:59+00:00\",\"dateModified\":\"2025-09-26T11:39:33+00:00\",\"breadcrumb\":{\"@id\":\"https:\\\/\\\/www.fcejs.unsl.edu.ar\\\/index.php\\\/raul-gil-asumio-como-rector-de-la-unsl-para-el-periodo-2025-2028\\\/#breadcrumb\"},\"inLanguage\":\"es-AR\",\"potentialAction\":[{\"@type\":\"ReadAction\",\"target\":[\"https:\\\/\\\/www.fcejs.unsl.edu.ar\\\/index.php\\\/raul-gil-asumio-como-rector-de-la-unsl-para-el-periodo-2025-2028\\\/\"]}]},{\"@type\":\"ImageObject\",\"inLanguage\":\"es-AR\",\"@id\":\"https:\\\/\\\/www.fcejs.unsl.edu.ar\\\/index.php\\\/raul-gil-asumio-como-rector-de-la-unsl-para-el-periodo-2025-2028\\\/#primaryimage\",\"url\":\"https:\\\/\\\/www.fcejs.unsl.edu.ar\\\/wp-content\\\/uploads\\\/2025\\\/09\\\/asuncion-de-autoridades-2025-rectorado-fcejs-front.jpg\",\"contentUrl\":\"https:\\\/\\\/www.fcejs.unsl.edu.ar\\\/wp-content\\\/uploads\\\/2025\\\/09\\\/asuncion-de-autoridades-2025-rectorado-fcejs-front.jpg\",\"width\":1152,\"height\":647},{\"@type\":\"BreadcrumbList\",\"@id\":\"https:\\\/\\\/www.fcejs.unsl.edu.ar\\\/index.php\\\/raul-gil-asumio-como-rector-de-la-unsl-para-el-periodo-2025-2028\\\/#breadcrumb\",\"itemListElement\":[{\"@type\":\"ListItem\",\"position\":1,\"name\":\"Inicio\",\"item\":\"https:\\\/\\\/www.fcejs.unsl.edu.ar\\\/\"},{\"@type\":\"ListItem\",\"position\":2,\"name\":\"Hector Flores asumi\u00f3 como Decano de la FCEJS para el per\u00edodo 2025-2028\"}]},{\"@type\":\"WebSite\",\"@id\":\"https:\\\/\\\/www.fcejs.unsl.edu.ar\\\/#website\",\"url\":\"https:\\\/\\\/www.fcejs.unsl.edu.ar\\\/\",\"name\":\"Facultad de Ciencias Econ\u00f3micas, Jur\u00ed\u00addicas y Sociales\",\"description\":\"\",\"publisher\":{\"@id\":\"https:\\\/\\\/www.fcejs.unsl.edu.ar\\\/#organization\"},\"potentialAction\":[{\"@type\":\"SearchAction\",\"target\":{\"@type\":\"EntryPoint\",\"urlTemplate\":\"https:\\\/\\\/www.fcejs.unsl.edu.ar\\\/?s={search_term_string}\"},\"query-input\":{\"@type\":\"PropertyValueSpecification\",\"valueRequired\":true,\"valueName\":\"search_term_string\"}}],\"inLanguage\":\"es-AR\"},{\"@type\":\"Organization\",\"@id\":\"https:\\\/\\\/www.fcejs.unsl.edu.ar\\\/#organization\",\"name\":\"Facultad de Ciencias Econ\u00f3micas, Jur\u00eddicas y Sociales\",\"url\":\"https:\\\/\\\/www.fcejs.unsl.edu.ar\\\/\",\"logo\":{\"@type\":\"ImageObject\",\"inLanguage\":\"es-AR\",\"@id\":\"https:\\\/\\\/www.fcejs.unsl.edu.ar\\\/#\\\/schema\\\/logo\\\/image\\\/\",\"url\":\"https:\\\/\\\/www.fcejs.unsl.edu.ar\\\/wp-content\\\/uploads\\\/2021\\\/03\\\/logo-1.jpg\",\"contentUrl\":\"https:\\\/\\\/www.fcejs.unsl.edu.ar\\\/wp-content\\\/uploads\\\/2021\\\/03\\\/logo-1.jpg\",\"width\":471,\"height\":146,\"caption\":\"Facultad de Ciencias Econ\u00f3micas, Jur\u00eddicas y Sociales\"},\"image\":{\"@id\":\"https:\\\/\\\/www.fcejs.unsl.edu.ar\\\/#\\\/schema\\\/logo\\\/image\\\/\"},\"sameAs\":[\"https:\\\/\\\/www.facebook.com\\\/FCEJS.UNSL\\\/\",\"https:\\\/\\\/x.com\\\/FCEJSUNSL\",\"https:\\\/\\\/www.instagram.com\\\/fcejs.unsl\\\/\",\"https:\\\/\\\/www.youtube.com\\\/channel\\\/UCH-Ut6EaN_X5ogjIQMPe46g\\\/\"]},{\"@type\":\"Person\",\"@id\":\"https:\\\/\\\/www.fcejs.unsl.edu.ar\\\/#\\\/schema\\\/person\\\/352ee6ed90c3f394c7cb5945f8956d34\",\"name\":\"DATI\"}]}<\/script>\n<!-- \/ Yoast SEO plugin. -->","yoast_head_json":{"title":"Hector Flores asumi\u00f3 como Decano de la FCEJS para el per\u00edodo 2025-2028 - Facultad de Ciencias Econ\u00f3micas, Jur\u00ed\u00addicas y Sociales","robots":{"index":"index","follow":"follow","max-snippet":"max-snippet:-1","max-image-preview":"max-image-preview:large","max-video-preview":"max-video-preview:-1"},"canonical":"https:\/\/www.fcejs.unsl.edu.ar\/index.php\/raul-gil-asumio-como-rector-de-la-unsl-para-el-periodo-2025-2028\/","og_locale":"es_ES","og_type":"article","og_title":"Hector Flores asumi\u00f3 como Decano de la FCEJS para el per\u00edodo 2025-2028 - Facultad de Ciencias Econ\u00f3micas, Jur\u00ed\u00addicas y Sociales","og_description":"El actual rector de la Universidad Nacional de San Luis (UNSL) Dr. Ra\u00fal Gil asumi\u00f3 pasadas las 11:00 horas, del mi\u00e9rcoles 17 de septiembre de&hellip;","og_url":"https:\/\/www.fcejs.unsl.edu.ar\/index.php\/raul-gil-asumio-como-rector-de-la-unsl-para-el-periodo-2025-2028\/","og_site_name":"Facultad de Ciencias Econ\u00f3micas, Jur\u00ed\u00addicas y Sociales","article_publisher":"https:\/\/www.facebook.com\/FCEJS.UNSL\/","article_published_time":"2025-09-17T17:36:59+00:00","article_modified_time":"2025-09-26T11:39:33+00:00","og_image":[{"width":1152,"height":647,"url":"https:\/\/www.fcejs.unsl.edu.ar\/wp-content\/uploads\/2025\/09\/asuncion-de-autoridades-2025-rectorado-fcejs-front.jpg","type":"image\/jpeg"}],"author":"DATI","twitter_card":"summary_large_image","twitter_creator":"@FCEJSUNSL","twitter_site":"@FCEJSUNSL","twitter_misc":{"Escrito por":"DATI","Tiempo de lectura":"6 minutos"},"schema":{"@context":"https:\/\/schema.org","@graph":[{"@type":"Article","@id":"https:\/\/www.fcejs.unsl.edu.ar\/index.php\/raul-gil-asumio-como-rector-de-la-unsl-para-el-periodo-2025-2028\/#article","isPartOf":{"@id":"https:\/\/www.fcejs.unsl.edu.ar\/index.php\/raul-gil-asumio-como-rector-de-la-unsl-para-el-periodo-2025-2028\/"},"author":{"name":"DATI","@id":"https:\/\/www.fcejs.unsl.edu.ar\/#\/schema\/person\/352ee6ed90c3f394c7cb5945f8956d34"},"headline":"Hector Flores asumi\u00f3 como Decano de la FCEJS para el per\u00edodo 2025-2028","datePublished":"2025-09-17T17:36:59+00:00","dateModified":"2025-09-26T11:39:33+00:00","mainEntityOfPage":{"@id":"https:\/\/www.fcejs.unsl.edu.ar\/index.php\/raul-gil-asumio-como-rector-de-la-unsl-para-el-periodo-2025-2028\/"},"wordCount":1148,"publisher":{"@id":"https:\/\/www.fcejs.unsl.edu.ar\/#organization"},"image":{"@id":"https:\/\/www.fcejs.unsl.edu.ar\/index.php\/raul-gil-asumio-como-rector-de-la-unsl-para-el-periodo-2025-2028\/#primaryimage"},"thumbnailUrl":"https:\/\/www.fcejs.unsl.edu.ar\/wp-content\/uploads\/2025\/09\/asuncion-de-autoridades-2025-rectorado-fcejs-front.jpg","articleSection":["Noticias"],"inLanguage":"es-AR"},{"@type":"WebPage","@id":"https:\/\/www.fcejs.unsl.edu.ar\/index.php\/raul-gil-asumio-como-rector-de-la-unsl-para-el-periodo-2025-2028\/","url":"https:\/\/www.fcejs.unsl.edu.ar\/index.php\/raul-gil-asumio-como-rector-de-la-unsl-para-el-periodo-2025-2028\/","name":"Hector Flores asumi\u00f3 como Decano de la FCEJS para el per\u00edodo 2025-2028 - Facultad de Ciencias Econ\u00f3micas, Jur\u00ed\u00addicas y Sociales","isPartOf":{"@id":"https:\/\/www.fcejs.unsl.edu.ar\/#website"},"primaryImageOfPage":{"@id":"https:\/\/www.fcejs.unsl.edu.ar\/index.php\/raul-gil-asumio-como-rector-de-la-unsl-para-el-periodo-2025-2028\/#primaryimage"},"image":{"@id":"https:\/\/www.fcejs.unsl.edu.ar\/index.php\/raul-gil-asumio-como-rector-de-la-unsl-para-el-periodo-2025-2028\/#primaryimage"},"thumbnailUrl":"https:\/\/www.fcejs.unsl.edu.ar\/wp-content\/uploads\/2025\/09\/asuncion-de-autoridades-2025-rectorado-fcejs-front.jpg","datePublished":"2025-09-17T17:36:59+00:00","dateModified":"2025-09-26T11:39:33+00:00","breadcrumb":{"@id":"https:\/\/www.fcejs.unsl.edu.ar\/index.php\/raul-gil-asumio-como-rector-de-la-unsl-para-el-periodo-2025-2028\/#breadcrumb"},"inLanguage":"es-AR","potentialAction":[{"@type":"ReadAction","target":["https:\/\/www.fcejs.unsl.edu.ar\/index.php\/raul-gil-asumio-como-rector-de-la-unsl-para-el-periodo-2025-2028\/"]}]},{"@type":"ImageObject","inLanguage":"es-AR","@id":"https:\/\/www.fcejs.unsl.edu.ar\/index.php\/raul-gil-asumio-como-rector-de-la-unsl-para-el-periodo-2025-2028\/#primaryimage","url":"https:\/\/www.fcejs.unsl.edu.ar\/wp-content\/uploads\/2025\/09\/asuncion-de-autoridades-2025-rectorado-fcejs-front.jpg","contentUrl":"https:\/\/www.fcejs.unsl.edu.ar\/wp-content\/uploads\/2025\/09\/asuncion-de-autoridades-2025-rectorado-fcejs-front.jpg","width":1152,"height":647},{"@type":"BreadcrumbList","@id":"https:\/\/www.fcejs.unsl.edu.ar\/index.php\/raul-gil-asumio-como-rector-de-la-unsl-para-el-periodo-2025-2028\/#breadcrumb","itemListElement":[{"@type":"ListItem","position":1,"name":"Inicio","item":"https:\/\/www.fcejs.unsl.edu.ar\/"},{"@type":"ListItem","position":2,"name":"Hector Flores asumi\u00f3 como Decano de la FCEJS para el per\u00edodo 2025-2028"}]},{"@type":"WebSite","@id":"https:\/\/www.fcejs.unsl.edu.ar\/#website","url":"https:\/\/www.fcejs.unsl.edu.ar\/","name":"Facultad de Ciencias Econ\u00f3micas, Jur\u00ed\u00addicas y Sociales","description":"","publisher":{"@id":"https:\/\/www.fcejs.unsl.edu.ar\/#organization"},"potentialAction":[{"@type":"SearchAction","target":{"@type":"EntryPoint","urlTemplate":"https:\/\/www.fcejs.unsl.edu.ar\/?s={search_term_string}"},"query-input":{"@type":"PropertyValueSpecification","valueRequired":true,"valueName":"search_term_string"}}],"inLanguage":"es-AR"},{"@type":"Organization","@id":"https:\/\/www.fcejs.unsl.edu.ar\/#organization","name":"Facultad de Ciencias Econ\u00f3micas, Jur\u00eddicas y Sociales","url":"https:\/\/www.fcejs.unsl.edu.ar\/","logo":{"@type":"ImageObject","inLanguage":"es-AR","@id":"https:\/\/www.fcejs.unsl.edu.ar\/#\/schema\/logo\/image\/","url":"https:\/\/www.fcejs.unsl.edu.ar\/wp-content\/uploads\/2021\/03\/logo-1.jpg","contentUrl":"https:\/\/www.fcejs.unsl.edu.ar\/wp-content\/uploads\/2021\/03\/logo-1.jpg","width":471,"height":146,"caption":"Facultad de Ciencias Econ\u00f3micas, Jur\u00eddicas y Sociales"},"image":{"@id":"https:\/\/www.fcejs.unsl.edu.ar\/#\/schema\/logo\/image\/"},"sameAs":["https:\/\/www.facebook.com\/FCEJS.UNSL\/","https:\/\/x.com\/FCEJSUNSL","https:\/\/www.instagram.com\/fcejs.unsl\/","https:\/\/www.youtube.com\/channel\/UCH-Ut6EaN_X5ogjIQMPe46g\/"]},{"@type":"Person","@id":"https:\/\/www.fcejs.unsl.edu.ar\/#\/schema\/person\/352ee6ed90c3f394c7cb5945f8956d34","name":"DATI"}]}},"jetpack_featured_media_url":"https:\/\/www.fcejs.unsl.edu.ar\/wp-content\/uploads\/2025\/09\/asuncion-de-autoridades-2025-rectorado-fcejs-front.jpg","_links":{"self":[{"href":"https:\/\/www.fcejs.unsl.edu.ar\/index.php\/wp-json\/wp\/v2\/posts\/21602","targetHints":{"allow":["GET"]}}],"collection":[{"href":"https:\/\/www.fcejs.unsl.edu.ar\/index.php\/wp-json\/wp\/v2\/posts"}],"about":[{"href":"https:\/\/www.fcejs.unsl.edu.ar\/index.php\/wp-json\/wp\/v2\/types\/post"}],"author":[{"embeddable":true,"href":"https:\/\/www.fcejs.unsl.edu.ar\/index.php\/wp-json\/wp\/v2\/users\/9"}],"replies":[{"embeddable":true,"href":"https:\/\/www.fcejs.unsl.edu.ar\/index.php\/wp-json\/wp\/v2\/comments?post=21602"}],"version-history":[{"count":4,"href":"https:\/\/www.fcejs.unsl.edu.ar\/index.php\/wp-json\/wp\/v2\/posts\/21602\/revisions"}],"predecessor-version":[{"id":21630,"href":"https:\/\/www.fcejs.unsl.edu.ar\/index.php\/wp-json\/wp\/v2\/posts\/21602\/revisions\/21630"}],"wp:featuredmedia":[{"embeddable":true,"href":"https:\/\/www.fcejs.unsl.edu.ar\/index.php\/wp-json\/wp\/v2\/media\/21631"}],"wp:attachment":[{"href":"https:\/\/www.fcejs.unsl.edu.ar\/index.php\/wp-json\/wp\/v2\/media?parent=21602"}],"wp:term":[{"taxonomy":"category","embeddable":true,"href":"https:\/\/www.fcejs.unsl.edu.ar\/index.php\/wp-json\/wp\/v2\/categories?post=21602"},{"taxonomy":"post_tag","embeddable":true,"href":"https:\/\/www.fcejs.unsl.edu.ar\/index.php\/wp-json\/wp\/v2\/tags?post=21602"}],"curies":[{"name":"wp","href":"https:\/\/api.w.org\/{rel}","templated":true}]}}