{"id":21421,"date":"2025-09-15T09:29:25","date_gmt":"2025-09-15T12:29:25","guid":{"rendered":"http:\/\/10.101.10.197\/www\/?p=21421"},"modified":"2025-09-26T08:39:13","modified_gmt":"2025-09-26T11:39:13","slug":"estudiantes-de-trabajo-social-realizaran-residencias-en-el-hospital-central-dr-ramon-carrillo","status":"publish","type":"post","link":"https:\/\/www.fcejs.unsl.edu.ar\/index.php\/estudiantes-de-trabajo-social-realizaran-residencias-en-el-hospital-central-dr-ramon-carrillo\/","title":{"rendered":"Estudiantes de Trabajo Social realizar\u00e1n residencias en el Hospital Central \u201cDr. Ram\u00f3n Carrillo\u201d."},"content":{"rendered":"<p data-start=\"146\" data-end=\"333\">Estudiantes avanzados de la <strong>Licenciatura en Trabajo Social<\/strong> podr\u00e1n realizar pr\u00e1cticas preprofesionales en modalidad de residencia en el <strong>Hospital Central de San Luis \u201cDr. Ram\u00f3n Carrillo\u201d<\/strong>.\u00a0El jueves 11 de septiembre, representantes de la UNSL y del Ente Hospital Puntano firmaron un convenio de cooperaci\u00f3n que permitir\u00e1 a los futuros profesionales formarse en un entorno real de salud p\u00fablica, fortaleciendo el compromiso con la docencia, la investigaci\u00f3n y la formaci\u00f3n acad\u00e9mica.<\/p>\n<p data-start=\"632\" data-end=\"1220\">La firma cont\u00f3 con la presencia de autoridades de ambas instituciones. Por parte del Hospital Central participaron el director general,<strong> Adolfo S\u00e1nchez de Le\u00f3n; Ra\u00fal Coria, director de Servicios Generales; Javier Tapia, jefe del Departamento de Docencia e Investigaci\u00f3n; Mar\u00eda Jos\u00e9 Escudero, coordinadora de Docencia e Investigaci\u00f3n; y Silvia del Carmen Capobianco<\/strong>, del Servicio de Gesti\u00f3n Social. En representaci\u00f3n de la Universidad Nacional de San Luis estuvieron presentes la <strong>Lic. Andrea Corna y el Lic. Juan Jos\u00e9 L\u00f3pez,<\/strong> ambos de la carrera <strong>Licenciatura en Trabajo Social de la FCEJS.<\/strong><\/p>\n<p data-start=\"632\" data-end=\"1220\"><img fetchpriority=\"high\" decoding=\"async\" class=\"aligncenter wp-image-21423 size-full\" src=\"https:\/\/www.fcejs.unsl.edu.ar\/wp-content\/uploads\/2025\/09\/trab-social.jpg\" alt=\"\" width=\"911\" height=\"599\" srcset=\"https:\/\/www.fcejs.unsl.edu.ar\/wp-content\/uploads\/2025\/09\/trab-social.jpg 911w, https:\/\/www.fcejs.unsl.edu.ar\/wp-content\/uploads\/2025\/09\/trab-social-300x197.jpg 300w, https:\/\/www.fcejs.unsl.edu.ar\/wp-content\/uploads\/2025\/09\/trab-social-768x505.jpg 768w\" sizes=\"(max-width: 911px) 100vw, 911px\" \/><\/p>\n<p data-start=\"1222\" data-end=\"1825\">La residencia consiste en una pr\u00e1ctica acad\u00e9mica intensiva de grado, orientada a la aproximaci\u00f3n al ejercicio profesional del trabajo social. Andrea Corna, responsable de la asignatura <em data-start=\"1407\" data-end=\"1442\">Trabajo Final Tesina y Residencia<\/em> de la carrera, expres\u00f3:<br data-start=\"1466\" data-end=\"1469\" \/>\u201cHemos podido firmar el acta compromiso con el Servicio de Gesti\u00f3n y Trabajo Social del Hospital Central. Para nosotros es un gran desaf\u00edo: es la primera vez que vamos a contar con un estudiante residente. La residencia consiste en una pr\u00e1ctica acad\u00e9mica intensiva de grado para poder aproximarse a lo que es el ejercicio profesional del trabajo social\u201d.<\/p>\n<p data-start=\"1827\" data-end=\"2101\">Corna a\u00f1adi\u00f3: \u201cCon la firma del acta ya estamos habilitados para comenzar con las primeras actividades, cuidadosamente planificadas por la Lic. Capobianco y por el resto de las trabajadoras sociales del hospital. Pronto nuestras estudiantes estar\u00edan iniciando sus pr\u00e1cticas\u201d.<\/p>\n<p data-start=\"2103\" data-end=\"2516\">Por su parte, Silvia Capobianco se\u00f1al\u00f3:<br data-start=\"2142\" data-end=\"2145\" \/>\u201cEs una gran alegr\u00eda poder instruir a quienes est\u00e1n en la etapa final de su carrera. Es un desaf\u00edo que iniciamos gracias a la predisposici\u00f3n de los directivos del hospital y de las autoridades de la Universidad. Poder incorporar a residentes de trabajo social en este espacio de formaci\u00f3n es una oportunidad para que puedan perfeccionarse en un tercer nivel acad\u00e9mico\u201d.<\/p>\n<p data-start=\"2103\" data-end=\"2516\"><strong>Fuente: Agencia de Noticias<\/strong><\/p>\n","protected":false},"excerpt":{"rendered":"<p>Estudiantes avanzados de la Licenciatura en Trabajo Social podr\u00e1n realizar pr\u00e1cticas preprofesionales en modalidad de residencia en el Hospital Central de San Luis \u201cDr. Ram\u00f3n&hellip;<\/p>\n","protected":false},"author":9,"featured_media":21422,"comment_status":"closed","ping_status":"closed","sticky":false,"template":"","format":"standard","meta":{"om_disable_all_campaigns":false,"_monsterinsights_skip_tracking":false,"_monsterinsights_sitenote_active":false,"_monsterinsights_sitenote_note":"","_monsterinsights_sitenote_category":0,"footnotes":""},"categories":[1],"tags":[],"class_list":["post-21421","post","type-post","status-publish","format-standard","has-post-thumbnail","hentry","category-noticias"],"yoast_head":"<!-- This site is optimized with the Yoast SEO plugin v27.5 - https:\/\/yoast.com\/product\/yoast-seo-wordpress\/ -->\n<title>Estudiantes de Trabajo Social realizar\u00e1n residencias en el Hospital Central \u201cDr. Ram\u00f3n Carrillo\u201d. - Facultad de Ciencias Econ\u00f3micas, Jur\u00ed\u00addicas y Sociales<\/title>\n<meta name=\"robots\" content=\"index, follow, max-snippet:-1, max-image-preview:large, max-video-preview:-1\" \/>\n<link rel=\"canonical\" href=\"https:\/\/www.fcejs.unsl.edu.ar\/index.php\/estudiantes-de-trabajo-social-realizaran-residencias-en-el-hospital-central-dr-ramon-carrillo\/\" \/>\n<meta property=\"og:locale\" content=\"es_ES\" \/>\n<meta property=\"og:type\" content=\"article\" \/>\n<meta property=\"og:title\" content=\"Estudiantes de Trabajo Social realizar\u00e1n residencias en el Hospital Central \u201cDr. Ram\u00f3n Carrillo\u201d. - Facultad de Ciencias Econ\u00f3micas, Jur\u00ed\u00addicas y Sociales\" \/>\n<meta property=\"og:description\" content=\"Estudiantes avanzados de la Licenciatura en Trabajo Social podr\u00e1n realizar pr\u00e1cticas preprofesionales en modalidad de residencia en el Hospital Central de San Luis \u201cDr. Ram\u00f3n&hellip;\" \/>\n<meta property=\"og:url\" content=\"https:\/\/www.fcejs.unsl.edu.ar\/index.php\/estudiantes-de-trabajo-social-realizaran-residencias-en-el-hospital-central-dr-ramon-carrillo\/\" \/>\n<meta property=\"og:site_name\" content=\"Facultad de Ciencias Econ\u00f3micas, Jur\u00ed\u00addicas y Sociales\" \/>\n<meta property=\"article:publisher\" content=\"https:\/\/www.facebook.com\/FCEJS.UNSL\/\" \/>\n<meta property=\"article:published_time\" content=\"2025-09-15T12:29:25+00:00\" \/>\n<meta property=\"article:modified_time\" content=\"2025-09-26T11:39:13+00:00\" \/>\n<meta property=\"og:image\" content=\"https:\/\/www.fcejs.unsl.edu.ar\/wp-content\/uploads\/2025\/09\/trab-social-front.jpg\" \/>\n\t<meta property=\"og:image:width\" content=\"1152\" \/>\n\t<meta property=\"og:image:height\" content=\"647\" \/>\n\t<meta property=\"og:image:type\" content=\"image\/jpeg\" \/>\n<meta name=\"author\" content=\"DATI\" \/>\n<meta name=\"twitter:card\" content=\"summary_large_image\" \/>\n<meta name=\"twitter:creator\" content=\"@FCEJSUNSL\" \/>\n<meta name=\"twitter:site\" content=\"@FCEJSUNSL\" \/>\n<meta name=\"twitter:label1\" content=\"Escrito por\" \/>\n\t<meta name=\"twitter:data1\" content=\"DATI\" \/>\n\t<meta name=\"twitter:label2\" content=\"Tiempo de lectura\" \/>\n\t<meta name=\"twitter:data2\" content=\"3 minutos\" \/>\n<script type=\"application\/ld+json\" class=\"yoast-schema-graph\">{\"@context\":\"https:\\\/\\\/schema.org\",\"@graph\":[{\"@type\":\"Article\",\"@id\":\"https:\\\/\\\/www.fcejs.unsl.edu.ar\\\/index.php\\\/estudiantes-de-trabajo-social-realizaran-residencias-en-el-hospital-central-dr-ramon-carrillo\\\/#article\",\"isPartOf\":{\"@id\":\"https:\\\/\\\/www.fcejs.unsl.edu.ar\\\/index.php\\\/estudiantes-de-trabajo-social-realizaran-residencias-en-el-hospital-central-dr-ramon-carrillo\\\/\"},\"author\":{\"name\":\"DATI\",\"@id\":\"https:\\\/\\\/www.fcejs.unsl.edu.ar\\\/#\\\/schema\\\/person\\\/352ee6ed90c3f394c7cb5945f8956d34\"},\"headline\":\"Estudiantes de Trabajo Social realizar\u00e1n residencias en el Hospital Central \u201cDr. Ram\u00f3n Carrillo\u201d.\",\"datePublished\":\"2025-09-15T12:29:25+00:00\",\"dateModified\":\"2025-09-26T11:39:13+00:00\",\"mainEntityOfPage\":{\"@id\":\"https:\\\/\\\/www.fcejs.unsl.edu.ar\\\/index.php\\\/estudiantes-de-trabajo-social-realizaran-residencias-en-el-hospital-central-dr-ramon-carrillo\\\/\"},\"wordCount\":411,\"publisher\":{\"@id\":\"https:\\\/\\\/www.fcejs.unsl.edu.ar\\\/#organization\"},\"image\":{\"@id\":\"https:\\\/\\\/www.fcejs.unsl.edu.ar\\\/index.php\\\/estudiantes-de-trabajo-social-realizaran-residencias-en-el-hospital-central-dr-ramon-carrillo\\\/#primaryimage\"},\"thumbnailUrl\":\"https:\\\/\\\/www.fcejs.unsl.edu.ar\\\/wp-content\\\/uploads\\\/2025\\\/09\\\/trab-social-front.jpg\",\"articleSection\":[\"Noticias\"],\"inLanguage\":\"es-AR\"},{\"@type\":\"WebPage\",\"@id\":\"https:\\\/\\\/www.fcejs.unsl.edu.ar\\\/index.php\\\/estudiantes-de-trabajo-social-realizaran-residencias-en-el-hospital-central-dr-ramon-carrillo\\\/\",\"url\":\"https:\\\/\\\/www.fcejs.unsl.edu.ar\\\/index.php\\\/estudiantes-de-trabajo-social-realizaran-residencias-en-el-hospital-central-dr-ramon-carrillo\\\/\",\"name\":\"Estudiantes de Trabajo Social realizar\u00e1n residencias en el Hospital Central \u201cDr. Ram\u00f3n Carrillo\u201d. - Facultad de Ciencias Econ\u00f3micas, Jur\u00ed\u00addicas y Sociales\",\"isPartOf\":{\"@id\":\"https:\\\/\\\/www.fcejs.unsl.edu.ar\\\/#website\"},\"primaryImageOfPage\":{\"@id\":\"https:\\\/\\\/www.fcejs.unsl.edu.ar\\\/index.php\\\/estudiantes-de-trabajo-social-realizaran-residencias-en-el-hospital-central-dr-ramon-carrillo\\\/#primaryimage\"},\"image\":{\"@id\":\"https:\\\/\\\/www.fcejs.unsl.edu.ar\\\/index.php\\\/estudiantes-de-trabajo-social-realizaran-residencias-en-el-hospital-central-dr-ramon-carrillo\\\/#primaryimage\"},\"thumbnailUrl\":\"https:\\\/\\\/www.fcejs.unsl.edu.ar\\\/wp-content\\\/uploads\\\/2025\\\/09\\\/trab-social-front.jpg\",\"datePublished\":\"2025-09-15T12:29:25+00:00\",\"dateModified\":\"2025-09-26T11:39:13+00:00\",\"breadcrumb\":{\"@id\":\"https:\\\/\\\/www.fcejs.unsl.edu.ar\\\/index.php\\\/estudiantes-de-trabajo-social-realizaran-residencias-en-el-hospital-central-dr-ramon-carrillo\\\/#breadcrumb\"},\"inLanguage\":\"es-AR\",\"potentialAction\":[{\"@type\":\"ReadAction\",\"target\":[\"https:\\\/\\\/www.fcejs.unsl.edu.ar\\\/index.php\\\/estudiantes-de-trabajo-social-realizaran-residencias-en-el-hospital-central-dr-ramon-carrillo\\\/\"]}]},{\"@type\":\"ImageObject\",\"inLanguage\":\"es-AR\",\"@id\":\"https:\\\/\\\/www.fcejs.unsl.edu.ar\\\/index.php\\\/estudiantes-de-trabajo-social-realizaran-residencias-en-el-hospital-central-dr-ramon-carrillo\\\/#primaryimage\",\"url\":\"https:\\\/\\\/www.fcejs.unsl.edu.ar\\\/wp-content\\\/uploads\\\/2025\\\/09\\\/trab-social-front.jpg\",\"contentUrl\":\"https:\\\/\\\/www.fcejs.unsl.edu.ar\\\/wp-content\\\/uploads\\\/2025\\\/09\\\/trab-social-front.jpg\",\"width\":1152,\"height\":647},{\"@type\":\"BreadcrumbList\",\"@id\":\"https:\\\/\\\/www.fcejs.unsl.edu.ar\\\/index.php\\\/estudiantes-de-trabajo-social-realizaran-residencias-en-el-hospital-central-dr-ramon-carrillo\\\/#breadcrumb\",\"itemListElement\":[{\"@type\":\"ListItem\",\"position\":1,\"name\":\"Inicio\",\"item\":\"https:\\\/\\\/www.fcejs.unsl.edu.ar\\\/\"},{\"@type\":\"ListItem\",\"position\":2,\"name\":\"Estudiantes de Trabajo Social realizar\u00e1n residencias en el Hospital Central \u201cDr. Ram\u00f3n Carrillo\u201d.\"}]},{\"@type\":\"WebSite\",\"@id\":\"https:\\\/\\\/www.fcejs.unsl.edu.ar\\\/#website\",\"url\":\"https:\\\/\\\/www.fcejs.unsl.edu.ar\\\/\",\"name\":\"Facultad de Ciencias Econ\u00f3micas, Jur\u00ed\u00addicas y Sociales\",\"description\":\"\",\"publisher\":{\"@id\":\"https:\\\/\\\/www.fcejs.unsl.edu.ar\\\/#organization\"},\"potentialAction\":[{\"@type\":\"SearchAction\",\"target\":{\"@type\":\"EntryPoint\",\"urlTemplate\":\"https:\\\/\\\/www.fcejs.unsl.edu.ar\\\/?s={search_term_string}\"},\"query-input\":{\"@type\":\"PropertyValueSpecification\",\"valueRequired\":true,\"valueName\":\"search_term_string\"}}],\"inLanguage\":\"es-AR\"},{\"@type\":\"Organization\",\"@id\":\"https:\\\/\\\/www.fcejs.unsl.edu.ar\\\/#organization\",\"name\":\"Facultad de Ciencias Econ\u00f3micas, Jur\u00eddicas y Sociales\",\"url\":\"https:\\\/\\\/www.fcejs.unsl.edu.ar\\\/\",\"logo\":{\"@type\":\"ImageObject\",\"inLanguage\":\"es-AR\",\"@id\":\"https:\\\/\\\/www.fcejs.unsl.edu.ar\\\/#\\\/schema\\\/logo\\\/image\\\/\",\"url\":\"https:\\\/\\\/www.fcejs.unsl.edu.ar\\\/wp-content\\\/uploads\\\/2021\\\/03\\\/logo-1.jpg\",\"contentUrl\":\"https:\\\/\\\/www.fcejs.unsl.edu.ar\\\/wp-content\\\/uploads\\\/2021\\\/03\\\/logo-1.jpg\",\"width\":471,\"height\":146,\"caption\":\"Facultad de Ciencias Econ\u00f3micas, Jur\u00eddicas y Sociales\"},\"image\":{\"@id\":\"https:\\\/\\\/www.fcejs.unsl.edu.ar\\\/#\\\/schema\\\/logo\\\/image\\\/\"},\"sameAs\":[\"https:\\\/\\\/www.facebook.com\\\/FCEJS.UNSL\\\/\",\"https:\\\/\\\/x.com\\\/FCEJSUNSL\",\"https:\\\/\\\/www.instagram.com\\\/fcejs.unsl\\\/\",\"https:\\\/\\\/www.youtube.com\\\/channel\\\/UCH-Ut6EaN_X5ogjIQMPe46g\\\/\"]},{\"@type\":\"Person\",\"@id\":\"https:\\\/\\\/www.fcejs.unsl.edu.ar\\\/#\\\/schema\\\/person\\\/352ee6ed90c3f394c7cb5945f8956d34\",\"name\":\"DATI\"}]}<\/script>\n<!-- \/ Yoast SEO plugin. -->","yoast_head_json":{"title":"Estudiantes de Trabajo Social realizar\u00e1n residencias en el Hospital Central \u201cDr. Ram\u00f3n Carrillo\u201d. - Facultad de Ciencias Econ\u00f3micas, Jur\u00ed\u00addicas y Sociales","robots":{"index":"index","follow":"follow","max-snippet":"max-snippet:-1","max-image-preview":"max-image-preview:large","max-video-preview":"max-video-preview:-1"},"canonical":"https:\/\/www.fcejs.unsl.edu.ar\/index.php\/estudiantes-de-trabajo-social-realizaran-residencias-en-el-hospital-central-dr-ramon-carrillo\/","og_locale":"es_ES","og_type":"article","og_title":"Estudiantes de Trabajo Social realizar\u00e1n residencias en el Hospital Central \u201cDr. Ram\u00f3n Carrillo\u201d. - Facultad de Ciencias Econ\u00f3micas, Jur\u00ed\u00addicas y Sociales","og_description":"Estudiantes avanzados de la Licenciatura en Trabajo Social podr\u00e1n realizar pr\u00e1cticas preprofesionales en modalidad de residencia en el Hospital Central de San Luis \u201cDr. Ram\u00f3n&hellip;","og_url":"https:\/\/www.fcejs.unsl.edu.ar\/index.php\/estudiantes-de-trabajo-social-realizaran-residencias-en-el-hospital-central-dr-ramon-carrillo\/","og_site_name":"Facultad de Ciencias Econ\u00f3micas, Jur\u00ed\u00addicas y Sociales","article_publisher":"https:\/\/www.facebook.com\/FCEJS.UNSL\/","article_published_time":"2025-09-15T12:29:25+00:00","article_modified_time":"2025-09-26T11:39:13+00:00","og_image":[{"width":1152,"height":647,"url":"https:\/\/www.fcejs.unsl.edu.ar\/wp-content\/uploads\/2025\/09\/trab-social-front.jpg","type":"image\/jpeg"}],"author":"DATI","twitter_card":"summary_large_image","twitter_creator":"@FCEJSUNSL","twitter_site":"@FCEJSUNSL","twitter_misc":{"Escrito por":"DATI","Tiempo de lectura":"3 minutos"},"schema":{"@context":"https:\/\/schema.org","@graph":[{"@type":"Article","@id":"https:\/\/www.fcejs.unsl.edu.ar\/index.php\/estudiantes-de-trabajo-social-realizaran-residencias-en-el-hospital-central-dr-ramon-carrillo\/#article","isPartOf":{"@id":"https:\/\/www.fcejs.unsl.edu.ar\/index.php\/estudiantes-de-trabajo-social-realizaran-residencias-en-el-hospital-central-dr-ramon-carrillo\/"},"author":{"name":"DATI","@id":"https:\/\/www.fcejs.unsl.edu.ar\/#\/schema\/person\/352ee6ed90c3f394c7cb5945f8956d34"},"headline":"Estudiantes de Trabajo Social realizar\u00e1n residencias en el Hospital Central \u201cDr. Ram\u00f3n Carrillo\u201d.","datePublished":"2025-09-15T12:29:25+00:00","dateModified":"2025-09-26T11:39:13+00:00","mainEntityOfPage":{"@id":"https:\/\/www.fcejs.unsl.edu.ar\/index.php\/estudiantes-de-trabajo-social-realizaran-residencias-en-el-hospital-central-dr-ramon-carrillo\/"},"wordCount":411,"publisher":{"@id":"https:\/\/www.fcejs.unsl.edu.ar\/#organization"},"image":{"@id":"https:\/\/www.fcejs.unsl.edu.ar\/index.php\/estudiantes-de-trabajo-social-realizaran-residencias-en-el-hospital-central-dr-ramon-carrillo\/#primaryimage"},"thumbnailUrl":"https:\/\/www.fcejs.unsl.edu.ar\/wp-content\/uploads\/2025\/09\/trab-social-front.jpg","articleSection":["Noticias"],"inLanguage":"es-AR"},{"@type":"WebPage","@id":"https:\/\/www.fcejs.unsl.edu.ar\/index.php\/estudiantes-de-trabajo-social-realizaran-residencias-en-el-hospital-central-dr-ramon-carrillo\/","url":"https:\/\/www.fcejs.unsl.edu.ar\/index.php\/estudiantes-de-trabajo-social-realizaran-residencias-en-el-hospital-central-dr-ramon-carrillo\/","name":"Estudiantes de Trabajo Social realizar\u00e1n residencias en el Hospital Central \u201cDr. Ram\u00f3n Carrillo\u201d. - Facultad de Ciencias Econ\u00f3micas, Jur\u00ed\u00addicas y Sociales","isPartOf":{"@id":"https:\/\/www.fcejs.unsl.edu.ar\/#website"},"primaryImageOfPage":{"@id":"https:\/\/www.fcejs.unsl.edu.ar\/index.php\/estudiantes-de-trabajo-social-realizaran-residencias-en-el-hospital-central-dr-ramon-carrillo\/#primaryimage"},"image":{"@id":"https:\/\/www.fcejs.unsl.edu.ar\/index.php\/estudiantes-de-trabajo-social-realizaran-residencias-en-el-hospital-central-dr-ramon-carrillo\/#primaryimage"},"thumbnailUrl":"https:\/\/www.fcejs.unsl.edu.ar\/wp-content\/uploads\/2025\/09\/trab-social-front.jpg","datePublished":"2025-09-15T12:29:25+00:00","dateModified":"2025-09-26T11:39:13+00:00","breadcrumb":{"@id":"https:\/\/www.fcejs.unsl.edu.ar\/index.php\/estudiantes-de-trabajo-social-realizaran-residencias-en-el-hospital-central-dr-ramon-carrillo\/#breadcrumb"},"inLanguage":"es-AR","potentialAction":[{"@type":"ReadAction","target":["https:\/\/www.fcejs.unsl.edu.ar\/index.php\/estudiantes-de-trabajo-social-realizaran-residencias-en-el-hospital-central-dr-ramon-carrillo\/"]}]},{"@type":"ImageObject","inLanguage":"es-AR","@id":"https:\/\/www.fcejs.unsl.edu.ar\/index.php\/estudiantes-de-trabajo-social-realizaran-residencias-en-el-hospital-central-dr-ramon-carrillo\/#primaryimage","url":"https:\/\/www.fcejs.unsl.edu.ar\/wp-content\/uploads\/2025\/09\/trab-social-front.jpg","contentUrl":"https:\/\/www.fcejs.unsl.edu.ar\/wp-content\/uploads\/2025\/09\/trab-social-front.jpg","width":1152,"height":647},{"@type":"BreadcrumbList","@id":"https:\/\/www.fcejs.unsl.edu.ar\/index.php\/estudiantes-de-trabajo-social-realizaran-residencias-en-el-hospital-central-dr-ramon-carrillo\/#breadcrumb","itemListElement":[{"@type":"ListItem","position":1,"name":"Inicio","item":"https:\/\/www.fcejs.unsl.edu.ar\/"},{"@type":"ListItem","position":2,"name":"Estudiantes de Trabajo Social realizar\u00e1n residencias en el Hospital Central \u201cDr. Ram\u00f3n Carrillo\u201d."}]},{"@type":"WebSite","@id":"https:\/\/www.fcejs.unsl.edu.ar\/#website","url":"https:\/\/www.fcejs.unsl.edu.ar\/","name":"Facultad de Ciencias Econ\u00f3micas, Jur\u00ed\u00addicas y Sociales","description":"","publisher":{"@id":"https:\/\/www.fcejs.unsl.edu.ar\/#organization"},"potentialAction":[{"@type":"SearchAction","target":{"@type":"EntryPoint","urlTemplate":"https:\/\/www.fcejs.unsl.edu.ar\/?s={search_term_string}"},"query-input":{"@type":"PropertyValueSpecification","valueRequired":true,"valueName":"search_term_string"}}],"inLanguage":"es-AR"},{"@type":"Organization","@id":"https:\/\/www.fcejs.unsl.edu.ar\/#organization","name":"Facultad de Ciencias Econ\u00f3micas, Jur\u00eddicas y Sociales","url":"https:\/\/www.fcejs.unsl.edu.ar\/","logo":{"@type":"ImageObject","inLanguage":"es-AR","@id":"https:\/\/www.fcejs.unsl.edu.ar\/#\/schema\/logo\/image\/","url":"https:\/\/www.fcejs.unsl.edu.ar\/wp-content\/uploads\/2021\/03\/logo-1.jpg","contentUrl":"https:\/\/www.fcejs.unsl.edu.ar\/wp-content\/uploads\/2021\/03\/logo-1.jpg","width":471,"height":146,"caption":"Facultad de Ciencias Econ\u00f3micas, Jur\u00eddicas y Sociales"},"image":{"@id":"https:\/\/www.fcejs.unsl.edu.ar\/#\/schema\/logo\/image\/"},"sameAs":["https:\/\/www.facebook.com\/FCEJS.UNSL\/","https:\/\/x.com\/FCEJSUNSL","https:\/\/www.instagram.com\/fcejs.unsl\/","https:\/\/www.youtube.com\/channel\/UCH-Ut6EaN_X5ogjIQMPe46g\/"]},{"@type":"Person","@id":"https:\/\/www.fcejs.unsl.edu.ar\/#\/schema\/person\/352ee6ed90c3f394c7cb5945f8956d34","name":"DATI"}]}},"jetpack_featured_media_url":"https:\/\/www.fcejs.unsl.edu.ar\/wp-content\/uploads\/2025\/09\/trab-social-front.jpg","_links":{"self":[{"href":"https:\/\/www.fcejs.unsl.edu.ar\/index.php\/wp-json\/wp\/v2\/posts\/21421","targetHints":{"allow":["GET"]}}],"collection":[{"href":"https:\/\/www.fcejs.unsl.edu.ar\/index.php\/wp-json\/wp\/v2\/posts"}],"about":[{"href":"https:\/\/www.fcejs.unsl.edu.ar\/index.php\/wp-json\/wp\/v2\/types\/post"}],"author":[{"embeddable":true,"href":"https:\/\/www.fcejs.unsl.edu.ar\/index.php\/wp-json\/wp\/v2\/users\/9"}],"replies":[{"embeddable":true,"href":"https:\/\/www.fcejs.unsl.edu.ar\/index.php\/wp-json\/wp\/v2\/comments?post=21421"}],"version-history":[{"count":4,"href":"https:\/\/www.fcejs.unsl.edu.ar\/index.php\/wp-json\/wp\/v2\/posts\/21421\/revisions"}],"predecessor-version":[{"id":21436,"href":"https:\/\/www.fcejs.unsl.edu.ar\/index.php\/wp-json\/wp\/v2\/posts\/21421\/revisions\/21436"}],"wp:featuredmedia":[{"embeddable":true,"href":"https:\/\/www.fcejs.unsl.edu.ar\/index.php\/wp-json\/wp\/v2\/media\/21422"}],"wp:attachment":[{"href":"https:\/\/www.fcejs.unsl.edu.ar\/index.php\/wp-json\/wp\/v2\/media?parent=21421"}],"wp:term":[{"taxonomy":"category","embeddable":true,"href":"https:\/\/www.fcejs.unsl.edu.ar\/index.php\/wp-json\/wp\/v2\/categories?post=21421"},{"taxonomy":"post_tag","embeddable":true,"href":"https:\/\/www.fcejs.unsl.edu.ar\/index.php\/wp-json\/wp\/v2\/tags?post=21421"}],"curies":[{"name":"wp","href":"https:\/\/api.w.org\/{rel}","templated":true}]}}