{"id":21403,"date":"2025-09-15T23:36:29","date_gmt":"2025-09-16T02:36:29","guid":{"rendered":"http:\/\/10.101.10.197\/www\/?p=21403"},"modified":"2025-09-26T08:40:22","modified_gmt":"2025-09-26T11:40:22","slug":"homenaje-a-tomas-ferrari-en-la-biblioteca-bernardino-rivadavia","status":"publish","type":"post","link":"https:\/\/www.fcejs.unsl.edu.ar\/index.php\/homenaje-a-tomas-ferrari-en-la-biblioteca-bernardino-rivadavia\/","title":{"rendered":"Homenaje a Tom\u00e1s Ferrari en la Biblioteca Bernardino Rivadavia"},"content":{"rendered":"<p data-start=\"238\" data-end=\"551\">La Secretar\u00eda de Extensi\u00f3n Universitaria invita a la charla abierta <strong data-start=\"306\" data-end=\"375\">\u201cTom\u00e1s Ferrari y la b\u00fasqueda de un hacer y aprender en comunidad\u201d<\/strong>, que se realizar\u00e1 el pr\u00f3ximo<strong> jueves 18 de septiembre<\/strong> a las 19:30 horas en la <strong>Biblioteca Bernardino Rivadavia, ubicada en Av. Mitre 1136, ciudad de Villa Mercedes (San Luis).<\/strong><\/p>\n<p data-start=\"553\" data-end=\"858\">Organizada por el PROICO 15-0423 <em data-start=\"586\" data-end=\"701\">\u201cEntrelazando narrativas: memorias y usos del pasado en San Luis a fines del siglo XX y principios del siglo XXI\u201d<\/em> (FCEJS-UNSL), la actividad contar\u00e1 con las disertaciones de las mag\u00edsteres N\u00e9lida Figuerola y Mar\u00eda Gabriela Mart\u00ednez, junto al profesor Lautaro Aguilera.<\/p>\n<p data-start=\"860\" data-end=\"1137\">Tom\u00e1s Ferrari naci\u00f3 el 8 de junio de 1901 en Tolosa, provincia de Buenos Aires, y falleci\u00f3 en Villa Mercedes el 24 de julio de 1988. Hijo de inmigrantes italianos, egres\u00f3 de la Universidad Nacional de La Plata como Profesor de Ense\u00f1anza Secundaria, Normal y Especial en 1927.<\/p>\n<p data-start=\"1139\" data-end=\"1520\">A poco de radicarse en Villa Mercedes inici\u00f3 una destacada labor en favor de la educaci\u00f3n, desempe\u00f1\u00e1ndose como profesor y director en distintas escuelas de la ciudad, adem\u00e1s de participar activamente en comisiones y organizaciones vinculadas con la vida cultural local. Su mayor aporte a la obra educativa de Villa Mercedes fue la fundaci\u00f3n de la Biblioteca Bernardino Rivadavia.<\/p>\n<p data-start=\"1522\" data-end=\"1723\">Este espacio de di\u00e1logo busca homenajear y reconocer el legado del profesor Tom\u00e1s Ferrari, fortalecer la identidad local, valorar la historia y promover ejemplos de vida para las nuevas generaciones.<\/p>\n<p data-start=\"1522\" data-end=\"1723\"><img fetchpriority=\"high\" decoding=\"async\" class=\"aligncenter size-large wp-image-21405\" src=\"https:\/\/www.fcejs.unsl.edu.ar\/wp-content\/uploads\/2025\/09\/FLYER-TOMAS-FERRARI-1024x1024.jpg\" alt=\"\" width=\"843\" height=\"843\" srcset=\"https:\/\/www.fcejs.unsl.edu.ar\/wp-content\/uploads\/2025\/09\/FLYER-TOMAS-FERRARI-1024x1024.jpg 1024w, https:\/\/www.fcejs.unsl.edu.ar\/wp-content\/uploads\/2025\/09\/FLYER-TOMAS-FERRARI-300x300.jpg 300w, https:\/\/www.fcejs.unsl.edu.ar\/wp-content\/uploads\/2025\/09\/FLYER-TOMAS-FERRARI-150x150.jpg 150w, https:\/\/www.fcejs.unsl.edu.ar\/wp-content\/uploads\/2025\/09\/FLYER-TOMAS-FERRARI-768x768.jpg 768w, https:\/\/www.fcejs.unsl.edu.ar\/wp-content\/uploads\/2025\/09\/FLYER-TOMAS-FERRARI.jpg 1080w\" sizes=\"(max-width: 843px) 100vw, 843px\" \/><\/p>\n","protected":false},"excerpt":{"rendered":"<p>La Secretar\u00eda de Extensi\u00f3n Universitaria invita a la charla abierta \u201cTom\u00e1s Ferrari y la b\u00fasqueda de un hacer y aprender en comunidad\u201d, que se realizar\u00e1&hellip;<\/p>\n","protected":false},"author":9,"featured_media":21404,"comment_status":"closed","ping_status":"closed","sticky":false,"template":"","format":"standard","meta":{"om_disable_all_campaigns":false,"_monsterinsights_skip_tracking":false,"_monsterinsights_sitenote_active":false,"_monsterinsights_sitenote_note":"","_monsterinsights_sitenote_category":0,"footnotes":""},"categories":[1],"tags":[],"class_list":["post-21403","post","type-post","status-publish","format-standard","has-post-thumbnail","hentry","category-noticias"],"yoast_head":"<!-- This site is optimized with the Yoast SEO plugin v27.5 - https:\/\/yoast.com\/product\/yoast-seo-wordpress\/ -->\n<title>Homenaje a Tom\u00e1s Ferrari en la Biblioteca Bernardino Rivadavia - Facultad de Ciencias Econ\u00f3micas, Jur\u00ed\u00addicas y Sociales<\/title>\n<meta name=\"robots\" content=\"index, follow, max-snippet:-1, max-image-preview:large, max-video-preview:-1\" \/>\n<link rel=\"canonical\" href=\"https:\/\/www.fcejs.unsl.edu.ar\/index.php\/homenaje-a-tomas-ferrari-en-la-biblioteca-bernardino-rivadavia\/\" \/>\n<meta property=\"og:locale\" content=\"es_ES\" \/>\n<meta property=\"og:type\" content=\"article\" \/>\n<meta property=\"og:title\" content=\"Homenaje a Tom\u00e1s Ferrari en la Biblioteca Bernardino Rivadavia - Facultad de Ciencias Econ\u00f3micas, Jur\u00ed\u00addicas y Sociales\" \/>\n<meta property=\"og:description\" content=\"La Secretar\u00eda de Extensi\u00f3n Universitaria invita a la charla abierta \u201cTom\u00e1s Ferrari y la b\u00fasqueda de un hacer y aprender en comunidad\u201d, que se realizar\u00e1&hellip;\" \/>\n<meta property=\"og:url\" content=\"https:\/\/www.fcejs.unsl.edu.ar\/index.php\/homenaje-a-tomas-ferrari-en-la-biblioteca-bernardino-rivadavia\/\" \/>\n<meta property=\"og:site_name\" content=\"Facultad de Ciencias Econ\u00f3micas, Jur\u00ed\u00addicas y Sociales\" \/>\n<meta property=\"article:publisher\" content=\"https:\/\/www.facebook.com\/FCEJS.UNSL\/\" \/>\n<meta property=\"article:published_time\" content=\"2025-09-16T02:36:29+00:00\" \/>\n<meta property=\"article:modified_time\" content=\"2025-09-26T11:40:22+00:00\" \/>\n<meta property=\"og:image\" content=\"https:\/\/www.fcejs.unsl.edu.ar\/wp-content\/uploads\/2025\/09\/PLACA-WEB-TOMAS-FERRARI.jpg\" \/>\n\t<meta property=\"og:image:width\" content=\"1152\" \/>\n\t<meta property=\"og:image:height\" content=\"648\" \/>\n\t<meta property=\"og:image:type\" content=\"image\/jpeg\" \/>\n<meta name=\"author\" content=\"DATI\" \/>\n<meta name=\"twitter:card\" content=\"summary_large_image\" \/>\n<meta name=\"twitter:creator\" content=\"@FCEJSUNSL\" \/>\n<meta name=\"twitter:site\" content=\"@FCEJSUNSL\" \/>\n<meta name=\"twitter:label1\" content=\"Escrito por\" \/>\n\t<meta name=\"twitter:data1\" content=\"DATI\" \/>\n\t<meta name=\"twitter:label2\" content=\"Tiempo de lectura\" \/>\n\t<meta name=\"twitter:data2\" content=\"2 minutos\" \/>\n<script type=\"application\/ld+json\" class=\"yoast-schema-graph\">{\"@context\":\"https:\\\/\\\/schema.org\",\"@graph\":[{\"@type\":\"Article\",\"@id\":\"https:\\\/\\\/www.fcejs.unsl.edu.ar\\\/index.php\\\/homenaje-a-tomas-ferrari-en-la-biblioteca-bernardino-rivadavia\\\/#article\",\"isPartOf\":{\"@id\":\"https:\\\/\\\/www.fcejs.unsl.edu.ar\\\/index.php\\\/homenaje-a-tomas-ferrari-en-la-biblioteca-bernardino-rivadavia\\\/\"},\"author\":{\"name\":\"DATI\",\"@id\":\"https:\\\/\\\/www.fcejs.unsl.edu.ar\\\/#\\\/schema\\\/person\\\/352ee6ed90c3f394c7cb5945f8956d34\"},\"headline\":\"Homenaje a Tom\u00e1s Ferrari en la Biblioteca Bernardino Rivadavia\",\"datePublished\":\"2025-09-16T02:36:29+00:00\",\"dateModified\":\"2025-09-26T11:40:22+00:00\",\"mainEntityOfPage\":{\"@id\":\"https:\\\/\\\/www.fcejs.unsl.edu.ar\\\/index.php\\\/homenaje-a-tomas-ferrari-en-la-biblioteca-bernardino-rivadavia\\\/\"},\"wordCount\":253,\"publisher\":{\"@id\":\"https:\\\/\\\/www.fcejs.unsl.edu.ar\\\/#organization\"},\"image\":{\"@id\":\"https:\\\/\\\/www.fcejs.unsl.edu.ar\\\/index.php\\\/homenaje-a-tomas-ferrari-en-la-biblioteca-bernardino-rivadavia\\\/#primaryimage\"},\"thumbnailUrl\":\"https:\\\/\\\/www.fcejs.unsl.edu.ar\\\/wp-content\\\/uploads\\\/2025\\\/09\\\/PLACA-WEB-TOMAS-FERRARI.jpg\",\"articleSection\":[\"Noticias\"],\"inLanguage\":\"es-AR\"},{\"@type\":\"WebPage\",\"@id\":\"https:\\\/\\\/www.fcejs.unsl.edu.ar\\\/index.php\\\/homenaje-a-tomas-ferrari-en-la-biblioteca-bernardino-rivadavia\\\/\",\"url\":\"https:\\\/\\\/www.fcejs.unsl.edu.ar\\\/index.php\\\/homenaje-a-tomas-ferrari-en-la-biblioteca-bernardino-rivadavia\\\/\",\"name\":\"Homenaje a Tom\u00e1s Ferrari en la Biblioteca Bernardino Rivadavia - Facultad de Ciencias Econ\u00f3micas, Jur\u00ed\u00addicas y Sociales\",\"isPartOf\":{\"@id\":\"https:\\\/\\\/www.fcejs.unsl.edu.ar\\\/#website\"},\"primaryImageOfPage\":{\"@id\":\"https:\\\/\\\/www.fcejs.unsl.edu.ar\\\/index.php\\\/homenaje-a-tomas-ferrari-en-la-biblioteca-bernardino-rivadavia\\\/#primaryimage\"},\"image\":{\"@id\":\"https:\\\/\\\/www.fcejs.unsl.edu.ar\\\/index.php\\\/homenaje-a-tomas-ferrari-en-la-biblioteca-bernardino-rivadavia\\\/#primaryimage\"},\"thumbnailUrl\":\"https:\\\/\\\/www.fcejs.unsl.edu.ar\\\/wp-content\\\/uploads\\\/2025\\\/09\\\/PLACA-WEB-TOMAS-FERRARI.jpg\",\"datePublished\":\"2025-09-16T02:36:29+00:00\",\"dateModified\":\"2025-09-26T11:40:22+00:00\",\"breadcrumb\":{\"@id\":\"https:\\\/\\\/www.fcejs.unsl.edu.ar\\\/index.php\\\/homenaje-a-tomas-ferrari-en-la-biblioteca-bernardino-rivadavia\\\/#breadcrumb\"},\"inLanguage\":\"es-AR\",\"potentialAction\":[{\"@type\":\"ReadAction\",\"target\":[\"https:\\\/\\\/www.fcejs.unsl.edu.ar\\\/index.php\\\/homenaje-a-tomas-ferrari-en-la-biblioteca-bernardino-rivadavia\\\/\"]}]},{\"@type\":\"ImageObject\",\"inLanguage\":\"es-AR\",\"@id\":\"https:\\\/\\\/www.fcejs.unsl.edu.ar\\\/index.php\\\/homenaje-a-tomas-ferrari-en-la-biblioteca-bernardino-rivadavia\\\/#primaryimage\",\"url\":\"https:\\\/\\\/www.fcejs.unsl.edu.ar\\\/wp-content\\\/uploads\\\/2025\\\/09\\\/PLACA-WEB-TOMAS-FERRARI.jpg\",\"contentUrl\":\"https:\\\/\\\/www.fcejs.unsl.edu.ar\\\/wp-content\\\/uploads\\\/2025\\\/09\\\/PLACA-WEB-TOMAS-FERRARI.jpg\",\"width\":1152,\"height\":648},{\"@type\":\"BreadcrumbList\",\"@id\":\"https:\\\/\\\/www.fcejs.unsl.edu.ar\\\/index.php\\\/homenaje-a-tomas-ferrari-en-la-biblioteca-bernardino-rivadavia\\\/#breadcrumb\",\"itemListElement\":[{\"@type\":\"ListItem\",\"position\":1,\"name\":\"Inicio\",\"item\":\"https:\\\/\\\/www.fcejs.unsl.edu.ar\\\/\"},{\"@type\":\"ListItem\",\"position\":2,\"name\":\"Homenaje a Tom\u00e1s Ferrari en la Biblioteca Bernardino Rivadavia\"}]},{\"@type\":\"WebSite\",\"@id\":\"https:\\\/\\\/www.fcejs.unsl.edu.ar\\\/#website\",\"url\":\"https:\\\/\\\/www.fcejs.unsl.edu.ar\\\/\",\"name\":\"Facultad de Ciencias Econ\u00f3micas, Jur\u00ed\u00addicas y Sociales\",\"description\":\"\",\"publisher\":{\"@id\":\"https:\\\/\\\/www.fcejs.unsl.edu.ar\\\/#organization\"},\"potentialAction\":[{\"@type\":\"SearchAction\",\"target\":{\"@type\":\"EntryPoint\",\"urlTemplate\":\"https:\\\/\\\/www.fcejs.unsl.edu.ar\\\/?s={search_term_string}\"},\"query-input\":{\"@type\":\"PropertyValueSpecification\",\"valueRequired\":true,\"valueName\":\"search_term_string\"}}],\"inLanguage\":\"es-AR\"},{\"@type\":\"Organization\",\"@id\":\"https:\\\/\\\/www.fcejs.unsl.edu.ar\\\/#organization\",\"name\":\"Facultad de Ciencias Econ\u00f3micas, Jur\u00eddicas y Sociales\",\"url\":\"https:\\\/\\\/www.fcejs.unsl.edu.ar\\\/\",\"logo\":{\"@type\":\"ImageObject\",\"inLanguage\":\"es-AR\",\"@id\":\"https:\\\/\\\/www.fcejs.unsl.edu.ar\\\/#\\\/schema\\\/logo\\\/image\\\/\",\"url\":\"https:\\\/\\\/www.fcejs.unsl.edu.ar\\\/wp-content\\\/uploads\\\/2021\\\/03\\\/logo-1.jpg\",\"contentUrl\":\"https:\\\/\\\/www.fcejs.unsl.edu.ar\\\/wp-content\\\/uploads\\\/2021\\\/03\\\/logo-1.jpg\",\"width\":471,\"height\":146,\"caption\":\"Facultad de Ciencias Econ\u00f3micas, Jur\u00eddicas y Sociales\"},\"image\":{\"@id\":\"https:\\\/\\\/www.fcejs.unsl.edu.ar\\\/#\\\/schema\\\/logo\\\/image\\\/\"},\"sameAs\":[\"https:\\\/\\\/www.facebook.com\\\/FCEJS.UNSL\\\/\",\"https:\\\/\\\/x.com\\\/FCEJSUNSL\",\"https:\\\/\\\/www.instagram.com\\\/fcejs.unsl\\\/\",\"https:\\\/\\\/www.youtube.com\\\/channel\\\/UCH-Ut6EaN_X5ogjIQMPe46g\\\/\"]},{\"@type\":\"Person\",\"@id\":\"https:\\\/\\\/www.fcejs.unsl.edu.ar\\\/#\\\/schema\\\/person\\\/352ee6ed90c3f394c7cb5945f8956d34\",\"name\":\"DATI\"}]}<\/script>\n<!-- \/ Yoast SEO plugin. -->","yoast_head_json":{"title":"Homenaje a Tom\u00e1s Ferrari en la Biblioteca Bernardino Rivadavia - Facultad de Ciencias Econ\u00f3micas, Jur\u00ed\u00addicas y Sociales","robots":{"index":"index","follow":"follow","max-snippet":"max-snippet:-1","max-image-preview":"max-image-preview:large","max-video-preview":"max-video-preview:-1"},"canonical":"https:\/\/www.fcejs.unsl.edu.ar\/index.php\/homenaje-a-tomas-ferrari-en-la-biblioteca-bernardino-rivadavia\/","og_locale":"es_ES","og_type":"article","og_title":"Homenaje a Tom\u00e1s Ferrari en la Biblioteca Bernardino Rivadavia - Facultad de Ciencias Econ\u00f3micas, Jur\u00ed\u00addicas y Sociales","og_description":"La Secretar\u00eda de Extensi\u00f3n Universitaria invita a la charla abierta \u201cTom\u00e1s Ferrari y la b\u00fasqueda de un hacer y aprender en comunidad\u201d, que se realizar\u00e1&hellip;","og_url":"https:\/\/www.fcejs.unsl.edu.ar\/index.php\/homenaje-a-tomas-ferrari-en-la-biblioteca-bernardino-rivadavia\/","og_site_name":"Facultad de Ciencias Econ\u00f3micas, Jur\u00ed\u00addicas y Sociales","article_publisher":"https:\/\/www.facebook.com\/FCEJS.UNSL\/","article_published_time":"2025-09-16T02:36:29+00:00","article_modified_time":"2025-09-26T11:40:22+00:00","og_image":[{"width":1152,"height":648,"url":"https:\/\/www.fcejs.unsl.edu.ar\/wp-content\/uploads\/2025\/09\/PLACA-WEB-TOMAS-FERRARI.jpg","type":"image\/jpeg"}],"author":"DATI","twitter_card":"summary_large_image","twitter_creator":"@FCEJSUNSL","twitter_site":"@FCEJSUNSL","twitter_misc":{"Escrito por":"DATI","Tiempo de lectura":"2 minutos"},"schema":{"@context":"https:\/\/schema.org","@graph":[{"@type":"Article","@id":"https:\/\/www.fcejs.unsl.edu.ar\/index.php\/homenaje-a-tomas-ferrari-en-la-biblioteca-bernardino-rivadavia\/#article","isPartOf":{"@id":"https:\/\/www.fcejs.unsl.edu.ar\/index.php\/homenaje-a-tomas-ferrari-en-la-biblioteca-bernardino-rivadavia\/"},"author":{"name":"DATI","@id":"https:\/\/www.fcejs.unsl.edu.ar\/#\/schema\/person\/352ee6ed90c3f394c7cb5945f8956d34"},"headline":"Homenaje a Tom\u00e1s Ferrari en la Biblioteca Bernardino Rivadavia","datePublished":"2025-09-16T02:36:29+00:00","dateModified":"2025-09-26T11:40:22+00:00","mainEntityOfPage":{"@id":"https:\/\/www.fcejs.unsl.edu.ar\/index.php\/homenaje-a-tomas-ferrari-en-la-biblioteca-bernardino-rivadavia\/"},"wordCount":253,"publisher":{"@id":"https:\/\/www.fcejs.unsl.edu.ar\/#organization"},"image":{"@id":"https:\/\/www.fcejs.unsl.edu.ar\/index.php\/homenaje-a-tomas-ferrari-en-la-biblioteca-bernardino-rivadavia\/#primaryimage"},"thumbnailUrl":"https:\/\/www.fcejs.unsl.edu.ar\/wp-content\/uploads\/2025\/09\/PLACA-WEB-TOMAS-FERRARI.jpg","articleSection":["Noticias"],"inLanguage":"es-AR"},{"@type":"WebPage","@id":"https:\/\/www.fcejs.unsl.edu.ar\/index.php\/homenaje-a-tomas-ferrari-en-la-biblioteca-bernardino-rivadavia\/","url":"https:\/\/www.fcejs.unsl.edu.ar\/index.php\/homenaje-a-tomas-ferrari-en-la-biblioteca-bernardino-rivadavia\/","name":"Homenaje a Tom\u00e1s Ferrari en la Biblioteca Bernardino Rivadavia - Facultad de Ciencias Econ\u00f3micas, Jur\u00ed\u00addicas y Sociales","isPartOf":{"@id":"https:\/\/www.fcejs.unsl.edu.ar\/#website"},"primaryImageOfPage":{"@id":"https:\/\/www.fcejs.unsl.edu.ar\/index.php\/homenaje-a-tomas-ferrari-en-la-biblioteca-bernardino-rivadavia\/#primaryimage"},"image":{"@id":"https:\/\/www.fcejs.unsl.edu.ar\/index.php\/homenaje-a-tomas-ferrari-en-la-biblioteca-bernardino-rivadavia\/#primaryimage"},"thumbnailUrl":"https:\/\/www.fcejs.unsl.edu.ar\/wp-content\/uploads\/2025\/09\/PLACA-WEB-TOMAS-FERRARI.jpg","datePublished":"2025-09-16T02:36:29+00:00","dateModified":"2025-09-26T11:40:22+00:00","breadcrumb":{"@id":"https:\/\/www.fcejs.unsl.edu.ar\/index.php\/homenaje-a-tomas-ferrari-en-la-biblioteca-bernardino-rivadavia\/#breadcrumb"},"inLanguage":"es-AR","potentialAction":[{"@type":"ReadAction","target":["https:\/\/www.fcejs.unsl.edu.ar\/index.php\/homenaje-a-tomas-ferrari-en-la-biblioteca-bernardino-rivadavia\/"]}]},{"@type":"ImageObject","inLanguage":"es-AR","@id":"https:\/\/www.fcejs.unsl.edu.ar\/index.php\/homenaje-a-tomas-ferrari-en-la-biblioteca-bernardino-rivadavia\/#primaryimage","url":"https:\/\/www.fcejs.unsl.edu.ar\/wp-content\/uploads\/2025\/09\/PLACA-WEB-TOMAS-FERRARI.jpg","contentUrl":"https:\/\/www.fcejs.unsl.edu.ar\/wp-content\/uploads\/2025\/09\/PLACA-WEB-TOMAS-FERRARI.jpg","width":1152,"height":648},{"@type":"BreadcrumbList","@id":"https:\/\/www.fcejs.unsl.edu.ar\/index.php\/homenaje-a-tomas-ferrari-en-la-biblioteca-bernardino-rivadavia\/#breadcrumb","itemListElement":[{"@type":"ListItem","position":1,"name":"Inicio","item":"https:\/\/www.fcejs.unsl.edu.ar\/"},{"@type":"ListItem","position":2,"name":"Homenaje a Tom\u00e1s Ferrari en la Biblioteca Bernardino Rivadavia"}]},{"@type":"WebSite","@id":"https:\/\/www.fcejs.unsl.edu.ar\/#website","url":"https:\/\/www.fcejs.unsl.edu.ar\/","name":"Facultad de Ciencias Econ\u00f3micas, Jur\u00ed\u00addicas y Sociales","description":"","publisher":{"@id":"https:\/\/www.fcejs.unsl.edu.ar\/#organization"},"potentialAction":[{"@type":"SearchAction","target":{"@type":"EntryPoint","urlTemplate":"https:\/\/www.fcejs.unsl.edu.ar\/?s={search_term_string}"},"query-input":{"@type":"PropertyValueSpecification","valueRequired":true,"valueName":"search_term_string"}}],"inLanguage":"es-AR"},{"@type":"Organization","@id":"https:\/\/www.fcejs.unsl.edu.ar\/#organization","name":"Facultad de Ciencias Econ\u00f3micas, Jur\u00eddicas y Sociales","url":"https:\/\/www.fcejs.unsl.edu.ar\/","logo":{"@type":"ImageObject","inLanguage":"es-AR","@id":"https:\/\/www.fcejs.unsl.edu.ar\/#\/schema\/logo\/image\/","url":"https:\/\/www.fcejs.unsl.edu.ar\/wp-content\/uploads\/2021\/03\/logo-1.jpg","contentUrl":"https:\/\/www.fcejs.unsl.edu.ar\/wp-content\/uploads\/2021\/03\/logo-1.jpg","width":471,"height":146,"caption":"Facultad de Ciencias Econ\u00f3micas, Jur\u00eddicas y Sociales"},"image":{"@id":"https:\/\/www.fcejs.unsl.edu.ar\/#\/schema\/logo\/image\/"},"sameAs":["https:\/\/www.facebook.com\/FCEJS.UNSL\/","https:\/\/x.com\/FCEJSUNSL","https:\/\/www.instagram.com\/fcejs.unsl\/","https:\/\/www.youtube.com\/channel\/UCH-Ut6EaN_X5ogjIQMPe46g\/"]},{"@type":"Person","@id":"https:\/\/www.fcejs.unsl.edu.ar\/#\/schema\/person\/352ee6ed90c3f394c7cb5945f8956d34","name":"DATI"}]}},"jetpack_featured_media_url":"https:\/\/www.fcejs.unsl.edu.ar\/wp-content\/uploads\/2025\/09\/PLACA-WEB-TOMAS-FERRARI.jpg","_links":{"self":[{"href":"https:\/\/www.fcejs.unsl.edu.ar\/index.php\/wp-json\/wp\/v2\/posts\/21403","targetHints":{"allow":["GET"]}}],"collection":[{"href":"https:\/\/www.fcejs.unsl.edu.ar\/index.php\/wp-json\/wp\/v2\/posts"}],"about":[{"href":"https:\/\/www.fcejs.unsl.edu.ar\/index.php\/wp-json\/wp\/v2\/types\/post"}],"author":[{"embeddable":true,"href":"https:\/\/www.fcejs.unsl.edu.ar\/index.php\/wp-json\/wp\/v2\/users\/9"}],"replies":[{"embeddable":true,"href":"https:\/\/www.fcejs.unsl.edu.ar\/index.php\/wp-json\/wp\/v2\/comments?post=21403"}],"version-history":[{"count":1,"href":"https:\/\/www.fcejs.unsl.edu.ar\/index.php\/wp-json\/wp\/v2\/posts\/21403\/revisions"}],"predecessor-version":[{"id":21406,"href":"https:\/\/www.fcejs.unsl.edu.ar\/index.php\/wp-json\/wp\/v2\/posts\/21403\/revisions\/21406"}],"wp:featuredmedia":[{"embeddable":true,"href":"https:\/\/www.fcejs.unsl.edu.ar\/index.php\/wp-json\/wp\/v2\/media\/21404"}],"wp:attachment":[{"href":"https:\/\/www.fcejs.unsl.edu.ar\/index.php\/wp-json\/wp\/v2\/media?parent=21403"}],"wp:term":[{"taxonomy":"category","embeddable":true,"href":"https:\/\/www.fcejs.unsl.edu.ar\/index.php\/wp-json\/wp\/v2\/categories?post=21403"},{"taxonomy":"post_tag","embeddable":true,"href":"https:\/\/www.fcejs.unsl.edu.ar\/index.php\/wp-json\/wp\/v2\/tags?post=21403"}],"curies":[{"name":"wp","href":"https:\/\/api.w.org\/{rel}","templated":true}]}}