{"id":21346,"date":"2025-09-05T12:46:45","date_gmt":"2025-09-05T15:46:45","guid":{"rendered":"http:\/\/10.101.10.197\/www\/?p=21346"},"modified":"2025-09-16T09:20:56","modified_gmt":"2025-09-16T12:20:56","slug":"docente-investigador-de-la-fcejs-fue-convocado-por-el-conicet","status":"publish","type":"post","link":"https:\/\/www.fcejs.unsl.edu.ar\/index.php\/docente-investigador-de-la-fcejs-fue-convocado-por-el-conicet\/","title":{"rendered":"El <b>Dr. Yussef Becher<\/b> ingresar\u00e1 a la Carrera de Investigador del CONICET"},"content":{"rendered":"<p data-start=\"398\" data-end=\"732\">El 1 de septiembre de 2025, el <strong>Directorio del Consejo Nacional de Investigaciones Cient\u00edficas y T\u00e9cnicas (CONICET)<\/strong> dio a conocer los resultados de la convocatoria de ingresos a la <strong>Carrera del Investigador Cient\u00edfico y Tecnol\u00f3gico (CIC)<\/strong>, en la modalidad <strong data-start=\"651\" data-end=\"729\">Fortalecimiento de la Investigaci\u00f3n, el Desarrollo y la Innovaci\u00f3n (I+D+i)<\/strong>.<\/p>\n<p>La secretar\u00eda de Investigaci\u00f3n y Posgrado de la FCEJS felicita al docente investigador, por el logro alcanzado, destacando que dentro de los 180 investigadores seleccionados en todo el pa\u00eds, nueve pertenecen a instituciones de la provincia de San Luis. Entre ellos se encuentra el <strong>Dr. Yussef Becher, docente investigador de la Facultad de Ciencias Econ\u00f3micas, Jur\u00eddicas y Sociales (FCEJS) de la Universidad Nacional de San Luis.<\/strong><\/p>\n<p data-start=\"1043\" data-end=\"1406\">Becher, Doctor en Ciencias Sociales (FLACSO), fue seleccionado en la convocatoria de Ingresos CIC 2023 con su proyecto de investigaci\u00f3n titulado<strong> <em data-start=\"1188\" data-end=\"1237\">\u201cPol\u00edticas sociales dirigidas a las juventudes\u201d<\/em><\/strong>, bajo la direcci\u00f3n de la Dra. Graciela Castro y la co-direcci\u00f3n de la Dra. Laura Pautassi. Su incorporaci\u00f3n se concreta en la categor\u00eda de <strong data-start=\"1377\" data-end=\"1403\">Investigador Asistente<\/strong>.<\/p>\n<p data-start=\"1408\" data-end=\"1651\">La convocatoria del CONICET, enmarcada en la modalidad Fortalecimiento I+D+i, tuvo como finalidad <strong data-start=\"1506\" data-end=\"1648\">fortalecer las capacidades de universidades p\u00fablicas y organismos nacionales de ciencia y tecnolog\u00eda con menor inserci\u00f3n de investigadores<\/strong>.<\/p>\n<p data-start=\"1653\" data-end=\"1963\">En esta edici\u00f3n, las \u00e1reas tem\u00e1ticas incluyeron: Ciencias Sociales y Humanidades, Ciencias Qu\u00edmicas, Ciencias Exactas y Naturales, Arqueolog\u00eda y Patrimonio Cultural, Ciencias Biol\u00f3gicas y de la Salud, Ciencias Ambientales, Ciencias de la Ingenier\u00eda y de Materiales, F\u00edsica Aplicada y Biof\u00edsica Computacional.<\/p>\n<p data-start=\"1982\" data-end=\"2255\">El Dr. Becher destac\u00f3 la importancia de este nombramiento, teniendo encuenta el contexto nacional complejo que atraviesa la ciencia, particularmente para las ciencias sociales, que han sufrido recortes significativos en el n\u00famero de ingresos al CONICET.<\/p>\n<p data-start=\"1982\" data-end=\"2255\">\u201cEsta selecci\u00f3n tiene un valor especial porque nos permite continuar investigando en ciencias sociales desde una universidad peque\u00f1a en comparaci\u00f3n con otras, y abre la posibilidad de que m\u00e1s docentes e investigadores de nuestra Facultad se animen a presentarse\u201d, se\u00f1al\u00f3.<\/p>\n<p data-start=\"2534\" data-end=\"2795\">Asimismo, remarc\u00f3 que su incorporaci\u00f3n representa una <strong data-start=\"2588\" data-end=\"2704\">oportunidad para que el CONICET tenga mayor presencia en la FCEJS y en el Centro Universitario de Villa Mercedes de la UNSL<\/strong>.<\/p>\n","protected":false},"excerpt":{"rendered":"<p>El 1 de septiembre de 2025, el Directorio del Consejo Nacional de Investigaciones Cient\u00edficas y T\u00e9cnicas (CONICET) dio a conocer los resultados de la convocatoria&hellip;<\/p>\n","protected":false},"author":9,"featured_media":21348,"comment_status":"closed","ping_status":"closed","sticky":false,"template":"","format":"standard","meta":{"om_disable_all_campaigns":false,"_monsterinsights_skip_tracking":false,"_monsterinsights_sitenote_active":false,"_monsterinsights_sitenote_note":"","_monsterinsights_sitenote_category":0,"footnotes":""},"categories":[1],"tags":[],"class_list":["post-21346","post","type-post","status-publish","format-standard","has-post-thumbnail","hentry","category-noticias"],"yoast_head":"<!-- This site is optimized with the Yoast SEO plugin v27.4 - https:\/\/yoast.com\/product\/yoast-seo-wordpress\/ -->\n<title>El Dr. Yussef Becher ingresar\u00e1 a la Carrera de Investigador del CONICET - Facultad de Ciencias Econ\u00f3micas, Jur\u00ed\u00addicas y Sociales<\/title>\n<meta name=\"robots\" content=\"index, follow, max-snippet:-1, max-image-preview:large, max-video-preview:-1\" \/>\n<link rel=\"canonical\" href=\"https:\/\/www.fcejs.unsl.edu.ar\/index.php\/docente-investigador-de-la-fcejs-fue-convocado-por-el-conicet\/\" \/>\n<meta property=\"og:locale\" content=\"es_ES\" \/>\n<meta property=\"og:type\" content=\"article\" \/>\n<meta property=\"og:title\" content=\"El Dr. Yussef Becher ingresar\u00e1 a la Carrera de Investigador del CONICET\" \/>\n<meta property=\"og:description\" content=\"Dentro de los 180 investigadores seleccionados en todo el pa\u00eds, nueve pertenecen a instituciones de la provincia de San Luis. Entre ellos se encuentra el Dr. Yussef Becher, docente investigador de la Facultad de Ciencias Econ\u00f3micas, Jur\u00eddicas y Sociales (FCEJS) de la Universidad Nacional de San Luis.\" \/>\n<meta property=\"og:url\" content=\"https:\/\/www.fcejs.unsl.edu.ar\/index.php\/docente-investigador-de-la-fcejs-fue-convocado-por-el-conicet\/\" \/>\n<meta property=\"og:site_name\" content=\"Facultad de Ciencias Econ\u00f3micas, Jur\u00ed\u00addicas y Sociales\" \/>\n<meta property=\"article:publisher\" content=\"https:\/\/www.facebook.com\/FCEJS.UNSL\/\" \/>\n<meta property=\"article:published_time\" content=\"2025-09-05T15:46:45+00:00\" \/>\n<meta property=\"article:modified_time\" content=\"2025-09-16T12:20:56+00:00\" \/>\n<meta property=\"og:image\" content=\"https:\/\/www.fcejs.unsl.edu.ar\/wp-content\/uploads\/2025\/09\/becher-conicet-front.jpg\" \/>\n\t<meta property=\"og:image:width\" content=\"1152\" \/>\n\t<meta property=\"og:image:height\" content=\"647\" \/>\n\t<meta property=\"og:image:type\" content=\"image\/jpeg\" \/>\n<meta name=\"author\" content=\"DATI\" \/>\n<meta name=\"twitter:card\" content=\"summary_large_image\" \/>\n<meta name=\"twitter:creator\" content=\"@FCEJSUNSL\" \/>\n<meta name=\"twitter:site\" content=\"@FCEJSUNSL\" \/>\n<meta name=\"twitter:label1\" content=\"Escrito por\" \/>\n\t<meta name=\"twitter:data1\" content=\"DATI\" \/>\n\t<meta name=\"twitter:label2\" content=\"Tiempo de lectura\" \/>\n\t<meta name=\"twitter:data2\" content=\"2 minutos\" \/>\n<script type=\"application\/ld+json\" class=\"yoast-schema-graph\">{\"@context\":\"https:\\\/\\\/schema.org\",\"@graph\":[{\"@type\":\"Article\",\"@id\":\"https:\\\/\\\/www.fcejs.unsl.edu.ar\\\/index.php\\\/docente-investigador-de-la-fcejs-fue-convocado-por-el-conicet\\\/#article\",\"isPartOf\":{\"@id\":\"https:\\\/\\\/www.fcejs.unsl.edu.ar\\\/index.php\\\/docente-investigador-de-la-fcejs-fue-convocado-por-el-conicet\\\/\"},\"author\":{\"name\":\"DATI\",\"@id\":\"https:\\\/\\\/www.fcejs.unsl.edu.ar\\\/#\\\/schema\\\/person\\\/352ee6ed90c3f394c7cb5945f8956d34\"},\"headline\":\"El Dr. Yussef Becher ingresar\u00e1 a la Carrera de Investigador del CONICET\",\"datePublished\":\"2025-09-05T15:46:45+00:00\",\"dateModified\":\"2025-09-16T12:20:56+00:00\",\"mainEntityOfPage\":{\"@id\":\"https:\\\/\\\/www.fcejs.unsl.edu.ar\\\/index.php\\\/docente-investigador-de-la-fcejs-fue-convocado-por-el-conicet\\\/\"},\"wordCount\":392,\"publisher\":{\"@id\":\"https:\\\/\\\/www.fcejs.unsl.edu.ar\\\/#organization\"},\"image\":{\"@id\":\"https:\\\/\\\/www.fcejs.unsl.edu.ar\\\/index.php\\\/docente-investigador-de-la-fcejs-fue-convocado-por-el-conicet\\\/#primaryimage\"},\"thumbnailUrl\":\"https:\\\/\\\/www.fcejs.unsl.edu.ar\\\/wp-content\\\/uploads\\\/2025\\\/09\\\/becher-conicet-front.jpg\",\"articleSection\":[\"Noticias\"],\"inLanguage\":\"es-AR\"},{\"@type\":\"WebPage\",\"@id\":\"https:\\\/\\\/www.fcejs.unsl.edu.ar\\\/index.php\\\/docente-investigador-de-la-fcejs-fue-convocado-por-el-conicet\\\/\",\"url\":\"https:\\\/\\\/www.fcejs.unsl.edu.ar\\\/index.php\\\/docente-investigador-de-la-fcejs-fue-convocado-por-el-conicet\\\/\",\"name\":\"El Dr. Yussef Becher ingresar\u00e1 a la Carrera de Investigador del CONICET - Facultad de Ciencias Econ\u00f3micas, Jur\u00ed\u00addicas y Sociales\",\"isPartOf\":{\"@id\":\"https:\\\/\\\/www.fcejs.unsl.edu.ar\\\/#website\"},\"primaryImageOfPage\":{\"@id\":\"https:\\\/\\\/www.fcejs.unsl.edu.ar\\\/index.php\\\/docente-investigador-de-la-fcejs-fue-convocado-por-el-conicet\\\/#primaryimage\"},\"image\":{\"@id\":\"https:\\\/\\\/www.fcejs.unsl.edu.ar\\\/index.php\\\/docente-investigador-de-la-fcejs-fue-convocado-por-el-conicet\\\/#primaryimage\"},\"thumbnailUrl\":\"https:\\\/\\\/www.fcejs.unsl.edu.ar\\\/wp-content\\\/uploads\\\/2025\\\/09\\\/becher-conicet-front.jpg\",\"datePublished\":\"2025-09-05T15:46:45+00:00\",\"dateModified\":\"2025-09-16T12:20:56+00:00\",\"breadcrumb\":{\"@id\":\"https:\\\/\\\/www.fcejs.unsl.edu.ar\\\/index.php\\\/docente-investigador-de-la-fcejs-fue-convocado-por-el-conicet\\\/#breadcrumb\"},\"inLanguage\":\"es-AR\",\"potentialAction\":[{\"@type\":\"ReadAction\",\"target\":[\"https:\\\/\\\/www.fcejs.unsl.edu.ar\\\/index.php\\\/docente-investigador-de-la-fcejs-fue-convocado-por-el-conicet\\\/\"]}]},{\"@type\":\"ImageObject\",\"inLanguage\":\"es-AR\",\"@id\":\"https:\\\/\\\/www.fcejs.unsl.edu.ar\\\/index.php\\\/docente-investigador-de-la-fcejs-fue-convocado-por-el-conicet\\\/#primaryimage\",\"url\":\"https:\\\/\\\/www.fcejs.unsl.edu.ar\\\/wp-content\\\/uploads\\\/2025\\\/09\\\/becher-conicet-front.jpg\",\"contentUrl\":\"https:\\\/\\\/www.fcejs.unsl.edu.ar\\\/wp-content\\\/uploads\\\/2025\\\/09\\\/becher-conicet-front.jpg\",\"width\":1152,\"height\":647},{\"@type\":\"BreadcrumbList\",\"@id\":\"https:\\\/\\\/www.fcejs.unsl.edu.ar\\\/index.php\\\/docente-investigador-de-la-fcejs-fue-convocado-por-el-conicet\\\/#breadcrumb\",\"itemListElement\":[{\"@type\":\"ListItem\",\"position\":1,\"name\":\"Inicio\",\"item\":\"https:\\\/\\\/www.fcejs.unsl.edu.ar\\\/\"},{\"@type\":\"ListItem\",\"position\":2,\"name\":\"El Dr. Yussef Becher ingresar\u00e1 a la Carrera de Investigador del CONICET\"}]},{\"@type\":\"WebSite\",\"@id\":\"https:\\\/\\\/www.fcejs.unsl.edu.ar\\\/#website\",\"url\":\"https:\\\/\\\/www.fcejs.unsl.edu.ar\\\/\",\"name\":\"Facultad de Ciencias Econ\u00f3micas, Jur\u00ed\u00addicas y Sociales\",\"description\":\"\",\"publisher\":{\"@id\":\"https:\\\/\\\/www.fcejs.unsl.edu.ar\\\/#organization\"},\"potentialAction\":[{\"@type\":\"SearchAction\",\"target\":{\"@type\":\"EntryPoint\",\"urlTemplate\":\"https:\\\/\\\/www.fcejs.unsl.edu.ar\\\/?s={search_term_string}\"},\"query-input\":{\"@type\":\"PropertyValueSpecification\",\"valueRequired\":true,\"valueName\":\"search_term_string\"}}],\"inLanguage\":\"es-AR\"},{\"@type\":\"Organization\",\"@id\":\"https:\\\/\\\/www.fcejs.unsl.edu.ar\\\/#organization\",\"name\":\"Facultad de Ciencias Econ\u00f3micas, Jur\u00eddicas y Sociales\",\"url\":\"https:\\\/\\\/www.fcejs.unsl.edu.ar\\\/\",\"logo\":{\"@type\":\"ImageObject\",\"inLanguage\":\"es-AR\",\"@id\":\"https:\\\/\\\/www.fcejs.unsl.edu.ar\\\/#\\\/schema\\\/logo\\\/image\\\/\",\"url\":\"https:\\\/\\\/www.fcejs.unsl.edu.ar\\\/wp-content\\\/uploads\\\/2021\\\/03\\\/logo-1.jpg\",\"contentUrl\":\"https:\\\/\\\/www.fcejs.unsl.edu.ar\\\/wp-content\\\/uploads\\\/2021\\\/03\\\/logo-1.jpg\",\"width\":471,\"height\":146,\"caption\":\"Facultad de Ciencias Econ\u00f3micas, Jur\u00eddicas y Sociales\"},\"image\":{\"@id\":\"https:\\\/\\\/www.fcejs.unsl.edu.ar\\\/#\\\/schema\\\/logo\\\/image\\\/\"},\"sameAs\":[\"https:\\\/\\\/www.facebook.com\\\/FCEJS.UNSL\\\/\",\"https:\\\/\\\/x.com\\\/FCEJSUNSL\",\"https:\\\/\\\/www.instagram.com\\\/fcejs.unsl\\\/\",\"https:\\\/\\\/www.youtube.com\\\/channel\\\/UCH-Ut6EaN_X5ogjIQMPe46g\\\/\"]},{\"@type\":\"Person\",\"@id\":\"https:\\\/\\\/www.fcejs.unsl.edu.ar\\\/#\\\/schema\\\/person\\\/352ee6ed90c3f394c7cb5945f8956d34\",\"name\":\"DATI\"}]}<\/script>\n<!-- \/ Yoast SEO plugin. -->","yoast_head_json":{"title":"El Dr. Yussef Becher ingresar\u00e1 a la Carrera de Investigador del CONICET - Facultad de Ciencias Econ\u00f3micas, Jur\u00ed\u00addicas y Sociales","robots":{"index":"index","follow":"follow","max-snippet":"max-snippet:-1","max-image-preview":"max-image-preview:large","max-video-preview":"max-video-preview:-1"},"canonical":"https:\/\/www.fcejs.unsl.edu.ar\/index.php\/docente-investigador-de-la-fcejs-fue-convocado-por-el-conicet\/","og_locale":"es_ES","og_type":"article","og_title":"El Dr. Yussef Becher ingresar\u00e1 a la Carrera de Investigador del CONICET","og_description":"Dentro de los 180 investigadores seleccionados en todo el pa\u00eds, nueve pertenecen a instituciones de la provincia de San Luis. Entre ellos se encuentra el Dr. Yussef Becher, docente investigador de la Facultad de Ciencias Econ\u00f3micas, Jur\u00eddicas y Sociales (FCEJS) de la Universidad Nacional de San Luis.","og_url":"https:\/\/www.fcejs.unsl.edu.ar\/index.php\/docente-investigador-de-la-fcejs-fue-convocado-por-el-conicet\/","og_site_name":"Facultad de Ciencias Econ\u00f3micas, Jur\u00ed\u00addicas y Sociales","article_publisher":"https:\/\/www.facebook.com\/FCEJS.UNSL\/","article_published_time":"2025-09-05T15:46:45+00:00","article_modified_time":"2025-09-16T12:20:56+00:00","og_image":[{"width":1152,"height":647,"url":"https:\/\/www.fcejs.unsl.edu.ar\/wp-content\/uploads\/2025\/09\/becher-conicet-front.jpg","type":"image\/jpeg"}],"author":"DATI","twitter_card":"summary_large_image","twitter_creator":"@FCEJSUNSL","twitter_site":"@FCEJSUNSL","twitter_misc":{"Escrito por":"DATI","Tiempo de lectura":"2 minutos"},"schema":{"@context":"https:\/\/schema.org","@graph":[{"@type":"Article","@id":"https:\/\/www.fcejs.unsl.edu.ar\/index.php\/docente-investigador-de-la-fcejs-fue-convocado-por-el-conicet\/#article","isPartOf":{"@id":"https:\/\/www.fcejs.unsl.edu.ar\/index.php\/docente-investigador-de-la-fcejs-fue-convocado-por-el-conicet\/"},"author":{"name":"DATI","@id":"https:\/\/www.fcejs.unsl.edu.ar\/#\/schema\/person\/352ee6ed90c3f394c7cb5945f8956d34"},"headline":"El Dr. Yussef Becher ingresar\u00e1 a la Carrera de Investigador del CONICET","datePublished":"2025-09-05T15:46:45+00:00","dateModified":"2025-09-16T12:20:56+00:00","mainEntityOfPage":{"@id":"https:\/\/www.fcejs.unsl.edu.ar\/index.php\/docente-investigador-de-la-fcejs-fue-convocado-por-el-conicet\/"},"wordCount":392,"publisher":{"@id":"https:\/\/www.fcejs.unsl.edu.ar\/#organization"},"image":{"@id":"https:\/\/www.fcejs.unsl.edu.ar\/index.php\/docente-investigador-de-la-fcejs-fue-convocado-por-el-conicet\/#primaryimage"},"thumbnailUrl":"https:\/\/www.fcejs.unsl.edu.ar\/wp-content\/uploads\/2025\/09\/becher-conicet-front.jpg","articleSection":["Noticias"],"inLanguage":"es-AR"},{"@type":"WebPage","@id":"https:\/\/www.fcejs.unsl.edu.ar\/index.php\/docente-investigador-de-la-fcejs-fue-convocado-por-el-conicet\/","url":"https:\/\/www.fcejs.unsl.edu.ar\/index.php\/docente-investigador-de-la-fcejs-fue-convocado-por-el-conicet\/","name":"El Dr. Yussef Becher ingresar\u00e1 a la Carrera de Investigador del CONICET - Facultad de Ciencias Econ\u00f3micas, Jur\u00ed\u00addicas y Sociales","isPartOf":{"@id":"https:\/\/www.fcejs.unsl.edu.ar\/#website"},"primaryImageOfPage":{"@id":"https:\/\/www.fcejs.unsl.edu.ar\/index.php\/docente-investigador-de-la-fcejs-fue-convocado-por-el-conicet\/#primaryimage"},"image":{"@id":"https:\/\/www.fcejs.unsl.edu.ar\/index.php\/docente-investigador-de-la-fcejs-fue-convocado-por-el-conicet\/#primaryimage"},"thumbnailUrl":"https:\/\/www.fcejs.unsl.edu.ar\/wp-content\/uploads\/2025\/09\/becher-conicet-front.jpg","datePublished":"2025-09-05T15:46:45+00:00","dateModified":"2025-09-16T12:20:56+00:00","breadcrumb":{"@id":"https:\/\/www.fcejs.unsl.edu.ar\/index.php\/docente-investigador-de-la-fcejs-fue-convocado-por-el-conicet\/#breadcrumb"},"inLanguage":"es-AR","potentialAction":[{"@type":"ReadAction","target":["https:\/\/www.fcejs.unsl.edu.ar\/index.php\/docente-investigador-de-la-fcejs-fue-convocado-por-el-conicet\/"]}]},{"@type":"ImageObject","inLanguage":"es-AR","@id":"https:\/\/www.fcejs.unsl.edu.ar\/index.php\/docente-investigador-de-la-fcejs-fue-convocado-por-el-conicet\/#primaryimage","url":"https:\/\/www.fcejs.unsl.edu.ar\/wp-content\/uploads\/2025\/09\/becher-conicet-front.jpg","contentUrl":"https:\/\/www.fcejs.unsl.edu.ar\/wp-content\/uploads\/2025\/09\/becher-conicet-front.jpg","width":1152,"height":647},{"@type":"BreadcrumbList","@id":"https:\/\/www.fcejs.unsl.edu.ar\/index.php\/docente-investigador-de-la-fcejs-fue-convocado-por-el-conicet\/#breadcrumb","itemListElement":[{"@type":"ListItem","position":1,"name":"Inicio","item":"https:\/\/www.fcejs.unsl.edu.ar\/"},{"@type":"ListItem","position":2,"name":"El Dr. Yussef Becher ingresar\u00e1 a la Carrera de Investigador del CONICET"}]},{"@type":"WebSite","@id":"https:\/\/www.fcejs.unsl.edu.ar\/#website","url":"https:\/\/www.fcejs.unsl.edu.ar\/","name":"Facultad de Ciencias Econ\u00f3micas, Jur\u00ed\u00addicas y Sociales","description":"","publisher":{"@id":"https:\/\/www.fcejs.unsl.edu.ar\/#organization"},"potentialAction":[{"@type":"SearchAction","target":{"@type":"EntryPoint","urlTemplate":"https:\/\/www.fcejs.unsl.edu.ar\/?s={search_term_string}"},"query-input":{"@type":"PropertyValueSpecification","valueRequired":true,"valueName":"search_term_string"}}],"inLanguage":"es-AR"},{"@type":"Organization","@id":"https:\/\/www.fcejs.unsl.edu.ar\/#organization","name":"Facultad de Ciencias Econ\u00f3micas, Jur\u00eddicas y Sociales","url":"https:\/\/www.fcejs.unsl.edu.ar\/","logo":{"@type":"ImageObject","inLanguage":"es-AR","@id":"https:\/\/www.fcejs.unsl.edu.ar\/#\/schema\/logo\/image\/","url":"https:\/\/www.fcejs.unsl.edu.ar\/wp-content\/uploads\/2021\/03\/logo-1.jpg","contentUrl":"https:\/\/www.fcejs.unsl.edu.ar\/wp-content\/uploads\/2021\/03\/logo-1.jpg","width":471,"height":146,"caption":"Facultad de Ciencias Econ\u00f3micas, Jur\u00eddicas y Sociales"},"image":{"@id":"https:\/\/www.fcejs.unsl.edu.ar\/#\/schema\/logo\/image\/"},"sameAs":["https:\/\/www.facebook.com\/FCEJS.UNSL\/","https:\/\/x.com\/FCEJSUNSL","https:\/\/www.instagram.com\/fcejs.unsl\/","https:\/\/www.youtube.com\/channel\/UCH-Ut6EaN_X5ogjIQMPe46g\/"]},{"@type":"Person","@id":"https:\/\/www.fcejs.unsl.edu.ar\/#\/schema\/person\/352ee6ed90c3f394c7cb5945f8956d34","name":"DATI"}]}},"jetpack_featured_media_url":"https:\/\/www.fcejs.unsl.edu.ar\/wp-content\/uploads\/2025\/09\/becher-conicet-front.jpg","_links":{"self":[{"href":"https:\/\/www.fcejs.unsl.edu.ar\/index.php\/wp-json\/wp\/v2\/posts\/21346","targetHints":{"allow":["GET"]}}],"collection":[{"href":"https:\/\/www.fcejs.unsl.edu.ar\/index.php\/wp-json\/wp\/v2\/posts"}],"about":[{"href":"https:\/\/www.fcejs.unsl.edu.ar\/index.php\/wp-json\/wp\/v2\/types\/post"}],"author":[{"embeddable":true,"href":"https:\/\/www.fcejs.unsl.edu.ar\/index.php\/wp-json\/wp\/v2\/users\/9"}],"replies":[{"embeddable":true,"href":"https:\/\/www.fcejs.unsl.edu.ar\/index.php\/wp-json\/wp\/v2\/comments?post=21346"}],"version-history":[{"count":5,"href":"https:\/\/www.fcejs.unsl.edu.ar\/index.php\/wp-json\/wp\/v2\/posts\/21346\/revisions"}],"predecessor-version":[{"id":21352,"href":"https:\/\/www.fcejs.unsl.edu.ar\/index.php\/wp-json\/wp\/v2\/posts\/21346\/revisions\/21352"}],"wp:featuredmedia":[{"embeddable":true,"href":"https:\/\/www.fcejs.unsl.edu.ar\/index.php\/wp-json\/wp\/v2\/media\/21348"}],"wp:attachment":[{"href":"https:\/\/www.fcejs.unsl.edu.ar\/index.php\/wp-json\/wp\/v2\/media?parent=21346"}],"wp:term":[{"taxonomy":"category","embeddable":true,"href":"https:\/\/www.fcejs.unsl.edu.ar\/index.php\/wp-json\/wp\/v2\/categories?post=21346"},{"taxonomy":"post_tag","embeddable":true,"href":"https:\/\/www.fcejs.unsl.edu.ar\/index.php\/wp-json\/wp\/v2\/tags?post=21346"}],"curies":[{"name":"wp","href":"https:\/\/api.w.org\/{rel}","templated":true}]}}