{"id":21297,"date":"2025-08-30T12:18:11","date_gmt":"2025-08-30T15:18:11","guid":{"rendered":"http:\/\/10.101.10.197\/www\/?p=21297"},"modified":"2025-09-05T10:03:25","modified_gmt":"2025-09-05T13:03:25","slug":"la-seu-realizara-un-taller-de-creacion-de-proyectos-de-extension-universitaria","status":"publish","type":"post","link":"https:\/\/www.fcejs.unsl.edu.ar\/index.php\/la-seu-realizara-un-taller-de-creacion-de-proyectos-de-extension-universitaria\/","title":{"rendered":"La SEU realizar\u00e1 un Taller de Creaci\u00f3n de Proyectos de Extensi\u00f3n Universitaria"},"content":{"rendered":"<p style=\"font-weight: 400;\"><b><strong>La Secretar\u00eda de Extensi\u00f3n Universitaria de la UNSL invita a estudiantes, docentes y nodocentes a participar del Taller de Creaci\u00f3n de Proyectos que estar\u00e1 a cargo de la Dra. Viviana Macchiarola y el Lic. Fabricio Oyarbide, el pr\u00f3ximo 4 de septiembre, a las 9:00 hs, en el Microcine del Centro Cultural UNSL.<\/strong><\/b><\/p>\n<p style=\"font-weight: 400;\">Esta actividad da continuidad a una serie de encuentros que a lo largo del a\u00f1o han tenido lugar en los distintos Campus de la Universidad Nacional de San Luis. El primero fue en abril, titulado\u00a0<b><strong>\u201cLos desaf\u00edos de la extensi\u00f3n universitaria: Internacionalizaci\u00f3n y Curricularizaci\u00f3n\u201d<\/strong><\/b>, organizado de forma conjunta con la Secretar\u00eda de Relaciones Interinstitucionales, y durante el cual se realiz\u00f3 la Reuni\u00f3n de la REXUNI-Cuyo en la UNSL.<\/p>\n<p style=\"font-weight: 400;\">En junio y julio se llevaron a cabo los encuentros:\u00a0<b><strong>\u201cEl estudiante y su rol en la extensi\u00f3n universitaria\u201d<\/strong><\/b>, que la SEU organiz\u00f3 de manera virtual para estudiantes de todas las Facultades de la Universidad, y\u00a0<b><strong>\u201cEl nodocente y su rol en la extensi\u00f3n universitaria\u201d<\/strong><\/b>, con modalidad presencial para el personal de la UNSL en la ciudad de San Luis.<\/p>\n<p style=\"font-weight: 400;\">Este mes acontecieron los encuentros en Villa de Merlo y Villa Mercedes, titulados<b><strong>\u00a0\u201cHacia la curricularizaci\u00f3n de la extensi\u00f3n\u201d<\/strong><\/b>, junto a las Secretar\u00edas de Extensi\u00f3n de las Facultades de Turismo y Urbanismo (FTU), y de Ciencias Econ\u00f3micas, Jur\u00eddicas y Sociales (FCEJS). Del encuentro en la FCEJS tambi\u00e9n participaron integrantes de la Facultad de Ingenier\u00eda y Ciencias Agrarias (FICA). Adem\u00e1s, se han realizado dos encuentros virtuales con la Facultad de Qu\u00edmica Bioqu\u00edmica y Farmacia (FQByF), y -el m\u00e1s reciente- con la Facultad de Ciencias Humanas (FCH).<\/p>\n<p style=\"font-weight: 400;\">El objetivo general ha sido visibilizar el rol de la extensi\u00f3n universitaria y abrir un espacio de debate, intercambio y creaci\u00f3n de propuestas para enfrentar los desaf\u00edos extensionistas, el cual ha servido de punto de partida para desarrollar el\u00a0<b><strong>Taller de Creaci\u00f3n de Proyectos<\/strong><\/b>, que busca consolidar el trabajo de los encuentros anteriores en acciones concretas.<\/p>\n<p style=\"font-weight: 400;\">Esta capacitaci\u00f3n es abierta a toda la comunidad universitaria y estar\u00e1 a cargo de dos referentes extensionistas del pa\u00eds: la doctora\u00a0<b><strong>Viviana Macchiarola<\/strong><\/b>\u00a0(UNRC) y el licenciado\u00a0<b><strong>Fabricio Oyarbide (UNMdP)<\/strong><\/b>. Su objetivo espec\u00edfico es brindar\u00a0<b><strong>herramientas para<\/strong><\/b>\u00a0<b><strong>el dise\u00f1o y la escritura\u00a0<\/strong><\/b>de proyectos de extensi\u00f3n universitaria.<\/p>\n<p style=\"font-weight: 400;\"><b><strong>&#8220;<\/strong><\/b>Es necesario transformar las ideas en propuestas concretas para que realmente generen impacto social, cultural y comunitario. Por ello llevamos adelante esta agenda de encuentros, para visibilizar el sentido y el trabajo extensionista, y brindar las herramientas para ejercerlo&#8221;, explic\u00f3 el secretario<b><strong>\u00a0Manuel Castillo (SEU-UNSL)<\/strong><\/b>.<\/p>\n<p style=\"font-weight: 400;\"><b><strong>Cronograma:<br \/>\n<\/strong><\/b>Jueves 4 de septiembre<br \/>\nDe 9:00 a 13:00 hs<br \/>\nMicrocine, Centro Cultural UNSL, Av. Ej\u00e9rcito de los Andes 950, ciudad de San Luis.<br \/>\n<a href=\"https:\/\/forms.gle\/84TGpMWVghwz4SYS9\">Formulario de inscripci\u00f3n<\/a><\/p>\n","protected":false},"excerpt":{"rendered":"<p>La Secretar\u00eda de Extensi\u00f3n Universitaria de la UNSL invita a estudiantes, docentes y nodocentes a participar del Taller de Creaci\u00f3n de Proyectos que estar\u00e1 a&hellip;<\/p>\n","protected":false},"author":9,"featured_media":21298,"comment_status":"closed","ping_status":"closed","sticky":false,"template":"","format":"standard","meta":{"om_disable_all_campaigns":false,"_monsterinsights_skip_tracking":false,"_monsterinsights_sitenote_active":false,"_monsterinsights_sitenote_note":"","_monsterinsights_sitenote_category":0,"footnotes":""},"categories":[1],"tags":[],"class_list":["post-21297","post","type-post","status-publish","format-standard","has-post-thumbnail","hentry","category-noticias"],"yoast_head":"<!-- This site is optimized with the Yoast SEO plugin v27.4 - https:\/\/yoast.com\/product\/yoast-seo-wordpress\/ -->\n<title>La SEU realizar\u00e1 un Taller de Creaci\u00f3n de Proyectos de Extensi\u00f3n Universitaria - Facultad de Ciencias Econ\u00f3micas, Jur\u00ed\u00addicas y Sociales<\/title>\n<meta name=\"robots\" content=\"index, follow, max-snippet:-1, max-image-preview:large, max-video-preview:-1\" \/>\n<link rel=\"canonical\" href=\"https:\/\/www.fcejs.unsl.edu.ar\/index.php\/la-seu-realizara-un-taller-de-creacion-de-proyectos-de-extension-universitaria\/\" \/>\n<meta property=\"og:locale\" content=\"es_ES\" \/>\n<meta property=\"og:type\" content=\"article\" \/>\n<meta property=\"og:title\" content=\"La SEU realizar\u00e1 un Taller de Creaci\u00f3n de Proyectos de Extensi\u00f3n Universitaria - Facultad de Ciencias Econ\u00f3micas, Jur\u00ed\u00addicas y Sociales\" \/>\n<meta property=\"og:description\" content=\"La Secretar\u00eda de Extensi\u00f3n Universitaria de la UNSL invita a estudiantes, docentes y nodocentes a participar del Taller de Creaci\u00f3n de Proyectos que estar\u00e1 a&hellip;\" \/>\n<meta property=\"og:url\" content=\"https:\/\/www.fcejs.unsl.edu.ar\/index.php\/la-seu-realizara-un-taller-de-creacion-de-proyectos-de-extension-universitaria\/\" \/>\n<meta property=\"og:site_name\" content=\"Facultad de Ciencias Econ\u00f3micas, Jur\u00ed\u00addicas y Sociales\" \/>\n<meta property=\"article:publisher\" content=\"https:\/\/www.facebook.com\/FCEJS.UNSL\/\" \/>\n<meta property=\"article:published_time\" content=\"2025-08-30T15:18:11+00:00\" \/>\n<meta property=\"article:modified_time\" content=\"2025-09-05T13:03:25+00:00\" \/>\n<meta property=\"og:image\" content=\"https:\/\/www.fcejs.unsl.edu.ar\/wp-content\/uploads\/2025\/09\/EXTENSION-TALLER-FRONT.jpg\" \/>\n\t<meta property=\"og:image:width\" content=\"1061\" \/>\n\t<meta property=\"og:image:height\" content=\"585\" \/>\n\t<meta property=\"og:image:type\" content=\"image\/jpeg\" \/>\n<meta name=\"author\" content=\"DATI\" \/>\n<meta name=\"twitter:card\" content=\"summary_large_image\" \/>\n<meta name=\"twitter:creator\" content=\"@FCEJSUNSL\" \/>\n<meta name=\"twitter:site\" content=\"@FCEJSUNSL\" \/>\n<meta name=\"twitter:label1\" content=\"Escrito por\" \/>\n\t<meta name=\"twitter:data1\" content=\"DATI\" \/>\n\t<meta name=\"twitter:label2\" content=\"Tiempo de lectura\" \/>\n\t<meta name=\"twitter:data2\" content=\"3 minutos\" \/>\n<script type=\"application\/ld+json\" class=\"yoast-schema-graph\">{\"@context\":\"https:\\\/\\\/schema.org\",\"@graph\":[{\"@type\":\"Article\",\"@id\":\"https:\\\/\\\/www.fcejs.unsl.edu.ar\\\/index.php\\\/la-seu-realizara-un-taller-de-creacion-de-proyectos-de-extension-universitaria\\\/#article\",\"isPartOf\":{\"@id\":\"https:\\\/\\\/www.fcejs.unsl.edu.ar\\\/index.php\\\/la-seu-realizara-un-taller-de-creacion-de-proyectos-de-extension-universitaria\\\/\"},\"author\":{\"name\":\"DATI\",\"@id\":\"https:\\\/\\\/www.fcejs.unsl.edu.ar\\\/#\\\/schema\\\/person\\\/352ee6ed90c3f394c7cb5945f8956d34\"},\"headline\":\"La SEU realizar\u00e1 un Taller de Creaci\u00f3n de Proyectos de Extensi\u00f3n Universitaria\",\"datePublished\":\"2025-08-30T15:18:11+00:00\",\"dateModified\":\"2025-09-05T13:03:25+00:00\",\"mainEntityOfPage\":{\"@id\":\"https:\\\/\\\/www.fcejs.unsl.edu.ar\\\/index.php\\\/la-seu-realizara-un-taller-de-creacion-de-proyectos-de-extension-universitaria\\\/\"},\"wordCount\":484,\"publisher\":{\"@id\":\"https:\\\/\\\/www.fcejs.unsl.edu.ar\\\/#organization\"},\"image\":{\"@id\":\"https:\\\/\\\/www.fcejs.unsl.edu.ar\\\/index.php\\\/la-seu-realizara-un-taller-de-creacion-de-proyectos-de-extension-universitaria\\\/#primaryimage\"},\"thumbnailUrl\":\"https:\\\/\\\/www.fcejs.unsl.edu.ar\\\/wp-content\\\/uploads\\\/2025\\\/09\\\/EXTENSION-TALLER-FRONT.jpg\",\"articleSection\":[\"Noticias\"],\"inLanguage\":\"es-AR\"},{\"@type\":\"WebPage\",\"@id\":\"https:\\\/\\\/www.fcejs.unsl.edu.ar\\\/index.php\\\/la-seu-realizara-un-taller-de-creacion-de-proyectos-de-extension-universitaria\\\/\",\"url\":\"https:\\\/\\\/www.fcejs.unsl.edu.ar\\\/index.php\\\/la-seu-realizara-un-taller-de-creacion-de-proyectos-de-extension-universitaria\\\/\",\"name\":\"La SEU realizar\u00e1 un Taller de Creaci\u00f3n de Proyectos de Extensi\u00f3n Universitaria - Facultad de Ciencias Econ\u00f3micas, Jur\u00ed\u00addicas y Sociales\",\"isPartOf\":{\"@id\":\"https:\\\/\\\/www.fcejs.unsl.edu.ar\\\/#website\"},\"primaryImageOfPage\":{\"@id\":\"https:\\\/\\\/www.fcejs.unsl.edu.ar\\\/index.php\\\/la-seu-realizara-un-taller-de-creacion-de-proyectos-de-extension-universitaria\\\/#primaryimage\"},\"image\":{\"@id\":\"https:\\\/\\\/www.fcejs.unsl.edu.ar\\\/index.php\\\/la-seu-realizara-un-taller-de-creacion-de-proyectos-de-extension-universitaria\\\/#primaryimage\"},\"thumbnailUrl\":\"https:\\\/\\\/www.fcejs.unsl.edu.ar\\\/wp-content\\\/uploads\\\/2025\\\/09\\\/EXTENSION-TALLER-FRONT.jpg\",\"datePublished\":\"2025-08-30T15:18:11+00:00\",\"dateModified\":\"2025-09-05T13:03:25+00:00\",\"breadcrumb\":{\"@id\":\"https:\\\/\\\/www.fcejs.unsl.edu.ar\\\/index.php\\\/la-seu-realizara-un-taller-de-creacion-de-proyectos-de-extension-universitaria\\\/#breadcrumb\"},\"inLanguage\":\"es-AR\",\"potentialAction\":[{\"@type\":\"ReadAction\",\"target\":[\"https:\\\/\\\/www.fcejs.unsl.edu.ar\\\/index.php\\\/la-seu-realizara-un-taller-de-creacion-de-proyectos-de-extension-universitaria\\\/\"]}]},{\"@type\":\"ImageObject\",\"inLanguage\":\"es-AR\",\"@id\":\"https:\\\/\\\/www.fcejs.unsl.edu.ar\\\/index.php\\\/la-seu-realizara-un-taller-de-creacion-de-proyectos-de-extension-universitaria\\\/#primaryimage\",\"url\":\"https:\\\/\\\/www.fcejs.unsl.edu.ar\\\/wp-content\\\/uploads\\\/2025\\\/09\\\/EXTENSION-TALLER-FRONT.jpg\",\"contentUrl\":\"https:\\\/\\\/www.fcejs.unsl.edu.ar\\\/wp-content\\\/uploads\\\/2025\\\/09\\\/EXTENSION-TALLER-FRONT.jpg\",\"width\":1061,\"height\":585},{\"@type\":\"BreadcrumbList\",\"@id\":\"https:\\\/\\\/www.fcejs.unsl.edu.ar\\\/index.php\\\/la-seu-realizara-un-taller-de-creacion-de-proyectos-de-extension-universitaria\\\/#breadcrumb\",\"itemListElement\":[{\"@type\":\"ListItem\",\"position\":1,\"name\":\"Inicio\",\"item\":\"https:\\\/\\\/www.fcejs.unsl.edu.ar\\\/\"},{\"@type\":\"ListItem\",\"position\":2,\"name\":\"La SEU realizar\u00e1 un Taller de Creaci\u00f3n de Proyectos de Extensi\u00f3n Universitaria\"}]},{\"@type\":\"WebSite\",\"@id\":\"https:\\\/\\\/www.fcejs.unsl.edu.ar\\\/#website\",\"url\":\"https:\\\/\\\/www.fcejs.unsl.edu.ar\\\/\",\"name\":\"Facultad de Ciencias Econ\u00f3micas, Jur\u00ed\u00addicas y Sociales\",\"description\":\"\",\"publisher\":{\"@id\":\"https:\\\/\\\/www.fcejs.unsl.edu.ar\\\/#organization\"},\"potentialAction\":[{\"@type\":\"SearchAction\",\"target\":{\"@type\":\"EntryPoint\",\"urlTemplate\":\"https:\\\/\\\/www.fcejs.unsl.edu.ar\\\/?s={search_term_string}\"},\"query-input\":{\"@type\":\"PropertyValueSpecification\",\"valueRequired\":true,\"valueName\":\"search_term_string\"}}],\"inLanguage\":\"es-AR\"},{\"@type\":\"Organization\",\"@id\":\"https:\\\/\\\/www.fcejs.unsl.edu.ar\\\/#organization\",\"name\":\"Facultad de Ciencias Econ\u00f3micas, Jur\u00eddicas y Sociales\",\"url\":\"https:\\\/\\\/www.fcejs.unsl.edu.ar\\\/\",\"logo\":{\"@type\":\"ImageObject\",\"inLanguage\":\"es-AR\",\"@id\":\"https:\\\/\\\/www.fcejs.unsl.edu.ar\\\/#\\\/schema\\\/logo\\\/image\\\/\",\"url\":\"https:\\\/\\\/www.fcejs.unsl.edu.ar\\\/wp-content\\\/uploads\\\/2021\\\/03\\\/logo-1.jpg\",\"contentUrl\":\"https:\\\/\\\/www.fcejs.unsl.edu.ar\\\/wp-content\\\/uploads\\\/2021\\\/03\\\/logo-1.jpg\",\"width\":471,\"height\":146,\"caption\":\"Facultad de Ciencias Econ\u00f3micas, Jur\u00eddicas y Sociales\"},\"image\":{\"@id\":\"https:\\\/\\\/www.fcejs.unsl.edu.ar\\\/#\\\/schema\\\/logo\\\/image\\\/\"},\"sameAs\":[\"https:\\\/\\\/www.facebook.com\\\/FCEJS.UNSL\\\/\",\"https:\\\/\\\/x.com\\\/FCEJSUNSL\",\"https:\\\/\\\/www.instagram.com\\\/fcejs.unsl\\\/\",\"https:\\\/\\\/www.youtube.com\\\/channel\\\/UCH-Ut6EaN_X5ogjIQMPe46g\\\/\"]},{\"@type\":\"Person\",\"@id\":\"https:\\\/\\\/www.fcejs.unsl.edu.ar\\\/#\\\/schema\\\/person\\\/352ee6ed90c3f394c7cb5945f8956d34\",\"name\":\"DATI\"}]}<\/script>\n<!-- \/ Yoast SEO plugin. -->","yoast_head_json":{"title":"La SEU realizar\u00e1 un Taller de Creaci\u00f3n de Proyectos de Extensi\u00f3n Universitaria - Facultad de Ciencias Econ\u00f3micas, Jur\u00ed\u00addicas y Sociales","robots":{"index":"index","follow":"follow","max-snippet":"max-snippet:-1","max-image-preview":"max-image-preview:large","max-video-preview":"max-video-preview:-1"},"canonical":"https:\/\/www.fcejs.unsl.edu.ar\/index.php\/la-seu-realizara-un-taller-de-creacion-de-proyectos-de-extension-universitaria\/","og_locale":"es_ES","og_type":"article","og_title":"La SEU realizar\u00e1 un Taller de Creaci\u00f3n de Proyectos de Extensi\u00f3n Universitaria - Facultad de Ciencias Econ\u00f3micas, Jur\u00ed\u00addicas y Sociales","og_description":"La Secretar\u00eda de Extensi\u00f3n Universitaria de la UNSL invita a estudiantes, docentes y nodocentes a participar del Taller de Creaci\u00f3n de Proyectos que estar\u00e1 a&hellip;","og_url":"https:\/\/www.fcejs.unsl.edu.ar\/index.php\/la-seu-realizara-un-taller-de-creacion-de-proyectos-de-extension-universitaria\/","og_site_name":"Facultad de Ciencias Econ\u00f3micas, Jur\u00ed\u00addicas y Sociales","article_publisher":"https:\/\/www.facebook.com\/FCEJS.UNSL\/","article_published_time":"2025-08-30T15:18:11+00:00","article_modified_time":"2025-09-05T13:03:25+00:00","og_image":[{"width":1061,"height":585,"url":"https:\/\/www.fcejs.unsl.edu.ar\/wp-content\/uploads\/2025\/09\/EXTENSION-TALLER-FRONT.jpg","type":"image\/jpeg"}],"author":"DATI","twitter_card":"summary_large_image","twitter_creator":"@FCEJSUNSL","twitter_site":"@FCEJSUNSL","twitter_misc":{"Escrito por":"DATI","Tiempo de lectura":"3 minutos"},"schema":{"@context":"https:\/\/schema.org","@graph":[{"@type":"Article","@id":"https:\/\/www.fcejs.unsl.edu.ar\/index.php\/la-seu-realizara-un-taller-de-creacion-de-proyectos-de-extension-universitaria\/#article","isPartOf":{"@id":"https:\/\/www.fcejs.unsl.edu.ar\/index.php\/la-seu-realizara-un-taller-de-creacion-de-proyectos-de-extension-universitaria\/"},"author":{"name":"DATI","@id":"https:\/\/www.fcejs.unsl.edu.ar\/#\/schema\/person\/352ee6ed90c3f394c7cb5945f8956d34"},"headline":"La SEU realizar\u00e1 un Taller de Creaci\u00f3n de Proyectos de Extensi\u00f3n Universitaria","datePublished":"2025-08-30T15:18:11+00:00","dateModified":"2025-09-05T13:03:25+00:00","mainEntityOfPage":{"@id":"https:\/\/www.fcejs.unsl.edu.ar\/index.php\/la-seu-realizara-un-taller-de-creacion-de-proyectos-de-extension-universitaria\/"},"wordCount":484,"publisher":{"@id":"https:\/\/www.fcejs.unsl.edu.ar\/#organization"},"image":{"@id":"https:\/\/www.fcejs.unsl.edu.ar\/index.php\/la-seu-realizara-un-taller-de-creacion-de-proyectos-de-extension-universitaria\/#primaryimage"},"thumbnailUrl":"https:\/\/www.fcejs.unsl.edu.ar\/wp-content\/uploads\/2025\/09\/EXTENSION-TALLER-FRONT.jpg","articleSection":["Noticias"],"inLanguage":"es-AR"},{"@type":"WebPage","@id":"https:\/\/www.fcejs.unsl.edu.ar\/index.php\/la-seu-realizara-un-taller-de-creacion-de-proyectos-de-extension-universitaria\/","url":"https:\/\/www.fcejs.unsl.edu.ar\/index.php\/la-seu-realizara-un-taller-de-creacion-de-proyectos-de-extension-universitaria\/","name":"La SEU realizar\u00e1 un Taller de Creaci\u00f3n de Proyectos de Extensi\u00f3n Universitaria - Facultad de Ciencias Econ\u00f3micas, Jur\u00ed\u00addicas y Sociales","isPartOf":{"@id":"https:\/\/www.fcejs.unsl.edu.ar\/#website"},"primaryImageOfPage":{"@id":"https:\/\/www.fcejs.unsl.edu.ar\/index.php\/la-seu-realizara-un-taller-de-creacion-de-proyectos-de-extension-universitaria\/#primaryimage"},"image":{"@id":"https:\/\/www.fcejs.unsl.edu.ar\/index.php\/la-seu-realizara-un-taller-de-creacion-de-proyectos-de-extension-universitaria\/#primaryimage"},"thumbnailUrl":"https:\/\/www.fcejs.unsl.edu.ar\/wp-content\/uploads\/2025\/09\/EXTENSION-TALLER-FRONT.jpg","datePublished":"2025-08-30T15:18:11+00:00","dateModified":"2025-09-05T13:03:25+00:00","breadcrumb":{"@id":"https:\/\/www.fcejs.unsl.edu.ar\/index.php\/la-seu-realizara-un-taller-de-creacion-de-proyectos-de-extension-universitaria\/#breadcrumb"},"inLanguage":"es-AR","potentialAction":[{"@type":"ReadAction","target":["https:\/\/www.fcejs.unsl.edu.ar\/index.php\/la-seu-realizara-un-taller-de-creacion-de-proyectos-de-extension-universitaria\/"]}]},{"@type":"ImageObject","inLanguage":"es-AR","@id":"https:\/\/www.fcejs.unsl.edu.ar\/index.php\/la-seu-realizara-un-taller-de-creacion-de-proyectos-de-extension-universitaria\/#primaryimage","url":"https:\/\/www.fcejs.unsl.edu.ar\/wp-content\/uploads\/2025\/09\/EXTENSION-TALLER-FRONT.jpg","contentUrl":"https:\/\/www.fcejs.unsl.edu.ar\/wp-content\/uploads\/2025\/09\/EXTENSION-TALLER-FRONT.jpg","width":1061,"height":585},{"@type":"BreadcrumbList","@id":"https:\/\/www.fcejs.unsl.edu.ar\/index.php\/la-seu-realizara-un-taller-de-creacion-de-proyectos-de-extension-universitaria\/#breadcrumb","itemListElement":[{"@type":"ListItem","position":1,"name":"Inicio","item":"https:\/\/www.fcejs.unsl.edu.ar\/"},{"@type":"ListItem","position":2,"name":"La SEU realizar\u00e1 un Taller de Creaci\u00f3n de Proyectos de Extensi\u00f3n Universitaria"}]},{"@type":"WebSite","@id":"https:\/\/www.fcejs.unsl.edu.ar\/#website","url":"https:\/\/www.fcejs.unsl.edu.ar\/","name":"Facultad de Ciencias Econ\u00f3micas, Jur\u00ed\u00addicas y Sociales","description":"","publisher":{"@id":"https:\/\/www.fcejs.unsl.edu.ar\/#organization"},"potentialAction":[{"@type":"SearchAction","target":{"@type":"EntryPoint","urlTemplate":"https:\/\/www.fcejs.unsl.edu.ar\/?s={search_term_string}"},"query-input":{"@type":"PropertyValueSpecification","valueRequired":true,"valueName":"search_term_string"}}],"inLanguage":"es-AR"},{"@type":"Organization","@id":"https:\/\/www.fcejs.unsl.edu.ar\/#organization","name":"Facultad de Ciencias Econ\u00f3micas, Jur\u00eddicas y Sociales","url":"https:\/\/www.fcejs.unsl.edu.ar\/","logo":{"@type":"ImageObject","inLanguage":"es-AR","@id":"https:\/\/www.fcejs.unsl.edu.ar\/#\/schema\/logo\/image\/","url":"https:\/\/www.fcejs.unsl.edu.ar\/wp-content\/uploads\/2021\/03\/logo-1.jpg","contentUrl":"https:\/\/www.fcejs.unsl.edu.ar\/wp-content\/uploads\/2021\/03\/logo-1.jpg","width":471,"height":146,"caption":"Facultad de Ciencias Econ\u00f3micas, Jur\u00eddicas y Sociales"},"image":{"@id":"https:\/\/www.fcejs.unsl.edu.ar\/#\/schema\/logo\/image\/"},"sameAs":["https:\/\/www.facebook.com\/FCEJS.UNSL\/","https:\/\/x.com\/FCEJSUNSL","https:\/\/www.instagram.com\/fcejs.unsl\/","https:\/\/www.youtube.com\/channel\/UCH-Ut6EaN_X5ogjIQMPe46g\/"]},{"@type":"Person","@id":"https:\/\/www.fcejs.unsl.edu.ar\/#\/schema\/person\/352ee6ed90c3f394c7cb5945f8956d34","name":"DATI"}]}},"jetpack_featured_media_url":"https:\/\/www.fcejs.unsl.edu.ar\/wp-content\/uploads\/2025\/09\/EXTENSION-TALLER-FRONT.jpg","_links":{"self":[{"href":"https:\/\/www.fcejs.unsl.edu.ar\/index.php\/wp-json\/wp\/v2\/posts\/21297","targetHints":{"allow":["GET"]}}],"collection":[{"href":"https:\/\/www.fcejs.unsl.edu.ar\/index.php\/wp-json\/wp\/v2\/posts"}],"about":[{"href":"https:\/\/www.fcejs.unsl.edu.ar\/index.php\/wp-json\/wp\/v2\/types\/post"}],"author":[{"embeddable":true,"href":"https:\/\/www.fcejs.unsl.edu.ar\/index.php\/wp-json\/wp\/v2\/users\/9"}],"replies":[{"embeddable":true,"href":"https:\/\/www.fcejs.unsl.edu.ar\/index.php\/wp-json\/wp\/v2\/comments?post=21297"}],"version-history":[{"count":1,"href":"https:\/\/www.fcejs.unsl.edu.ar\/index.php\/wp-json\/wp\/v2\/posts\/21297\/revisions"}],"predecessor-version":[{"id":21299,"href":"https:\/\/www.fcejs.unsl.edu.ar\/index.php\/wp-json\/wp\/v2\/posts\/21297\/revisions\/21299"}],"wp:featuredmedia":[{"embeddable":true,"href":"https:\/\/www.fcejs.unsl.edu.ar\/index.php\/wp-json\/wp\/v2\/media\/21298"}],"wp:attachment":[{"href":"https:\/\/www.fcejs.unsl.edu.ar\/index.php\/wp-json\/wp\/v2\/media?parent=21297"}],"wp:term":[{"taxonomy":"category","embeddable":true,"href":"https:\/\/www.fcejs.unsl.edu.ar\/index.php\/wp-json\/wp\/v2\/categories?post=21297"},{"taxonomy":"post_tag","embeddable":true,"href":"https:\/\/www.fcejs.unsl.edu.ar\/index.php\/wp-json\/wp\/v2\/tags?post=21297"}],"curies":[{"name":"wp","href":"https:\/\/api.w.org\/{rel}","templated":true}]}}