{"id":21110,"date":"2025-08-07T09:11:14","date_gmt":"2025-08-07T12:11:14","guid":{"rendered":"http:\/\/10.101.10.197\/www\/?p=21110"},"modified":"2025-08-29T08:43:34","modified_gmt":"2025-08-29T11:43:34","slug":"la-unsl-avanza-con-tareas-de-recuperacion-documental-en-villa-mercedes","status":"publish","type":"post","link":"https:\/\/www.fcejs.unsl.edu.ar\/index.php\/la-unsl-avanza-con-tareas-de-recuperacion-documental-en-villa-mercedes\/","title":{"rendered":"La UNSL avanza con tareas de recuperaci\u00f3n documental en Villa Mercedes"},"content":{"rendered":"<p>La Comisi\u00f3n de Restituci\u00f3n, Digitalizaci\u00f3n, Preservaci\u00f3n y Entrega de Legajos de la Universidad Nacional de San Luis realiz\u00f3 una nueva jornada de trabajo en el Centro Universitario Villa Mercedes de la UNSL.<\/p>\n<p>Durante la visita, el equipo llev\u00f3 a cabo tareas de limpieza, identificaci\u00f3n y digitalizaci\u00f3n de documentos vinculados a v\u00edctimas del terrorismo de Estado durante la \u00faltima dictadura c\u00edvico-militar (1976-1983), correspondientes a la ex Facultad de Ingenier\u00eda y Ciencias Econ\u00f3mico Sociales (FICES).<\/p>\n<p>Esta actividad se enmarca en la agenda de acciones prevista para este tramo del a\u00f1o por la Comisi\u00f3n, que fue creada con el objetivo de contribuir al proceso de reparaci\u00f3n hist\u00f3rica de estudiantes, graduados y trabajadores\/as de la UNSL afectados por el accionar represivo estatal.<\/p>\n<p><img fetchpriority=\"high\" decoding=\"async\" class=\"aligncenter wp-image-21112 size-full\" src=\"https:\/\/www.fcejs.unsl.edu.ar\/wp-content\/uploads\/2025\/08\/recuperacion-documental-en-Villa-Mercedes-1.jpeg\" alt=\"\" width=\"1600\" height=\"1200\" srcset=\"https:\/\/www.fcejs.unsl.edu.ar\/wp-content\/uploads\/2025\/08\/recuperacion-documental-en-Villa-Mercedes-1.jpeg 1600w, https:\/\/www.fcejs.unsl.edu.ar\/wp-content\/uploads\/2025\/08\/recuperacion-documental-en-Villa-Mercedes-1-300x225.jpeg 300w, https:\/\/www.fcejs.unsl.edu.ar\/wp-content\/uploads\/2025\/08\/recuperacion-documental-en-Villa-Mercedes-1-1024x768.jpeg 1024w, https:\/\/www.fcejs.unsl.edu.ar\/wp-content\/uploads\/2025\/08\/recuperacion-documental-en-Villa-Mercedes-1-768x576.jpeg 768w, https:\/\/www.fcejs.unsl.edu.ar\/wp-content\/uploads\/2025\/08\/recuperacion-documental-en-Villa-Mercedes-1-1536x1152.jpeg 1536w\" sizes=\"(max-width: 1600px) 100vw, 1600px\" \/><\/p>\n<p>El grupo de trabajo est\u00e1 conformado por representantes de los gremios docentes, nodocentes, del claustro estudiantil, del Archivo Hist\u00f3rico de la UNSL y de la Coordinaci\u00f3n Institucional de Derechos Humanos de la Universidad, la cual es coordinada por la Esp. Ana Mar\u00eda Garraza y la Dra. Sonia Riveros.\u00a0La Comisi\u00f3n fue aprobada por Ordenanza del Consejo Superior N.\u00ba 12\/2024, y se propone profundizar las pol\u00edticas institucionales de memoria, verdad y justicia en el \u00e1mbito universitario.<\/p>\n<p>Adem\u00e1s, la Comisi\u00f3n se suma a las acciones que se vienen realizando en otras universidades nacionales del pa\u00eds en relaci\u00f3n con la restituci\u00f3n de legajos, y traza una amplia agenda de trabajo centrada en la reparaci\u00f3n y la construcci\u00f3n de memoria colectiva.<\/p>\n<p>En diciembre de 2024, en el marco del acto por el D\u00eda Internacional de los Derechos Humanos y la entrega del Premio Mauricio L\u00f3pez, la UNSL realiz\u00f3 la entrega simb\u00f3lica de los primeros tres legajos restituidos. Este a\u00f1o, se prev\u00e9 continuar con esta pol\u00edtica reparatoria mediante la entrega de tres nuevos legajos de v\u00edctimas del terrorismo de Estado, reafirmando el compromiso sostenido de la Universidad con la memoria, la verdad y la justicia.<\/p>\n<p><img decoding=\"async\" class=\"aligncenter wp-image-21113 size-full\" src=\"https:\/\/www.fcejs.unsl.edu.ar\/wp-content\/uploads\/2025\/08\/recuperacion-documental-en-Villa-Mercedes-8.jpeg\" alt=\"\" width=\"1600\" height=\"720\" srcset=\"https:\/\/www.fcejs.unsl.edu.ar\/wp-content\/uploads\/2025\/08\/recuperacion-documental-en-Villa-Mercedes-8.jpeg 1600w, https:\/\/www.fcejs.unsl.edu.ar\/wp-content\/uploads\/2025\/08\/recuperacion-documental-en-Villa-Mercedes-8-300x135.jpeg 300w, https:\/\/www.fcejs.unsl.edu.ar\/wp-content\/uploads\/2025\/08\/recuperacion-documental-en-Villa-Mercedes-8-1024x461.jpeg 1024w, https:\/\/www.fcejs.unsl.edu.ar\/wp-content\/uploads\/2025\/08\/recuperacion-documental-en-Villa-Mercedes-8-768x346.jpeg 768w, https:\/\/www.fcejs.unsl.edu.ar\/wp-content\/uploads\/2025\/08\/recuperacion-documental-en-Villa-Mercedes-8-1536x691.jpeg 1536w\" sizes=\"(max-width: 1600px) 100vw, 1600px\" \/><\/p>\n","protected":false},"excerpt":{"rendered":"<p>La Comisi\u00f3n de Restituci\u00f3n, Digitalizaci\u00f3n, Preservaci\u00f3n y Entrega de Legajos de la Universidad Nacional de San Luis realiz\u00f3 una nueva jornada de trabajo en el&hellip;<\/p>\n","protected":false},"author":9,"featured_media":21111,"comment_status":"closed","ping_status":"closed","sticky":false,"template":"","format":"standard","meta":{"om_disable_all_campaigns":false,"_monsterinsights_skip_tracking":false,"_monsterinsights_sitenote_active":false,"_monsterinsights_sitenote_note":"","_monsterinsights_sitenote_category":0,"footnotes":""},"categories":[1],"tags":[],"class_list":["post-21110","post","type-post","status-publish","format-standard","has-post-thumbnail","hentry","category-noticias"],"yoast_head":"<!-- This site is optimized with the Yoast SEO plugin v27.5 - https:\/\/yoast.com\/product\/yoast-seo-wordpress\/ -->\n<title>La UNSL avanza con tareas de recuperaci\u00f3n documental en Villa Mercedes - Facultad de Ciencias Econ\u00f3micas, Jur\u00ed\u00addicas y Sociales<\/title>\n<meta name=\"robots\" content=\"index, follow, max-snippet:-1, max-image-preview:large, max-video-preview:-1\" \/>\n<link rel=\"canonical\" href=\"https:\/\/www.fcejs.unsl.edu.ar\/index.php\/la-unsl-avanza-con-tareas-de-recuperacion-documental-en-villa-mercedes\/\" \/>\n<meta property=\"og:locale\" content=\"es_ES\" \/>\n<meta property=\"og:type\" content=\"article\" \/>\n<meta property=\"og:title\" content=\"La UNSL avanza con tareas de recuperaci\u00f3n documental en Villa Mercedes - Facultad de Ciencias Econ\u00f3micas, Jur\u00ed\u00addicas y Sociales\" \/>\n<meta property=\"og:description\" content=\"La Comisi\u00f3n de Restituci\u00f3n, Digitalizaci\u00f3n, Preservaci\u00f3n y Entrega de Legajos de la Universidad Nacional de San Luis realiz\u00f3 una nueva jornada de trabajo en el&hellip;\" \/>\n<meta property=\"og:url\" content=\"https:\/\/www.fcejs.unsl.edu.ar\/index.php\/la-unsl-avanza-con-tareas-de-recuperacion-documental-en-villa-mercedes\/\" \/>\n<meta property=\"og:site_name\" content=\"Facultad de Ciencias Econ\u00f3micas, Jur\u00ed\u00addicas y Sociales\" \/>\n<meta property=\"article:publisher\" content=\"https:\/\/www.facebook.com\/FCEJS.UNSL\/\" \/>\n<meta property=\"article:published_time\" content=\"2025-08-07T12:11:14+00:00\" \/>\n<meta property=\"article:modified_time\" content=\"2025-08-29T11:43:34+00:00\" \/>\n<meta property=\"og:image\" content=\"https:\/\/www.fcejs.unsl.edu.ar\/wp-content\/uploads\/2025\/08\/recuperacion-documental-en-Villa-Mercedes-front.jpg\" \/>\n\t<meta property=\"og:image:width\" content=\"1152\" \/>\n\t<meta property=\"og:image:height\" content=\"647\" \/>\n\t<meta property=\"og:image:type\" content=\"image\/jpeg\" \/>\n<meta name=\"author\" content=\"DATI\" \/>\n<meta name=\"twitter:card\" content=\"summary_large_image\" \/>\n<meta name=\"twitter:creator\" content=\"@FCEJSUNSL\" \/>\n<meta name=\"twitter:site\" content=\"@FCEJSUNSL\" \/>\n<meta name=\"twitter:label1\" content=\"Escrito por\" \/>\n\t<meta name=\"twitter:data1\" content=\"DATI\" \/>\n\t<meta name=\"twitter:label2\" content=\"Tiempo de lectura\" \/>\n\t<meta name=\"twitter:data2\" content=\"3 minutos\" \/>\n<script type=\"application\/ld+json\" class=\"yoast-schema-graph\">{\"@context\":\"https:\\\/\\\/schema.org\",\"@graph\":[{\"@type\":\"Article\",\"@id\":\"https:\\\/\\\/www.fcejs.unsl.edu.ar\\\/index.php\\\/la-unsl-avanza-con-tareas-de-recuperacion-documental-en-villa-mercedes\\\/#article\",\"isPartOf\":{\"@id\":\"https:\\\/\\\/www.fcejs.unsl.edu.ar\\\/index.php\\\/la-unsl-avanza-con-tareas-de-recuperacion-documental-en-villa-mercedes\\\/\"},\"author\":{\"name\":\"DATI\",\"@id\":\"https:\\\/\\\/www.fcejs.unsl.edu.ar\\\/#\\\/schema\\\/person\\\/352ee6ed90c3f394c7cb5945f8956d34\"},\"headline\":\"La UNSL avanza con tareas de recuperaci\u00f3n documental en Villa Mercedes\",\"datePublished\":\"2025-08-07T12:11:14+00:00\",\"dateModified\":\"2025-08-29T11:43:34+00:00\",\"mainEntityOfPage\":{\"@id\":\"https:\\\/\\\/www.fcejs.unsl.edu.ar\\\/index.php\\\/la-unsl-avanza-con-tareas-de-recuperacion-documental-en-villa-mercedes\\\/\"},\"wordCount\":351,\"publisher\":{\"@id\":\"https:\\\/\\\/www.fcejs.unsl.edu.ar\\\/#organization\"},\"image\":{\"@id\":\"https:\\\/\\\/www.fcejs.unsl.edu.ar\\\/index.php\\\/la-unsl-avanza-con-tareas-de-recuperacion-documental-en-villa-mercedes\\\/#primaryimage\"},\"thumbnailUrl\":\"https:\\\/\\\/www.fcejs.unsl.edu.ar\\\/wp-content\\\/uploads\\\/2025\\\/08\\\/recuperacion-documental-en-Villa-Mercedes-front.jpg\",\"articleSection\":[\"Noticias\"],\"inLanguage\":\"es-AR\"},{\"@type\":\"WebPage\",\"@id\":\"https:\\\/\\\/www.fcejs.unsl.edu.ar\\\/index.php\\\/la-unsl-avanza-con-tareas-de-recuperacion-documental-en-villa-mercedes\\\/\",\"url\":\"https:\\\/\\\/www.fcejs.unsl.edu.ar\\\/index.php\\\/la-unsl-avanza-con-tareas-de-recuperacion-documental-en-villa-mercedes\\\/\",\"name\":\"La UNSL avanza con tareas de recuperaci\u00f3n documental en Villa Mercedes - Facultad de Ciencias Econ\u00f3micas, Jur\u00ed\u00addicas y Sociales\",\"isPartOf\":{\"@id\":\"https:\\\/\\\/www.fcejs.unsl.edu.ar\\\/#website\"},\"primaryImageOfPage\":{\"@id\":\"https:\\\/\\\/www.fcejs.unsl.edu.ar\\\/index.php\\\/la-unsl-avanza-con-tareas-de-recuperacion-documental-en-villa-mercedes\\\/#primaryimage\"},\"image\":{\"@id\":\"https:\\\/\\\/www.fcejs.unsl.edu.ar\\\/index.php\\\/la-unsl-avanza-con-tareas-de-recuperacion-documental-en-villa-mercedes\\\/#primaryimage\"},\"thumbnailUrl\":\"https:\\\/\\\/www.fcejs.unsl.edu.ar\\\/wp-content\\\/uploads\\\/2025\\\/08\\\/recuperacion-documental-en-Villa-Mercedes-front.jpg\",\"datePublished\":\"2025-08-07T12:11:14+00:00\",\"dateModified\":\"2025-08-29T11:43:34+00:00\",\"breadcrumb\":{\"@id\":\"https:\\\/\\\/www.fcejs.unsl.edu.ar\\\/index.php\\\/la-unsl-avanza-con-tareas-de-recuperacion-documental-en-villa-mercedes\\\/#breadcrumb\"},\"inLanguage\":\"es-AR\",\"potentialAction\":[{\"@type\":\"ReadAction\",\"target\":[\"https:\\\/\\\/www.fcejs.unsl.edu.ar\\\/index.php\\\/la-unsl-avanza-con-tareas-de-recuperacion-documental-en-villa-mercedes\\\/\"]}]},{\"@type\":\"ImageObject\",\"inLanguage\":\"es-AR\",\"@id\":\"https:\\\/\\\/www.fcejs.unsl.edu.ar\\\/index.php\\\/la-unsl-avanza-con-tareas-de-recuperacion-documental-en-villa-mercedes\\\/#primaryimage\",\"url\":\"https:\\\/\\\/www.fcejs.unsl.edu.ar\\\/wp-content\\\/uploads\\\/2025\\\/08\\\/recuperacion-documental-en-Villa-Mercedes-front.jpg\",\"contentUrl\":\"https:\\\/\\\/www.fcejs.unsl.edu.ar\\\/wp-content\\\/uploads\\\/2025\\\/08\\\/recuperacion-documental-en-Villa-Mercedes-front.jpg\",\"width\":1152,\"height\":647},{\"@type\":\"BreadcrumbList\",\"@id\":\"https:\\\/\\\/www.fcejs.unsl.edu.ar\\\/index.php\\\/la-unsl-avanza-con-tareas-de-recuperacion-documental-en-villa-mercedes\\\/#breadcrumb\",\"itemListElement\":[{\"@type\":\"ListItem\",\"position\":1,\"name\":\"Inicio\",\"item\":\"https:\\\/\\\/www.fcejs.unsl.edu.ar\\\/\"},{\"@type\":\"ListItem\",\"position\":2,\"name\":\"La UNSL avanza con tareas de recuperaci\u00f3n documental en Villa Mercedes\"}]},{\"@type\":\"WebSite\",\"@id\":\"https:\\\/\\\/www.fcejs.unsl.edu.ar\\\/#website\",\"url\":\"https:\\\/\\\/www.fcejs.unsl.edu.ar\\\/\",\"name\":\"Facultad de Ciencias Econ\u00f3micas, Jur\u00ed\u00addicas y Sociales\",\"description\":\"\",\"publisher\":{\"@id\":\"https:\\\/\\\/www.fcejs.unsl.edu.ar\\\/#organization\"},\"potentialAction\":[{\"@type\":\"SearchAction\",\"target\":{\"@type\":\"EntryPoint\",\"urlTemplate\":\"https:\\\/\\\/www.fcejs.unsl.edu.ar\\\/?s={search_term_string}\"},\"query-input\":{\"@type\":\"PropertyValueSpecification\",\"valueRequired\":true,\"valueName\":\"search_term_string\"}}],\"inLanguage\":\"es-AR\"},{\"@type\":\"Organization\",\"@id\":\"https:\\\/\\\/www.fcejs.unsl.edu.ar\\\/#organization\",\"name\":\"Facultad de Ciencias Econ\u00f3micas, Jur\u00eddicas y Sociales\",\"url\":\"https:\\\/\\\/www.fcejs.unsl.edu.ar\\\/\",\"logo\":{\"@type\":\"ImageObject\",\"inLanguage\":\"es-AR\",\"@id\":\"https:\\\/\\\/www.fcejs.unsl.edu.ar\\\/#\\\/schema\\\/logo\\\/image\\\/\",\"url\":\"https:\\\/\\\/www.fcejs.unsl.edu.ar\\\/wp-content\\\/uploads\\\/2021\\\/03\\\/logo-1.jpg\",\"contentUrl\":\"https:\\\/\\\/www.fcejs.unsl.edu.ar\\\/wp-content\\\/uploads\\\/2021\\\/03\\\/logo-1.jpg\",\"width\":471,\"height\":146,\"caption\":\"Facultad de Ciencias Econ\u00f3micas, Jur\u00eddicas y Sociales\"},\"image\":{\"@id\":\"https:\\\/\\\/www.fcejs.unsl.edu.ar\\\/#\\\/schema\\\/logo\\\/image\\\/\"},\"sameAs\":[\"https:\\\/\\\/www.facebook.com\\\/FCEJS.UNSL\\\/\",\"https:\\\/\\\/x.com\\\/FCEJSUNSL\",\"https:\\\/\\\/www.instagram.com\\\/fcejs.unsl\\\/\",\"https:\\\/\\\/www.youtube.com\\\/channel\\\/UCH-Ut6EaN_X5ogjIQMPe46g\\\/\"]},{\"@type\":\"Person\",\"@id\":\"https:\\\/\\\/www.fcejs.unsl.edu.ar\\\/#\\\/schema\\\/person\\\/352ee6ed90c3f394c7cb5945f8956d34\",\"name\":\"DATI\"}]}<\/script>\n<!-- \/ Yoast SEO plugin. -->","yoast_head_json":{"title":"La UNSL avanza con tareas de recuperaci\u00f3n documental en Villa Mercedes - Facultad de Ciencias Econ\u00f3micas, Jur\u00ed\u00addicas y Sociales","robots":{"index":"index","follow":"follow","max-snippet":"max-snippet:-1","max-image-preview":"max-image-preview:large","max-video-preview":"max-video-preview:-1"},"canonical":"https:\/\/www.fcejs.unsl.edu.ar\/index.php\/la-unsl-avanza-con-tareas-de-recuperacion-documental-en-villa-mercedes\/","og_locale":"es_ES","og_type":"article","og_title":"La UNSL avanza con tareas de recuperaci\u00f3n documental en Villa Mercedes - Facultad de Ciencias Econ\u00f3micas, Jur\u00ed\u00addicas y Sociales","og_description":"La Comisi\u00f3n de Restituci\u00f3n, Digitalizaci\u00f3n, Preservaci\u00f3n y Entrega de Legajos de la Universidad Nacional de San Luis realiz\u00f3 una nueva jornada de trabajo en el&hellip;","og_url":"https:\/\/www.fcejs.unsl.edu.ar\/index.php\/la-unsl-avanza-con-tareas-de-recuperacion-documental-en-villa-mercedes\/","og_site_name":"Facultad de Ciencias Econ\u00f3micas, Jur\u00ed\u00addicas y Sociales","article_publisher":"https:\/\/www.facebook.com\/FCEJS.UNSL\/","article_published_time":"2025-08-07T12:11:14+00:00","article_modified_time":"2025-08-29T11:43:34+00:00","og_image":[{"width":1152,"height":647,"url":"https:\/\/www.fcejs.unsl.edu.ar\/wp-content\/uploads\/2025\/08\/recuperacion-documental-en-Villa-Mercedes-front.jpg","type":"image\/jpeg"}],"author":"DATI","twitter_card":"summary_large_image","twitter_creator":"@FCEJSUNSL","twitter_site":"@FCEJSUNSL","twitter_misc":{"Escrito por":"DATI","Tiempo de lectura":"3 minutos"},"schema":{"@context":"https:\/\/schema.org","@graph":[{"@type":"Article","@id":"https:\/\/www.fcejs.unsl.edu.ar\/index.php\/la-unsl-avanza-con-tareas-de-recuperacion-documental-en-villa-mercedes\/#article","isPartOf":{"@id":"https:\/\/www.fcejs.unsl.edu.ar\/index.php\/la-unsl-avanza-con-tareas-de-recuperacion-documental-en-villa-mercedes\/"},"author":{"name":"DATI","@id":"https:\/\/www.fcejs.unsl.edu.ar\/#\/schema\/person\/352ee6ed90c3f394c7cb5945f8956d34"},"headline":"La UNSL avanza con tareas de recuperaci\u00f3n documental en Villa Mercedes","datePublished":"2025-08-07T12:11:14+00:00","dateModified":"2025-08-29T11:43:34+00:00","mainEntityOfPage":{"@id":"https:\/\/www.fcejs.unsl.edu.ar\/index.php\/la-unsl-avanza-con-tareas-de-recuperacion-documental-en-villa-mercedes\/"},"wordCount":351,"publisher":{"@id":"https:\/\/www.fcejs.unsl.edu.ar\/#organization"},"image":{"@id":"https:\/\/www.fcejs.unsl.edu.ar\/index.php\/la-unsl-avanza-con-tareas-de-recuperacion-documental-en-villa-mercedes\/#primaryimage"},"thumbnailUrl":"https:\/\/www.fcejs.unsl.edu.ar\/wp-content\/uploads\/2025\/08\/recuperacion-documental-en-Villa-Mercedes-front.jpg","articleSection":["Noticias"],"inLanguage":"es-AR"},{"@type":"WebPage","@id":"https:\/\/www.fcejs.unsl.edu.ar\/index.php\/la-unsl-avanza-con-tareas-de-recuperacion-documental-en-villa-mercedes\/","url":"https:\/\/www.fcejs.unsl.edu.ar\/index.php\/la-unsl-avanza-con-tareas-de-recuperacion-documental-en-villa-mercedes\/","name":"La UNSL avanza con tareas de recuperaci\u00f3n documental en Villa Mercedes - Facultad de Ciencias Econ\u00f3micas, Jur\u00ed\u00addicas y Sociales","isPartOf":{"@id":"https:\/\/www.fcejs.unsl.edu.ar\/#website"},"primaryImageOfPage":{"@id":"https:\/\/www.fcejs.unsl.edu.ar\/index.php\/la-unsl-avanza-con-tareas-de-recuperacion-documental-en-villa-mercedes\/#primaryimage"},"image":{"@id":"https:\/\/www.fcejs.unsl.edu.ar\/index.php\/la-unsl-avanza-con-tareas-de-recuperacion-documental-en-villa-mercedes\/#primaryimage"},"thumbnailUrl":"https:\/\/www.fcejs.unsl.edu.ar\/wp-content\/uploads\/2025\/08\/recuperacion-documental-en-Villa-Mercedes-front.jpg","datePublished":"2025-08-07T12:11:14+00:00","dateModified":"2025-08-29T11:43:34+00:00","breadcrumb":{"@id":"https:\/\/www.fcejs.unsl.edu.ar\/index.php\/la-unsl-avanza-con-tareas-de-recuperacion-documental-en-villa-mercedes\/#breadcrumb"},"inLanguage":"es-AR","potentialAction":[{"@type":"ReadAction","target":["https:\/\/www.fcejs.unsl.edu.ar\/index.php\/la-unsl-avanza-con-tareas-de-recuperacion-documental-en-villa-mercedes\/"]}]},{"@type":"ImageObject","inLanguage":"es-AR","@id":"https:\/\/www.fcejs.unsl.edu.ar\/index.php\/la-unsl-avanza-con-tareas-de-recuperacion-documental-en-villa-mercedes\/#primaryimage","url":"https:\/\/www.fcejs.unsl.edu.ar\/wp-content\/uploads\/2025\/08\/recuperacion-documental-en-Villa-Mercedes-front.jpg","contentUrl":"https:\/\/www.fcejs.unsl.edu.ar\/wp-content\/uploads\/2025\/08\/recuperacion-documental-en-Villa-Mercedes-front.jpg","width":1152,"height":647},{"@type":"BreadcrumbList","@id":"https:\/\/www.fcejs.unsl.edu.ar\/index.php\/la-unsl-avanza-con-tareas-de-recuperacion-documental-en-villa-mercedes\/#breadcrumb","itemListElement":[{"@type":"ListItem","position":1,"name":"Inicio","item":"https:\/\/www.fcejs.unsl.edu.ar\/"},{"@type":"ListItem","position":2,"name":"La UNSL avanza con tareas de recuperaci\u00f3n documental en Villa Mercedes"}]},{"@type":"WebSite","@id":"https:\/\/www.fcejs.unsl.edu.ar\/#website","url":"https:\/\/www.fcejs.unsl.edu.ar\/","name":"Facultad de Ciencias Econ\u00f3micas, Jur\u00ed\u00addicas y Sociales","description":"","publisher":{"@id":"https:\/\/www.fcejs.unsl.edu.ar\/#organization"},"potentialAction":[{"@type":"SearchAction","target":{"@type":"EntryPoint","urlTemplate":"https:\/\/www.fcejs.unsl.edu.ar\/?s={search_term_string}"},"query-input":{"@type":"PropertyValueSpecification","valueRequired":true,"valueName":"search_term_string"}}],"inLanguage":"es-AR"},{"@type":"Organization","@id":"https:\/\/www.fcejs.unsl.edu.ar\/#organization","name":"Facultad de Ciencias Econ\u00f3micas, Jur\u00eddicas y Sociales","url":"https:\/\/www.fcejs.unsl.edu.ar\/","logo":{"@type":"ImageObject","inLanguage":"es-AR","@id":"https:\/\/www.fcejs.unsl.edu.ar\/#\/schema\/logo\/image\/","url":"https:\/\/www.fcejs.unsl.edu.ar\/wp-content\/uploads\/2021\/03\/logo-1.jpg","contentUrl":"https:\/\/www.fcejs.unsl.edu.ar\/wp-content\/uploads\/2021\/03\/logo-1.jpg","width":471,"height":146,"caption":"Facultad de Ciencias Econ\u00f3micas, Jur\u00eddicas y Sociales"},"image":{"@id":"https:\/\/www.fcejs.unsl.edu.ar\/#\/schema\/logo\/image\/"},"sameAs":["https:\/\/www.facebook.com\/FCEJS.UNSL\/","https:\/\/x.com\/FCEJSUNSL","https:\/\/www.instagram.com\/fcejs.unsl\/","https:\/\/www.youtube.com\/channel\/UCH-Ut6EaN_X5ogjIQMPe46g\/"]},{"@type":"Person","@id":"https:\/\/www.fcejs.unsl.edu.ar\/#\/schema\/person\/352ee6ed90c3f394c7cb5945f8956d34","name":"DATI"}]}},"jetpack_featured_media_url":"https:\/\/www.fcejs.unsl.edu.ar\/wp-content\/uploads\/2025\/08\/recuperacion-documental-en-Villa-Mercedes-front.jpg","_links":{"self":[{"href":"https:\/\/www.fcejs.unsl.edu.ar\/index.php\/wp-json\/wp\/v2\/posts\/21110","targetHints":{"allow":["GET"]}}],"collection":[{"href":"https:\/\/www.fcejs.unsl.edu.ar\/index.php\/wp-json\/wp\/v2\/posts"}],"about":[{"href":"https:\/\/www.fcejs.unsl.edu.ar\/index.php\/wp-json\/wp\/v2\/types\/post"}],"author":[{"embeddable":true,"href":"https:\/\/www.fcejs.unsl.edu.ar\/index.php\/wp-json\/wp\/v2\/users\/9"}],"replies":[{"embeddable":true,"href":"https:\/\/www.fcejs.unsl.edu.ar\/index.php\/wp-json\/wp\/v2\/comments?post=21110"}],"version-history":[{"count":1,"href":"https:\/\/www.fcejs.unsl.edu.ar\/index.php\/wp-json\/wp\/v2\/posts\/21110\/revisions"}],"predecessor-version":[{"id":21114,"href":"https:\/\/www.fcejs.unsl.edu.ar\/index.php\/wp-json\/wp\/v2\/posts\/21110\/revisions\/21114"}],"wp:featuredmedia":[{"embeddable":true,"href":"https:\/\/www.fcejs.unsl.edu.ar\/index.php\/wp-json\/wp\/v2\/media\/21111"}],"wp:attachment":[{"href":"https:\/\/www.fcejs.unsl.edu.ar\/index.php\/wp-json\/wp\/v2\/media?parent=21110"}],"wp:term":[{"taxonomy":"category","embeddable":true,"href":"https:\/\/www.fcejs.unsl.edu.ar\/index.php\/wp-json\/wp\/v2\/categories?post=21110"},{"taxonomy":"post_tag","embeddable":true,"href":"https:\/\/www.fcejs.unsl.edu.ar\/index.php\/wp-json\/wp\/v2\/tags?post=21110"}],"curies":[{"name":"wp","href":"https:\/\/api.w.org\/{rel}","templated":true}]}}