{"id":21088,"date":"2025-08-01T12:01:29","date_gmt":"2025-08-01T15:01:29","guid":{"rendered":"http:\/\/10.101.10.197\/www\/?p=21088"},"modified":"2025-08-29T08:42:49","modified_gmt":"2025-08-29T11:42:49","slug":"la-dra-maria-eugenia-hermida-brindara-el-curso-de-posgrado-estado-politicas-publicas-y-genero-a-cargo-de-la-dra-maria-eugenia-hermida","status":"publish","type":"post","link":"https:\/\/www.fcejs.unsl.edu.ar\/index.php\/la-dra-maria-eugenia-hermida-brindara-el-curso-de-posgrado-estado-politicas-publicas-y-genero-a-cargo-de-la-dra-maria-eugenia-hermida\/","title":{"rendered":"La Dra. Mar\u00eda Eugenia Hermida brindar\u00e1 el curso de posgrado \u201cEstado, Pol\u00edticas P\u00fablicas y G\u00e9nero\u201d"},"content":{"rendered":"<p data-start=\"247\" data-end=\"685\">La Secretar\u00eda de Investigaci\u00f3n y Posgrado invita al curso de posgrado <strong data-start=\"317\" data-end=\"358\">\u201cEstado, Pol\u00edticas P\u00fablicas y G\u00e9nero\u201d<\/strong>, a cargo de la <strong data-start=\"374\" data-end=\"404\">Dra. Mar\u00eda Eugenia Hermida<\/strong> (UNMDP), que dar\u00e1 inicio de manera sincr\u00f3nica el <strong data-start=\"454\" data-end=\"470\">21 de agosto<\/strong> y se desarrollar\u00e1 a lo largo de <strong data-start=\"503\" data-end=\"522\">cuatro encuentros<\/strong>, como parte del plan de estudios de la <strong>II Cohorte de la carrera de posgrado<\/strong> <strong data-start=\"570\" data-end=\"672\">Especializaci\u00f3n en Abordajes de Problem\u00e1ticas Sociales desde la Perspectiva de G\u00e9nero y Diversidad<\/strong> de la FCEJS.<\/p>\n<p data-start=\"687\" data-end=\"1055\">El curso busca ofrecer una <strong data-start=\"714\" data-end=\"771\">cartograf\u00eda de los principales debates contempor\u00e1neos<\/strong> relativos a la articulaci\u00f3n entre Estado, pol\u00edticas p\u00fablicas y g\u00e9nero, as\u00ed como sus efectos en los procesos de intervenci\u00f3n. Tambi\u00e9n pretende <strong data-start=\"914\" data-end=\"966\">nutrir de herramientas anal\u00edticas y estrat\u00e9gicas<\/strong> para el abordaje de problem\u00e1ticas sociales desde una perspectiva de g\u00e9nero y diversidad.<\/p>\n<p data-start=\"1057\" data-end=\"1529\">Este seminario se fundamenta en la necesidad de <strong data-start=\"1105\" data-end=\"1148\">profundizar los procesos de aprendizaje<\/strong> que propone esta Especializaci\u00f3n, tendiendo a deconstruir posiciones previas, recuperar y operativizar contenidos trabajados en seminarios anteriores, as\u00ed como incorporar nuevas categor\u00edas que el propio seminario ofrecer\u00e1, con el fin de construir <strong data-start=\"1396\" data-end=\"1428\">procesos de an\u00e1lisis cr\u00edtico<\/strong> de las intervenciones en el campo de las pol\u00edticas p\u00fablicas desde un enfoque de g\u00e9nero y diversidad.<\/p>\n<p data-start=\"1719\" data-end=\"1858\">\ud83d\udccc Informes sobre programa y costos: <strong data-start=\"1756\" data-end=\"1778\"><a class=\"cursor-pointer\" rel=\"noopener\" data-start=\"1758\" data-end=\"1776\">ayeneme1@gmail.com<\/a><\/strong><br data-start=\"1778\" data-end=\"1781\" \/>\ud83d\udcdd Inscripciones: <a class=\"\" href=\"http:\/\/www.posgrado.unsl.edu.ar\" target=\"_new\" rel=\"noopener\" data-start=\"1799\" data-end=\"1858\">www.posgrado.unsl.edu.ar<\/a><\/p>\n","protected":false},"excerpt":{"rendered":"<p>La Secretar\u00eda de Investigaci\u00f3n y Posgrado invita al curso de posgrado \u201cEstado, Pol\u00edticas P\u00fablicas y G\u00e9nero\u201d, a cargo de la Dra. Mar\u00eda Eugenia Hermida (UNMDP),&hellip;<\/p>\n","protected":false},"author":9,"featured_media":21089,"comment_status":"closed","ping_status":"closed","sticky":false,"template":"","format":"standard","meta":{"om_disable_all_campaigns":false,"_monsterinsights_skip_tracking":false,"_monsterinsights_sitenote_active":false,"_monsterinsights_sitenote_note":"","_monsterinsights_sitenote_category":0,"footnotes":""},"categories":[1],"tags":[],"class_list":["post-21088","post","type-post","status-publish","format-standard","has-post-thumbnail","hentry","category-noticias"],"yoast_head":"<!-- This site is optimized with the Yoast SEO plugin v27.5 - https:\/\/yoast.com\/product\/yoast-seo-wordpress\/ -->\n<title>La Dra. Mar\u00eda Eugenia Hermida brindar\u00e1 el curso de posgrado \u201cEstado, Pol\u00edticas P\u00fablicas y G\u00e9nero\u201d - Facultad de Ciencias Econ\u00f3micas, Jur\u00ed\u00addicas y Sociales<\/title>\n<meta name=\"robots\" content=\"index, follow, max-snippet:-1, max-image-preview:large, max-video-preview:-1\" \/>\n<link rel=\"canonical\" href=\"https:\/\/www.fcejs.unsl.edu.ar\/index.php\/la-dra-maria-eugenia-hermida-brindara-el-curso-de-posgrado-estado-politicas-publicas-y-genero-a-cargo-de-la-dra-maria-eugenia-hermida\/\" \/>\n<meta property=\"og:locale\" content=\"es_ES\" \/>\n<meta property=\"og:type\" content=\"article\" \/>\n<meta property=\"og:title\" content=\"La Dra. Mar\u00eda Eugenia Hermida brindar\u00e1 el curso de posgrado \u201cEstado, Pol\u00edticas P\u00fablicas y G\u00e9nero\u201d - Facultad de Ciencias Econ\u00f3micas, Jur\u00ed\u00addicas y Sociales\" \/>\n<meta property=\"og:description\" content=\"La Secretar\u00eda de Investigaci\u00f3n y Posgrado invita al curso de posgrado \u201cEstado, Pol\u00edticas P\u00fablicas y G\u00e9nero\u201d, a cargo de la Dra. Mar\u00eda Eugenia Hermida (UNMDP),&hellip;\" \/>\n<meta property=\"og:url\" content=\"https:\/\/www.fcejs.unsl.edu.ar\/index.php\/la-dra-maria-eugenia-hermida-brindara-el-curso-de-posgrado-estado-politicas-publicas-y-genero-a-cargo-de-la-dra-maria-eugenia-hermida\/\" \/>\n<meta property=\"og:site_name\" content=\"Facultad de Ciencias Econ\u00f3micas, Jur\u00ed\u00addicas y Sociales\" \/>\n<meta property=\"article:publisher\" content=\"https:\/\/www.facebook.com\/FCEJS.UNSL\/\" \/>\n<meta property=\"article:published_time\" content=\"2025-08-01T15:01:29+00:00\" \/>\n<meta property=\"article:modified_time\" content=\"2025-08-29T11:42:49+00:00\" \/>\n<meta property=\"og:image\" content=\"https:\/\/www.fcejs.unsl.edu.ar\/wp-content\/uploads\/2025\/08\/PLACA-WEB-ESTADO-PP-Y-GENERO-front.jpg\" \/>\n\t<meta property=\"og:image:width\" content=\"1152\" \/>\n\t<meta property=\"og:image:height\" content=\"648\" \/>\n\t<meta property=\"og:image:type\" content=\"image\/jpeg\" \/>\n<meta name=\"author\" content=\"DATI\" \/>\n<meta name=\"twitter:card\" content=\"summary_large_image\" \/>\n<meta name=\"twitter:creator\" content=\"@FCEJSUNSL\" \/>\n<meta name=\"twitter:site\" content=\"@FCEJSUNSL\" \/>\n<meta name=\"twitter:label1\" content=\"Escrito por\" \/>\n\t<meta name=\"twitter:data1\" content=\"DATI\" \/>\n\t<meta name=\"twitter:label2\" content=\"Tiempo de lectura\" \/>\n\t<meta name=\"twitter:data2\" content=\"2 minutos\" \/>\n<script type=\"application\/ld+json\" class=\"yoast-schema-graph\">{\"@context\":\"https:\\\/\\\/schema.org\",\"@graph\":[{\"@type\":\"Article\",\"@id\":\"https:\\\/\\\/www.fcejs.unsl.edu.ar\\\/index.php\\\/la-dra-maria-eugenia-hermida-brindara-el-curso-de-posgrado-estado-politicas-publicas-y-genero-a-cargo-de-la-dra-maria-eugenia-hermida\\\/#article\",\"isPartOf\":{\"@id\":\"https:\\\/\\\/www.fcejs.unsl.edu.ar\\\/index.php\\\/la-dra-maria-eugenia-hermida-brindara-el-curso-de-posgrado-estado-politicas-publicas-y-genero-a-cargo-de-la-dra-maria-eugenia-hermida\\\/\"},\"author\":{\"name\":\"DATI\",\"@id\":\"https:\\\/\\\/www.fcejs.unsl.edu.ar\\\/#\\\/schema\\\/person\\\/352ee6ed90c3f394c7cb5945f8956d34\"},\"headline\":\"La Dra. Mar\u00eda Eugenia Hermida brindar\u00e1 el curso de posgrado \u201cEstado, Pol\u00edticas P\u00fablicas y G\u00e9nero\u201d\",\"datePublished\":\"2025-08-01T15:01:29+00:00\",\"dateModified\":\"2025-08-29T11:42:49+00:00\",\"mainEntityOfPage\":{\"@id\":\"https:\\\/\\\/www.fcejs.unsl.edu.ar\\\/index.php\\\/la-dra-maria-eugenia-hermida-brindara-el-curso-de-posgrado-estado-politicas-publicas-y-genero-a-cargo-de-la-dra-maria-eugenia-hermida\\\/\"},\"wordCount\":253,\"publisher\":{\"@id\":\"https:\\\/\\\/www.fcejs.unsl.edu.ar\\\/#organization\"},\"image\":{\"@id\":\"https:\\\/\\\/www.fcejs.unsl.edu.ar\\\/index.php\\\/la-dra-maria-eugenia-hermida-brindara-el-curso-de-posgrado-estado-politicas-publicas-y-genero-a-cargo-de-la-dra-maria-eugenia-hermida\\\/#primaryimage\"},\"thumbnailUrl\":\"https:\\\/\\\/www.fcejs.unsl.edu.ar\\\/wp-content\\\/uploads\\\/2025\\\/08\\\/PLACA-WEB-ESTADO-PP-Y-GENERO-front.jpg\",\"articleSection\":[\"Noticias\"],\"inLanguage\":\"es-AR\"},{\"@type\":\"WebPage\",\"@id\":\"https:\\\/\\\/www.fcejs.unsl.edu.ar\\\/index.php\\\/la-dra-maria-eugenia-hermida-brindara-el-curso-de-posgrado-estado-politicas-publicas-y-genero-a-cargo-de-la-dra-maria-eugenia-hermida\\\/\",\"url\":\"https:\\\/\\\/www.fcejs.unsl.edu.ar\\\/index.php\\\/la-dra-maria-eugenia-hermida-brindara-el-curso-de-posgrado-estado-politicas-publicas-y-genero-a-cargo-de-la-dra-maria-eugenia-hermida\\\/\",\"name\":\"La Dra. Mar\u00eda Eugenia Hermida brindar\u00e1 el curso de posgrado \u201cEstado, Pol\u00edticas P\u00fablicas y G\u00e9nero\u201d - Facultad de Ciencias Econ\u00f3micas, Jur\u00ed\u00addicas y Sociales\",\"isPartOf\":{\"@id\":\"https:\\\/\\\/www.fcejs.unsl.edu.ar\\\/#website\"},\"primaryImageOfPage\":{\"@id\":\"https:\\\/\\\/www.fcejs.unsl.edu.ar\\\/index.php\\\/la-dra-maria-eugenia-hermida-brindara-el-curso-de-posgrado-estado-politicas-publicas-y-genero-a-cargo-de-la-dra-maria-eugenia-hermida\\\/#primaryimage\"},\"image\":{\"@id\":\"https:\\\/\\\/www.fcejs.unsl.edu.ar\\\/index.php\\\/la-dra-maria-eugenia-hermida-brindara-el-curso-de-posgrado-estado-politicas-publicas-y-genero-a-cargo-de-la-dra-maria-eugenia-hermida\\\/#primaryimage\"},\"thumbnailUrl\":\"https:\\\/\\\/www.fcejs.unsl.edu.ar\\\/wp-content\\\/uploads\\\/2025\\\/08\\\/PLACA-WEB-ESTADO-PP-Y-GENERO-front.jpg\",\"datePublished\":\"2025-08-01T15:01:29+00:00\",\"dateModified\":\"2025-08-29T11:42:49+00:00\",\"breadcrumb\":{\"@id\":\"https:\\\/\\\/www.fcejs.unsl.edu.ar\\\/index.php\\\/la-dra-maria-eugenia-hermida-brindara-el-curso-de-posgrado-estado-politicas-publicas-y-genero-a-cargo-de-la-dra-maria-eugenia-hermida\\\/#breadcrumb\"},\"inLanguage\":\"es-AR\",\"potentialAction\":[{\"@type\":\"ReadAction\",\"target\":[\"https:\\\/\\\/www.fcejs.unsl.edu.ar\\\/index.php\\\/la-dra-maria-eugenia-hermida-brindara-el-curso-de-posgrado-estado-politicas-publicas-y-genero-a-cargo-de-la-dra-maria-eugenia-hermida\\\/\"]}]},{\"@type\":\"ImageObject\",\"inLanguage\":\"es-AR\",\"@id\":\"https:\\\/\\\/www.fcejs.unsl.edu.ar\\\/index.php\\\/la-dra-maria-eugenia-hermida-brindara-el-curso-de-posgrado-estado-politicas-publicas-y-genero-a-cargo-de-la-dra-maria-eugenia-hermida\\\/#primaryimage\",\"url\":\"https:\\\/\\\/www.fcejs.unsl.edu.ar\\\/wp-content\\\/uploads\\\/2025\\\/08\\\/PLACA-WEB-ESTADO-PP-Y-GENERO-front.jpg\",\"contentUrl\":\"https:\\\/\\\/www.fcejs.unsl.edu.ar\\\/wp-content\\\/uploads\\\/2025\\\/08\\\/PLACA-WEB-ESTADO-PP-Y-GENERO-front.jpg\",\"width\":1152,\"height\":648},{\"@type\":\"BreadcrumbList\",\"@id\":\"https:\\\/\\\/www.fcejs.unsl.edu.ar\\\/index.php\\\/la-dra-maria-eugenia-hermida-brindara-el-curso-de-posgrado-estado-politicas-publicas-y-genero-a-cargo-de-la-dra-maria-eugenia-hermida\\\/#breadcrumb\",\"itemListElement\":[{\"@type\":\"ListItem\",\"position\":1,\"name\":\"Inicio\",\"item\":\"https:\\\/\\\/www.fcejs.unsl.edu.ar\\\/\"},{\"@type\":\"ListItem\",\"position\":2,\"name\":\"La Dra. Mar\u00eda Eugenia Hermida brindar\u00e1 el curso de posgrado \u201cEstado, Pol\u00edticas P\u00fablicas y G\u00e9nero\u201d\"}]},{\"@type\":\"WebSite\",\"@id\":\"https:\\\/\\\/www.fcejs.unsl.edu.ar\\\/#website\",\"url\":\"https:\\\/\\\/www.fcejs.unsl.edu.ar\\\/\",\"name\":\"Facultad de Ciencias Econ\u00f3micas, Jur\u00ed\u00addicas y Sociales\",\"description\":\"\",\"publisher\":{\"@id\":\"https:\\\/\\\/www.fcejs.unsl.edu.ar\\\/#organization\"},\"potentialAction\":[{\"@type\":\"SearchAction\",\"target\":{\"@type\":\"EntryPoint\",\"urlTemplate\":\"https:\\\/\\\/www.fcejs.unsl.edu.ar\\\/?s={search_term_string}\"},\"query-input\":{\"@type\":\"PropertyValueSpecification\",\"valueRequired\":true,\"valueName\":\"search_term_string\"}}],\"inLanguage\":\"es-AR\"},{\"@type\":\"Organization\",\"@id\":\"https:\\\/\\\/www.fcejs.unsl.edu.ar\\\/#organization\",\"name\":\"Facultad de Ciencias Econ\u00f3micas, Jur\u00eddicas y Sociales\",\"url\":\"https:\\\/\\\/www.fcejs.unsl.edu.ar\\\/\",\"logo\":{\"@type\":\"ImageObject\",\"inLanguage\":\"es-AR\",\"@id\":\"https:\\\/\\\/www.fcejs.unsl.edu.ar\\\/#\\\/schema\\\/logo\\\/image\\\/\",\"url\":\"https:\\\/\\\/www.fcejs.unsl.edu.ar\\\/wp-content\\\/uploads\\\/2021\\\/03\\\/logo-1.jpg\",\"contentUrl\":\"https:\\\/\\\/www.fcejs.unsl.edu.ar\\\/wp-content\\\/uploads\\\/2021\\\/03\\\/logo-1.jpg\",\"width\":471,\"height\":146,\"caption\":\"Facultad de Ciencias Econ\u00f3micas, Jur\u00eddicas y Sociales\"},\"image\":{\"@id\":\"https:\\\/\\\/www.fcejs.unsl.edu.ar\\\/#\\\/schema\\\/logo\\\/image\\\/\"},\"sameAs\":[\"https:\\\/\\\/www.facebook.com\\\/FCEJS.UNSL\\\/\",\"https:\\\/\\\/x.com\\\/FCEJSUNSL\",\"https:\\\/\\\/www.instagram.com\\\/fcejs.unsl\\\/\",\"https:\\\/\\\/www.youtube.com\\\/channel\\\/UCH-Ut6EaN_X5ogjIQMPe46g\\\/\"]},{\"@type\":\"Person\",\"@id\":\"https:\\\/\\\/www.fcejs.unsl.edu.ar\\\/#\\\/schema\\\/person\\\/352ee6ed90c3f394c7cb5945f8956d34\",\"name\":\"DATI\"}]}<\/script>\n<!-- \/ Yoast SEO plugin. -->","yoast_head_json":{"title":"La Dra. Mar\u00eda Eugenia Hermida brindar\u00e1 el curso de posgrado \u201cEstado, Pol\u00edticas P\u00fablicas y G\u00e9nero\u201d - Facultad de Ciencias Econ\u00f3micas, Jur\u00ed\u00addicas y Sociales","robots":{"index":"index","follow":"follow","max-snippet":"max-snippet:-1","max-image-preview":"max-image-preview:large","max-video-preview":"max-video-preview:-1"},"canonical":"https:\/\/www.fcejs.unsl.edu.ar\/index.php\/la-dra-maria-eugenia-hermida-brindara-el-curso-de-posgrado-estado-politicas-publicas-y-genero-a-cargo-de-la-dra-maria-eugenia-hermida\/","og_locale":"es_ES","og_type":"article","og_title":"La Dra. Mar\u00eda Eugenia Hermida brindar\u00e1 el curso de posgrado \u201cEstado, Pol\u00edticas P\u00fablicas y G\u00e9nero\u201d - Facultad de Ciencias Econ\u00f3micas, Jur\u00ed\u00addicas y Sociales","og_description":"La Secretar\u00eda de Investigaci\u00f3n y Posgrado invita al curso de posgrado \u201cEstado, Pol\u00edticas P\u00fablicas y G\u00e9nero\u201d, a cargo de la Dra. Mar\u00eda Eugenia Hermida (UNMDP),&hellip;","og_url":"https:\/\/www.fcejs.unsl.edu.ar\/index.php\/la-dra-maria-eugenia-hermida-brindara-el-curso-de-posgrado-estado-politicas-publicas-y-genero-a-cargo-de-la-dra-maria-eugenia-hermida\/","og_site_name":"Facultad de Ciencias Econ\u00f3micas, Jur\u00ed\u00addicas y Sociales","article_publisher":"https:\/\/www.facebook.com\/FCEJS.UNSL\/","article_published_time":"2025-08-01T15:01:29+00:00","article_modified_time":"2025-08-29T11:42:49+00:00","og_image":[{"width":1152,"height":648,"url":"https:\/\/www.fcejs.unsl.edu.ar\/wp-content\/uploads\/2025\/08\/PLACA-WEB-ESTADO-PP-Y-GENERO-front.jpg","type":"image\/jpeg"}],"author":"DATI","twitter_card":"summary_large_image","twitter_creator":"@FCEJSUNSL","twitter_site":"@FCEJSUNSL","twitter_misc":{"Escrito por":"DATI","Tiempo de lectura":"2 minutos"},"schema":{"@context":"https:\/\/schema.org","@graph":[{"@type":"Article","@id":"https:\/\/www.fcejs.unsl.edu.ar\/index.php\/la-dra-maria-eugenia-hermida-brindara-el-curso-de-posgrado-estado-politicas-publicas-y-genero-a-cargo-de-la-dra-maria-eugenia-hermida\/#article","isPartOf":{"@id":"https:\/\/www.fcejs.unsl.edu.ar\/index.php\/la-dra-maria-eugenia-hermida-brindara-el-curso-de-posgrado-estado-politicas-publicas-y-genero-a-cargo-de-la-dra-maria-eugenia-hermida\/"},"author":{"name":"DATI","@id":"https:\/\/www.fcejs.unsl.edu.ar\/#\/schema\/person\/352ee6ed90c3f394c7cb5945f8956d34"},"headline":"La Dra. Mar\u00eda Eugenia Hermida brindar\u00e1 el curso de posgrado \u201cEstado, Pol\u00edticas P\u00fablicas y G\u00e9nero\u201d","datePublished":"2025-08-01T15:01:29+00:00","dateModified":"2025-08-29T11:42:49+00:00","mainEntityOfPage":{"@id":"https:\/\/www.fcejs.unsl.edu.ar\/index.php\/la-dra-maria-eugenia-hermida-brindara-el-curso-de-posgrado-estado-politicas-publicas-y-genero-a-cargo-de-la-dra-maria-eugenia-hermida\/"},"wordCount":253,"publisher":{"@id":"https:\/\/www.fcejs.unsl.edu.ar\/#organization"},"image":{"@id":"https:\/\/www.fcejs.unsl.edu.ar\/index.php\/la-dra-maria-eugenia-hermida-brindara-el-curso-de-posgrado-estado-politicas-publicas-y-genero-a-cargo-de-la-dra-maria-eugenia-hermida\/#primaryimage"},"thumbnailUrl":"https:\/\/www.fcejs.unsl.edu.ar\/wp-content\/uploads\/2025\/08\/PLACA-WEB-ESTADO-PP-Y-GENERO-front.jpg","articleSection":["Noticias"],"inLanguage":"es-AR"},{"@type":"WebPage","@id":"https:\/\/www.fcejs.unsl.edu.ar\/index.php\/la-dra-maria-eugenia-hermida-brindara-el-curso-de-posgrado-estado-politicas-publicas-y-genero-a-cargo-de-la-dra-maria-eugenia-hermida\/","url":"https:\/\/www.fcejs.unsl.edu.ar\/index.php\/la-dra-maria-eugenia-hermida-brindara-el-curso-de-posgrado-estado-politicas-publicas-y-genero-a-cargo-de-la-dra-maria-eugenia-hermida\/","name":"La Dra. Mar\u00eda Eugenia Hermida brindar\u00e1 el curso de posgrado \u201cEstado, Pol\u00edticas P\u00fablicas y G\u00e9nero\u201d - Facultad de Ciencias Econ\u00f3micas, Jur\u00ed\u00addicas y Sociales","isPartOf":{"@id":"https:\/\/www.fcejs.unsl.edu.ar\/#website"},"primaryImageOfPage":{"@id":"https:\/\/www.fcejs.unsl.edu.ar\/index.php\/la-dra-maria-eugenia-hermida-brindara-el-curso-de-posgrado-estado-politicas-publicas-y-genero-a-cargo-de-la-dra-maria-eugenia-hermida\/#primaryimage"},"image":{"@id":"https:\/\/www.fcejs.unsl.edu.ar\/index.php\/la-dra-maria-eugenia-hermida-brindara-el-curso-de-posgrado-estado-politicas-publicas-y-genero-a-cargo-de-la-dra-maria-eugenia-hermida\/#primaryimage"},"thumbnailUrl":"https:\/\/www.fcejs.unsl.edu.ar\/wp-content\/uploads\/2025\/08\/PLACA-WEB-ESTADO-PP-Y-GENERO-front.jpg","datePublished":"2025-08-01T15:01:29+00:00","dateModified":"2025-08-29T11:42:49+00:00","breadcrumb":{"@id":"https:\/\/www.fcejs.unsl.edu.ar\/index.php\/la-dra-maria-eugenia-hermida-brindara-el-curso-de-posgrado-estado-politicas-publicas-y-genero-a-cargo-de-la-dra-maria-eugenia-hermida\/#breadcrumb"},"inLanguage":"es-AR","potentialAction":[{"@type":"ReadAction","target":["https:\/\/www.fcejs.unsl.edu.ar\/index.php\/la-dra-maria-eugenia-hermida-brindara-el-curso-de-posgrado-estado-politicas-publicas-y-genero-a-cargo-de-la-dra-maria-eugenia-hermida\/"]}]},{"@type":"ImageObject","inLanguage":"es-AR","@id":"https:\/\/www.fcejs.unsl.edu.ar\/index.php\/la-dra-maria-eugenia-hermida-brindara-el-curso-de-posgrado-estado-politicas-publicas-y-genero-a-cargo-de-la-dra-maria-eugenia-hermida\/#primaryimage","url":"https:\/\/www.fcejs.unsl.edu.ar\/wp-content\/uploads\/2025\/08\/PLACA-WEB-ESTADO-PP-Y-GENERO-front.jpg","contentUrl":"https:\/\/www.fcejs.unsl.edu.ar\/wp-content\/uploads\/2025\/08\/PLACA-WEB-ESTADO-PP-Y-GENERO-front.jpg","width":1152,"height":648},{"@type":"BreadcrumbList","@id":"https:\/\/www.fcejs.unsl.edu.ar\/index.php\/la-dra-maria-eugenia-hermida-brindara-el-curso-de-posgrado-estado-politicas-publicas-y-genero-a-cargo-de-la-dra-maria-eugenia-hermida\/#breadcrumb","itemListElement":[{"@type":"ListItem","position":1,"name":"Inicio","item":"https:\/\/www.fcejs.unsl.edu.ar\/"},{"@type":"ListItem","position":2,"name":"La Dra. Mar\u00eda Eugenia Hermida brindar\u00e1 el curso de posgrado \u201cEstado, Pol\u00edticas P\u00fablicas y G\u00e9nero\u201d"}]},{"@type":"WebSite","@id":"https:\/\/www.fcejs.unsl.edu.ar\/#website","url":"https:\/\/www.fcejs.unsl.edu.ar\/","name":"Facultad de Ciencias Econ\u00f3micas, Jur\u00ed\u00addicas y Sociales","description":"","publisher":{"@id":"https:\/\/www.fcejs.unsl.edu.ar\/#organization"},"potentialAction":[{"@type":"SearchAction","target":{"@type":"EntryPoint","urlTemplate":"https:\/\/www.fcejs.unsl.edu.ar\/?s={search_term_string}"},"query-input":{"@type":"PropertyValueSpecification","valueRequired":true,"valueName":"search_term_string"}}],"inLanguage":"es-AR"},{"@type":"Organization","@id":"https:\/\/www.fcejs.unsl.edu.ar\/#organization","name":"Facultad de Ciencias Econ\u00f3micas, Jur\u00eddicas y Sociales","url":"https:\/\/www.fcejs.unsl.edu.ar\/","logo":{"@type":"ImageObject","inLanguage":"es-AR","@id":"https:\/\/www.fcejs.unsl.edu.ar\/#\/schema\/logo\/image\/","url":"https:\/\/www.fcejs.unsl.edu.ar\/wp-content\/uploads\/2021\/03\/logo-1.jpg","contentUrl":"https:\/\/www.fcejs.unsl.edu.ar\/wp-content\/uploads\/2021\/03\/logo-1.jpg","width":471,"height":146,"caption":"Facultad de Ciencias Econ\u00f3micas, Jur\u00eddicas y Sociales"},"image":{"@id":"https:\/\/www.fcejs.unsl.edu.ar\/#\/schema\/logo\/image\/"},"sameAs":["https:\/\/www.facebook.com\/FCEJS.UNSL\/","https:\/\/x.com\/FCEJSUNSL","https:\/\/www.instagram.com\/fcejs.unsl\/","https:\/\/www.youtube.com\/channel\/UCH-Ut6EaN_X5ogjIQMPe46g\/"]},{"@type":"Person","@id":"https:\/\/www.fcejs.unsl.edu.ar\/#\/schema\/person\/352ee6ed90c3f394c7cb5945f8956d34","name":"DATI"}]}},"jetpack_featured_media_url":"https:\/\/www.fcejs.unsl.edu.ar\/wp-content\/uploads\/2025\/08\/PLACA-WEB-ESTADO-PP-Y-GENERO-front.jpg","_links":{"self":[{"href":"https:\/\/www.fcejs.unsl.edu.ar\/index.php\/wp-json\/wp\/v2\/posts\/21088","targetHints":{"allow":["GET"]}}],"collection":[{"href":"https:\/\/www.fcejs.unsl.edu.ar\/index.php\/wp-json\/wp\/v2\/posts"}],"about":[{"href":"https:\/\/www.fcejs.unsl.edu.ar\/index.php\/wp-json\/wp\/v2\/types\/post"}],"author":[{"embeddable":true,"href":"https:\/\/www.fcejs.unsl.edu.ar\/index.php\/wp-json\/wp\/v2\/users\/9"}],"replies":[{"embeddable":true,"href":"https:\/\/www.fcejs.unsl.edu.ar\/index.php\/wp-json\/wp\/v2\/comments?post=21088"}],"version-history":[{"count":4,"href":"https:\/\/www.fcejs.unsl.edu.ar\/index.php\/wp-json\/wp\/v2\/posts\/21088\/revisions"}],"predecessor-version":[{"id":21268,"href":"https:\/\/www.fcejs.unsl.edu.ar\/index.php\/wp-json\/wp\/v2\/posts\/21088\/revisions\/21268"}],"wp:featuredmedia":[{"embeddable":true,"href":"https:\/\/www.fcejs.unsl.edu.ar\/index.php\/wp-json\/wp\/v2\/media\/21089"}],"wp:attachment":[{"href":"https:\/\/www.fcejs.unsl.edu.ar\/index.php\/wp-json\/wp\/v2\/media?parent=21088"}],"wp:term":[{"taxonomy":"category","embeddable":true,"href":"https:\/\/www.fcejs.unsl.edu.ar\/index.php\/wp-json\/wp\/v2\/categories?post=21088"},{"taxonomy":"post_tag","embeddable":true,"href":"https:\/\/www.fcejs.unsl.edu.ar\/index.php\/wp-json\/wp\/v2\/tags?post=21088"}],"curies":[{"name":"wp","href":"https:\/\/api.w.org\/{rel}","templated":true}]}}