{"id":21078,"date":"2025-07-30T12:45:34","date_gmt":"2025-07-30T15:45:34","guid":{"rendered":"http:\/\/10.101.10.197\/www\/?p=21078"},"modified":"2025-08-07T09:25:33","modified_gmt":"2025-08-07T12:25:33","slug":"lanzamiento-de-la-edicion-2025-del-programa-universidad-y-municipios","status":"publish","type":"post","link":"https:\/\/www.fcejs.unsl.edu.ar\/index.php\/lanzamiento-de-la-edicion-2025-del-programa-universidad-y-municipios\/","title":{"rendered":"Lanzamiento de la edici\u00f3n 2025 del Programa \u201cUniversidad y Municipios\u201d"},"content":{"rendered":"<p style=\"font-weight: 400;\"><b><strong>La Universidad Nacional de San Luis (UNSL) realiz\u00f3 el lanzamiento oficial de la nueva propuesta de Talleres del Programa Universidad y Municipios, una iniciativa que busca fortalecer el desarrollo local, la participaci\u00f3n ciudadana y los v\u00ednculos entre la universidad y los municipios de toda la provincia.<\/strong><\/b><\/p>\n<p>El lanzamiento, llevado a cabo por la ma\u00f1ana de martes 29 de agosto en el Rectorado dela UNSL, cont\u00f3 con la presencia del vicerrector Mgter. H\u00e9ctor Flores, el secretario general Dr. Ra\u00fal Gil y el secretario de Extensi\u00f3n Universitaria Abg. Manuel Castillo, junto a las coordinadoras administrativas del programa, T\u00e9c. Yesica Ibarra y Prof. Diana Caviedes Garraza. Tambi\u00e9n participaron las\/los docentes responsables de los talleres, quienes aportar\u00e1n su experiencia desde diversas unidades acad\u00e9micas y \u00e1reas del Rectorado.<\/p>\n<p><img fetchpriority=\"high\" decoding=\"async\" class=\"aligncenter wp-image-21080 size-full\" src=\"https:\/\/www.fcejs.unsl.edu.ar\/wp-content\/uploads\/2025\/07\/universidad-municipios-2025-02.jpg\" alt=\"\" width=\"1152\" height=\"647\" srcset=\"https:\/\/www.fcejs.unsl.edu.ar\/wp-content\/uploads\/2025\/07\/universidad-municipios-2025-02.jpg 1152w, https:\/\/www.fcejs.unsl.edu.ar\/wp-content\/uploads\/2025\/07\/universidad-municipios-2025-02-300x168.jpg 300w, https:\/\/www.fcejs.unsl.edu.ar\/wp-content\/uploads\/2025\/07\/universidad-municipios-2025-02-1024x575.jpg 1024w, https:\/\/www.fcejs.unsl.edu.ar\/wp-content\/uploads\/2025\/07\/universidad-municipios-2025-02-768x431.jpg 768w\" sizes=\"(max-width: 1152px) 100vw, 1152px\" \/><\/p>\n<p style=\"font-weight: 400;\">Bajo el lema\u00a0<b><strong>\u201cHerramientas para fortalecer el federalismo y las administraciones locales\u201d<\/strong><\/b>\u00a0se crea la propuesta formativa del programa para este segundo cuatrimestre del a\u00f1o, que ser\u00e1 virtual y gratuita, y est\u00e1 destinada a brindar herramientas pr\u00e1cticas y te\u00f3ricas para trabajadores municipales, referentes comunitarios y vecinos\/as, contribuyendo as\u00ed al fortalecimiento institucional y social de los territorios.<\/p>\n<p>Los temas se armaron en funci\u00f3n de pedidos de los distintos municipios y de la comunidad que habita en los parajes.\u00a0\u201cHay m\u00e1s de 60 localidades en la provincia y no todos tienen el mismo acceso a la educaci\u00f3n, a la formaci\u00f3n o a la capacitaci\u00f3n. Con este programa pretendemos llegar a cada rinc\u00f3n del territorio sanluise\u00f1o y no solamente para llevar conocimiento, sino tambi\u00e9n para aprender de los saberes que uno siempre se trae cada vez que interact\u00faa con las distintas comunidades\u201d, manifest\u00f3 Flores.<\/p>\n<p>Tambi\u00e9n habl\u00f3 de la importancia de que la universidad \u201csalga\u201d a recorrer el territorio: \u201cTenemos que pensar al \u00e1mbito f\u00edsico de la universidad como esos 75 mil kil\u00f3metros cuadrados que implican la superficie de San Luis, y no quedarnos en nuestro laboratorio, aula o simplemente en los l\u00edmites de nuestro edificio\u201d,\u00a0asegur\u00f3.<\/p>\n<p style=\"font-weight: 400;\">Durante el segundo cuatrimestre de 2025 se dictar\u00e1n\u00a0<b><strong>13 talleres<\/strong><\/b>, dise\u00f1ados a partir de una encuesta realizada a distintos actores sociales de la provincia, para atender necesidades concretas. Cada taller tendr\u00e1 una duraci\u00f3n de 6 horas y se desarrollar\u00e1 con modalidad virtual.<\/p>\n<p style=\"font-weight: 400;\">La oferta formativa incluye los siguientes talleres, y \u00a0ya est\u00e1 abierta la inscripci\u00f3n a los 2 que comienzan en agosto:<\/p>\n<p style=\"font-weight: 400;\">&#8211;\u00a0<b><strong>Fortalecimiento del<\/strong><\/b>\u00a0<b><strong>Trabajo en Equipo y Bienestar Laboral<br \/>\n<\/strong><\/b>Responsables: Lic. Yalile Geraiges y Lic. Pamela Quiroga<br \/>\nFechas: 4 y 11 de agosto de 17:00 a 20:00 hs<br \/>\n<a href=\"https:\/\/forms.gle\/L25qhsdn2794BXCm7\">Informaci\u00f3n y Formulario de Inscripci\u00f3n<\/a><\/p>\n<p style=\"font-weight: 400;\">&#8211;\u00a0<b><strong>Herramientas B\u00e1sicas para la Gesti\u00f3n de Proyectos<br \/>\n<\/strong><\/b>Responsable: Mgter. Nicol\u00e1s D\u00edaz<br \/>\nFechas: 14 y 21 de agosto de 18:00 a 21:00 hs<br \/>\n<a href=\"https:\/\/forms.gle\/qgDGq2Cm2m2dwFok7\">Informaci\u00f3n y Formulario de Inscripci\u00f3n<\/a><\/p>\n<p style=\"font-weight: 400;\">&#8211;\u00a0<b><strong>Gesti\u00f3n Presupuestaria Municipal en la provincia de San Luis<br \/>\n<\/strong><\/b>Responsable: Mgter. Jorge Sosa<\/p>\n<p style=\"font-weight: 400;\">&#8211;\u00a0<b><strong>Introducci\u00f3n a la Econom\u00eda Social: claves para entender su aporte al desarrollo local y\u00a0<\/strong><\/b><b><strong>regional<br \/>\n<\/strong><\/b>Responsables: Abg. Ail\u00edn Umpierrez y Lic. Mart\u00edn Llanos<\/p>\n<p style=\"font-weight: 400;\">&#8211;\u00a0<b><strong>Introducci\u00f3n al Mercado de Capitales: primeros pasos en las Inversiones Financieras<br \/>\n<\/strong><\/b>Responsables: Mgter. Luciana Florencia Masini y T\u00e9c. Melisa Antonella Mascarell<\/p>\n<p style=\"font-weight: 400;\">&#8211;\u00a0<b><strong>Gesti\u00f3n Cultural y Pol\u00edticas P\u00fablicas<br \/>\n<\/strong><\/b>Responsables: Lic. Mariela Villaz\u00f3n y el Lic. C\u00e1ndido Sanz<\/p>\n<p style=\"font-weight: 400;\">&#8211;\u00a0<b><strong>Introducci\u00f3n a la Lengua de Se\u00f1as Argentina (LSA) para Atenci\u00f3n al P\u00fablico<br \/>\n<\/strong><\/b>Responsables: Dra. Beatriz N\u00fa\u00f1ez y Lic. Milagros Gallardo<\/p>\n<p style=\"font-weight: 400;\">&#8211;\u00a0<b><strong>Seguridad e Higiene en Instituciones P\u00fablicas<br \/>\n<\/strong><\/b>Responsable: Ing. Mar\u00eda Eugenia Smargiassi<\/p>\n<p style=\"font-weight: 400;\">&#8211;<b><strong>\u00a0Prevenci\u00f3n y Promoci\u00f3n en Salud Mental<br \/>\n<\/strong><\/b>Responsable: Mgter. V\u00edctor Mart\u00ednez<\/p>\n<p style=\"font-weight: 400;\">&#8211;\u00a0<b><strong>RCP y Primeros Auxilios<br \/>\n<\/strong><\/b>Responsables: Esp. Luciano De Vicente y Yesica Ibarra R\u00edos<\/p>\n<p style=\"font-weight: 400;\">&#8211;\u00a0<b><strong>Tu Instituci\u00f3n en Redes: Claves para tener una presencia digital activa y eficaz<br \/>\n<\/strong><\/b>Responsable: Lic. Vanina Landela<\/p>\n<p style=\"font-weight: 400;\">&#8211;\u00a0<b><strong>Cuidado del Medioambiente y Reciclado<br \/>\n<\/strong><\/b>Responsables: Abog. Romina Muzevich y Proc. Mariana Daniela Talquenca<\/p>\n<p style=\"font-weight: 400;\">&#8211;\u00a0<b><strong>Organizaci\u00f3n de Eventos para Instituciones P\u00fablicas<br \/>\n<\/strong><\/b>Responsable: Diplomada Marcela Lucero<\/p>\n<p style=\"font-weight: 400;\"><b><strong>M\u00e1s informaci\u00f3n y consultas:\u00a0<\/strong><\/b><a href=\"mailto:universidadymunicipios@gmail.com\">universidadymunicipios@gmail.com<\/a><\/p>\n","protected":false},"excerpt":{"rendered":"<p>La Universidad Nacional de San Luis (UNSL) realiz\u00f3 el lanzamiento oficial de la nueva propuesta de Talleres del Programa Universidad y Municipios, una iniciativa que&hellip;<\/p>\n","protected":false},"author":9,"featured_media":21079,"comment_status":"closed","ping_status":"closed","sticky":false,"template":"","format":"standard","meta":{"om_disable_all_campaigns":false,"_monsterinsights_skip_tracking":false,"_monsterinsights_sitenote_active":false,"_monsterinsights_sitenote_note":"","_monsterinsights_sitenote_category":0,"footnotes":""},"categories":[1],"tags":[],"class_list":["post-21078","post","type-post","status-publish","format-standard","has-post-thumbnail","hentry","category-noticias"],"yoast_head":"<!-- This site is optimized with the Yoast SEO plugin v27.4 - https:\/\/yoast.com\/product\/yoast-seo-wordpress\/ -->\n<title>Lanzamiento de la edici\u00f3n 2025 del Programa \u201cUniversidad y Municipios\u201d - Facultad de Ciencias Econ\u00f3micas, Jur\u00ed\u00addicas y Sociales<\/title>\n<meta name=\"robots\" content=\"index, follow, max-snippet:-1, max-image-preview:large, max-video-preview:-1\" \/>\n<link rel=\"canonical\" href=\"https:\/\/www.fcejs.unsl.edu.ar\/index.php\/lanzamiento-de-la-edicion-2025-del-programa-universidad-y-municipios\/\" \/>\n<meta property=\"og:locale\" content=\"es_ES\" \/>\n<meta property=\"og:type\" content=\"article\" \/>\n<meta property=\"og:title\" content=\"Lanzamiento de la edici\u00f3n 2025 del Programa \u201cUniversidad y Municipios\u201d - Facultad de Ciencias Econ\u00f3micas, Jur\u00ed\u00addicas y Sociales\" \/>\n<meta property=\"og:description\" content=\"La Universidad Nacional de San Luis (UNSL) realiz\u00f3 el lanzamiento oficial de la nueva propuesta de Talleres del Programa Universidad y Municipios, una iniciativa que&hellip;\" \/>\n<meta property=\"og:url\" content=\"https:\/\/www.fcejs.unsl.edu.ar\/index.php\/lanzamiento-de-la-edicion-2025-del-programa-universidad-y-municipios\/\" \/>\n<meta property=\"og:site_name\" content=\"Facultad de Ciencias Econ\u00f3micas, Jur\u00ed\u00addicas y Sociales\" \/>\n<meta property=\"article:publisher\" content=\"https:\/\/www.facebook.com\/FCEJS.UNSL\/\" \/>\n<meta property=\"article:published_time\" content=\"2025-07-30T15:45:34+00:00\" \/>\n<meta property=\"article:modified_time\" content=\"2025-08-07T12:25:33+00:00\" \/>\n<meta property=\"og:image\" content=\"https:\/\/www.fcejs.unsl.edu.ar\/wp-content\/uploads\/2025\/07\/universidad-municipios-2025-front.jpg\" \/>\n\t<meta property=\"og:image:width\" content=\"1152\" \/>\n\t<meta property=\"og:image:height\" content=\"647\" \/>\n\t<meta property=\"og:image:type\" content=\"image\/jpeg\" \/>\n<meta name=\"author\" content=\"DATI\" \/>\n<meta name=\"twitter:card\" content=\"summary_large_image\" \/>\n<meta name=\"twitter:creator\" content=\"@FCEJSUNSL\" \/>\n<meta name=\"twitter:site\" content=\"@FCEJSUNSL\" \/>\n<meta name=\"twitter:label1\" content=\"Escrito por\" \/>\n\t<meta name=\"twitter:data1\" content=\"DATI\" \/>\n\t<meta name=\"twitter:label2\" content=\"Tiempo de lectura\" \/>\n\t<meta name=\"twitter:data2\" content=\"4 minutos\" \/>\n<script type=\"application\/ld+json\" class=\"yoast-schema-graph\">{\"@context\":\"https:\\\/\\\/schema.org\",\"@graph\":[{\"@type\":\"Article\",\"@id\":\"https:\\\/\\\/www.fcejs.unsl.edu.ar\\\/index.php\\\/lanzamiento-de-la-edicion-2025-del-programa-universidad-y-municipios\\\/#article\",\"isPartOf\":{\"@id\":\"https:\\\/\\\/www.fcejs.unsl.edu.ar\\\/index.php\\\/lanzamiento-de-la-edicion-2025-del-programa-universidad-y-municipios\\\/\"},\"author\":{\"name\":\"DATI\",\"@id\":\"https:\\\/\\\/www.fcejs.unsl.edu.ar\\\/#\\\/schema\\\/person\\\/352ee6ed90c3f394c7cb5945f8956d34\"},\"headline\":\"Lanzamiento de la edici\u00f3n 2025 del Programa \u201cUniversidad y Municipios\u201d\",\"datePublished\":\"2025-07-30T15:45:34+00:00\",\"dateModified\":\"2025-08-07T12:25:33+00:00\",\"mainEntityOfPage\":{\"@id\":\"https:\\\/\\\/www.fcejs.unsl.edu.ar\\\/index.php\\\/lanzamiento-de-la-edicion-2025-del-programa-universidad-y-municipios\\\/\"},\"wordCount\":687,\"publisher\":{\"@id\":\"https:\\\/\\\/www.fcejs.unsl.edu.ar\\\/#organization\"},\"image\":{\"@id\":\"https:\\\/\\\/www.fcejs.unsl.edu.ar\\\/index.php\\\/lanzamiento-de-la-edicion-2025-del-programa-universidad-y-municipios\\\/#primaryimage\"},\"thumbnailUrl\":\"https:\\\/\\\/www.fcejs.unsl.edu.ar\\\/wp-content\\\/uploads\\\/2025\\\/07\\\/universidad-municipios-2025-front.jpg\",\"articleSection\":[\"Noticias\"],\"inLanguage\":\"es-AR\"},{\"@type\":\"WebPage\",\"@id\":\"https:\\\/\\\/www.fcejs.unsl.edu.ar\\\/index.php\\\/lanzamiento-de-la-edicion-2025-del-programa-universidad-y-municipios\\\/\",\"url\":\"https:\\\/\\\/www.fcejs.unsl.edu.ar\\\/index.php\\\/lanzamiento-de-la-edicion-2025-del-programa-universidad-y-municipios\\\/\",\"name\":\"Lanzamiento de la edici\u00f3n 2025 del Programa \u201cUniversidad y Municipios\u201d - Facultad de Ciencias Econ\u00f3micas, Jur\u00ed\u00addicas y Sociales\",\"isPartOf\":{\"@id\":\"https:\\\/\\\/www.fcejs.unsl.edu.ar\\\/#website\"},\"primaryImageOfPage\":{\"@id\":\"https:\\\/\\\/www.fcejs.unsl.edu.ar\\\/index.php\\\/lanzamiento-de-la-edicion-2025-del-programa-universidad-y-municipios\\\/#primaryimage\"},\"image\":{\"@id\":\"https:\\\/\\\/www.fcejs.unsl.edu.ar\\\/index.php\\\/lanzamiento-de-la-edicion-2025-del-programa-universidad-y-municipios\\\/#primaryimage\"},\"thumbnailUrl\":\"https:\\\/\\\/www.fcejs.unsl.edu.ar\\\/wp-content\\\/uploads\\\/2025\\\/07\\\/universidad-municipios-2025-front.jpg\",\"datePublished\":\"2025-07-30T15:45:34+00:00\",\"dateModified\":\"2025-08-07T12:25:33+00:00\",\"breadcrumb\":{\"@id\":\"https:\\\/\\\/www.fcejs.unsl.edu.ar\\\/index.php\\\/lanzamiento-de-la-edicion-2025-del-programa-universidad-y-municipios\\\/#breadcrumb\"},\"inLanguage\":\"es-AR\",\"potentialAction\":[{\"@type\":\"ReadAction\",\"target\":[\"https:\\\/\\\/www.fcejs.unsl.edu.ar\\\/index.php\\\/lanzamiento-de-la-edicion-2025-del-programa-universidad-y-municipios\\\/\"]}]},{\"@type\":\"ImageObject\",\"inLanguage\":\"es-AR\",\"@id\":\"https:\\\/\\\/www.fcejs.unsl.edu.ar\\\/index.php\\\/lanzamiento-de-la-edicion-2025-del-programa-universidad-y-municipios\\\/#primaryimage\",\"url\":\"https:\\\/\\\/www.fcejs.unsl.edu.ar\\\/wp-content\\\/uploads\\\/2025\\\/07\\\/universidad-municipios-2025-front.jpg\",\"contentUrl\":\"https:\\\/\\\/www.fcejs.unsl.edu.ar\\\/wp-content\\\/uploads\\\/2025\\\/07\\\/universidad-municipios-2025-front.jpg\",\"width\":1152,\"height\":647},{\"@type\":\"BreadcrumbList\",\"@id\":\"https:\\\/\\\/www.fcejs.unsl.edu.ar\\\/index.php\\\/lanzamiento-de-la-edicion-2025-del-programa-universidad-y-municipios\\\/#breadcrumb\",\"itemListElement\":[{\"@type\":\"ListItem\",\"position\":1,\"name\":\"Inicio\",\"item\":\"https:\\\/\\\/www.fcejs.unsl.edu.ar\\\/\"},{\"@type\":\"ListItem\",\"position\":2,\"name\":\"Lanzamiento de la edici\u00f3n 2025 del Programa \u201cUniversidad y Municipios\u201d\"}]},{\"@type\":\"WebSite\",\"@id\":\"https:\\\/\\\/www.fcejs.unsl.edu.ar\\\/#website\",\"url\":\"https:\\\/\\\/www.fcejs.unsl.edu.ar\\\/\",\"name\":\"Facultad de Ciencias Econ\u00f3micas, Jur\u00ed\u00addicas y Sociales\",\"description\":\"\",\"publisher\":{\"@id\":\"https:\\\/\\\/www.fcejs.unsl.edu.ar\\\/#organization\"},\"potentialAction\":[{\"@type\":\"SearchAction\",\"target\":{\"@type\":\"EntryPoint\",\"urlTemplate\":\"https:\\\/\\\/www.fcejs.unsl.edu.ar\\\/?s={search_term_string}\"},\"query-input\":{\"@type\":\"PropertyValueSpecification\",\"valueRequired\":true,\"valueName\":\"search_term_string\"}}],\"inLanguage\":\"es-AR\"},{\"@type\":\"Organization\",\"@id\":\"https:\\\/\\\/www.fcejs.unsl.edu.ar\\\/#organization\",\"name\":\"Facultad de Ciencias Econ\u00f3micas, Jur\u00eddicas y Sociales\",\"url\":\"https:\\\/\\\/www.fcejs.unsl.edu.ar\\\/\",\"logo\":{\"@type\":\"ImageObject\",\"inLanguage\":\"es-AR\",\"@id\":\"https:\\\/\\\/www.fcejs.unsl.edu.ar\\\/#\\\/schema\\\/logo\\\/image\\\/\",\"url\":\"https:\\\/\\\/www.fcejs.unsl.edu.ar\\\/wp-content\\\/uploads\\\/2021\\\/03\\\/logo-1.jpg\",\"contentUrl\":\"https:\\\/\\\/www.fcejs.unsl.edu.ar\\\/wp-content\\\/uploads\\\/2021\\\/03\\\/logo-1.jpg\",\"width\":471,\"height\":146,\"caption\":\"Facultad de Ciencias Econ\u00f3micas, Jur\u00eddicas y Sociales\"},\"image\":{\"@id\":\"https:\\\/\\\/www.fcejs.unsl.edu.ar\\\/#\\\/schema\\\/logo\\\/image\\\/\"},\"sameAs\":[\"https:\\\/\\\/www.facebook.com\\\/FCEJS.UNSL\\\/\",\"https:\\\/\\\/x.com\\\/FCEJSUNSL\",\"https:\\\/\\\/www.instagram.com\\\/fcejs.unsl\\\/\",\"https:\\\/\\\/www.youtube.com\\\/channel\\\/UCH-Ut6EaN_X5ogjIQMPe46g\\\/\"]},{\"@type\":\"Person\",\"@id\":\"https:\\\/\\\/www.fcejs.unsl.edu.ar\\\/#\\\/schema\\\/person\\\/352ee6ed90c3f394c7cb5945f8956d34\",\"name\":\"DATI\"}]}<\/script>\n<!-- \/ Yoast SEO plugin. -->","yoast_head_json":{"title":"Lanzamiento de la edici\u00f3n 2025 del Programa \u201cUniversidad y Municipios\u201d - Facultad de Ciencias Econ\u00f3micas, Jur\u00ed\u00addicas y Sociales","robots":{"index":"index","follow":"follow","max-snippet":"max-snippet:-1","max-image-preview":"max-image-preview:large","max-video-preview":"max-video-preview:-1"},"canonical":"https:\/\/www.fcejs.unsl.edu.ar\/index.php\/lanzamiento-de-la-edicion-2025-del-programa-universidad-y-municipios\/","og_locale":"es_ES","og_type":"article","og_title":"Lanzamiento de la edici\u00f3n 2025 del Programa \u201cUniversidad y Municipios\u201d - Facultad de Ciencias Econ\u00f3micas, Jur\u00ed\u00addicas y Sociales","og_description":"La Universidad Nacional de San Luis (UNSL) realiz\u00f3 el lanzamiento oficial de la nueva propuesta de Talleres del Programa Universidad y Municipios, una iniciativa que&hellip;","og_url":"https:\/\/www.fcejs.unsl.edu.ar\/index.php\/lanzamiento-de-la-edicion-2025-del-programa-universidad-y-municipios\/","og_site_name":"Facultad de Ciencias Econ\u00f3micas, Jur\u00ed\u00addicas y Sociales","article_publisher":"https:\/\/www.facebook.com\/FCEJS.UNSL\/","article_published_time":"2025-07-30T15:45:34+00:00","article_modified_time":"2025-08-07T12:25:33+00:00","og_image":[{"width":1152,"height":647,"url":"https:\/\/www.fcejs.unsl.edu.ar\/wp-content\/uploads\/2025\/07\/universidad-municipios-2025-front.jpg","type":"image\/jpeg"}],"author":"DATI","twitter_card":"summary_large_image","twitter_creator":"@FCEJSUNSL","twitter_site":"@FCEJSUNSL","twitter_misc":{"Escrito por":"DATI","Tiempo de lectura":"4 minutos"},"schema":{"@context":"https:\/\/schema.org","@graph":[{"@type":"Article","@id":"https:\/\/www.fcejs.unsl.edu.ar\/index.php\/lanzamiento-de-la-edicion-2025-del-programa-universidad-y-municipios\/#article","isPartOf":{"@id":"https:\/\/www.fcejs.unsl.edu.ar\/index.php\/lanzamiento-de-la-edicion-2025-del-programa-universidad-y-municipios\/"},"author":{"name":"DATI","@id":"https:\/\/www.fcejs.unsl.edu.ar\/#\/schema\/person\/352ee6ed90c3f394c7cb5945f8956d34"},"headline":"Lanzamiento de la edici\u00f3n 2025 del Programa \u201cUniversidad y Municipios\u201d","datePublished":"2025-07-30T15:45:34+00:00","dateModified":"2025-08-07T12:25:33+00:00","mainEntityOfPage":{"@id":"https:\/\/www.fcejs.unsl.edu.ar\/index.php\/lanzamiento-de-la-edicion-2025-del-programa-universidad-y-municipios\/"},"wordCount":687,"publisher":{"@id":"https:\/\/www.fcejs.unsl.edu.ar\/#organization"},"image":{"@id":"https:\/\/www.fcejs.unsl.edu.ar\/index.php\/lanzamiento-de-la-edicion-2025-del-programa-universidad-y-municipios\/#primaryimage"},"thumbnailUrl":"https:\/\/www.fcejs.unsl.edu.ar\/wp-content\/uploads\/2025\/07\/universidad-municipios-2025-front.jpg","articleSection":["Noticias"],"inLanguage":"es-AR"},{"@type":"WebPage","@id":"https:\/\/www.fcejs.unsl.edu.ar\/index.php\/lanzamiento-de-la-edicion-2025-del-programa-universidad-y-municipios\/","url":"https:\/\/www.fcejs.unsl.edu.ar\/index.php\/lanzamiento-de-la-edicion-2025-del-programa-universidad-y-municipios\/","name":"Lanzamiento de la edici\u00f3n 2025 del Programa \u201cUniversidad y Municipios\u201d - Facultad de Ciencias Econ\u00f3micas, Jur\u00ed\u00addicas y Sociales","isPartOf":{"@id":"https:\/\/www.fcejs.unsl.edu.ar\/#website"},"primaryImageOfPage":{"@id":"https:\/\/www.fcejs.unsl.edu.ar\/index.php\/lanzamiento-de-la-edicion-2025-del-programa-universidad-y-municipios\/#primaryimage"},"image":{"@id":"https:\/\/www.fcejs.unsl.edu.ar\/index.php\/lanzamiento-de-la-edicion-2025-del-programa-universidad-y-municipios\/#primaryimage"},"thumbnailUrl":"https:\/\/www.fcejs.unsl.edu.ar\/wp-content\/uploads\/2025\/07\/universidad-municipios-2025-front.jpg","datePublished":"2025-07-30T15:45:34+00:00","dateModified":"2025-08-07T12:25:33+00:00","breadcrumb":{"@id":"https:\/\/www.fcejs.unsl.edu.ar\/index.php\/lanzamiento-de-la-edicion-2025-del-programa-universidad-y-municipios\/#breadcrumb"},"inLanguage":"es-AR","potentialAction":[{"@type":"ReadAction","target":["https:\/\/www.fcejs.unsl.edu.ar\/index.php\/lanzamiento-de-la-edicion-2025-del-programa-universidad-y-municipios\/"]}]},{"@type":"ImageObject","inLanguage":"es-AR","@id":"https:\/\/www.fcejs.unsl.edu.ar\/index.php\/lanzamiento-de-la-edicion-2025-del-programa-universidad-y-municipios\/#primaryimage","url":"https:\/\/www.fcejs.unsl.edu.ar\/wp-content\/uploads\/2025\/07\/universidad-municipios-2025-front.jpg","contentUrl":"https:\/\/www.fcejs.unsl.edu.ar\/wp-content\/uploads\/2025\/07\/universidad-municipios-2025-front.jpg","width":1152,"height":647},{"@type":"BreadcrumbList","@id":"https:\/\/www.fcejs.unsl.edu.ar\/index.php\/lanzamiento-de-la-edicion-2025-del-programa-universidad-y-municipios\/#breadcrumb","itemListElement":[{"@type":"ListItem","position":1,"name":"Inicio","item":"https:\/\/www.fcejs.unsl.edu.ar\/"},{"@type":"ListItem","position":2,"name":"Lanzamiento de la edici\u00f3n 2025 del Programa \u201cUniversidad y Municipios\u201d"}]},{"@type":"WebSite","@id":"https:\/\/www.fcejs.unsl.edu.ar\/#website","url":"https:\/\/www.fcejs.unsl.edu.ar\/","name":"Facultad de Ciencias Econ\u00f3micas, Jur\u00ed\u00addicas y Sociales","description":"","publisher":{"@id":"https:\/\/www.fcejs.unsl.edu.ar\/#organization"},"potentialAction":[{"@type":"SearchAction","target":{"@type":"EntryPoint","urlTemplate":"https:\/\/www.fcejs.unsl.edu.ar\/?s={search_term_string}"},"query-input":{"@type":"PropertyValueSpecification","valueRequired":true,"valueName":"search_term_string"}}],"inLanguage":"es-AR"},{"@type":"Organization","@id":"https:\/\/www.fcejs.unsl.edu.ar\/#organization","name":"Facultad de Ciencias Econ\u00f3micas, Jur\u00eddicas y Sociales","url":"https:\/\/www.fcejs.unsl.edu.ar\/","logo":{"@type":"ImageObject","inLanguage":"es-AR","@id":"https:\/\/www.fcejs.unsl.edu.ar\/#\/schema\/logo\/image\/","url":"https:\/\/www.fcejs.unsl.edu.ar\/wp-content\/uploads\/2021\/03\/logo-1.jpg","contentUrl":"https:\/\/www.fcejs.unsl.edu.ar\/wp-content\/uploads\/2021\/03\/logo-1.jpg","width":471,"height":146,"caption":"Facultad de Ciencias Econ\u00f3micas, Jur\u00eddicas y Sociales"},"image":{"@id":"https:\/\/www.fcejs.unsl.edu.ar\/#\/schema\/logo\/image\/"},"sameAs":["https:\/\/www.facebook.com\/FCEJS.UNSL\/","https:\/\/x.com\/FCEJSUNSL","https:\/\/www.instagram.com\/fcejs.unsl\/","https:\/\/www.youtube.com\/channel\/UCH-Ut6EaN_X5ogjIQMPe46g\/"]},{"@type":"Person","@id":"https:\/\/www.fcejs.unsl.edu.ar\/#\/schema\/person\/352ee6ed90c3f394c7cb5945f8956d34","name":"DATI"}]}},"jetpack_featured_media_url":"https:\/\/www.fcejs.unsl.edu.ar\/wp-content\/uploads\/2025\/07\/universidad-municipios-2025-front.jpg","_links":{"self":[{"href":"https:\/\/www.fcejs.unsl.edu.ar\/index.php\/wp-json\/wp\/v2\/posts\/21078","targetHints":{"allow":["GET"]}}],"collection":[{"href":"https:\/\/www.fcejs.unsl.edu.ar\/index.php\/wp-json\/wp\/v2\/posts"}],"about":[{"href":"https:\/\/www.fcejs.unsl.edu.ar\/index.php\/wp-json\/wp\/v2\/types\/post"}],"author":[{"embeddable":true,"href":"https:\/\/www.fcejs.unsl.edu.ar\/index.php\/wp-json\/wp\/v2\/users\/9"}],"replies":[{"embeddable":true,"href":"https:\/\/www.fcejs.unsl.edu.ar\/index.php\/wp-json\/wp\/v2\/comments?post=21078"}],"version-history":[{"count":3,"href":"https:\/\/www.fcejs.unsl.edu.ar\/index.php\/wp-json\/wp\/v2\/posts\/21078\/revisions"}],"predecessor-version":[{"id":21083,"href":"https:\/\/www.fcejs.unsl.edu.ar\/index.php\/wp-json\/wp\/v2\/posts\/21078\/revisions\/21083"}],"wp:featuredmedia":[{"embeddable":true,"href":"https:\/\/www.fcejs.unsl.edu.ar\/index.php\/wp-json\/wp\/v2\/media\/21079"}],"wp:attachment":[{"href":"https:\/\/www.fcejs.unsl.edu.ar\/index.php\/wp-json\/wp\/v2\/media?parent=21078"}],"wp:term":[{"taxonomy":"category","embeddable":true,"href":"https:\/\/www.fcejs.unsl.edu.ar\/index.php\/wp-json\/wp\/v2\/categories?post=21078"},{"taxonomy":"post_tag","embeddable":true,"href":"https:\/\/www.fcejs.unsl.edu.ar\/index.php\/wp-json\/wp\/v2\/tags?post=21078"}],"curies":[{"name":"wp","href":"https:\/\/api.w.org\/{rel}","templated":true}]}}