{"id":21049,"date":"2025-07-28T10:01:25","date_gmt":"2025-07-28T13:01:25","guid":{"rendered":"http:\/\/10.101.10.197\/www\/?p=21049"},"modified":"2025-08-29T08:42:22","modified_gmt":"2025-08-29T11:42:22","slug":"curso-sobre-epistemologia-en-el-nuevo-doctorado-en-ciencias-sociales","status":"publish","type":"post","link":"https:\/\/www.fcejs.unsl.edu.ar\/index.php\/curso-sobre-epistemologia-en-el-nuevo-doctorado-en-ciencias-sociales\/","title":{"rendered":"Curso sobre epistemolog\u00eda en el nuevo Doctorado en Ciencias Sociales"},"content":{"rendered":"<p data-start=\"270\" data-end=\"546\">La Secretar\u00eda de Investigaci\u00f3n y Posgrado de la FCEJS informa que se encuentra abierta la inscripci\u00f3n al curso de posgrado <strong data-start=\"393\" data-end=\"430\">\u201cEpistemolog\u00eda, Sociedad y \u00c9tica\u201d<\/strong>, que se dictar\u00e1 a partir del <strong data-start=\"460\" data-end=\"475\">8 de agosto<\/strong>, en el marco del nuevo <strong data-start=\"499\" data-end=\"533\">Doctorado en Ciencias Sociales<\/strong> (FCEJS-FCH).<\/p>\n<p data-start=\"548\" data-end=\"809\">La propuesta posee una carga horaria de <strong data-start=\"588\" data-end=\"600\">20 horas<\/strong> y estar\u00e1 a cargo del <strong data-start=\"622\" data-end=\"642\">Dr. Daniel Gorra<\/strong> y del <strong data-start=\"649\" data-end=\"674\">Dr. Emmanuel Ginestra<\/strong>. El cursado podr\u00e1 realizarse de manera <strong data-start=\"714\" data-end=\"728\">presencial<\/strong> o bajo <strong data-start=\"736\" data-end=\"760\">modalidad sincr\u00f3nica<\/strong> para quienes no residan en <strong data-start=\"788\" data-end=\"808\">San Luis capital<\/strong>.<\/p>\n<p data-start=\"811\" data-end=\"1149\">El curso busca abrir un espacio de debate en torno a interrogantes como: \u00bfqu\u00e9 es el conocimiento?, \u00bfc\u00f3mo conocemos?, \u00bfqu\u00e9 es la verdad?, \u00bfprogresa la ciencia?, \u00bfla ciencia es objetiva?, \u00bfla ciencia es racional? Estas preguntas ser\u00e1n el punto de partida para una <strong data-start=\"1073\" data-end=\"1094\">reflexi\u00f3n cr\u00edtica<\/strong> sobre lo que suele considerarse como \u201cobvio\u201d o \u201cdado\u201d.<\/p>\n<p data-start=\"1151\" data-end=\"1670\">Desde diversas corrientes, se abordar\u00e1n las respuestas que, desde la <strong data-start=\"1220\" data-end=\"1233\">filosof\u00eda<\/strong>, y especialmente desde la <strong data-start=\"1260\" data-end=\"1287\">filosof\u00eda de la ciencia<\/strong>, se han propuesto frente a estas preguntas. Aunque predominar\u00e1 la <strong data-start=\"1354\" data-end=\"1379\">tradici\u00f3n anglosajona<\/strong>, el enfoque del curso favorecer\u00e1 el <strong data-start=\"1416\" data-end=\"1432\">debate libre<\/strong>, permitiendo a cada estudiante validar, modificar o reformular las posiciones presentadas. El objetivo es abrir el an\u00e1lisis a <strong data-start=\"1559\" data-end=\"1591\">diversas visiones y enfoques<\/strong> que aporten, clarifiquen o al menos muestren <strong data-start=\"1637\" data-end=\"1669\">alternativas epistemol\u00f3gicas<\/strong>.<\/p>\n<p data-start=\"1672\" data-end=\"1712\">Los principales objetivos del curso son:<\/p>\n<ul data-start=\"1713\" data-end=\"2222\">\n<li data-start=\"1713\" data-end=\"1908\">\n<p data-start=\"1715\" data-end=\"1908\">Conocer las categor\u00edas fundamentales de la <strong data-start=\"1758\" data-end=\"1789\">epistemolog\u00eda contempor\u00e1nea<\/strong> de las ciencias en general, y de las <strong data-start=\"1827\" data-end=\"1848\">ciencias sociales<\/strong> en particular, desde una \u00f3ptica <strong data-start=\"1881\" data-end=\"1907\">participativa y plural<\/strong>.<\/p>\n<\/li>\n<li data-start=\"1909\" data-end=\"2063\">\n<p data-start=\"1911\" data-end=\"2063\">Abordar las tem\u00e1ticas y problem\u00e1ticas que configuran el saber epistemol\u00f3gico sobre las ciencias, fomentando una <strong data-start=\"2023\" data-end=\"2062\">cultura cient\u00edfica cr\u00edtica y actual<\/strong>.<\/p>\n<\/li>\n<li data-start=\"2064\" data-end=\"2222\">\n<p data-start=\"2066\" data-end=\"2222\">Analizar las respuestas cl\u00e1sicas y contempor\u00e1neas de las <strong data-start=\"2123\" data-end=\"2169\">corrientes epistemol\u00f3gicas m\u00e1s influyentes<\/strong>, desde su profesionalizaci\u00f3n hasta su consolidaci\u00f3n.<\/p>\n<\/li>\n<\/ul>\n<p>&nbsp;<\/p>\n<p>Inscripciones:\u00a0<strong>\u00a0<a href=\"http:\/\/www.posgrado.unsl.edu.ar\/\">www.posgrado.unsl.edu.ar<\/a><\/strong><\/p>\n","protected":false},"excerpt":{"rendered":"<p>La Secretar\u00eda de Investigaci\u00f3n y Posgrado de la FCEJS informa que se encuentra abierta la inscripci\u00f3n al curso de posgrado \u201cEpistemolog\u00eda, Sociedad y \u00c9tica\u201d, que&hellip;<\/p>\n","protected":false},"author":9,"featured_media":21050,"comment_status":"closed","ping_status":"closed","sticky":false,"template":"","format":"standard","meta":{"om_disable_all_campaigns":false,"_monsterinsights_skip_tracking":false,"_monsterinsights_sitenote_active":false,"_monsterinsights_sitenote_note":"","_monsterinsights_sitenote_category":0,"footnotes":""},"categories":[1],"tags":[],"class_list":["post-21049","post","type-post","status-publish","format-standard","has-post-thumbnail","hentry","category-noticias"],"yoast_head":"<!-- This site is optimized with the Yoast SEO plugin v27.4 - https:\/\/yoast.com\/product\/yoast-seo-wordpress\/ -->\n<title>Curso sobre epistemolog\u00eda en el nuevo Doctorado en Ciencias Sociales - Facultad de Ciencias Econ\u00f3micas, Jur\u00ed\u00addicas y Sociales<\/title>\n<meta name=\"robots\" content=\"index, follow, max-snippet:-1, max-image-preview:large, max-video-preview:-1\" \/>\n<link rel=\"canonical\" href=\"https:\/\/www.fcejs.unsl.edu.ar\/index.php\/curso-sobre-epistemologia-en-el-nuevo-doctorado-en-ciencias-sociales\/\" \/>\n<meta property=\"og:locale\" content=\"es_ES\" \/>\n<meta property=\"og:type\" content=\"article\" \/>\n<meta property=\"og:title\" content=\"Curso sobre epistemolog\u00eda en el nuevo Doctorado en Ciencias Sociales - Facultad de Ciencias Econ\u00f3micas, Jur\u00ed\u00addicas y Sociales\" \/>\n<meta property=\"og:description\" content=\"La Secretar\u00eda de Investigaci\u00f3n y Posgrado de la FCEJS informa que se encuentra abierta la inscripci\u00f3n al curso de posgrado \u201cEpistemolog\u00eda, Sociedad y \u00c9tica\u201d, que&hellip;\" \/>\n<meta property=\"og:url\" content=\"https:\/\/www.fcejs.unsl.edu.ar\/index.php\/curso-sobre-epistemologia-en-el-nuevo-doctorado-en-ciencias-sociales\/\" \/>\n<meta property=\"og:site_name\" content=\"Facultad de Ciencias Econ\u00f3micas, Jur\u00ed\u00addicas y Sociales\" \/>\n<meta property=\"article:publisher\" content=\"https:\/\/www.facebook.com\/FCEJS.UNSL\/\" \/>\n<meta property=\"article:published_time\" content=\"2025-07-28T13:01:25+00:00\" \/>\n<meta property=\"article:modified_time\" content=\"2025-08-29T11:42:22+00:00\" \/>\n<meta property=\"og:image\" content=\"https:\/\/www.fcejs.unsl.edu.ar\/wp-content\/uploads\/2025\/07\/PLACA-WEB-CURSO-epist-soc-y-etica.jpg\" \/>\n\t<meta property=\"og:image:width\" content=\"1152\" \/>\n\t<meta property=\"og:image:height\" content=\"648\" \/>\n\t<meta property=\"og:image:type\" content=\"image\/jpeg\" \/>\n<meta name=\"author\" content=\"DATI\" \/>\n<meta name=\"twitter:card\" content=\"summary_large_image\" \/>\n<meta name=\"twitter:creator\" content=\"@FCEJSUNSL\" \/>\n<meta name=\"twitter:site\" content=\"@FCEJSUNSL\" \/>\n<meta name=\"twitter:label1\" content=\"Escrito por\" \/>\n\t<meta name=\"twitter:data1\" content=\"DATI\" \/>\n\t<meta name=\"twitter:label2\" content=\"Tiempo de lectura\" \/>\n\t<meta name=\"twitter:data2\" content=\"2 minutos\" \/>\n<script type=\"application\/ld+json\" class=\"yoast-schema-graph\">{\"@context\":\"https:\\\/\\\/schema.org\",\"@graph\":[{\"@type\":\"Article\",\"@id\":\"https:\\\/\\\/www.fcejs.unsl.edu.ar\\\/index.php\\\/curso-sobre-epistemologia-en-el-nuevo-doctorado-en-ciencias-sociales\\\/#article\",\"isPartOf\":{\"@id\":\"https:\\\/\\\/www.fcejs.unsl.edu.ar\\\/index.php\\\/curso-sobre-epistemologia-en-el-nuevo-doctorado-en-ciencias-sociales\\\/\"},\"author\":{\"name\":\"DATI\",\"@id\":\"https:\\\/\\\/www.fcejs.unsl.edu.ar\\\/#\\\/schema\\\/person\\\/352ee6ed90c3f394c7cb5945f8956d34\"},\"headline\":\"Curso sobre epistemolog\u00eda en el nuevo Doctorado en Ciencias Sociales\",\"datePublished\":\"2025-07-28T13:01:25+00:00\",\"dateModified\":\"2025-08-29T11:42:22+00:00\",\"mainEntityOfPage\":{\"@id\":\"https:\\\/\\\/www.fcejs.unsl.edu.ar\\\/index.php\\\/curso-sobre-epistemologia-en-el-nuevo-doctorado-en-ciencias-sociales\\\/\"},\"wordCount\":323,\"publisher\":{\"@id\":\"https:\\\/\\\/www.fcejs.unsl.edu.ar\\\/#organization\"},\"image\":{\"@id\":\"https:\\\/\\\/www.fcejs.unsl.edu.ar\\\/index.php\\\/curso-sobre-epistemologia-en-el-nuevo-doctorado-en-ciencias-sociales\\\/#primaryimage\"},\"thumbnailUrl\":\"https:\\\/\\\/www.fcejs.unsl.edu.ar\\\/wp-content\\\/uploads\\\/2025\\\/07\\\/PLACA-WEB-CURSO-epist-soc-y-etica.jpg\",\"articleSection\":[\"Noticias\"],\"inLanguage\":\"es-AR\"},{\"@type\":\"WebPage\",\"@id\":\"https:\\\/\\\/www.fcejs.unsl.edu.ar\\\/index.php\\\/curso-sobre-epistemologia-en-el-nuevo-doctorado-en-ciencias-sociales\\\/\",\"url\":\"https:\\\/\\\/www.fcejs.unsl.edu.ar\\\/index.php\\\/curso-sobre-epistemologia-en-el-nuevo-doctorado-en-ciencias-sociales\\\/\",\"name\":\"Curso sobre epistemolog\u00eda en el nuevo Doctorado en Ciencias Sociales - Facultad de Ciencias Econ\u00f3micas, Jur\u00ed\u00addicas y Sociales\",\"isPartOf\":{\"@id\":\"https:\\\/\\\/www.fcejs.unsl.edu.ar\\\/#website\"},\"primaryImageOfPage\":{\"@id\":\"https:\\\/\\\/www.fcejs.unsl.edu.ar\\\/index.php\\\/curso-sobre-epistemologia-en-el-nuevo-doctorado-en-ciencias-sociales\\\/#primaryimage\"},\"image\":{\"@id\":\"https:\\\/\\\/www.fcejs.unsl.edu.ar\\\/index.php\\\/curso-sobre-epistemologia-en-el-nuevo-doctorado-en-ciencias-sociales\\\/#primaryimage\"},\"thumbnailUrl\":\"https:\\\/\\\/www.fcejs.unsl.edu.ar\\\/wp-content\\\/uploads\\\/2025\\\/07\\\/PLACA-WEB-CURSO-epist-soc-y-etica.jpg\",\"datePublished\":\"2025-07-28T13:01:25+00:00\",\"dateModified\":\"2025-08-29T11:42:22+00:00\",\"breadcrumb\":{\"@id\":\"https:\\\/\\\/www.fcejs.unsl.edu.ar\\\/index.php\\\/curso-sobre-epistemologia-en-el-nuevo-doctorado-en-ciencias-sociales\\\/#breadcrumb\"},\"inLanguage\":\"es-AR\",\"potentialAction\":[{\"@type\":\"ReadAction\",\"target\":[\"https:\\\/\\\/www.fcejs.unsl.edu.ar\\\/index.php\\\/curso-sobre-epistemologia-en-el-nuevo-doctorado-en-ciencias-sociales\\\/\"]}]},{\"@type\":\"ImageObject\",\"inLanguage\":\"es-AR\",\"@id\":\"https:\\\/\\\/www.fcejs.unsl.edu.ar\\\/index.php\\\/curso-sobre-epistemologia-en-el-nuevo-doctorado-en-ciencias-sociales\\\/#primaryimage\",\"url\":\"https:\\\/\\\/www.fcejs.unsl.edu.ar\\\/wp-content\\\/uploads\\\/2025\\\/07\\\/PLACA-WEB-CURSO-epist-soc-y-etica.jpg\",\"contentUrl\":\"https:\\\/\\\/www.fcejs.unsl.edu.ar\\\/wp-content\\\/uploads\\\/2025\\\/07\\\/PLACA-WEB-CURSO-epist-soc-y-etica.jpg\",\"width\":1152,\"height\":648},{\"@type\":\"BreadcrumbList\",\"@id\":\"https:\\\/\\\/www.fcejs.unsl.edu.ar\\\/index.php\\\/curso-sobre-epistemologia-en-el-nuevo-doctorado-en-ciencias-sociales\\\/#breadcrumb\",\"itemListElement\":[{\"@type\":\"ListItem\",\"position\":1,\"name\":\"Inicio\",\"item\":\"https:\\\/\\\/www.fcejs.unsl.edu.ar\\\/\"},{\"@type\":\"ListItem\",\"position\":2,\"name\":\"Curso sobre epistemolog\u00eda en el nuevo Doctorado en Ciencias Sociales\"}]},{\"@type\":\"WebSite\",\"@id\":\"https:\\\/\\\/www.fcejs.unsl.edu.ar\\\/#website\",\"url\":\"https:\\\/\\\/www.fcejs.unsl.edu.ar\\\/\",\"name\":\"Facultad de Ciencias Econ\u00f3micas, Jur\u00ed\u00addicas y Sociales\",\"description\":\"\",\"publisher\":{\"@id\":\"https:\\\/\\\/www.fcejs.unsl.edu.ar\\\/#organization\"},\"potentialAction\":[{\"@type\":\"SearchAction\",\"target\":{\"@type\":\"EntryPoint\",\"urlTemplate\":\"https:\\\/\\\/www.fcejs.unsl.edu.ar\\\/?s={search_term_string}\"},\"query-input\":{\"@type\":\"PropertyValueSpecification\",\"valueRequired\":true,\"valueName\":\"search_term_string\"}}],\"inLanguage\":\"es-AR\"},{\"@type\":\"Organization\",\"@id\":\"https:\\\/\\\/www.fcejs.unsl.edu.ar\\\/#organization\",\"name\":\"Facultad de Ciencias Econ\u00f3micas, Jur\u00eddicas y Sociales\",\"url\":\"https:\\\/\\\/www.fcejs.unsl.edu.ar\\\/\",\"logo\":{\"@type\":\"ImageObject\",\"inLanguage\":\"es-AR\",\"@id\":\"https:\\\/\\\/www.fcejs.unsl.edu.ar\\\/#\\\/schema\\\/logo\\\/image\\\/\",\"url\":\"https:\\\/\\\/www.fcejs.unsl.edu.ar\\\/wp-content\\\/uploads\\\/2021\\\/03\\\/logo-1.jpg\",\"contentUrl\":\"https:\\\/\\\/www.fcejs.unsl.edu.ar\\\/wp-content\\\/uploads\\\/2021\\\/03\\\/logo-1.jpg\",\"width\":471,\"height\":146,\"caption\":\"Facultad de Ciencias Econ\u00f3micas, Jur\u00eddicas y Sociales\"},\"image\":{\"@id\":\"https:\\\/\\\/www.fcejs.unsl.edu.ar\\\/#\\\/schema\\\/logo\\\/image\\\/\"},\"sameAs\":[\"https:\\\/\\\/www.facebook.com\\\/FCEJS.UNSL\\\/\",\"https:\\\/\\\/x.com\\\/FCEJSUNSL\",\"https:\\\/\\\/www.instagram.com\\\/fcejs.unsl\\\/\",\"https:\\\/\\\/www.youtube.com\\\/channel\\\/UCH-Ut6EaN_X5ogjIQMPe46g\\\/\"]},{\"@type\":\"Person\",\"@id\":\"https:\\\/\\\/www.fcejs.unsl.edu.ar\\\/#\\\/schema\\\/person\\\/352ee6ed90c3f394c7cb5945f8956d34\",\"name\":\"DATI\"}]}<\/script>\n<!-- \/ Yoast SEO plugin. -->","yoast_head_json":{"title":"Curso sobre epistemolog\u00eda en el nuevo Doctorado en Ciencias Sociales - Facultad de Ciencias Econ\u00f3micas, Jur\u00ed\u00addicas y Sociales","robots":{"index":"index","follow":"follow","max-snippet":"max-snippet:-1","max-image-preview":"max-image-preview:large","max-video-preview":"max-video-preview:-1"},"canonical":"https:\/\/www.fcejs.unsl.edu.ar\/index.php\/curso-sobre-epistemologia-en-el-nuevo-doctorado-en-ciencias-sociales\/","og_locale":"es_ES","og_type":"article","og_title":"Curso sobre epistemolog\u00eda en el nuevo Doctorado en Ciencias Sociales - Facultad de Ciencias Econ\u00f3micas, Jur\u00ed\u00addicas y Sociales","og_description":"La Secretar\u00eda de Investigaci\u00f3n y Posgrado de la FCEJS informa que se encuentra abierta la inscripci\u00f3n al curso de posgrado \u201cEpistemolog\u00eda, Sociedad y \u00c9tica\u201d, que&hellip;","og_url":"https:\/\/www.fcejs.unsl.edu.ar\/index.php\/curso-sobre-epistemologia-en-el-nuevo-doctorado-en-ciencias-sociales\/","og_site_name":"Facultad de Ciencias Econ\u00f3micas, Jur\u00ed\u00addicas y Sociales","article_publisher":"https:\/\/www.facebook.com\/FCEJS.UNSL\/","article_published_time":"2025-07-28T13:01:25+00:00","article_modified_time":"2025-08-29T11:42:22+00:00","og_image":[{"width":1152,"height":648,"url":"https:\/\/www.fcejs.unsl.edu.ar\/wp-content\/uploads\/2025\/07\/PLACA-WEB-CURSO-epist-soc-y-etica.jpg","type":"image\/jpeg"}],"author":"DATI","twitter_card":"summary_large_image","twitter_creator":"@FCEJSUNSL","twitter_site":"@FCEJSUNSL","twitter_misc":{"Escrito por":"DATI","Tiempo de lectura":"2 minutos"},"schema":{"@context":"https:\/\/schema.org","@graph":[{"@type":"Article","@id":"https:\/\/www.fcejs.unsl.edu.ar\/index.php\/curso-sobre-epistemologia-en-el-nuevo-doctorado-en-ciencias-sociales\/#article","isPartOf":{"@id":"https:\/\/www.fcejs.unsl.edu.ar\/index.php\/curso-sobre-epistemologia-en-el-nuevo-doctorado-en-ciencias-sociales\/"},"author":{"name":"DATI","@id":"https:\/\/www.fcejs.unsl.edu.ar\/#\/schema\/person\/352ee6ed90c3f394c7cb5945f8956d34"},"headline":"Curso sobre epistemolog\u00eda en el nuevo Doctorado en Ciencias Sociales","datePublished":"2025-07-28T13:01:25+00:00","dateModified":"2025-08-29T11:42:22+00:00","mainEntityOfPage":{"@id":"https:\/\/www.fcejs.unsl.edu.ar\/index.php\/curso-sobre-epistemologia-en-el-nuevo-doctorado-en-ciencias-sociales\/"},"wordCount":323,"publisher":{"@id":"https:\/\/www.fcejs.unsl.edu.ar\/#organization"},"image":{"@id":"https:\/\/www.fcejs.unsl.edu.ar\/index.php\/curso-sobre-epistemologia-en-el-nuevo-doctorado-en-ciencias-sociales\/#primaryimage"},"thumbnailUrl":"https:\/\/www.fcejs.unsl.edu.ar\/wp-content\/uploads\/2025\/07\/PLACA-WEB-CURSO-epist-soc-y-etica.jpg","articleSection":["Noticias"],"inLanguage":"es-AR"},{"@type":"WebPage","@id":"https:\/\/www.fcejs.unsl.edu.ar\/index.php\/curso-sobre-epistemologia-en-el-nuevo-doctorado-en-ciencias-sociales\/","url":"https:\/\/www.fcejs.unsl.edu.ar\/index.php\/curso-sobre-epistemologia-en-el-nuevo-doctorado-en-ciencias-sociales\/","name":"Curso sobre epistemolog\u00eda en el nuevo Doctorado en Ciencias Sociales - Facultad de Ciencias Econ\u00f3micas, Jur\u00ed\u00addicas y Sociales","isPartOf":{"@id":"https:\/\/www.fcejs.unsl.edu.ar\/#website"},"primaryImageOfPage":{"@id":"https:\/\/www.fcejs.unsl.edu.ar\/index.php\/curso-sobre-epistemologia-en-el-nuevo-doctorado-en-ciencias-sociales\/#primaryimage"},"image":{"@id":"https:\/\/www.fcejs.unsl.edu.ar\/index.php\/curso-sobre-epistemologia-en-el-nuevo-doctorado-en-ciencias-sociales\/#primaryimage"},"thumbnailUrl":"https:\/\/www.fcejs.unsl.edu.ar\/wp-content\/uploads\/2025\/07\/PLACA-WEB-CURSO-epist-soc-y-etica.jpg","datePublished":"2025-07-28T13:01:25+00:00","dateModified":"2025-08-29T11:42:22+00:00","breadcrumb":{"@id":"https:\/\/www.fcejs.unsl.edu.ar\/index.php\/curso-sobre-epistemologia-en-el-nuevo-doctorado-en-ciencias-sociales\/#breadcrumb"},"inLanguage":"es-AR","potentialAction":[{"@type":"ReadAction","target":["https:\/\/www.fcejs.unsl.edu.ar\/index.php\/curso-sobre-epistemologia-en-el-nuevo-doctorado-en-ciencias-sociales\/"]}]},{"@type":"ImageObject","inLanguage":"es-AR","@id":"https:\/\/www.fcejs.unsl.edu.ar\/index.php\/curso-sobre-epistemologia-en-el-nuevo-doctorado-en-ciencias-sociales\/#primaryimage","url":"https:\/\/www.fcejs.unsl.edu.ar\/wp-content\/uploads\/2025\/07\/PLACA-WEB-CURSO-epist-soc-y-etica.jpg","contentUrl":"https:\/\/www.fcejs.unsl.edu.ar\/wp-content\/uploads\/2025\/07\/PLACA-WEB-CURSO-epist-soc-y-etica.jpg","width":1152,"height":648},{"@type":"BreadcrumbList","@id":"https:\/\/www.fcejs.unsl.edu.ar\/index.php\/curso-sobre-epistemologia-en-el-nuevo-doctorado-en-ciencias-sociales\/#breadcrumb","itemListElement":[{"@type":"ListItem","position":1,"name":"Inicio","item":"https:\/\/www.fcejs.unsl.edu.ar\/"},{"@type":"ListItem","position":2,"name":"Curso sobre epistemolog\u00eda en el nuevo Doctorado en Ciencias Sociales"}]},{"@type":"WebSite","@id":"https:\/\/www.fcejs.unsl.edu.ar\/#website","url":"https:\/\/www.fcejs.unsl.edu.ar\/","name":"Facultad de Ciencias Econ\u00f3micas, Jur\u00ed\u00addicas y Sociales","description":"","publisher":{"@id":"https:\/\/www.fcejs.unsl.edu.ar\/#organization"},"potentialAction":[{"@type":"SearchAction","target":{"@type":"EntryPoint","urlTemplate":"https:\/\/www.fcejs.unsl.edu.ar\/?s={search_term_string}"},"query-input":{"@type":"PropertyValueSpecification","valueRequired":true,"valueName":"search_term_string"}}],"inLanguage":"es-AR"},{"@type":"Organization","@id":"https:\/\/www.fcejs.unsl.edu.ar\/#organization","name":"Facultad de Ciencias Econ\u00f3micas, Jur\u00eddicas y Sociales","url":"https:\/\/www.fcejs.unsl.edu.ar\/","logo":{"@type":"ImageObject","inLanguage":"es-AR","@id":"https:\/\/www.fcejs.unsl.edu.ar\/#\/schema\/logo\/image\/","url":"https:\/\/www.fcejs.unsl.edu.ar\/wp-content\/uploads\/2021\/03\/logo-1.jpg","contentUrl":"https:\/\/www.fcejs.unsl.edu.ar\/wp-content\/uploads\/2021\/03\/logo-1.jpg","width":471,"height":146,"caption":"Facultad de Ciencias Econ\u00f3micas, Jur\u00eddicas y Sociales"},"image":{"@id":"https:\/\/www.fcejs.unsl.edu.ar\/#\/schema\/logo\/image\/"},"sameAs":["https:\/\/www.facebook.com\/FCEJS.UNSL\/","https:\/\/x.com\/FCEJSUNSL","https:\/\/www.instagram.com\/fcejs.unsl\/","https:\/\/www.youtube.com\/channel\/UCH-Ut6EaN_X5ogjIQMPe46g\/"]},{"@type":"Person","@id":"https:\/\/www.fcejs.unsl.edu.ar\/#\/schema\/person\/352ee6ed90c3f394c7cb5945f8956d34","name":"DATI"}]}},"jetpack_featured_media_url":"https:\/\/www.fcejs.unsl.edu.ar\/wp-content\/uploads\/2025\/07\/PLACA-WEB-CURSO-epist-soc-y-etica.jpg","_links":{"self":[{"href":"https:\/\/www.fcejs.unsl.edu.ar\/index.php\/wp-json\/wp\/v2\/posts\/21049","targetHints":{"allow":["GET"]}}],"collection":[{"href":"https:\/\/www.fcejs.unsl.edu.ar\/index.php\/wp-json\/wp\/v2\/posts"}],"about":[{"href":"https:\/\/www.fcejs.unsl.edu.ar\/index.php\/wp-json\/wp\/v2\/types\/post"}],"author":[{"embeddable":true,"href":"https:\/\/www.fcejs.unsl.edu.ar\/index.php\/wp-json\/wp\/v2\/users\/9"}],"replies":[{"embeddable":true,"href":"https:\/\/www.fcejs.unsl.edu.ar\/index.php\/wp-json\/wp\/v2\/comments?post=21049"}],"version-history":[{"count":1,"href":"https:\/\/www.fcejs.unsl.edu.ar\/index.php\/wp-json\/wp\/v2\/posts\/21049\/revisions"}],"predecessor-version":[{"id":21051,"href":"https:\/\/www.fcejs.unsl.edu.ar\/index.php\/wp-json\/wp\/v2\/posts\/21049\/revisions\/21051"}],"wp:featuredmedia":[{"embeddable":true,"href":"https:\/\/www.fcejs.unsl.edu.ar\/index.php\/wp-json\/wp\/v2\/media\/21050"}],"wp:attachment":[{"href":"https:\/\/www.fcejs.unsl.edu.ar\/index.php\/wp-json\/wp\/v2\/media?parent=21049"}],"wp:term":[{"taxonomy":"category","embeddable":true,"href":"https:\/\/www.fcejs.unsl.edu.ar\/index.php\/wp-json\/wp\/v2\/categories?post=21049"},{"taxonomy":"post_tag","embeddable":true,"href":"https:\/\/www.fcejs.unsl.edu.ar\/index.php\/wp-json\/wp\/v2\/tags?post=21049"}],"curies":[{"name":"wp","href":"https:\/\/api.w.org\/{rel}","templated":true}]}}