{"id":21040,"date":"2025-07-25T09:37:29","date_gmt":"2025-07-25T12:37:29","guid":{"rendered":"http:\/\/10.101.10.197\/www\/?p=21040"},"modified":"2025-08-29T08:42:17","modified_gmt":"2025-08-29T11:42:17","slug":"nuevo-curso-de-posgrado-en-logistica-y-cadenas-de-valor","status":"publish","type":"post","link":"https:\/\/www.fcejs.unsl.edu.ar\/index.php\/nuevo-curso-de-posgrado-en-logistica-y-cadenas-de-valor\/","title":{"rendered":"Nuevo curso de posgrado en log\u00edstica y cadenas de valor"},"content":{"rendered":"<p data-start=\"272\" data-end=\"583\">La Secretar\u00eda de Investigaci\u00f3n y Posgrado invita a participar del curso de posgrado <strong data-start=\"356\" data-end=\"419\">\u201cLa log\u00edstica como actividad clave en las cadenas de valor\u201d<\/strong>, que comenzar\u00e1 el pr\u00f3ximo <strong data-start=\"446\" data-end=\"479\">7 de agosto a las 18:00 horas<\/strong> en el Instituto Escuela de Econom\u00eda, Negocios y Transferencia Tecnol\u00f3gica de la FCEJS (Pescadores 314).<\/p>\n<p data-start=\"585\" data-end=\"880\">Este curso de perfeccionamiento tiene una carga horaria de <strong data-start=\"644\" data-end=\"662\">30 horas reloj<\/strong>. Para participar, los\/as estudiantes deber\u00e1n estar inscriptos\/as en el sistema <strong data-start=\"742\" data-end=\"757\">SIU Guaran\u00ed<\/strong>. Se dar\u00e1 prioridad a estudiantes o egresados\/as de la <strong data-start=\"812\" data-end=\"860\">Maestr\u00eda en Econom\u00eda y Negocios (FCEJS\u2013UNSL)<\/strong>. <strong data-start=\"862\" data-end=\"880\">Cupo limitado.<\/strong><\/p>\n<h3 style=\"text-align: center;\"><span style=\"color: #0000ff;\"><strong><a style=\"color: #0000ff;\" href=\"https:\/\/forms.gle\/XJYiMmJLYUepyQBMA\" target=\"_blank\" rel=\"noopener\">FORMULARIO DE INSCRIPCI\u00d3N<\/a><\/strong><\/span><\/h3>\n<p data-start=\"993\" data-end=\"1439\">El objetivo del curso es <strong data-start=\"1018\" data-end=\"1114\">mejorar los conocimientos sobre los conceptos y criterios log\u00edsticos en las cadenas de valor<\/strong>, a trav\u00e9s de una comprensi\u00f3n m\u00e1s profunda de herramientas te\u00f3ricas y pr\u00e1cticas. La din\u00e1mica de los negocios y la evoluci\u00f3n de la tecnolog\u00eda hacen necesaria la mejora e innovaci\u00f3n permanente de los procesos desarrollados por las distintas \u00e1reas funcionales, en alineaci\u00f3n con los objetivos estrat\u00e9gicos de las organizaciones.<\/p>\n<p data-start=\"1441\" data-end=\"2070\">La gesti\u00f3n log\u00edstica de procesos y cadenas de valor resulta de vital importancia en la administraci\u00f3n de operaciones de productos y servicios. Su desarrollo se ha potenciado, por un lado, por la necesidad de abastecer mercados cada vez m\u00e1s exigentes en t\u00e9rminos de calidad, variedad y trazabilidad de productos industriales; y por otro, por el crecimiento de la distribuci\u00f3n f\u00edsica internacional, que permite \u2014gracias a una gesti\u00f3n operativa eficiente\u2014 alcanzar mercados globales con productos de alta calidad que atraviesan procesos log\u00edsticos de transporte y almacenamiento tanto en los pa\u00edses de origen como en los de destino.<\/p>\n<p data-start=\"2072\" data-end=\"2354\">La orientaci\u00f3n de este seminario permite enfocarse en las necesidades log\u00edsticas de las cadenas de valor, tanto a nivel nacional como internacional. Los casos de estudio que se abordar\u00e1n durante el cursado son reales y est\u00e1n basados principalmente en procesos log\u00edsticos regionales.<\/p>\n<p data-start=\"2356\" data-end=\"2463\">El curso estar\u00e1 coordinado por la <strong data-start=\"2390\" data-end=\"2416\">Mgtr. Johana Sanoguera<\/strong>.<br data-start=\"2417\" data-end=\"2420\" \/>\ud83d\udce9 <strong data-start=\"2423\" data-end=\"2437\">Consultas:<\/strong> <a class=\"cursor-pointer\" rel=\"noopener\" data-start=\"2438\" data-end=\"2463\">johanasanoguera@gmail.com<\/a><\/p>\n","protected":false},"excerpt":{"rendered":"<p>La Secretar\u00eda de Investigaci\u00f3n y Posgrado invita a participar del curso de posgrado \u201cLa log\u00edstica como actividad clave en las cadenas de valor\u201d, que comenzar\u00e1&hellip;<\/p>\n","protected":false},"author":9,"featured_media":21041,"comment_status":"closed","ping_status":"closed","sticky":false,"template":"","format":"standard","meta":{"om_disable_all_campaigns":false,"_monsterinsights_skip_tracking":false,"_monsterinsights_sitenote_active":false,"_monsterinsights_sitenote_note":"","_monsterinsights_sitenote_category":0,"footnotes":""},"categories":[1],"tags":[],"class_list":["post-21040","post","type-post","status-publish","format-standard","has-post-thumbnail","hentry","category-noticias"],"yoast_head":"<!-- This site is optimized with the Yoast SEO plugin v27.4 - https:\/\/yoast.com\/product\/yoast-seo-wordpress\/ -->\n<title>Nuevo curso de posgrado en log\u00edstica y cadenas de valor - Facultad de Ciencias Econ\u00f3micas, Jur\u00ed\u00addicas y Sociales<\/title>\n<meta name=\"robots\" content=\"index, follow, max-snippet:-1, max-image-preview:large, max-video-preview:-1\" \/>\n<link rel=\"canonical\" href=\"https:\/\/www.fcejs.unsl.edu.ar\/index.php\/nuevo-curso-de-posgrado-en-logistica-y-cadenas-de-valor\/\" \/>\n<meta property=\"og:locale\" content=\"es_ES\" \/>\n<meta property=\"og:type\" content=\"article\" \/>\n<meta property=\"og:title\" content=\"Nuevo curso de posgrado en log\u00edstica y cadenas de valor - Facultad de Ciencias Econ\u00f3micas, Jur\u00ed\u00addicas y Sociales\" \/>\n<meta property=\"og:description\" content=\"La Secretar\u00eda de Investigaci\u00f3n y Posgrado invita a participar del curso de posgrado \u201cLa log\u00edstica como actividad clave en las cadenas de valor\u201d, que comenzar\u00e1&hellip;\" \/>\n<meta property=\"og:url\" content=\"https:\/\/www.fcejs.unsl.edu.ar\/index.php\/nuevo-curso-de-posgrado-en-logistica-y-cadenas-de-valor\/\" \/>\n<meta property=\"og:site_name\" content=\"Facultad de Ciencias Econ\u00f3micas, Jur\u00ed\u00addicas y Sociales\" \/>\n<meta property=\"article:publisher\" content=\"https:\/\/www.facebook.com\/FCEJS.UNSL\/\" \/>\n<meta property=\"article:published_time\" content=\"2025-07-25T12:37:29+00:00\" \/>\n<meta property=\"article:modified_time\" content=\"2025-08-29T11:42:17+00:00\" \/>\n<meta property=\"og:image\" content=\"https:\/\/www.fcejs.unsl.edu.ar\/wp-content\/uploads\/2025\/07\/PLACA-WEB-CURSO-logistica.jpg\" \/>\n\t<meta property=\"og:image:width\" content=\"1152\" \/>\n\t<meta property=\"og:image:height\" content=\"648\" \/>\n\t<meta property=\"og:image:type\" content=\"image\/jpeg\" \/>\n<meta name=\"author\" content=\"DATI\" \/>\n<meta name=\"twitter:card\" content=\"summary_large_image\" \/>\n<meta name=\"twitter:creator\" content=\"@FCEJSUNSL\" \/>\n<meta name=\"twitter:site\" content=\"@FCEJSUNSL\" \/>\n<meta name=\"twitter:label1\" content=\"Escrito por\" \/>\n\t<meta name=\"twitter:data1\" content=\"DATI\" \/>\n\t<meta name=\"twitter:label2\" content=\"Tiempo de lectura\" \/>\n\t<meta name=\"twitter:data2\" content=\"2 minutos\" \/>\n<script type=\"application\/ld+json\" class=\"yoast-schema-graph\">{\"@context\":\"https:\\\/\\\/schema.org\",\"@graph\":[{\"@type\":\"Article\",\"@id\":\"https:\\\/\\\/www.fcejs.unsl.edu.ar\\\/index.php\\\/nuevo-curso-de-posgrado-en-logistica-y-cadenas-de-valor\\\/#article\",\"isPartOf\":{\"@id\":\"https:\\\/\\\/www.fcejs.unsl.edu.ar\\\/index.php\\\/nuevo-curso-de-posgrado-en-logistica-y-cadenas-de-valor\\\/\"},\"author\":{\"name\":\"DATI\",\"@id\":\"https:\\\/\\\/www.fcejs.unsl.edu.ar\\\/#\\\/schema\\\/person\\\/352ee6ed90c3f394c7cb5945f8956d34\"},\"headline\":\"Nuevo curso de posgrado en log\u00edstica y cadenas de valor\",\"datePublished\":\"2025-07-25T12:37:29+00:00\",\"dateModified\":\"2025-08-29T11:42:17+00:00\",\"mainEntityOfPage\":{\"@id\":\"https:\\\/\\\/www.fcejs.unsl.edu.ar\\\/index.php\\\/nuevo-curso-de-posgrado-en-logistica-y-cadenas-de-valor\\\/\"},\"wordCount\":359,\"publisher\":{\"@id\":\"https:\\\/\\\/www.fcejs.unsl.edu.ar\\\/#organization\"},\"image\":{\"@id\":\"https:\\\/\\\/www.fcejs.unsl.edu.ar\\\/index.php\\\/nuevo-curso-de-posgrado-en-logistica-y-cadenas-de-valor\\\/#primaryimage\"},\"thumbnailUrl\":\"https:\\\/\\\/www.fcejs.unsl.edu.ar\\\/wp-content\\\/uploads\\\/2025\\\/07\\\/PLACA-WEB-CURSO-logistica.jpg\",\"articleSection\":[\"Noticias\"],\"inLanguage\":\"es-AR\"},{\"@type\":\"WebPage\",\"@id\":\"https:\\\/\\\/www.fcejs.unsl.edu.ar\\\/index.php\\\/nuevo-curso-de-posgrado-en-logistica-y-cadenas-de-valor\\\/\",\"url\":\"https:\\\/\\\/www.fcejs.unsl.edu.ar\\\/index.php\\\/nuevo-curso-de-posgrado-en-logistica-y-cadenas-de-valor\\\/\",\"name\":\"Nuevo curso de posgrado en log\u00edstica y cadenas de valor - Facultad de Ciencias Econ\u00f3micas, Jur\u00ed\u00addicas y Sociales\",\"isPartOf\":{\"@id\":\"https:\\\/\\\/www.fcejs.unsl.edu.ar\\\/#website\"},\"primaryImageOfPage\":{\"@id\":\"https:\\\/\\\/www.fcejs.unsl.edu.ar\\\/index.php\\\/nuevo-curso-de-posgrado-en-logistica-y-cadenas-de-valor\\\/#primaryimage\"},\"image\":{\"@id\":\"https:\\\/\\\/www.fcejs.unsl.edu.ar\\\/index.php\\\/nuevo-curso-de-posgrado-en-logistica-y-cadenas-de-valor\\\/#primaryimage\"},\"thumbnailUrl\":\"https:\\\/\\\/www.fcejs.unsl.edu.ar\\\/wp-content\\\/uploads\\\/2025\\\/07\\\/PLACA-WEB-CURSO-logistica.jpg\",\"datePublished\":\"2025-07-25T12:37:29+00:00\",\"dateModified\":\"2025-08-29T11:42:17+00:00\",\"breadcrumb\":{\"@id\":\"https:\\\/\\\/www.fcejs.unsl.edu.ar\\\/index.php\\\/nuevo-curso-de-posgrado-en-logistica-y-cadenas-de-valor\\\/#breadcrumb\"},\"inLanguage\":\"es-AR\",\"potentialAction\":[{\"@type\":\"ReadAction\",\"target\":[\"https:\\\/\\\/www.fcejs.unsl.edu.ar\\\/index.php\\\/nuevo-curso-de-posgrado-en-logistica-y-cadenas-de-valor\\\/\"]}]},{\"@type\":\"ImageObject\",\"inLanguage\":\"es-AR\",\"@id\":\"https:\\\/\\\/www.fcejs.unsl.edu.ar\\\/index.php\\\/nuevo-curso-de-posgrado-en-logistica-y-cadenas-de-valor\\\/#primaryimage\",\"url\":\"https:\\\/\\\/www.fcejs.unsl.edu.ar\\\/wp-content\\\/uploads\\\/2025\\\/07\\\/PLACA-WEB-CURSO-logistica.jpg\",\"contentUrl\":\"https:\\\/\\\/www.fcejs.unsl.edu.ar\\\/wp-content\\\/uploads\\\/2025\\\/07\\\/PLACA-WEB-CURSO-logistica.jpg\",\"width\":1152,\"height\":648},{\"@type\":\"BreadcrumbList\",\"@id\":\"https:\\\/\\\/www.fcejs.unsl.edu.ar\\\/index.php\\\/nuevo-curso-de-posgrado-en-logistica-y-cadenas-de-valor\\\/#breadcrumb\",\"itemListElement\":[{\"@type\":\"ListItem\",\"position\":1,\"name\":\"Inicio\",\"item\":\"https:\\\/\\\/www.fcejs.unsl.edu.ar\\\/\"},{\"@type\":\"ListItem\",\"position\":2,\"name\":\"Nuevo curso de posgrado en log\u00edstica y cadenas de valor\"}]},{\"@type\":\"WebSite\",\"@id\":\"https:\\\/\\\/www.fcejs.unsl.edu.ar\\\/#website\",\"url\":\"https:\\\/\\\/www.fcejs.unsl.edu.ar\\\/\",\"name\":\"Facultad de Ciencias Econ\u00f3micas, Jur\u00ed\u00addicas y Sociales\",\"description\":\"\",\"publisher\":{\"@id\":\"https:\\\/\\\/www.fcejs.unsl.edu.ar\\\/#organization\"},\"potentialAction\":[{\"@type\":\"SearchAction\",\"target\":{\"@type\":\"EntryPoint\",\"urlTemplate\":\"https:\\\/\\\/www.fcejs.unsl.edu.ar\\\/?s={search_term_string}\"},\"query-input\":{\"@type\":\"PropertyValueSpecification\",\"valueRequired\":true,\"valueName\":\"search_term_string\"}}],\"inLanguage\":\"es-AR\"},{\"@type\":\"Organization\",\"@id\":\"https:\\\/\\\/www.fcejs.unsl.edu.ar\\\/#organization\",\"name\":\"Facultad de Ciencias Econ\u00f3micas, Jur\u00eddicas y Sociales\",\"url\":\"https:\\\/\\\/www.fcejs.unsl.edu.ar\\\/\",\"logo\":{\"@type\":\"ImageObject\",\"inLanguage\":\"es-AR\",\"@id\":\"https:\\\/\\\/www.fcejs.unsl.edu.ar\\\/#\\\/schema\\\/logo\\\/image\\\/\",\"url\":\"https:\\\/\\\/www.fcejs.unsl.edu.ar\\\/wp-content\\\/uploads\\\/2021\\\/03\\\/logo-1.jpg\",\"contentUrl\":\"https:\\\/\\\/www.fcejs.unsl.edu.ar\\\/wp-content\\\/uploads\\\/2021\\\/03\\\/logo-1.jpg\",\"width\":471,\"height\":146,\"caption\":\"Facultad de Ciencias Econ\u00f3micas, Jur\u00eddicas y Sociales\"},\"image\":{\"@id\":\"https:\\\/\\\/www.fcejs.unsl.edu.ar\\\/#\\\/schema\\\/logo\\\/image\\\/\"},\"sameAs\":[\"https:\\\/\\\/www.facebook.com\\\/FCEJS.UNSL\\\/\",\"https:\\\/\\\/x.com\\\/FCEJSUNSL\",\"https:\\\/\\\/www.instagram.com\\\/fcejs.unsl\\\/\",\"https:\\\/\\\/www.youtube.com\\\/channel\\\/UCH-Ut6EaN_X5ogjIQMPe46g\\\/\"]},{\"@type\":\"Person\",\"@id\":\"https:\\\/\\\/www.fcejs.unsl.edu.ar\\\/#\\\/schema\\\/person\\\/352ee6ed90c3f394c7cb5945f8956d34\",\"name\":\"DATI\"}]}<\/script>\n<!-- \/ Yoast SEO plugin. -->","yoast_head_json":{"title":"Nuevo curso de posgrado en log\u00edstica y cadenas de valor - Facultad de Ciencias Econ\u00f3micas, Jur\u00ed\u00addicas y Sociales","robots":{"index":"index","follow":"follow","max-snippet":"max-snippet:-1","max-image-preview":"max-image-preview:large","max-video-preview":"max-video-preview:-1"},"canonical":"https:\/\/www.fcejs.unsl.edu.ar\/index.php\/nuevo-curso-de-posgrado-en-logistica-y-cadenas-de-valor\/","og_locale":"es_ES","og_type":"article","og_title":"Nuevo curso de posgrado en log\u00edstica y cadenas de valor - Facultad de Ciencias Econ\u00f3micas, Jur\u00ed\u00addicas y Sociales","og_description":"La Secretar\u00eda de Investigaci\u00f3n y Posgrado invita a participar del curso de posgrado \u201cLa log\u00edstica como actividad clave en las cadenas de valor\u201d, que comenzar\u00e1&hellip;","og_url":"https:\/\/www.fcejs.unsl.edu.ar\/index.php\/nuevo-curso-de-posgrado-en-logistica-y-cadenas-de-valor\/","og_site_name":"Facultad de Ciencias Econ\u00f3micas, Jur\u00ed\u00addicas y Sociales","article_publisher":"https:\/\/www.facebook.com\/FCEJS.UNSL\/","article_published_time":"2025-07-25T12:37:29+00:00","article_modified_time":"2025-08-29T11:42:17+00:00","og_image":[{"width":1152,"height":648,"url":"https:\/\/www.fcejs.unsl.edu.ar\/wp-content\/uploads\/2025\/07\/PLACA-WEB-CURSO-logistica.jpg","type":"image\/jpeg"}],"author":"DATI","twitter_card":"summary_large_image","twitter_creator":"@FCEJSUNSL","twitter_site":"@FCEJSUNSL","twitter_misc":{"Escrito por":"DATI","Tiempo de lectura":"2 minutos"},"schema":{"@context":"https:\/\/schema.org","@graph":[{"@type":"Article","@id":"https:\/\/www.fcejs.unsl.edu.ar\/index.php\/nuevo-curso-de-posgrado-en-logistica-y-cadenas-de-valor\/#article","isPartOf":{"@id":"https:\/\/www.fcejs.unsl.edu.ar\/index.php\/nuevo-curso-de-posgrado-en-logistica-y-cadenas-de-valor\/"},"author":{"name":"DATI","@id":"https:\/\/www.fcejs.unsl.edu.ar\/#\/schema\/person\/352ee6ed90c3f394c7cb5945f8956d34"},"headline":"Nuevo curso de posgrado en log\u00edstica y cadenas de valor","datePublished":"2025-07-25T12:37:29+00:00","dateModified":"2025-08-29T11:42:17+00:00","mainEntityOfPage":{"@id":"https:\/\/www.fcejs.unsl.edu.ar\/index.php\/nuevo-curso-de-posgrado-en-logistica-y-cadenas-de-valor\/"},"wordCount":359,"publisher":{"@id":"https:\/\/www.fcejs.unsl.edu.ar\/#organization"},"image":{"@id":"https:\/\/www.fcejs.unsl.edu.ar\/index.php\/nuevo-curso-de-posgrado-en-logistica-y-cadenas-de-valor\/#primaryimage"},"thumbnailUrl":"https:\/\/www.fcejs.unsl.edu.ar\/wp-content\/uploads\/2025\/07\/PLACA-WEB-CURSO-logistica.jpg","articleSection":["Noticias"],"inLanguage":"es-AR"},{"@type":"WebPage","@id":"https:\/\/www.fcejs.unsl.edu.ar\/index.php\/nuevo-curso-de-posgrado-en-logistica-y-cadenas-de-valor\/","url":"https:\/\/www.fcejs.unsl.edu.ar\/index.php\/nuevo-curso-de-posgrado-en-logistica-y-cadenas-de-valor\/","name":"Nuevo curso de posgrado en log\u00edstica y cadenas de valor - Facultad de Ciencias Econ\u00f3micas, Jur\u00ed\u00addicas y Sociales","isPartOf":{"@id":"https:\/\/www.fcejs.unsl.edu.ar\/#website"},"primaryImageOfPage":{"@id":"https:\/\/www.fcejs.unsl.edu.ar\/index.php\/nuevo-curso-de-posgrado-en-logistica-y-cadenas-de-valor\/#primaryimage"},"image":{"@id":"https:\/\/www.fcejs.unsl.edu.ar\/index.php\/nuevo-curso-de-posgrado-en-logistica-y-cadenas-de-valor\/#primaryimage"},"thumbnailUrl":"https:\/\/www.fcejs.unsl.edu.ar\/wp-content\/uploads\/2025\/07\/PLACA-WEB-CURSO-logistica.jpg","datePublished":"2025-07-25T12:37:29+00:00","dateModified":"2025-08-29T11:42:17+00:00","breadcrumb":{"@id":"https:\/\/www.fcejs.unsl.edu.ar\/index.php\/nuevo-curso-de-posgrado-en-logistica-y-cadenas-de-valor\/#breadcrumb"},"inLanguage":"es-AR","potentialAction":[{"@type":"ReadAction","target":["https:\/\/www.fcejs.unsl.edu.ar\/index.php\/nuevo-curso-de-posgrado-en-logistica-y-cadenas-de-valor\/"]}]},{"@type":"ImageObject","inLanguage":"es-AR","@id":"https:\/\/www.fcejs.unsl.edu.ar\/index.php\/nuevo-curso-de-posgrado-en-logistica-y-cadenas-de-valor\/#primaryimage","url":"https:\/\/www.fcejs.unsl.edu.ar\/wp-content\/uploads\/2025\/07\/PLACA-WEB-CURSO-logistica.jpg","contentUrl":"https:\/\/www.fcejs.unsl.edu.ar\/wp-content\/uploads\/2025\/07\/PLACA-WEB-CURSO-logistica.jpg","width":1152,"height":648},{"@type":"BreadcrumbList","@id":"https:\/\/www.fcejs.unsl.edu.ar\/index.php\/nuevo-curso-de-posgrado-en-logistica-y-cadenas-de-valor\/#breadcrumb","itemListElement":[{"@type":"ListItem","position":1,"name":"Inicio","item":"https:\/\/www.fcejs.unsl.edu.ar\/"},{"@type":"ListItem","position":2,"name":"Nuevo curso de posgrado en log\u00edstica y cadenas de valor"}]},{"@type":"WebSite","@id":"https:\/\/www.fcejs.unsl.edu.ar\/#website","url":"https:\/\/www.fcejs.unsl.edu.ar\/","name":"Facultad de Ciencias Econ\u00f3micas, Jur\u00ed\u00addicas y Sociales","description":"","publisher":{"@id":"https:\/\/www.fcejs.unsl.edu.ar\/#organization"},"potentialAction":[{"@type":"SearchAction","target":{"@type":"EntryPoint","urlTemplate":"https:\/\/www.fcejs.unsl.edu.ar\/?s={search_term_string}"},"query-input":{"@type":"PropertyValueSpecification","valueRequired":true,"valueName":"search_term_string"}}],"inLanguage":"es-AR"},{"@type":"Organization","@id":"https:\/\/www.fcejs.unsl.edu.ar\/#organization","name":"Facultad de Ciencias Econ\u00f3micas, Jur\u00eddicas y Sociales","url":"https:\/\/www.fcejs.unsl.edu.ar\/","logo":{"@type":"ImageObject","inLanguage":"es-AR","@id":"https:\/\/www.fcejs.unsl.edu.ar\/#\/schema\/logo\/image\/","url":"https:\/\/www.fcejs.unsl.edu.ar\/wp-content\/uploads\/2021\/03\/logo-1.jpg","contentUrl":"https:\/\/www.fcejs.unsl.edu.ar\/wp-content\/uploads\/2021\/03\/logo-1.jpg","width":471,"height":146,"caption":"Facultad de Ciencias Econ\u00f3micas, Jur\u00eddicas y Sociales"},"image":{"@id":"https:\/\/www.fcejs.unsl.edu.ar\/#\/schema\/logo\/image\/"},"sameAs":["https:\/\/www.facebook.com\/FCEJS.UNSL\/","https:\/\/x.com\/FCEJSUNSL","https:\/\/www.instagram.com\/fcejs.unsl\/","https:\/\/www.youtube.com\/channel\/UCH-Ut6EaN_X5ogjIQMPe46g\/"]},{"@type":"Person","@id":"https:\/\/www.fcejs.unsl.edu.ar\/#\/schema\/person\/352ee6ed90c3f394c7cb5945f8956d34","name":"DATI"}]}},"jetpack_featured_media_url":"https:\/\/www.fcejs.unsl.edu.ar\/wp-content\/uploads\/2025\/07\/PLACA-WEB-CURSO-logistica.jpg","_links":{"self":[{"href":"https:\/\/www.fcejs.unsl.edu.ar\/index.php\/wp-json\/wp\/v2\/posts\/21040","targetHints":{"allow":["GET"]}}],"collection":[{"href":"https:\/\/www.fcejs.unsl.edu.ar\/index.php\/wp-json\/wp\/v2\/posts"}],"about":[{"href":"https:\/\/www.fcejs.unsl.edu.ar\/index.php\/wp-json\/wp\/v2\/types\/post"}],"author":[{"embeddable":true,"href":"https:\/\/www.fcejs.unsl.edu.ar\/index.php\/wp-json\/wp\/v2\/users\/9"}],"replies":[{"embeddable":true,"href":"https:\/\/www.fcejs.unsl.edu.ar\/index.php\/wp-json\/wp\/v2\/comments?post=21040"}],"version-history":[{"count":3,"href":"https:\/\/www.fcejs.unsl.edu.ar\/index.php\/wp-json\/wp\/v2\/posts\/21040\/revisions"}],"predecessor-version":[{"id":21044,"href":"https:\/\/www.fcejs.unsl.edu.ar\/index.php\/wp-json\/wp\/v2\/posts\/21040\/revisions\/21044"}],"wp:featuredmedia":[{"embeddable":true,"href":"https:\/\/www.fcejs.unsl.edu.ar\/index.php\/wp-json\/wp\/v2\/media\/21041"}],"wp:attachment":[{"href":"https:\/\/www.fcejs.unsl.edu.ar\/index.php\/wp-json\/wp\/v2\/media?parent=21040"}],"wp:term":[{"taxonomy":"category","embeddable":true,"href":"https:\/\/www.fcejs.unsl.edu.ar\/index.php\/wp-json\/wp\/v2\/categories?post=21040"},{"taxonomy":"post_tag","embeddable":true,"href":"https:\/\/www.fcejs.unsl.edu.ar\/index.php\/wp-json\/wp\/v2\/tags?post=21040"}],"curies":[{"name":"wp","href":"https:\/\/api.w.org\/{rel}","templated":true}]}}