{"id":21032,"date":"2025-07-22T11:00:40","date_gmt":"2025-07-22T14:00:40","guid":{"rendered":"http:\/\/10.101.10.197\/www\/?p=21032"},"modified":"2025-07-28T20:57:24","modified_gmt":"2025-07-28T23:57:24","slug":"pablo-llonto-presenta-su-nuevo-libro-derecho-a-la-resistencia-en-la-unsl","status":"publish","type":"post","link":"https:\/\/www.fcejs.unsl.edu.ar\/index.php\/pablo-llonto-presenta-su-nuevo-libro-derecho-a-la-resistencia-en-la-unsl\/","title":{"rendered":"Pablo Llonto presenta su nuevo libro &#8220;Derecho a la resistencia&#8221; en la UNSL"},"content":{"rendered":"<p data-start=\"251\" data-end=\"603\">El pr\u00f3ximo <strong>viernes 25 de julio a las 18:00 horas<\/strong>, la Universidad Nacional de San Luis ser\u00e1 sede de la <strong>presentaci\u00f3n del libro <em data-start=\"376\" data-end=\"402\">Derecho a la resistencia<\/em>,<\/strong> que realizar\u00e1 su autor, <strong>Pablo Llonto, periodista, abogado y defensor de derechos humanos.<\/strong> El encuentro se llevar\u00e1 a cabo en el <strong>Microcine del edificio central de la UNSL, con entrada libre y gratuita.<\/strong><\/p>\n<p data-start=\"605\" data-end=\"876\">La jornada contar\u00e1 con la participaci\u00f3n art\u00edstica de \u201cEl Enjambre\u201d, el ensamble estilo murga uruguaya de la Secretar\u00eda de Extensi\u00f3n Universitaria de la UNSL, que abrir\u00e1 el encuentro con una intervenci\u00f3n colectiva que conjuga m\u00fasica, poes\u00eda y compromiso pol\u00edtico-cultural.<\/p>\n<p data-start=\"878\" data-end=\"1058\">\u201cUn juicio (y un alegato) no solo reviven el pasado, tambi\u00e9n iluminan el futuro\u201d, afirma Llonto, reivindicando el valor de la palabra como herramienta de denuncia, memoria y lucha.<\/p>\n<p data-start=\"1060\" data-end=\"1703\">Publicado por Editorial La Minga, el libro recupera el alegato que Llonto realiz\u00f3 en el hist\u00f3rico juicio <em data-start=\"1165\" data-end=\"1191\">Contraofensiva Montonera<\/em>, en el que se juzgaron delitos de lesa humanidad cometidos por la dictadura c\u00edvico-militar contra militantes que regresaron al pa\u00eds entre 1979 y 1980 para enfrentar al terrorismo de Estado. A trav\u00e9s de documentos, relatos y testimonios, el autor reconstruye las vidas, las luchas y las ausencias de quienes resistieron desde la clandestinidad. La obra incluye un c\u00f3digo QR que permite acceder a material audiovisual y textual que acompa\u00f1\u00f3 cada jornada del alegato, ampliando la experiencia de lectura y memoria.<\/p>\n<p data-start=\"1705\" data-end=\"2229\">La actividad est\u00e1 organizada de manera conjunta por la Coordinaci\u00f3n Institucional de Derechos Humanos de la UNSL, la Fundaci\u00f3n Celebrar la Memoria y la Secretar\u00eda de Derechos Humanos del FOEESITRA. Acompa\u00f1an y adhieren diversas organizaciones sociales, sindicales, culturales y de derechos humanos, entre ellas La Bulla, Fundaci\u00f3n Sol de Noche, Radio FM 90.3 La Cigarra, Fundaci\u00f3n Otra Puerta, El Enjambre, SIDIU, CONADU, ADU, CTA Aut\u00f3noma San Luis y el Movimiento por los Derechos Humanos de San Francisco del Monte de Oro.<\/p>\n<p data-start=\"2231\" data-end=\"2374\">La comunidad universitaria y el p\u00fablico en general est\u00e1n invitados a participar de este encuentro con la historia, la palabra y la resistencia.<\/p>\n<p data-start=\"2231\" data-end=\"2374\"><img fetchpriority=\"high\" decoding=\"async\" class=\"aligncenter size-large wp-image-21034\" src=\"https:\/\/www.fcejs.unsl.edu.ar\/wp-content\/uploads\/2025\/07\/Presentacion-del-libro-819x1024.png\" alt=\"\" width=\"819\" height=\"1024\" srcset=\"https:\/\/www.fcejs.unsl.edu.ar\/wp-content\/uploads\/2025\/07\/Presentacion-del-libro-819x1024.png 819w, https:\/\/www.fcejs.unsl.edu.ar\/wp-content\/uploads\/2025\/07\/Presentacion-del-libro-240x300.png 240w, https:\/\/www.fcejs.unsl.edu.ar\/wp-content\/uploads\/2025\/07\/Presentacion-del-libro-768x960.png 768w, https:\/\/www.fcejs.unsl.edu.ar\/wp-content\/uploads\/2025\/07\/Presentacion-del-libro.png 1080w\" sizes=\"(max-width: 819px) 100vw, 819px\" \/><\/p>\n","protected":false},"excerpt":{"rendered":"<p>El pr\u00f3ximo viernes 25 de julio a las 18:00 horas, la Universidad Nacional de San Luis ser\u00e1 sede de la presentaci\u00f3n del libro Derecho a&hellip;<\/p>\n","protected":false},"author":9,"featured_media":21033,"comment_status":"closed","ping_status":"closed","sticky":false,"template":"","format":"standard","meta":{"om_disable_all_campaigns":false,"_monsterinsights_skip_tracking":false,"_monsterinsights_sitenote_active":false,"_monsterinsights_sitenote_note":"","_monsterinsights_sitenote_category":0,"footnotes":""},"categories":[1],"tags":[],"class_list":["post-21032","post","type-post","status-publish","format-standard","has-post-thumbnail","hentry","category-noticias"],"yoast_head":"<!-- This site is optimized with the Yoast SEO plugin v27.4 - https:\/\/yoast.com\/product\/yoast-seo-wordpress\/ -->\n<title>Pablo Llonto presenta su nuevo libro &quot;Derecho a la resistencia&quot; en la UNSL - Facultad de Ciencias Econ\u00f3micas, Jur\u00ed\u00addicas y Sociales<\/title>\n<meta name=\"robots\" content=\"index, follow, max-snippet:-1, max-image-preview:large, max-video-preview:-1\" \/>\n<link rel=\"canonical\" href=\"https:\/\/www.fcejs.unsl.edu.ar\/index.php\/pablo-llonto-presenta-su-nuevo-libro-derecho-a-la-resistencia-en-la-unsl\/\" \/>\n<meta property=\"og:locale\" content=\"es_ES\" \/>\n<meta property=\"og:type\" content=\"article\" \/>\n<meta property=\"og:title\" content=\"Pablo Llonto presenta su nuevo libro &quot;Derecho a la resistencia&quot; en la UNSL - Facultad de Ciencias Econ\u00f3micas, Jur\u00ed\u00addicas y Sociales\" \/>\n<meta property=\"og:description\" content=\"El pr\u00f3ximo viernes 25 de julio a las 18:00 horas, la Universidad Nacional de San Luis ser\u00e1 sede de la presentaci\u00f3n del libro Derecho a&hellip;\" \/>\n<meta property=\"og:url\" content=\"https:\/\/www.fcejs.unsl.edu.ar\/index.php\/pablo-llonto-presenta-su-nuevo-libro-derecho-a-la-resistencia-en-la-unsl\/\" \/>\n<meta property=\"og:site_name\" content=\"Facultad de Ciencias Econ\u00f3micas, Jur\u00ed\u00addicas y Sociales\" \/>\n<meta property=\"article:publisher\" content=\"https:\/\/www.facebook.com\/FCEJS.UNSL\/\" \/>\n<meta property=\"article:published_time\" content=\"2025-07-22T14:00:40+00:00\" \/>\n<meta property=\"article:modified_time\" content=\"2025-07-28T23:57:24+00:00\" \/>\n<meta property=\"og:image\" content=\"https:\/\/www.fcejs.unsl.edu.ar\/wp-content\/uploads\/2025\/07\/Pablo-Llonto-front.jpg\" \/>\n\t<meta property=\"og:image:width\" content=\"1152\" \/>\n\t<meta property=\"og:image:height\" content=\"647\" \/>\n\t<meta property=\"og:image:type\" content=\"image\/jpeg\" \/>\n<meta name=\"author\" content=\"DATI\" \/>\n<meta name=\"twitter:card\" content=\"summary_large_image\" \/>\n<meta name=\"twitter:creator\" content=\"@FCEJSUNSL\" \/>\n<meta name=\"twitter:site\" content=\"@FCEJSUNSL\" \/>\n<meta name=\"twitter:label1\" content=\"Escrito por\" \/>\n\t<meta name=\"twitter:data1\" content=\"DATI\" \/>\n\t<meta name=\"twitter:label2\" content=\"Tiempo de lectura\" \/>\n\t<meta name=\"twitter:data2\" content=\"2 minutos\" \/>\n<script type=\"application\/ld+json\" class=\"yoast-schema-graph\">{\"@context\":\"https:\\\/\\\/schema.org\",\"@graph\":[{\"@type\":\"Article\",\"@id\":\"https:\\\/\\\/www.fcejs.unsl.edu.ar\\\/index.php\\\/pablo-llonto-presenta-su-nuevo-libro-derecho-a-la-resistencia-en-la-unsl\\\/#article\",\"isPartOf\":{\"@id\":\"https:\\\/\\\/www.fcejs.unsl.edu.ar\\\/index.php\\\/pablo-llonto-presenta-su-nuevo-libro-derecho-a-la-resistencia-en-la-unsl\\\/\"},\"author\":{\"name\":\"DATI\",\"@id\":\"https:\\\/\\\/www.fcejs.unsl.edu.ar\\\/#\\\/schema\\\/person\\\/352ee6ed90c3f394c7cb5945f8956d34\"},\"headline\":\"Pablo Llonto presenta su nuevo libro &#8220;Derecho a la resistencia&#8221; en la UNSL\",\"datePublished\":\"2025-07-22T14:00:40+00:00\",\"dateModified\":\"2025-07-28T23:57:24+00:00\",\"mainEntityOfPage\":{\"@id\":\"https:\\\/\\\/www.fcejs.unsl.edu.ar\\\/index.php\\\/pablo-llonto-presenta-su-nuevo-libro-derecho-a-la-resistencia-en-la-unsl\\\/\"},\"wordCount\":364,\"publisher\":{\"@id\":\"https:\\\/\\\/www.fcejs.unsl.edu.ar\\\/#organization\"},\"image\":{\"@id\":\"https:\\\/\\\/www.fcejs.unsl.edu.ar\\\/index.php\\\/pablo-llonto-presenta-su-nuevo-libro-derecho-a-la-resistencia-en-la-unsl\\\/#primaryimage\"},\"thumbnailUrl\":\"https:\\\/\\\/www.fcejs.unsl.edu.ar\\\/wp-content\\\/uploads\\\/2025\\\/07\\\/Pablo-Llonto-front.jpg\",\"articleSection\":[\"Noticias\"],\"inLanguage\":\"es-AR\"},{\"@type\":\"WebPage\",\"@id\":\"https:\\\/\\\/www.fcejs.unsl.edu.ar\\\/index.php\\\/pablo-llonto-presenta-su-nuevo-libro-derecho-a-la-resistencia-en-la-unsl\\\/\",\"url\":\"https:\\\/\\\/www.fcejs.unsl.edu.ar\\\/index.php\\\/pablo-llonto-presenta-su-nuevo-libro-derecho-a-la-resistencia-en-la-unsl\\\/\",\"name\":\"Pablo Llonto presenta su nuevo libro \\\"Derecho a la resistencia\\\" en la UNSL - Facultad de Ciencias Econ\u00f3micas, Jur\u00ed\u00addicas y Sociales\",\"isPartOf\":{\"@id\":\"https:\\\/\\\/www.fcejs.unsl.edu.ar\\\/#website\"},\"primaryImageOfPage\":{\"@id\":\"https:\\\/\\\/www.fcejs.unsl.edu.ar\\\/index.php\\\/pablo-llonto-presenta-su-nuevo-libro-derecho-a-la-resistencia-en-la-unsl\\\/#primaryimage\"},\"image\":{\"@id\":\"https:\\\/\\\/www.fcejs.unsl.edu.ar\\\/index.php\\\/pablo-llonto-presenta-su-nuevo-libro-derecho-a-la-resistencia-en-la-unsl\\\/#primaryimage\"},\"thumbnailUrl\":\"https:\\\/\\\/www.fcejs.unsl.edu.ar\\\/wp-content\\\/uploads\\\/2025\\\/07\\\/Pablo-Llonto-front.jpg\",\"datePublished\":\"2025-07-22T14:00:40+00:00\",\"dateModified\":\"2025-07-28T23:57:24+00:00\",\"breadcrumb\":{\"@id\":\"https:\\\/\\\/www.fcejs.unsl.edu.ar\\\/index.php\\\/pablo-llonto-presenta-su-nuevo-libro-derecho-a-la-resistencia-en-la-unsl\\\/#breadcrumb\"},\"inLanguage\":\"es-AR\",\"potentialAction\":[{\"@type\":\"ReadAction\",\"target\":[\"https:\\\/\\\/www.fcejs.unsl.edu.ar\\\/index.php\\\/pablo-llonto-presenta-su-nuevo-libro-derecho-a-la-resistencia-en-la-unsl\\\/\"]}]},{\"@type\":\"ImageObject\",\"inLanguage\":\"es-AR\",\"@id\":\"https:\\\/\\\/www.fcejs.unsl.edu.ar\\\/index.php\\\/pablo-llonto-presenta-su-nuevo-libro-derecho-a-la-resistencia-en-la-unsl\\\/#primaryimage\",\"url\":\"https:\\\/\\\/www.fcejs.unsl.edu.ar\\\/wp-content\\\/uploads\\\/2025\\\/07\\\/Pablo-Llonto-front.jpg\",\"contentUrl\":\"https:\\\/\\\/www.fcejs.unsl.edu.ar\\\/wp-content\\\/uploads\\\/2025\\\/07\\\/Pablo-Llonto-front.jpg\",\"width\":1152,\"height\":647},{\"@type\":\"BreadcrumbList\",\"@id\":\"https:\\\/\\\/www.fcejs.unsl.edu.ar\\\/index.php\\\/pablo-llonto-presenta-su-nuevo-libro-derecho-a-la-resistencia-en-la-unsl\\\/#breadcrumb\",\"itemListElement\":[{\"@type\":\"ListItem\",\"position\":1,\"name\":\"Inicio\",\"item\":\"https:\\\/\\\/www.fcejs.unsl.edu.ar\\\/\"},{\"@type\":\"ListItem\",\"position\":2,\"name\":\"Pablo Llonto presenta su nuevo libro &#8220;Derecho a la resistencia&#8221; en la UNSL\"}]},{\"@type\":\"WebSite\",\"@id\":\"https:\\\/\\\/www.fcejs.unsl.edu.ar\\\/#website\",\"url\":\"https:\\\/\\\/www.fcejs.unsl.edu.ar\\\/\",\"name\":\"Facultad de Ciencias Econ\u00f3micas, Jur\u00ed\u00addicas y Sociales\",\"description\":\"\",\"publisher\":{\"@id\":\"https:\\\/\\\/www.fcejs.unsl.edu.ar\\\/#organization\"},\"potentialAction\":[{\"@type\":\"SearchAction\",\"target\":{\"@type\":\"EntryPoint\",\"urlTemplate\":\"https:\\\/\\\/www.fcejs.unsl.edu.ar\\\/?s={search_term_string}\"},\"query-input\":{\"@type\":\"PropertyValueSpecification\",\"valueRequired\":true,\"valueName\":\"search_term_string\"}}],\"inLanguage\":\"es-AR\"},{\"@type\":\"Organization\",\"@id\":\"https:\\\/\\\/www.fcejs.unsl.edu.ar\\\/#organization\",\"name\":\"Facultad de Ciencias Econ\u00f3micas, Jur\u00eddicas y Sociales\",\"url\":\"https:\\\/\\\/www.fcejs.unsl.edu.ar\\\/\",\"logo\":{\"@type\":\"ImageObject\",\"inLanguage\":\"es-AR\",\"@id\":\"https:\\\/\\\/www.fcejs.unsl.edu.ar\\\/#\\\/schema\\\/logo\\\/image\\\/\",\"url\":\"https:\\\/\\\/www.fcejs.unsl.edu.ar\\\/wp-content\\\/uploads\\\/2021\\\/03\\\/logo-1.jpg\",\"contentUrl\":\"https:\\\/\\\/www.fcejs.unsl.edu.ar\\\/wp-content\\\/uploads\\\/2021\\\/03\\\/logo-1.jpg\",\"width\":471,\"height\":146,\"caption\":\"Facultad de Ciencias Econ\u00f3micas, Jur\u00eddicas y Sociales\"},\"image\":{\"@id\":\"https:\\\/\\\/www.fcejs.unsl.edu.ar\\\/#\\\/schema\\\/logo\\\/image\\\/\"},\"sameAs\":[\"https:\\\/\\\/www.facebook.com\\\/FCEJS.UNSL\\\/\",\"https:\\\/\\\/x.com\\\/FCEJSUNSL\",\"https:\\\/\\\/www.instagram.com\\\/fcejs.unsl\\\/\",\"https:\\\/\\\/www.youtube.com\\\/channel\\\/UCH-Ut6EaN_X5ogjIQMPe46g\\\/\"]},{\"@type\":\"Person\",\"@id\":\"https:\\\/\\\/www.fcejs.unsl.edu.ar\\\/#\\\/schema\\\/person\\\/352ee6ed90c3f394c7cb5945f8956d34\",\"name\":\"DATI\"}]}<\/script>\n<!-- \/ Yoast SEO plugin. -->","yoast_head_json":{"title":"Pablo Llonto presenta su nuevo libro \"Derecho a la resistencia\" en la UNSL - Facultad de Ciencias Econ\u00f3micas, Jur\u00ed\u00addicas y Sociales","robots":{"index":"index","follow":"follow","max-snippet":"max-snippet:-1","max-image-preview":"max-image-preview:large","max-video-preview":"max-video-preview:-1"},"canonical":"https:\/\/www.fcejs.unsl.edu.ar\/index.php\/pablo-llonto-presenta-su-nuevo-libro-derecho-a-la-resistencia-en-la-unsl\/","og_locale":"es_ES","og_type":"article","og_title":"Pablo Llonto presenta su nuevo libro \"Derecho a la resistencia\" en la UNSL - Facultad de Ciencias Econ\u00f3micas, Jur\u00ed\u00addicas y Sociales","og_description":"El pr\u00f3ximo viernes 25 de julio a las 18:00 horas, la Universidad Nacional de San Luis ser\u00e1 sede de la presentaci\u00f3n del libro Derecho a&hellip;","og_url":"https:\/\/www.fcejs.unsl.edu.ar\/index.php\/pablo-llonto-presenta-su-nuevo-libro-derecho-a-la-resistencia-en-la-unsl\/","og_site_name":"Facultad de Ciencias Econ\u00f3micas, Jur\u00ed\u00addicas y Sociales","article_publisher":"https:\/\/www.facebook.com\/FCEJS.UNSL\/","article_published_time":"2025-07-22T14:00:40+00:00","article_modified_time":"2025-07-28T23:57:24+00:00","og_image":[{"width":1152,"height":647,"url":"https:\/\/www.fcejs.unsl.edu.ar\/wp-content\/uploads\/2025\/07\/Pablo-Llonto-front.jpg","type":"image\/jpeg"}],"author":"DATI","twitter_card":"summary_large_image","twitter_creator":"@FCEJSUNSL","twitter_site":"@FCEJSUNSL","twitter_misc":{"Escrito por":"DATI","Tiempo de lectura":"2 minutos"},"schema":{"@context":"https:\/\/schema.org","@graph":[{"@type":"Article","@id":"https:\/\/www.fcejs.unsl.edu.ar\/index.php\/pablo-llonto-presenta-su-nuevo-libro-derecho-a-la-resistencia-en-la-unsl\/#article","isPartOf":{"@id":"https:\/\/www.fcejs.unsl.edu.ar\/index.php\/pablo-llonto-presenta-su-nuevo-libro-derecho-a-la-resistencia-en-la-unsl\/"},"author":{"name":"DATI","@id":"https:\/\/www.fcejs.unsl.edu.ar\/#\/schema\/person\/352ee6ed90c3f394c7cb5945f8956d34"},"headline":"Pablo Llonto presenta su nuevo libro &#8220;Derecho a la resistencia&#8221; en la UNSL","datePublished":"2025-07-22T14:00:40+00:00","dateModified":"2025-07-28T23:57:24+00:00","mainEntityOfPage":{"@id":"https:\/\/www.fcejs.unsl.edu.ar\/index.php\/pablo-llonto-presenta-su-nuevo-libro-derecho-a-la-resistencia-en-la-unsl\/"},"wordCount":364,"publisher":{"@id":"https:\/\/www.fcejs.unsl.edu.ar\/#organization"},"image":{"@id":"https:\/\/www.fcejs.unsl.edu.ar\/index.php\/pablo-llonto-presenta-su-nuevo-libro-derecho-a-la-resistencia-en-la-unsl\/#primaryimage"},"thumbnailUrl":"https:\/\/www.fcejs.unsl.edu.ar\/wp-content\/uploads\/2025\/07\/Pablo-Llonto-front.jpg","articleSection":["Noticias"],"inLanguage":"es-AR"},{"@type":"WebPage","@id":"https:\/\/www.fcejs.unsl.edu.ar\/index.php\/pablo-llonto-presenta-su-nuevo-libro-derecho-a-la-resistencia-en-la-unsl\/","url":"https:\/\/www.fcejs.unsl.edu.ar\/index.php\/pablo-llonto-presenta-su-nuevo-libro-derecho-a-la-resistencia-en-la-unsl\/","name":"Pablo Llonto presenta su nuevo libro \"Derecho a la resistencia\" en la UNSL - Facultad de Ciencias Econ\u00f3micas, Jur\u00ed\u00addicas y Sociales","isPartOf":{"@id":"https:\/\/www.fcejs.unsl.edu.ar\/#website"},"primaryImageOfPage":{"@id":"https:\/\/www.fcejs.unsl.edu.ar\/index.php\/pablo-llonto-presenta-su-nuevo-libro-derecho-a-la-resistencia-en-la-unsl\/#primaryimage"},"image":{"@id":"https:\/\/www.fcejs.unsl.edu.ar\/index.php\/pablo-llonto-presenta-su-nuevo-libro-derecho-a-la-resistencia-en-la-unsl\/#primaryimage"},"thumbnailUrl":"https:\/\/www.fcejs.unsl.edu.ar\/wp-content\/uploads\/2025\/07\/Pablo-Llonto-front.jpg","datePublished":"2025-07-22T14:00:40+00:00","dateModified":"2025-07-28T23:57:24+00:00","breadcrumb":{"@id":"https:\/\/www.fcejs.unsl.edu.ar\/index.php\/pablo-llonto-presenta-su-nuevo-libro-derecho-a-la-resistencia-en-la-unsl\/#breadcrumb"},"inLanguage":"es-AR","potentialAction":[{"@type":"ReadAction","target":["https:\/\/www.fcejs.unsl.edu.ar\/index.php\/pablo-llonto-presenta-su-nuevo-libro-derecho-a-la-resistencia-en-la-unsl\/"]}]},{"@type":"ImageObject","inLanguage":"es-AR","@id":"https:\/\/www.fcejs.unsl.edu.ar\/index.php\/pablo-llonto-presenta-su-nuevo-libro-derecho-a-la-resistencia-en-la-unsl\/#primaryimage","url":"https:\/\/www.fcejs.unsl.edu.ar\/wp-content\/uploads\/2025\/07\/Pablo-Llonto-front.jpg","contentUrl":"https:\/\/www.fcejs.unsl.edu.ar\/wp-content\/uploads\/2025\/07\/Pablo-Llonto-front.jpg","width":1152,"height":647},{"@type":"BreadcrumbList","@id":"https:\/\/www.fcejs.unsl.edu.ar\/index.php\/pablo-llonto-presenta-su-nuevo-libro-derecho-a-la-resistencia-en-la-unsl\/#breadcrumb","itemListElement":[{"@type":"ListItem","position":1,"name":"Inicio","item":"https:\/\/www.fcejs.unsl.edu.ar\/"},{"@type":"ListItem","position":2,"name":"Pablo Llonto presenta su nuevo libro &#8220;Derecho a la resistencia&#8221; en la UNSL"}]},{"@type":"WebSite","@id":"https:\/\/www.fcejs.unsl.edu.ar\/#website","url":"https:\/\/www.fcejs.unsl.edu.ar\/","name":"Facultad de Ciencias Econ\u00f3micas, Jur\u00ed\u00addicas y Sociales","description":"","publisher":{"@id":"https:\/\/www.fcejs.unsl.edu.ar\/#organization"},"potentialAction":[{"@type":"SearchAction","target":{"@type":"EntryPoint","urlTemplate":"https:\/\/www.fcejs.unsl.edu.ar\/?s={search_term_string}"},"query-input":{"@type":"PropertyValueSpecification","valueRequired":true,"valueName":"search_term_string"}}],"inLanguage":"es-AR"},{"@type":"Organization","@id":"https:\/\/www.fcejs.unsl.edu.ar\/#organization","name":"Facultad de Ciencias Econ\u00f3micas, Jur\u00eddicas y Sociales","url":"https:\/\/www.fcejs.unsl.edu.ar\/","logo":{"@type":"ImageObject","inLanguage":"es-AR","@id":"https:\/\/www.fcejs.unsl.edu.ar\/#\/schema\/logo\/image\/","url":"https:\/\/www.fcejs.unsl.edu.ar\/wp-content\/uploads\/2021\/03\/logo-1.jpg","contentUrl":"https:\/\/www.fcejs.unsl.edu.ar\/wp-content\/uploads\/2021\/03\/logo-1.jpg","width":471,"height":146,"caption":"Facultad de Ciencias Econ\u00f3micas, Jur\u00eddicas y Sociales"},"image":{"@id":"https:\/\/www.fcejs.unsl.edu.ar\/#\/schema\/logo\/image\/"},"sameAs":["https:\/\/www.facebook.com\/FCEJS.UNSL\/","https:\/\/x.com\/FCEJSUNSL","https:\/\/www.instagram.com\/fcejs.unsl\/","https:\/\/www.youtube.com\/channel\/UCH-Ut6EaN_X5ogjIQMPe46g\/"]},{"@type":"Person","@id":"https:\/\/www.fcejs.unsl.edu.ar\/#\/schema\/person\/352ee6ed90c3f394c7cb5945f8956d34","name":"DATI"}]}},"jetpack_featured_media_url":"https:\/\/www.fcejs.unsl.edu.ar\/wp-content\/uploads\/2025\/07\/Pablo-Llonto-front.jpg","_links":{"self":[{"href":"https:\/\/www.fcejs.unsl.edu.ar\/index.php\/wp-json\/wp\/v2\/posts\/21032","targetHints":{"allow":["GET"]}}],"collection":[{"href":"https:\/\/www.fcejs.unsl.edu.ar\/index.php\/wp-json\/wp\/v2\/posts"}],"about":[{"href":"https:\/\/www.fcejs.unsl.edu.ar\/index.php\/wp-json\/wp\/v2\/types\/post"}],"author":[{"embeddable":true,"href":"https:\/\/www.fcejs.unsl.edu.ar\/index.php\/wp-json\/wp\/v2\/users\/9"}],"replies":[{"embeddable":true,"href":"https:\/\/www.fcejs.unsl.edu.ar\/index.php\/wp-json\/wp\/v2\/comments?post=21032"}],"version-history":[{"count":1,"href":"https:\/\/www.fcejs.unsl.edu.ar\/index.php\/wp-json\/wp\/v2\/posts\/21032\/revisions"}],"predecessor-version":[{"id":21035,"href":"https:\/\/www.fcejs.unsl.edu.ar\/index.php\/wp-json\/wp\/v2\/posts\/21032\/revisions\/21035"}],"wp:featuredmedia":[{"embeddable":true,"href":"https:\/\/www.fcejs.unsl.edu.ar\/index.php\/wp-json\/wp\/v2\/media\/21033"}],"wp:attachment":[{"href":"https:\/\/www.fcejs.unsl.edu.ar\/index.php\/wp-json\/wp\/v2\/media?parent=21032"}],"wp:term":[{"taxonomy":"category","embeddable":true,"href":"https:\/\/www.fcejs.unsl.edu.ar\/index.php\/wp-json\/wp\/v2\/categories?post=21032"},{"taxonomy":"post_tag","embeddable":true,"href":"https:\/\/www.fcejs.unsl.edu.ar\/index.php\/wp-json\/wp\/v2\/tags?post=21032"}],"curies":[{"name":"wp","href":"https:\/\/api.w.org\/{rel}","templated":true}]}}