{"id":20799,"date":"2025-06-23T09:44:18","date_gmt":"2025-06-23T12:44:18","guid":{"rendered":"http:\/\/10.101.10.197\/www\/?p=20799"},"modified":"2025-07-23T10:25:01","modified_gmt":"2025-07-23T13:25:01","slug":"seu-unsl-el-nodocente-y-su-rol-en-la-extension-universitaria","status":"publish","type":"post","link":"https:\/\/www.fcejs.unsl.edu.ar\/index.php\/seu-unsl-el-nodocente-y-su-rol-en-la-extension-universitaria\/","title":{"rendered":"SEU UNSL: \u00abEl nodocente y su rol en la extensi\u00f3n universitaria\u00bb"},"content":{"rendered":"<p><strong>La Secretar\u00eda de Extensi\u00f3n Universitaria (SEU) invita a nodocentes de la Universidad Nacional de San Luis (UNSL) a participar de un encuentro con profesionales extensionistas de R\u00edo Cuarto y Mar del Plata, que tendr\u00e1 lugar en el Microcine, el mi\u00e9rcoles 2 de julio, de 9:00 a 11:00 horas.<\/strong><\/p>\n<p>Para los y las Nodocentes de Villa Mercedes interesados en asistir a este encuentro, la UNSL ha previsto el traslado. El horario de salida es a las 7:45 desde el Campus. La reserva de lugares se realiza en el siguiente enlace:<\/p>\n<h3 style=\"text-align: center;\"><span style=\"color: #0000ff;\"><strong><a style=\"color: #0000ff;\" href=\"https:\/\/docs.google.com\/forms\/d\/e\/1FAIpQLSdFxexd1nirvhrAlXMeqlFkAAN6ITj1jmGO2aO_YYPcv1VnAg\/viewform\" target=\"_blank\" rel=\"noopener\">Traslado Encuentro: \u201cEl Nodocente y su rol en la extensi\u00f3n universitaria\u201d<\/a><\/strong><\/span><\/h3>\n<p>Los cambios que vive la universidad p\u00fablica nos invitan a repensar nuestras funciones y a descubrir nuevas formas de participar activamente en la construcci\u00f3n de una comunidad universitaria m\u00e1s inclusiva, solidaria y comprometida.<\/p>\n<p>Esta charla est\u00e1 pensada especialmente para trabajadores nodocentes, que son pilares fundamentales del funcionamiento institucional. Dialogaremos sobre c\u00f3mo vincular sus \u00e1reas laborales con la realidad social, a trav\u00e9s de actividades de extensi\u00f3n universitaria, con impacto transformador en la comunidad.<\/p>\n<p>Contaremos con las disertaciones de:<br \/>\n\u2013 Dra. Viviana Macchiarola, profesora consultora de la Universidad Nacional de R\u00edo Cuarto.<br \/>\n\u2013 Mgtr. Julieta Villa, responsable del Programa Pr\u00e1cticas Sociocomunitarias de la Secretar\u00eda de Extensi\u00f3n de la Universidad Nacional de Mar del Plata (UNMdP).<br \/>\n\u2013 Lic. Marta Romina Rampoldi Aguilar, nodocente de la Secretar\u00eda de Extensi\u00f3n de la UNMdP.<\/p>\n<p>Hablaremos de:<br \/>\n\u2013 \u00bfQu\u00e9 es la Extensi\u00f3n Universitaria y porqu\u00e9 nos incluye a todos?<br \/>\n\u2013 Herramientas para involucrarse desde su lugar de trabajo.<br \/>\n\u2013 Espacios de participaci\u00f3n y reconocimiento para el personal nodocente.<\/p>\n<p>Se otorgar\u00e1n certificados de participaci\u00f3n.<\/p>\n<p><strong><a href=\"https:\/\/forms.gle\/RmjCJnt7teC8FwAa8\">Formulario de inscripci\u00f3n<\/a><\/strong><\/p>\n<p>Consultas a\u00a0<a href=\"mailto:seu.unsl@gmail.com\">seu.unsl@gmail.com<\/a><\/p>\n<p>Prensa SEU<\/p>\n","protected":false},"excerpt":{"rendered":"<p>La Secretar\u00eda de Extensi\u00f3n Universitaria (SEU) invita a nodocentes de la Universidad Nacional de San Luis (UNSL) a participar de un encuentro con profesionales extensionistas&hellip;<\/p>\n","protected":false},"author":9,"featured_media":20800,"comment_status":"closed","ping_status":"closed","sticky":false,"template":"","format":"standard","meta":{"om_disable_all_campaigns":false,"_monsterinsights_skip_tracking":false,"_monsterinsights_sitenote_active":false,"_monsterinsights_sitenote_note":"","_monsterinsights_sitenote_category":0,"footnotes":""},"categories":[1],"tags":[],"class_list":["post-20799","post","type-post","status-publish","format-standard","has-post-thumbnail","hentry","category-noticias"],"yoast_head":"<!-- This site is optimized with the Yoast SEO plugin v27.5 - https:\/\/yoast.com\/product\/yoast-seo-wordpress\/ -->\n<title>SEU UNSL: \u00abEl nodocente y su rol en la extensi\u00f3n universitaria\u00bb - Facultad de Ciencias Econ\u00f3micas, Jur\u00ed\u00addicas y Sociales<\/title>\n<meta name=\"robots\" content=\"index, follow, max-snippet:-1, max-image-preview:large, max-video-preview:-1\" \/>\n<link rel=\"canonical\" href=\"https:\/\/www.fcejs.unsl.edu.ar\/index.php\/seu-unsl-el-nodocente-y-su-rol-en-la-extension-universitaria\/\" \/>\n<meta property=\"og:locale\" content=\"es_ES\" \/>\n<meta property=\"og:type\" content=\"article\" \/>\n<meta property=\"og:title\" content=\"SEU UNSL: \u00abEl nodocente y su rol en la extensi\u00f3n universitaria\u00bb - Facultad de Ciencias Econ\u00f3micas, Jur\u00ed\u00addicas y Sociales\" \/>\n<meta property=\"og:description\" content=\"La Secretar\u00eda de Extensi\u00f3n Universitaria (SEU) invita a nodocentes de la Universidad Nacional de San Luis (UNSL) a participar de un encuentro con profesionales extensionistas&hellip;\" \/>\n<meta property=\"og:url\" content=\"https:\/\/www.fcejs.unsl.edu.ar\/index.php\/seu-unsl-el-nodocente-y-su-rol-en-la-extension-universitaria\/\" \/>\n<meta property=\"og:site_name\" content=\"Facultad de Ciencias Econ\u00f3micas, Jur\u00ed\u00addicas y Sociales\" \/>\n<meta property=\"article:publisher\" content=\"https:\/\/www.facebook.com\/FCEJS.UNSL\/\" \/>\n<meta property=\"article:published_time\" content=\"2025-06-23T12:44:18+00:00\" \/>\n<meta property=\"article:modified_time\" content=\"2025-07-23T13:25:01+00:00\" \/>\n<meta property=\"og:image\" content=\"https:\/\/www.fcejs.unsl.edu.ar\/wp-content\/uploads\/2025\/06\/SEU-NODOS.jpg\" \/>\n\t<meta property=\"og:image:width\" content=\"1061\" \/>\n\t<meta property=\"og:image:height\" content=\"585\" \/>\n\t<meta property=\"og:image:type\" content=\"image\/jpeg\" \/>\n<meta name=\"author\" content=\"DATI\" \/>\n<meta name=\"twitter:card\" content=\"summary_large_image\" \/>\n<meta name=\"twitter:creator\" content=\"@FCEJSUNSL\" \/>\n<meta name=\"twitter:site\" content=\"@FCEJSUNSL\" \/>\n<meta name=\"twitter:label1\" content=\"Escrito por\" \/>\n\t<meta name=\"twitter:data1\" content=\"DATI\" \/>\n\t<meta name=\"twitter:label2\" content=\"Tiempo de lectura\" \/>\n\t<meta name=\"twitter:data2\" content=\"2 minutos\" \/>\n<script type=\"application\/ld+json\" class=\"yoast-schema-graph\">{\"@context\":\"https:\\\/\\\/schema.org\",\"@graph\":[{\"@type\":\"Article\",\"@id\":\"https:\\\/\\\/www.fcejs.unsl.edu.ar\\\/index.php\\\/seu-unsl-el-nodocente-y-su-rol-en-la-extension-universitaria\\\/#article\",\"isPartOf\":{\"@id\":\"https:\\\/\\\/www.fcejs.unsl.edu.ar\\\/index.php\\\/seu-unsl-el-nodocente-y-su-rol-en-la-extension-universitaria\\\/\"},\"author\":{\"name\":\"DATI\",\"@id\":\"https:\\\/\\\/www.fcejs.unsl.edu.ar\\\/#\\\/schema\\\/person\\\/352ee6ed90c3f394c7cb5945f8956d34\"},\"headline\":\"SEU UNSL: \u00abEl nodocente y su rol en la extensi\u00f3n universitaria\u00bb\",\"datePublished\":\"2025-06-23T12:44:18+00:00\",\"dateModified\":\"2025-07-23T13:25:01+00:00\",\"mainEntityOfPage\":{\"@id\":\"https:\\\/\\\/www.fcejs.unsl.edu.ar\\\/index.php\\\/seu-unsl-el-nodocente-y-su-rol-en-la-extension-universitaria\\\/\"},\"wordCount\":301,\"publisher\":{\"@id\":\"https:\\\/\\\/www.fcejs.unsl.edu.ar\\\/#organization\"},\"image\":{\"@id\":\"https:\\\/\\\/www.fcejs.unsl.edu.ar\\\/index.php\\\/seu-unsl-el-nodocente-y-su-rol-en-la-extension-universitaria\\\/#primaryimage\"},\"thumbnailUrl\":\"https:\\\/\\\/www.fcejs.unsl.edu.ar\\\/wp-content\\\/uploads\\\/2025\\\/06\\\/SEU-NODOS.jpg\",\"articleSection\":[\"Noticias\"],\"inLanguage\":\"es-AR\"},{\"@type\":\"WebPage\",\"@id\":\"https:\\\/\\\/www.fcejs.unsl.edu.ar\\\/index.php\\\/seu-unsl-el-nodocente-y-su-rol-en-la-extension-universitaria\\\/\",\"url\":\"https:\\\/\\\/www.fcejs.unsl.edu.ar\\\/index.php\\\/seu-unsl-el-nodocente-y-su-rol-en-la-extension-universitaria\\\/\",\"name\":\"SEU UNSL: \u00abEl nodocente y su rol en la extensi\u00f3n universitaria\u00bb - Facultad de Ciencias Econ\u00f3micas, Jur\u00ed\u00addicas y Sociales\",\"isPartOf\":{\"@id\":\"https:\\\/\\\/www.fcejs.unsl.edu.ar\\\/#website\"},\"primaryImageOfPage\":{\"@id\":\"https:\\\/\\\/www.fcejs.unsl.edu.ar\\\/index.php\\\/seu-unsl-el-nodocente-y-su-rol-en-la-extension-universitaria\\\/#primaryimage\"},\"image\":{\"@id\":\"https:\\\/\\\/www.fcejs.unsl.edu.ar\\\/index.php\\\/seu-unsl-el-nodocente-y-su-rol-en-la-extension-universitaria\\\/#primaryimage\"},\"thumbnailUrl\":\"https:\\\/\\\/www.fcejs.unsl.edu.ar\\\/wp-content\\\/uploads\\\/2025\\\/06\\\/SEU-NODOS.jpg\",\"datePublished\":\"2025-06-23T12:44:18+00:00\",\"dateModified\":\"2025-07-23T13:25:01+00:00\",\"breadcrumb\":{\"@id\":\"https:\\\/\\\/www.fcejs.unsl.edu.ar\\\/index.php\\\/seu-unsl-el-nodocente-y-su-rol-en-la-extension-universitaria\\\/#breadcrumb\"},\"inLanguage\":\"es-AR\",\"potentialAction\":[{\"@type\":\"ReadAction\",\"target\":[\"https:\\\/\\\/www.fcejs.unsl.edu.ar\\\/index.php\\\/seu-unsl-el-nodocente-y-su-rol-en-la-extension-universitaria\\\/\"]}]},{\"@type\":\"ImageObject\",\"inLanguage\":\"es-AR\",\"@id\":\"https:\\\/\\\/www.fcejs.unsl.edu.ar\\\/index.php\\\/seu-unsl-el-nodocente-y-su-rol-en-la-extension-universitaria\\\/#primaryimage\",\"url\":\"https:\\\/\\\/www.fcejs.unsl.edu.ar\\\/wp-content\\\/uploads\\\/2025\\\/06\\\/SEU-NODOS.jpg\",\"contentUrl\":\"https:\\\/\\\/www.fcejs.unsl.edu.ar\\\/wp-content\\\/uploads\\\/2025\\\/06\\\/SEU-NODOS.jpg\",\"width\":1061,\"height\":585},{\"@type\":\"BreadcrumbList\",\"@id\":\"https:\\\/\\\/www.fcejs.unsl.edu.ar\\\/index.php\\\/seu-unsl-el-nodocente-y-su-rol-en-la-extension-universitaria\\\/#breadcrumb\",\"itemListElement\":[{\"@type\":\"ListItem\",\"position\":1,\"name\":\"Inicio\",\"item\":\"https:\\\/\\\/www.fcejs.unsl.edu.ar\\\/\"},{\"@type\":\"ListItem\",\"position\":2,\"name\":\"SEU UNSL: \u00abEl nodocente y su rol en la extensi\u00f3n universitaria\u00bb\"}]},{\"@type\":\"WebSite\",\"@id\":\"https:\\\/\\\/www.fcejs.unsl.edu.ar\\\/#website\",\"url\":\"https:\\\/\\\/www.fcejs.unsl.edu.ar\\\/\",\"name\":\"Facultad de Ciencias Econ\u00f3micas, Jur\u00ed\u00addicas y Sociales\",\"description\":\"\",\"publisher\":{\"@id\":\"https:\\\/\\\/www.fcejs.unsl.edu.ar\\\/#organization\"},\"potentialAction\":[{\"@type\":\"SearchAction\",\"target\":{\"@type\":\"EntryPoint\",\"urlTemplate\":\"https:\\\/\\\/www.fcejs.unsl.edu.ar\\\/?s={search_term_string}\"},\"query-input\":{\"@type\":\"PropertyValueSpecification\",\"valueRequired\":true,\"valueName\":\"search_term_string\"}}],\"inLanguage\":\"es-AR\"},{\"@type\":\"Organization\",\"@id\":\"https:\\\/\\\/www.fcejs.unsl.edu.ar\\\/#organization\",\"name\":\"Facultad de Ciencias Econ\u00f3micas, Jur\u00eddicas y Sociales\",\"url\":\"https:\\\/\\\/www.fcejs.unsl.edu.ar\\\/\",\"logo\":{\"@type\":\"ImageObject\",\"inLanguage\":\"es-AR\",\"@id\":\"https:\\\/\\\/www.fcejs.unsl.edu.ar\\\/#\\\/schema\\\/logo\\\/image\\\/\",\"url\":\"https:\\\/\\\/www.fcejs.unsl.edu.ar\\\/wp-content\\\/uploads\\\/2021\\\/03\\\/logo-1.jpg\",\"contentUrl\":\"https:\\\/\\\/www.fcejs.unsl.edu.ar\\\/wp-content\\\/uploads\\\/2021\\\/03\\\/logo-1.jpg\",\"width\":471,\"height\":146,\"caption\":\"Facultad de Ciencias Econ\u00f3micas, Jur\u00eddicas y Sociales\"},\"image\":{\"@id\":\"https:\\\/\\\/www.fcejs.unsl.edu.ar\\\/#\\\/schema\\\/logo\\\/image\\\/\"},\"sameAs\":[\"https:\\\/\\\/www.facebook.com\\\/FCEJS.UNSL\\\/\",\"https:\\\/\\\/x.com\\\/FCEJSUNSL\",\"https:\\\/\\\/www.instagram.com\\\/fcejs.unsl\\\/\",\"https:\\\/\\\/www.youtube.com\\\/channel\\\/UCH-Ut6EaN_X5ogjIQMPe46g\\\/\"]},{\"@type\":\"Person\",\"@id\":\"https:\\\/\\\/www.fcejs.unsl.edu.ar\\\/#\\\/schema\\\/person\\\/352ee6ed90c3f394c7cb5945f8956d34\",\"name\":\"DATI\"}]}<\/script>\n<!-- \/ Yoast SEO plugin. -->","yoast_head_json":{"title":"SEU UNSL: \u00abEl nodocente y su rol en la extensi\u00f3n universitaria\u00bb - Facultad de Ciencias Econ\u00f3micas, Jur\u00ed\u00addicas y Sociales","robots":{"index":"index","follow":"follow","max-snippet":"max-snippet:-1","max-image-preview":"max-image-preview:large","max-video-preview":"max-video-preview:-1"},"canonical":"https:\/\/www.fcejs.unsl.edu.ar\/index.php\/seu-unsl-el-nodocente-y-su-rol-en-la-extension-universitaria\/","og_locale":"es_ES","og_type":"article","og_title":"SEU UNSL: \u00abEl nodocente y su rol en la extensi\u00f3n universitaria\u00bb - Facultad de Ciencias Econ\u00f3micas, Jur\u00ed\u00addicas y Sociales","og_description":"La Secretar\u00eda de Extensi\u00f3n Universitaria (SEU) invita a nodocentes de la Universidad Nacional de San Luis (UNSL) a participar de un encuentro con profesionales extensionistas&hellip;","og_url":"https:\/\/www.fcejs.unsl.edu.ar\/index.php\/seu-unsl-el-nodocente-y-su-rol-en-la-extension-universitaria\/","og_site_name":"Facultad de Ciencias Econ\u00f3micas, Jur\u00ed\u00addicas y Sociales","article_publisher":"https:\/\/www.facebook.com\/FCEJS.UNSL\/","article_published_time":"2025-06-23T12:44:18+00:00","article_modified_time":"2025-07-23T13:25:01+00:00","og_image":[{"width":1061,"height":585,"url":"https:\/\/www.fcejs.unsl.edu.ar\/wp-content\/uploads\/2025\/06\/SEU-NODOS.jpg","type":"image\/jpeg"}],"author":"DATI","twitter_card":"summary_large_image","twitter_creator":"@FCEJSUNSL","twitter_site":"@FCEJSUNSL","twitter_misc":{"Escrito por":"DATI","Tiempo de lectura":"2 minutos"},"schema":{"@context":"https:\/\/schema.org","@graph":[{"@type":"Article","@id":"https:\/\/www.fcejs.unsl.edu.ar\/index.php\/seu-unsl-el-nodocente-y-su-rol-en-la-extension-universitaria\/#article","isPartOf":{"@id":"https:\/\/www.fcejs.unsl.edu.ar\/index.php\/seu-unsl-el-nodocente-y-su-rol-en-la-extension-universitaria\/"},"author":{"name":"DATI","@id":"https:\/\/www.fcejs.unsl.edu.ar\/#\/schema\/person\/352ee6ed90c3f394c7cb5945f8956d34"},"headline":"SEU UNSL: \u00abEl nodocente y su rol en la extensi\u00f3n universitaria\u00bb","datePublished":"2025-06-23T12:44:18+00:00","dateModified":"2025-07-23T13:25:01+00:00","mainEntityOfPage":{"@id":"https:\/\/www.fcejs.unsl.edu.ar\/index.php\/seu-unsl-el-nodocente-y-su-rol-en-la-extension-universitaria\/"},"wordCount":301,"publisher":{"@id":"https:\/\/www.fcejs.unsl.edu.ar\/#organization"},"image":{"@id":"https:\/\/www.fcejs.unsl.edu.ar\/index.php\/seu-unsl-el-nodocente-y-su-rol-en-la-extension-universitaria\/#primaryimage"},"thumbnailUrl":"https:\/\/www.fcejs.unsl.edu.ar\/wp-content\/uploads\/2025\/06\/SEU-NODOS.jpg","articleSection":["Noticias"],"inLanguage":"es-AR"},{"@type":"WebPage","@id":"https:\/\/www.fcejs.unsl.edu.ar\/index.php\/seu-unsl-el-nodocente-y-su-rol-en-la-extension-universitaria\/","url":"https:\/\/www.fcejs.unsl.edu.ar\/index.php\/seu-unsl-el-nodocente-y-su-rol-en-la-extension-universitaria\/","name":"SEU UNSL: \u00abEl nodocente y su rol en la extensi\u00f3n universitaria\u00bb - Facultad de Ciencias Econ\u00f3micas, Jur\u00ed\u00addicas y Sociales","isPartOf":{"@id":"https:\/\/www.fcejs.unsl.edu.ar\/#website"},"primaryImageOfPage":{"@id":"https:\/\/www.fcejs.unsl.edu.ar\/index.php\/seu-unsl-el-nodocente-y-su-rol-en-la-extension-universitaria\/#primaryimage"},"image":{"@id":"https:\/\/www.fcejs.unsl.edu.ar\/index.php\/seu-unsl-el-nodocente-y-su-rol-en-la-extension-universitaria\/#primaryimage"},"thumbnailUrl":"https:\/\/www.fcejs.unsl.edu.ar\/wp-content\/uploads\/2025\/06\/SEU-NODOS.jpg","datePublished":"2025-06-23T12:44:18+00:00","dateModified":"2025-07-23T13:25:01+00:00","breadcrumb":{"@id":"https:\/\/www.fcejs.unsl.edu.ar\/index.php\/seu-unsl-el-nodocente-y-su-rol-en-la-extension-universitaria\/#breadcrumb"},"inLanguage":"es-AR","potentialAction":[{"@type":"ReadAction","target":["https:\/\/www.fcejs.unsl.edu.ar\/index.php\/seu-unsl-el-nodocente-y-su-rol-en-la-extension-universitaria\/"]}]},{"@type":"ImageObject","inLanguage":"es-AR","@id":"https:\/\/www.fcejs.unsl.edu.ar\/index.php\/seu-unsl-el-nodocente-y-su-rol-en-la-extension-universitaria\/#primaryimage","url":"https:\/\/www.fcejs.unsl.edu.ar\/wp-content\/uploads\/2025\/06\/SEU-NODOS.jpg","contentUrl":"https:\/\/www.fcejs.unsl.edu.ar\/wp-content\/uploads\/2025\/06\/SEU-NODOS.jpg","width":1061,"height":585},{"@type":"BreadcrumbList","@id":"https:\/\/www.fcejs.unsl.edu.ar\/index.php\/seu-unsl-el-nodocente-y-su-rol-en-la-extension-universitaria\/#breadcrumb","itemListElement":[{"@type":"ListItem","position":1,"name":"Inicio","item":"https:\/\/www.fcejs.unsl.edu.ar\/"},{"@type":"ListItem","position":2,"name":"SEU UNSL: \u00abEl nodocente y su rol en la extensi\u00f3n universitaria\u00bb"}]},{"@type":"WebSite","@id":"https:\/\/www.fcejs.unsl.edu.ar\/#website","url":"https:\/\/www.fcejs.unsl.edu.ar\/","name":"Facultad de Ciencias Econ\u00f3micas, Jur\u00ed\u00addicas y Sociales","description":"","publisher":{"@id":"https:\/\/www.fcejs.unsl.edu.ar\/#organization"},"potentialAction":[{"@type":"SearchAction","target":{"@type":"EntryPoint","urlTemplate":"https:\/\/www.fcejs.unsl.edu.ar\/?s={search_term_string}"},"query-input":{"@type":"PropertyValueSpecification","valueRequired":true,"valueName":"search_term_string"}}],"inLanguage":"es-AR"},{"@type":"Organization","@id":"https:\/\/www.fcejs.unsl.edu.ar\/#organization","name":"Facultad de Ciencias Econ\u00f3micas, Jur\u00eddicas y Sociales","url":"https:\/\/www.fcejs.unsl.edu.ar\/","logo":{"@type":"ImageObject","inLanguage":"es-AR","@id":"https:\/\/www.fcejs.unsl.edu.ar\/#\/schema\/logo\/image\/","url":"https:\/\/www.fcejs.unsl.edu.ar\/wp-content\/uploads\/2021\/03\/logo-1.jpg","contentUrl":"https:\/\/www.fcejs.unsl.edu.ar\/wp-content\/uploads\/2021\/03\/logo-1.jpg","width":471,"height":146,"caption":"Facultad de Ciencias Econ\u00f3micas, Jur\u00eddicas y Sociales"},"image":{"@id":"https:\/\/www.fcejs.unsl.edu.ar\/#\/schema\/logo\/image\/"},"sameAs":["https:\/\/www.facebook.com\/FCEJS.UNSL\/","https:\/\/x.com\/FCEJSUNSL","https:\/\/www.instagram.com\/fcejs.unsl\/","https:\/\/www.youtube.com\/channel\/UCH-Ut6EaN_X5ogjIQMPe46g\/"]},{"@type":"Person","@id":"https:\/\/www.fcejs.unsl.edu.ar\/#\/schema\/person\/352ee6ed90c3f394c7cb5945f8956d34","name":"DATI"}]}},"jetpack_featured_media_url":"https:\/\/www.fcejs.unsl.edu.ar\/wp-content\/uploads\/2025\/06\/SEU-NODOS.jpg","_links":{"self":[{"href":"https:\/\/www.fcejs.unsl.edu.ar\/index.php\/wp-json\/wp\/v2\/posts\/20799","targetHints":{"allow":["GET"]}}],"collection":[{"href":"https:\/\/www.fcejs.unsl.edu.ar\/index.php\/wp-json\/wp\/v2\/posts"}],"about":[{"href":"https:\/\/www.fcejs.unsl.edu.ar\/index.php\/wp-json\/wp\/v2\/types\/post"}],"author":[{"embeddable":true,"href":"https:\/\/www.fcejs.unsl.edu.ar\/index.php\/wp-json\/wp\/v2\/users\/9"}],"replies":[{"embeddable":true,"href":"https:\/\/www.fcejs.unsl.edu.ar\/index.php\/wp-json\/wp\/v2\/comments?post=20799"}],"version-history":[{"count":2,"href":"https:\/\/www.fcejs.unsl.edu.ar\/index.php\/wp-json\/wp\/v2\/posts\/20799\/revisions"}],"predecessor-version":[{"id":20834,"href":"https:\/\/www.fcejs.unsl.edu.ar\/index.php\/wp-json\/wp\/v2\/posts\/20799\/revisions\/20834"}],"wp:featuredmedia":[{"embeddable":true,"href":"https:\/\/www.fcejs.unsl.edu.ar\/index.php\/wp-json\/wp\/v2\/media\/20800"}],"wp:attachment":[{"href":"https:\/\/www.fcejs.unsl.edu.ar\/index.php\/wp-json\/wp\/v2\/media?parent=20799"}],"wp:term":[{"taxonomy":"category","embeddable":true,"href":"https:\/\/www.fcejs.unsl.edu.ar\/index.php\/wp-json\/wp\/v2\/categories?post=20799"},{"taxonomy":"post_tag","embeddable":true,"href":"https:\/\/www.fcejs.unsl.edu.ar\/index.php\/wp-json\/wp\/v2\/tags?post=20799"}],"curies":[{"name":"wp","href":"https:\/\/api.w.org\/{rel}","templated":true}]}}