{"id":20738,"date":"2025-06-19T11:49:18","date_gmt":"2025-06-19T14:49:18","guid":{"rendered":"http:\/\/10.101.10.197\/www\/?p=20738"},"modified":"2025-06-24T12:23:32","modified_gmt":"2025-06-24T15:23:32","slug":"conversatorio-sobre-violencia-economica-hacia-personas-mayores","status":"publish","type":"post","link":"https:\/\/www.fcejs.unsl.edu.ar\/index.php\/conversatorio-sobre-violencia-economica-hacia-personas-mayores\/","title":{"rendered":"Conversatorio sobre violencia econ\u00f3mica hacia personas mayores"},"content":{"rendered":"<p data-start=\"231\" data-end=\"726\">La<strong> Secretar\u00eda de Extensi\u00f3n Universitaria<\/strong>, junto al <strong>Programa de Integraci\u00f3n Social de Personas Mayores de la FCEJS<\/strong>, invita al conversatorio \u201c<strong>Violencia econ\u00f3mica hacia personas mayores<\/strong>\u201d, que se llevar\u00e1 a cabo el pr\u00f3ximo <strong>23 de junio a las 18 h, en el Aula 12 del Campus Universitario.<\/strong><\/p>\n<p data-start=\"231\" data-end=\"726\">Aquellas personas interesadas en asistir deben inscribirse a trav\u00e9s del siguiente enlace:<\/p>\n<h3 style=\"text-align: center;\"><strong><span style=\"color: #0000ff;\"><a style=\"color: #0000ff;\" href=\"https:\/\/docs.google.com\/forms\/d\/e\/1FAIpQLSccB7imezon5A7goueQ29LSWfFQVqh7tmYfzGZr16IrDk6xng\/viewform\" target=\"_blank\" rel=\"noopener\">INSCRIPCIONES<\/a><\/span><\/strong><\/h3>\n<p data-start=\"728\" data-end=\"928\">El conversatorio contar\u00e1 con la participaci\u00f3n \u2014en modalidad h\u00edbrida\u2014 <strong>del Esp. Abg. Diego Ortiz, y con la coordinaci\u00f3n del Abg. Rodrigo Iglesias, el Lic. Cristian Payero y la Mgtr. Jaquelina Nanclares.<\/strong><\/p>\n<p data-start=\"930\" data-end=\"1580\">La actividad generar\u00e1 un espacio de debate en torno a la violencia hacia las personas mayores y su abordaje socio-jur\u00eddico. Ser\u00e1 una instancia de acercamiento entre la Universidad Nacional de San Luis y actores involucrados en tem\u00e1ticas vinculadas a personas mayores. Se buscar\u00e1 que los\/as participantes adquieran conocimientos sobre la violencia econ\u00f3mica hacia este grupo etario, desde una perspectiva jur\u00eddica y procesal. Tambi\u00e9n se abordar\u00e1n derechos espec\u00edficos, seg\u00fan las experiencias compartidas por los asistentes, e incentivar\u00e1 la conformaci\u00f3n de espacios de debate sostenido para continuar trabajando la tem\u00e1tica durante el resto del a\u00f1o.<\/p>\n<p data-start=\"1582\" data-end=\"1771\">Adem\u00e1s, se tratar\u00e1n contenidos sobre Derechos de las Familias, en especial los procedimientos en casos de violencia familiar. Para ello, se especificar\u00e1n conceptos clave en estas tem\u00e1ticas.<\/p>\n<p data-start=\"1773\" data-end=\"2057\">Los\/as asistentes podr\u00e1n participar compartiendo sus experiencias, tanto te\u00f3ricas como pr\u00e1cticas, en relaci\u00f3n con el abordaje propuesto.<br data-start=\"1909\" data-end=\"1912\" \/>La actividad est\u00e1 orientada principalmente a actores involucrados en la tem\u00e1tica de personas mayores, desde una perspectiva te\u00f3rica y\/o pr\u00e1ctica.<\/p>\n","protected":false},"excerpt":{"rendered":"<p>La Secretar\u00eda de Extensi\u00f3n Universitaria, junto al Programa de Integraci\u00f3n Social de Personas Mayores de la FCEJS, invita al conversatorio \u201cViolencia econ\u00f3mica hacia personas mayores\u201d,&hellip;<\/p>\n","protected":false},"author":9,"featured_media":20739,"comment_status":"closed","ping_status":"closed","sticky":false,"template":"","format":"standard","meta":{"om_disable_all_campaigns":false,"_monsterinsights_skip_tracking":false,"_monsterinsights_sitenote_active":false,"_monsterinsights_sitenote_note":"","_monsterinsights_sitenote_category":0,"footnotes":""},"categories":[1],"tags":[],"class_list":["post-20738","post","type-post","status-publish","format-standard","has-post-thumbnail","hentry","category-noticias"],"yoast_head":"<!-- This site is optimized with the Yoast SEO plugin v27.5 - https:\/\/yoast.com\/product\/yoast-seo-wordpress\/ -->\n<title>Conversatorio sobre violencia econ\u00f3mica hacia personas mayores - Facultad de Ciencias Econ\u00f3micas, Jur\u00ed\u00addicas y Sociales<\/title>\n<meta name=\"robots\" content=\"index, follow, max-snippet:-1, max-image-preview:large, max-video-preview:-1\" \/>\n<link rel=\"canonical\" href=\"https:\/\/www.fcejs.unsl.edu.ar\/index.php\/conversatorio-sobre-violencia-economica-hacia-personas-mayores\/\" \/>\n<meta property=\"og:locale\" content=\"es_ES\" \/>\n<meta property=\"og:type\" content=\"article\" \/>\n<meta property=\"og:title\" content=\"Conversatorio sobre violencia econ\u00f3mica hacia personas mayores - Facultad de Ciencias Econ\u00f3micas, Jur\u00ed\u00addicas y Sociales\" \/>\n<meta property=\"og:description\" content=\"La Secretar\u00eda de Extensi\u00f3n Universitaria, junto al Programa de Integraci\u00f3n Social de Personas Mayores de la FCEJS, invita al conversatorio \u201cViolencia econ\u00f3mica hacia personas mayores\u201d,&hellip;\" \/>\n<meta property=\"og:url\" content=\"https:\/\/www.fcejs.unsl.edu.ar\/index.php\/conversatorio-sobre-violencia-economica-hacia-personas-mayores\/\" \/>\n<meta property=\"og:site_name\" content=\"Facultad de Ciencias Econ\u00f3micas, Jur\u00ed\u00addicas y Sociales\" \/>\n<meta property=\"article:publisher\" content=\"https:\/\/www.facebook.com\/FCEJS.UNSL\/\" \/>\n<meta property=\"article:published_time\" content=\"2025-06-19T14:49:18+00:00\" \/>\n<meta property=\"article:modified_time\" content=\"2025-06-24T15:23:32+00:00\" \/>\n<meta property=\"og:image\" content=\"https:\/\/www.fcejs.unsl.edu.ar\/wp-content\/uploads\/2025\/06\/PLACA-WEBviolencia-economica-scaled.jpg\" \/>\n\t<meta property=\"og:image:width\" content=\"2560\" \/>\n\t<meta property=\"og:image:height\" content=\"1440\" \/>\n\t<meta property=\"og:image:type\" content=\"image\/jpeg\" \/>\n<meta name=\"author\" content=\"DATI\" \/>\n<meta name=\"twitter:card\" content=\"summary_large_image\" \/>\n<meta name=\"twitter:creator\" content=\"@FCEJSUNSL\" \/>\n<meta name=\"twitter:site\" content=\"@FCEJSUNSL\" \/>\n<meta name=\"twitter:label1\" content=\"Escrito por\" \/>\n\t<meta name=\"twitter:data1\" content=\"DATI\" \/>\n\t<meta name=\"twitter:label2\" content=\"Tiempo de lectura\" \/>\n\t<meta name=\"twitter:data2\" content=\"2 minutos\" \/>\n<script type=\"application\/ld+json\" class=\"yoast-schema-graph\">{\"@context\":\"https:\\\/\\\/schema.org\",\"@graph\":[{\"@type\":\"Article\",\"@id\":\"https:\\\/\\\/www.fcejs.unsl.edu.ar\\\/index.php\\\/conversatorio-sobre-violencia-economica-hacia-personas-mayores\\\/#article\",\"isPartOf\":{\"@id\":\"https:\\\/\\\/www.fcejs.unsl.edu.ar\\\/index.php\\\/conversatorio-sobre-violencia-economica-hacia-personas-mayores\\\/\"},\"author\":{\"name\":\"DATI\",\"@id\":\"https:\\\/\\\/www.fcejs.unsl.edu.ar\\\/#\\\/schema\\\/person\\\/352ee6ed90c3f394c7cb5945f8956d34\"},\"headline\":\"Conversatorio sobre violencia econ\u00f3mica hacia personas mayores\",\"datePublished\":\"2025-06-19T14:49:18+00:00\",\"dateModified\":\"2025-06-24T15:23:32+00:00\",\"mainEntityOfPage\":{\"@id\":\"https:\\\/\\\/www.fcejs.unsl.edu.ar\\\/index.php\\\/conversatorio-sobre-violencia-economica-hacia-personas-mayores\\\/\"},\"wordCount\":286,\"publisher\":{\"@id\":\"https:\\\/\\\/www.fcejs.unsl.edu.ar\\\/#organization\"},\"image\":{\"@id\":\"https:\\\/\\\/www.fcejs.unsl.edu.ar\\\/index.php\\\/conversatorio-sobre-violencia-economica-hacia-personas-mayores\\\/#primaryimage\"},\"thumbnailUrl\":\"https:\\\/\\\/www.fcejs.unsl.edu.ar\\\/wp-content\\\/uploads\\\/2025\\\/06\\\/PLACA-WEBviolencia-economica-scaled.jpg\",\"articleSection\":[\"Noticias\"],\"inLanguage\":\"es-AR\"},{\"@type\":\"WebPage\",\"@id\":\"https:\\\/\\\/www.fcejs.unsl.edu.ar\\\/index.php\\\/conversatorio-sobre-violencia-economica-hacia-personas-mayores\\\/\",\"url\":\"https:\\\/\\\/www.fcejs.unsl.edu.ar\\\/index.php\\\/conversatorio-sobre-violencia-economica-hacia-personas-mayores\\\/\",\"name\":\"Conversatorio sobre violencia econ\u00f3mica hacia personas mayores - Facultad de Ciencias Econ\u00f3micas, Jur\u00ed\u00addicas y Sociales\",\"isPartOf\":{\"@id\":\"https:\\\/\\\/www.fcejs.unsl.edu.ar\\\/#website\"},\"primaryImageOfPage\":{\"@id\":\"https:\\\/\\\/www.fcejs.unsl.edu.ar\\\/index.php\\\/conversatorio-sobre-violencia-economica-hacia-personas-mayores\\\/#primaryimage\"},\"image\":{\"@id\":\"https:\\\/\\\/www.fcejs.unsl.edu.ar\\\/index.php\\\/conversatorio-sobre-violencia-economica-hacia-personas-mayores\\\/#primaryimage\"},\"thumbnailUrl\":\"https:\\\/\\\/www.fcejs.unsl.edu.ar\\\/wp-content\\\/uploads\\\/2025\\\/06\\\/PLACA-WEBviolencia-economica-scaled.jpg\",\"datePublished\":\"2025-06-19T14:49:18+00:00\",\"dateModified\":\"2025-06-24T15:23:32+00:00\",\"breadcrumb\":{\"@id\":\"https:\\\/\\\/www.fcejs.unsl.edu.ar\\\/index.php\\\/conversatorio-sobre-violencia-economica-hacia-personas-mayores\\\/#breadcrumb\"},\"inLanguage\":\"es-AR\",\"potentialAction\":[{\"@type\":\"ReadAction\",\"target\":[\"https:\\\/\\\/www.fcejs.unsl.edu.ar\\\/index.php\\\/conversatorio-sobre-violencia-economica-hacia-personas-mayores\\\/\"]}]},{\"@type\":\"ImageObject\",\"inLanguage\":\"es-AR\",\"@id\":\"https:\\\/\\\/www.fcejs.unsl.edu.ar\\\/index.php\\\/conversatorio-sobre-violencia-economica-hacia-personas-mayores\\\/#primaryimage\",\"url\":\"https:\\\/\\\/www.fcejs.unsl.edu.ar\\\/wp-content\\\/uploads\\\/2025\\\/06\\\/PLACA-WEBviolencia-economica-scaled.jpg\",\"contentUrl\":\"https:\\\/\\\/www.fcejs.unsl.edu.ar\\\/wp-content\\\/uploads\\\/2025\\\/06\\\/PLACA-WEBviolencia-economica-scaled.jpg\",\"width\":2560,\"height\":1440},{\"@type\":\"BreadcrumbList\",\"@id\":\"https:\\\/\\\/www.fcejs.unsl.edu.ar\\\/index.php\\\/conversatorio-sobre-violencia-economica-hacia-personas-mayores\\\/#breadcrumb\",\"itemListElement\":[{\"@type\":\"ListItem\",\"position\":1,\"name\":\"Inicio\",\"item\":\"https:\\\/\\\/www.fcejs.unsl.edu.ar\\\/\"},{\"@type\":\"ListItem\",\"position\":2,\"name\":\"Conversatorio sobre violencia econ\u00f3mica hacia personas mayores\"}]},{\"@type\":\"WebSite\",\"@id\":\"https:\\\/\\\/www.fcejs.unsl.edu.ar\\\/#website\",\"url\":\"https:\\\/\\\/www.fcejs.unsl.edu.ar\\\/\",\"name\":\"Facultad de Ciencias Econ\u00f3micas, Jur\u00ed\u00addicas y Sociales\",\"description\":\"\",\"publisher\":{\"@id\":\"https:\\\/\\\/www.fcejs.unsl.edu.ar\\\/#organization\"},\"potentialAction\":[{\"@type\":\"SearchAction\",\"target\":{\"@type\":\"EntryPoint\",\"urlTemplate\":\"https:\\\/\\\/www.fcejs.unsl.edu.ar\\\/?s={search_term_string}\"},\"query-input\":{\"@type\":\"PropertyValueSpecification\",\"valueRequired\":true,\"valueName\":\"search_term_string\"}}],\"inLanguage\":\"es-AR\"},{\"@type\":\"Organization\",\"@id\":\"https:\\\/\\\/www.fcejs.unsl.edu.ar\\\/#organization\",\"name\":\"Facultad de Ciencias Econ\u00f3micas, Jur\u00eddicas y Sociales\",\"url\":\"https:\\\/\\\/www.fcejs.unsl.edu.ar\\\/\",\"logo\":{\"@type\":\"ImageObject\",\"inLanguage\":\"es-AR\",\"@id\":\"https:\\\/\\\/www.fcejs.unsl.edu.ar\\\/#\\\/schema\\\/logo\\\/image\\\/\",\"url\":\"https:\\\/\\\/www.fcejs.unsl.edu.ar\\\/wp-content\\\/uploads\\\/2021\\\/03\\\/logo-1.jpg\",\"contentUrl\":\"https:\\\/\\\/www.fcejs.unsl.edu.ar\\\/wp-content\\\/uploads\\\/2021\\\/03\\\/logo-1.jpg\",\"width\":471,\"height\":146,\"caption\":\"Facultad de Ciencias Econ\u00f3micas, Jur\u00eddicas y Sociales\"},\"image\":{\"@id\":\"https:\\\/\\\/www.fcejs.unsl.edu.ar\\\/#\\\/schema\\\/logo\\\/image\\\/\"},\"sameAs\":[\"https:\\\/\\\/www.facebook.com\\\/FCEJS.UNSL\\\/\",\"https:\\\/\\\/x.com\\\/FCEJSUNSL\",\"https:\\\/\\\/www.instagram.com\\\/fcejs.unsl\\\/\",\"https:\\\/\\\/www.youtube.com\\\/channel\\\/UCH-Ut6EaN_X5ogjIQMPe46g\\\/\"]},{\"@type\":\"Person\",\"@id\":\"https:\\\/\\\/www.fcejs.unsl.edu.ar\\\/#\\\/schema\\\/person\\\/352ee6ed90c3f394c7cb5945f8956d34\",\"name\":\"DATI\"}]}<\/script>\n<!-- \/ Yoast SEO plugin. -->","yoast_head_json":{"title":"Conversatorio sobre violencia econ\u00f3mica hacia personas mayores - Facultad de Ciencias Econ\u00f3micas, Jur\u00ed\u00addicas y Sociales","robots":{"index":"index","follow":"follow","max-snippet":"max-snippet:-1","max-image-preview":"max-image-preview:large","max-video-preview":"max-video-preview:-1"},"canonical":"https:\/\/www.fcejs.unsl.edu.ar\/index.php\/conversatorio-sobre-violencia-economica-hacia-personas-mayores\/","og_locale":"es_ES","og_type":"article","og_title":"Conversatorio sobre violencia econ\u00f3mica hacia personas mayores - Facultad de Ciencias Econ\u00f3micas, Jur\u00ed\u00addicas y Sociales","og_description":"La Secretar\u00eda de Extensi\u00f3n Universitaria, junto al Programa de Integraci\u00f3n Social de Personas Mayores de la FCEJS, invita al conversatorio \u201cViolencia econ\u00f3mica hacia personas mayores\u201d,&hellip;","og_url":"https:\/\/www.fcejs.unsl.edu.ar\/index.php\/conversatorio-sobre-violencia-economica-hacia-personas-mayores\/","og_site_name":"Facultad de Ciencias Econ\u00f3micas, Jur\u00ed\u00addicas y Sociales","article_publisher":"https:\/\/www.facebook.com\/FCEJS.UNSL\/","article_published_time":"2025-06-19T14:49:18+00:00","article_modified_time":"2025-06-24T15:23:32+00:00","og_image":[{"width":2560,"height":1440,"url":"https:\/\/www.fcejs.unsl.edu.ar\/wp-content\/uploads\/2025\/06\/PLACA-WEBviolencia-economica-scaled.jpg","type":"image\/jpeg"}],"author":"DATI","twitter_card":"summary_large_image","twitter_creator":"@FCEJSUNSL","twitter_site":"@FCEJSUNSL","twitter_misc":{"Escrito por":"DATI","Tiempo de lectura":"2 minutos"},"schema":{"@context":"https:\/\/schema.org","@graph":[{"@type":"Article","@id":"https:\/\/www.fcejs.unsl.edu.ar\/index.php\/conversatorio-sobre-violencia-economica-hacia-personas-mayores\/#article","isPartOf":{"@id":"https:\/\/www.fcejs.unsl.edu.ar\/index.php\/conversatorio-sobre-violencia-economica-hacia-personas-mayores\/"},"author":{"name":"DATI","@id":"https:\/\/www.fcejs.unsl.edu.ar\/#\/schema\/person\/352ee6ed90c3f394c7cb5945f8956d34"},"headline":"Conversatorio sobre violencia econ\u00f3mica hacia personas mayores","datePublished":"2025-06-19T14:49:18+00:00","dateModified":"2025-06-24T15:23:32+00:00","mainEntityOfPage":{"@id":"https:\/\/www.fcejs.unsl.edu.ar\/index.php\/conversatorio-sobre-violencia-economica-hacia-personas-mayores\/"},"wordCount":286,"publisher":{"@id":"https:\/\/www.fcejs.unsl.edu.ar\/#organization"},"image":{"@id":"https:\/\/www.fcejs.unsl.edu.ar\/index.php\/conversatorio-sobre-violencia-economica-hacia-personas-mayores\/#primaryimage"},"thumbnailUrl":"https:\/\/www.fcejs.unsl.edu.ar\/wp-content\/uploads\/2025\/06\/PLACA-WEBviolencia-economica-scaled.jpg","articleSection":["Noticias"],"inLanguage":"es-AR"},{"@type":"WebPage","@id":"https:\/\/www.fcejs.unsl.edu.ar\/index.php\/conversatorio-sobre-violencia-economica-hacia-personas-mayores\/","url":"https:\/\/www.fcejs.unsl.edu.ar\/index.php\/conversatorio-sobre-violencia-economica-hacia-personas-mayores\/","name":"Conversatorio sobre violencia econ\u00f3mica hacia personas mayores - Facultad de Ciencias Econ\u00f3micas, Jur\u00ed\u00addicas y Sociales","isPartOf":{"@id":"https:\/\/www.fcejs.unsl.edu.ar\/#website"},"primaryImageOfPage":{"@id":"https:\/\/www.fcejs.unsl.edu.ar\/index.php\/conversatorio-sobre-violencia-economica-hacia-personas-mayores\/#primaryimage"},"image":{"@id":"https:\/\/www.fcejs.unsl.edu.ar\/index.php\/conversatorio-sobre-violencia-economica-hacia-personas-mayores\/#primaryimage"},"thumbnailUrl":"https:\/\/www.fcejs.unsl.edu.ar\/wp-content\/uploads\/2025\/06\/PLACA-WEBviolencia-economica-scaled.jpg","datePublished":"2025-06-19T14:49:18+00:00","dateModified":"2025-06-24T15:23:32+00:00","breadcrumb":{"@id":"https:\/\/www.fcejs.unsl.edu.ar\/index.php\/conversatorio-sobre-violencia-economica-hacia-personas-mayores\/#breadcrumb"},"inLanguage":"es-AR","potentialAction":[{"@type":"ReadAction","target":["https:\/\/www.fcejs.unsl.edu.ar\/index.php\/conversatorio-sobre-violencia-economica-hacia-personas-mayores\/"]}]},{"@type":"ImageObject","inLanguage":"es-AR","@id":"https:\/\/www.fcejs.unsl.edu.ar\/index.php\/conversatorio-sobre-violencia-economica-hacia-personas-mayores\/#primaryimage","url":"https:\/\/www.fcejs.unsl.edu.ar\/wp-content\/uploads\/2025\/06\/PLACA-WEBviolencia-economica-scaled.jpg","contentUrl":"https:\/\/www.fcejs.unsl.edu.ar\/wp-content\/uploads\/2025\/06\/PLACA-WEBviolencia-economica-scaled.jpg","width":2560,"height":1440},{"@type":"BreadcrumbList","@id":"https:\/\/www.fcejs.unsl.edu.ar\/index.php\/conversatorio-sobre-violencia-economica-hacia-personas-mayores\/#breadcrumb","itemListElement":[{"@type":"ListItem","position":1,"name":"Inicio","item":"https:\/\/www.fcejs.unsl.edu.ar\/"},{"@type":"ListItem","position":2,"name":"Conversatorio sobre violencia econ\u00f3mica hacia personas mayores"}]},{"@type":"WebSite","@id":"https:\/\/www.fcejs.unsl.edu.ar\/#website","url":"https:\/\/www.fcejs.unsl.edu.ar\/","name":"Facultad de Ciencias Econ\u00f3micas, Jur\u00ed\u00addicas y Sociales","description":"","publisher":{"@id":"https:\/\/www.fcejs.unsl.edu.ar\/#organization"},"potentialAction":[{"@type":"SearchAction","target":{"@type":"EntryPoint","urlTemplate":"https:\/\/www.fcejs.unsl.edu.ar\/?s={search_term_string}"},"query-input":{"@type":"PropertyValueSpecification","valueRequired":true,"valueName":"search_term_string"}}],"inLanguage":"es-AR"},{"@type":"Organization","@id":"https:\/\/www.fcejs.unsl.edu.ar\/#organization","name":"Facultad de Ciencias Econ\u00f3micas, Jur\u00eddicas y Sociales","url":"https:\/\/www.fcejs.unsl.edu.ar\/","logo":{"@type":"ImageObject","inLanguage":"es-AR","@id":"https:\/\/www.fcejs.unsl.edu.ar\/#\/schema\/logo\/image\/","url":"https:\/\/www.fcejs.unsl.edu.ar\/wp-content\/uploads\/2021\/03\/logo-1.jpg","contentUrl":"https:\/\/www.fcejs.unsl.edu.ar\/wp-content\/uploads\/2021\/03\/logo-1.jpg","width":471,"height":146,"caption":"Facultad de Ciencias Econ\u00f3micas, Jur\u00eddicas y Sociales"},"image":{"@id":"https:\/\/www.fcejs.unsl.edu.ar\/#\/schema\/logo\/image\/"},"sameAs":["https:\/\/www.facebook.com\/FCEJS.UNSL\/","https:\/\/x.com\/FCEJSUNSL","https:\/\/www.instagram.com\/fcejs.unsl\/","https:\/\/www.youtube.com\/channel\/UCH-Ut6EaN_X5ogjIQMPe46g\/"]},{"@type":"Person","@id":"https:\/\/www.fcejs.unsl.edu.ar\/#\/schema\/person\/352ee6ed90c3f394c7cb5945f8956d34","name":"DATI"}]}},"jetpack_featured_media_url":"https:\/\/www.fcejs.unsl.edu.ar\/wp-content\/uploads\/2025\/06\/PLACA-WEBviolencia-economica-scaled.jpg","_links":{"self":[{"href":"https:\/\/www.fcejs.unsl.edu.ar\/index.php\/wp-json\/wp\/v2\/posts\/20738","targetHints":{"allow":["GET"]}}],"collection":[{"href":"https:\/\/www.fcejs.unsl.edu.ar\/index.php\/wp-json\/wp\/v2\/posts"}],"about":[{"href":"https:\/\/www.fcejs.unsl.edu.ar\/index.php\/wp-json\/wp\/v2\/types\/post"}],"author":[{"embeddable":true,"href":"https:\/\/www.fcejs.unsl.edu.ar\/index.php\/wp-json\/wp\/v2\/users\/9"}],"replies":[{"embeddable":true,"href":"https:\/\/www.fcejs.unsl.edu.ar\/index.php\/wp-json\/wp\/v2\/comments?post=20738"}],"version-history":[{"count":3,"href":"https:\/\/www.fcejs.unsl.edu.ar\/index.php\/wp-json\/wp\/v2\/posts\/20738\/revisions"}],"predecessor-version":[{"id":20742,"href":"https:\/\/www.fcejs.unsl.edu.ar\/index.php\/wp-json\/wp\/v2\/posts\/20738\/revisions\/20742"}],"wp:featuredmedia":[{"embeddable":true,"href":"https:\/\/www.fcejs.unsl.edu.ar\/index.php\/wp-json\/wp\/v2\/media\/20739"}],"wp:attachment":[{"href":"https:\/\/www.fcejs.unsl.edu.ar\/index.php\/wp-json\/wp\/v2\/media?parent=20738"}],"wp:term":[{"taxonomy":"category","embeddable":true,"href":"https:\/\/www.fcejs.unsl.edu.ar\/index.php\/wp-json\/wp\/v2\/categories?post=20738"},{"taxonomy":"post_tag","embeddable":true,"href":"https:\/\/www.fcejs.unsl.edu.ar\/index.php\/wp-json\/wp\/v2\/tags?post=20738"}],"curies":[{"name":"wp","href":"https:\/\/api.w.org\/{rel}","templated":true}]}}