{"id":20735,"date":"2025-07-29T01:12:42","date_gmt":"2025-07-29T04:12:42","guid":{"rendered":"http:\/\/10.101.10.197\/www\/?p=20735"},"modified":"2025-08-07T09:26:45","modified_gmt":"2025-08-07T12:26:45","slug":"preinscripciones-abiertas-a-martillero-y-corredor-publico-2025","status":"publish","type":"post","link":"https:\/\/www.fcejs.unsl.edu.ar\/index.php\/preinscripciones-abiertas-a-martillero-y-corredor-publico-2025\/","title":{"rendered":"Preinscripciones abiertas a <b>Martillero y Corredor P\u00fablico 2025<\/b>"},"content":{"rendered":"<p data-start=\"250\" data-end=\"484\">La Secretar\u00eda Acad\u00e9mica de la FCEJS informa que, <strong>hasta el 31 de agosto<\/strong>, estar\u00e1n disponibles las preinscripciones a la carrera <strong><em data-start=\"376\" data-end=\"407\">Martillero y Corredor P\u00fablico<\/em> para el ciclo lectivo 2025.<\/strong> El <strong>inicio de clases ser\u00e1 el <span style=\"color: #ff0000;\">lunes 4 de agosto de 2025, a las 14hs en el Aula Magna del Edificio del Departamento de Ciencias Agropecuarias<\/span>.<\/strong><\/p>\n<p data-start=\"489\" data-end=\"681\">Los\/as interesados\/as deber\u00e1n ingresar e iniciar un proceso de tres (3) pasos: elegir una carrera, realizar la preinscripci\u00f3n online y presentar la documentaci\u00f3n en el Departamento de Alumnos.<\/p>\n<p data-start=\"686\" data-end=\"892\">En funci\u00f3n del perfil del t\u00edtulo y de los contenidos curriculares de la carrera, el t\u00edtulo de <em data-start=\"780\" data-end=\"811\">Martillero y Corredor P\u00fablico<\/em> otorgado por la Universidad Nacional de San Luis tendr\u00e1 los siguientes alcances:<\/p>\n<ul data-start=\"897\" data-end=\"1661\">\n<li data-start=\"897\" data-end=\"1081\">\n<p data-start=\"899\" data-end=\"1081\">Realizar la intermediaci\u00f3n entre la oferta y la demanda, o corretaje, en la negociaci\u00f3n de bienes muebles, inmuebles u otros bienes urbanos y rurales susceptibles de valor econ\u00f3mico.<\/p>\n<\/li>\n<li data-start=\"1084\" data-end=\"1166\">\n<p data-start=\"1086\" data-end=\"1166\">Asesorar acerca del valor intr\u00ednseco y de mercado de bienes con valor econ\u00f3mico.<\/p>\n<\/li>\n<li data-start=\"1169\" data-end=\"1239\">\n<p data-start=\"1171\" data-end=\"1239\">Efectuar tasaciones y valuaciones de bienes presentes en el mercado.<\/p>\n<\/li>\n<li data-start=\"1242\" data-end=\"1380\">\n<p data-start=\"1244\" data-end=\"1380\">Colaborar con profesionales responsables en la formalizaci\u00f3n de contratos de contenido econ\u00f3mico, tanto en \u00e1mbitos urbanos como rurales.<\/p>\n<\/li>\n<li data-start=\"1383\" data-end=\"1451\">\n<p data-start=\"1385\" data-end=\"1451\">Actuar como comisionista en la colocaci\u00f3n de bienes en el mercado.<\/p>\n<\/li>\n<li data-start=\"1454\" data-end=\"1531\">\n<p data-start=\"1456\" data-end=\"1531\">Efectuar subastas de bienes de terceros, de car\u00e1cter particular o judicial.<\/p>\n<\/li>\n<li data-start=\"1534\" data-end=\"1661\">\n<p data-start=\"1536\" data-end=\"1661\">Participar en peritajes judiciales y extrajudiciales referidos a valores de colocaci\u00f3n y realizaci\u00f3n de bienes en el mercado.<\/p>\n<\/li>\n<\/ul>\n<p>&nbsp;<\/p>\n<h3 style=\"text-align: center;\"><span style=\"color: #0000ff;\"><strong><a style=\"color: #0000ff;\" href=\"https:\/\/preins3vz.unsl.edu.ar\/fcejs\/\" target=\"_blank\" rel=\"noopener\">PREINSCRIPCION ON-LINE<\/a><\/strong><\/span><\/h3>\n","protected":false},"excerpt":{"rendered":"<p>La Secretar\u00eda Acad\u00e9mica de la FCEJS informa que, hasta el 31 de agosto, estar\u00e1n disponibles las preinscripciones a la carrera Martillero y Corredor P\u00fablico para&hellip;<\/p>\n","protected":false},"author":9,"featured_media":21074,"comment_status":"closed","ping_status":"closed","sticky":false,"template":"","format":"standard","meta":{"om_disable_all_campaigns":false,"_monsterinsights_skip_tracking":false,"_monsterinsights_sitenote_active":false,"_monsterinsights_sitenote_note":"","_monsterinsights_sitenote_category":0,"footnotes":""},"categories":[1],"tags":[],"class_list":["post-20735","post","type-post","status-publish","format-standard","has-post-thumbnail","hentry","category-noticias"],"yoast_head":"<!-- This site is optimized with the Yoast SEO plugin v27.4 - https:\/\/yoast.com\/product\/yoast-seo-wordpress\/ -->\n<title>Preinscripciones abiertas a Martillero y Corredor P\u00fablico 2025 - Facultad de Ciencias Econ\u00f3micas, Jur\u00ed\u00addicas y Sociales<\/title>\n<meta name=\"robots\" content=\"index, follow, max-snippet:-1, max-image-preview:large, max-video-preview:-1\" \/>\n<link rel=\"canonical\" href=\"https:\/\/www.fcejs.unsl.edu.ar\/index.php\/preinscripciones-abiertas-a-martillero-y-corredor-publico-2025\/\" \/>\n<meta property=\"og:locale\" content=\"es_ES\" \/>\n<meta property=\"og:type\" content=\"article\" \/>\n<meta property=\"og:title\" content=\"Preinscripciones abiertas a Martillero y Corredor P\u00fablico 2025 - Facultad de Ciencias Econ\u00f3micas, Jur\u00ed\u00addicas y Sociales\" \/>\n<meta property=\"og:description\" content=\"La Secretar\u00eda Acad\u00e9mica de la FCEJS informa que, hasta el 31 de agosto, estar\u00e1n disponibles las preinscripciones a la carrera Martillero y Corredor P\u00fablico para&hellip;\" \/>\n<meta property=\"og:url\" content=\"https:\/\/www.fcejs.unsl.edu.ar\/index.php\/preinscripciones-abiertas-a-martillero-y-corredor-publico-2025\/\" \/>\n<meta property=\"og:site_name\" content=\"Facultad de Ciencias Econ\u00f3micas, Jur\u00ed\u00addicas y Sociales\" \/>\n<meta property=\"article:publisher\" content=\"https:\/\/www.facebook.com\/FCEJS.UNSL\/\" \/>\n<meta property=\"article:published_time\" content=\"2025-07-29T04:12:42+00:00\" \/>\n<meta property=\"article:modified_time\" content=\"2025-08-07T12:26:45+00:00\" \/>\n<meta property=\"og:image\" content=\"https:\/\/www.fcejs.unsl.edu.ar\/wp-content\/uploads\/2025\/07\/PLACA-WEB-INICIO-CURSADA-MARTILLERO.jpg\" \/>\n\t<meta property=\"og:image:width\" content=\"1152\" \/>\n\t<meta property=\"og:image:height\" content=\"648\" \/>\n\t<meta property=\"og:image:type\" content=\"image\/jpeg\" \/>\n<meta name=\"author\" content=\"DATI\" \/>\n<meta name=\"twitter:card\" content=\"summary_large_image\" \/>\n<meta name=\"twitter:creator\" content=\"@FCEJSUNSL\" \/>\n<meta name=\"twitter:site\" content=\"@FCEJSUNSL\" \/>\n<meta name=\"twitter:label1\" content=\"Escrito por\" \/>\n\t<meta name=\"twitter:data1\" content=\"DATI\" \/>\n\t<meta name=\"twitter:label2\" content=\"Tiempo de lectura\" \/>\n\t<meta name=\"twitter:data2\" content=\"2 minutos\" \/>\n<script type=\"application\/ld+json\" class=\"yoast-schema-graph\">{\"@context\":\"https:\\\/\\\/schema.org\",\"@graph\":[{\"@type\":\"Article\",\"@id\":\"https:\\\/\\\/www.fcejs.unsl.edu.ar\\\/index.php\\\/preinscripciones-abiertas-a-martillero-y-corredor-publico-2025\\\/#article\",\"isPartOf\":{\"@id\":\"https:\\\/\\\/www.fcejs.unsl.edu.ar\\\/index.php\\\/preinscripciones-abiertas-a-martillero-y-corredor-publico-2025\\\/\"},\"author\":{\"name\":\"DATI\",\"@id\":\"https:\\\/\\\/www.fcejs.unsl.edu.ar\\\/#\\\/schema\\\/person\\\/352ee6ed90c3f394c7cb5945f8956d34\"},\"headline\":\"Preinscripciones abiertas a Martillero y Corredor P\u00fablico 2025\",\"datePublished\":\"2025-07-29T04:12:42+00:00\",\"dateModified\":\"2025-08-07T12:26:45+00:00\",\"mainEntityOfPage\":{\"@id\":\"https:\\\/\\\/www.fcejs.unsl.edu.ar\\\/index.php\\\/preinscripciones-abiertas-a-martillero-y-corredor-publico-2025\\\/\"},\"wordCount\":255,\"publisher\":{\"@id\":\"https:\\\/\\\/www.fcejs.unsl.edu.ar\\\/#organization\"},\"image\":{\"@id\":\"https:\\\/\\\/www.fcejs.unsl.edu.ar\\\/index.php\\\/preinscripciones-abiertas-a-martillero-y-corredor-publico-2025\\\/#primaryimage\"},\"thumbnailUrl\":\"https:\\\/\\\/www.fcejs.unsl.edu.ar\\\/wp-content\\\/uploads\\\/2025\\\/07\\\/PLACA-WEB-INICIO-CURSADA-MARTILLERO.jpg\",\"articleSection\":[\"Noticias\"],\"inLanguage\":\"es-AR\"},{\"@type\":\"WebPage\",\"@id\":\"https:\\\/\\\/www.fcejs.unsl.edu.ar\\\/index.php\\\/preinscripciones-abiertas-a-martillero-y-corredor-publico-2025\\\/\",\"url\":\"https:\\\/\\\/www.fcejs.unsl.edu.ar\\\/index.php\\\/preinscripciones-abiertas-a-martillero-y-corredor-publico-2025\\\/\",\"name\":\"Preinscripciones abiertas a Martillero y Corredor P\u00fablico 2025 - Facultad de Ciencias Econ\u00f3micas, Jur\u00ed\u00addicas y Sociales\",\"isPartOf\":{\"@id\":\"https:\\\/\\\/www.fcejs.unsl.edu.ar\\\/#website\"},\"primaryImageOfPage\":{\"@id\":\"https:\\\/\\\/www.fcejs.unsl.edu.ar\\\/index.php\\\/preinscripciones-abiertas-a-martillero-y-corredor-publico-2025\\\/#primaryimage\"},\"image\":{\"@id\":\"https:\\\/\\\/www.fcejs.unsl.edu.ar\\\/index.php\\\/preinscripciones-abiertas-a-martillero-y-corredor-publico-2025\\\/#primaryimage\"},\"thumbnailUrl\":\"https:\\\/\\\/www.fcejs.unsl.edu.ar\\\/wp-content\\\/uploads\\\/2025\\\/07\\\/PLACA-WEB-INICIO-CURSADA-MARTILLERO.jpg\",\"datePublished\":\"2025-07-29T04:12:42+00:00\",\"dateModified\":\"2025-08-07T12:26:45+00:00\",\"breadcrumb\":{\"@id\":\"https:\\\/\\\/www.fcejs.unsl.edu.ar\\\/index.php\\\/preinscripciones-abiertas-a-martillero-y-corredor-publico-2025\\\/#breadcrumb\"},\"inLanguage\":\"es-AR\",\"potentialAction\":[{\"@type\":\"ReadAction\",\"target\":[\"https:\\\/\\\/www.fcejs.unsl.edu.ar\\\/index.php\\\/preinscripciones-abiertas-a-martillero-y-corredor-publico-2025\\\/\"]}]},{\"@type\":\"ImageObject\",\"inLanguage\":\"es-AR\",\"@id\":\"https:\\\/\\\/www.fcejs.unsl.edu.ar\\\/index.php\\\/preinscripciones-abiertas-a-martillero-y-corredor-publico-2025\\\/#primaryimage\",\"url\":\"https:\\\/\\\/www.fcejs.unsl.edu.ar\\\/wp-content\\\/uploads\\\/2025\\\/07\\\/PLACA-WEB-INICIO-CURSADA-MARTILLERO.jpg\",\"contentUrl\":\"https:\\\/\\\/www.fcejs.unsl.edu.ar\\\/wp-content\\\/uploads\\\/2025\\\/07\\\/PLACA-WEB-INICIO-CURSADA-MARTILLERO.jpg\",\"width\":1152,\"height\":648},{\"@type\":\"BreadcrumbList\",\"@id\":\"https:\\\/\\\/www.fcejs.unsl.edu.ar\\\/index.php\\\/preinscripciones-abiertas-a-martillero-y-corredor-publico-2025\\\/#breadcrumb\",\"itemListElement\":[{\"@type\":\"ListItem\",\"position\":1,\"name\":\"Inicio\",\"item\":\"https:\\\/\\\/www.fcejs.unsl.edu.ar\\\/\"},{\"@type\":\"ListItem\",\"position\":2,\"name\":\"Preinscripciones abiertas a Martillero y Corredor P\u00fablico 2025\"}]},{\"@type\":\"WebSite\",\"@id\":\"https:\\\/\\\/www.fcejs.unsl.edu.ar\\\/#website\",\"url\":\"https:\\\/\\\/www.fcejs.unsl.edu.ar\\\/\",\"name\":\"Facultad de Ciencias Econ\u00f3micas, Jur\u00ed\u00addicas y Sociales\",\"description\":\"\",\"publisher\":{\"@id\":\"https:\\\/\\\/www.fcejs.unsl.edu.ar\\\/#organization\"},\"potentialAction\":[{\"@type\":\"SearchAction\",\"target\":{\"@type\":\"EntryPoint\",\"urlTemplate\":\"https:\\\/\\\/www.fcejs.unsl.edu.ar\\\/?s={search_term_string}\"},\"query-input\":{\"@type\":\"PropertyValueSpecification\",\"valueRequired\":true,\"valueName\":\"search_term_string\"}}],\"inLanguage\":\"es-AR\"},{\"@type\":\"Organization\",\"@id\":\"https:\\\/\\\/www.fcejs.unsl.edu.ar\\\/#organization\",\"name\":\"Facultad de Ciencias Econ\u00f3micas, Jur\u00eddicas y Sociales\",\"url\":\"https:\\\/\\\/www.fcejs.unsl.edu.ar\\\/\",\"logo\":{\"@type\":\"ImageObject\",\"inLanguage\":\"es-AR\",\"@id\":\"https:\\\/\\\/www.fcejs.unsl.edu.ar\\\/#\\\/schema\\\/logo\\\/image\\\/\",\"url\":\"https:\\\/\\\/www.fcejs.unsl.edu.ar\\\/wp-content\\\/uploads\\\/2021\\\/03\\\/logo-1.jpg\",\"contentUrl\":\"https:\\\/\\\/www.fcejs.unsl.edu.ar\\\/wp-content\\\/uploads\\\/2021\\\/03\\\/logo-1.jpg\",\"width\":471,\"height\":146,\"caption\":\"Facultad de Ciencias Econ\u00f3micas, Jur\u00eddicas y Sociales\"},\"image\":{\"@id\":\"https:\\\/\\\/www.fcejs.unsl.edu.ar\\\/#\\\/schema\\\/logo\\\/image\\\/\"},\"sameAs\":[\"https:\\\/\\\/www.facebook.com\\\/FCEJS.UNSL\\\/\",\"https:\\\/\\\/x.com\\\/FCEJSUNSL\",\"https:\\\/\\\/www.instagram.com\\\/fcejs.unsl\\\/\",\"https:\\\/\\\/www.youtube.com\\\/channel\\\/UCH-Ut6EaN_X5ogjIQMPe46g\\\/\"]},{\"@type\":\"Person\",\"@id\":\"https:\\\/\\\/www.fcejs.unsl.edu.ar\\\/#\\\/schema\\\/person\\\/352ee6ed90c3f394c7cb5945f8956d34\",\"name\":\"DATI\"}]}<\/script>\n<!-- \/ Yoast SEO plugin. -->","yoast_head_json":{"title":"Preinscripciones abiertas a Martillero y Corredor P\u00fablico 2025 - Facultad de Ciencias Econ\u00f3micas, Jur\u00ed\u00addicas y Sociales","robots":{"index":"index","follow":"follow","max-snippet":"max-snippet:-1","max-image-preview":"max-image-preview:large","max-video-preview":"max-video-preview:-1"},"canonical":"https:\/\/www.fcejs.unsl.edu.ar\/index.php\/preinscripciones-abiertas-a-martillero-y-corredor-publico-2025\/","og_locale":"es_ES","og_type":"article","og_title":"Preinscripciones abiertas a Martillero y Corredor P\u00fablico 2025 - Facultad de Ciencias Econ\u00f3micas, Jur\u00ed\u00addicas y Sociales","og_description":"La Secretar\u00eda Acad\u00e9mica de la FCEJS informa que, hasta el 31 de agosto, estar\u00e1n disponibles las preinscripciones a la carrera Martillero y Corredor P\u00fablico para&hellip;","og_url":"https:\/\/www.fcejs.unsl.edu.ar\/index.php\/preinscripciones-abiertas-a-martillero-y-corredor-publico-2025\/","og_site_name":"Facultad de Ciencias Econ\u00f3micas, Jur\u00ed\u00addicas y Sociales","article_publisher":"https:\/\/www.facebook.com\/FCEJS.UNSL\/","article_published_time":"2025-07-29T04:12:42+00:00","article_modified_time":"2025-08-07T12:26:45+00:00","og_image":[{"width":1152,"height":648,"url":"https:\/\/www.fcejs.unsl.edu.ar\/wp-content\/uploads\/2025\/07\/PLACA-WEB-INICIO-CURSADA-MARTILLERO.jpg","type":"image\/jpeg"}],"author":"DATI","twitter_card":"summary_large_image","twitter_creator":"@FCEJSUNSL","twitter_site":"@FCEJSUNSL","twitter_misc":{"Escrito por":"DATI","Tiempo de lectura":"2 minutos"},"schema":{"@context":"https:\/\/schema.org","@graph":[{"@type":"Article","@id":"https:\/\/www.fcejs.unsl.edu.ar\/index.php\/preinscripciones-abiertas-a-martillero-y-corredor-publico-2025\/#article","isPartOf":{"@id":"https:\/\/www.fcejs.unsl.edu.ar\/index.php\/preinscripciones-abiertas-a-martillero-y-corredor-publico-2025\/"},"author":{"name":"DATI","@id":"https:\/\/www.fcejs.unsl.edu.ar\/#\/schema\/person\/352ee6ed90c3f394c7cb5945f8956d34"},"headline":"Preinscripciones abiertas a Martillero y Corredor P\u00fablico 2025","datePublished":"2025-07-29T04:12:42+00:00","dateModified":"2025-08-07T12:26:45+00:00","mainEntityOfPage":{"@id":"https:\/\/www.fcejs.unsl.edu.ar\/index.php\/preinscripciones-abiertas-a-martillero-y-corredor-publico-2025\/"},"wordCount":255,"publisher":{"@id":"https:\/\/www.fcejs.unsl.edu.ar\/#organization"},"image":{"@id":"https:\/\/www.fcejs.unsl.edu.ar\/index.php\/preinscripciones-abiertas-a-martillero-y-corredor-publico-2025\/#primaryimage"},"thumbnailUrl":"https:\/\/www.fcejs.unsl.edu.ar\/wp-content\/uploads\/2025\/07\/PLACA-WEB-INICIO-CURSADA-MARTILLERO.jpg","articleSection":["Noticias"],"inLanguage":"es-AR"},{"@type":"WebPage","@id":"https:\/\/www.fcejs.unsl.edu.ar\/index.php\/preinscripciones-abiertas-a-martillero-y-corredor-publico-2025\/","url":"https:\/\/www.fcejs.unsl.edu.ar\/index.php\/preinscripciones-abiertas-a-martillero-y-corredor-publico-2025\/","name":"Preinscripciones abiertas a Martillero y Corredor P\u00fablico 2025 - Facultad de Ciencias Econ\u00f3micas, Jur\u00ed\u00addicas y Sociales","isPartOf":{"@id":"https:\/\/www.fcejs.unsl.edu.ar\/#website"},"primaryImageOfPage":{"@id":"https:\/\/www.fcejs.unsl.edu.ar\/index.php\/preinscripciones-abiertas-a-martillero-y-corredor-publico-2025\/#primaryimage"},"image":{"@id":"https:\/\/www.fcejs.unsl.edu.ar\/index.php\/preinscripciones-abiertas-a-martillero-y-corredor-publico-2025\/#primaryimage"},"thumbnailUrl":"https:\/\/www.fcejs.unsl.edu.ar\/wp-content\/uploads\/2025\/07\/PLACA-WEB-INICIO-CURSADA-MARTILLERO.jpg","datePublished":"2025-07-29T04:12:42+00:00","dateModified":"2025-08-07T12:26:45+00:00","breadcrumb":{"@id":"https:\/\/www.fcejs.unsl.edu.ar\/index.php\/preinscripciones-abiertas-a-martillero-y-corredor-publico-2025\/#breadcrumb"},"inLanguage":"es-AR","potentialAction":[{"@type":"ReadAction","target":["https:\/\/www.fcejs.unsl.edu.ar\/index.php\/preinscripciones-abiertas-a-martillero-y-corredor-publico-2025\/"]}]},{"@type":"ImageObject","inLanguage":"es-AR","@id":"https:\/\/www.fcejs.unsl.edu.ar\/index.php\/preinscripciones-abiertas-a-martillero-y-corredor-publico-2025\/#primaryimage","url":"https:\/\/www.fcejs.unsl.edu.ar\/wp-content\/uploads\/2025\/07\/PLACA-WEB-INICIO-CURSADA-MARTILLERO.jpg","contentUrl":"https:\/\/www.fcejs.unsl.edu.ar\/wp-content\/uploads\/2025\/07\/PLACA-WEB-INICIO-CURSADA-MARTILLERO.jpg","width":1152,"height":648},{"@type":"BreadcrumbList","@id":"https:\/\/www.fcejs.unsl.edu.ar\/index.php\/preinscripciones-abiertas-a-martillero-y-corredor-publico-2025\/#breadcrumb","itemListElement":[{"@type":"ListItem","position":1,"name":"Inicio","item":"https:\/\/www.fcejs.unsl.edu.ar\/"},{"@type":"ListItem","position":2,"name":"Preinscripciones abiertas a Martillero y Corredor P\u00fablico 2025"}]},{"@type":"WebSite","@id":"https:\/\/www.fcejs.unsl.edu.ar\/#website","url":"https:\/\/www.fcejs.unsl.edu.ar\/","name":"Facultad de Ciencias Econ\u00f3micas, Jur\u00ed\u00addicas y Sociales","description":"","publisher":{"@id":"https:\/\/www.fcejs.unsl.edu.ar\/#organization"},"potentialAction":[{"@type":"SearchAction","target":{"@type":"EntryPoint","urlTemplate":"https:\/\/www.fcejs.unsl.edu.ar\/?s={search_term_string}"},"query-input":{"@type":"PropertyValueSpecification","valueRequired":true,"valueName":"search_term_string"}}],"inLanguage":"es-AR"},{"@type":"Organization","@id":"https:\/\/www.fcejs.unsl.edu.ar\/#organization","name":"Facultad de Ciencias Econ\u00f3micas, Jur\u00eddicas y Sociales","url":"https:\/\/www.fcejs.unsl.edu.ar\/","logo":{"@type":"ImageObject","inLanguage":"es-AR","@id":"https:\/\/www.fcejs.unsl.edu.ar\/#\/schema\/logo\/image\/","url":"https:\/\/www.fcejs.unsl.edu.ar\/wp-content\/uploads\/2021\/03\/logo-1.jpg","contentUrl":"https:\/\/www.fcejs.unsl.edu.ar\/wp-content\/uploads\/2021\/03\/logo-1.jpg","width":471,"height":146,"caption":"Facultad de Ciencias Econ\u00f3micas, Jur\u00eddicas y Sociales"},"image":{"@id":"https:\/\/www.fcejs.unsl.edu.ar\/#\/schema\/logo\/image\/"},"sameAs":["https:\/\/www.facebook.com\/FCEJS.UNSL\/","https:\/\/x.com\/FCEJSUNSL","https:\/\/www.instagram.com\/fcejs.unsl\/","https:\/\/www.youtube.com\/channel\/UCH-Ut6EaN_X5ogjIQMPe46g\/"]},{"@type":"Person","@id":"https:\/\/www.fcejs.unsl.edu.ar\/#\/schema\/person\/352ee6ed90c3f394c7cb5945f8956d34","name":"DATI"}]}},"jetpack_featured_media_url":"https:\/\/www.fcejs.unsl.edu.ar\/wp-content\/uploads\/2025\/07\/PLACA-WEB-INICIO-CURSADA-MARTILLERO.jpg","_links":{"self":[{"href":"https:\/\/www.fcejs.unsl.edu.ar\/index.php\/wp-json\/wp\/v2\/posts\/20735","targetHints":{"allow":["GET"]}}],"collection":[{"href":"https:\/\/www.fcejs.unsl.edu.ar\/index.php\/wp-json\/wp\/v2\/posts"}],"about":[{"href":"https:\/\/www.fcejs.unsl.edu.ar\/index.php\/wp-json\/wp\/v2\/types\/post"}],"author":[{"embeddable":true,"href":"https:\/\/www.fcejs.unsl.edu.ar\/index.php\/wp-json\/wp\/v2\/users\/9"}],"replies":[{"embeddable":true,"href":"https:\/\/www.fcejs.unsl.edu.ar\/index.php\/wp-json\/wp\/v2\/comments?post=20735"}],"version-history":[{"count":4,"href":"https:\/\/www.fcejs.unsl.edu.ar\/index.php\/wp-json\/wp\/v2\/posts\/20735\/revisions"}],"predecessor-version":[{"id":21076,"href":"https:\/\/www.fcejs.unsl.edu.ar\/index.php\/wp-json\/wp\/v2\/posts\/20735\/revisions\/21076"}],"wp:featuredmedia":[{"embeddable":true,"href":"https:\/\/www.fcejs.unsl.edu.ar\/index.php\/wp-json\/wp\/v2\/media\/21074"}],"wp:attachment":[{"href":"https:\/\/www.fcejs.unsl.edu.ar\/index.php\/wp-json\/wp\/v2\/media?parent=20735"}],"wp:term":[{"taxonomy":"category","embeddable":true,"href":"https:\/\/www.fcejs.unsl.edu.ar\/index.php\/wp-json\/wp\/v2\/categories?post=20735"},{"taxonomy":"post_tag","embeddable":true,"href":"https:\/\/www.fcejs.unsl.edu.ar\/index.php\/wp-json\/wp\/v2\/tags?post=20735"}],"curies":[{"name":"wp","href":"https:\/\/api.w.org\/{rel}","templated":true}]}}