{"id":20595,"date":"2025-08-05T23:20:17","date_gmt":"2025-08-06T02:20:17","guid":{"rendered":"http:\/\/10.101.10.197\/www\/?p=20595"},"modified":"2025-08-29T08:43:00","modified_gmt":"2025-08-29T11:43:00","slug":"7-de-agosto-jornada-de-divulgacion-sobre-docencia-investigacion-y-extension-en-la-fcejs","status":"publish","type":"post","link":"https:\/\/www.fcejs.unsl.edu.ar\/index.php\/7-de-agosto-jornada-de-divulgacion-sobre-docencia-investigacion-y-extension-en-la-fcejs\/","title":{"rendered":"La jornada de divulgaci\u00f3n sobre &#8220;Docencia, Investigaci\u00f3n y Extensi\u00f3n en la FCEJS\u201d se realizar\u00e1 el 14 de agosto"},"content":{"rendered":"<p>La FCEJS comunica que la \u201c<strong>Jornada de Divulgaci\u00f3n sobre Docencia, Investigaci\u00f3n y Extensi\u00f3n en la FCEJS<\/strong>\u201d ha sido reprogramada para el<strong> 14 de agosto de 2025,<\/strong> a partir de las <strong>16:00 horas, en el Campus Universitario de la UNSL en Villa Mercedes.<\/strong><\/p>\n<p>Se invita a toda la comunidad universitaria a participar de esta jornada, que es <strong>organizada de manera conjunta por la Secretar\u00eda Acad\u00e9mica, la Secretar\u00eda de Extensi\u00f3n Universitaria y la Secretar\u00eda de Investigaci\u00f3n y Posgrado de la Facultad de Ciencias Econ\u00f3micas, Jur\u00eddicas y Sociales, junto con el Instituto Escuela de Econom\u00eda, Negocios y Transferencia Tecnol\u00f3gica.<\/strong><\/p>\n<p>La jornada tiene como prop\u00f3sito generar un espacio de intercambio sobre las pr\u00e1cticas de docencia, investigaci\u00f3n y extensi\u00f3n dentro de la comunidad universitaria, con el objetivo de fortalecer su desarrollo y articulaci\u00f3n.<\/p>\n<p>Ser\u00e1 un \u00e1mbito para visibilizar, compartir y potenciar las pr\u00e1cticas acad\u00e9micas de los y las docentes de la FCEJS, adem\u00e1s de una oportunidad para consolidar v\u00ednculos y crecer colectivamente como comunidad acad\u00e9mica. Se espera que este sea el primero de muchos encuentros que contribuyan a construir una universidad comprometida con el conocimiento y su impacto transformador en la sociedad.<\/p>\n<p data-start=\"1491\" data-end=\"1725\"><strong data-start=\"1491\" data-end=\"1515\">Inscripci\u00f3n general:<\/strong><br data-start=\"1515\" data-end=\"1518\" \/>Las personas interesadas en participar deben inscribirse previamente completando el formulario disponible en el siguiente enlace:<\/p>\n<h3 style=\"text-align: center;\" data-start=\"1491\" data-end=\"1725\"><br data-start=\"1647\" data-end=\"1650\" \/><span style=\"color: #0000ff;\">\ud83d\udc49 <a class=\"\" style=\"color: #0000ff;\" href=\"https:\/\/forms.gle\/Hzoq4cD1Kfm35cVZ7\" target=\"_blank\" rel=\"noopener\" data-start=\"1653\" data-end=\"1725\">FORMULARIO DE INSCRIPCI\u00d3N <\/a><\/span><\/h3>\n<h3 data-start=\"1732\" data-end=\"1805\"><strong data-start=\"1739\" data-end=\"1805\">Presentaci\u00f3n de trabajos y participaci\u00f3n en mesas de discusi\u00f3n<\/strong><\/h3>\n<p data-start=\"1807\" data-end=\"2121\">Quienes deseen participar con <strong data-start=\"1837\" data-end=\"1849\">trabajos<\/strong> o en <strong data-start=\"1855\" data-end=\"1877\">mesas de discusi\u00f3n<\/strong> deber\u00e1n presentar un <strong data-start=\"1899\" data-end=\"1928\">resumen ampliado original<\/strong> sobre pr\u00e1cticas de docencia, investigaci\u00f3n y\/o extensi\u00f3n. En el mismo, los\/as autores\/as deber\u00e1n desarrollar una experiencia, presentar resultados parciales y\/o analizar una pr\u00e1ctica concreta.<\/p>\n<p data-start=\"2123\" data-end=\"2148\"><strong data-start=\"2123\" data-end=\"2148\">Detalles del trabajo:<\/strong><\/p>\n<ul data-start=\"2149\" data-end=\"2637\">\n<li data-start=\"2149\" data-end=\"2186\">\n<p data-start=\"2151\" data-end=\"2186\">M\u00e1ximo tres autores\/as por trabajo.<\/p>\n<\/li>\n<li data-start=\"2187\" data-end=\"2221\">\n<p data-start=\"2189\" data-end=\"2221\">Extensi\u00f3n m\u00e1xima: 1200 palabras.<\/p>\n<\/li>\n<li data-start=\"2222\" data-end=\"2360\">\n<p data-start=\"2224\" data-end=\"2360\">Debe incluir: t\u00edtulo, eje tem\u00e1tico (docencia, extensi\u00f3n o investigaci\u00f3n), desarrollo (texto argumentativo con an\u00e1lisis), y bibliograf\u00eda.<\/p>\n<\/li>\n<li data-start=\"2361\" data-end=\"2507\">\n<p data-start=\"2363\" data-end=\"2507\">Formato de env\u00edo: archivo PDF a trav\u00e9s del siguiente formulario \ud83d\udc49 <a class=\"\" href=\"https:\/\/forms.gle\/5nbeozhTve8XHHXj7\" target=\"_new\" rel=\"noopener\" data-start=\"2430\" data-end=\"2507\">Formulario de presentaci\u00f3n de trabajos<\/a><\/p>\n<\/li>\n<li data-start=\"2508\" data-end=\"2556\">\n<p data-start=\"2510\" data-end=\"2556\"><strong data-start=\"2510\" data-end=\"2543\">Fecha l\u00edmite de presentaci\u00f3n:<\/strong> <span style=\"color: #ff0000;\"><strong>21 de julio.<\/strong><\/span><\/p>\n<\/li>\n<li data-start=\"2557\" data-end=\"2637\">\n<p data-start=\"2559\" data-end=\"2637\">Si el trabajo es realizado por m\u00e1s de una persona, solo debe enviarse una vez.<\/p>\n<\/li>\n<\/ul>\n<p data-start=\"2639\" data-end=\"2814\"><strong data-start=\"2639\" data-end=\"2661\">Durante la jornada<\/strong>, los trabajos ser\u00e1n expuestos en mesas de discusi\u00f3n organizadas seg\u00fan su eje tem\u00e1tico. Cada presentaci\u00f3n contar\u00e1 con un tiempo m\u00e1ximo de <strong data-start=\"2799\" data-end=\"2813\">20 minutos<\/strong>.<\/p>\n<p data-start=\"2816\" data-end=\"3046\">Los res\u00famenes expuestos podr\u00e1n ser publicados en una <strong data-start=\"2869\" data-end=\"2922\">edici\u00f3n especial de la Revista Digital \u201cVisiones\u201d<\/strong>, del Instituto Escuela de Econom\u00eda, Negocios y Transferencia Tecnol\u00f3gica, previa evaluaci\u00f3n por parte del comit\u00e9 editorial.<\/p>\n<h3 data-start=\"3053\" data-end=\"3111\"><strong data-start=\"3060\" data-end=\"3111\">Ejes tem\u00e1ticos para la presentaci\u00f3n de trabajos<\/strong><\/h3>\n<p data-start=\"3113\" data-end=\"3465\"><strong data-start=\"3113\" data-end=\"3125\">DOCENCIA<\/strong><br data-start=\"3125\" data-end=\"3128\" \/>Se invita a presentar experiencias concretas desarrolladas en el aula relacionadas con planificaci\u00f3n, evaluaci\u00f3n, estrategias de ense\u00f1anza, uso de TIC, articulaci\u00f3n de contenidos, entre otros aspectos. Se valorar\u00e1 la reflexi\u00f3n cr\u00edtica sobre fortalezas, desaf\u00edos y aprendizajes.<\/p>\n<ul>\n<li data-start=\"3113\" data-end=\"3465\">Descargar Modelo de presentaci\u00f3n: <em data-start=\"3435\" data-end=\"3465\">Trabajo<strong><span style=\"color: #0000ff;\"> &#8211;<a style=\"color: #0000ff;\" href=\"https:\/\/docs.google.com\/document\/d\/1mJceoe7wJgP3tCeGB7wF7-8vDiSRYd_s\/edit?usp=sharing&amp;ouid=107523585826891146336&amp;rtpof=true&amp;sd=true\" target=\"_blank\" rel=\"noopener\"> EJE: DOCENCIA.docx<\/a><\/span><\/strong><\/em><\/li>\n<\/ul>\n<p data-start=\"3467\" data-end=\"3791\"><strong data-start=\"3467\" data-end=\"3484\">INVESTIGACI\u00d3N<\/strong><br data-start=\"3484\" data-end=\"3487\" \/>Se invita a presentar avances o resultados de proyectos de investigaci\u00f3n institucionales, an\u00e1lisis metodol\u00f3gicos o estrategias investigativas, con \u00e9nfasis en innovaciones, abordajes interdisciplinarios o articulaciones con otras funciones.<\/p>\n<ul>\n<li data-start=\"3467\" data-end=\"3791\">Descargar Modelo de presentaci\u00f3n: <em data-start=\"3756\" data-end=\"3791\">Trabajo <strong><span style=\"color: #0000ff;\">&#8211; <a style=\"color: #0000ff;\" href=\"https:\/\/docs.google.com\/document\/d\/1gtewcAbn24JJ0J73laIDomPJYbH_joyy\/edit?usp=sharing&amp;ouid=107523585826891146336&amp;rtpof=true&amp;sd=true\" target=\"_blank\" rel=\"noopener\">EJE: INVESTIGACI\u00d3N.docx<\/a><\/span><\/strong><\/em><\/li>\n<\/ul>\n<p data-start=\"3793\" data-end=\"4134\"><strong data-start=\"3793\" data-end=\"3806\">EXTENSI\u00d3N<\/strong><br data-start=\"3806\" data-end=\"3809\" \/>Se invita a compartir experiencias de proyectos o pr\u00e1cticas extensionistas, resultados obtenidos, an\u00e1lisis metodol\u00f3gicos, v\u00ednculos con actores territoriales e impactos sociales. Se valorar\u00e1 el enfoque situado y el compromiso con problem\u00e1ticas locales y regionales.<\/p>\n<ul>\n<li data-start=\"3793\" data-end=\"4134\">Descargar Modelo de presentaci\u00f3n: <em data-start=\"4103\" data-end=\"4134\">Trabajo<span style=\"color: #0000ff;\"><strong><a style=\"color: #0000ff;\" href=\"https:\/\/docs.google.com\/document\/d\/1QYqwNGX6E8_tlkdSyAdEdJxyy1JQTooo\/edit?usp=sharing&amp;ouid=107523585826891146336&amp;rtpof=true&amp;sd=true\" target=\"_blank\" rel=\"noopener\"> &#8211; EJE: EXTENSION.docx<\/a><\/strong><\/span><\/em><\/li>\n<\/ul>\n<p><img fetchpriority=\"high\" decoding=\"async\" class=\"aligncenter size-large wp-image-21037\" src=\"https:\/\/www.fcejs.unsl.edu.ar\/wp-content\/uploads\/2025\/07\/Jornada-FCEJS--819x1024.jpeg\" alt=\"\" width=\"819\" height=\"1024\" srcset=\"https:\/\/www.fcejs.unsl.edu.ar\/wp-content\/uploads\/2025\/07\/Jornada-FCEJS--819x1024.jpeg 819w, https:\/\/www.fcejs.unsl.edu.ar\/wp-content\/uploads\/2025\/07\/Jornada-FCEJS--240x300.jpeg 240w, https:\/\/www.fcejs.unsl.edu.ar\/wp-content\/uploads\/2025\/07\/Jornada-FCEJS--768x960.jpeg 768w, https:\/\/www.fcejs.unsl.edu.ar\/wp-content\/uploads\/2025\/07\/Jornada-FCEJS-.jpeg 1024w\" sizes=\"(max-width: 819px) 100vw, 819px\" \/><\/p>\n","protected":false},"excerpt":{"rendered":"<p>La FCEJS comunica que la \u201cJornada de Divulgaci\u00f3n sobre Docencia, Investigaci\u00f3n y Extensi\u00f3n en la FCEJS\u201d ha sido reprogramada para el 14 de agosto de&hellip;<\/p>\n","protected":false},"author":9,"featured_media":21039,"comment_status":"closed","ping_status":"closed","sticky":false,"template":"","format":"standard","meta":{"om_disable_all_campaigns":false,"_monsterinsights_skip_tracking":false,"_monsterinsights_sitenote_active":false,"_monsterinsights_sitenote_note":"","_monsterinsights_sitenote_category":0,"footnotes":""},"categories":[1],"tags":[],"class_list":["post-20595","post","type-post","status-publish","format-standard","has-post-thumbnail","hentry","category-noticias"],"yoast_head":"<!-- This site is optimized with the Yoast SEO plugin v27.5 - https:\/\/yoast.com\/product\/yoast-seo-wordpress\/ -->\n<title>La jornada de divulgaci\u00f3n sobre &quot;Docencia, Investigaci\u00f3n y Extensi\u00f3n en la FCEJS\u201d se realizar\u00e1 el 14 de agosto - Facultad de Ciencias Econ\u00f3micas, Jur\u00ed\u00addicas y Sociales<\/title>\n<meta name=\"robots\" content=\"index, follow, max-snippet:-1, max-image-preview:large, max-video-preview:-1\" \/>\n<link rel=\"canonical\" href=\"https:\/\/www.fcejs.unsl.edu.ar\/index.php\/7-de-agosto-jornada-de-divulgacion-sobre-docencia-investigacion-y-extension-en-la-fcejs\/\" \/>\n<meta property=\"og:locale\" content=\"es_ES\" \/>\n<meta property=\"og:type\" content=\"article\" \/>\n<meta property=\"og:title\" content=\"La jornada de divulgaci\u00f3n sobre &quot;Docencia, Investigaci\u00f3n y Extensi\u00f3n en la FCEJS\u201d se realizar\u00e1 el 14 de agosto - Facultad de Ciencias Econ\u00f3micas, Jur\u00ed\u00addicas y Sociales\" \/>\n<meta property=\"og:description\" content=\"La FCEJS comunica que la \u201cJornada de Divulgaci\u00f3n sobre Docencia, Investigaci\u00f3n y Extensi\u00f3n en la FCEJS\u201d ha sido reprogramada para el 14 de agosto de&hellip;\" \/>\n<meta property=\"og:url\" content=\"https:\/\/www.fcejs.unsl.edu.ar\/index.php\/7-de-agosto-jornada-de-divulgacion-sobre-docencia-investigacion-y-extension-en-la-fcejs\/\" \/>\n<meta property=\"og:site_name\" content=\"Facultad de Ciencias Econ\u00f3micas, Jur\u00ed\u00addicas y Sociales\" \/>\n<meta property=\"article:publisher\" content=\"https:\/\/www.facebook.com\/FCEJS.UNSL\/\" \/>\n<meta property=\"article:published_time\" content=\"2025-08-06T02:20:17+00:00\" \/>\n<meta property=\"article:modified_time\" content=\"2025-08-29T11:43:00+00:00\" \/>\n<meta property=\"og:image\" content=\"https:\/\/www.fcejs.unsl.edu.ar\/wp-content\/uploads\/2025\/07\/jornada-divulgacion-03-front.jpg\" \/>\n\t<meta property=\"og:image:width\" content=\"1152\" \/>\n\t<meta property=\"og:image:height\" content=\"648\" \/>\n\t<meta property=\"og:image:type\" content=\"image\/jpeg\" \/>\n<meta name=\"author\" content=\"DATI\" \/>\n<meta name=\"twitter:card\" content=\"summary_large_image\" \/>\n<meta name=\"twitter:creator\" content=\"@FCEJSUNSL\" \/>\n<meta name=\"twitter:site\" content=\"@FCEJSUNSL\" \/>\n<meta name=\"twitter:label1\" content=\"Escrito por\" \/>\n\t<meta name=\"twitter:data1\" content=\"DATI\" \/>\n\t<meta name=\"twitter:label2\" content=\"Tiempo de lectura\" \/>\n\t<meta name=\"twitter:data2\" content=\"3 minutos\" \/>\n<script type=\"application\/ld+json\" class=\"yoast-schema-graph\">{\"@context\":\"https:\\\/\\\/schema.org\",\"@graph\":[{\"@type\":\"Article\",\"@id\":\"https:\\\/\\\/www.fcejs.unsl.edu.ar\\\/index.php\\\/7-de-agosto-jornada-de-divulgacion-sobre-docencia-investigacion-y-extension-en-la-fcejs\\\/#article\",\"isPartOf\":{\"@id\":\"https:\\\/\\\/www.fcejs.unsl.edu.ar\\\/index.php\\\/7-de-agosto-jornada-de-divulgacion-sobre-docencia-investigacion-y-extension-en-la-fcejs\\\/\"},\"author\":{\"name\":\"DATI\",\"@id\":\"https:\\\/\\\/www.fcejs.unsl.edu.ar\\\/#\\\/schema\\\/person\\\/352ee6ed90c3f394c7cb5945f8956d34\"},\"headline\":\"La jornada de divulgaci\u00f3n sobre &#8220;Docencia, Investigaci\u00f3n y Extensi\u00f3n en la FCEJS\u201d se realizar\u00e1 el 14 de agosto\",\"datePublished\":\"2025-08-06T02:20:17+00:00\",\"dateModified\":\"2025-08-29T11:43:00+00:00\",\"mainEntityOfPage\":{\"@id\":\"https:\\\/\\\/www.fcejs.unsl.edu.ar\\\/index.php\\\/7-de-agosto-jornada-de-divulgacion-sobre-docencia-investigacion-y-extension-en-la-fcejs\\\/\"},\"wordCount\":618,\"publisher\":{\"@id\":\"https:\\\/\\\/www.fcejs.unsl.edu.ar\\\/#organization\"},\"image\":{\"@id\":\"https:\\\/\\\/www.fcejs.unsl.edu.ar\\\/index.php\\\/7-de-agosto-jornada-de-divulgacion-sobre-docencia-investigacion-y-extension-en-la-fcejs\\\/#primaryimage\"},\"thumbnailUrl\":\"https:\\\/\\\/www.fcejs.unsl.edu.ar\\\/wp-content\\\/uploads\\\/2025\\\/07\\\/jornada-divulgacion-03-front.jpg\",\"articleSection\":[\"Noticias\"],\"inLanguage\":\"es-AR\"},{\"@type\":\"WebPage\",\"@id\":\"https:\\\/\\\/www.fcejs.unsl.edu.ar\\\/index.php\\\/7-de-agosto-jornada-de-divulgacion-sobre-docencia-investigacion-y-extension-en-la-fcejs\\\/\",\"url\":\"https:\\\/\\\/www.fcejs.unsl.edu.ar\\\/index.php\\\/7-de-agosto-jornada-de-divulgacion-sobre-docencia-investigacion-y-extension-en-la-fcejs\\\/\",\"name\":\"La jornada de divulgaci\u00f3n sobre \\\"Docencia, Investigaci\u00f3n y Extensi\u00f3n en la FCEJS\u201d se realizar\u00e1 el 14 de agosto - Facultad de Ciencias Econ\u00f3micas, Jur\u00ed\u00addicas y Sociales\",\"isPartOf\":{\"@id\":\"https:\\\/\\\/www.fcejs.unsl.edu.ar\\\/#website\"},\"primaryImageOfPage\":{\"@id\":\"https:\\\/\\\/www.fcejs.unsl.edu.ar\\\/index.php\\\/7-de-agosto-jornada-de-divulgacion-sobre-docencia-investigacion-y-extension-en-la-fcejs\\\/#primaryimage\"},\"image\":{\"@id\":\"https:\\\/\\\/www.fcejs.unsl.edu.ar\\\/index.php\\\/7-de-agosto-jornada-de-divulgacion-sobre-docencia-investigacion-y-extension-en-la-fcejs\\\/#primaryimage\"},\"thumbnailUrl\":\"https:\\\/\\\/www.fcejs.unsl.edu.ar\\\/wp-content\\\/uploads\\\/2025\\\/07\\\/jornada-divulgacion-03-front.jpg\",\"datePublished\":\"2025-08-06T02:20:17+00:00\",\"dateModified\":\"2025-08-29T11:43:00+00:00\",\"breadcrumb\":{\"@id\":\"https:\\\/\\\/www.fcejs.unsl.edu.ar\\\/index.php\\\/7-de-agosto-jornada-de-divulgacion-sobre-docencia-investigacion-y-extension-en-la-fcejs\\\/#breadcrumb\"},\"inLanguage\":\"es-AR\",\"potentialAction\":[{\"@type\":\"ReadAction\",\"target\":[\"https:\\\/\\\/www.fcejs.unsl.edu.ar\\\/index.php\\\/7-de-agosto-jornada-de-divulgacion-sobre-docencia-investigacion-y-extension-en-la-fcejs\\\/\"]}]},{\"@type\":\"ImageObject\",\"inLanguage\":\"es-AR\",\"@id\":\"https:\\\/\\\/www.fcejs.unsl.edu.ar\\\/index.php\\\/7-de-agosto-jornada-de-divulgacion-sobre-docencia-investigacion-y-extension-en-la-fcejs\\\/#primaryimage\",\"url\":\"https:\\\/\\\/www.fcejs.unsl.edu.ar\\\/wp-content\\\/uploads\\\/2025\\\/07\\\/jornada-divulgacion-03-front.jpg\",\"contentUrl\":\"https:\\\/\\\/www.fcejs.unsl.edu.ar\\\/wp-content\\\/uploads\\\/2025\\\/07\\\/jornada-divulgacion-03-front.jpg\",\"width\":1152,\"height\":648},{\"@type\":\"BreadcrumbList\",\"@id\":\"https:\\\/\\\/www.fcejs.unsl.edu.ar\\\/index.php\\\/7-de-agosto-jornada-de-divulgacion-sobre-docencia-investigacion-y-extension-en-la-fcejs\\\/#breadcrumb\",\"itemListElement\":[{\"@type\":\"ListItem\",\"position\":1,\"name\":\"Inicio\",\"item\":\"https:\\\/\\\/www.fcejs.unsl.edu.ar\\\/\"},{\"@type\":\"ListItem\",\"position\":2,\"name\":\"La jornada de divulgaci\u00f3n sobre &#8220;Docencia, Investigaci\u00f3n y Extensi\u00f3n en la FCEJS\u201d se realizar\u00e1 el 14 de agosto\"}]},{\"@type\":\"WebSite\",\"@id\":\"https:\\\/\\\/www.fcejs.unsl.edu.ar\\\/#website\",\"url\":\"https:\\\/\\\/www.fcejs.unsl.edu.ar\\\/\",\"name\":\"Facultad de Ciencias Econ\u00f3micas, Jur\u00ed\u00addicas y Sociales\",\"description\":\"\",\"publisher\":{\"@id\":\"https:\\\/\\\/www.fcejs.unsl.edu.ar\\\/#organization\"},\"potentialAction\":[{\"@type\":\"SearchAction\",\"target\":{\"@type\":\"EntryPoint\",\"urlTemplate\":\"https:\\\/\\\/www.fcejs.unsl.edu.ar\\\/?s={search_term_string}\"},\"query-input\":{\"@type\":\"PropertyValueSpecification\",\"valueRequired\":true,\"valueName\":\"search_term_string\"}}],\"inLanguage\":\"es-AR\"},{\"@type\":\"Organization\",\"@id\":\"https:\\\/\\\/www.fcejs.unsl.edu.ar\\\/#organization\",\"name\":\"Facultad de Ciencias Econ\u00f3micas, Jur\u00eddicas y Sociales\",\"url\":\"https:\\\/\\\/www.fcejs.unsl.edu.ar\\\/\",\"logo\":{\"@type\":\"ImageObject\",\"inLanguage\":\"es-AR\",\"@id\":\"https:\\\/\\\/www.fcejs.unsl.edu.ar\\\/#\\\/schema\\\/logo\\\/image\\\/\",\"url\":\"https:\\\/\\\/www.fcejs.unsl.edu.ar\\\/wp-content\\\/uploads\\\/2021\\\/03\\\/logo-1.jpg\",\"contentUrl\":\"https:\\\/\\\/www.fcejs.unsl.edu.ar\\\/wp-content\\\/uploads\\\/2021\\\/03\\\/logo-1.jpg\",\"width\":471,\"height\":146,\"caption\":\"Facultad de Ciencias Econ\u00f3micas, Jur\u00eddicas y Sociales\"},\"image\":{\"@id\":\"https:\\\/\\\/www.fcejs.unsl.edu.ar\\\/#\\\/schema\\\/logo\\\/image\\\/\"},\"sameAs\":[\"https:\\\/\\\/www.facebook.com\\\/FCEJS.UNSL\\\/\",\"https:\\\/\\\/x.com\\\/FCEJSUNSL\",\"https:\\\/\\\/www.instagram.com\\\/fcejs.unsl\\\/\",\"https:\\\/\\\/www.youtube.com\\\/channel\\\/UCH-Ut6EaN_X5ogjIQMPe46g\\\/\"]},{\"@type\":\"Person\",\"@id\":\"https:\\\/\\\/www.fcejs.unsl.edu.ar\\\/#\\\/schema\\\/person\\\/352ee6ed90c3f394c7cb5945f8956d34\",\"name\":\"DATI\"}]}<\/script>\n<!-- \/ Yoast SEO plugin. -->","yoast_head_json":{"title":"La jornada de divulgaci\u00f3n sobre \"Docencia, Investigaci\u00f3n y Extensi\u00f3n en la FCEJS\u201d se realizar\u00e1 el 14 de agosto - Facultad de Ciencias Econ\u00f3micas, Jur\u00ed\u00addicas y Sociales","robots":{"index":"index","follow":"follow","max-snippet":"max-snippet:-1","max-image-preview":"max-image-preview:large","max-video-preview":"max-video-preview:-1"},"canonical":"https:\/\/www.fcejs.unsl.edu.ar\/index.php\/7-de-agosto-jornada-de-divulgacion-sobre-docencia-investigacion-y-extension-en-la-fcejs\/","og_locale":"es_ES","og_type":"article","og_title":"La jornada de divulgaci\u00f3n sobre \"Docencia, Investigaci\u00f3n y Extensi\u00f3n en la FCEJS\u201d se realizar\u00e1 el 14 de agosto - Facultad de Ciencias Econ\u00f3micas, Jur\u00ed\u00addicas y Sociales","og_description":"La FCEJS comunica que la \u201cJornada de Divulgaci\u00f3n sobre Docencia, Investigaci\u00f3n y Extensi\u00f3n en la FCEJS\u201d ha sido reprogramada para el 14 de agosto de&hellip;","og_url":"https:\/\/www.fcejs.unsl.edu.ar\/index.php\/7-de-agosto-jornada-de-divulgacion-sobre-docencia-investigacion-y-extension-en-la-fcejs\/","og_site_name":"Facultad de Ciencias Econ\u00f3micas, Jur\u00ed\u00addicas y Sociales","article_publisher":"https:\/\/www.facebook.com\/FCEJS.UNSL\/","article_published_time":"2025-08-06T02:20:17+00:00","article_modified_time":"2025-08-29T11:43:00+00:00","og_image":[{"width":1152,"height":648,"url":"https:\/\/www.fcejs.unsl.edu.ar\/wp-content\/uploads\/2025\/07\/jornada-divulgacion-03-front.jpg","type":"image\/jpeg"}],"author":"DATI","twitter_card":"summary_large_image","twitter_creator":"@FCEJSUNSL","twitter_site":"@FCEJSUNSL","twitter_misc":{"Escrito por":"DATI","Tiempo de lectura":"3 minutos"},"schema":{"@context":"https:\/\/schema.org","@graph":[{"@type":"Article","@id":"https:\/\/www.fcejs.unsl.edu.ar\/index.php\/7-de-agosto-jornada-de-divulgacion-sobre-docencia-investigacion-y-extension-en-la-fcejs\/#article","isPartOf":{"@id":"https:\/\/www.fcejs.unsl.edu.ar\/index.php\/7-de-agosto-jornada-de-divulgacion-sobre-docencia-investigacion-y-extension-en-la-fcejs\/"},"author":{"name":"DATI","@id":"https:\/\/www.fcejs.unsl.edu.ar\/#\/schema\/person\/352ee6ed90c3f394c7cb5945f8956d34"},"headline":"La jornada de divulgaci\u00f3n sobre &#8220;Docencia, Investigaci\u00f3n y Extensi\u00f3n en la FCEJS\u201d se realizar\u00e1 el 14 de agosto","datePublished":"2025-08-06T02:20:17+00:00","dateModified":"2025-08-29T11:43:00+00:00","mainEntityOfPage":{"@id":"https:\/\/www.fcejs.unsl.edu.ar\/index.php\/7-de-agosto-jornada-de-divulgacion-sobre-docencia-investigacion-y-extension-en-la-fcejs\/"},"wordCount":618,"publisher":{"@id":"https:\/\/www.fcejs.unsl.edu.ar\/#organization"},"image":{"@id":"https:\/\/www.fcejs.unsl.edu.ar\/index.php\/7-de-agosto-jornada-de-divulgacion-sobre-docencia-investigacion-y-extension-en-la-fcejs\/#primaryimage"},"thumbnailUrl":"https:\/\/www.fcejs.unsl.edu.ar\/wp-content\/uploads\/2025\/07\/jornada-divulgacion-03-front.jpg","articleSection":["Noticias"],"inLanguage":"es-AR"},{"@type":"WebPage","@id":"https:\/\/www.fcejs.unsl.edu.ar\/index.php\/7-de-agosto-jornada-de-divulgacion-sobre-docencia-investigacion-y-extension-en-la-fcejs\/","url":"https:\/\/www.fcejs.unsl.edu.ar\/index.php\/7-de-agosto-jornada-de-divulgacion-sobre-docencia-investigacion-y-extension-en-la-fcejs\/","name":"La jornada de divulgaci\u00f3n sobre \"Docencia, Investigaci\u00f3n y Extensi\u00f3n en la FCEJS\u201d se realizar\u00e1 el 14 de agosto - Facultad de Ciencias Econ\u00f3micas, Jur\u00ed\u00addicas y Sociales","isPartOf":{"@id":"https:\/\/www.fcejs.unsl.edu.ar\/#website"},"primaryImageOfPage":{"@id":"https:\/\/www.fcejs.unsl.edu.ar\/index.php\/7-de-agosto-jornada-de-divulgacion-sobre-docencia-investigacion-y-extension-en-la-fcejs\/#primaryimage"},"image":{"@id":"https:\/\/www.fcejs.unsl.edu.ar\/index.php\/7-de-agosto-jornada-de-divulgacion-sobre-docencia-investigacion-y-extension-en-la-fcejs\/#primaryimage"},"thumbnailUrl":"https:\/\/www.fcejs.unsl.edu.ar\/wp-content\/uploads\/2025\/07\/jornada-divulgacion-03-front.jpg","datePublished":"2025-08-06T02:20:17+00:00","dateModified":"2025-08-29T11:43:00+00:00","breadcrumb":{"@id":"https:\/\/www.fcejs.unsl.edu.ar\/index.php\/7-de-agosto-jornada-de-divulgacion-sobre-docencia-investigacion-y-extension-en-la-fcejs\/#breadcrumb"},"inLanguage":"es-AR","potentialAction":[{"@type":"ReadAction","target":["https:\/\/www.fcejs.unsl.edu.ar\/index.php\/7-de-agosto-jornada-de-divulgacion-sobre-docencia-investigacion-y-extension-en-la-fcejs\/"]}]},{"@type":"ImageObject","inLanguage":"es-AR","@id":"https:\/\/www.fcejs.unsl.edu.ar\/index.php\/7-de-agosto-jornada-de-divulgacion-sobre-docencia-investigacion-y-extension-en-la-fcejs\/#primaryimage","url":"https:\/\/www.fcejs.unsl.edu.ar\/wp-content\/uploads\/2025\/07\/jornada-divulgacion-03-front.jpg","contentUrl":"https:\/\/www.fcejs.unsl.edu.ar\/wp-content\/uploads\/2025\/07\/jornada-divulgacion-03-front.jpg","width":1152,"height":648},{"@type":"BreadcrumbList","@id":"https:\/\/www.fcejs.unsl.edu.ar\/index.php\/7-de-agosto-jornada-de-divulgacion-sobre-docencia-investigacion-y-extension-en-la-fcejs\/#breadcrumb","itemListElement":[{"@type":"ListItem","position":1,"name":"Inicio","item":"https:\/\/www.fcejs.unsl.edu.ar\/"},{"@type":"ListItem","position":2,"name":"La jornada de divulgaci\u00f3n sobre &#8220;Docencia, Investigaci\u00f3n y Extensi\u00f3n en la FCEJS\u201d se realizar\u00e1 el 14 de agosto"}]},{"@type":"WebSite","@id":"https:\/\/www.fcejs.unsl.edu.ar\/#website","url":"https:\/\/www.fcejs.unsl.edu.ar\/","name":"Facultad de Ciencias Econ\u00f3micas, Jur\u00ed\u00addicas y Sociales","description":"","publisher":{"@id":"https:\/\/www.fcejs.unsl.edu.ar\/#organization"},"potentialAction":[{"@type":"SearchAction","target":{"@type":"EntryPoint","urlTemplate":"https:\/\/www.fcejs.unsl.edu.ar\/?s={search_term_string}"},"query-input":{"@type":"PropertyValueSpecification","valueRequired":true,"valueName":"search_term_string"}}],"inLanguage":"es-AR"},{"@type":"Organization","@id":"https:\/\/www.fcejs.unsl.edu.ar\/#organization","name":"Facultad de Ciencias Econ\u00f3micas, Jur\u00eddicas y Sociales","url":"https:\/\/www.fcejs.unsl.edu.ar\/","logo":{"@type":"ImageObject","inLanguage":"es-AR","@id":"https:\/\/www.fcejs.unsl.edu.ar\/#\/schema\/logo\/image\/","url":"https:\/\/www.fcejs.unsl.edu.ar\/wp-content\/uploads\/2021\/03\/logo-1.jpg","contentUrl":"https:\/\/www.fcejs.unsl.edu.ar\/wp-content\/uploads\/2021\/03\/logo-1.jpg","width":471,"height":146,"caption":"Facultad de Ciencias Econ\u00f3micas, Jur\u00eddicas y Sociales"},"image":{"@id":"https:\/\/www.fcejs.unsl.edu.ar\/#\/schema\/logo\/image\/"},"sameAs":["https:\/\/www.facebook.com\/FCEJS.UNSL\/","https:\/\/x.com\/FCEJSUNSL","https:\/\/www.instagram.com\/fcejs.unsl\/","https:\/\/www.youtube.com\/channel\/UCH-Ut6EaN_X5ogjIQMPe46g\/"]},{"@type":"Person","@id":"https:\/\/www.fcejs.unsl.edu.ar\/#\/schema\/person\/352ee6ed90c3f394c7cb5945f8956d34","name":"DATI"}]}},"jetpack_featured_media_url":"https:\/\/www.fcejs.unsl.edu.ar\/wp-content\/uploads\/2025\/07\/jornada-divulgacion-03-front.jpg","_links":{"self":[{"href":"https:\/\/www.fcejs.unsl.edu.ar\/index.php\/wp-json\/wp\/v2\/posts\/20595","targetHints":{"allow":["GET"]}}],"collection":[{"href":"https:\/\/www.fcejs.unsl.edu.ar\/index.php\/wp-json\/wp\/v2\/posts"}],"about":[{"href":"https:\/\/www.fcejs.unsl.edu.ar\/index.php\/wp-json\/wp\/v2\/types\/post"}],"author":[{"embeddable":true,"href":"https:\/\/www.fcejs.unsl.edu.ar\/index.php\/wp-json\/wp\/v2\/users\/9"}],"replies":[{"embeddable":true,"href":"https:\/\/www.fcejs.unsl.edu.ar\/index.php\/wp-json\/wp\/v2\/comments?post=20595"}],"version-history":[{"count":11,"href":"https:\/\/www.fcejs.unsl.edu.ar\/index.php\/wp-json\/wp\/v2\/posts\/20595\/revisions"}],"predecessor-version":[{"id":21038,"href":"https:\/\/www.fcejs.unsl.edu.ar\/index.php\/wp-json\/wp\/v2\/posts\/20595\/revisions\/21038"}],"wp:featuredmedia":[{"embeddable":true,"href":"https:\/\/www.fcejs.unsl.edu.ar\/index.php\/wp-json\/wp\/v2\/media\/21039"}],"wp:attachment":[{"href":"https:\/\/www.fcejs.unsl.edu.ar\/index.php\/wp-json\/wp\/v2\/media?parent=20595"}],"wp:term":[{"taxonomy":"category","embeddable":true,"href":"https:\/\/www.fcejs.unsl.edu.ar\/index.php\/wp-json\/wp\/v2\/categories?post=20595"},{"taxonomy":"post_tag","embeddable":true,"href":"https:\/\/www.fcejs.unsl.edu.ar\/index.php\/wp-json\/wp\/v2\/tags?post=20595"}],"curies":[{"name":"wp","href":"https:\/\/api.w.org\/{rel}","templated":true}]}}