{"id":2013,"date":"2021-03-15T13:22:59","date_gmt":"2021-03-15T16:22:59","guid":{"rendered":"http:\/\/10.101.10.197\/www\/?p=2013"},"modified":"2021-06-08T12:29:01","modified_gmt":"2021-06-08T15:29:01","slug":"primer-conversatorio-del-programa-de-extension-universitaria-universidad-y-discapacidad","status":"publish","type":"post","link":"https:\/\/www.fcejs.unsl.edu.ar\/index.php\/primer-conversatorio-del-programa-de-extension-universitaria-universidad-y-discapacidad\/","title":{"rendered":"Primer conversatorio del Programa de Extensi\u00f3n Universitaria: Universidad y Discapacidad"},"content":{"rendered":"<p>La Secretar\u00eda de Extensi\u00f3n Universitaria de la UNSL informa que el pasado viernes 19 de febrero de 2021, se realiz\u00f3 el primer conversatorio del a\u00f1o organizado por el Programa de Extensi\u00f3n Universitaria \u201cUniversidad y Discapacidad\u201d de la Universidad Nacional de San Luis. El mismo se titul\u00f3 \u201cAccesibilidad Digital en la Vida Universitaria\u201d y cont\u00f3 con la participaci\u00f3n de la coordinadora del Programa Esp. Mariela Elizabeth Zu\u00f1iga, quien present\u00f3 el objetivo general, la estructura de gesti\u00f3n y funcionamiento del Programa y a los integrantes de la Comisi\u00f3n Asesora. La transmisi\u00f3n se realiz\u00f3 por los medios oficiales de la UNSL y se cont\u00f3 con la participaci\u00f3n de m\u00e1s de 120 espectadores. Es importante mencionar que se distribuy\u00f3 el documento Conversatorio \u201cAccesibilidad Digital en la Vida Universitaria\u201d.<\/p>\n<p>Los referentes Mar\u00eda Victoria Giuliani y Claudio Ariel Savini fueron los responsables de compartir una breve introducci\u00f3n a los conceptos fundamentales en torno a la accesibilidad acad\u00e9mica. Adem\u00e1s expusieron una serie de sugerencias y recomendaciones para favorecer el acceso a los aprendizajes de todos nuestros estudiantes, en especial aquellos en situaci\u00f3n de discapacidad y con la intenci\u00f3n de apoyar la pr\u00e1ctica docente en el contexto de virtualidad.<\/p>\n<p>La convocatoria a este conversatorio fue muy bien recibida por la comunidad educativa, recibiendo la solicitud de inscripci\u00f3n de 232 personas, entre ellos docentes, estudiantes y personal nodocente de las distintas unidades acad\u00e9micas de la Universidad Nacional de San Luis (UNSL).<\/p>\n<p>Las ideas finales compartidas en el conversatorio fueron:<\/p>\n<ul>\n<li>Invitar a las y los docentes a revisar sus pr\u00e1cticas desde la tem\u00e1tica planteada y las sugerencias dadas comprometi\u00e9ndonos a acompa\u00f1arlos en este proceso de identificar posibles barreras, promoviendo as\u00ed la construcci\u00f3n real de una Universidad cada vez m\u00e1s accesible.<\/li>\n<li>Invitar a las y los estudiantes a fortalecer este proceso de \u201cincluir al otro\u201d orientando al logro de una verdadera inclusi\u00f3n que se vea reflejada en la vida universitaria en el \u00e1mbito de nuestra universidad.<\/li>\n<li>Destacar la importancia de generar el espacio para que cada estudiante en situaci\u00f3n de discapacidad pueda darse a conocer y plantear los ajustes que considere necesario.<\/li>\n<li>Celebrar y agradecer el compromiso institucional y el inter\u00e9s de la comunidad educativa en la tem\u00e1tica y desear que sea inicio de nuevos v\u00ednculos y acciones que nos permitan construir entre todos una Universidad cada vez m\u00e1s accesible.<\/li>\n<\/ul>\n<p>Formulario de contacto con el Programa para estudiantes en situaci\u00f3n de discapacidad:<\/p>\n<p><a href=\"http:\/\/universidadydiscapacidad.unsl.edu.ar\/contactate.html\"><span style=\"font-family: Arial;\">Formulario de contacto<\/span><\/a><\/p>\n<p><a href=\"https:\/\/youtu.be\/qNhz0JRfwL8\"><span style=\"font-family: Arial;\">Accesibilidad Acad\u00e9mica en la Vida Universitaria<\/span><\/a><\/p>\n<p><a href=\"https:\/\/www.facebook.com\/Programa-Universidad-y-Discapacidad-UNSL-179723819338861\"><span style=\"font-family: Arial;\">Facebook<\/span><\/a><\/p>\n<p><a href=\"https:\/\/www.instagram.com\/universidadydiscapacidad_unsl\/\"><span style=\"font-family: Arial;\">Instagram<\/span><\/a><\/p>\n<p><a href=\"https:\/\/www.youtube.com\/channel\/UCaKbCz1pw_wavqQTTeUVI7Q\/featured\"><span style=\"font-family: Arial;\">YouTube<\/span><\/a><\/p>\n","protected":false},"excerpt":{"rendered":"<p>La Secretar\u00eda de Extensi\u00f3n Universitaria de la UNSL informa que el pasado viernes 19 de febrero de 2021, se realiz\u00f3 el primer conversatorio del a\u00f1o&hellip;<\/p>\n","protected":false},"author":9,"featured_media":2014,"comment_status":"closed","ping_status":"closed","sticky":false,"template":"","format":"standard","meta":{"om_disable_all_campaigns":false,"_monsterinsights_skip_tracking":false,"_monsterinsights_sitenote_active":false,"_monsterinsights_sitenote_note":"","_monsterinsights_sitenote_category":0,"footnotes":""},"categories":[21],"tags":[],"class_list":["post-2013","post","type-post","status-publish","format-standard","has-post-thumbnail","hentry","category-archivadas"],"yoast_head":"<!-- This site is optimized with the Yoast SEO plugin v27.5 - https:\/\/yoast.com\/product\/yoast-seo-wordpress\/ -->\n<title>Primer conversatorio del Programa de Extensi\u00f3n Universitaria: Universidad y Discapacidad - Facultad de Ciencias Econ\u00f3micas, Jur\u00ed\u00addicas y Sociales<\/title>\n<meta name=\"robots\" content=\"index, follow, max-snippet:-1, max-image-preview:large, max-video-preview:-1\" \/>\n<link rel=\"canonical\" href=\"https:\/\/www.fcejs.unsl.edu.ar\/index.php\/primer-conversatorio-del-programa-de-extension-universitaria-universidad-y-discapacidad\/\" \/>\n<meta property=\"og:locale\" content=\"es_ES\" \/>\n<meta property=\"og:type\" content=\"article\" \/>\n<meta property=\"og:title\" content=\"Primer conversatorio del Programa de Extensi\u00f3n Universitaria: Universidad y Discapacidad - Facultad de Ciencias Econ\u00f3micas, Jur\u00ed\u00addicas y Sociales\" \/>\n<meta property=\"og:description\" content=\"La Secretar\u00eda de Extensi\u00f3n Universitaria de la UNSL informa que el pasado viernes 19 de febrero de 2021, se realiz\u00f3 el primer conversatorio del a\u00f1o&hellip;\" \/>\n<meta property=\"og:url\" content=\"https:\/\/www.fcejs.unsl.edu.ar\/index.php\/primer-conversatorio-del-programa-de-extension-universitaria-universidad-y-discapacidad\/\" \/>\n<meta property=\"og:site_name\" content=\"Facultad de Ciencias Econ\u00f3micas, Jur\u00ed\u00addicas y Sociales\" \/>\n<meta property=\"article:publisher\" content=\"https:\/\/www.facebook.com\/FCEJS.UNSL\/\" \/>\n<meta property=\"article:published_time\" content=\"2021-03-15T16:22:59+00:00\" \/>\n<meta property=\"article:modified_time\" content=\"2021-06-08T15:29:01+00:00\" \/>\n<meta property=\"og:image\" content=\"https:\/\/www.fcejs.unsl.edu.ar\/wp-content\/uploads\/2021\/03\/discapacidad.jpg\" \/>\n\t<meta property=\"og:image:width\" content=\"1000\" \/>\n\t<meta property=\"og:image:height\" content=\"558\" \/>\n\t<meta property=\"og:image:type\" content=\"image\/jpeg\" \/>\n<meta name=\"author\" content=\"DATI\" \/>\n<meta name=\"twitter:card\" content=\"summary_large_image\" \/>\n<meta name=\"twitter:creator\" content=\"@FCEJSUNSL\" \/>\n<meta name=\"twitter:site\" content=\"@FCEJSUNSL\" \/>\n<meta name=\"twitter:label1\" content=\"Escrito por\" \/>\n\t<meta name=\"twitter:data1\" content=\"DATI\" \/>\n\t<meta name=\"twitter:label2\" content=\"Tiempo de lectura\" \/>\n\t<meta name=\"twitter:data2\" content=\"2 minutos\" \/>\n<script type=\"application\/ld+json\" class=\"yoast-schema-graph\">{\"@context\":\"https:\\\/\\\/schema.org\",\"@graph\":[{\"@type\":\"Article\",\"@id\":\"https:\\\/\\\/www.fcejs.unsl.edu.ar\\\/index.php\\\/primer-conversatorio-del-programa-de-extension-universitaria-universidad-y-discapacidad\\\/#article\",\"isPartOf\":{\"@id\":\"https:\\\/\\\/www.fcejs.unsl.edu.ar\\\/index.php\\\/primer-conversatorio-del-programa-de-extension-universitaria-universidad-y-discapacidad\\\/\"},\"author\":{\"name\":\"DATI\",\"@id\":\"https:\\\/\\\/www.fcejs.unsl.edu.ar\\\/#\\\/schema\\\/person\\\/352ee6ed90c3f394c7cb5945f8956d34\"},\"headline\":\"Primer conversatorio del Programa de Extensi\u00f3n Universitaria: Universidad y Discapacidad\",\"datePublished\":\"2021-03-15T16:22:59+00:00\",\"dateModified\":\"2021-06-08T15:29:01+00:00\",\"mainEntityOfPage\":{\"@id\":\"https:\\\/\\\/www.fcejs.unsl.edu.ar\\\/index.php\\\/primer-conversatorio-del-programa-de-extension-universitaria-universidad-y-discapacidad\\\/\"},\"wordCount\":444,\"publisher\":{\"@id\":\"https:\\\/\\\/www.fcejs.unsl.edu.ar\\\/#organization\"},\"image\":{\"@id\":\"https:\\\/\\\/www.fcejs.unsl.edu.ar\\\/index.php\\\/primer-conversatorio-del-programa-de-extension-universitaria-universidad-y-discapacidad\\\/#primaryimage\"},\"thumbnailUrl\":\"https:\\\/\\\/www.fcejs.unsl.edu.ar\\\/wp-content\\\/uploads\\\/2021\\\/03\\\/discapacidad.jpg\",\"articleSection\":[\"Archivadas\"],\"inLanguage\":\"es-AR\"},{\"@type\":\"WebPage\",\"@id\":\"https:\\\/\\\/www.fcejs.unsl.edu.ar\\\/index.php\\\/primer-conversatorio-del-programa-de-extension-universitaria-universidad-y-discapacidad\\\/\",\"url\":\"https:\\\/\\\/www.fcejs.unsl.edu.ar\\\/index.php\\\/primer-conversatorio-del-programa-de-extension-universitaria-universidad-y-discapacidad\\\/\",\"name\":\"Primer conversatorio del Programa de Extensi\u00f3n Universitaria: Universidad y Discapacidad - Facultad de Ciencias Econ\u00f3micas, Jur\u00ed\u00addicas y Sociales\",\"isPartOf\":{\"@id\":\"https:\\\/\\\/www.fcejs.unsl.edu.ar\\\/#website\"},\"primaryImageOfPage\":{\"@id\":\"https:\\\/\\\/www.fcejs.unsl.edu.ar\\\/index.php\\\/primer-conversatorio-del-programa-de-extension-universitaria-universidad-y-discapacidad\\\/#primaryimage\"},\"image\":{\"@id\":\"https:\\\/\\\/www.fcejs.unsl.edu.ar\\\/index.php\\\/primer-conversatorio-del-programa-de-extension-universitaria-universidad-y-discapacidad\\\/#primaryimage\"},\"thumbnailUrl\":\"https:\\\/\\\/www.fcejs.unsl.edu.ar\\\/wp-content\\\/uploads\\\/2021\\\/03\\\/discapacidad.jpg\",\"datePublished\":\"2021-03-15T16:22:59+00:00\",\"dateModified\":\"2021-06-08T15:29:01+00:00\",\"breadcrumb\":{\"@id\":\"https:\\\/\\\/www.fcejs.unsl.edu.ar\\\/index.php\\\/primer-conversatorio-del-programa-de-extension-universitaria-universidad-y-discapacidad\\\/#breadcrumb\"},\"inLanguage\":\"es-AR\",\"potentialAction\":[{\"@type\":\"ReadAction\",\"target\":[\"https:\\\/\\\/www.fcejs.unsl.edu.ar\\\/index.php\\\/primer-conversatorio-del-programa-de-extension-universitaria-universidad-y-discapacidad\\\/\"]}]},{\"@type\":\"ImageObject\",\"inLanguage\":\"es-AR\",\"@id\":\"https:\\\/\\\/www.fcejs.unsl.edu.ar\\\/index.php\\\/primer-conversatorio-del-programa-de-extension-universitaria-universidad-y-discapacidad\\\/#primaryimage\",\"url\":\"https:\\\/\\\/www.fcejs.unsl.edu.ar\\\/wp-content\\\/uploads\\\/2021\\\/03\\\/discapacidad.jpg\",\"contentUrl\":\"https:\\\/\\\/www.fcejs.unsl.edu.ar\\\/wp-content\\\/uploads\\\/2021\\\/03\\\/discapacidad.jpg\",\"width\":1000,\"height\":558},{\"@type\":\"BreadcrumbList\",\"@id\":\"https:\\\/\\\/www.fcejs.unsl.edu.ar\\\/index.php\\\/primer-conversatorio-del-programa-de-extension-universitaria-universidad-y-discapacidad\\\/#breadcrumb\",\"itemListElement\":[{\"@type\":\"ListItem\",\"position\":1,\"name\":\"Inicio\",\"item\":\"https:\\\/\\\/www.fcejs.unsl.edu.ar\\\/\"},{\"@type\":\"ListItem\",\"position\":2,\"name\":\"Primer conversatorio del Programa de Extensi\u00f3n Universitaria: Universidad y Discapacidad\"}]},{\"@type\":\"WebSite\",\"@id\":\"https:\\\/\\\/www.fcejs.unsl.edu.ar\\\/#website\",\"url\":\"https:\\\/\\\/www.fcejs.unsl.edu.ar\\\/\",\"name\":\"Facultad de Ciencias Econ\u00f3micas, Jur\u00ed\u00addicas y Sociales\",\"description\":\"\",\"publisher\":{\"@id\":\"https:\\\/\\\/www.fcejs.unsl.edu.ar\\\/#organization\"},\"potentialAction\":[{\"@type\":\"SearchAction\",\"target\":{\"@type\":\"EntryPoint\",\"urlTemplate\":\"https:\\\/\\\/www.fcejs.unsl.edu.ar\\\/?s={search_term_string}\"},\"query-input\":{\"@type\":\"PropertyValueSpecification\",\"valueRequired\":true,\"valueName\":\"search_term_string\"}}],\"inLanguage\":\"es-AR\"},{\"@type\":\"Organization\",\"@id\":\"https:\\\/\\\/www.fcejs.unsl.edu.ar\\\/#organization\",\"name\":\"Facultad de Ciencias Econ\u00f3micas, Jur\u00eddicas y Sociales\",\"url\":\"https:\\\/\\\/www.fcejs.unsl.edu.ar\\\/\",\"logo\":{\"@type\":\"ImageObject\",\"inLanguage\":\"es-AR\",\"@id\":\"https:\\\/\\\/www.fcejs.unsl.edu.ar\\\/#\\\/schema\\\/logo\\\/image\\\/\",\"url\":\"https:\\\/\\\/www.fcejs.unsl.edu.ar\\\/wp-content\\\/uploads\\\/2021\\\/03\\\/logo-1.jpg\",\"contentUrl\":\"https:\\\/\\\/www.fcejs.unsl.edu.ar\\\/wp-content\\\/uploads\\\/2021\\\/03\\\/logo-1.jpg\",\"width\":471,\"height\":146,\"caption\":\"Facultad de Ciencias Econ\u00f3micas, Jur\u00eddicas y Sociales\"},\"image\":{\"@id\":\"https:\\\/\\\/www.fcejs.unsl.edu.ar\\\/#\\\/schema\\\/logo\\\/image\\\/\"},\"sameAs\":[\"https:\\\/\\\/www.facebook.com\\\/FCEJS.UNSL\\\/\",\"https:\\\/\\\/x.com\\\/FCEJSUNSL\",\"https:\\\/\\\/www.instagram.com\\\/fcejs.unsl\\\/\",\"https:\\\/\\\/www.youtube.com\\\/channel\\\/UCH-Ut6EaN_X5ogjIQMPe46g\\\/\"]},{\"@type\":\"Person\",\"@id\":\"https:\\\/\\\/www.fcejs.unsl.edu.ar\\\/#\\\/schema\\\/person\\\/352ee6ed90c3f394c7cb5945f8956d34\",\"name\":\"DATI\"}]}<\/script>\n<!-- \/ Yoast SEO plugin. -->","yoast_head_json":{"title":"Primer conversatorio del Programa de Extensi\u00f3n Universitaria: Universidad y Discapacidad - Facultad de Ciencias Econ\u00f3micas, Jur\u00ed\u00addicas y Sociales","robots":{"index":"index","follow":"follow","max-snippet":"max-snippet:-1","max-image-preview":"max-image-preview:large","max-video-preview":"max-video-preview:-1"},"canonical":"https:\/\/www.fcejs.unsl.edu.ar\/index.php\/primer-conversatorio-del-programa-de-extension-universitaria-universidad-y-discapacidad\/","og_locale":"es_ES","og_type":"article","og_title":"Primer conversatorio del Programa de Extensi\u00f3n Universitaria: Universidad y Discapacidad - Facultad de Ciencias Econ\u00f3micas, Jur\u00ed\u00addicas y Sociales","og_description":"La Secretar\u00eda de Extensi\u00f3n Universitaria de la UNSL informa que el pasado viernes 19 de febrero de 2021, se realiz\u00f3 el primer conversatorio del a\u00f1o&hellip;","og_url":"https:\/\/www.fcejs.unsl.edu.ar\/index.php\/primer-conversatorio-del-programa-de-extension-universitaria-universidad-y-discapacidad\/","og_site_name":"Facultad de Ciencias Econ\u00f3micas, Jur\u00ed\u00addicas y Sociales","article_publisher":"https:\/\/www.facebook.com\/FCEJS.UNSL\/","article_published_time":"2021-03-15T16:22:59+00:00","article_modified_time":"2021-06-08T15:29:01+00:00","og_image":[{"width":1000,"height":558,"url":"https:\/\/www.fcejs.unsl.edu.ar\/wp-content\/uploads\/2021\/03\/discapacidad.jpg","type":"image\/jpeg"}],"author":"DATI","twitter_card":"summary_large_image","twitter_creator":"@FCEJSUNSL","twitter_site":"@FCEJSUNSL","twitter_misc":{"Escrito por":"DATI","Tiempo de lectura":"2 minutos"},"schema":{"@context":"https:\/\/schema.org","@graph":[{"@type":"Article","@id":"https:\/\/www.fcejs.unsl.edu.ar\/index.php\/primer-conversatorio-del-programa-de-extension-universitaria-universidad-y-discapacidad\/#article","isPartOf":{"@id":"https:\/\/www.fcejs.unsl.edu.ar\/index.php\/primer-conversatorio-del-programa-de-extension-universitaria-universidad-y-discapacidad\/"},"author":{"name":"DATI","@id":"https:\/\/www.fcejs.unsl.edu.ar\/#\/schema\/person\/352ee6ed90c3f394c7cb5945f8956d34"},"headline":"Primer conversatorio del Programa de Extensi\u00f3n Universitaria: Universidad y Discapacidad","datePublished":"2021-03-15T16:22:59+00:00","dateModified":"2021-06-08T15:29:01+00:00","mainEntityOfPage":{"@id":"https:\/\/www.fcejs.unsl.edu.ar\/index.php\/primer-conversatorio-del-programa-de-extension-universitaria-universidad-y-discapacidad\/"},"wordCount":444,"publisher":{"@id":"https:\/\/www.fcejs.unsl.edu.ar\/#organization"},"image":{"@id":"https:\/\/www.fcejs.unsl.edu.ar\/index.php\/primer-conversatorio-del-programa-de-extension-universitaria-universidad-y-discapacidad\/#primaryimage"},"thumbnailUrl":"https:\/\/www.fcejs.unsl.edu.ar\/wp-content\/uploads\/2021\/03\/discapacidad.jpg","articleSection":["Archivadas"],"inLanguage":"es-AR"},{"@type":"WebPage","@id":"https:\/\/www.fcejs.unsl.edu.ar\/index.php\/primer-conversatorio-del-programa-de-extension-universitaria-universidad-y-discapacidad\/","url":"https:\/\/www.fcejs.unsl.edu.ar\/index.php\/primer-conversatorio-del-programa-de-extension-universitaria-universidad-y-discapacidad\/","name":"Primer conversatorio del Programa de Extensi\u00f3n Universitaria: Universidad y Discapacidad - Facultad de Ciencias Econ\u00f3micas, Jur\u00ed\u00addicas y Sociales","isPartOf":{"@id":"https:\/\/www.fcejs.unsl.edu.ar\/#website"},"primaryImageOfPage":{"@id":"https:\/\/www.fcejs.unsl.edu.ar\/index.php\/primer-conversatorio-del-programa-de-extension-universitaria-universidad-y-discapacidad\/#primaryimage"},"image":{"@id":"https:\/\/www.fcejs.unsl.edu.ar\/index.php\/primer-conversatorio-del-programa-de-extension-universitaria-universidad-y-discapacidad\/#primaryimage"},"thumbnailUrl":"https:\/\/www.fcejs.unsl.edu.ar\/wp-content\/uploads\/2021\/03\/discapacidad.jpg","datePublished":"2021-03-15T16:22:59+00:00","dateModified":"2021-06-08T15:29:01+00:00","breadcrumb":{"@id":"https:\/\/www.fcejs.unsl.edu.ar\/index.php\/primer-conversatorio-del-programa-de-extension-universitaria-universidad-y-discapacidad\/#breadcrumb"},"inLanguage":"es-AR","potentialAction":[{"@type":"ReadAction","target":["https:\/\/www.fcejs.unsl.edu.ar\/index.php\/primer-conversatorio-del-programa-de-extension-universitaria-universidad-y-discapacidad\/"]}]},{"@type":"ImageObject","inLanguage":"es-AR","@id":"https:\/\/www.fcejs.unsl.edu.ar\/index.php\/primer-conversatorio-del-programa-de-extension-universitaria-universidad-y-discapacidad\/#primaryimage","url":"https:\/\/www.fcejs.unsl.edu.ar\/wp-content\/uploads\/2021\/03\/discapacidad.jpg","contentUrl":"https:\/\/www.fcejs.unsl.edu.ar\/wp-content\/uploads\/2021\/03\/discapacidad.jpg","width":1000,"height":558},{"@type":"BreadcrumbList","@id":"https:\/\/www.fcejs.unsl.edu.ar\/index.php\/primer-conversatorio-del-programa-de-extension-universitaria-universidad-y-discapacidad\/#breadcrumb","itemListElement":[{"@type":"ListItem","position":1,"name":"Inicio","item":"https:\/\/www.fcejs.unsl.edu.ar\/"},{"@type":"ListItem","position":2,"name":"Primer conversatorio del Programa de Extensi\u00f3n Universitaria: Universidad y Discapacidad"}]},{"@type":"WebSite","@id":"https:\/\/www.fcejs.unsl.edu.ar\/#website","url":"https:\/\/www.fcejs.unsl.edu.ar\/","name":"Facultad de Ciencias Econ\u00f3micas, Jur\u00ed\u00addicas y Sociales","description":"","publisher":{"@id":"https:\/\/www.fcejs.unsl.edu.ar\/#organization"},"potentialAction":[{"@type":"SearchAction","target":{"@type":"EntryPoint","urlTemplate":"https:\/\/www.fcejs.unsl.edu.ar\/?s={search_term_string}"},"query-input":{"@type":"PropertyValueSpecification","valueRequired":true,"valueName":"search_term_string"}}],"inLanguage":"es-AR"},{"@type":"Organization","@id":"https:\/\/www.fcejs.unsl.edu.ar\/#organization","name":"Facultad de Ciencias Econ\u00f3micas, Jur\u00eddicas y Sociales","url":"https:\/\/www.fcejs.unsl.edu.ar\/","logo":{"@type":"ImageObject","inLanguage":"es-AR","@id":"https:\/\/www.fcejs.unsl.edu.ar\/#\/schema\/logo\/image\/","url":"https:\/\/www.fcejs.unsl.edu.ar\/wp-content\/uploads\/2021\/03\/logo-1.jpg","contentUrl":"https:\/\/www.fcejs.unsl.edu.ar\/wp-content\/uploads\/2021\/03\/logo-1.jpg","width":471,"height":146,"caption":"Facultad de Ciencias Econ\u00f3micas, Jur\u00eddicas y Sociales"},"image":{"@id":"https:\/\/www.fcejs.unsl.edu.ar\/#\/schema\/logo\/image\/"},"sameAs":["https:\/\/www.facebook.com\/FCEJS.UNSL\/","https:\/\/x.com\/FCEJSUNSL","https:\/\/www.instagram.com\/fcejs.unsl\/","https:\/\/www.youtube.com\/channel\/UCH-Ut6EaN_X5ogjIQMPe46g\/"]},{"@type":"Person","@id":"https:\/\/www.fcejs.unsl.edu.ar\/#\/schema\/person\/352ee6ed90c3f394c7cb5945f8956d34","name":"DATI"}]}},"jetpack_featured_media_url":"https:\/\/www.fcejs.unsl.edu.ar\/wp-content\/uploads\/2021\/03\/discapacidad.jpg","_links":{"self":[{"href":"https:\/\/www.fcejs.unsl.edu.ar\/index.php\/wp-json\/wp\/v2\/posts\/2013","targetHints":{"allow":["GET"]}}],"collection":[{"href":"https:\/\/www.fcejs.unsl.edu.ar\/index.php\/wp-json\/wp\/v2\/posts"}],"about":[{"href":"https:\/\/www.fcejs.unsl.edu.ar\/index.php\/wp-json\/wp\/v2\/types\/post"}],"author":[{"embeddable":true,"href":"https:\/\/www.fcejs.unsl.edu.ar\/index.php\/wp-json\/wp\/v2\/users\/9"}],"replies":[{"embeddable":true,"href":"https:\/\/www.fcejs.unsl.edu.ar\/index.php\/wp-json\/wp\/v2\/comments?post=2013"}],"version-history":[{"count":1,"href":"https:\/\/www.fcejs.unsl.edu.ar\/index.php\/wp-json\/wp\/v2\/posts\/2013\/revisions"}],"predecessor-version":[{"id":2015,"href":"https:\/\/www.fcejs.unsl.edu.ar\/index.php\/wp-json\/wp\/v2\/posts\/2013\/revisions\/2015"}],"wp:featuredmedia":[{"embeddable":true,"href":"https:\/\/www.fcejs.unsl.edu.ar\/index.php\/wp-json\/wp\/v2\/media\/2014"}],"wp:attachment":[{"href":"https:\/\/www.fcejs.unsl.edu.ar\/index.php\/wp-json\/wp\/v2\/media?parent=2013"}],"wp:term":[{"taxonomy":"category","embeddable":true,"href":"https:\/\/www.fcejs.unsl.edu.ar\/index.php\/wp-json\/wp\/v2\/categories?post=2013"},{"taxonomy":"post_tag","embeddable":true,"href":"https:\/\/www.fcejs.unsl.edu.ar\/index.php\/wp-json\/wp\/v2\/tags?post=2013"}],"curies":[{"name":"wp","href":"https:\/\/api.w.org\/{rel}","templated":true}]}}