{"id":20022,"date":"2025-04-09T10:51:45","date_gmt":"2025-04-09T13:51:45","guid":{"rendered":"http:\/\/10.101.10.197\/www\/?p=20022"},"modified":"2025-04-14T10:07:09","modified_gmt":"2025-04-14T13:07:09","slug":"comenzo-la-diplomatura-en-finanzas-personales-en-el-centro-universitario-la-toma-de-la-unsl","status":"publish","type":"post","link":"https:\/\/www.fcejs.unsl.edu.ar\/index.php\/comenzo-la-diplomatura-en-finanzas-personales-en-el-centro-universitario-la-toma-de-la-unsl\/","title":{"rendered":"Comenz\u00f3 la Diplomatura en Finanzas Personales en el Centro Universitario La Toma de la UNSL"},"content":{"rendered":"<p class=\"\" data-start=\"172\" data-end=\"445\">En un ambiente cargado de entusiasmo y expectativa, el pasado viernes 3 de abril de 2025, el Centro Universitario La Toma de la UNSL abri\u00f3 oficialmente su ciclo lectivo 2025 con el inicio de la Diplomatura de Extensi\u00f3n en Planificaci\u00f3n y Gesti\u00f3n de las Finanzas Personales.<\/p>\n<p class=\"\" data-start=\"447\" data-end=\"792\">Esta propuesta de formaci\u00f3n, que busca acercar el conocimiento financiero a toda la comunidad de La Toma y alrededores, es impulsada de manera conjunta por el Centro Universitario La Toma y la Secretar\u00eda de Extensi\u00f3n Universitaria de la Facultad de Ciencias Econ\u00f3micas, Jur\u00eddicas y Sociales (FCEJS) de la Universidad Nacional de San Luis (UNSL).<\/p>\n<p class=\"\" data-start=\"794\" data-end=\"1218\">La jornada de apertura cont\u00f3 con la presencia del Vicerrector de la UNSL, Mgtr. H\u00e9ctor Flores, quien dio la bienvenida a las y los m\u00e1s de 70 estudiantes que comenzaron a cursar la diplomatura. En sus palabras, destac\u00f3 la importancia de fortalecer la presencia universitaria en todo el territorio provincial y valor\u00f3 el compromiso del Centro Universitario La Toma de la UNSL con una educaci\u00f3n p\u00fablica, inclusiva y de calidad.<\/p>\n<p data-start=\"794\" data-end=\"1218\"><img fetchpriority=\"high\" decoding=\"async\" class=\"aligncenter wp-image-20024 size-full\" src=\"https:\/\/www.fcejs.unsl.edu.ar\/wp-content\/uploads\/2025\/04\/latoma-02.jpg\" alt=\"\" width=\"1152\" height=\"647\" srcset=\"https:\/\/www.fcejs.unsl.edu.ar\/wp-content\/uploads\/2025\/04\/latoma-02.jpg 1152w, https:\/\/www.fcejs.unsl.edu.ar\/wp-content\/uploads\/2025\/04\/latoma-02-300x168.jpg 300w, https:\/\/www.fcejs.unsl.edu.ar\/wp-content\/uploads\/2025\/04\/latoma-02-1024x575.jpg 1024w, https:\/\/www.fcejs.unsl.edu.ar\/wp-content\/uploads\/2025\/04\/latoma-02-768x431.jpg 768w\" sizes=\"(max-width: 1152px) 100vw, 1152px\" \/><\/p>\n<p class=\"\" data-start=\"1220\" data-end=\"1687\">Bajo la direcci\u00f3n del docente Mgtr. Claudio Salas, la diplomatura tiene como objetivo central democratizar el acceso al conocimiento financiero, desmitificando la idea de que la gesti\u00f3n de las finanzas es una pr\u00e1ctica reservada \u00fanicamente a especialistas. \u201cLa educaci\u00f3n financiera es una herramienta clave para la toma de decisiones a lo largo de la vida, y su acceso puede mejorar la calidad de vida de los\/as ciudadanos\/as\u201d, se\u00f1al\u00f3 Salas durante la clase inaugural.<\/p>\n<p class=\"\" data-start=\"1689\" data-end=\"2141\">El programa de formaci\u00f3n tiene una duraci\u00f3n de seis meses y una carga horaria total de 180 horas, distribuidas en siete m\u00f3dulos que abordan desde los fundamentos de las finanzas personales hasta estrategias concretas de gesti\u00f3n del presupuesto, planificaci\u00f3n, ahorro e inversi\u00f3n. La diplomatura est\u00e1 dirigida al p\u00fablico en general, con una edad m\u00ednima de 18 a\u00f1os para la inscripci\u00f3n, lo que abre las puertas a una diversidad de perfiles y trayectorias.<\/p>\n<p class=\"\" data-start=\"2143\" data-end=\"2431\">El inicio de esta propuesta marca no solo el comienzo del ciclo lectivo en La Toma, sino tambi\u00e9n el compromiso sostenido de la UNSL con la territorializaci\u00f3n de la educaci\u00f3n, acercando herramientas concretas para el desarrollo personal y comunitario en distintas regiones de la provincia.<\/p>\n<p data-start=\"2143\" data-end=\"2431\"><img decoding=\"async\" class=\"aligncenter wp-image-20026 size-full\" src=\"https:\/\/www.fcejs.unsl.edu.ar\/wp-content\/uploads\/2025\/04\/latoma-03.jpg\" alt=\"\" width=\"1152\" height=\"647\" srcset=\"https:\/\/www.fcejs.unsl.edu.ar\/wp-content\/uploads\/2025\/04\/latoma-03.jpg 1152w, https:\/\/www.fcejs.unsl.edu.ar\/wp-content\/uploads\/2025\/04\/latoma-03-300x168.jpg 300w, https:\/\/www.fcejs.unsl.edu.ar\/wp-content\/uploads\/2025\/04\/latoma-03-1024x575.jpg 1024w, https:\/\/www.fcejs.unsl.edu.ar\/wp-content\/uploads\/2025\/04\/latoma-03-768x431.jpg 768w\" sizes=\"(max-width: 1152px) 100vw, 1152px\" \/><\/p>\n<p data-start=\"2143\" data-end=\"2431\"><strong>Noticia: Vicerrectorado<\/strong><\/p>\n","protected":false},"excerpt":{"rendered":"<p>En un ambiente cargado de entusiasmo y expectativa, el pasado viernes 3 de abril de 2025, el Centro Universitario La Toma de la UNSL abri\u00f3&hellip;<\/p>\n","protected":false},"author":9,"featured_media":20023,"comment_status":"closed","ping_status":"closed","sticky":false,"template":"","format":"standard","meta":{"om_disable_all_campaigns":false,"_monsterinsights_skip_tracking":false,"_monsterinsights_sitenote_active":false,"_monsterinsights_sitenote_note":"","_monsterinsights_sitenote_category":0,"footnotes":""},"categories":[1],"tags":[],"class_list":["post-20022","post","type-post","status-publish","format-standard","has-post-thumbnail","hentry","category-noticias"],"yoast_head":"<!-- This site is optimized with the Yoast SEO plugin v27.4 - https:\/\/yoast.com\/product\/yoast-seo-wordpress\/ -->\n<title>Comenz\u00f3 la Diplomatura en Finanzas Personales en el Centro Universitario La Toma de la UNSL - Facultad de Ciencias Econ\u00f3micas, Jur\u00ed\u00addicas y Sociales<\/title>\n<meta name=\"robots\" content=\"index, follow, max-snippet:-1, max-image-preview:large, max-video-preview:-1\" \/>\n<link rel=\"canonical\" href=\"https:\/\/www.fcejs.unsl.edu.ar\/index.php\/comenzo-la-diplomatura-en-finanzas-personales-en-el-centro-universitario-la-toma-de-la-unsl\/\" \/>\n<meta property=\"og:locale\" content=\"es_ES\" \/>\n<meta property=\"og:type\" content=\"article\" \/>\n<meta property=\"og:title\" content=\"Comenz\u00f3 la Diplomatura en Finanzas Personales en el Centro Universitario La Toma de la UNSL - Facultad de Ciencias Econ\u00f3micas, Jur\u00ed\u00addicas y Sociales\" \/>\n<meta property=\"og:description\" content=\"En un ambiente cargado de entusiasmo y expectativa, el pasado viernes 3 de abril de 2025, el Centro Universitario La Toma de la UNSL abri\u00f3&hellip;\" \/>\n<meta property=\"og:url\" content=\"https:\/\/www.fcejs.unsl.edu.ar\/index.php\/comenzo-la-diplomatura-en-finanzas-personales-en-el-centro-universitario-la-toma-de-la-unsl\/\" \/>\n<meta property=\"og:site_name\" content=\"Facultad de Ciencias Econ\u00f3micas, Jur\u00ed\u00addicas y Sociales\" \/>\n<meta property=\"article:publisher\" content=\"https:\/\/www.facebook.com\/FCEJS.UNSL\/\" \/>\n<meta property=\"article:published_time\" content=\"2025-04-09T13:51:45+00:00\" \/>\n<meta property=\"article:modified_time\" content=\"2025-04-14T13:07:09+00:00\" \/>\n<meta property=\"og:image\" content=\"https:\/\/www.fcejs.unsl.edu.ar\/wp-content\/uploads\/2025\/04\/latoma-front.jpg\" \/>\n\t<meta property=\"og:image:width\" content=\"1152\" \/>\n\t<meta property=\"og:image:height\" content=\"647\" \/>\n\t<meta property=\"og:image:type\" content=\"image\/jpeg\" \/>\n<meta name=\"author\" content=\"DATI\" \/>\n<meta name=\"twitter:card\" content=\"summary_large_image\" \/>\n<meta name=\"twitter:creator\" content=\"@FCEJSUNSL\" \/>\n<meta name=\"twitter:site\" content=\"@FCEJSUNSL\" \/>\n<meta name=\"twitter:label1\" content=\"Escrito por\" \/>\n\t<meta name=\"twitter:data1\" content=\"DATI\" \/>\n\t<meta name=\"twitter:label2\" content=\"Tiempo de lectura\" \/>\n\t<meta name=\"twitter:data2\" content=\"3 minutos\" \/>\n<script type=\"application\/ld+json\" class=\"yoast-schema-graph\">{\"@context\":\"https:\\\/\\\/schema.org\",\"@graph\":[{\"@type\":\"Article\",\"@id\":\"https:\\\/\\\/www.fcejs.unsl.edu.ar\\\/index.php\\\/comenzo-la-diplomatura-en-finanzas-personales-en-el-centro-universitario-la-toma-de-la-unsl\\\/#article\",\"isPartOf\":{\"@id\":\"https:\\\/\\\/www.fcejs.unsl.edu.ar\\\/index.php\\\/comenzo-la-diplomatura-en-finanzas-personales-en-el-centro-universitario-la-toma-de-la-unsl\\\/\"},\"author\":{\"name\":\"DATI\",\"@id\":\"https:\\\/\\\/www.fcejs.unsl.edu.ar\\\/#\\\/schema\\\/person\\\/352ee6ed90c3f394c7cb5945f8956d34\"},\"headline\":\"Comenz\u00f3 la Diplomatura en Finanzas Personales en el Centro Universitario La Toma de la UNSL\",\"datePublished\":\"2025-04-09T13:51:45+00:00\",\"dateModified\":\"2025-04-14T13:07:09+00:00\",\"mainEntityOfPage\":{\"@id\":\"https:\\\/\\\/www.fcejs.unsl.edu.ar\\\/index.php\\\/comenzo-la-diplomatura-en-finanzas-personales-en-el-centro-universitario-la-toma-de-la-unsl\\\/\"},\"wordCount\":403,\"publisher\":{\"@id\":\"https:\\\/\\\/www.fcejs.unsl.edu.ar\\\/#organization\"},\"image\":{\"@id\":\"https:\\\/\\\/www.fcejs.unsl.edu.ar\\\/index.php\\\/comenzo-la-diplomatura-en-finanzas-personales-en-el-centro-universitario-la-toma-de-la-unsl\\\/#primaryimage\"},\"thumbnailUrl\":\"https:\\\/\\\/www.fcejs.unsl.edu.ar\\\/wp-content\\\/uploads\\\/2025\\\/04\\\/latoma-front.jpg\",\"articleSection\":[\"Noticias\"],\"inLanguage\":\"es-AR\"},{\"@type\":\"WebPage\",\"@id\":\"https:\\\/\\\/www.fcejs.unsl.edu.ar\\\/index.php\\\/comenzo-la-diplomatura-en-finanzas-personales-en-el-centro-universitario-la-toma-de-la-unsl\\\/\",\"url\":\"https:\\\/\\\/www.fcejs.unsl.edu.ar\\\/index.php\\\/comenzo-la-diplomatura-en-finanzas-personales-en-el-centro-universitario-la-toma-de-la-unsl\\\/\",\"name\":\"Comenz\u00f3 la Diplomatura en Finanzas Personales en el Centro Universitario La Toma de la UNSL - Facultad de Ciencias Econ\u00f3micas, Jur\u00ed\u00addicas y Sociales\",\"isPartOf\":{\"@id\":\"https:\\\/\\\/www.fcejs.unsl.edu.ar\\\/#website\"},\"primaryImageOfPage\":{\"@id\":\"https:\\\/\\\/www.fcejs.unsl.edu.ar\\\/index.php\\\/comenzo-la-diplomatura-en-finanzas-personales-en-el-centro-universitario-la-toma-de-la-unsl\\\/#primaryimage\"},\"image\":{\"@id\":\"https:\\\/\\\/www.fcejs.unsl.edu.ar\\\/index.php\\\/comenzo-la-diplomatura-en-finanzas-personales-en-el-centro-universitario-la-toma-de-la-unsl\\\/#primaryimage\"},\"thumbnailUrl\":\"https:\\\/\\\/www.fcejs.unsl.edu.ar\\\/wp-content\\\/uploads\\\/2025\\\/04\\\/latoma-front.jpg\",\"datePublished\":\"2025-04-09T13:51:45+00:00\",\"dateModified\":\"2025-04-14T13:07:09+00:00\",\"breadcrumb\":{\"@id\":\"https:\\\/\\\/www.fcejs.unsl.edu.ar\\\/index.php\\\/comenzo-la-diplomatura-en-finanzas-personales-en-el-centro-universitario-la-toma-de-la-unsl\\\/#breadcrumb\"},\"inLanguage\":\"es-AR\",\"potentialAction\":[{\"@type\":\"ReadAction\",\"target\":[\"https:\\\/\\\/www.fcejs.unsl.edu.ar\\\/index.php\\\/comenzo-la-diplomatura-en-finanzas-personales-en-el-centro-universitario-la-toma-de-la-unsl\\\/\"]}]},{\"@type\":\"ImageObject\",\"inLanguage\":\"es-AR\",\"@id\":\"https:\\\/\\\/www.fcejs.unsl.edu.ar\\\/index.php\\\/comenzo-la-diplomatura-en-finanzas-personales-en-el-centro-universitario-la-toma-de-la-unsl\\\/#primaryimage\",\"url\":\"https:\\\/\\\/www.fcejs.unsl.edu.ar\\\/wp-content\\\/uploads\\\/2025\\\/04\\\/latoma-front.jpg\",\"contentUrl\":\"https:\\\/\\\/www.fcejs.unsl.edu.ar\\\/wp-content\\\/uploads\\\/2025\\\/04\\\/latoma-front.jpg\",\"width\":1152,\"height\":647},{\"@type\":\"BreadcrumbList\",\"@id\":\"https:\\\/\\\/www.fcejs.unsl.edu.ar\\\/index.php\\\/comenzo-la-diplomatura-en-finanzas-personales-en-el-centro-universitario-la-toma-de-la-unsl\\\/#breadcrumb\",\"itemListElement\":[{\"@type\":\"ListItem\",\"position\":1,\"name\":\"Inicio\",\"item\":\"https:\\\/\\\/www.fcejs.unsl.edu.ar\\\/\"},{\"@type\":\"ListItem\",\"position\":2,\"name\":\"Comenz\u00f3 la Diplomatura en Finanzas Personales en el Centro Universitario La Toma de la UNSL\"}]},{\"@type\":\"WebSite\",\"@id\":\"https:\\\/\\\/www.fcejs.unsl.edu.ar\\\/#website\",\"url\":\"https:\\\/\\\/www.fcejs.unsl.edu.ar\\\/\",\"name\":\"Facultad de Ciencias Econ\u00f3micas, Jur\u00ed\u00addicas y Sociales\",\"description\":\"\",\"publisher\":{\"@id\":\"https:\\\/\\\/www.fcejs.unsl.edu.ar\\\/#organization\"},\"potentialAction\":[{\"@type\":\"SearchAction\",\"target\":{\"@type\":\"EntryPoint\",\"urlTemplate\":\"https:\\\/\\\/www.fcejs.unsl.edu.ar\\\/?s={search_term_string}\"},\"query-input\":{\"@type\":\"PropertyValueSpecification\",\"valueRequired\":true,\"valueName\":\"search_term_string\"}}],\"inLanguage\":\"es-AR\"},{\"@type\":\"Organization\",\"@id\":\"https:\\\/\\\/www.fcejs.unsl.edu.ar\\\/#organization\",\"name\":\"Facultad de Ciencias Econ\u00f3micas, Jur\u00eddicas y Sociales\",\"url\":\"https:\\\/\\\/www.fcejs.unsl.edu.ar\\\/\",\"logo\":{\"@type\":\"ImageObject\",\"inLanguage\":\"es-AR\",\"@id\":\"https:\\\/\\\/www.fcejs.unsl.edu.ar\\\/#\\\/schema\\\/logo\\\/image\\\/\",\"url\":\"https:\\\/\\\/www.fcejs.unsl.edu.ar\\\/wp-content\\\/uploads\\\/2021\\\/03\\\/logo-1.jpg\",\"contentUrl\":\"https:\\\/\\\/www.fcejs.unsl.edu.ar\\\/wp-content\\\/uploads\\\/2021\\\/03\\\/logo-1.jpg\",\"width\":471,\"height\":146,\"caption\":\"Facultad de Ciencias Econ\u00f3micas, Jur\u00eddicas y Sociales\"},\"image\":{\"@id\":\"https:\\\/\\\/www.fcejs.unsl.edu.ar\\\/#\\\/schema\\\/logo\\\/image\\\/\"},\"sameAs\":[\"https:\\\/\\\/www.facebook.com\\\/FCEJS.UNSL\\\/\",\"https:\\\/\\\/x.com\\\/FCEJSUNSL\",\"https:\\\/\\\/www.instagram.com\\\/fcejs.unsl\\\/\",\"https:\\\/\\\/www.youtube.com\\\/channel\\\/UCH-Ut6EaN_X5ogjIQMPe46g\\\/\"]},{\"@type\":\"Person\",\"@id\":\"https:\\\/\\\/www.fcejs.unsl.edu.ar\\\/#\\\/schema\\\/person\\\/352ee6ed90c3f394c7cb5945f8956d34\",\"name\":\"DATI\"}]}<\/script>\n<!-- \/ Yoast SEO plugin. -->","yoast_head_json":{"title":"Comenz\u00f3 la Diplomatura en Finanzas Personales en el Centro Universitario La Toma de la UNSL - Facultad de Ciencias Econ\u00f3micas, Jur\u00ed\u00addicas y Sociales","robots":{"index":"index","follow":"follow","max-snippet":"max-snippet:-1","max-image-preview":"max-image-preview:large","max-video-preview":"max-video-preview:-1"},"canonical":"https:\/\/www.fcejs.unsl.edu.ar\/index.php\/comenzo-la-diplomatura-en-finanzas-personales-en-el-centro-universitario-la-toma-de-la-unsl\/","og_locale":"es_ES","og_type":"article","og_title":"Comenz\u00f3 la Diplomatura en Finanzas Personales en el Centro Universitario La Toma de la UNSL - Facultad de Ciencias Econ\u00f3micas, Jur\u00ed\u00addicas y Sociales","og_description":"En un ambiente cargado de entusiasmo y expectativa, el pasado viernes 3 de abril de 2025, el Centro Universitario La Toma de la UNSL abri\u00f3&hellip;","og_url":"https:\/\/www.fcejs.unsl.edu.ar\/index.php\/comenzo-la-diplomatura-en-finanzas-personales-en-el-centro-universitario-la-toma-de-la-unsl\/","og_site_name":"Facultad de Ciencias Econ\u00f3micas, Jur\u00ed\u00addicas y Sociales","article_publisher":"https:\/\/www.facebook.com\/FCEJS.UNSL\/","article_published_time":"2025-04-09T13:51:45+00:00","article_modified_time":"2025-04-14T13:07:09+00:00","og_image":[{"width":1152,"height":647,"url":"https:\/\/www.fcejs.unsl.edu.ar\/wp-content\/uploads\/2025\/04\/latoma-front.jpg","type":"image\/jpeg"}],"author":"DATI","twitter_card":"summary_large_image","twitter_creator":"@FCEJSUNSL","twitter_site":"@FCEJSUNSL","twitter_misc":{"Escrito por":"DATI","Tiempo de lectura":"3 minutos"},"schema":{"@context":"https:\/\/schema.org","@graph":[{"@type":"Article","@id":"https:\/\/www.fcejs.unsl.edu.ar\/index.php\/comenzo-la-diplomatura-en-finanzas-personales-en-el-centro-universitario-la-toma-de-la-unsl\/#article","isPartOf":{"@id":"https:\/\/www.fcejs.unsl.edu.ar\/index.php\/comenzo-la-diplomatura-en-finanzas-personales-en-el-centro-universitario-la-toma-de-la-unsl\/"},"author":{"name":"DATI","@id":"https:\/\/www.fcejs.unsl.edu.ar\/#\/schema\/person\/352ee6ed90c3f394c7cb5945f8956d34"},"headline":"Comenz\u00f3 la Diplomatura en Finanzas Personales en el Centro Universitario La Toma de la UNSL","datePublished":"2025-04-09T13:51:45+00:00","dateModified":"2025-04-14T13:07:09+00:00","mainEntityOfPage":{"@id":"https:\/\/www.fcejs.unsl.edu.ar\/index.php\/comenzo-la-diplomatura-en-finanzas-personales-en-el-centro-universitario-la-toma-de-la-unsl\/"},"wordCount":403,"publisher":{"@id":"https:\/\/www.fcejs.unsl.edu.ar\/#organization"},"image":{"@id":"https:\/\/www.fcejs.unsl.edu.ar\/index.php\/comenzo-la-diplomatura-en-finanzas-personales-en-el-centro-universitario-la-toma-de-la-unsl\/#primaryimage"},"thumbnailUrl":"https:\/\/www.fcejs.unsl.edu.ar\/wp-content\/uploads\/2025\/04\/latoma-front.jpg","articleSection":["Noticias"],"inLanguage":"es-AR"},{"@type":"WebPage","@id":"https:\/\/www.fcejs.unsl.edu.ar\/index.php\/comenzo-la-diplomatura-en-finanzas-personales-en-el-centro-universitario-la-toma-de-la-unsl\/","url":"https:\/\/www.fcejs.unsl.edu.ar\/index.php\/comenzo-la-diplomatura-en-finanzas-personales-en-el-centro-universitario-la-toma-de-la-unsl\/","name":"Comenz\u00f3 la Diplomatura en Finanzas Personales en el Centro Universitario La Toma de la UNSL - Facultad de Ciencias Econ\u00f3micas, Jur\u00ed\u00addicas y Sociales","isPartOf":{"@id":"https:\/\/www.fcejs.unsl.edu.ar\/#website"},"primaryImageOfPage":{"@id":"https:\/\/www.fcejs.unsl.edu.ar\/index.php\/comenzo-la-diplomatura-en-finanzas-personales-en-el-centro-universitario-la-toma-de-la-unsl\/#primaryimage"},"image":{"@id":"https:\/\/www.fcejs.unsl.edu.ar\/index.php\/comenzo-la-diplomatura-en-finanzas-personales-en-el-centro-universitario-la-toma-de-la-unsl\/#primaryimage"},"thumbnailUrl":"https:\/\/www.fcejs.unsl.edu.ar\/wp-content\/uploads\/2025\/04\/latoma-front.jpg","datePublished":"2025-04-09T13:51:45+00:00","dateModified":"2025-04-14T13:07:09+00:00","breadcrumb":{"@id":"https:\/\/www.fcejs.unsl.edu.ar\/index.php\/comenzo-la-diplomatura-en-finanzas-personales-en-el-centro-universitario-la-toma-de-la-unsl\/#breadcrumb"},"inLanguage":"es-AR","potentialAction":[{"@type":"ReadAction","target":["https:\/\/www.fcejs.unsl.edu.ar\/index.php\/comenzo-la-diplomatura-en-finanzas-personales-en-el-centro-universitario-la-toma-de-la-unsl\/"]}]},{"@type":"ImageObject","inLanguage":"es-AR","@id":"https:\/\/www.fcejs.unsl.edu.ar\/index.php\/comenzo-la-diplomatura-en-finanzas-personales-en-el-centro-universitario-la-toma-de-la-unsl\/#primaryimage","url":"https:\/\/www.fcejs.unsl.edu.ar\/wp-content\/uploads\/2025\/04\/latoma-front.jpg","contentUrl":"https:\/\/www.fcejs.unsl.edu.ar\/wp-content\/uploads\/2025\/04\/latoma-front.jpg","width":1152,"height":647},{"@type":"BreadcrumbList","@id":"https:\/\/www.fcejs.unsl.edu.ar\/index.php\/comenzo-la-diplomatura-en-finanzas-personales-en-el-centro-universitario-la-toma-de-la-unsl\/#breadcrumb","itemListElement":[{"@type":"ListItem","position":1,"name":"Inicio","item":"https:\/\/www.fcejs.unsl.edu.ar\/"},{"@type":"ListItem","position":2,"name":"Comenz\u00f3 la Diplomatura en Finanzas Personales en el Centro Universitario La Toma de la UNSL"}]},{"@type":"WebSite","@id":"https:\/\/www.fcejs.unsl.edu.ar\/#website","url":"https:\/\/www.fcejs.unsl.edu.ar\/","name":"Facultad de Ciencias Econ\u00f3micas, Jur\u00ed\u00addicas y Sociales","description":"","publisher":{"@id":"https:\/\/www.fcejs.unsl.edu.ar\/#organization"},"potentialAction":[{"@type":"SearchAction","target":{"@type":"EntryPoint","urlTemplate":"https:\/\/www.fcejs.unsl.edu.ar\/?s={search_term_string}"},"query-input":{"@type":"PropertyValueSpecification","valueRequired":true,"valueName":"search_term_string"}}],"inLanguage":"es-AR"},{"@type":"Organization","@id":"https:\/\/www.fcejs.unsl.edu.ar\/#organization","name":"Facultad de Ciencias Econ\u00f3micas, Jur\u00eddicas y Sociales","url":"https:\/\/www.fcejs.unsl.edu.ar\/","logo":{"@type":"ImageObject","inLanguage":"es-AR","@id":"https:\/\/www.fcejs.unsl.edu.ar\/#\/schema\/logo\/image\/","url":"https:\/\/www.fcejs.unsl.edu.ar\/wp-content\/uploads\/2021\/03\/logo-1.jpg","contentUrl":"https:\/\/www.fcejs.unsl.edu.ar\/wp-content\/uploads\/2021\/03\/logo-1.jpg","width":471,"height":146,"caption":"Facultad de Ciencias Econ\u00f3micas, Jur\u00eddicas y Sociales"},"image":{"@id":"https:\/\/www.fcejs.unsl.edu.ar\/#\/schema\/logo\/image\/"},"sameAs":["https:\/\/www.facebook.com\/FCEJS.UNSL\/","https:\/\/x.com\/FCEJSUNSL","https:\/\/www.instagram.com\/fcejs.unsl\/","https:\/\/www.youtube.com\/channel\/UCH-Ut6EaN_X5ogjIQMPe46g\/"]},{"@type":"Person","@id":"https:\/\/www.fcejs.unsl.edu.ar\/#\/schema\/person\/352ee6ed90c3f394c7cb5945f8956d34","name":"DATI"}]}},"jetpack_featured_media_url":"https:\/\/www.fcejs.unsl.edu.ar\/wp-content\/uploads\/2025\/04\/latoma-front.jpg","_links":{"self":[{"href":"https:\/\/www.fcejs.unsl.edu.ar\/index.php\/wp-json\/wp\/v2\/posts\/20022","targetHints":{"allow":["GET"]}}],"collection":[{"href":"https:\/\/www.fcejs.unsl.edu.ar\/index.php\/wp-json\/wp\/v2\/posts"}],"about":[{"href":"https:\/\/www.fcejs.unsl.edu.ar\/index.php\/wp-json\/wp\/v2\/types\/post"}],"author":[{"embeddable":true,"href":"https:\/\/www.fcejs.unsl.edu.ar\/index.php\/wp-json\/wp\/v2\/users\/9"}],"replies":[{"embeddable":true,"href":"https:\/\/www.fcejs.unsl.edu.ar\/index.php\/wp-json\/wp\/v2\/comments?post=20022"}],"version-history":[{"count":2,"href":"https:\/\/www.fcejs.unsl.edu.ar\/index.php\/wp-json\/wp\/v2\/posts\/20022\/revisions"}],"predecessor-version":[{"id":20029,"href":"https:\/\/www.fcejs.unsl.edu.ar\/index.php\/wp-json\/wp\/v2\/posts\/20022\/revisions\/20029"}],"wp:featuredmedia":[{"embeddable":true,"href":"https:\/\/www.fcejs.unsl.edu.ar\/index.php\/wp-json\/wp\/v2\/media\/20023"}],"wp:attachment":[{"href":"https:\/\/www.fcejs.unsl.edu.ar\/index.php\/wp-json\/wp\/v2\/media?parent=20022"}],"wp:term":[{"taxonomy":"category","embeddable":true,"href":"https:\/\/www.fcejs.unsl.edu.ar\/index.php\/wp-json\/wp\/v2\/categories?post=20022"},{"taxonomy":"post_tag","embeddable":true,"href":"https:\/\/www.fcejs.unsl.edu.ar\/index.php\/wp-json\/wp\/v2\/tags?post=20022"}],"curies":[{"name":"wp","href":"https:\/\/api.w.org\/{rel}","templated":true}]}}