{"id":19987,"date":"2025-04-08T11:35:27","date_gmt":"2025-04-08T14:35:27","guid":{"rendered":"http:\/\/10.101.10.197\/www\/?p=19987"},"modified":"2025-04-23T06:53:28","modified_gmt":"2025-04-23T09:53:28","slug":"no-hay-otras-tierras-cine-y-debate-sobre-el-conflicto-palestino","status":"publish","type":"post","link":"https:\/\/www.fcejs.unsl.edu.ar\/index.php\/no-hay-otras-tierras-cine-y-debate-sobre-el-conflicto-palestino\/","title":{"rendered":"\u201cNo hay otra tierra\u201d: cine y debate sobre el conflicto palestino."},"content":{"rendered":"<p class=\"\" data-start=\"242\" data-end=\"500\">La Secretar\u00eda de Extensi\u00f3n Universitaria invita a toda la comunidad al cine-debate del documental <strong><em data-start=\"340\" data-end=\"364\">\u201cNo hay otra tierra\u201d<\/em> (<em data-start=\"366\" data-end=\"381\">No Other Land<\/em>)<\/strong>, que se proyectar\u00e1 el <strong>mi\u00e9rcoles 16 de abril a partir de las 18 horas en el Aula Magna del Edificio del Departamento de Ciencias Agropecuarias.<\/strong><\/p>\n<p data-start=\"242\" data-end=\"500\">Entre los galardones cinematogr\u00e1ficos que recibi\u00f3 en 2025, el documental <em data-start=\"149\" data-end=\"173\">\u201cNo hay otras tierras\u201d<\/em> (<em data-start=\"175\" data-end=\"190\">No Other Land<\/em>) fue reconocido como <strong data-start=\"212\" data-end=\"232\">Mejor Documental<\/strong> en la <strong>\u00faltima edici\u00f3n de los Premios Oscar.<\/strong>\u00a0Frente al desconocimiento de las voces palestinas, el documental permite conocer la percepci\u00f3n que el mundo tiene sobre las devastadoras persecuciones del gobierno israel\u00ed hacia el pueblo palestino. El documental consiste en el registro de un joven habitante de un pueblo de Cisjordania, a lo largo de d\u00e9cadas de usurpaci\u00f3n y hostigamiento hacia su localidad por parte de las fuerzas israel\u00edes y sus colonos sionistas. Permite acceder a una realidad que desconocemos o, en algunos casos, actualizar la informaci\u00f3n. Por lo tanto, presenta un gran peso pol\u00edtico y cultural. Coloca al p\u00fablico en un proceso activo de conocimiento y reflexi\u00f3n frente a la dura realidad del r\u00e9gimen militar y del colonialismo.<\/p>\n<p class=\"\" data-start=\"1208\" data-end=\"1295\">Esta actividad est\u00e1 destinada a estudiantes, docentes y nodocentes de ambas facultades.<\/p>\n<p class=\"\" data-start=\"1297\" data-end=\"2088\">Organizan las asignaturas <em data-start=\"1323\" data-end=\"1397\">\u201cNiveles de Acompa\u00f1amiento Terap\u00e9utico \u2013 Grupal, Familiar y Comunitario\u201d<\/em> (TUAT) e <em data-start=\"1407\" data-end=\"1457\">\u201cIntervenci\u00f3n de Trabajo Social con Comunidades\u201d<\/em> (LTS), el PROICO 15-1023 <em data-start=\"1483\" data-end=\"1659\">\u201cPr\u00e1cticas Profesionales desde el enfoque de derechos. Estrategias de promoci\u00f3n y\/o exigibilidad de derechos en organizaciones del campo de la discapacidad de Villa Mercedes\u201d<\/em> (San Luis), el Sindicato de Docentes Investigadores Universitarios (SIDIU) y el Comit\u00e9 de Solidaridad con Palestina \u2013 Provincia de San Luis; organizaci\u00f3n que promueve la difusi\u00f3n de la vida pol\u00edtica y sociocultural del pueblo palestino, procurando eliminar prejuicios orientalistas y perspectivas euroc\u00e9ntricas, poniendo el foco en los derechos vulnerados y en la importancia de las voces disidentes a los discursos hegem\u00f3nicos.<\/p>\n<p data-start=\"1297\" data-end=\"2088\"><img fetchpriority=\"high\" decoding=\"async\" class=\"aligncenter size-large wp-image-19989\" src=\"https:\/\/www.fcejs.unsl.edu.ar\/wp-content\/uploads\/2025\/04\/FLYER-CINEDEBATE-819x1024.jpg\" alt=\"\" width=\"819\" height=\"1024\" srcset=\"https:\/\/www.fcejs.unsl.edu.ar\/wp-content\/uploads\/2025\/04\/FLYER-CINEDEBATE-819x1024.jpg 819w, https:\/\/www.fcejs.unsl.edu.ar\/wp-content\/uploads\/2025\/04\/FLYER-CINEDEBATE-240x300.jpg 240w, https:\/\/www.fcejs.unsl.edu.ar\/wp-content\/uploads\/2025\/04\/FLYER-CINEDEBATE-768x960.jpg 768w, https:\/\/www.fcejs.unsl.edu.ar\/wp-content\/uploads\/2025\/04\/FLYER-CINEDEBATE.jpg 1080w\" sizes=\"(max-width: 819px) 100vw, 819px\" \/><\/p>\n","protected":false},"excerpt":{"rendered":"<p>La Secretar\u00eda de Extensi\u00f3n Universitaria invita a toda la comunidad al cine-debate del documental \u201cNo hay otra tierra\u201d (No Other Land), que se proyectar\u00e1 el&hellip;<\/p>\n","protected":false},"author":9,"featured_media":19988,"comment_status":"closed","ping_status":"closed","sticky":false,"template":"","format":"standard","meta":{"om_disable_all_campaigns":false,"_monsterinsights_skip_tracking":false,"_monsterinsights_sitenote_active":false,"_monsterinsights_sitenote_note":"","_monsterinsights_sitenote_category":0,"footnotes":""},"categories":[1],"tags":[],"class_list":["post-19987","post","type-post","status-publish","format-standard","has-post-thumbnail","hentry","category-noticias"],"yoast_head":"<!-- This site is optimized with the Yoast SEO plugin v27.4 - https:\/\/yoast.com\/product\/yoast-seo-wordpress\/ -->\n<title>\u201cNo hay otra tierra\u201d: cine y debate sobre el conflicto palestino. - Facultad de Ciencias Econ\u00f3micas, Jur\u00ed\u00addicas y Sociales<\/title>\n<meta name=\"robots\" content=\"index, follow, max-snippet:-1, max-image-preview:large, max-video-preview:-1\" \/>\n<link rel=\"canonical\" href=\"https:\/\/www.fcejs.unsl.edu.ar\/index.php\/no-hay-otras-tierras-cine-y-debate-sobre-el-conflicto-palestino\/\" \/>\n<meta property=\"og:locale\" content=\"es_ES\" \/>\n<meta property=\"og:type\" content=\"article\" \/>\n<meta property=\"og:title\" content=\"\u201cNo hay otra tierra\u201d: cine y debate sobre el conflicto palestino. - Facultad de Ciencias Econ\u00f3micas, Jur\u00ed\u00addicas y Sociales\" \/>\n<meta property=\"og:description\" content=\"La Secretar\u00eda de Extensi\u00f3n Universitaria invita a toda la comunidad al cine-debate del documental \u201cNo hay otra tierra\u201d (No Other Land), que se proyectar\u00e1 el&hellip;\" \/>\n<meta property=\"og:url\" content=\"https:\/\/www.fcejs.unsl.edu.ar\/index.php\/no-hay-otras-tierras-cine-y-debate-sobre-el-conflicto-palestino\/\" \/>\n<meta property=\"og:site_name\" content=\"Facultad de Ciencias Econ\u00f3micas, Jur\u00ed\u00addicas y Sociales\" \/>\n<meta property=\"article:publisher\" content=\"https:\/\/www.facebook.com\/FCEJS.UNSL\/\" \/>\n<meta property=\"article:published_time\" content=\"2025-04-08T14:35:27+00:00\" \/>\n<meta property=\"article:modified_time\" content=\"2025-04-23T09:53:28+00:00\" \/>\n<meta property=\"og:image\" content=\"https:\/\/www.fcejs.unsl.edu.ar\/wp-content\/uploads\/2025\/04\/PLACA-WEBcinedebate.jpg\" \/>\n\t<meta property=\"og:image:width\" content=\"1152\" \/>\n\t<meta property=\"og:image:height\" content=\"648\" \/>\n\t<meta property=\"og:image:type\" content=\"image\/jpeg\" \/>\n<meta name=\"author\" content=\"DATI\" \/>\n<meta name=\"twitter:card\" content=\"summary_large_image\" \/>\n<meta name=\"twitter:creator\" content=\"@FCEJSUNSL\" \/>\n<meta name=\"twitter:site\" content=\"@FCEJSUNSL\" \/>\n<meta name=\"twitter:label1\" content=\"Escrito por\" \/>\n\t<meta name=\"twitter:data1\" content=\"DATI\" \/>\n\t<meta name=\"twitter:label2\" content=\"Tiempo de lectura\" \/>\n\t<meta name=\"twitter:data2\" content=\"2 minutos\" \/>\n<script type=\"application\/ld+json\" class=\"yoast-schema-graph\">{\"@context\":\"https:\\\/\\\/schema.org\",\"@graph\":[{\"@type\":\"Article\",\"@id\":\"https:\\\/\\\/www.fcejs.unsl.edu.ar\\\/index.php\\\/no-hay-otras-tierras-cine-y-debate-sobre-el-conflicto-palestino\\\/#article\",\"isPartOf\":{\"@id\":\"https:\\\/\\\/www.fcejs.unsl.edu.ar\\\/index.php\\\/no-hay-otras-tierras-cine-y-debate-sobre-el-conflicto-palestino\\\/\"},\"author\":{\"name\":\"DATI\",\"@id\":\"https:\\\/\\\/www.fcejs.unsl.edu.ar\\\/#\\\/schema\\\/person\\\/352ee6ed90c3f394c7cb5945f8956d34\"},\"headline\":\"\u201cNo hay otra tierra\u201d: cine y debate sobre el conflicto palestino.\",\"datePublished\":\"2025-04-08T14:35:27+00:00\",\"dateModified\":\"2025-04-23T09:53:28+00:00\",\"mainEntityOfPage\":{\"@id\":\"https:\\\/\\\/www.fcejs.unsl.edu.ar\\\/index.php\\\/no-hay-otras-tierras-cine-y-debate-sobre-el-conflicto-palestino\\\/\"},\"wordCount\":339,\"publisher\":{\"@id\":\"https:\\\/\\\/www.fcejs.unsl.edu.ar\\\/#organization\"},\"image\":{\"@id\":\"https:\\\/\\\/www.fcejs.unsl.edu.ar\\\/index.php\\\/no-hay-otras-tierras-cine-y-debate-sobre-el-conflicto-palestino\\\/#primaryimage\"},\"thumbnailUrl\":\"https:\\\/\\\/www.fcejs.unsl.edu.ar\\\/wp-content\\\/uploads\\\/2025\\\/04\\\/PLACA-WEBcinedebate.jpg\",\"articleSection\":[\"Noticias\"],\"inLanguage\":\"es-AR\"},{\"@type\":\"WebPage\",\"@id\":\"https:\\\/\\\/www.fcejs.unsl.edu.ar\\\/index.php\\\/no-hay-otras-tierras-cine-y-debate-sobre-el-conflicto-palestino\\\/\",\"url\":\"https:\\\/\\\/www.fcejs.unsl.edu.ar\\\/index.php\\\/no-hay-otras-tierras-cine-y-debate-sobre-el-conflicto-palestino\\\/\",\"name\":\"\u201cNo hay otra tierra\u201d: cine y debate sobre el conflicto palestino. - Facultad de Ciencias Econ\u00f3micas, Jur\u00ed\u00addicas y Sociales\",\"isPartOf\":{\"@id\":\"https:\\\/\\\/www.fcejs.unsl.edu.ar\\\/#website\"},\"primaryImageOfPage\":{\"@id\":\"https:\\\/\\\/www.fcejs.unsl.edu.ar\\\/index.php\\\/no-hay-otras-tierras-cine-y-debate-sobre-el-conflicto-palestino\\\/#primaryimage\"},\"image\":{\"@id\":\"https:\\\/\\\/www.fcejs.unsl.edu.ar\\\/index.php\\\/no-hay-otras-tierras-cine-y-debate-sobre-el-conflicto-palestino\\\/#primaryimage\"},\"thumbnailUrl\":\"https:\\\/\\\/www.fcejs.unsl.edu.ar\\\/wp-content\\\/uploads\\\/2025\\\/04\\\/PLACA-WEBcinedebate.jpg\",\"datePublished\":\"2025-04-08T14:35:27+00:00\",\"dateModified\":\"2025-04-23T09:53:28+00:00\",\"breadcrumb\":{\"@id\":\"https:\\\/\\\/www.fcejs.unsl.edu.ar\\\/index.php\\\/no-hay-otras-tierras-cine-y-debate-sobre-el-conflicto-palestino\\\/#breadcrumb\"},\"inLanguage\":\"es-AR\",\"potentialAction\":[{\"@type\":\"ReadAction\",\"target\":[\"https:\\\/\\\/www.fcejs.unsl.edu.ar\\\/index.php\\\/no-hay-otras-tierras-cine-y-debate-sobre-el-conflicto-palestino\\\/\"]}]},{\"@type\":\"ImageObject\",\"inLanguage\":\"es-AR\",\"@id\":\"https:\\\/\\\/www.fcejs.unsl.edu.ar\\\/index.php\\\/no-hay-otras-tierras-cine-y-debate-sobre-el-conflicto-palestino\\\/#primaryimage\",\"url\":\"https:\\\/\\\/www.fcejs.unsl.edu.ar\\\/wp-content\\\/uploads\\\/2025\\\/04\\\/PLACA-WEBcinedebate.jpg\",\"contentUrl\":\"https:\\\/\\\/www.fcejs.unsl.edu.ar\\\/wp-content\\\/uploads\\\/2025\\\/04\\\/PLACA-WEBcinedebate.jpg\",\"width\":1152,\"height\":648},{\"@type\":\"BreadcrumbList\",\"@id\":\"https:\\\/\\\/www.fcejs.unsl.edu.ar\\\/index.php\\\/no-hay-otras-tierras-cine-y-debate-sobre-el-conflicto-palestino\\\/#breadcrumb\",\"itemListElement\":[{\"@type\":\"ListItem\",\"position\":1,\"name\":\"Inicio\",\"item\":\"https:\\\/\\\/www.fcejs.unsl.edu.ar\\\/\"},{\"@type\":\"ListItem\",\"position\":2,\"name\":\"\u201cNo hay otra tierra\u201d: cine y debate sobre el conflicto palestino.\"}]},{\"@type\":\"WebSite\",\"@id\":\"https:\\\/\\\/www.fcejs.unsl.edu.ar\\\/#website\",\"url\":\"https:\\\/\\\/www.fcejs.unsl.edu.ar\\\/\",\"name\":\"Facultad de Ciencias Econ\u00f3micas, Jur\u00ed\u00addicas y Sociales\",\"description\":\"\",\"publisher\":{\"@id\":\"https:\\\/\\\/www.fcejs.unsl.edu.ar\\\/#organization\"},\"potentialAction\":[{\"@type\":\"SearchAction\",\"target\":{\"@type\":\"EntryPoint\",\"urlTemplate\":\"https:\\\/\\\/www.fcejs.unsl.edu.ar\\\/?s={search_term_string}\"},\"query-input\":{\"@type\":\"PropertyValueSpecification\",\"valueRequired\":true,\"valueName\":\"search_term_string\"}}],\"inLanguage\":\"es-AR\"},{\"@type\":\"Organization\",\"@id\":\"https:\\\/\\\/www.fcejs.unsl.edu.ar\\\/#organization\",\"name\":\"Facultad de Ciencias Econ\u00f3micas, Jur\u00eddicas y Sociales\",\"url\":\"https:\\\/\\\/www.fcejs.unsl.edu.ar\\\/\",\"logo\":{\"@type\":\"ImageObject\",\"inLanguage\":\"es-AR\",\"@id\":\"https:\\\/\\\/www.fcejs.unsl.edu.ar\\\/#\\\/schema\\\/logo\\\/image\\\/\",\"url\":\"https:\\\/\\\/www.fcejs.unsl.edu.ar\\\/wp-content\\\/uploads\\\/2021\\\/03\\\/logo-1.jpg\",\"contentUrl\":\"https:\\\/\\\/www.fcejs.unsl.edu.ar\\\/wp-content\\\/uploads\\\/2021\\\/03\\\/logo-1.jpg\",\"width\":471,\"height\":146,\"caption\":\"Facultad de Ciencias Econ\u00f3micas, Jur\u00eddicas y Sociales\"},\"image\":{\"@id\":\"https:\\\/\\\/www.fcejs.unsl.edu.ar\\\/#\\\/schema\\\/logo\\\/image\\\/\"},\"sameAs\":[\"https:\\\/\\\/www.facebook.com\\\/FCEJS.UNSL\\\/\",\"https:\\\/\\\/x.com\\\/FCEJSUNSL\",\"https:\\\/\\\/www.instagram.com\\\/fcejs.unsl\\\/\",\"https:\\\/\\\/www.youtube.com\\\/channel\\\/UCH-Ut6EaN_X5ogjIQMPe46g\\\/\"]},{\"@type\":\"Person\",\"@id\":\"https:\\\/\\\/www.fcejs.unsl.edu.ar\\\/#\\\/schema\\\/person\\\/352ee6ed90c3f394c7cb5945f8956d34\",\"name\":\"DATI\"}]}<\/script>\n<!-- \/ Yoast SEO plugin. -->","yoast_head_json":{"title":"\u201cNo hay otra tierra\u201d: cine y debate sobre el conflicto palestino. - Facultad de Ciencias Econ\u00f3micas, Jur\u00ed\u00addicas y Sociales","robots":{"index":"index","follow":"follow","max-snippet":"max-snippet:-1","max-image-preview":"max-image-preview:large","max-video-preview":"max-video-preview:-1"},"canonical":"https:\/\/www.fcejs.unsl.edu.ar\/index.php\/no-hay-otras-tierras-cine-y-debate-sobre-el-conflicto-palestino\/","og_locale":"es_ES","og_type":"article","og_title":"\u201cNo hay otra tierra\u201d: cine y debate sobre el conflicto palestino. - Facultad de Ciencias Econ\u00f3micas, Jur\u00ed\u00addicas y Sociales","og_description":"La Secretar\u00eda de Extensi\u00f3n Universitaria invita a toda la comunidad al cine-debate del documental \u201cNo hay otra tierra\u201d (No Other Land), que se proyectar\u00e1 el&hellip;","og_url":"https:\/\/www.fcejs.unsl.edu.ar\/index.php\/no-hay-otras-tierras-cine-y-debate-sobre-el-conflicto-palestino\/","og_site_name":"Facultad de Ciencias Econ\u00f3micas, Jur\u00ed\u00addicas y Sociales","article_publisher":"https:\/\/www.facebook.com\/FCEJS.UNSL\/","article_published_time":"2025-04-08T14:35:27+00:00","article_modified_time":"2025-04-23T09:53:28+00:00","og_image":[{"width":1152,"height":648,"url":"https:\/\/www.fcejs.unsl.edu.ar\/wp-content\/uploads\/2025\/04\/PLACA-WEBcinedebate.jpg","type":"image\/jpeg"}],"author":"DATI","twitter_card":"summary_large_image","twitter_creator":"@FCEJSUNSL","twitter_site":"@FCEJSUNSL","twitter_misc":{"Escrito por":"DATI","Tiempo de lectura":"2 minutos"},"schema":{"@context":"https:\/\/schema.org","@graph":[{"@type":"Article","@id":"https:\/\/www.fcejs.unsl.edu.ar\/index.php\/no-hay-otras-tierras-cine-y-debate-sobre-el-conflicto-palestino\/#article","isPartOf":{"@id":"https:\/\/www.fcejs.unsl.edu.ar\/index.php\/no-hay-otras-tierras-cine-y-debate-sobre-el-conflicto-palestino\/"},"author":{"name":"DATI","@id":"https:\/\/www.fcejs.unsl.edu.ar\/#\/schema\/person\/352ee6ed90c3f394c7cb5945f8956d34"},"headline":"\u201cNo hay otra tierra\u201d: cine y debate sobre el conflicto palestino.","datePublished":"2025-04-08T14:35:27+00:00","dateModified":"2025-04-23T09:53:28+00:00","mainEntityOfPage":{"@id":"https:\/\/www.fcejs.unsl.edu.ar\/index.php\/no-hay-otras-tierras-cine-y-debate-sobre-el-conflicto-palestino\/"},"wordCount":339,"publisher":{"@id":"https:\/\/www.fcejs.unsl.edu.ar\/#organization"},"image":{"@id":"https:\/\/www.fcejs.unsl.edu.ar\/index.php\/no-hay-otras-tierras-cine-y-debate-sobre-el-conflicto-palestino\/#primaryimage"},"thumbnailUrl":"https:\/\/www.fcejs.unsl.edu.ar\/wp-content\/uploads\/2025\/04\/PLACA-WEBcinedebate.jpg","articleSection":["Noticias"],"inLanguage":"es-AR"},{"@type":"WebPage","@id":"https:\/\/www.fcejs.unsl.edu.ar\/index.php\/no-hay-otras-tierras-cine-y-debate-sobre-el-conflicto-palestino\/","url":"https:\/\/www.fcejs.unsl.edu.ar\/index.php\/no-hay-otras-tierras-cine-y-debate-sobre-el-conflicto-palestino\/","name":"\u201cNo hay otra tierra\u201d: cine y debate sobre el conflicto palestino. - Facultad de Ciencias Econ\u00f3micas, Jur\u00ed\u00addicas y Sociales","isPartOf":{"@id":"https:\/\/www.fcejs.unsl.edu.ar\/#website"},"primaryImageOfPage":{"@id":"https:\/\/www.fcejs.unsl.edu.ar\/index.php\/no-hay-otras-tierras-cine-y-debate-sobre-el-conflicto-palestino\/#primaryimage"},"image":{"@id":"https:\/\/www.fcejs.unsl.edu.ar\/index.php\/no-hay-otras-tierras-cine-y-debate-sobre-el-conflicto-palestino\/#primaryimage"},"thumbnailUrl":"https:\/\/www.fcejs.unsl.edu.ar\/wp-content\/uploads\/2025\/04\/PLACA-WEBcinedebate.jpg","datePublished":"2025-04-08T14:35:27+00:00","dateModified":"2025-04-23T09:53:28+00:00","breadcrumb":{"@id":"https:\/\/www.fcejs.unsl.edu.ar\/index.php\/no-hay-otras-tierras-cine-y-debate-sobre-el-conflicto-palestino\/#breadcrumb"},"inLanguage":"es-AR","potentialAction":[{"@type":"ReadAction","target":["https:\/\/www.fcejs.unsl.edu.ar\/index.php\/no-hay-otras-tierras-cine-y-debate-sobre-el-conflicto-palestino\/"]}]},{"@type":"ImageObject","inLanguage":"es-AR","@id":"https:\/\/www.fcejs.unsl.edu.ar\/index.php\/no-hay-otras-tierras-cine-y-debate-sobre-el-conflicto-palestino\/#primaryimage","url":"https:\/\/www.fcejs.unsl.edu.ar\/wp-content\/uploads\/2025\/04\/PLACA-WEBcinedebate.jpg","contentUrl":"https:\/\/www.fcejs.unsl.edu.ar\/wp-content\/uploads\/2025\/04\/PLACA-WEBcinedebate.jpg","width":1152,"height":648},{"@type":"BreadcrumbList","@id":"https:\/\/www.fcejs.unsl.edu.ar\/index.php\/no-hay-otras-tierras-cine-y-debate-sobre-el-conflicto-palestino\/#breadcrumb","itemListElement":[{"@type":"ListItem","position":1,"name":"Inicio","item":"https:\/\/www.fcejs.unsl.edu.ar\/"},{"@type":"ListItem","position":2,"name":"\u201cNo hay otra tierra\u201d: cine y debate sobre el conflicto palestino."}]},{"@type":"WebSite","@id":"https:\/\/www.fcejs.unsl.edu.ar\/#website","url":"https:\/\/www.fcejs.unsl.edu.ar\/","name":"Facultad de Ciencias Econ\u00f3micas, Jur\u00ed\u00addicas y Sociales","description":"","publisher":{"@id":"https:\/\/www.fcejs.unsl.edu.ar\/#organization"},"potentialAction":[{"@type":"SearchAction","target":{"@type":"EntryPoint","urlTemplate":"https:\/\/www.fcejs.unsl.edu.ar\/?s={search_term_string}"},"query-input":{"@type":"PropertyValueSpecification","valueRequired":true,"valueName":"search_term_string"}}],"inLanguage":"es-AR"},{"@type":"Organization","@id":"https:\/\/www.fcejs.unsl.edu.ar\/#organization","name":"Facultad de Ciencias Econ\u00f3micas, Jur\u00eddicas y Sociales","url":"https:\/\/www.fcejs.unsl.edu.ar\/","logo":{"@type":"ImageObject","inLanguage":"es-AR","@id":"https:\/\/www.fcejs.unsl.edu.ar\/#\/schema\/logo\/image\/","url":"https:\/\/www.fcejs.unsl.edu.ar\/wp-content\/uploads\/2021\/03\/logo-1.jpg","contentUrl":"https:\/\/www.fcejs.unsl.edu.ar\/wp-content\/uploads\/2021\/03\/logo-1.jpg","width":471,"height":146,"caption":"Facultad de Ciencias Econ\u00f3micas, Jur\u00eddicas y Sociales"},"image":{"@id":"https:\/\/www.fcejs.unsl.edu.ar\/#\/schema\/logo\/image\/"},"sameAs":["https:\/\/www.facebook.com\/FCEJS.UNSL\/","https:\/\/x.com\/FCEJSUNSL","https:\/\/www.instagram.com\/fcejs.unsl\/","https:\/\/www.youtube.com\/channel\/UCH-Ut6EaN_X5ogjIQMPe46g\/"]},{"@type":"Person","@id":"https:\/\/www.fcejs.unsl.edu.ar\/#\/schema\/person\/352ee6ed90c3f394c7cb5945f8956d34","name":"DATI"}]}},"jetpack_featured_media_url":"https:\/\/www.fcejs.unsl.edu.ar\/wp-content\/uploads\/2025\/04\/PLACA-WEBcinedebate.jpg","_links":{"self":[{"href":"https:\/\/www.fcejs.unsl.edu.ar\/index.php\/wp-json\/wp\/v2\/posts\/19987","targetHints":{"allow":["GET"]}}],"collection":[{"href":"https:\/\/www.fcejs.unsl.edu.ar\/index.php\/wp-json\/wp\/v2\/posts"}],"about":[{"href":"https:\/\/www.fcejs.unsl.edu.ar\/index.php\/wp-json\/wp\/v2\/types\/post"}],"author":[{"embeddable":true,"href":"https:\/\/www.fcejs.unsl.edu.ar\/index.php\/wp-json\/wp\/v2\/users\/9"}],"replies":[{"embeddable":true,"href":"https:\/\/www.fcejs.unsl.edu.ar\/index.php\/wp-json\/wp\/v2\/comments?post=19987"}],"version-history":[{"count":6,"href":"https:\/\/www.fcejs.unsl.edu.ar\/index.php\/wp-json\/wp\/v2\/posts\/19987\/revisions"}],"predecessor-version":[{"id":20019,"href":"https:\/\/www.fcejs.unsl.edu.ar\/index.php\/wp-json\/wp\/v2\/posts\/19987\/revisions\/20019"}],"wp:featuredmedia":[{"embeddable":true,"href":"https:\/\/www.fcejs.unsl.edu.ar\/index.php\/wp-json\/wp\/v2\/media\/19988"}],"wp:attachment":[{"href":"https:\/\/www.fcejs.unsl.edu.ar\/index.php\/wp-json\/wp\/v2\/media?parent=19987"}],"wp:term":[{"taxonomy":"category","embeddable":true,"href":"https:\/\/www.fcejs.unsl.edu.ar\/index.php\/wp-json\/wp\/v2\/categories?post=19987"},{"taxonomy":"post_tag","embeddable":true,"href":"https:\/\/www.fcejs.unsl.edu.ar\/index.php\/wp-json\/wp\/v2\/tags?post=19987"}],"curies":[{"name":"wp","href":"https:\/\/api.w.org\/{rel}","templated":true}]}}