{"id":19984,"date":"2025-04-14T10:05:57","date_gmt":"2025-04-14T13:05:57","guid":{"rendered":"http:\/\/10.101.10.197\/www\/?p=19984"},"modified":"2025-04-21T16:10:36","modified_gmt":"2025-04-21T19:10:36","slug":"ingreso-2025-la-preinscripcion-on-line-e-inscripcion-se-extendieron-hasta-el-15-de-abril","status":"publish","type":"post","link":"https:\/\/www.fcejs.unsl.edu.ar\/index.php\/ingreso-2025-la-preinscripcion-on-line-e-inscripcion-se-extendieron-hasta-el-15-de-abril\/","title":{"rendered":"INGRESO 2025: la Preinscripci\u00f3n On- line\u00a0e Inscripci\u00f3n se extendieron hasta el 15 de abril"},"content":{"rendered":"<p>La Secretar\u00eda Acad\u00e9mica informa a todos los ingresantes, que la instancia de\u00a0<strong>Preinscripci\u00f3n On- line<\/strong>\u00a0e <strong>Inscripci\u00f3n<\/strong> ha sido\u00a0<strong>prorrogada<\/strong>\u00a0hasta el\u00a0<strong>martes 15 de abril de 2025 <\/strong>para <strong>todas las carreras de la FCEJS.<\/strong><\/p>\n<p><strong>\u00bfC\u00f3mo me PRE-INSCRIBO?<\/strong><\/p>\n<p>Quienes deseen ser parte de la UNSL deber\u00e1n seguir unos simples pasos: en primer lugar elegir una carrera, luego realizar la preinscripci\u00f3n online y finalmente, presentar la documentaci\u00f3n (en las fechas informadas oportunamente por cada Facultad).<\/p>\n<p>Para ello, deber\u00e1n ingresar a la\u00a0<a href=\"https:\/\/carreras.unsl.edu.ar\/pages\/preinscripcion\">p\u00e1gina de carreras de la UNSL<\/a><a href=\"https:\/\/carreras.unsl.edu.ar\/pages\/preinscripcion\">.<\/a>\u00a0All\u00ed, tendr\u00e1n que seleccionar la Facultad en la que iniciar\u00e1n su vida universitaria. Como pr\u00f3ximo paso ser\u00e1 necesario que creen un usuario. Para ello, es necesario que coloquen un email y una contrase\u00f1a sencilla, ya que solo les servir\u00e1 para completar este proceso. Al finalizar, les llegar\u00e1 un email de confirmaci\u00f3n al correo electr\u00f3nico.<\/p>\n<p>Luego, deber\u00e1n llenar el formulario de preinscripci\u00f3n con todos los datos solicitados. En la ficha tendr\u00e1n que completar los datos requeridos y subir los requisitos solicitados<\/p>\n<ul>\n<li><strong>DNI <\/strong>en PDF o imagen;<\/li>\n<li><strong>Certificado de finalizaci\u00f3n de estudios secundarios<\/strong> o que adeudan tres (3) materias como m\u00e1ximo. En el caso de los Ciclo de Complementaci\u00f3n Curricular, presentar el comprobante de finalizaci\u00f3n de estudios <strong>terciarios<\/strong>;<\/li>\n<li><strong>Foto 4\u00d74<\/strong><\/li>\n<\/ul>\n<p>Una vez finalizado el formulario, se les descargar\u00e1 una declaraci\u00f3n jurada, que deber\u00e1n firmar y llevar al momento de presentar la documentaci\u00f3n en la Oficina de Alumnos.<\/p>\n<p><strong>\u00bfC\u00f3mo me INSRIBO?<\/strong><\/p>\n<p>En la oficina de Alumnos se debe presentar:<\/p>\n<ul>\n<li><strong>Formulario de preinscripci\u00f3n online<\/strong>,\u00a0completo e impreso.<\/li>\n<li><strong>Fotocopia color del documento de identidad<\/strong>, con el \u00faltimo domicilio vigente.<\/li>\n<li><strong>Comprobante de finalizaci\u00f3n de estudios secundarios<\/strong>. Si fuese necesario indicar materias adeudadas (no m\u00e1s de tres (3)). En el caso de los Ciclo de Complementaci\u00f3n Curricular, presentar el comprobante de finalizaci\u00f3n de estudios terciarios.<\/li>\n<li><strong>Dos (2) fotos 4 x 4.<\/strong><\/li>\n<li><strong>Certificado de salud<\/strong>.<\/li>\n<\/ul>\n<p><strong>\u00bfQu\u00e9 debo saber sobre el certificado de salud?<\/strong><\/p>\n<p>El mismo es emitido por el Centro de Salud Estudiantil (Jun\u00edn 269- Villa Mercedes).<\/p>\n<p>Para que el certificado pueda ser emitido, deber\u00e1n presentarse los siguientes estudios m\u00e9dicos:<\/p>\n<ul>\n<li><strong>Hemograma completo<\/strong><\/li>\n<li><strong>Glucemia<\/strong><\/li>\n<li><strong>Colesterol total<\/strong><\/li>\n<li><strong>VDRL<\/strong><\/li>\n<li><strong>VSG (eritrosedimentaci\u00f3n)<\/strong><\/li>\n<li><strong>Chagas<\/strong><\/li>\n<li><strong>Grupo y factor sangu\u00edneo<\/strong><\/li>\n<li><strong>Orina completa.<\/strong><\/li>\n<\/ul>\n<p>Para cualquier duda pueden dirigirse:<\/p>\n<ul>\n<li>En Villa Mercedes al Departamento de Alumnos de FCEJS. Hall de entrada del Campus Universitario (Ruta Prov. N\u00ba 55 -Ex. 148- Extremo Norte)<\/li>\n<li>En San Luis a la Mesa Informativa de Rectorado (ubicada en la planta baja).<\/li>\n<\/ul>\n<p>V\u00edas de contacto y redes sociales:<\/p>\n<ul>\n<li>Facultad de Ciencias Econ\u00f3micas, Jur\u00eddicas y Sociales:\u00a0<a href=\"https:\/\/www.fcejs.unsl.edu.ar\/index.php\/carreras\/\">p\u00e1gina web<\/a>\/\u00a0<a href=\"https:\/\/www.instagram.com\/fcejs.unsl\/\">instagram<\/a>\/\u00a0<a href=\"https:\/\/www.facebook.com\/FCEJS.UNSL\/\">facebook<\/a>\/ tel\u00e9fono: (2657) 531000, interno: 7258.<\/li>\n<li><a href=\"mailto:laygd.unsl@gmail.com\">secretariaacademicafcejs@gmail.com<\/a><\/li>\n<\/ul>\n<p>&nbsp;<\/p>\n<p>&nbsp;<\/p>\n","protected":false},"excerpt":{"rendered":"<p>La Secretar\u00eda Acad\u00e9mica informa a todos los ingresantes, que la instancia de\u00a0Preinscripci\u00f3n On- line\u00a0e Inscripci\u00f3n ha sido\u00a0prorrogada\u00a0hasta el\u00a0martes 15 de abril de 2025 para todas&hellip;<\/p>\n","protected":false},"author":9,"featured_media":18013,"comment_status":"closed","ping_status":"closed","sticky":false,"template":"","format":"standard","meta":{"om_disable_all_campaigns":false,"_monsterinsights_skip_tracking":false,"_monsterinsights_sitenote_active":false,"_monsterinsights_sitenote_note":"","_monsterinsights_sitenote_category":0,"footnotes":""},"categories":[1],"tags":[],"class_list":["post-19984","post","type-post","status-publish","format-standard","has-post-thumbnail","hentry","category-noticias"],"yoast_head":"<!-- This site is optimized with the Yoast SEO plugin v27.4 - https:\/\/yoast.com\/product\/yoast-seo-wordpress\/ -->\n<title>INGRESO 2025: la Preinscripci\u00f3n On- line\u00a0e Inscripci\u00f3n se extendieron hasta el 15 de abril - Facultad de Ciencias Econ\u00f3micas, Jur\u00ed\u00addicas y Sociales<\/title>\n<meta name=\"robots\" content=\"index, follow, max-snippet:-1, max-image-preview:large, max-video-preview:-1\" \/>\n<link rel=\"canonical\" href=\"https:\/\/www.fcejs.unsl.edu.ar\/index.php\/ingreso-2025-la-preinscripcion-on-line-e-inscripcion-se-extendieron-hasta-el-15-de-abril\/\" \/>\n<meta property=\"og:locale\" content=\"es_ES\" \/>\n<meta property=\"og:type\" content=\"article\" \/>\n<meta property=\"og:title\" content=\"INGRESO 2025: la Preinscripci\u00f3n On- line\u00a0e Inscripci\u00f3n se extendieron hasta el 15 de abril - Facultad de Ciencias Econ\u00f3micas, Jur\u00ed\u00addicas y Sociales\" \/>\n<meta property=\"og:description\" content=\"La Secretar\u00eda Acad\u00e9mica informa a todos los ingresantes, que la instancia de\u00a0Preinscripci\u00f3n On- line\u00a0e Inscripci\u00f3n ha sido\u00a0prorrogada\u00a0hasta el\u00a0martes 15 de abril de 2025 para todas&hellip;\" \/>\n<meta property=\"og:url\" content=\"https:\/\/www.fcejs.unsl.edu.ar\/index.php\/ingreso-2025-la-preinscripcion-on-line-e-inscripcion-se-extendieron-hasta-el-15-de-abril\/\" \/>\n<meta property=\"og:site_name\" content=\"Facultad de Ciencias Econ\u00f3micas, Jur\u00ed\u00addicas y Sociales\" \/>\n<meta property=\"article:publisher\" content=\"https:\/\/www.facebook.com\/FCEJS.UNSL\/\" \/>\n<meta property=\"article:published_time\" content=\"2025-04-14T13:05:57+00:00\" \/>\n<meta property=\"article:modified_time\" content=\"2025-04-21T19:10:36+00:00\" \/>\n<meta property=\"og:image\" content=\"https:\/\/www.fcejs.unsl.edu.ar\/wp-content\/uploads\/2024\/09\/PLACA-WEbINGRESO-2025.jpg\" \/>\n\t<meta property=\"og:image:width\" content=\"1152\" \/>\n\t<meta property=\"og:image:height\" content=\"648\" \/>\n\t<meta property=\"og:image:type\" content=\"image\/jpeg\" \/>\n<meta name=\"author\" content=\"DATI\" \/>\n<meta name=\"twitter:card\" content=\"summary_large_image\" \/>\n<meta name=\"twitter:creator\" content=\"@FCEJSUNSL\" \/>\n<meta name=\"twitter:site\" content=\"@FCEJSUNSL\" \/>\n<meta name=\"twitter:label1\" content=\"Escrito por\" \/>\n\t<meta name=\"twitter:data1\" content=\"DATI\" \/>\n\t<meta name=\"twitter:label2\" content=\"Tiempo de lectura\" \/>\n\t<meta name=\"twitter:data2\" content=\"3 minutos\" \/>\n<script type=\"application\/ld+json\" class=\"yoast-schema-graph\">{\"@context\":\"https:\\\/\\\/schema.org\",\"@graph\":[{\"@type\":\"Article\",\"@id\":\"https:\\\/\\\/www.fcejs.unsl.edu.ar\\\/index.php\\\/ingreso-2025-la-preinscripcion-on-line-e-inscripcion-se-extendieron-hasta-el-15-de-abril\\\/#article\",\"isPartOf\":{\"@id\":\"https:\\\/\\\/www.fcejs.unsl.edu.ar\\\/index.php\\\/ingreso-2025-la-preinscripcion-on-line-e-inscripcion-se-extendieron-hasta-el-15-de-abril\\\/\"},\"author\":{\"name\":\"DATI\",\"@id\":\"https:\\\/\\\/www.fcejs.unsl.edu.ar\\\/#\\\/schema\\\/person\\\/352ee6ed90c3f394c7cb5945f8956d34\"},\"headline\":\"INGRESO 2025: la Preinscripci\u00f3n On- line\u00a0e Inscripci\u00f3n se extendieron hasta el 15 de abril\",\"datePublished\":\"2025-04-14T13:05:57+00:00\",\"dateModified\":\"2025-04-21T19:10:36+00:00\",\"mainEntityOfPage\":{\"@id\":\"https:\\\/\\\/www.fcejs.unsl.edu.ar\\\/index.php\\\/ingreso-2025-la-preinscripcion-on-line-e-inscripcion-se-extendieron-hasta-el-15-de-abril\\\/\"},\"wordCount\":467,\"publisher\":{\"@id\":\"https:\\\/\\\/www.fcejs.unsl.edu.ar\\\/#organization\"},\"image\":{\"@id\":\"https:\\\/\\\/www.fcejs.unsl.edu.ar\\\/index.php\\\/ingreso-2025-la-preinscripcion-on-line-e-inscripcion-se-extendieron-hasta-el-15-de-abril\\\/#primaryimage\"},\"thumbnailUrl\":\"https:\\\/\\\/www.fcejs.unsl.edu.ar\\\/wp-content\\\/uploads\\\/2024\\\/09\\\/PLACA-WEbINGRESO-2025.jpg\",\"articleSection\":[\"Noticias\"],\"inLanguage\":\"es-AR\"},{\"@type\":\"WebPage\",\"@id\":\"https:\\\/\\\/www.fcejs.unsl.edu.ar\\\/index.php\\\/ingreso-2025-la-preinscripcion-on-line-e-inscripcion-se-extendieron-hasta-el-15-de-abril\\\/\",\"url\":\"https:\\\/\\\/www.fcejs.unsl.edu.ar\\\/index.php\\\/ingreso-2025-la-preinscripcion-on-line-e-inscripcion-se-extendieron-hasta-el-15-de-abril\\\/\",\"name\":\"INGRESO 2025: la Preinscripci\u00f3n On- line\u00a0e Inscripci\u00f3n se extendieron hasta el 15 de abril - Facultad de Ciencias Econ\u00f3micas, Jur\u00ed\u00addicas y Sociales\",\"isPartOf\":{\"@id\":\"https:\\\/\\\/www.fcejs.unsl.edu.ar\\\/#website\"},\"primaryImageOfPage\":{\"@id\":\"https:\\\/\\\/www.fcejs.unsl.edu.ar\\\/index.php\\\/ingreso-2025-la-preinscripcion-on-line-e-inscripcion-se-extendieron-hasta-el-15-de-abril\\\/#primaryimage\"},\"image\":{\"@id\":\"https:\\\/\\\/www.fcejs.unsl.edu.ar\\\/index.php\\\/ingreso-2025-la-preinscripcion-on-line-e-inscripcion-se-extendieron-hasta-el-15-de-abril\\\/#primaryimage\"},\"thumbnailUrl\":\"https:\\\/\\\/www.fcejs.unsl.edu.ar\\\/wp-content\\\/uploads\\\/2024\\\/09\\\/PLACA-WEbINGRESO-2025.jpg\",\"datePublished\":\"2025-04-14T13:05:57+00:00\",\"dateModified\":\"2025-04-21T19:10:36+00:00\",\"breadcrumb\":{\"@id\":\"https:\\\/\\\/www.fcejs.unsl.edu.ar\\\/index.php\\\/ingreso-2025-la-preinscripcion-on-line-e-inscripcion-se-extendieron-hasta-el-15-de-abril\\\/#breadcrumb\"},\"inLanguage\":\"es-AR\",\"potentialAction\":[{\"@type\":\"ReadAction\",\"target\":[\"https:\\\/\\\/www.fcejs.unsl.edu.ar\\\/index.php\\\/ingreso-2025-la-preinscripcion-on-line-e-inscripcion-se-extendieron-hasta-el-15-de-abril\\\/\"]}]},{\"@type\":\"ImageObject\",\"inLanguage\":\"es-AR\",\"@id\":\"https:\\\/\\\/www.fcejs.unsl.edu.ar\\\/index.php\\\/ingreso-2025-la-preinscripcion-on-line-e-inscripcion-se-extendieron-hasta-el-15-de-abril\\\/#primaryimage\",\"url\":\"https:\\\/\\\/www.fcejs.unsl.edu.ar\\\/wp-content\\\/uploads\\\/2024\\\/09\\\/PLACA-WEbINGRESO-2025.jpg\",\"contentUrl\":\"https:\\\/\\\/www.fcejs.unsl.edu.ar\\\/wp-content\\\/uploads\\\/2024\\\/09\\\/PLACA-WEbINGRESO-2025.jpg\",\"width\":1152,\"height\":648},{\"@type\":\"BreadcrumbList\",\"@id\":\"https:\\\/\\\/www.fcejs.unsl.edu.ar\\\/index.php\\\/ingreso-2025-la-preinscripcion-on-line-e-inscripcion-se-extendieron-hasta-el-15-de-abril\\\/#breadcrumb\",\"itemListElement\":[{\"@type\":\"ListItem\",\"position\":1,\"name\":\"Inicio\",\"item\":\"https:\\\/\\\/www.fcejs.unsl.edu.ar\\\/\"},{\"@type\":\"ListItem\",\"position\":2,\"name\":\"INGRESO 2025: la Preinscripci\u00f3n On- line\u00a0e Inscripci\u00f3n se extendieron hasta el 15 de abril\"}]},{\"@type\":\"WebSite\",\"@id\":\"https:\\\/\\\/www.fcejs.unsl.edu.ar\\\/#website\",\"url\":\"https:\\\/\\\/www.fcejs.unsl.edu.ar\\\/\",\"name\":\"Facultad de Ciencias Econ\u00f3micas, Jur\u00ed\u00addicas y Sociales\",\"description\":\"\",\"publisher\":{\"@id\":\"https:\\\/\\\/www.fcejs.unsl.edu.ar\\\/#organization\"},\"potentialAction\":[{\"@type\":\"SearchAction\",\"target\":{\"@type\":\"EntryPoint\",\"urlTemplate\":\"https:\\\/\\\/www.fcejs.unsl.edu.ar\\\/?s={search_term_string}\"},\"query-input\":{\"@type\":\"PropertyValueSpecification\",\"valueRequired\":true,\"valueName\":\"search_term_string\"}}],\"inLanguage\":\"es-AR\"},{\"@type\":\"Organization\",\"@id\":\"https:\\\/\\\/www.fcejs.unsl.edu.ar\\\/#organization\",\"name\":\"Facultad de Ciencias Econ\u00f3micas, Jur\u00eddicas y Sociales\",\"url\":\"https:\\\/\\\/www.fcejs.unsl.edu.ar\\\/\",\"logo\":{\"@type\":\"ImageObject\",\"inLanguage\":\"es-AR\",\"@id\":\"https:\\\/\\\/www.fcejs.unsl.edu.ar\\\/#\\\/schema\\\/logo\\\/image\\\/\",\"url\":\"https:\\\/\\\/www.fcejs.unsl.edu.ar\\\/wp-content\\\/uploads\\\/2021\\\/03\\\/logo-1.jpg\",\"contentUrl\":\"https:\\\/\\\/www.fcejs.unsl.edu.ar\\\/wp-content\\\/uploads\\\/2021\\\/03\\\/logo-1.jpg\",\"width\":471,\"height\":146,\"caption\":\"Facultad de Ciencias Econ\u00f3micas, Jur\u00eddicas y Sociales\"},\"image\":{\"@id\":\"https:\\\/\\\/www.fcejs.unsl.edu.ar\\\/#\\\/schema\\\/logo\\\/image\\\/\"},\"sameAs\":[\"https:\\\/\\\/www.facebook.com\\\/FCEJS.UNSL\\\/\",\"https:\\\/\\\/x.com\\\/FCEJSUNSL\",\"https:\\\/\\\/www.instagram.com\\\/fcejs.unsl\\\/\",\"https:\\\/\\\/www.youtube.com\\\/channel\\\/UCH-Ut6EaN_X5ogjIQMPe46g\\\/\"]},{\"@type\":\"Person\",\"@id\":\"https:\\\/\\\/www.fcejs.unsl.edu.ar\\\/#\\\/schema\\\/person\\\/352ee6ed90c3f394c7cb5945f8956d34\",\"name\":\"DATI\"}]}<\/script>\n<!-- \/ Yoast SEO plugin. -->","yoast_head_json":{"title":"INGRESO 2025: la Preinscripci\u00f3n On- line\u00a0e Inscripci\u00f3n se extendieron hasta el 15 de abril - Facultad de Ciencias Econ\u00f3micas, Jur\u00ed\u00addicas y Sociales","robots":{"index":"index","follow":"follow","max-snippet":"max-snippet:-1","max-image-preview":"max-image-preview:large","max-video-preview":"max-video-preview:-1"},"canonical":"https:\/\/www.fcejs.unsl.edu.ar\/index.php\/ingreso-2025-la-preinscripcion-on-line-e-inscripcion-se-extendieron-hasta-el-15-de-abril\/","og_locale":"es_ES","og_type":"article","og_title":"INGRESO 2025: la Preinscripci\u00f3n On- line\u00a0e Inscripci\u00f3n se extendieron hasta el 15 de abril - Facultad de Ciencias Econ\u00f3micas, Jur\u00ed\u00addicas y Sociales","og_description":"La Secretar\u00eda Acad\u00e9mica informa a todos los ingresantes, que la instancia de\u00a0Preinscripci\u00f3n On- line\u00a0e Inscripci\u00f3n ha sido\u00a0prorrogada\u00a0hasta el\u00a0martes 15 de abril de 2025 para todas&hellip;","og_url":"https:\/\/www.fcejs.unsl.edu.ar\/index.php\/ingreso-2025-la-preinscripcion-on-line-e-inscripcion-se-extendieron-hasta-el-15-de-abril\/","og_site_name":"Facultad de Ciencias Econ\u00f3micas, Jur\u00ed\u00addicas y Sociales","article_publisher":"https:\/\/www.facebook.com\/FCEJS.UNSL\/","article_published_time":"2025-04-14T13:05:57+00:00","article_modified_time":"2025-04-21T19:10:36+00:00","og_image":[{"width":1152,"height":648,"url":"https:\/\/www.fcejs.unsl.edu.ar\/wp-content\/uploads\/2024\/09\/PLACA-WEbINGRESO-2025.jpg","type":"image\/jpeg"}],"author":"DATI","twitter_card":"summary_large_image","twitter_creator":"@FCEJSUNSL","twitter_site":"@FCEJSUNSL","twitter_misc":{"Escrito por":"DATI","Tiempo de lectura":"3 minutos"},"schema":{"@context":"https:\/\/schema.org","@graph":[{"@type":"Article","@id":"https:\/\/www.fcejs.unsl.edu.ar\/index.php\/ingreso-2025-la-preinscripcion-on-line-e-inscripcion-se-extendieron-hasta-el-15-de-abril\/#article","isPartOf":{"@id":"https:\/\/www.fcejs.unsl.edu.ar\/index.php\/ingreso-2025-la-preinscripcion-on-line-e-inscripcion-se-extendieron-hasta-el-15-de-abril\/"},"author":{"name":"DATI","@id":"https:\/\/www.fcejs.unsl.edu.ar\/#\/schema\/person\/352ee6ed90c3f394c7cb5945f8956d34"},"headline":"INGRESO 2025: la Preinscripci\u00f3n On- line\u00a0e Inscripci\u00f3n se extendieron hasta el 15 de abril","datePublished":"2025-04-14T13:05:57+00:00","dateModified":"2025-04-21T19:10:36+00:00","mainEntityOfPage":{"@id":"https:\/\/www.fcejs.unsl.edu.ar\/index.php\/ingreso-2025-la-preinscripcion-on-line-e-inscripcion-se-extendieron-hasta-el-15-de-abril\/"},"wordCount":467,"publisher":{"@id":"https:\/\/www.fcejs.unsl.edu.ar\/#organization"},"image":{"@id":"https:\/\/www.fcejs.unsl.edu.ar\/index.php\/ingreso-2025-la-preinscripcion-on-line-e-inscripcion-se-extendieron-hasta-el-15-de-abril\/#primaryimage"},"thumbnailUrl":"https:\/\/www.fcejs.unsl.edu.ar\/wp-content\/uploads\/2024\/09\/PLACA-WEbINGRESO-2025.jpg","articleSection":["Noticias"],"inLanguage":"es-AR"},{"@type":"WebPage","@id":"https:\/\/www.fcejs.unsl.edu.ar\/index.php\/ingreso-2025-la-preinscripcion-on-line-e-inscripcion-se-extendieron-hasta-el-15-de-abril\/","url":"https:\/\/www.fcejs.unsl.edu.ar\/index.php\/ingreso-2025-la-preinscripcion-on-line-e-inscripcion-se-extendieron-hasta-el-15-de-abril\/","name":"INGRESO 2025: la Preinscripci\u00f3n On- line\u00a0e Inscripci\u00f3n se extendieron hasta el 15 de abril - Facultad de Ciencias Econ\u00f3micas, Jur\u00ed\u00addicas y Sociales","isPartOf":{"@id":"https:\/\/www.fcejs.unsl.edu.ar\/#website"},"primaryImageOfPage":{"@id":"https:\/\/www.fcejs.unsl.edu.ar\/index.php\/ingreso-2025-la-preinscripcion-on-line-e-inscripcion-se-extendieron-hasta-el-15-de-abril\/#primaryimage"},"image":{"@id":"https:\/\/www.fcejs.unsl.edu.ar\/index.php\/ingreso-2025-la-preinscripcion-on-line-e-inscripcion-se-extendieron-hasta-el-15-de-abril\/#primaryimage"},"thumbnailUrl":"https:\/\/www.fcejs.unsl.edu.ar\/wp-content\/uploads\/2024\/09\/PLACA-WEbINGRESO-2025.jpg","datePublished":"2025-04-14T13:05:57+00:00","dateModified":"2025-04-21T19:10:36+00:00","breadcrumb":{"@id":"https:\/\/www.fcejs.unsl.edu.ar\/index.php\/ingreso-2025-la-preinscripcion-on-line-e-inscripcion-se-extendieron-hasta-el-15-de-abril\/#breadcrumb"},"inLanguage":"es-AR","potentialAction":[{"@type":"ReadAction","target":["https:\/\/www.fcejs.unsl.edu.ar\/index.php\/ingreso-2025-la-preinscripcion-on-line-e-inscripcion-se-extendieron-hasta-el-15-de-abril\/"]}]},{"@type":"ImageObject","inLanguage":"es-AR","@id":"https:\/\/www.fcejs.unsl.edu.ar\/index.php\/ingreso-2025-la-preinscripcion-on-line-e-inscripcion-se-extendieron-hasta-el-15-de-abril\/#primaryimage","url":"https:\/\/www.fcejs.unsl.edu.ar\/wp-content\/uploads\/2024\/09\/PLACA-WEbINGRESO-2025.jpg","contentUrl":"https:\/\/www.fcejs.unsl.edu.ar\/wp-content\/uploads\/2024\/09\/PLACA-WEbINGRESO-2025.jpg","width":1152,"height":648},{"@type":"BreadcrumbList","@id":"https:\/\/www.fcejs.unsl.edu.ar\/index.php\/ingreso-2025-la-preinscripcion-on-line-e-inscripcion-se-extendieron-hasta-el-15-de-abril\/#breadcrumb","itemListElement":[{"@type":"ListItem","position":1,"name":"Inicio","item":"https:\/\/www.fcejs.unsl.edu.ar\/"},{"@type":"ListItem","position":2,"name":"INGRESO 2025: la Preinscripci\u00f3n On- line\u00a0e Inscripci\u00f3n se extendieron hasta el 15 de abril"}]},{"@type":"WebSite","@id":"https:\/\/www.fcejs.unsl.edu.ar\/#website","url":"https:\/\/www.fcejs.unsl.edu.ar\/","name":"Facultad de Ciencias Econ\u00f3micas, Jur\u00ed\u00addicas y Sociales","description":"","publisher":{"@id":"https:\/\/www.fcejs.unsl.edu.ar\/#organization"},"potentialAction":[{"@type":"SearchAction","target":{"@type":"EntryPoint","urlTemplate":"https:\/\/www.fcejs.unsl.edu.ar\/?s={search_term_string}"},"query-input":{"@type":"PropertyValueSpecification","valueRequired":true,"valueName":"search_term_string"}}],"inLanguage":"es-AR"},{"@type":"Organization","@id":"https:\/\/www.fcejs.unsl.edu.ar\/#organization","name":"Facultad de Ciencias Econ\u00f3micas, Jur\u00eddicas y Sociales","url":"https:\/\/www.fcejs.unsl.edu.ar\/","logo":{"@type":"ImageObject","inLanguage":"es-AR","@id":"https:\/\/www.fcejs.unsl.edu.ar\/#\/schema\/logo\/image\/","url":"https:\/\/www.fcejs.unsl.edu.ar\/wp-content\/uploads\/2021\/03\/logo-1.jpg","contentUrl":"https:\/\/www.fcejs.unsl.edu.ar\/wp-content\/uploads\/2021\/03\/logo-1.jpg","width":471,"height":146,"caption":"Facultad de Ciencias Econ\u00f3micas, Jur\u00eddicas y Sociales"},"image":{"@id":"https:\/\/www.fcejs.unsl.edu.ar\/#\/schema\/logo\/image\/"},"sameAs":["https:\/\/www.facebook.com\/FCEJS.UNSL\/","https:\/\/x.com\/FCEJSUNSL","https:\/\/www.instagram.com\/fcejs.unsl\/","https:\/\/www.youtube.com\/channel\/UCH-Ut6EaN_X5ogjIQMPe46g\/"]},{"@type":"Person","@id":"https:\/\/www.fcejs.unsl.edu.ar\/#\/schema\/person\/352ee6ed90c3f394c7cb5945f8956d34","name":"DATI"}]}},"jetpack_featured_media_url":"https:\/\/www.fcejs.unsl.edu.ar\/wp-content\/uploads\/2024\/09\/PLACA-WEbINGRESO-2025.jpg","_links":{"self":[{"href":"https:\/\/www.fcejs.unsl.edu.ar\/index.php\/wp-json\/wp\/v2\/posts\/19984","targetHints":{"allow":["GET"]}}],"collection":[{"href":"https:\/\/www.fcejs.unsl.edu.ar\/index.php\/wp-json\/wp\/v2\/posts"}],"about":[{"href":"https:\/\/www.fcejs.unsl.edu.ar\/index.php\/wp-json\/wp\/v2\/types\/post"}],"author":[{"embeddable":true,"href":"https:\/\/www.fcejs.unsl.edu.ar\/index.php\/wp-json\/wp\/v2\/users\/9"}],"replies":[{"embeddable":true,"href":"https:\/\/www.fcejs.unsl.edu.ar\/index.php\/wp-json\/wp\/v2\/comments?post=19984"}],"version-history":[{"count":4,"href":"https:\/\/www.fcejs.unsl.edu.ar\/index.php\/wp-json\/wp\/v2\/posts\/19984\/revisions"}],"predecessor-version":[{"id":20021,"href":"https:\/\/www.fcejs.unsl.edu.ar\/index.php\/wp-json\/wp\/v2\/posts\/19984\/revisions\/20021"}],"wp:featuredmedia":[{"embeddable":true,"href":"https:\/\/www.fcejs.unsl.edu.ar\/index.php\/wp-json\/wp\/v2\/media\/18013"}],"wp:attachment":[{"href":"https:\/\/www.fcejs.unsl.edu.ar\/index.php\/wp-json\/wp\/v2\/media?parent=19984"}],"wp:term":[{"taxonomy":"category","embeddable":true,"href":"https:\/\/www.fcejs.unsl.edu.ar\/index.php\/wp-json\/wp\/v2\/categories?post=19984"},{"taxonomy":"post_tag","embeddable":true,"href":"https:\/\/www.fcejs.unsl.edu.ar\/index.php\/wp-json\/wp\/v2\/tags?post=19984"}],"curies":[{"name":"wp","href":"https:\/\/api.w.org\/{rel}","templated":true}]}}