{"id":19961,"date":"2025-04-01T12:51:39","date_gmt":"2025-04-01T15:51:39","guid":{"rendered":"http:\/\/10.101.10.197\/www\/?p=19961"},"modified":"2025-04-07T09:31:12","modified_gmt":"2025-04-07T12:31:12","slug":"curso-de-posgrado-la-razon-y-sus-enemigos-sobre-el-caracter-reaccionario-de-la-posmodernidad","status":"publish","type":"post","link":"https:\/\/www.fcejs.unsl.edu.ar\/index.php\/curso-de-posgrado-la-razon-y-sus-enemigos-sobre-el-caracter-reaccionario-de-la-posmodernidad\/","title":{"rendered":"Curso de posgrado &#8220;La Raz\u00f3n y sus Enemigos. Sobre el Car\u00e1cter Reaccionario de la Posmodernidad&#8221;"},"content":{"rendered":"<p class=\"\" data-start=\"240\" data-end=\"475\">La Secretar\u00eda de Investigaci\u00f3n y Posgrado invita al curso de perfeccionamiento <strong data-start=\"319\" data-end=\"400\">&#8220;La Raz\u00f3n y sus Enemigos. Sobre el Car\u00e1cter Reaccionario de la Posmodernidad&#8221;<\/strong>, que se desarrollar\u00e1 de <strong>manera<\/strong> <strong data-start=\"432\" data-end=\"443\">h\u00edbrida<\/strong> desde el <strong>martes 8 al viernes 11 de abril.<\/strong><\/p>\n<p class=\"\" data-start=\"477\" data-end=\"691\">Dictado por el <strong data-start=\"492\" data-end=\"519\">Dr. Josep Burgaya Riera<\/strong> y con la coordinaci\u00f3n de la <strong data-start=\"548\" data-end=\"577\">Mgtr. Jaquelina Nanclares<\/strong>, esta capacitaci\u00f3n est\u00e1 dirigida a profesionales de las <strong data-start=\"634\" data-end=\"688\">Ciencias Sociales, Humanas, Econ\u00f3micas y Jur\u00eddicas<\/strong>.<\/p>\n<p class=\"\" data-start=\"693\" data-end=\"1006\">El curso tiene como objetivo <strong data-start=\"722\" data-end=\"758\">profundizar en los conocimientos<\/strong> sobre las grandes problem\u00e1ticas socioecon\u00f3micas vinculadas al <strong data-start=\"821\" data-end=\"907\">car\u00e1cter reaccionario de la posmodernidad y su impacto a nivel macro y microsocial<\/strong>. Asimismo, analizar\u00e1 <strong data-start=\"929\" data-end=\"954\">de manera comparativa<\/strong> esta problem\u00e1tica en <strong data-start=\"976\" data-end=\"1003\">Europa y Am\u00e9rica Latina<\/strong>.<\/p>\n<p class=\"\" data-start=\"1008\" data-end=\"1095\">\ud83d\udccc <strong data-start=\"1011\" data-end=\"1024\">Informes:<\/strong> <a rel=\"noopener\" data-start=\"1025\" data-end=\"1051\">jaquelinanclares@gmail.com<\/a><br data-start=\"1051\" data-end=\"1054\" \/>\ud83d\udccc <strong data-start=\"1057\" data-end=\"1093\">Otorga cr\u00e9ditos para Doctorados.<\/strong><\/p>\n<p data-start=\"1008\" data-end=\"1095\">\n","protected":false},"excerpt":{"rendered":"<p>La Secretar\u00eda de Investigaci\u00f3n y Posgrado invita al curso de perfeccionamiento &#8220;La Raz\u00f3n y sus Enemigos. Sobre el Car\u00e1cter Reaccionario de la Posmodernidad&#8221;, que se&hellip;<\/p>\n","protected":false},"author":9,"featured_media":19966,"comment_status":"closed","ping_status":"closed","sticky":false,"template":"","format":"standard","meta":{"om_disable_all_campaigns":false,"_monsterinsights_skip_tracking":false,"_monsterinsights_sitenote_active":false,"_monsterinsights_sitenote_note":"","_monsterinsights_sitenote_category":0,"footnotes":""},"categories":[1],"tags":[],"class_list":["post-19961","post","type-post","status-publish","format-standard","has-post-thumbnail","hentry","category-noticias"],"yoast_head":"<!-- This site is optimized with the Yoast SEO plugin v27.4 - https:\/\/yoast.com\/product\/yoast-seo-wordpress\/ -->\n<title>Curso de posgrado &quot;La Raz\u00f3n y sus Enemigos. Sobre el Car\u00e1cter Reaccionario de la Posmodernidad&quot; - Facultad de Ciencias Econ\u00f3micas, Jur\u00ed\u00addicas y Sociales<\/title>\n<meta name=\"robots\" content=\"index, follow, max-snippet:-1, max-image-preview:large, max-video-preview:-1\" \/>\n<link rel=\"canonical\" href=\"https:\/\/www.fcejs.unsl.edu.ar\/index.php\/curso-de-posgrado-la-razon-y-sus-enemigos-sobre-el-caracter-reaccionario-de-la-posmodernidad\/\" \/>\n<meta property=\"og:locale\" content=\"es_ES\" \/>\n<meta property=\"og:type\" content=\"article\" \/>\n<meta property=\"og:title\" content=\"Curso de posgrado &quot;La Raz\u00f3n y sus Enemigos. Sobre el Car\u00e1cter Reaccionario de la Posmodernidad&quot; - Facultad de Ciencias Econ\u00f3micas, Jur\u00ed\u00addicas y Sociales\" \/>\n<meta property=\"og:description\" content=\"La Secretar\u00eda de Investigaci\u00f3n y Posgrado invita al curso de perfeccionamiento &#8220;La Raz\u00f3n y sus Enemigos. Sobre el Car\u00e1cter Reaccionario de la Posmodernidad&#8221;, que se&hellip;\" \/>\n<meta property=\"og:url\" content=\"https:\/\/www.fcejs.unsl.edu.ar\/index.php\/curso-de-posgrado-la-razon-y-sus-enemigos-sobre-el-caracter-reaccionario-de-la-posmodernidad\/\" \/>\n<meta property=\"og:site_name\" content=\"Facultad de Ciencias Econ\u00f3micas, Jur\u00ed\u00addicas y Sociales\" \/>\n<meta property=\"article:publisher\" content=\"https:\/\/www.facebook.com\/FCEJS.UNSL\/\" \/>\n<meta property=\"article:published_time\" content=\"2025-04-01T15:51:39+00:00\" \/>\n<meta property=\"article:modified_time\" content=\"2025-04-07T12:31:12+00:00\" \/>\n<meta property=\"og:image\" content=\"https:\/\/www.fcejs.unsl.edu.ar\/wp-content\/uploads\/2025\/04\/PLACA-WEBrazon-y-enemigos-.jpg\" \/>\n\t<meta property=\"og:image:width\" content=\"1152\" \/>\n\t<meta property=\"og:image:height\" content=\"648\" \/>\n\t<meta property=\"og:image:type\" content=\"image\/jpeg\" \/>\n<meta name=\"author\" content=\"DATI\" \/>\n<meta name=\"twitter:card\" content=\"summary_large_image\" \/>\n<meta name=\"twitter:creator\" content=\"@FCEJSUNSL\" \/>\n<meta name=\"twitter:site\" content=\"@FCEJSUNSL\" \/>\n<meta name=\"twitter:label1\" content=\"Escrito por\" \/>\n\t<meta name=\"twitter:data1\" content=\"DATI\" \/>\n\t<meta name=\"twitter:label2\" content=\"Tiempo de lectura\" \/>\n\t<meta name=\"twitter:data2\" content=\"1 minuto\" \/>\n<script type=\"application\/ld+json\" class=\"yoast-schema-graph\">{\"@context\":\"https:\\\/\\\/schema.org\",\"@graph\":[{\"@type\":\"Article\",\"@id\":\"https:\\\/\\\/www.fcejs.unsl.edu.ar\\\/index.php\\\/curso-de-posgrado-la-razon-y-sus-enemigos-sobre-el-caracter-reaccionario-de-la-posmodernidad\\\/#article\",\"isPartOf\":{\"@id\":\"https:\\\/\\\/www.fcejs.unsl.edu.ar\\\/index.php\\\/curso-de-posgrado-la-razon-y-sus-enemigos-sobre-el-caracter-reaccionario-de-la-posmodernidad\\\/\"},\"author\":{\"name\":\"DATI\",\"@id\":\"https:\\\/\\\/www.fcejs.unsl.edu.ar\\\/#\\\/schema\\\/person\\\/352ee6ed90c3f394c7cb5945f8956d34\"},\"headline\":\"Curso de posgrado &#8220;La Raz\u00f3n y sus Enemigos. Sobre el Car\u00e1cter Reaccionario de la Posmodernidad&#8221;\",\"datePublished\":\"2025-04-01T15:51:39+00:00\",\"dateModified\":\"2025-04-07T12:31:12+00:00\",\"mainEntityOfPage\":{\"@id\":\"https:\\\/\\\/www.fcejs.unsl.edu.ar\\\/index.php\\\/curso-de-posgrado-la-razon-y-sus-enemigos-sobre-el-caracter-reaccionario-de-la-posmodernidad\\\/\"},\"wordCount\":147,\"publisher\":{\"@id\":\"https:\\\/\\\/www.fcejs.unsl.edu.ar\\\/#organization\"},\"image\":{\"@id\":\"https:\\\/\\\/www.fcejs.unsl.edu.ar\\\/index.php\\\/curso-de-posgrado-la-razon-y-sus-enemigos-sobre-el-caracter-reaccionario-de-la-posmodernidad\\\/#primaryimage\"},\"thumbnailUrl\":\"https:\\\/\\\/www.fcejs.unsl.edu.ar\\\/wp-content\\\/uploads\\\/2025\\\/04\\\/PLACA-WEBrazon-y-enemigos-.jpg\",\"articleSection\":[\"Noticias\"],\"inLanguage\":\"es-AR\"},{\"@type\":\"WebPage\",\"@id\":\"https:\\\/\\\/www.fcejs.unsl.edu.ar\\\/index.php\\\/curso-de-posgrado-la-razon-y-sus-enemigos-sobre-el-caracter-reaccionario-de-la-posmodernidad\\\/\",\"url\":\"https:\\\/\\\/www.fcejs.unsl.edu.ar\\\/index.php\\\/curso-de-posgrado-la-razon-y-sus-enemigos-sobre-el-caracter-reaccionario-de-la-posmodernidad\\\/\",\"name\":\"Curso de posgrado \\\"La Raz\u00f3n y sus Enemigos. Sobre el Car\u00e1cter Reaccionario de la Posmodernidad\\\" - Facultad de Ciencias Econ\u00f3micas, Jur\u00ed\u00addicas y Sociales\",\"isPartOf\":{\"@id\":\"https:\\\/\\\/www.fcejs.unsl.edu.ar\\\/#website\"},\"primaryImageOfPage\":{\"@id\":\"https:\\\/\\\/www.fcejs.unsl.edu.ar\\\/index.php\\\/curso-de-posgrado-la-razon-y-sus-enemigos-sobre-el-caracter-reaccionario-de-la-posmodernidad\\\/#primaryimage\"},\"image\":{\"@id\":\"https:\\\/\\\/www.fcejs.unsl.edu.ar\\\/index.php\\\/curso-de-posgrado-la-razon-y-sus-enemigos-sobre-el-caracter-reaccionario-de-la-posmodernidad\\\/#primaryimage\"},\"thumbnailUrl\":\"https:\\\/\\\/www.fcejs.unsl.edu.ar\\\/wp-content\\\/uploads\\\/2025\\\/04\\\/PLACA-WEBrazon-y-enemigos-.jpg\",\"datePublished\":\"2025-04-01T15:51:39+00:00\",\"dateModified\":\"2025-04-07T12:31:12+00:00\",\"breadcrumb\":{\"@id\":\"https:\\\/\\\/www.fcejs.unsl.edu.ar\\\/index.php\\\/curso-de-posgrado-la-razon-y-sus-enemigos-sobre-el-caracter-reaccionario-de-la-posmodernidad\\\/#breadcrumb\"},\"inLanguage\":\"es-AR\",\"potentialAction\":[{\"@type\":\"ReadAction\",\"target\":[\"https:\\\/\\\/www.fcejs.unsl.edu.ar\\\/index.php\\\/curso-de-posgrado-la-razon-y-sus-enemigos-sobre-el-caracter-reaccionario-de-la-posmodernidad\\\/\"]}]},{\"@type\":\"ImageObject\",\"inLanguage\":\"es-AR\",\"@id\":\"https:\\\/\\\/www.fcejs.unsl.edu.ar\\\/index.php\\\/curso-de-posgrado-la-razon-y-sus-enemigos-sobre-el-caracter-reaccionario-de-la-posmodernidad\\\/#primaryimage\",\"url\":\"https:\\\/\\\/www.fcejs.unsl.edu.ar\\\/wp-content\\\/uploads\\\/2025\\\/04\\\/PLACA-WEBrazon-y-enemigos-.jpg\",\"contentUrl\":\"https:\\\/\\\/www.fcejs.unsl.edu.ar\\\/wp-content\\\/uploads\\\/2025\\\/04\\\/PLACA-WEBrazon-y-enemigos-.jpg\",\"width\":1152,\"height\":648},{\"@type\":\"BreadcrumbList\",\"@id\":\"https:\\\/\\\/www.fcejs.unsl.edu.ar\\\/index.php\\\/curso-de-posgrado-la-razon-y-sus-enemigos-sobre-el-caracter-reaccionario-de-la-posmodernidad\\\/#breadcrumb\",\"itemListElement\":[{\"@type\":\"ListItem\",\"position\":1,\"name\":\"Inicio\",\"item\":\"https:\\\/\\\/www.fcejs.unsl.edu.ar\\\/\"},{\"@type\":\"ListItem\",\"position\":2,\"name\":\"Curso de posgrado &#8220;La Raz\u00f3n y sus Enemigos. Sobre el Car\u00e1cter Reaccionario de la Posmodernidad&#8221;\"}]},{\"@type\":\"WebSite\",\"@id\":\"https:\\\/\\\/www.fcejs.unsl.edu.ar\\\/#website\",\"url\":\"https:\\\/\\\/www.fcejs.unsl.edu.ar\\\/\",\"name\":\"Facultad de Ciencias Econ\u00f3micas, Jur\u00ed\u00addicas y Sociales\",\"description\":\"\",\"publisher\":{\"@id\":\"https:\\\/\\\/www.fcejs.unsl.edu.ar\\\/#organization\"},\"potentialAction\":[{\"@type\":\"SearchAction\",\"target\":{\"@type\":\"EntryPoint\",\"urlTemplate\":\"https:\\\/\\\/www.fcejs.unsl.edu.ar\\\/?s={search_term_string}\"},\"query-input\":{\"@type\":\"PropertyValueSpecification\",\"valueRequired\":true,\"valueName\":\"search_term_string\"}}],\"inLanguage\":\"es-AR\"},{\"@type\":\"Organization\",\"@id\":\"https:\\\/\\\/www.fcejs.unsl.edu.ar\\\/#organization\",\"name\":\"Facultad de Ciencias Econ\u00f3micas, Jur\u00eddicas y Sociales\",\"url\":\"https:\\\/\\\/www.fcejs.unsl.edu.ar\\\/\",\"logo\":{\"@type\":\"ImageObject\",\"inLanguage\":\"es-AR\",\"@id\":\"https:\\\/\\\/www.fcejs.unsl.edu.ar\\\/#\\\/schema\\\/logo\\\/image\\\/\",\"url\":\"https:\\\/\\\/www.fcejs.unsl.edu.ar\\\/wp-content\\\/uploads\\\/2021\\\/03\\\/logo-1.jpg\",\"contentUrl\":\"https:\\\/\\\/www.fcejs.unsl.edu.ar\\\/wp-content\\\/uploads\\\/2021\\\/03\\\/logo-1.jpg\",\"width\":471,\"height\":146,\"caption\":\"Facultad de Ciencias Econ\u00f3micas, Jur\u00eddicas y Sociales\"},\"image\":{\"@id\":\"https:\\\/\\\/www.fcejs.unsl.edu.ar\\\/#\\\/schema\\\/logo\\\/image\\\/\"},\"sameAs\":[\"https:\\\/\\\/www.facebook.com\\\/FCEJS.UNSL\\\/\",\"https:\\\/\\\/x.com\\\/FCEJSUNSL\",\"https:\\\/\\\/www.instagram.com\\\/fcejs.unsl\\\/\",\"https:\\\/\\\/www.youtube.com\\\/channel\\\/UCH-Ut6EaN_X5ogjIQMPe46g\\\/\"]},{\"@type\":\"Person\",\"@id\":\"https:\\\/\\\/www.fcejs.unsl.edu.ar\\\/#\\\/schema\\\/person\\\/352ee6ed90c3f394c7cb5945f8956d34\",\"name\":\"DATI\"}]}<\/script>\n<!-- \/ Yoast SEO plugin. -->","yoast_head_json":{"title":"Curso de posgrado \"La Raz\u00f3n y sus Enemigos. Sobre el Car\u00e1cter Reaccionario de la Posmodernidad\" - Facultad de Ciencias Econ\u00f3micas, Jur\u00ed\u00addicas y Sociales","robots":{"index":"index","follow":"follow","max-snippet":"max-snippet:-1","max-image-preview":"max-image-preview:large","max-video-preview":"max-video-preview:-1"},"canonical":"https:\/\/www.fcejs.unsl.edu.ar\/index.php\/curso-de-posgrado-la-razon-y-sus-enemigos-sobre-el-caracter-reaccionario-de-la-posmodernidad\/","og_locale":"es_ES","og_type":"article","og_title":"Curso de posgrado \"La Raz\u00f3n y sus Enemigos. Sobre el Car\u00e1cter Reaccionario de la Posmodernidad\" - Facultad de Ciencias Econ\u00f3micas, Jur\u00ed\u00addicas y Sociales","og_description":"La Secretar\u00eda de Investigaci\u00f3n y Posgrado invita al curso de perfeccionamiento &#8220;La Raz\u00f3n y sus Enemigos. Sobre el Car\u00e1cter Reaccionario de la Posmodernidad&#8221;, que se&hellip;","og_url":"https:\/\/www.fcejs.unsl.edu.ar\/index.php\/curso-de-posgrado-la-razon-y-sus-enemigos-sobre-el-caracter-reaccionario-de-la-posmodernidad\/","og_site_name":"Facultad de Ciencias Econ\u00f3micas, Jur\u00ed\u00addicas y Sociales","article_publisher":"https:\/\/www.facebook.com\/FCEJS.UNSL\/","article_published_time":"2025-04-01T15:51:39+00:00","article_modified_time":"2025-04-07T12:31:12+00:00","og_image":[{"width":1152,"height":648,"url":"https:\/\/www.fcejs.unsl.edu.ar\/wp-content\/uploads\/2025\/04\/PLACA-WEBrazon-y-enemigos-.jpg","type":"image\/jpeg"}],"author":"DATI","twitter_card":"summary_large_image","twitter_creator":"@FCEJSUNSL","twitter_site":"@FCEJSUNSL","twitter_misc":{"Escrito por":"DATI","Tiempo de lectura":"1 minuto"},"schema":{"@context":"https:\/\/schema.org","@graph":[{"@type":"Article","@id":"https:\/\/www.fcejs.unsl.edu.ar\/index.php\/curso-de-posgrado-la-razon-y-sus-enemigos-sobre-el-caracter-reaccionario-de-la-posmodernidad\/#article","isPartOf":{"@id":"https:\/\/www.fcejs.unsl.edu.ar\/index.php\/curso-de-posgrado-la-razon-y-sus-enemigos-sobre-el-caracter-reaccionario-de-la-posmodernidad\/"},"author":{"name":"DATI","@id":"https:\/\/www.fcejs.unsl.edu.ar\/#\/schema\/person\/352ee6ed90c3f394c7cb5945f8956d34"},"headline":"Curso de posgrado &#8220;La Raz\u00f3n y sus Enemigos. Sobre el Car\u00e1cter Reaccionario de la Posmodernidad&#8221;","datePublished":"2025-04-01T15:51:39+00:00","dateModified":"2025-04-07T12:31:12+00:00","mainEntityOfPage":{"@id":"https:\/\/www.fcejs.unsl.edu.ar\/index.php\/curso-de-posgrado-la-razon-y-sus-enemigos-sobre-el-caracter-reaccionario-de-la-posmodernidad\/"},"wordCount":147,"publisher":{"@id":"https:\/\/www.fcejs.unsl.edu.ar\/#organization"},"image":{"@id":"https:\/\/www.fcejs.unsl.edu.ar\/index.php\/curso-de-posgrado-la-razon-y-sus-enemigos-sobre-el-caracter-reaccionario-de-la-posmodernidad\/#primaryimage"},"thumbnailUrl":"https:\/\/www.fcejs.unsl.edu.ar\/wp-content\/uploads\/2025\/04\/PLACA-WEBrazon-y-enemigos-.jpg","articleSection":["Noticias"],"inLanguage":"es-AR"},{"@type":"WebPage","@id":"https:\/\/www.fcejs.unsl.edu.ar\/index.php\/curso-de-posgrado-la-razon-y-sus-enemigos-sobre-el-caracter-reaccionario-de-la-posmodernidad\/","url":"https:\/\/www.fcejs.unsl.edu.ar\/index.php\/curso-de-posgrado-la-razon-y-sus-enemigos-sobre-el-caracter-reaccionario-de-la-posmodernidad\/","name":"Curso de posgrado \"La Raz\u00f3n y sus Enemigos. Sobre el Car\u00e1cter Reaccionario de la Posmodernidad\" - Facultad de Ciencias Econ\u00f3micas, Jur\u00ed\u00addicas y Sociales","isPartOf":{"@id":"https:\/\/www.fcejs.unsl.edu.ar\/#website"},"primaryImageOfPage":{"@id":"https:\/\/www.fcejs.unsl.edu.ar\/index.php\/curso-de-posgrado-la-razon-y-sus-enemigos-sobre-el-caracter-reaccionario-de-la-posmodernidad\/#primaryimage"},"image":{"@id":"https:\/\/www.fcejs.unsl.edu.ar\/index.php\/curso-de-posgrado-la-razon-y-sus-enemigos-sobre-el-caracter-reaccionario-de-la-posmodernidad\/#primaryimage"},"thumbnailUrl":"https:\/\/www.fcejs.unsl.edu.ar\/wp-content\/uploads\/2025\/04\/PLACA-WEBrazon-y-enemigos-.jpg","datePublished":"2025-04-01T15:51:39+00:00","dateModified":"2025-04-07T12:31:12+00:00","breadcrumb":{"@id":"https:\/\/www.fcejs.unsl.edu.ar\/index.php\/curso-de-posgrado-la-razon-y-sus-enemigos-sobre-el-caracter-reaccionario-de-la-posmodernidad\/#breadcrumb"},"inLanguage":"es-AR","potentialAction":[{"@type":"ReadAction","target":["https:\/\/www.fcejs.unsl.edu.ar\/index.php\/curso-de-posgrado-la-razon-y-sus-enemigos-sobre-el-caracter-reaccionario-de-la-posmodernidad\/"]}]},{"@type":"ImageObject","inLanguage":"es-AR","@id":"https:\/\/www.fcejs.unsl.edu.ar\/index.php\/curso-de-posgrado-la-razon-y-sus-enemigos-sobre-el-caracter-reaccionario-de-la-posmodernidad\/#primaryimage","url":"https:\/\/www.fcejs.unsl.edu.ar\/wp-content\/uploads\/2025\/04\/PLACA-WEBrazon-y-enemigos-.jpg","contentUrl":"https:\/\/www.fcejs.unsl.edu.ar\/wp-content\/uploads\/2025\/04\/PLACA-WEBrazon-y-enemigos-.jpg","width":1152,"height":648},{"@type":"BreadcrumbList","@id":"https:\/\/www.fcejs.unsl.edu.ar\/index.php\/curso-de-posgrado-la-razon-y-sus-enemigos-sobre-el-caracter-reaccionario-de-la-posmodernidad\/#breadcrumb","itemListElement":[{"@type":"ListItem","position":1,"name":"Inicio","item":"https:\/\/www.fcejs.unsl.edu.ar\/"},{"@type":"ListItem","position":2,"name":"Curso de posgrado &#8220;La Raz\u00f3n y sus Enemigos. Sobre el Car\u00e1cter Reaccionario de la Posmodernidad&#8221;"}]},{"@type":"WebSite","@id":"https:\/\/www.fcejs.unsl.edu.ar\/#website","url":"https:\/\/www.fcejs.unsl.edu.ar\/","name":"Facultad de Ciencias Econ\u00f3micas, Jur\u00ed\u00addicas y Sociales","description":"","publisher":{"@id":"https:\/\/www.fcejs.unsl.edu.ar\/#organization"},"potentialAction":[{"@type":"SearchAction","target":{"@type":"EntryPoint","urlTemplate":"https:\/\/www.fcejs.unsl.edu.ar\/?s={search_term_string}"},"query-input":{"@type":"PropertyValueSpecification","valueRequired":true,"valueName":"search_term_string"}}],"inLanguage":"es-AR"},{"@type":"Organization","@id":"https:\/\/www.fcejs.unsl.edu.ar\/#organization","name":"Facultad de Ciencias Econ\u00f3micas, Jur\u00eddicas y Sociales","url":"https:\/\/www.fcejs.unsl.edu.ar\/","logo":{"@type":"ImageObject","inLanguage":"es-AR","@id":"https:\/\/www.fcejs.unsl.edu.ar\/#\/schema\/logo\/image\/","url":"https:\/\/www.fcejs.unsl.edu.ar\/wp-content\/uploads\/2021\/03\/logo-1.jpg","contentUrl":"https:\/\/www.fcejs.unsl.edu.ar\/wp-content\/uploads\/2021\/03\/logo-1.jpg","width":471,"height":146,"caption":"Facultad de Ciencias Econ\u00f3micas, Jur\u00eddicas y Sociales"},"image":{"@id":"https:\/\/www.fcejs.unsl.edu.ar\/#\/schema\/logo\/image\/"},"sameAs":["https:\/\/www.facebook.com\/FCEJS.UNSL\/","https:\/\/x.com\/FCEJSUNSL","https:\/\/www.instagram.com\/fcejs.unsl\/","https:\/\/www.youtube.com\/channel\/UCH-Ut6EaN_X5ogjIQMPe46g\/"]},{"@type":"Person","@id":"https:\/\/www.fcejs.unsl.edu.ar\/#\/schema\/person\/352ee6ed90c3f394c7cb5945f8956d34","name":"DATI"}]}},"jetpack_featured_media_url":"https:\/\/www.fcejs.unsl.edu.ar\/wp-content\/uploads\/2025\/04\/PLACA-WEBrazon-y-enemigos-.jpg","_links":{"self":[{"href":"https:\/\/www.fcejs.unsl.edu.ar\/index.php\/wp-json\/wp\/v2\/posts\/19961","targetHints":{"allow":["GET"]}}],"collection":[{"href":"https:\/\/www.fcejs.unsl.edu.ar\/index.php\/wp-json\/wp\/v2\/posts"}],"about":[{"href":"https:\/\/www.fcejs.unsl.edu.ar\/index.php\/wp-json\/wp\/v2\/types\/post"}],"author":[{"embeddable":true,"href":"https:\/\/www.fcejs.unsl.edu.ar\/index.php\/wp-json\/wp\/v2\/users\/9"}],"replies":[{"embeddable":true,"href":"https:\/\/www.fcejs.unsl.edu.ar\/index.php\/wp-json\/wp\/v2\/comments?post=19961"}],"version-history":[{"count":4,"href":"https:\/\/www.fcejs.unsl.edu.ar\/index.php\/wp-json\/wp\/v2\/posts\/19961\/revisions"}],"predecessor-version":[{"id":19967,"href":"https:\/\/www.fcejs.unsl.edu.ar\/index.php\/wp-json\/wp\/v2\/posts\/19961\/revisions\/19967"}],"wp:featuredmedia":[{"embeddable":true,"href":"https:\/\/www.fcejs.unsl.edu.ar\/index.php\/wp-json\/wp\/v2\/media\/19966"}],"wp:attachment":[{"href":"https:\/\/www.fcejs.unsl.edu.ar\/index.php\/wp-json\/wp\/v2\/media?parent=19961"}],"wp:term":[{"taxonomy":"category","embeddable":true,"href":"https:\/\/www.fcejs.unsl.edu.ar\/index.php\/wp-json\/wp\/v2\/categories?post=19961"},{"taxonomy":"post_tag","embeddable":true,"href":"https:\/\/www.fcejs.unsl.edu.ar\/index.php\/wp-json\/wp\/v2\/tags?post=19961"}],"curies":[{"name":"wp","href":"https:\/\/api.w.org\/{rel}","templated":true}]}}