{"id":19451,"date":"2025-04-09T13:25:09","date_gmt":"2025-04-09T16:25:09","guid":{"rendered":"http:\/\/10.101.10.197\/www\/?p=19451"},"modified":"2025-04-23T07:29:18","modified_gmt":"2025-04-23T10:29:18","slug":"convocatoria-abierta-para-la-tercera-edicion-de-la-revista-visiones","status":"publish","type":"post","link":"https:\/\/www.fcejs.unsl.edu.ar\/index.php\/convocatoria-abierta-para-la-tercera-edicion-de-la-revista-visiones\/","title":{"rendered":"Se abri\u00f3 la convocatoria para la tercera edici\u00f3n de la Revista &#8220;Visiones&#8221;"},"content":{"rendered":"<p data-start=\"91\" data-end=\"296\">El Instituto Escuela de Econom\u00eda, Negocios y Transferencia Tecnol\u00f3gica anuncia la apertura de la convocatoria para la presentaci\u00f3n de publicaciones en la Tercera Edici\u00f3n de la Revista Digital \u201cVisiones\u201d.\u00a0Las propuestas de publicaciones deber\u00e1n ser remitidas hasta el pr\u00f3ximo 30 de mayo a <a rel=\"noopener\" data-start=\"1381\" data-end=\"1412\"><strong>revista.visiones.unsl@gmail.co<\/strong>m<\/a> y podr\u00e1n visualizar los instructivos de publicaci\u00f3n accediendo al sitio web de la revista:<\/p>\n<p style=\"text-align: center;\" data-start=\"91\" data-end=\"296\"><a href=\"https:\/\/visiones.fcejs.unsl.edu.ar\/\" target=\"_blank\" rel=\"noopener\"><strong>https:\/\/visiones.fcejs.unsl.edu.ar\/<\/strong><\/a><\/p>\n<p><a href=\"https:\/\/visiones.fcejs.unsl.edu.ar\/\" target=\"_blank\" rel=\"noopener\"><img fetchpriority=\"high\" decoding=\"async\" class=\"aligncenter wp-image-19453\" src=\"https:\/\/www.fcejs.unsl.edu.ar\/wp-content\/uploads\/2025\/02\/Imagen-de-WhatsApp-2025-02-25-a-las-18.53.08_a0a4a26f.jpg\" alt=\"\" width=\"487\" height=\"133\" srcset=\"https:\/\/www.fcejs.unsl.edu.ar\/wp-content\/uploads\/2025\/02\/Imagen-de-WhatsApp-2025-02-25-a-las-18.53.08_a0a4a26f.jpg 586w, https:\/\/www.fcejs.unsl.edu.ar\/wp-content\/uploads\/2025\/02\/Imagen-de-WhatsApp-2025-02-25-a-las-18.53.08_a0a4a26f-300x82.jpg 300w\" sizes=\"(max-width: 487px) 100vw, 487px\" \/><\/a><\/p>\n<p data-start=\"298\" data-end=\"760\">Luego de las dos primeras ediciones, la revista invita a toda la comunidad que desee sumarse a brindar sus conocimientos y marcar tendencias en distintos campos disciplinares como aporte a la sociedad en general. Esta nueva edici\u00f3n est\u00e1 orientada a la divulgaci\u00f3n de art\u00edculos, reportajes, noticias, resultados obtenidos, descubrimientos o explicaciones de las tem\u00e1ticas de inter\u00e9s del Instituto y que sean un aporte enriquecedor para los campos disciplinares.<\/p>\n<p data-start=\"762\" data-end=\"1051\">La informaci\u00f3n publicada ser\u00e1 de vital importancia para docentes, estudiantes, emprendedores, promotores de iniciativas empresariales, empresarios y profesionales, entre otros, para obtener conocimientos b\u00e1sicos y esenciales en distintas tem\u00e1ticas con alcance local, regional y nacional.<\/p>\n<p data-start=\"1053\" data-end=\"1295\">La Revista \u201cVisiones\u201d obtuvo, por <strong>Resoluci\u00f3n 33\/24<\/strong> del Centro Argentino de Informaci\u00f3n Cient\u00edfica y Tecnol\u00f3gica (CAICYT), el ISSN 3008-8682 (International Standard Serial Number \/ N\u00famero Internacional Normalizado de Publicaciones Seriadas).<\/p>\n<p data-start=\"1297\" data-end=\"1514\">\n","protected":false},"excerpt":{"rendered":"<p>El Instituto Escuela de Econom\u00eda, Negocios y Transferencia Tecnol\u00f3gica anuncia la apertura de la convocatoria para la presentaci\u00f3n de publicaciones en la Tercera Edici\u00f3n de&hellip;<\/p>\n","protected":false},"author":9,"featured_media":19452,"comment_status":"closed","ping_status":"closed","sticky":false,"template":"","format":"standard","meta":{"om_disable_all_campaigns":false,"_monsterinsights_skip_tracking":false,"_monsterinsights_sitenote_active":false,"_monsterinsights_sitenote_note":"","_monsterinsights_sitenote_category":0,"footnotes":""},"categories":[1],"tags":[],"class_list":["post-19451","post","type-post","status-publish","format-standard","has-post-thumbnail","hentry","category-noticias"],"yoast_head":"<!-- This site is optimized with the Yoast SEO plugin v27.4 - https:\/\/yoast.com\/product\/yoast-seo-wordpress\/ -->\n<title>Se abri\u00f3 la convocatoria para la tercera edici\u00f3n de la Revista &quot;Visiones&quot; - Facultad de Ciencias Econ\u00f3micas, Jur\u00ed\u00addicas y Sociales<\/title>\n<meta name=\"robots\" content=\"index, follow, max-snippet:-1, max-image-preview:large, max-video-preview:-1\" \/>\n<link rel=\"canonical\" href=\"https:\/\/www.fcejs.unsl.edu.ar\/index.php\/convocatoria-abierta-para-la-tercera-edicion-de-la-revista-visiones\/\" \/>\n<meta property=\"og:locale\" content=\"es_ES\" \/>\n<meta property=\"og:type\" content=\"article\" \/>\n<meta property=\"og:title\" content=\"Se abri\u00f3 la convocatoria para la tercera edici\u00f3n de la Revista &quot;Visiones&quot; - Facultad de Ciencias Econ\u00f3micas, Jur\u00ed\u00addicas y Sociales\" \/>\n<meta property=\"og:description\" content=\"El Instituto Escuela de Econom\u00eda, Negocios y Transferencia Tecnol\u00f3gica anuncia la apertura de la convocatoria para la presentaci\u00f3n de publicaciones en la Tercera Edici\u00f3n de&hellip;\" \/>\n<meta property=\"og:url\" content=\"https:\/\/www.fcejs.unsl.edu.ar\/index.php\/convocatoria-abierta-para-la-tercera-edicion-de-la-revista-visiones\/\" \/>\n<meta property=\"og:site_name\" content=\"Facultad de Ciencias Econ\u00f3micas, Jur\u00ed\u00addicas y Sociales\" \/>\n<meta property=\"article:publisher\" content=\"https:\/\/www.facebook.com\/FCEJS.UNSL\/\" \/>\n<meta property=\"article:published_time\" content=\"2025-04-09T16:25:09+00:00\" \/>\n<meta property=\"article:modified_time\" content=\"2025-04-23T10:29:18+00:00\" \/>\n<meta property=\"og:image\" content=\"https:\/\/www.fcejs.unsl.edu.ar\/wp-content\/uploads\/2025\/02\/PLACA-WEBrevista-visiones-3.jpg\" \/>\n\t<meta property=\"og:image:width\" content=\"1152\" \/>\n\t<meta property=\"og:image:height\" content=\"648\" \/>\n\t<meta property=\"og:image:type\" content=\"image\/jpeg\" \/>\n<meta name=\"author\" content=\"DATI\" \/>\n<meta name=\"twitter:card\" content=\"summary_large_image\" \/>\n<meta name=\"twitter:creator\" content=\"@FCEJSUNSL\" \/>\n<meta name=\"twitter:site\" content=\"@FCEJSUNSL\" \/>\n<meta name=\"twitter:label1\" content=\"Escrito por\" \/>\n\t<meta name=\"twitter:data1\" content=\"DATI\" \/>\n\t<meta name=\"twitter:label2\" content=\"Tiempo de lectura\" \/>\n\t<meta name=\"twitter:data2\" content=\"2 minutos\" \/>\n<script type=\"application\/ld+json\" class=\"yoast-schema-graph\">{\"@context\":\"https:\\\/\\\/schema.org\",\"@graph\":[{\"@type\":\"Article\",\"@id\":\"https:\\\/\\\/www.fcejs.unsl.edu.ar\\\/index.php\\\/convocatoria-abierta-para-la-tercera-edicion-de-la-revista-visiones\\\/#article\",\"isPartOf\":{\"@id\":\"https:\\\/\\\/www.fcejs.unsl.edu.ar\\\/index.php\\\/convocatoria-abierta-para-la-tercera-edicion-de-la-revista-visiones\\\/\"},\"author\":{\"name\":\"DATI\",\"@id\":\"https:\\\/\\\/www.fcejs.unsl.edu.ar\\\/#\\\/schema\\\/person\\\/352ee6ed90c3f394c7cb5945f8956d34\"},\"headline\":\"Se abri\u00f3 la convocatoria para la tercera edici\u00f3n de la Revista &#8220;Visiones&#8221;\",\"datePublished\":\"2025-04-09T16:25:09+00:00\",\"dateModified\":\"2025-04-23T10:29:18+00:00\",\"mainEntityOfPage\":{\"@id\":\"https:\\\/\\\/www.fcejs.unsl.edu.ar\\\/index.php\\\/convocatoria-abierta-para-la-tercera-edicion-de-la-revista-visiones\\\/\"},\"wordCount\":232,\"publisher\":{\"@id\":\"https:\\\/\\\/www.fcejs.unsl.edu.ar\\\/#organization\"},\"image\":{\"@id\":\"https:\\\/\\\/www.fcejs.unsl.edu.ar\\\/index.php\\\/convocatoria-abierta-para-la-tercera-edicion-de-la-revista-visiones\\\/#primaryimage\"},\"thumbnailUrl\":\"https:\\\/\\\/www.fcejs.unsl.edu.ar\\\/wp-content\\\/uploads\\\/2025\\\/02\\\/PLACA-WEBrevista-visiones-3.jpg\",\"articleSection\":[\"Noticias\"],\"inLanguage\":\"es-AR\"},{\"@type\":\"WebPage\",\"@id\":\"https:\\\/\\\/www.fcejs.unsl.edu.ar\\\/index.php\\\/convocatoria-abierta-para-la-tercera-edicion-de-la-revista-visiones\\\/\",\"url\":\"https:\\\/\\\/www.fcejs.unsl.edu.ar\\\/index.php\\\/convocatoria-abierta-para-la-tercera-edicion-de-la-revista-visiones\\\/\",\"name\":\"Se abri\u00f3 la convocatoria para la tercera edici\u00f3n de la Revista \\\"Visiones\\\" - Facultad de Ciencias Econ\u00f3micas, Jur\u00ed\u00addicas y Sociales\",\"isPartOf\":{\"@id\":\"https:\\\/\\\/www.fcejs.unsl.edu.ar\\\/#website\"},\"primaryImageOfPage\":{\"@id\":\"https:\\\/\\\/www.fcejs.unsl.edu.ar\\\/index.php\\\/convocatoria-abierta-para-la-tercera-edicion-de-la-revista-visiones\\\/#primaryimage\"},\"image\":{\"@id\":\"https:\\\/\\\/www.fcejs.unsl.edu.ar\\\/index.php\\\/convocatoria-abierta-para-la-tercera-edicion-de-la-revista-visiones\\\/#primaryimage\"},\"thumbnailUrl\":\"https:\\\/\\\/www.fcejs.unsl.edu.ar\\\/wp-content\\\/uploads\\\/2025\\\/02\\\/PLACA-WEBrevista-visiones-3.jpg\",\"datePublished\":\"2025-04-09T16:25:09+00:00\",\"dateModified\":\"2025-04-23T10:29:18+00:00\",\"breadcrumb\":{\"@id\":\"https:\\\/\\\/www.fcejs.unsl.edu.ar\\\/index.php\\\/convocatoria-abierta-para-la-tercera-edicion-de-la-revista-visiones\\\/#breadcrumb\"},\"inLanguage\":\"es-AR\",\"potentialAction\":[{\"@type\":\"ReadAction\",\"target\":[\"https:\\\/\\\/www.fcejs.unsl.edu.ar\\\/index.php\\\/convocatoria-abierta-para-la-tercera-edicion-de-la-revista-visiones\\\/\"]}]},{\"@type\":\"ImageObject\",\"inLanguage\":\"es-AR\",\"@id\":\"https:\\\/\\\/www.fcejs.unsl.edu.ar\\\/index.php\\\/convocatoria-abierta-para-la-tercera-edicion-de-la-revista-visiones\\\/#primaryimage\",\"url\":\"https:\\\/\\\/www.fcejs.unsl.edu.ar\\\/wp-content\\\/uploads\\\/2025\\\/02\\\/PLACA-WEBrevista-visiones-3.jpg\",\"contentUrl\":\"https:\\\/\\\/www.fcejs.unsl.edu.ar\\\/wp-content\\\/uploads\\\/2025\\\/02\\\/PLACA-WEBrevista-visiones-3.jpg\",\"width\":1152,\"height\":648},{\"@type\":\"BreadcrumbList\",\"@id\":\"https:\\\/\\\/www.fcejs.unsl.edu.ar\\\/index.php\\\/convocatoria-abierta-para-la-tercera-edicion-de-la-revista-visiones\\\/#breadcrumb\",\"itemListElement\":[{\"@type\":\"ListItem\",\"position\":1,\"name\":\"Inicio\",\"item\":\"https:\\\/\\\/www.fcejs.unsl.edu.ar\\\/\"},{\"@type\":\"ListItem\",\"position\":2,\"name\":\"Se abri\u00f3 la convocatoria para la tercera edici\u00f3n de la Revista &#8220;Visiones&#8221;\"}]},{\"@type\":\"WebSite\",\"@id\":\"https:\\\/\\\/www.fcejs.unsl.edu.ar\\\/#website\",\"url\":\"https:\\\/\\\/www.fcejs.unsl.edu.ar\\\/\",\"name\":\"Facultad de Ciencias Econ\u00f3micas, Jur\u00ed\u00addicas y Sociales\",\"description\":\"\",\"publisher\":{\"@id\":\"https:\\\/\\\/www.fcejs.unsl.edu.ar\\\/#organization\"},\"potentialAction\":[{\"@type\":\"SearchAction\",\"target\":{\"@type\":\"EntryPoint\",\"urlTemplate\":\"https:\\\/\\\/www.fcejs.unsl.edu.ar\\\/?s={search_term_string}\"},\"query-input\":{\"@type\":\"PropertyValueSpecification\",\"valueRequired\":true,\"valueName\":\"search_term_string\"}}],\"inLanguage\":\"es-AR\"},{\"@type\":\"Organization\",\"@id\":\"https:\\\/\\\/www.fcejs.unsl.edu.ar\\\/#organization\",\"name\":\"Facultad de Ciencias Econ\u00f3micas, Jur\u00eddicas y Sociales\",\"url\":\"https:\\\/\\\/www.fcejs.unsl.edu.ar\\\/\",\"logo\":{\"@type\":\"ImageObject\",\"inLanguage\":\"es-AR\",\"@id\":\"https:\\\/\\\/www.fcejs.unsl.edu.ar\\\/#\\\/schema\\\/logo\\\/image\\\/\",\"url\":\"https:\\\/\\\/www.fcejs.unsl.edu.ar\\\/wp-content\\\/uploads\\\/2021\\\/03\\\/logo-1.jpg\",\"contentUrl\":\"https:\\\/\\\/www.fcejs.unsl.edu.ar\\\/wp-content\\\/uploads\\\/2021\\\/03\\\/logo-1.jpg\",\"width\":471,\"height\":146,\"caption\":\"Facultad de Ciencias Econ\u00f3micas, Jur\u00eddicas y Sociales\"},\"image\":{\"@id\":\"https:\\\/\\\/www.fcejs.unsl.edu.ar\\\/#\\\/schema\\\/logo\\\/image\\\/\"},\"sameAs\":[\"https:\\\/\\\/www.facebook.com\\\/FCEJS.UNSL\\\/\",\"https:\\\/\\\/x.com\\\/FCEJSUNSL\",\"https:\\\/\\\/www.instagram.com\\\/fcejs.unsl\\\/\",\"https:\\\/\\\/www.youtube.com\\\/channel\\\/UCH-Ut6EaN_X5ogjIQMPe46g\\\/\"]},{\"@type\":\"Person\",\"@id\":\"https:\\\/\\\/www.fcejs.unsl.edu.ar\\\/#\\\/schema\\\/person\\\/352ee6ed90c3f394c7cb5945f8956d34\",\"name\":\"DATI\"}]}<\/script>\n<!-- \/ Yoast SEO plugin. -->","yoast_head_json":{"title":"Se abri\u00f3 la convocatoria para la tercera edici\u00f3n de la Revista \"Visiones\" - Facultad de Ciencias Econ\u00f3micas, Jur\u00ed\u00addicas y Sociales","robots":{"index":"index","follow":"follow","max-snippet":"max-snippet:-1","max-image-preview":"max-image-preview:large","max-video-preview":"max-video-preview:-1"},"canonical":"https:\/\/www.fcejs.unsl.edu.ar\/index.php\/convocatoria-abierta-para-la-tercera-edicion-de-la-revista-visiones\/","og_locale":"es_ES","og_type":"article","og_title":"Se abri\u00f3 la convocatoria para la tercera edici\u00f3n de la Revista \"Visiones\" - Facultad de Ciencias Econ\u00f3micas, Jur\u00ed\u00addicas y Sociales","og_description":"El Instituto Escuela de Econom\u00eda, Negocios y Transferencia Tecnol\u00f3gica anuncia la apertura de la convocatoria para la presentaci\u00f3n de publicaciones en la Tercera Edici\u00f3n de&hellip;","og_url":"https:\/\/www.fcejs.unsl.edu.ar\/index.php\/convocatoria-abierta-para-la-tercera-edicion-de-la-revista-visiones\/","og_site_name":"Facultad de Ciencias Econ\u00f3micas, Jur\u00ed\u00addicas y Sociales","article_publisher":"https:\/\/www.facebook.com\/FCEJS.UNSL\/","article_published_time":"2025-04-09T16:25:09+00:00","article_modified_time":"2025-04-23T10:29:18+00:00","og_image":[{"width":1152,"height":648,"url":"https:\/\/www.fcejs.unsl.edu.ar\/wp-content\/uploads\/2025\/02\/PLACA-WEBrevista-visiones-3.jpg","type":"image\/jpeg"}],"author":"DATI","twitter_card":"summary_large_image","twitter_creator":"@FCEJSUNSL","twitter_site":"@FCEJSUNSL","twitter_misc":{"Escrito por":"DATI","Tiempo de lectura":"2 minutos"},"schema":{"@context":"https:\/\/schema.org","@graph":[{"@type":"Article","@id":"https:\/\/www.fcejs.unsl.edu.ar\/index.php\/convocatoria-abierta-para-la-tercera-edicion-de-la-revista-visiones\/#article","isPartOf":{"@id":"https:\/\/www.fcejs.unsl.edu.ar\/index.php\/convocatoria-abierta-para-la-tercera-edicion-de-la-revista-visiones\/"},"author":{"name":"DATI","@id":"https:\/\/www.fcejs.unsl.edu.ar\/#\/schema\/person\/352ee6ed90c3f394c7cb5945f8956d34"},"headline":"Se abri\u00f3 la convocatoria para la tercera edici\u00f3n de la Revista &#8220;Visiones&#8221;","datePublished":"2025-04-09T16:25:09+00:00","dateModified":"2025-04-23T10:29:18+00:00","mainEntityOfPage":{"@id":"https:\/\/www.fcejs.unsl.edu.ar\/index.php\/convocatoria-abierta-para-la-tercera-edicion-de-la-revista-visiones\/"},"wordCount":232,"publisher":{"@id":"https:\/\/www.fcejs.unsl.edu.ar\/#organization"},"image":{"@id":"https:\/\/www.fcejs.unsl.edu.ar\/index.php\/convocatoria-abierta-para-la-tercera-edicion-de-la-revista-visiones\/#primaryimage"},"thumbnailUrl":"https:\/\/www.fcejs.unsl.edu.ar\/wp-content\/uploads\/2025\/02\/PLACA-WEBrevista-visiones-3.jpg","articleSection":["Noticias"],"inLanguage":"es-AR"},{"@type":"WebPage","@id":"https:\/\/www.fcejs.unsl.edu.ar\/index.php\/convocatoria-abierta-para-la-tercera-edicion-de-la-revista-visiones\/","url":"https:\/\/www.fcejs.unsl.edu.ar\/index.php\/convocatoria-abierta-para-la-tercera-edicion-de-la-revista-visiones\/","name":"Se abri\u00f3 la convocatoria para la tercera edici\u00f3n de la Revista \"Visiones\" - Facultad de Ciencias Econ\u00f3micas, Jur\u00ed\u00addicas y Sociales","isPartOf":{"@id":"https:\/\/www.fcejs.unsl.edu.ar\/#website"},"primaryImageOfPage":{"@id":"https:\/\/www.fcejs.unsl.edu.ar\/index.php\/convocatoria-abierta-para-la-tercera-edicion-de-la-revista-visiones\/#primaryimage"},"image":{"@id":"https:\/\/www.fcejs.unsl.edu.ar\/index.php\/convocatoria-abierta-para-la-tercera-edicion-de-la-revista-visiones\/#primaryimage"},"thumbnailUrl":"https:\/\/www.fcejs.unsl.edu.ar\/wp-content\/uploads\/2025\/02\/PLACA-WEBrevista-visiones-3.jpg","datePublished":"2025-04-09T16:25:09+00:00","dateModified":"2025-04-23T10:29:18+00:00","breadcrumb":{"@id":"https:\/\/www.fcejs.unsl.edu.ar\/index.php\/convocatoria-abierta-para-la-tercera-edicion-de-la-revista-visiones\/#breadcrumb"},"inLanguage":"es-AR","potentialAction":[{"@type":"ReadAction","target":["https:\/\/www.fcejs.unsl.edu.ar\/index.php\/convocatoria-abierta-para-la-tercera-edicion-de-la-revista-visiones\/"]}]},{"@type":"ImageObject","inLanguage":"es-AR","@id":"https:\/\/www.fcejs.unsl.edu.ar\/index.php\/convocatoria-abierta-para-la-tercera-edicion-de-la-revista-visiones\/#primaryimage","url":"https:\/\/www.fcejs.unsl.edu.ar\/wp-content\/uploads\/2025\/02\/PLACA-WEBrevista-visiones-3.jpg","contentUrl":"https:\/\/www.fcejs.unsl.edu.ar\/wp-content\/uploads\/2025\/02\/PLACA-WEBrevista-visiones-3.jpg","width":1152,"height":648},{"@type":"BreadcrumbList","@id":"https:\/\/www.fcejs.unsl.edu.ar\/index.php\/convocatoria-abierta-para-la-tercera-edicion-de-la-revista-visiones\/#breadcrumb","itemListElement":[{"@type":"ListItem","position":1,"name":"Inicio","item":"https:\/\/www.fcejs.unsl.edu.ar\/"},{"@type":"ListItem","position":2,"name":"Se abri\u00f3 la convocatoria para la tercera edici\u00f3n de la Revista &#8220;Visiones&#8221;"}]},{"@type":"WebSite","@id":"https:\/\/www.fcejs.unsl.edu.ar\/#website","url":"https:\/\/www.fcejs.unsl.edu.ar\/","name":"Facultad de Ciencias Econ\u00f3micas, Jur\u00ed\u00addicas y Sociales","description":"","publisher":{"@id":"https:\/\/www.fcejs.unsl.edu.ar\/#organization"},"potentialAction":[{"@type":"SearchAction","target":{"@type":"EntryPoint","urlTemplate":"https:\/\/www.fcejs.unsl.edu.ar\/?s={search_term_string}"},"query-input":{"@type":"PropertyValueSpecification","valueRequired":true,"valueName":"search_term_string"}}],"inLanguage":"es-AR"},{"@type":"Organization","@id":"https:\/\/www.fcejs.unsl.edu.ar\/#organization","name":"Facultad de Ciencias Econ\u00f3micas, Jur\u00eddicas y Sociales","url":"https:\/\/www.fcejs.unsl.edu.ar\/","logo":{"@type":"ImageObject","inLanguage":"es-AR","@id":"https:\/\/www.fcejs.unsl.edu.ar\/#\/schema\/logo\/image\/","url":"https:\/\/www.fcejs.unsl.edu.ar\/wp-content\/uploads\/2021\/03\/logo-1.jpg","contentUrl":"https:\/\/www.fcejs.unsl.edu.ar\/wp-content\/uploads\/2021\/03\/logo-1.jpg","width":471,"height":146,"caption":"Facultad de Ciencias Econ\u00f3micas, Jur\u00eddicas y Sociales"},"image":{"@id":"https:\/\/www.fcejs.unsl.edu.ar\/#\/schema\/logo\/image\/"},"sameAs":["https:\/\/www.facebook.com\/FCEJS.UNSL\/","https:\/\/x.com\/FCEJSUNSL","https:\/\/www.instagram.com\/fcejs.unsl\/","https:\/\/www.youtube.com\/channel\/UCH-Ut6EaN_X5ogjIQMPe46g\/"]},{"@type":"Person","@id":"https:\/\/www.fcejs.unsl.edu.ar\/#\/schema\/person\/352ee6ed90c3f394c7cb5945f8956d34","name":"DATI"}]}},"jetpack_featured_media_url":"https:\/\/www.fcejs.unsl.edu.ar\/wp-content\/uploads\/2025\/02\/PLACA-WEBrevista-visiones-3.jpg","_links":{"self":[{"href":"https:\/\/www.fcejs.unsl.edu.ar\/index.php\/wp-json\/wp\/v2\/posts\/19451","targetHints":{"allow":["GET"]}}],"collection":[{"href":"https:\/\/www.fcejs.unsl.edu.ar\/index.php\/wp-json\/wp\/v2\/posts"}],"about":[{"href":"https:\/\/www.fcejs.unsl.edu.ar\/index.php\/wp-json\/wp\/v2\/types\/post"}],"author":[{"embeddable":true,"href":"https:\/\/www.fcejs.unsl.edu.ar\/index.php\/wp-json\/wp\/v2\/users\/9"}],"replies":[{"embeddable":true,"href":"https:\/\/www.fcejs.unsl.edu.ar\/index.php\/wp-json\/wp\/v2\/comments?post=19451"}],"version-history":[{"count":5,"href":"https:\/\/www.fcejs.unsl.edu.ar\/index.php\/wp-json\/wp\/v2\/posts\/19451\/revisions"}],"predecessor-version":[{"id":19461,"href":"https:\/\/www.fcejs.unsl.edu.ar\/index.php\/wp-json\/wp\/v2\/posts\/19451\/revisions\/19461"}],"wp:featuredmedia":[{"embeddable":true,"href":"https:\/\/www.fcejs.unsl.edu.ar\/index.php\/wp-json\/wp\/v2\/media\/19452"}],"wp:attachment":[{"href":"https:\/\/www.fcejs.unsl.edu.ar\/index.php\/wp-json\/wp\/v2\/media?parent=19451"}],"wp:term":[{"taxonomy":"category","embeddable":true,"href":"https:\/\/www.fcejs.unsl.edu.ar\/index.php\/wp-json\/wp\/v2\/categories?post=19451"},{"taxonomy":"post_tag","embeddable":true,"href":"https:\/\/www.fcejs.unsl.edu.ar\/index.php\/wp-json\/wp\/v2\/tags?post=19451"}],"curies":[{"name":"wp","href":"https:\/\/api.w.org\/{rel}","templated":true}]}}