{"id":17311,"date":"2024-08-05T11:41:06","date_gmt":"2024-08-05T14:41:06","guid":{"rendered":"http:\/\/10.101.10.197\/www\/?p=17311"},"modified":"2024-08-13T10:48:21","modified_gmt":"2024-08-13T13:48:21","slug":"curso-optativo-derecho-y-abogacia-con-perspectiva-comunitaria","status":"publish","type":"post","link":"https:\/\/www.fcejs.unsl.edu.ar\/index.php\/curso-optativo-derecho-y-abogacia-con-perspectiva-comunitaria\/","title":{"rendered":"Preinscripci\u00f3n abierta del nuevo curso Optativo \u201cDerecho y Abogac\u00eda con perspectiva Comunitaria\u201d"},"content":{"rendered":"<p>El Departamento de Ciencias Jur\u00eddicas y Pol\u00edticas informa que se encuentra abierta la<strong> preinscripci\u00f3n<\/strong> para el nuevo <strong>Curso Optativo \u201cDerecho y Abogac\u00eda con perspectiva Comunitaria\u201d,<\/strong> destinado a estudiantes de <strong>Abogac\u00eda (Plan 08\/18 y 11\/09<\/strong>).<\/p>\n<p>Las clases ser\u00e1n de modalidad virtual los d\u00edas mi\u00e9rcoles de 16 a 18 hs. <strong>Comenzar\u00e1n el 14 de agosto<\/strong> y se desarrollar\u00e1n hasta el 27 de noviembre, con una carga horaria de 45 hs.<\/p>\n<p>Quienes est\u00e9n interesadas e interesados en cursar este nuevo curso, <strong>con cupo limitado<\/strong>, se podr\u00e1n preinscribir a trav\u00e9s del siguiente formulario:<\/p>\n<h3 style=\"text-align: center;\"><span style=\"font-size: 16px;\"><strong><span style=\"color: #0000ff;\"><a style=\"color: #0000ff;\" href=\"https:\/\/forms.gle\/jLKrokj52rNDEMiH7\" target=\"_blank\" rel=\"noopener\">PREINSCRIPCIONES<\/a><\/span><\/strong><\/span><\/h3>\n<p>&nbsp;<\/p>\n<p>Para consultas dirigirse al mail del <strong>Coordinador Administrativo de la materia, Abg. Rodrigo Iglesias<\/strong>: <strong><a href=\"mailto:rniglesias@unsl.edu.ar\" target=\"_blank\" rel=\"noopener\">rniglesias@unsl.edu.ar<\/a>.<\/strong><\/p>\n<p>Este curso formar\u00e1 parte de una C\u00e1tedra Interuniversitaria Federal, la cual ser\u00e1 dictada por importantes profesionales en la materia y ser\u00e1 simult\u00e1nea para m\u00e1s de 10 universidades de distintos lugares del pa\u00eds.<\/p>\n<p>Es organizada por la <strong>Escuela Latinoamericana de Abogac\u00eda Comunitaria y Activismo Jur\u00eddico (ELAC), la Red Argentina de Abogac\u00eda Comunitaria, la Red Argentina de Cl\u00ednicas Jur\u00eddicas y la FCEJS.<\/strong><\/p>\n<p>La abogac\u00eda con perspectiva comunitaria es un campo profesional y disciplinar en construcci\u00f3n. El rasgo central de este campo esta\u0301 constituido por el tipo especial de entorno social sobre el que se despliega, se desarrolla y sobre el que impacta. Ese entorno social espec\u00edfico es el de las comunidades social, institucional, econ\u00f3mica, pol\u00edtica (y en general) vulnerabilizadas, segregadas, explotadas, privadas de manera sist\u00e9mica y estructural del acceso y ejercicio de la ciudadan\u00eda efectiva. En este contexto, la Abogac\u00eda con Perspectiva Comunitaria es la pr\u00e1ctica de gestionar, activar, promover, construir y encauzar din\u00e1micas de empoderamiento jur\u00eddico comunitario para avanzar hacia condiciones efectivas e igualitarias de ciudadan\u00eda social, amparada en el derecho.<\/p>\n<p>El objetivo general de esta propuesta busca adquirir habilidades, sensibilidades y destrezas b\u00e1sicas para un ejercicio emancipatorio de la abogac\u00eda y el litigio en favor de -y junto a- personas, comunidades y colectivos afectados por dina\u0301micas de desigualdad y exclusio\u0301n siste\u0301mica y estructural. Asimismo, comprender cri\u0301ticamente los desafi\u0301os y perspectivas del ejercicio de la abogaci\u0301a, el acceso a la justicia y la defensa de los derechos humanos en contextos de altos niveles de exclusio\u0301n social y legal, pobreza estructural y sistemas institucionales de\u0301biles, inefectivos y deslegitimados.<\/p>\n<p>Requisitos: las materias correlativas necesarias para cursar esta asignatura son:<\/p>\n<p>&nbsp;<\/p>\n<p>\u2022 Derechos Humanos y Ciudadan\u00eda (2\u00ba A\u00f1o)<\/p>\n<p>\u2022 Derecho Constitucional (2\u00ba A\u00f1o)<\/p>\n<p>\u2022 Derecho Procesal Civil y Comercial (3\u00b0 A\u00f1o)<\/p>\n<p>(O sus equivalentes para el Plan 11\/09)<\/p>\n<p>&nbsp;<\/p>\n<p>Estas materias deben ser APROBADAS (con examen final)<\/p>\n<p>&#8212;<br \/>\nSUBSECRETAR\u00cdA DE COMUNICACI\u00d3N,<br \/>\nCEREMONIAL Y PROTOCOLO<\/p>\n","protected":false},"excerpt":{"rendered":"<p>El Departamento de Ciencias Jur\u00eddicas y Pol\u00edticas informa que se encuentra abierta la preinscripci\u00f3n para el nuevo Curso Optativo \u201cDerecho y Abogac\u00eda con perspectiva Comunitaria\u201d,&hellip;<\/p>\n","protected":false},"author":9,"featured_media":17312,"comment_status":"closed","ping_status":"closed","sticky":false,"template":"","format":"standard","meta":{"om_disable_all_campaigns":false,"_monsterinsights_skip_tracking":false,"_monsterinsights_sitenote_active":false,"_monsterinsights_sitenote_note":"","_monsterinsights_sitenote_category":0,"footnotes":""},"categories":[1],"tags":[],"class_list":["post-17311","post","type-post","status-publish","format-standard","has-post-thumbnail","hentry","category-noticias"],"yoast_head":"<!-- This site is optimized with the Yoast SEO plugin v27.4 - https:\/\/yoast.com\/product\/yoast-seo-wordpress\/ -->\n<title>Preinscripci\u00f3n abierta del nuevo curso Optativo \u201cDerecho y Abogac\u00eda con perspectiva Comunitaria\u201d - Facultad de Ciencias Econ\u00f3micas, Jur\u00ed\u00addicas y Sociales<\/title>\n<meta name=\"robots\" content=\"index, follow, max-snippet:-1, max-image-preview:large, max-video-preview:-1\" \/>\n<link rel=\"canonical\" href=\"https:\/\/www.fcejs.unsl.edu.ar\/index.php\/curso-optativo-derecho-y-abogacia-con-perspectiva-comunitaria\/\" \/>\n<meta property=\"og:locale\" content=\"es_ES\" \/>\n<meta property=\"og:type\" content=\"article\" \/>\n<meta property=\"og:title\" content=\"Preinscripci\u00f3n abierta del nuevo curso Optativo \u201cDerecho y Abogac\u00eda con perspectiva Comunitaria\u201d - Facultad de Ciencias Econ\u00f3micas, Jur\u00ed\u00addicas y Sociales\" \/>\n<meta property=\"og:description\" content=\"El Departamento de Ciencias Jur\u00eddicas y Pol\u00edticas informa que se encuentra abierta la preinscripci\u00f3n para el nuevo Curso Optativo \u201cDerecho y Abogac\u00eda con perspectiva Comunitaria\u201d,&hellip;\" \/>\n<meta property=\"og:url\" content=\"https:\/\/www.fcejs.unsl.edu.ar\/index.php\/curso-optativo-derecho-y-abogacia-con-perspectiva-comunitaria\/\" \/>\n<meta property=\"og:site_name\" content=\"Facultad de Ciencias Econ\u00f3micas, Jur\u00ed\u00addicas y Sociales\" \/>\n<meta property=\"article:publisher\" content=\"https:\/\/www.facebook.com\/FCEJS.UNSL\/\" \/>\n<meta property=\"article:published_time\" content=\"2024-08-05T14:41:06+00:00\" \/>\n<meta property=\"article:modified_time\" content=\"2024-08-13T13:48:21+00:00\" \/>\n<meta property=\"og:image\" content=\"https:\/\/www.fcejs.unsl.edu.ar\/wp-content\/uploads\/2024\/08\/PLACA-WEBcurso-optativo-abogacia.jpg\" \/>\n\t<meta property=\"og:image:width\" content=\"2304\" \/>\n\t<meta property=\"og:image:height\" content=\"1296\" \/>\n\t<meta property=\"og:image:type\" content=\"image\/jpeg\" \/>\n<meta name=\"author\" content=\"DATI\" \/>\n<meta name=\"twitter:card\" content=\"summary_large_image\" \/>\n<meta name=\"twitter:creator\" content=\"@FCEJSUNSL\" \/>\n<meta name=\"twitter:site\" content=\"@FCEJSUNSL\" \/>\n<meta name=\"twitter:label1\" content=\"Escrito por\" \/>\n\t<meta name=\"twitter:data1\" content=\"DATI\" \/>\n\t<meta name=\"twitter:label2\" content=\"Tiempo de lectura\" \/>\n\t<meta name=\"twitter:data2\" content=\"3 minutos\" \/>\n<script type=\"application\/ld+json\" class=\"yoast-schema-graph\">{\"@context\":\"https:\\\/\\\/schema.org\",\"@graph\":[{\"@type\":\"Article\",\"@id\":\"https:\\\/\\\/www.fcejs.unsl.edu.ar\\\/index.php\\\/curso-optativo-derecho-y-abogacia-con-perspectiva-comunitaria\\\/#article\",\"isPartOf\":{\"@id\":\"https:\\\/\\\/www.fcejs.unsl.edu.ar\\\/index.php\\\/curso-optativo-derecho-y-abogacia-con-perspectiva-comunitaria\\\/\"},\"author\":{\"name\":\"DATI\",\"@id\":\"https:\\\/\\\/www.fcejs.unsl.edu.ar\\\/#\\\/schema\\\/person\\\/352ee6ed90c3f394c7cb5945f8956d34\"},\"headline\":\"Preinscripci\u00f3n abierta del nuevo curso Optativo \u201cDerecho y Abogac\u00eda con perspectiva Comunitaria\u201d\",\"datePublished\":\"2024-08-05T14:41:06+00:00\",\"dateModified\":\"2024-08-13T13:48:21+00:00\",\"mainEntityOfPage\":{\"@id\":\"https:\\\/\\\/www.fcejs.unsl.edu.ar\\\/index.php\\\/curso-optativo-derecho-y-abogacia-con-perspectiva-comunitaria\\\/\"},\"wordCount\":468,\"publisher\":{\"@id\":\"https:\\\/\\\/www.fcejs.unsl.edu.ar\\\/#organization\"},\"image\":{\"@id\":\"https:\\\/\\\/www.fcejs.unsl.edu.ar\\\/index.php\\\/curso-optativo-derecho-y-abogacia-con-perspectiva-comunitaria\\\/#primaryimage\"},\"thumbnailUrl\":\"https:\\\/\\\/www.fcejs.unsl.edu.ar\\\/wp-content\\\/uploads\\\/2024\\\/08\\\/PLACA-WEBcurso-optativo-abogacia.jpg\",\"articleSection\":[\"Noticias\"],\"inLanguage\":\"es-AR\"},{\"@type\":\"WebPage\",\"@id\":\"https:\\\/\\\/www.fcejs.unsl.edu.ar\\\/index.php\\\/curso-optativo-derecho-y-abogacia-con-perspectiva-comunitaria\\\/\",\"url\":\"https:\\\/\\\/www.fcejs.unsl.edu.ar\\\/index.php\\\/curso-optativo-derecho-y-abogacia-con-perspectiva-comunitaria\\\/\",\"name\":\"Preinscripci\u00f3n abierta del nuevo curso Optativo \u201cDerecho y Abogac\u00eda con perspectiva Comunitaria\u201d - Facultad de Ciencias Econ\u00f3micas, Jur\u00ed\u00addicas y Sociales\",\"isPartOf\":{\"@id\":\"https:\\\/\\\/www.fcejs.unsl.edu.ar\\\/#website\"},\"primaryImageOfPage\":{\"@id\":\"https:\\\/\\\/www.fcejs.unsl.edu.ar\\\/index.php\\\/curso-optativo-derecho-y-abogacia-con-perspectiva-comunitaria\\\/#primaryimage\"},\"image\":{\"@id\":\"https:\\\/\\\/www.fcejs.unsl.edu.ar\\\/index.php\\\/curso-optativo-derecho-y-abogacia-con-perspectiva-comunitaria\\\/#primaryimage\"},\"thumbnailUrl\":\"https:\\\/\\\/www.fcejs.unsl.edu.ar\\\/wp-content\\\/uploads\\\/2024\\\/08\\\/PLACA-WEBcurso-optativo-abogacia.jpg\",\"datePublished\":\"2024-08-05T14:41:06+00:00\",\"dateModified\":\"2024-08-13T13:48:21+00:00\",\"breadcrumb\":{\"@id\":\"https:\\\/\\\/www.fcejs.unsl.edu.ar\\\/index.php\\\/curso-optativo-derecho-y-abogacia-con-perspectiva-comunitaria\\\/#breadcrumb\"},\"inLanguage\":\"es-AR\",\"potentialAction\":[{\"@type\":\"ReadAction\",\"target\":[\"https:\\\/\\\/www.fcejs.unsl.edu.ar\\\/index.php\\\/curso-optativo-derecho-y-abogacia-con-perspectiva-comunitaria\\\/\"]}]},{\"@type\":\"ImageObject\",\"inLanguage\":\"es-AR\",\"@id\":\"https:\\\/\\\/www.fcejs.unsl.edu.ar\\\/index.php\\\/curso-optativo-derecho-y-abogacia-con-perspectiva-comunitaria\\\/#primaryimage\",\"url\":\"https:\\\/\\\/www.fcejs.unsl.edu.ar\\\/wp-content\\\/uploads\\\/2024\\\/08\\\/PLACA-WEBcurso-optativo-abogacia.jpg\",\"contentUrl\":\"https:\\\/\\\/www.fcejs.unsl.edu.ar\\\/wp-content\\\/uploads\\\/2024\\\/08\\\/PLACA-WEBcurso-optativo-abogacia.jpg\",\"width\":2304,\"height\":1296},{\"@type\":\"BreadcrumbList\",\"@id\":\"https:\\\/\\\/www.fcejs.unsl.edu.ar\\\/index.php\\\/curso-optativo-derecho-y-abogacia-con-perspectiva-comunitaria\\\/#breadcrumb\",\"itemListElement\":[{\"@type\":\"ListItem\",\"position\":1,\"name\":\"Inicio\",\"item\":\"https:\\\/\\\/www.fcejs.unsl.edu.ar\\\/\"},{\"@type\":\"ListItem\",\"position\":2,\"name\":\"Preinscripci\u00f3n abierta del nuevo curso Optativo \u201cDerecho y Abogac\u00eda con perspectiva Comunitaria\u201d\"}]},{\"@type\":\"WebSite\",\"@id\":\"https:\\\/\\\/www.fcejs.unsl.edu.ar\\\/#website\",\"url\":\"https:\\\/\\\/www.fcejs.unsl.edu.ar\\\/\",\"name\":\"Facultad de Ciencias Econ\u00f3micas, Jur\u00ed\u00addicas y Sociales\",\"description\":\"\",\"publisher\":{\"@id\":\"https:\\\/\\\/www.fcejs.unsl.edu.ar\\\/#organization\"},\"potentialAction\":[{\"@type\":\"SearchAction\",\"target\":{\"@type\":\"EntryPoint\",\"urlTemplate\":\"https:\\\/\\\/www.fcejs.unsl.edu.ar\\\/?s={search_term_string}\"},\"query-input\":{\"@type\":\"PropertyValueSpecification\",\"valueRequired\":true,\"valueName\":\"search_term_string\"}}],\"inLanguage\":\"es-AR\"},{\"@type\":\"Organization\",\"@id\":\"https:\\\/\\\/www.fcejs.unsl.edu.ar\\\/#organization\",\"name\":\"Facultad de Ciencias Econ\u00f3micas, Jur\u00eddicas y Sociales\",\"url\":\"https:\\\/\\\/www.fcejs.unsl.edu.ar\\\/\",\"logo\":{\"@type\":\"ImageObject\",\"inLanguage\":\"es-AR\",\"@id\":\"https:\\\/\\\/www.fcejs.unsl.edu.ar\\\/#\\\/schema\\\/logo\\\/image\\\/\",\"url\":\"https:\\\/\\\/www.fcejs.unsl.edu.ar\\\/wp-content\\\/uploads\\\/2021\\\/03\\\/logo-1.jpg\",\"contentUrl\":\"https:\\\/\\\/www.fcejs.unsl.edu.ar\\\/wp-content\\\/uploads\\\/2021\\\/03\\\/logo-1.jpg\",\"width\":471,\"height\":146,\"caption\":\"Facultad de Ciencias Econ\u00f3micas, Jur\u00eddicas y Sociales\"},\"image\":{\"@id\":\"https:\\\/\\\/www.fcejs.unsl.edu.ar\\\/#\\\/schema\\\/logo\\\/image\\\/\"},\"sameAs\":[\"https:\\\/\\\/www.facebook.com\\\/FCEJS.UNSL\\\/\",\"https:\\\/\\\/x.com\\\/FCEJSUNSL\",\"https:\\\/\\\/www.instagram.com\\\/fcejs.unsl\\\/\",\"https:\\\/\\\/www.youtube.com\\\/channel\\\/UCH-Ut6EaN_X5ogjIQMPe46g\\\/\"]},{\"@type\":\"Person\",\"@id\":\"https:\\\/\\\/www.fcejs.unsl.edu.ar\\\/#\\\/schema\\\/person\\\/352ee6ed90c3f394c7cb5945f8956d34\",\"name\":\"DATI\"}]}<\/script>\n<!-- \/ Yoast SEO plugin. -->","yoast_head_json":{"title":"Preinscripci\u00f3n abierta del nuevo curso Optativo \u201cDerecho y Abogac\u00eda con perspectiva Comunitaria\u201d - Facultad de Ciencias Econ\u00f3micas, Jur\u00ed\u00addicas y Sociales","robots":{"index":"index","follow":"follow","max-snippet":"max-snippet:-1","max-image-preview":"max-image-preview:large","max-video-preview":"max-video-preview:-1"},"canonical":"https:\/\/www.fcejs.unsl.edu.ar\/index.php\/curso-optativo-derecho-y-abogacia-con-perspectiva-comunitaria\/","og_locale":"es_ES","og_type":"article","og_title":"Preinscripci\u00f3n abierta del nuevo curso Optativo \u201cDerecho y Abogac\u00eda con perspectiva Comunitaria\u201d - Facultad de Ciencias Econ\u00f3micas, Jur\u00ed\u00addicas y Sociales","og_description":"El Departamento de Ciencias Jur\u00eddicas y Pol\u00edticas informa que se encuentra abierta la preinscripci\u00f3n para el nuevo Curso Optativo \u201cDerecho y Abogac\u00eda con perspectiva Comunitaria\u201d,&hellip;","og_url":"https:\/\/www.fcejs.unsl.edu.ar\/index.php\/curso-optativo-derecho-y-abogacia-con-perspectiva-comunitaria\/","og_site_name":"Facultad de Ciencias Econ\u00f3micas, Jur\u00ed\u00addicas y Sociales","article_publisher":"https:\/\/www.facebook.com\/FCEJS.UNSL\/","article_published_time":"2024-08-05T14:41:06+00:00","article_modified_time":"2024-08-13T13:48:21+00:00","og_image":[{"width":2304,"height":1296,"url":"https:\/\/www.fcejs.unsl.edu.ar\/wp-content\/uploads\/2024\/08\/PLACA-WEBcurso-optativo-abogacia.jpg","type":"image\/jpeg"}],"author":"DATI","twitter_card":"summary_large_image","twitter_creator":"@FCEJSUNSL","twitter_site":"@FCEJSUNSL","twitter_misc":{"Escrito por":"DATI","Tiempo de lectura":"3 minutos"},"schema":{"@context":"https:\/\/schema.org","@graph":[{"@type":"Article","@id":"https:\/\/www.fcejs.unsl.edu.ar\/index.php\/curso-optativo-derecho-y-abogacia-con-perspectiva-comunitaria\/#article","isPartOf":{"@id":"https:\/\/www.fcejs.unsl.edu.ar\/index.php\/curso-optativo-derecho-y-abogacia-con-perspectiva-comunitaria\/"},"author":{"name":"DATI","@id":"https:\/\/www.fcejs.unsl.edu.ar\/#\/schema\/person\/352ee6ed90c3f394c7cb5945f8956d34"},"headline":"Preinscripci\u00f3n abierta del nuevo curso Optativo \u201cDerecho y Abogac\u00eda con perspectiva Comunitaria\u201d","datePublished":"2024-08-05T14:41:06+00:00","dateModified":"2024-08-13T13:48:21+00:00","mainEntityOfPage":{"@id":"https:\/\/www.fcejs.unsl.edu.ar\/index.php\/curso-optativo-derecho-y-abogacia-con-perspectiva-comunitaria\/"},"wordCount":468,"publisher":{"@id":"https:\/\/www.fcejs.unsl.edu.ar\/#organization"},"image":{"@id":"https:\/\/www.fcejs.unsl.edu.ar\/index.php\/curso-optativo-derecho-y-abogacia-con-perspectiva-comunitaria\/#primaryimage"},"thumbnailUrl":"https:\/\/www.fcejs.unsl.edu.ar\/wp-content\/uploads\/2024\/08\/PLACA-WEBcurso-optativo-abogacia.jpg","articleSection":["Noticias"],"inLanguage":"es-AR"},{"@type":"WebPage","@id":"https:\/\/www.fcejs.unsl.edu.ar\/index.php\/curso-optativo-derecho-y-abogacia-con-perspectiva-comunitaria\/","url":"https:\/\/www.fcejs.unsl.edu.ar\/index.php\/curso-optativo-derecho-y-abogacia-con-perspectiva-comunitaria\/","name":"Preinscripci\u00f3n abierta del nuevo curso Optativo \u201cDerecho y Abogac\u00eda con perspectiva Comunitaria\u201d - Facultad de Ciencias Econ\u00f3micas, Jur\u00ed\u00addicas y Sociales","isPartOf":{"@id":"https:\/\/www.fcejs.unsl.edu.ar\/#website"},"primaryImageOfPage":{"@id":"https:\/\/www.fcejs.unsl.edu.ar\/index.php\/curso-optativo-derecho-y-abogacia-con-perspectiva-comunitaria\/#primaryimage"},"image":{"@id":"https:\/\/www.fcejs.unsl.edu.ar\/index.php\/curso-optativo-derecho-y-abogacia-con-perspectiva-comunitaria\/#primaryimage"},"thumbnailUrl":"https:\/\/www.fcejs.unsl.edu.ar\/wp-content\/uploads\/2024\/08\/PLACA-WEBcurso-optativo-abogacia.jpg","datePublished":"2024-08-05T14:41:06+00:00","dateModified":"2024-08-13T13:48:21+00:00","breadcrumb":{"@id":"https:\/\/www.fcejs.unsl.edu.ar\/index.php\/curso-optativo-derecho-y-abogacia-con-perspectiva-comunitaria\/#breadcrumb"},"inLanguage":"es-AR","potentialAction":[{"@type":"ReadAction","target":["https:\/\/www.fcejs.unsl.edu.ar\/index.php\/curso-optativo-derecho-y-abogacia-con-perspectiva-comunitaria\/"]}]},{"@type":"ImageObject","inLanguage":"es-AR","@id":"https:\/\/www.fcejs.unsl.edu.ar\/index.php\/curso-optativo-derecho-y-abogacia-con-perspectiva-comunitaria\/#primaryimage","url":"https:\/\/www.fcejs.unsl.edu.ar\/wp-content\/uploads\/2024\/08\/PLACA-WEBcurso-optativo-abogacia.jpg","contentUrl":"https:\/\/www.fcejs.unsl.edu.ar\/wp-content\/uploads\/2024\/08\/PLACA-WEBcurso-optativo-abogacia.jpg","width":2304,"height":1296},{"@type":"BreadcrumbList","@id":"https:\/\/www.fcejs.unsl.edu.ar\/index.php\/curso-optativo-derecho-y-abogacia-con-perspectiva-comunitaria\/#breadcrumb","itemListElement":[{"@type":"ListItem","position":1,"name":"Inicio","item":"https:\/\/www.fcejs.unsl.edu.ar\/"},{"@type":"ListItem","position":2,"name":"Preinscripci\u00f3n abierta del nuevo curso Optativo \u201cDerecho y Abogac\u00eda con perspectiva Comunitaria\u201d"}]},{"@type":"WebSite","@id":"https:\/\/www.fcejs.unsl.edu.ar\/#website","url":"https:\/\/www.fcejs.unsl.edu.ar\/","name":"Facultad de Ciencias Econ\u00f3micas, Jur\u00ed\u00addicas y Sociales","description":"","publisher":{"@id":"https:\/\/www.fcejs.unsl.edu.ar\/#organization"},"potentialAction":[{"@type":"SearchAction","target":{"@type":"EntryPoint","urlTemplate":"https:\/\/www.fcejs.unsl.edu.ar\/?s={search_term_string}"},"query-input":{"@type":"PropertyValueSpecification","valueRequired":true,"valueName":"search_term_string"}}],"inLanguage":"es-AR"},{"@type":"Organization","@id":"https:\/\/www.fcejs.unsl.edu.ar\/#organization","name":"Facultad de Ciencias Econ\u00f3micas, Jur\u00eddicas y Sociales","url":"https:\/\/www.fcejs.unsl.edu.ar\/","logo":{"@type":"ImageObject","inLanguage":"es-AR","@id":"https:\/\/www.fcejs.unsl.edu.ar\/#\/schema\/logo\/image\/","url":"https:\/\/www.fcejs.unsl.edu.ar\/wp-content\/uploads\/2021\/03\/logo-1.jpg","contentUrl":"https:\/\/www.fcejs.unsl.edu.ar\/wp-content\/uploads\/2021\/03\/logo-1.jpg","width":471,"height":146,"caption":"Facultad de Ciencias Econ\u00f3micas, Jur\u00eddicas y Sociales"},"image":{"@id":"https:\/\/www.fcejs.unsl.edu.ar\/#\/schema\/logo\/image\/"},"sameAs":["https:\/\/www.facebook.com\/FCEJS.UNSL\/","https:\/\/x.com\/FCEJSUNSL","https:\/\/www.instagram.com\/fcejs.unsl\/","https:\/\/www.youtube.com\/channel\/UCH-Ut6EaN_X5ogjIQMPe46g\/"]},{"@type":"Person","@id":"https:\/\/www.fcejs.unsl.edu.ar\/#\/schema\/person\/352ee6ed90c3f394c7cb5945f8956d34","name":"DATI"}]}},"jetpack_featured_media_url":"https:\/\/www.fcejs.unsl.edu.ar\/wp-content\/uploads\/2024\/08\/PLACA-WEBcurso-optativo-abogacia.jpg","_links":{"self":[{"href":"https:\/\/www.fcejs.unsl.edu.ar\/index.php\/wp-json\/wp\/v2\/posts\/17311","targetHints":{"allow":["GET"]}}],"collection":[{"href":"https:\/\/www.fcejs.unsl.edu.ar\/index.php\/wp-json\/wp\/v2\/posts"}],"about":[{"href":"https:\/\/www.fcejs.unsl.edu.ar\/index.php\/wp-json\/wp\/v2\/types\/post"}],"author":[{"embeddable":true,"href":"https:\/\/www.fcejs.unsl.edu.ar\/index.php\/wp-json\/wp\/v2\/users\/9"}],"replies":[{"embeddable":true,"href":"https:\/\/www.fcejs.unsl.edu.ar\/index.php\/wp-json\/wp\/v2\/comments?post=17311"}],"version-history":[{"count":2,"href":"https:\/\/www.fcejs.unsl.edu.ar\/index.php\/wp-json\/wp\/v2\/posts\/17311\/revisions"}],"predecessor-version":[{"id":17314,"href":"https:\/\/www.fcejs.unsl.edu.ar\/index.php\/wp-json\/wp\/v2\/posts\/17311\/revisions\/17314"}],"wp:featuredmedia":[{"embeddable":true,"href":"https:\/\/www.fcejs.unsl.edu.ar\/index.php\/wp-json\/wp\/v2\/media\/17312"}],"wp:attachment":[{"href":"https:\/\/www.fcejs.unsl.edu.ar\/index.php\/wp-json\/wp\/v2\/media?parent=17311"}],"wp:term":[{"taxonomy":"category","embeddable":true,"href":"https:\/\/www.fcejs.unsl.edu.ar\/index.php\/wp-json\/wp\/v2\/categories?post=17311"},{"taxonomy":"post_tag","embeddable":true,"href":"https:\/\/www.fcejs.unsl.edu.ar\/index.php\/wp-json\/wp\/v2\/tags?post=17311"}],"curies":[{"name":"wp","href":"https:\/\/api.w.org\/{rel}","templated":true}]}}