{"id":16887,"date":"2024-06-10T14:31:27","date_gmt":"2024-06-10T17:31:27","guid":{"rendered":"http:\/\/10.101.10.197\/www\/?p=16887"},"modified":"2024-06-13T10:02:58","modified_gmt":"2024-06-13T13:02:58","slug":"como-se-repara-el-dano-sobre-la-vulnerabilidad-en-el-derecho-penal","status":"publish","type":"post","link":"https:\/\/www.fcejs.unsl.edu.ar\/index.php\/como-se-repara-el-dano-sobre-la-vulnerabilidad-en-el-derecho-penal\/","title":{"rendered":"\u201c\u00bfC\u00f3mo se repara el da\u00f1o?\u201d. Sobre la Vulnerabilidad en el Derecho Penal"},"content":{"rendered":"<p>El pasado 4 de junio se llev\u00f3 a cabo el Seminario Derechos Humanos y Vulnerabilidad en el Proceso Penal organizado por la Especializaci\u00f3n en Derechos Humanos y Acceso a la Justicia de Facultad de Ciencias Econ\u00f3micas Jur\u00eddicas y Sociales (FCEJS) de la Universidad Nacional de San Luis (UNSL) de modo presencial y virtual.<\/p>\n<p>Este Seminario, abierto a los interesados en general y a Profesionales vinculados con la tem\u00e1tica, tuvo una asistencia de m\u00e1s de ochenta personas; y se focaliz\u00f3 principalmente, en los menores y adolescentes y en las v\u00edctimas de la Trata de personas que atraviesan Procesos Penales.<\/p>\n<p>\u201cEl tema reside en \u00bfc\u00f3mo se tienen en cuenta los vulnerables en el Proceso Penal?\u201d, explica la Doctora Gloria Trocello, Directora de la Especializaci\u00f3n, y agrega: \u201cLa propuesta surge ante la recomendaci\u00f3n de la Corte Interamericana de Derechos Humanos que declar\u00f3 internacionalmente responsable a la Rep\u00fablica Argentina en el caso 12.651 &#8211; \u201cMendoza y otros vs. Argentina que dice: &#8211; \u201cEl Estado debe implementar, en un plazo razonable, si no existieran actualmente, programas o cursos obligatorios sobre los principios y normas de protecci\u00f3n de los derechos humanos y de la ni\u00f1ez, incluyendo aqu\u00e9llos relativos a la integridad personal y tortura\u201d. Esta recomendaci\u00f3n de la Corte Interamericana pretende la educaci\u00f3n de los Jueces.<br \/>\nEn esta oportunidad, el Seminario fue parte de tres Seminarios de Posgrado dentro de la Especializaci\u00f3n.<\/p>\n<p><img fetchpriority=\"high\" decoding=\"async\" class=\"aligncenter size-large wp-image-16892\" src=\"https:\/\/www.fcejs.unsl.edu.ar\/wp-content\/uploads\/2024\/06\/acceso-a-la-justicia-ext-02-1024x682.jpg\" alt=\"\" width=\"843\" height=\"561\" srcset=\"https:\/\/www.fcejs.unsl.edu.ar\/wp-content\/uploads\/2024\/06\/acceso-a-la-justicia-ext-02-1024x682.jpg 1024w, https:\/\/www.fcejs.unsl.edu.ar\/wp-content\/uploads\/2024\/06\/acceso-a-la-justicia-ext-02-300x200.jpg 300w, https:\/\/www.fcejs.unsl.edu.ar\/wp-content\/uploads\/2024\/06\/acceso-a-la-justicia-ext-02-768x512.jpg 768w, https:\/\/www.fcejs.unsl.edu.ar\/wp-content\/uploads\/2024\/06\/acceso-a-la-justicia-ext-02.jpg 1100w\" sizes=\"(max-width: 843px) 100vw, 843px\" \/><\/p>\n<p>La Dra. Trocello explica que se tomaron especialmente los grupos de ni\u00f1ez con la participaci\u00f3n del Dr. Juan Ignacio P\u00e9rez Curci, quien fue Defensor Oficial de la causa a partir de la cual surge la Recomendaci\u00f3n de Corte Interamericana de Derechos Humanos; y, por otro lado, el grupo de v\u00edctimas de Trata, con la participaci\u00f3n del Abogado Especialista Gonzalo Luis Gassull.<br \/>\nEn relaci\u00f3n a lo espec\u00edfico de lo abordado, la Dra. Gloria Trocello dice: \u201cEs fundamental ver c\u00f3mo hay que tratar al vulnerable?,\u00bfC\u00f3mo se tiene en cuanta al vulnerable durante el Proceso Penal?\u201d, y explica: \u201cEl ni\u00f1o o ni\u00f1a tiene que ser escuchado, pero c\u00f3mo debe ser escuchado, por ejemplo, porque no se lo puede re-victimizar, hay que ver los c\u00f3digos de procedimientos para que declare una sola vez y no que tenga que declarar en cada instancia del proceso; por mencionar un ejemplo\u201d.<\/p>\n<p><img decoding=\"async\" class=\"aligncenter size-large wp-image-16890\" src=\"https:\/\/www.fcejs.unsl.edu.ar\/wp-content\/uploads\/2024\/06\/acceso-a-la-justicia-ext-04-1024x682.jpg\" alt=\"\" width=\"843\" height=\"561\" srcset=\"https:\/\/www.fcejs.unsl.edu.ar\/wp-content\/uploads\/2024\/06\/acceso-a-la-justicia-ext-04-1024x682.jpg 1024w, https:\/\/www.fcejs.unsl.edu.ar\/wp-content\/uploads\/2024\/06\/acceso-a-la-justicia-ext-04-300x200.jpg 300w, https:\/\/www.fcejs.unsl.edu.ar\/wp-content\/uploads\/2024\/06\/acceso-a-la-justicia-ext-04-768x512.jpg 768w, https:\/\/www.fcejs.unsl.edu.ar\/wp-content\/uploads\/2024\/06\/acceso-a-la-justicia-ext-04.jpg 1100w\" sizes=\"(max-width: 843px) 100vw, 843px\" \/><\/p>\n<p>Finaliza, la Dra. Gloria Trocello, reflexionando \u201cnos centramos en el rol de la v\u00edctima seg\u00fan las Reglas de Brasilia que imponen a los integrantes del poder judicial el deber insoslayable de \u201chacerse cargo\u201d de que la edad, el sexo, el estado f\u00edsico o mental, la discapacidad, la pertenencia a minor\u00edas o a comunidades ind\u00edgenas, la migraci\u00f3n y el desplazamiento interno, la pobreza, la privaci\u00f3n de libertad, entre otras situaciones; hacen vulnerables a millones de personas m\u00e1s all\u00e1 de que el derecho los declare iguales, es decir, c\u00f3mo se repara el da\u00f1o, y eso es garantizando el acceso efectivo a la justicia de las personas en condici\u00f3n de vulnerabilidad, sin discriminaci\u00f3n alguna, englobando el conjunto de pol\u00edticas, medidas, facilidades y apoyos que permitan a dichas personas el pleno goce de los servicios del sistema judicial\u201d.<\/p>\n<p>El Seminario estuvo Moderado por el Dr. Daniel Gorra y Coordinado por el Abogado Especialista H\u00e9ctor L\u00e1zzari.<br \/>\nDeclarado de Inter\u00e9s Acad\u00e9mico por la Escuela de Especializaci\u00f3n para Magistrados y Funcionarios y de Capacitaci\u00f3n para el Personal Judicial \u201cDr. Juan Cris\u00f3stomo Laf\u00ednur\u201d.<\/p>\n<p><strong>Entrevista: Estela Dom\u00ednguez, Secretar\u00eda de Extensi\u00f3n Universitaria<\/strong><\/p>\n","protected":false},"excerpt":{"rendered":"<p>El pasado 4 de junio se llev\u00f3 a cabo el Seminario Derechos Humanos y Vulnerabilidad en el Proceso Penal organizado por la Especializaci\u00f3n en Derechos&hellip;<\/p>\n","protected":false},"author":9,"featured_media":16894,"comment_status":"closed","ping_status":"closed","sticky":false,"template":"","format":"standard","meta":{"om_disable_all_campaigns":false,"_monsterinsights_skip_tracking":false,"_monsterinsights_sitenote_active":false,"_monsterinsights_sitenote_note":"","_monsterinsights_sitenote_category":0,"footnotes":""},"categories":[1],"tags":[],"class_list":["post-16887","post","type-post","status-publish","format-standard","has-post-thumbnail","hentry","category-noticias"],"yoast_head":"<!-- This site is optimized with the Yoast SEO plugin v27.4 - https:\/\/yoast.com\/product\/yoast-seo-wordpress\/ -->\n<title>\u201c\u00bfC\u00f3mo se repara el da\u00f1o?\u201d. Sobre la Vulnerabilidad en el Derecho Penal - Facultad de Ciencias Econ\u00f3micas, Jur\u00ed\u00addicas y Sociales<\/title>\n<meta name=\"robots\" content=\"index, follow, max-snippet:-1, max-image-preview:large, max-video-preview:-1\" \/>\n<link rel=\"canonical\" href=\"https:\/\/www.fcejs.unsl.edu.ar\/index.php\/como-se-repara-el-dano-sobre-la-vulnerabilidad-en-el-derecho-penal\/\" \/>\n<meta property=\"og:locale\" content=\"es_ES\" \/>\n<meta property=\"og:type\" content=\"article\" \/>\n<meta property=\"og:title\" content=\"\u201c\u00bfC\u00f3mo se repara el da\u00f1o?\u201d. Sobre la Vulnerabilidad en el Derecho Penal - Facultad de Ciencias Econ\u00f3micas, Jur\u00ed\u00addicas y Sociales\" \/>\n<meta property=\"og:description\" content=\"El pasado 4 de junio se llev\u00f3 a cabo el Seminario Derechos Humanos y Vulnerabilidad en el Proceso Penal organizado por la Especializaci\u00f3n en Derechos&hellip;\" \/>\n<meta property=\"og:url\" content=\"https:\/\/www.fcejs.unsl.edu.ar\/index.php\/como-se-repara-el-dano-sobre-la-vulnerabilidad-en-el-derecho-penal\/\" \/>\n<meta property=\"og:site_name\" content=\"Facultad de Ciencias Econ\u00f3micas, Jur\u00ed\u00addicas y Sociales\" \/>\n<meta property=\"article:publisher\" content=\"https:\/\/www.facebook.com\/FCEJS.UNSL\/\" \/>\n<meta property=\"article:published_time\" content=\"2024-06-10T17:31:27+00:00\" \/>\n<meta property=\"article:modified_time\" content=\"2024-06-13T13:02:58+00:00\" \/>\n<meta property=\"og:image\" content=\"https:\/\/www.fcejs.unsl.edu.ar\/wp-content\/uploads\/2024\/06\/acceso-a-la-justicia-ext-fron-t.jpg\" \/>\n\t<meta property=\"og:image:width\" content=\"1152\" \/>\n\t<meta property=\"og:image:height\" content=\"647\" \/>\n\t<meta property=\"og:image:type\" content=\"image\/jpeg\" \/>\n<meta name=\"author\" content=\"DATI\" \/>\n<meta name=\"twitter:card\" content=\"summary_large_image\" \/>\n<meta name=\"twitter:creator\" content=\"@FCEJSUNSL\" \/>\n<meta name=\"twitter:site\" content=\"@FCEJSUNSL\" \/>\n<meta name=\"twitter:label1\" content=\"Escrito por\" \/>\n\t<meta name=\"twitter:data1\" content=\"DATI\" \/>\n\t<meta name=\"twitter:label2\" content=\"Tiempo de lectura\" \/>\n\t<meta name=\"twitter:data2\" content=\"4 minutos\" \/>\n<script type=\"application\/ld+json\" class=\"yoast-schema-graph\">{\"@context\":\"https:\\\/\\\/schema.org\",\"@graph\":[{\"@type\":\"Article\",\"@id\":\"https:\\\/\\\/www.fcejs.unsl.edu.ar\\\/index.php\\\/como-se-repara-el-dano-sobre-la-vulnerabilidad-en-el-derecho-penal\\\/#article\",\"isPartOf\":{\"@id\":\"https:\\\/\\\/www.fcejs.unsl.edu.ar\\\/index.php\\\/como-se-repara-el-dano-sobre-la-vulnerabilidad-en-el-derecho-penal\\\/\"},\"author\":{\"name\":\"DATI\",\"@id\":\"https:\\\/\\\/www.fcejs.unsl.edu.ar\\\/#\\\/schema\\\/person\\\/352ee6ed90c3f394c7cb5945f8956d34\"},\"headline\":\"\u201c\u00bfC\u00f3mo se repara el da\u00f1o?\u201d. Sobre la Vulnerabilidad en el Derecho Penal\",\"datePublished\":\"2024-06-10T17:31:27+00:00\",\"dateModified\":\"2024-06-13T13:02:58+00:00\",\"mainEntityOfPage\":{\"@id\":\"https:\\\/\\\/www.fcejs.unsl.edu.ar\\\/index.php\\\/como-se-repara-el-dano-sobre-la-vulnerabilidad-en-el-derecho-penal\\\/\"},\"wordCount\":619,\"publisher\":{\"@id\":\"https:\\\/\\\/www.fcejs.unsl.edu.ar\\\/#organization\"},\"image\":{\"@id\":\"https:\\\/\\\/www.fcejs.unsl.edu.ar\\\/index.php\\\/como-se-repara-el-dano-sobre-la-vulnerabilidad-en-el-derecho-penal\\\/#primaryimage\"},\"thumbnailUrl\":\"https:\\\/\\\/www.fcejs.unsl.edu.ar\\\/wp-content\\\/uploads\\\/2024\\\/06\\\/acceso-a-la-justicia-ext-fron-t.jpg\",\"articleSection\":[\"Noticias\"],\"inLanguage\":\"es-AR\"},{\"@type\":\"WebPage\",\"@id\":\"https:\\\/\\\/www.fcejs.unsl.edu.ar\\\/index.php\\\/como-se-repara-el-dano-sobre-la-vulnerabilidad-en-el-derecho-penal\\\/\",\"url\":\"https:\\\/\\\/www.fcejs.unsl.edu.ar\\\/index.php\\\/como-se-repara-el-dano-sobre-la-vulnerabilidad-en-el-derecho-penal\\\/\",\"name\":\"\u201c\u00bfC\u00f3mo se repara el da\u00f1o?\u201d. Sobre la Vulnerabilidad en el Derecho Penal - Facultad de Ciencias Econ\u00f3micas, Jur\u00ed\u00addicas y Sociales\",\"isPartOf\":{\"@id\":\"https:\\\/\\\/www.fcejs.unsl.edu.ar\\\/#website\"},\"primaryImageOfPage\":{\"@id\":\"https:\\\/\\\/www.fcejs.unsl.edu.ar\\\/index.php\\\/como-se-repara-el-dano-sobre-la-vulnerabilidad-en-el-derecho-penal\\\/#primaryimage\"},\"image\":{\"@id\":\"https:\\\/\\\/www.fcejs.unsl.edu.ar\\\/index.php\\\/como-se-repara-el-dano-sobre-la-vulnerabilidad-en-el-derecho-penal\\\/#primaryimage\"},\"thumbnailUrl\":\"https:\\\/\\\/www.fcejs.unsl.edu.ar\\\/wp-content\\\/uploads\\\/2024\\\/06\\\/acceso-a-la-justicia-ext-fron-t.jpg\",\"datePublished\":\"2024-06-10T17:31:27+00:00\",\"dateModified\":\"2024-06-13T13:02:58+00:00\",\"breadcrumb\":{\"@id\":\"https:\\\/\\\/www.fcejs.unsl.edu.ar\\\/index.php\\\/como-se-repara-el-dano-sobre-la-vulnerabilidad-en-el-derecho-penal\\\/#breadcrumb\"},\"inLanguage\":\"es-AR\",\"potentialAction\":[{\"@type\":\"ReadAction\",\"target\":[\"https:\\\/\\\/www.fcejs.unsl.edu.ar\\\/index.php\\\/como-se-repara-el-dano-sobre-la-vulnerabilidad-en-el-derecho-penal\\\/\"]}]},{\"@type\":\"ImageObject\",\"inLanguage\":\"es-AR\",\"@id\":\"https:\\\/\\\/www.fcejs.unsl.edu.ar\\\/index.php\\\/como-se-repara-el-dano-sobre-la-vulnerabilidad-en-el-derecho-penal\\\/#primaryimage\",\"url\":\"https:\\\/\\\/www.fcejs.unsl.edu.ar\\\/wp-content\\\/uploads\\\/2024\\\/06\\\/acceso-a-la-justicia-ext-fron-t.jpg\",\"contentUrl\":\"https:\\\/\\\/www.fcejs.unsl.edu.ar\\\/wp-content\\\/uploads\\\/2024\\\/06\\\/acceso-a-la-justicia-ext-fron-t.jpg\",\"width\":1152,\"height\":647},{\"@type\":\"BreadcrumbList\",\"@id\":\"https:\\\/\\\/www.fcejs.unsl.edu.ar\\\/index.php\\\/como-se-repara-el-dano-sobre-la-vulnerabilidad-en-el-derecho-penal\\\/#breadcrumb\",\"itemListElement\":[{\"@type\":\"ListItem\",\"position\":1,\"name\":\"Inicio\",\"item\":\"https:\\\/\\\/www.fcejs.unsl.edu.ar\\\/\"},{\"@type\":\"ListItem\",\"position\":2,\"name\":\"\u201c\u00bfC\u00f3mo se repara el da\u00f1o?\u201d. Sobre la Vulnerabilidad en el Derecho Penal\"}]},{\"@type\":\"WebSite\",\"@id\":\"https:\\\/\\\/www.fcejs.unsl.edu.ar\\\/#website\",\"url\":\"https:\\\/\\\/www.fcejs.unsl.edu.ar\\\/\",\"name\":\"Facultad de Ciencias Econ\u00f3micas, Jur\u00ed\u00addicas y Sociales\",\"description\":\"\",\"publisher\":{\"@id\":\"https:\\\/\\\/www.fcejs.unsl.edu.ar\\\/#organization\"},\"potentialAction\":[{\"@type\":\"SearchAction\",\"target\":{\"@type\":\"EntryPoint\",\"urlTemplate\":\"https:\\\/\\\/www.fcejs.unsl.edu.ar\\\/?s={search_term_string}\"},\"query-input\":{\"@type\":\"PropertyValueSpecification\",\"valueRequired\":true,\"valueName\":\"search_term_string\"}}],\"inLanguage\":\"es-AR\"},{\"@type\":\"Organization\",\"@id\":\"https:\\\/\\\/www.fcejs.unsl.edu.ar\\\/#organization\",\"name\":\"Facultad de Ciencias Econ\u00f3micas, Jur\u00eddicas y Sociales\",\"url\":\"https:\\\/\\\/www.fcejs.unsl.edu.ar\\\/\",\"logo\":{\"@type\":\"ImageObject\",\"inLanguage\":\"es-AR\",\"@id\":\"https:\\\/\\\/www.fcejs.unsl.edu.ar\\\/#\\\/schema\\\/logo\\\/image\\\/\",\"url\":\"https:\\\/\\\/www.fcejs.unsl.edu.ar\\\/wp-content\\\/uploads\\\/2021\\\/03\\\/logo-1.jpg\",\"contentUrl\":\"https:\\\/\\\/www.fcejs.unsl.edu.ar\\\/wp-content\\\/uploads\\\/2021\\\/03\\\/logo-1.jpg\",\"width\":471,\"height\":146,\"caption\":\"Facultad de Ciencias Econ\u00f3micas, Jur\u00eddicas y Sociales\"},\"image\":{\"@id\":\"https:\\\/\\\/www.fcejs.unsl.edu.ar\\\/#\\\/schema\\\/logo\\\/image\\\/\"},\"sameAs\":[\"https:\\\/\\\/www.facebook.com\\\/FCEJS.UNSL\\\/\",\"https:\\\/\\\/x.com\\\/FCEJSUNSL\",\"https:\\\/\\\/www.instagram.com\\\/fcejs.unsl\\\/\",\"https:\\\/\\\/www.youtube.com\\\/channel\\\/UCH-Ut6EaN_X5ogjIQMPe46g\\\/\"]},{\"@type\":\"Person\",\"@id\":\"https:\\\/\\\/www.fcejs.unsl.edu.ar\\\/#\\\/schema\\\/person\\\/352ee6ed90c3f394c7cb5945f8956d34\",\"name\":\"DATI\"}]}<\/script>\n<!-- \/ Yoast SEO plugin. -->","yoast_head_json":{"title":"\u201c\u00bfC\u00f3mo se repara el da\u00f1o?\u201d. Sobre la Vulnerabilidad en el Derecho Penal - Facultad de Ciencias Econ\u00f3micas, Jur\u00ed\u00addicas y Sociales","robots":{"index":"index","follow":"follow","max-snippet":"max-snippet:-1","max-image-preview":"max-image-preview:large","max-video-preview":"max-video-preview:-1"},"canonical":"https:\/\/www.fcejs.unsl.edu.ar\/index.php\/como-se-repara-el-dano-sobre-la-vulnerabilidad-en-el-derecho-penal\/","og_locale":"es_ES","og_type":"article","og_title":"\u201c\u00bfC\u00f3mo se repara el da\u00f1o?\u201d. Sobre la Vulnerabilidad en el Derecho Penal - Facultad de Ciencias Econ\u00f3micas, Jur\u00ed\u00addicas y Sociales","og_description":"El pasado 4 de junio se llev\u00f3 a cabo el Seminario Derechos Humanos y Vulnerabilidad en el Proceso Penal organizado por la Especializaci\u00f3n en Derechos&hellip;","og_url":"https:\/\/www.fcejs.unsl.edu.ar\/index.php\/como-se-repara-el-dano-sobre-la-vulnerabilidad-en-el-derecho-penal\/","og_site_name":"Facultad de Ciencias Econ\u00f3micas, Jur\u00ed\u00addicas y Sociales","article_publisher":"https:\/\/www.facebook.com\/FCEJS.UNSL\/","article_published_time":"2024-06-10T17:31:27+00:00","article_modified_time":"2024-06-13T13:02:58+00:00","og_image":[{"width":1152,"height":647,"url":"https:\/\/www.fcejs.unsl.edu.ar\/wp-content\/uploads\/2024\/06\/acceso-a-la-justicia-ext-fron-t.jpg","type":"image\/jpeg"}],"author":"DATI","twitter_card":"summary_large_image","twitter_creator":"@FCEJSUNSL","twitter_site":"@FCEJSUNSL","twitter_misc":{"Escrito por":"DATI","Tiempo de lectura":"4 minutos"},"schema":{"@context":"https:\/\/schema.org","@graph":[{"@type":"Article","@id":"https:\/\/www.fcejs.unsl.edu.ar\/index.php\/como-se-repara-el-dano-sobre-la-vulnerabilidad-en-el-derecho-penal\/#article","isPartOf":{"@id":"https:\/\/www.fcejs.unsl.edu.ar\/index.php\/como-se-repara-el-dano-sobre-la-vulnerabilidad-en-el-derecho-penal\/"},"author":{"name":"DATI","@id":"https:\/\/www.fcejs.unsl.edu.ar\/#\/schema\/person\/352ee6ed90c3f394c7cb5945f8956d34"},"headline":"\u201c\u00bfC\u00f3mo se repara el da\u00f1o?\u201d. Sobre la Vulnerabilidad en el Derecho Penal","datePublished":"2024-06-10T17:31:27+00:00","dateModified":"2024-06-13T13:02:58+00:00","mainEntityOfPage":{"@id":"https:\/\/www.fcejs.unsl.edu.ar\/index.php\/como-se-repara-el-dano-sobre-la-vulnerabilidad-en-el-derecho-penal\/"},"wordCount":619,"publisher":{"@id":"https:\/\/www.fcejs.unsl.edu.ar\/#organization"},"image":{"@id":"https:\/\/www.fcejs.unsl.edu.ar\/index.php\/como-se-repara-el-dano-sobre-la-vulnerabilidad-en-el-derecho-penal\/#primaryimage"},"thumbnailUrl":"https:\/\/www.fcejs.unsl.edu.ar\/wp-content\/uploads\/2024\/06\/acceso-a-la-justicia-ext-fron-t.jpg","articleSection":["Noticias"],"inLanguage":"es-AR"},{"@type":"WebPage","@id":"https:\/\/www.fcejs.unsl.edu.ar\/index.php\/como-se-repara-el-dano-sobre-la-vulnerabilidad-en-el-derecho-penal\/","url":"https:\/\/www.fcejs.unsl.edu.ar\/index.php\/como-se-repara-el-dano-sobre-la-vulnerabilidad-en-el-derecho-penal\/","name":"\u201c\u00bfC\u00f3mo se repara el da\u00f1o?\u201d. Sobre la Vulnerabilidad en el Derecho Penal - Facultad de Ciencias Econ\u00f3micas, Jur\u00ed\u00addicas y Sociales","isPartOf":{"@id":"https:\/\/www.fcejs.unsl.edu.ar\/#website"},"primaryImageOfPage":{"@id":"https:\/\/www.fcejs.unsl.edu.ar\/index.php\/como-se-repara-el-dano-sobre-la-vulnerabilidad-en-el-derecho-penal\/#primaryimage"},"image":{"@id":"https:\/\/www.fcejs.unsl.edu.ar\/index.php\/como-se-repara-el-dano-sobre-la-vulnerabilidad-en-el-derecho-penal\/#primaryimage"},"thumbnailUrl":"https:\/\/www.fcejs.unsl.edu.ar\/wp-content\/uploads\/2024\/06\/acceso-a-la-justicia-ext-fron-t.jpg","datePublished":"2024-06-10T17:31:27+00:00","dateModified":"2024-06-13T13:02:58+00:00","breadcrumb":{"@id":"https:\/\/www.fcejs.unsl.edu.ar\/index.php\/como-se-repara-el-dano-sobre-la-vulnerabilidad-en-el-derecho-penal\/#breadcrumb"},"inLanguage":"es-AR","potentialAction":[{"@type":"ReadAction","target":["https:\/\/www.fcejs.unsl.edu.ar\/index.php\/como-se-repara-el-dano-sobre-la-vulnerabilidad-en-el-derecho-penal\/"]}]},{"@type":"ImageObject","inLanguage":"es-AR","@id":"https:\/\/www.fcejs.unsl.edu.ar\/index.php\/como-se-repara-el-dano-sobre-la-vulnerabilidad-en-el-derecho-penal\/#primaryimage","url":"https:\/\/www.fcejs.unsl.edu.ar\/wp-content\/uploads\/2024\/06\/acceso-a-la-justicia-ext-fron-t.jpg","contentUrl":"https:\/\/www.fcejs.unsl.edu.ar\/wp-content\/uploads\/2024\/06\/acceso-a-la-justicia-ext-fron-t.jpg","width":1152,"height":647},{"@type":"BreadcrumbList","@id":"https:\/\/www.fcejs.unsl.edu.ar\/index.php\/como-se-repara-el-dano-sobre-la-vulnerabilidad-en-el-derecho-penal\/#breadcrumb","itemListElement":[{"@type":"ListItem","position":1,"name":"Inicio","item":"https:\/\/www.fcejs.unsl.edu.ar\/"},{"@type":"ListItem","position":2,"name":"\u201c\u00bfC\u00f3mo se repara el da\u00f1o?\u201d. Sobre la Vulnerabilidad en el Derecho Penal"}]},{"@type":"WebSite","@id":"https:\/\/www.fcejs.unsl.edu.ar\/#website","url":"https:\/\/www.fcejs.unsl.edu.ar\/","name":"Facultad de Ciencias Econ\u00f3micas, Jur\u00ed\u00addicas y Sociales","description":"","publisher":{"@id":"https:\/\/www.fcejs.unsl.edu.ar\/#organization"},"potentialAction":[{"@type":"SearchAction","target":{"@type":"EntryPoint","urlTemplate":"https:\/\/www.fcejs.unsl.edu.ar\/?s={search_term_string}"},"query-input":{"@type":"PropertyValueSpecification","valueRequired":true,"valueName":"search_term_string"}}],"inLanguage":"es-AR"},{"@type":"Organization","@id":"https:\/\/www.fcejs.unsl.edu.ar\/#organization","name":"Facultad de Ciencias Econ\u00f3micas, Jur\u00eddicas y Sociales","url":"https:\/\/www.fcejs.unsl.edu.ar\/","logo":{"@type":"ImageObject","inLanguage":"es-AR","@id":"https:\/\/www.fcejs.unsl.edu.ar\/#\/schema\/logo\/image\/","url":"https:\/\/www.fcejs.unsl.edu.ar\/wp-content\/uploads\/2021\/03\/logo-1.jpg","contentUrl":"https:\/\/www.fcejs.unsl.edu.ar\/wp-content\/uploads\/2021\/03\/logo-1.jpg","width":471,"height":146,"caption":"Facultad de Ciencias Econ\u00f3micas, Jur\u00eddicas y Sociales"},"image":{"@id":"https:\/\/www.fcejs.unsl.edu.ar\/#\/schema\/logo\/image\/"},"sameAs":["https:\/\/www.facebook.com\/FCEJS.UNSL\/","https:\/\/x.com\/FCEJSUNSL","https:\/\/www.instagram.com\/fcejs.unsl\/","https:\/\/www.youtube.com\/channel\/UCH-Ut6EaN_X5ogjIQMPe46g\/"]},{"@type":"Person","@id":"https:\/\/www.fcejs.unsl.edu.ar\/#\/schema\/person\/352ee6ed90c3f394c7cb5945f8956d34","name":"DATI"}]}},"jetpack_featured_media_url":"https:\/\/www.fcejs.unsl.edu.ar\/wp-content\/uploads\/2024\/06\/acceso-a-la-justicia-ext-fron-t.jpg","_links":{"self":[{"href":"https:\/\/www.fcejs.unsl.edu.ar\/index.php\/wp-json\/wp\/v2\/posts\/16887","targetHints":{"allow":["GET"]}}],"collection":[{"href":"https:\/\/www.fcejs.unsl.edu.ar\/index.php\/wp-json\/wp\/v2\/posts"}],"about":[{"href":"https:\/\/www.fcejs.unsl.edu.ar\/index.php\/wp-json\/wp\/v2\/types\/post"}],"author":[{"embeddable":true,"href":"https:\/\/www.fcejs.unsl.edu.ar\/index.php\/wp-json\/wp\/v2\/users\/9"}],"replies":[{"embeddable":true,"href":"https:\/\/www.fcejs.unsl.edu.ar\/index.php\/wp-json\/wp\/v2\/comments?post=16887"}],"version-history":[{"count":4,"href":"https:\/\/www.fcejs.unsl.edu.ar\/index.php\/wp-json\/wp\/v2\/posts\/16887\/revisions"}],"predecessor-version":[{"id":16897,"href":"https:\/\/www.fcejs.unsl.edu.ar\/index.php\/wp-json\/wp\/v2\/posts\/16887\/revisions\/16897"}],"wp:featuredmedia":[{"embeddable":true,"href":"https:\/\/www.fcejs.unsl.edu.ar\/index.php\/wp-json\/wp\/v2\/media\/16894"}],"wp:attachment":[{"href":"https:\/\/www.fcejs.unsl.edu.ar\/index.php\/wp-json\/wp\/v2\/media?parent=16887"}],"wp:term":[{"taxonomy":"category","embeddable":true,"href":"https:\/\/www.fcejs.unsl.edu.ar\/index.php\/wp-json\/wp\/v2\/categories?post=16887"},{"taxonomy":"post_tag","embeddable":true,"href":"https:\/\/www.fcejs.unsl.edu.ar\/index.php\/wp-json\/wp\/v2\/tags?post=16887"}],"curies":[{"name":"wp","href":"https:\/\/api.w.org\/{rel}","templated":true}]}}