{"id":16867,"date":"2024-06-10T12:16:19","date_gmt":"2024-06-10T15:16:19","guid":{"rendered":"http:\/\/10.101.10.197\/www\/?p=16867"},"modified":"2024-06-10T12:18:06","modified_gmt":"2024-06-10T15:18:06","slug":"tercer-encuentro-de-extension-cooperativa-20-de-julio","status":"publish","type":"post","link":"https:\/\/www.fcejs.unsl.edu.ar\/index.php\/tercer-encuentro-de-extension-cooperativa-20-de-julio\/","title":{"rendered":"Tercer encuentro de extensi\u00f3n con la Cooperativa 20 de Julio para an\u00e1lisis situacional y resoluci\u00f3n de conflictos"},"content":{"rendered":"<p>La Secretar\u00eda de Extensi\u00f3n Universitaria, informa que el pasado 31 de mayo se llev\u00f3 a cabo el tercer encuentro con integrantes de la Cooperativa 20 de Julio en el marco del proyecto de extensi\u00f3n de inter\u00e9s social (PEIS) denominado \u201cTrabajo Social, Grupalidades y G\u00e9nero con la Cooperativa 20 de Julio\u201d.<\/p>\n<p>En esta oportunidad se propuso una din\u00e1mica de trabajo grupal que permiti\u00f3 realizar un an\u00e1lisis situacional participativo, por un lado para tener un diagn\u00f3stico de las problem\u00e1ticas, reconocer configuraciones vinculares u organizacionales desde las que se opera y comenzar a pensar alternativas en la resoluci\u00f3n de los conflictos, acompa\u00f1amiento, sugerencias y aportes al grupo desde el trabajo social.<\/p>\n<p>La planificaci\u00f3n de la t\u00e9cnica propuesta se realiz\u00f3 en funci\u00f3n de las demandas y di\u00e1logos sostenidos con las mujeres de la cooperativa tras el momento de reestructuraci\u00f3n grupal y organizativo en el que se encuentran.<\/p>\n<p>Bajo la direcci\u00f3n de la Prof. Candela Manrique, el PEIS \u201cTrabajo Social, Grupalidades y G\u00e9nero con la Cooperativa 20 de Julio\u201d tiene como objetivos espec\u00edficos \u201cPotenciar el trabajo colaborativo y horizontal entre pares\u201d y \u201cFortalecer las tramas vinculares del equipo de trabajo en la cooperativa\u201d a partir de las dimensiones metodol\u00f3gicas del trabajo social con grupos desde un enfoque de g\u00e9nero y derechos humanos.<\/p>\n<div class=\"gmedia_gallery phantom_module is_bot\" id=\"GmediaGallery_212\" data-gmid=\"212\" data-module=\"phantom\"><style type='text\/css' class='gmedia_module_style_import'>@import url('https:\/\/www.fcejs.unsl.edu.ar\/wp-content\/plugins\/grand-media\/module\/phantom\/css\/style.css') all;<\/style>    <div class=\"gmPhantom_Container noLightbox\" >\r\n                <div class=\"gmPhantom_thumbsWrapper gmPhantom_ThumbScale gmPhantom_LabelHover\">\r\n                        <div class=\"gmPhantom_ThumbContainer gmPhantom_ThumbLoader\" data-id=\"3101\" data-post_id=\"16872\" data-ratio=\"1.7766666666667\" data-type=\"image\" data-ext=\"jpg\" data-views=\"7\" data-likes=\"0\" data-cc=\"0\" data-post_link=\"https:\/\/www.fcejs.unsl.edu.ar\/index.php\/gmedia\/trabajo-social_-grupalidades-y-g_nero-con-la-cooperativa-20-de-julio-04-jpg\/\">\r\n                <a href=\"https:\/\/www.fcejs.unsl.edu.ar\/wp-content\/grand-media\/image\/trabajo-Social_-Grupalidades-y-G_nero-con-la-Cooperativa-20-de-Julio-04.jpg\" class=\"gmPhantom_Thumb\"><img decoding=\"async\" src=\"https:\/\/www.fcejs.unsl.edu.ar\/wp-content\/grand-media\/image\/thumb\/trabajo-Social_-Grupalidades-y-G_nero-con-la-Cooperativa-20-de-Julio-04.jpg\" data-src=\"https:\/\/www.fcejs.unsl.edu.ar\/wp-content\/grand-media\/image\/trabajo-Social_-Grupalidades-y-G_nero-con-la-Cooperativa-20-de-Julio-04.jpg\" alt=\"Trabajo-Social,-Grupalidades-y-G\u00e9nero-con-la-Cooperativa-20-de-Julio-04\"\/><\/a>\r\n                                    <div class=\"gmPhantom_ThumbLabel\"><span class=\"gmPhantom_ThumbLabel_title\">Trabajo-Social,-Grupalidades-y-G\u00e9nero-con-la-Cooperativa-20-de-Julio-04<\/span><\/div>\r\n                                    <div style=\"display:none;\" class=\"gmPhantom_Details\">\r\n                                            <div class=\"gmPhantom_description\">\r\n                            <div class=\"gmPhantom_title\">Trabajo-Social,-Grupalidades-y-G\u00e9nero-con-la-Cooperativa-20-de-Julio-04<\/div>\r\n                            <div class=\"gmPhantom_text\"><\/div>\r\n                        <\/div>\r\n                                                            <div class=\"gmPhantom_terms\">\r\n                                                    <div class=\"gmPhantom_other_terms\">\r\n                                <table class=\"gmPhantom_other_terms_table\">\r\n                                                                            <tr class=\"gmPhantom_term_row_album\">\r\n                                            <td class=\"gmPhantom_term_key\">Album<\/td>\r\n                                            <td class=\"gmPhantom_term_value\"><a href=\"\/index.php\/wp-json\/wp\/v2\/posts\/16867?gm212[album__in]=212\" class=\"gmPhantom_alb\">Trabajo Social, Grupalidades y G\u00e9nero con la Cooperativa 20 de Julio-2024<\/a><\/td>\r\n                                        <\/tr>\r\n                                                                    <\/table>\r\n                            <\/div>\r\n                                                <\/div>\r\n                <\/div>\r\n                <\/div>            <div class=\"gmPhantom_ThumbContainer gmPhantom_ThumbLoader\" data-id=\"3100\" data-post_id=\"16871\" data-ratio=\"1.16\" data-type=\"image\" data-ext=\"jpg\" data-views=\"12\" data-likes=\"0\" data-cc=\"0\" data-post_link=\"https:\/\/www.fcejs.unsl.edu.ar\/index.php\/gmedia\/trabajo-social_-grupalidades-y-g_nero-con-la-cooperativa-20-de-julio-03-jpg\/\">\r\n                <a href=\"https:\/\/www.fcejs.unsl.edu.ar\/wp-content\/grand-media\/image\/trabajo-Social_-Grupalidades-y-G_nero-con-la-Cooperativa-20-de-Julio-03.jpg\" class=\"gmPhantom_Thumb\"><img decoding=\"async\" src=\"https:\/\/www.fcejs.unsl.edu.ar\/wp-content\/grand-media\/image\/thumb\/trabajo-Social_-Grupalidades-y-G_nero-con-la-Cooperativa-20-de-Julio-03.jpg\" data-src=\"https:\/\/www.fcejs.unsl.edu.ar\/wp-content\/grand-media\/image\/trabajo-Social_-Grupalidades-y-G_nero-con-la-Cooperativa-20-de-Julio-03.jpg\" alt=\"Trabajo-Social,-Grupalidades-y-G\u00e9nero-con-la-Cooperativa-20-de-Julio-03\"\/><\/a>\r\n                                    <div class=\"gmPhantom_ThumbLabel\"><span class=\"gmPhantom_ThumbLabel_title\">Trabajo-Social,-Grupalidades-y-G\u00e9nero-con-la-Cooperativa-20-de-Julio-03<\/span><\/div>\r\n                                    <div style=\"display:none;\" class=\"gmPhantom_Details\">\r\n                                            <div class=\"gmPhantom_description\">\r\n                            <div class=\"gmPhantom_title\">Trabajo-Social,-Grupalidades-y-G\u00e9nero-con-la-Cooperativa-20-de-Julio-03<\/div>\r\n                            <div class=\"gmPhantom_text\"><\/div>\r\n                        <\/div>\r\n                                                            <div class=\"gmPhantom_terms\">\r\n                                                    <div class=\"gmPhantom_other_terms\">\r\n                                <table class=\"gmPhantom_other_terms_table\">\r\n                                                                            <tr class=\"gmPhantom_term_row_album\">\r\n                                            <td class=\"gmPhantom_term_key\">Album<\/td>\r\n                                            <td class=\"gmPhantom_term_value\"><a href=\"\/index.php\/wp-json\/wp\/v2\/posts\/16867?gm212[album__in]=212\" class=\"gmPhantom_alb\">Trabajo Social, Grupalidades y G\u00e9nero con la Cooperativa 20 de Julio-2024<\/a><\/td>\r\n                                        <\/tr>\r\n                                                                    <\/table>\r\n                            <\/div>\r\n                                                <\/div>\r\n                <\/div>\r\n                <\/div>            <div class=\"gmPhantom_ThumbContainer gmPhantom_ThumbLoader\" data-id=\"3099\" data-post_id=\"16870\" data-ratio=\"1.3333333333333\" data-type=\"image\" data-ext=\"jpg\" data-views=\"8\" data-likes=\"0\" data-cc=\"0\" data-post_link=\"https:\/\/www.fcejs.unsl.edu.ar\/index.php\/gmedia\/trabajo-social_-grupalidades-y-g_nero-con-la-cooperativa-20-de-julio-02-jpg\/\">\r\n                <a href=\"https:\/\/www.fcejs.unsl.edu.ar\/wp-content\/grand-media\/image\/trabajo-Social_-Grupalidades-y-G_nero-con-la-Cooperativa-20-de-Julio-02.jpg\" class=\"gmPhantom_Thumb\"><img decoding=\"async\" src=\"https:\/\/www.fcejs.unsl.edu.ar\/wp-content\/grand-media\/image\/thumb\/trabajo-Social_-Grupalidades-y-G_nero-con-la-Cooperativa-20-de-Julio-02.jpg\" data-src=\"https:\/\/www.fcejs.unsl.edu.ar\/wp-content\/grand-media\/image\/trabajo-Social_-Grupalidades-y-G_nero-con-la-Cooperativa-20-de-Julio-02.jpg\" alt=\"Trabajo-Social,-Grupalidades-y-G\u00e9nero-con-la-Cooperativa-20-de-Julio-02\"\/><\/a>\r\n                                    <div class=\"gmPhantom_ThumbLabel\"><span class=\"gmPhantom_ThumbLabel_title\">Trabajo-Social,-Grupalidades-y-G\u00e9nero-con-la-Cooperativa-20-de-Julio-02<\/span><\/div>\r\n                                    <div style=\"display:none;\" class=\"gmPhantom_Details\">\r\n                                            <div class=\"gmPhantom_description\">\r\n                            <div class=\"gmPhantom_title\">Trabajo-Social,-Grupalidades-y-G\u00e9nero-con-la-Cooperativa-20-de-Julio-02<\/div>\r\n                            <div class=\"gmPhantom_text\"><\/div>\r\n                        <\/div>\r\n                                                            <div class=\"gmPhantom_terms\">\r\n                                                    <div class=\"gmPhantom_other_terms\">\r\n                                <table class=\"gmPhantom_other_terms_table\">\r\n                                                                            <tr class=\"gmPhantom_term_row_album\">\r\n                                            <td class=\"gmPhantom_term_key\">Album<\/td>\r\n                                            <td class=\"gmPhantom_term_value\"><a href=\"\/index.php\/wp-json\/wp\/v2\/posts\/16867?gm212[album__in]=212\" class=\"gmPhantom_alb\">Trabajo Social, Grupalidades y G\u00e9nero con la Cooperativa 20 de Julio-2024<\/a><\/td>\r\n                                        <\/tr>\r\n                                                                    <\/table>\r\n                            <\/div>\r\n                                                <\/div>\r\n                <\/div>\r\n                <\/div>        <\/div>\r\n    <\/div>\r\n<\/div>\n<p>&nbsp;<\/p>\n","protected":false},"excerpt":{"rendered":"<p>La Secretar\u00eda de Extensi\u00f3n Universitaria, informa que el pasado 31 de mayo se llev\u00f3 a cabo el tercer encuentro con integrantes de la Cooperativa 20&hellip;<\/p>\n","protected":false},"author":9,"featured_media":16868,"comment_status":"closed","ping_status":"closed","sticky":false,"template":"","format":"standard","meta":{"om_disable_all_campaigns":false,"_monsterinsights_skip_tracking":false,"_monsterinsights_sitenote_active":false,"_monsterinsights_sitenote_note":"","_monsterinsights_sitenote_category":0,"footnotes":""},"categories":[1],"tags":[],"class_list":["post-16867","post","type-post","status-publish","format-standard","has-post-thumbnail","hentry","category-noticias"],"yoast_head":"<!-- This site is optimized with the Yoast SEO plugin v27.4 - https:\/\/yoast.com\/product\/yoast-seo-wordpress\/ -->\n<title>Tercer encuentro de extensi\u00f3n con la Cooperativa 20 de Julio para an\u00e1lisis situacional y resoluci\u00f3n de conflictos - Facultad de Ciencias Econ\u00f3micas, Jur\u00ed\u00addicas y Sociales<\/title>\n<meta name=\"robots\" content=\"index, follow, max-snippet:-1, max-image-preview:large, max-video-preview:-1\" \/>\n<link rel=\"canonical\" href=\"https:\/\/www.fcejs.unsl.edu.ar\/index.php\/tercer-encuentro-de-extension-cooperativa-20-de-julio\/\" \/>\n<meta property=\"og:locale\" content=\"es_ES\" \/>\n<meta property=\"og:type\" content=\"article\" \/>\n<meta property=\"og:title\" content=\"Tercer encuentro de extensi\u00f3n con la Cooperativa 20 de Julio para an\u00e1lisis situacional y resoluci\u00f3n de conflictos - Facultad de Ciencias Econ\u00f3micas, Jur\u00ed\u00addicas y Sociales\" \/>\n<meta property=\"og:description\" content=\"La Secretar\u00eda de Extensi\u00f3n Universitaria, informa que el pasado 31 de mayo se llev\u00f3 a cabo el tercer encuentro con integrantes de la Cooperativa 20&hellip;\" \/>\n<meta property=\"og:url\" content=\"https:\/\/www.fcejs.unsl.edu.ar\/index.php\/tercer-encuentro-de-extension-cooperativa-20-de-julio\/\" \/>\n<meta property=\"og:site_name\" content=\"Facultad de Ciencias Econ\u00f3micas, Jur\u00ed\u00addicas y Sociales\" \/>\n<meta property=\"article:publisher\" content=\"https:\/\/www.facebook.com\/FCEJS.UNSL\/\" \/>\n<meta property=\"article:published_time\" content=\"2024-06-10T15:16:19+00:00\" \/>\n<meta property=\"article:modified_time\" content=\"2024-06-10T15:18:06+00:00\" \/>\n<meta property=\"og:image\" content=\"https:\/\/www.fcejs.unsl.edu.ar\/wp-content\/uploads\/2024\/06\/trabajo-Social-Grupalidades-y-Genero-con-la-Cooperativa-20-de-Julio-front.jpg\" \/>\n\t<meta property=\"og:image:width\" content=\"1152\" \/>\n\t<meta property=\"og:image:height\" content=\"647\" \/>\n\t<meta property=\"og:image:type\" content=\"image\/jpeg\" \/>\n<meta name=\"author\" content=\"DATI\" \/>\n<meta name=\"twitter:card\" content=\"summary_large_image\" \/>\n<meta name=\"twitter:creator\" content=\"@FCEJSUNSL\" \/>\n<meta name=\"twitter:site\" content=\"@FCEJSUNSL\" \/>\n<meta name=\"twitter:label1\" content=\"Escrito por\" \/>\n\t<meta name=\"twitter:data1\" content=\"DATI\" \/>\n\t<meta name=\"twitter:label2\" content=\"Tiempo de lectura\" \/>\n\t<meta name=\"twitter:data2\" content=\"2 minutos\" \/>\n<script type=\"application\/ld+json\" class=\"yoast-schema-graph\">{\"@context\":\"https:\\\/\\\/schema.org\",\"@graph\":[{\"@type\":\"Article\",\"@id\":\"https:\\\/\\\/www.fcejs.unsl.edu.ar\\\/index.php\\\/tercer-encuentro-de-extension-cooperativa-20-de-julio\\\/#article\",\"isPartOf\":{\"@id\":\"https:\\\/\\\/www.fcejs.unsl.edu.ar\\\/index.php\\\/tercer-encuentro-de-extension-cooperativa-20-de-julio\\\/\"},\"author\":{\"name\":\"DATI\",\"@id\":\"https:\\\/\\\/www.fcejs.unsl.edu.ar\\\/#\\\/schema\\\/person\\\/352ee6ed90c3f394c7cb5945f8956d34\"},\"headline\":\"Tercer encuentro de extensi\u00f3n con la Cooperativa 20 de Julio para an\u00e1lisis situacional y resoluci\u00f3n de conflictos\",\"datePublished\":\"2024-06-10T15:16:19+00:00\",\"dateModified\":\"2024-06-10T15:18:06+00:00\",\"mainEntityOfPage\":{\"@id\":\"https:\\\/\\\/www.fcejs.unsl.edu.ar\\\/index.php\\\/tercer-encuentro-de-extension-cooperativa-20-de-julio\\\/\"},\"wordCount\":246,\"publisher\":{\"@id\":\"https:\\\/\\\/www.fcejs.unsl.edu.ar\\\/#organization\"},\"image\":{\"@id\":\"https:\\\/\\\/www.fcejs.unsl.edu.ar\\\/index.php\\\/tercer-encuentro-de-extension-cooperativa-20-de-julio\\\/#primaryimage\"},\"thumbnailUrl\":\"https:\\\/\\\/www.fcejs.unsl.edu.ar\\\/wp-content\\\/uploads\\\/2024\\\/06\\\/trabajo-Social-Grupalidades-y-Genero-con-la-Cooperativa-20-de-Julio-front.jpg\",\"articleSection\":[\"Noticias\"],\"inLanguage\":\"es-AR\"},{\"@type\":\"WebPage\",\"@id\":\"https:\\\/\\\/www.fcejs.unsl.edu.ar\\\/index.php\\\/tercer-encuentro-de-extension-cooperativa-20-de-julio\\\/\",\"url\":\"https:\\\/\\\/www.fcejs.unsl.edu.ar\\\/index.php\\\/tercer-encuentro-de-extension-cooperativa-20-de-julio\\\/\",\"name\":\"Tercer encuentro de extensi\u00f3n con la Cooperativa 20 de Julio para an\u00e1lisis situacional y resoluci\u00f3n de conflictos - Facultad de Ciencias Econ\u00f3micas, Jur\u00ed\u00addicas y Sociales\",\"isPartOf\":{\"@id\":\"https:\\\/\\\/www.fcejs.unsl.edu.ar\\\/#website\"},\"primaryImageOfPage\":{\"@id\":\"https:\\\/\\\/www.fcejs.unsl.edu.ar\\\/index.php\\\/tercer-encuentro-de-extension-cooperativa-20-de-julio\\\/#primaryimage\"},\"image\":{\"@id\":\"https:\\\/\\\/www.fcejs.unsl.edu.ar\\\/index.php\\\/tercer-encuentro-de-extension-cooperativa-20-de-julio\\\/#primaryimage\"},\"thumbnailUrl\":\"https:\\\/\\\/www.fcejs.unsl.edu.ar\\\/wp-content\\\/uploads\\\/2024\\\/06\\\/trabajo-Social-Grupalidades-y-Genero-con-la-Cooperativa-20-de-Julio-front.jpg\",\"datePublished\":\"2024-06-10T15:16:19+00:00\",\"dateModified\":\"2024-06-10T15:18:06+00:00\",\"breadcrumb\":{\"@id\":\"https:\\\/\\\/www.fcejs.unsl.edu.ar\\\/index.php\\\/tercer-encuentro-de-extension-cooperativa-20-de-julio\\\/#breadcrumb\"},\"inLanguage\":\"es-AR\",\"potentialAction\":[{\"@type\":\"ReadAction\",\"target\":[\"https:\\\/\\\/www.fcejs.unsl.edu.ar\\\/index.php\\\/tercer-encuentro-de-extension-cooperativa-20-de-julio\\\/\"]}]},{\"@type\":\"ImageObject\",\"inLanguage\":\"es-AR\",\"@id\":\"https:\\\/\\\/www.fcejs.unsl.edu.ar\\\/index.php\\\/tercer-encuentro-de-extension-cooperativa-20-de-julio\\\/#primaryimage\",\"url\":\"https:\\\/\\\/www.fcejs.unsl.edu.ar\\\/wp-content\\\/uploads\\\/2024\\\/06\\\/trabajo-Social-Grupalidades-y-Genero-con-la-Cooperativa-20-de-Julio-front.jpg\",\"contentUrl\":\"https:\\\/\\\/www.fcejs.unsl.edu.ar\\\/wp-content\\\/uploads\\\/2024\\\/06\\\/trabajo-Social-Grupalidades-y-Genero-con-la-Cooperativa-20-de-Julio-front.jpg\",\"width\":1152,\"height\":647},{\"@type\":\"BreadcrumbList\",\"@id\":\"https:\\\/\\\/www.fcejs.unsl.edu.ar\\\/index.php\\\/tercer-encuentro-de-extension-cooperativa-20-de-julio\\\/#breadcrumb\",\"itemListElement\":[{\"@type\":\"ListItem\",\"position\":1,\"name\":\"Inicio\",\"item\":\"https:\\\/\\\/www.fcejs.unsl.edu.ar\\\/\"},{\"@type\":\"ListItem\",\"position\":2,\"name\":\"Tercer encuentro de extensi\u00f3n con la Cooperativa 20 de Julio para an\u00e1lisis situacional y resoluci\u00f3n de conflictos\"}]},{\"@type\":\"WebSite\",\"@id\":\"https:\\\/\\\/www.fcejs.unsl.edu.ar\\\/#website\",\"url\":\"https:\\\/\\\/www.fcejs.unsl.edu.ar\\\/\",\"name\":\"Facultad de Ciencias Econ\u00f3micas, Jur\u00ed\u00addicas y Sociales\",\"description\":\"\",\"publisher\":{\"@id\":\"https:\\\/\\\/www.fcejs.unsl.edu.ar\\\/#organization\"},\"potentialAction\":[{\"@type\":\"SearchAction\",\"target\":{\"@type\":\"EntryPoint\",\"urlTemplate\":\"https:\\\/\\\/www.fcejs.unsl.edu.ar\\\/?s={search_term_string}\"},\"query-input\":{\"@type\":\"PropertyValueSpecification\",\"valueRequired\":true,\"valueName\":\"search_term_string\"}}],\"inLanguage\":\"es-AR\"},{\"@type\":\"Organization\",\"@id\":\"https:\\\/\\\/www.fcejs.unsl.edu.ar\\\/#organization\",\"name\":\"Facultad de Ciencias Econ\u00f3micas, Jur\u00eddicas y Sociales\",\"url\":\"https:\\\/\\\/www.fcejs.unsl.edu.ar\\\/\",\"logo\":{\"@type\":\"ImageObject\",\"inLanguage\":\"es-AR\",\"@id\":\"https:\\\/\\\/www.fcejs.unsl.edu.ar\\\/#\\\/schema\\\/logo\\\/image\\\/\",\"url\":\"https:\\\/\\\/www.fcejs.unsl.edu.ar\\\/wp-content\\\/uploads\\\/2021\\\/03\\\/logo-1.jpg\",\"contentUrl\":\"https:\\\/\\\/www.fcejs.unsl.edu.ar\\\/wp-content\\\/uploads\\\/2021\\\/03\\\/logo-1.jpg\",\"width\":471,\"height\":146,\"caption\":\"Facultad de Ciencias Econ\u00f3micas, Jur\u00eddicas y Sociales\"},\"image\":{\"@id\":\"https:\\\/\\\/www.fcejs.unsl.edu.ar\\\/#\\\/schema\\\/logo\\\/image\\\/\"},\"sameAs\":[\"https:\\\/\\\/www.facebook.com\\\/FCEJS.UNSL\\\/\",\"https:\\\/\\\/x.com\\\/FCEJSUNSL\",\"https:\\\/\\\/www.instagram.com\\\/fcejs.unsl\\\/\",\"https:\\\/\\\/www.youtube.com\\\/channel\\\/UCH-Ut6EaN_X5ogjIQMPe46g\\\/\"]},{\"@type\":\"Person\",\"@id\":\"https:\\\/\\\/www.fcejs.unsl.edu.ar\\\/#\\\/schema\\\/person\\\/352ee6ed90c3f394c7cb5945f8956d34\",\"name\":\"DATI\"}]}<\/script>\n<!-- \/ Yoast SEO plugin. -->","yoast_head_json":{"title":"Tercer encuentro de extensi\u00f3n con la Cooperativa 20 de Julio para an\u00e1lisis situacional y resoluci\u00f3n de conflictos - Facultad de Ciencias Econ\u00f3micas, Jur\u00ed\u00addicas y Sociales","robots":{"index":"index","follow":"follow","max-snippet":"max-snippet:-1","max-image-preview":"max-image-preview:large","max-video-preview":"max-video-preview:-1"},"canonical":"https:\/\/www.fcejs.unsl.edu.ar\/index.php\/tercer-encuentro-de-extension-cooperativa-20-de-julio\/","og_locale":"es_ES","og_type":"article","og_title":"Tercer encuentro de extensi\u00f3n con la Cooperativa 20 de Julio para an\u00e1lisis situacional y resoluci\u00f3n de conflictos - Facultad de Ciencias Econ\u00f3micas, Jur\u00ed\u00addicas y Sociales","og_description":"La Secretar\u00eda de Extensi\u00f3n Universitaria, informa que el pasado 31 de mayo se llev\u00f3 a cabo el tercer encuentro con integrantes de la Cooperativa 20&hellip;","og_url":"https:\/\/www.fcejs.unsl.edu.ar\/index.php\/tercer-encuentro-de-extension-cooperativa-20-de-julio\/","og_site_name":"Facultad de Ciencias Econ\u00f3micas, Jur\u00ed\u00addicas y Sociales","article_publisher":"https:\/\/www.facebook.com\/FCEJS.UNSL\/","article_published_time":"2024-06-10T15:16:19+00:00","article_modified_time":"2024-06-10T15:18:06+00:00","og_image":[{"width":1152,"height":647,"url":"https:\/\/www.fcejs.unsl.edu.ar\/wp-content\/uploads\/2024\/06\/trabajo-Social-Grupalidades-y-Genero-con-la-Cooperativa-20-de-Julio-front.jpg","type":"image\/jpeg"}],"author":"DATI","twitter_card":"summary_large_image","twitter_creator":"@FCEJSUNSL","twitter_site":"@FCEJSUNSL","twitter_misc":{"Escrito por":"DATI","Tiempo de lectura":"2 minutos"},"schema":{"@context":"https:\/\/schema.org","@graph":[{"@type":"Article","@id":"https:\/\/www.fcejs.unsl.edu.ar\/index.php\/tercer-encuentro-de-extension-cooperativa-20-de-julio\/#article","isPartOf":{"@id":"https:\/\/www.fcejs.unsl.edu.ar\/index.php\/tercer-encuentro-de-extension-cooperativa-20-de-julio\/"},"author":{"name":"DATI","@id":"https:\/\/www.fcejs.unsl.edu.ar\/#\/schema\/person\/352ee6ed90c3f394c7cb5945f8956d34"},"headline":"Tercer encuentro de extensi\u00f3n con la Cooperativa 20 de Julio para an\u00e1lisis situacional y resoluci\u00f3n de conflictos","datePublished":"2024-06-10T15:16:19+00:00","dateModified":"2024-06-10T15:18:06+00:00","mainEntityOfPage":{"@id":"https:\/\/www.fcejs.unsl.edu.ar\/index.php\/tercer-encuentro-de-extension-cooperativa-20-de-julio\/"},"wordCount":246,"publisher":{"@id":"https:\/\/www.fcejs.unsl.edu.ar\/#organization"},"image":{"@id":"https:\/\/www.fcejs.unsl.edu.ar\/index.php\/tercer-encuentro-de-extension-cooperativa-20-de-julio\/#primaryimage"},"thumbnailUrl":"https:\/\/www.fcejs.unsl.edu.ar\/wp-content\/uploads\/2024\/06\/trabajo-Social-Grupalidades-y-Genero-con-la-Cooperativa-20-de-Julio-front.jpg","articleSection":["Noticias"],"inLanguage":"es-AR"},{"@type":"WebPage","@id":"https:\/\/www.fcejs.unsl.edu.ar\/index.php\/tercer-encuentro-de-extension-cooperativa-20-de-julio\/","url":"https:\/\/www.fcejs.unsl.edu.ar\/index.php\/tercer-encuentro-de-extension-cooperativa-20-de-julio\/","name":"Tercer encuentro de extensi\u00f3n con la Cooperativa 20 de Julio para an\u00e1lisis situacional y resoluci\u00f3n de conflictos - Facultad de Ciencias Econ\u00f3micas, Jur\u00ed\u00addicas y Sociales","isPartOf":{"@id":"https:\/\/www.fcejs.unsl.edu.ar\/#website"},"primaryImageOfPage":{"@id":"https:\/\/www.fcejs.unsl.edu.ar\/index.php\/tercer-encuentro-de-extension-cooperativa-20-de-julio\/#primaryimage"},"image":{"@id":"https:\/\/www.fcejs.unsl.edu.ar\/index.php\/tercer-encuentro-de-extension-cooperativa-20-de-julio\/#primaryimage"},"thumbnailUrl":"https:\/\/www.fcejs.unsl.edu.ar\/wp-content\/uploads\/2024\/06\/trabajo-Social-Grupalidades-y-Genero-con-la-Cooperativa-20-de-Julio-front.jpg","datePublished":"2024-06-10T15:16:19+00:00","dateModified":"2024-06-10T15:18:06+00:00","breadcrumb":{"@id":"https:\/\/www.fcejs.unsl.edu.ar\/index.php\/tercer-encuentro-de-extension-cooperativa-20-de-julio\/#breadcrumb"},"inLanguage":"es-AR","potentialAction":[{"@type":"ReadAction","target":["https:\/\/www.fcejs.unsl.edu.ar\/index.php\/tercer-encuentro-de-extension-cooperativa-20-de-julio\/"]}]},{"@type":"ImageObject","inLanguage":"es-AR","@id":"https:\/\/www.fcejs.unsl.edu.ar\/index.php\/tercer-encuentro-de-extension-cooperativa-20-de-julio\/#primaryimage","url":"https:\/\/www.fcejs.unsl.edu.ar\/wp-content\/uploads\/2024\/06\/trabajo-Social-Grupalidades-y-Genero-con-la-Cooperativa-20-de-Julio-front.jpg","contentUrl":"https:\/\/www.fcejs.unsl.edu.ar\/wp-content\/uploads\/2024\/06\/trabajo-Social-Grupalidades-y-Genero-con-la-Cooperativa-20-de-Julio-front.jpg","width":1152,"height":647},{"@type":"BreadcrumbList","@id":"https:\/\/www.fcejs.unsl.edu.ar\/index.php\/tercer-encuentro-de-extension-cooperativa-20-de-julio\/#breadcrumb","itemListElement":[{"@type":"ListItem","position":1,"name":"Inicio","item":"https:\/\/www.fcejs.unsl.edu.ar\/"},{"@type":"ListItem","position":2,"name":"Tercer encuentro de extensi\u00f3n con la Cooperativa 20 de Julio para an\u00e1lisis situacional y resoluci\u00f3n de conflictos"}]},{"@type":"WebSite","@id":"https:\/\/www.fcejs.unsl.edu.ar\/#website","url":"https:\/\/www.fcejs.unsl.edu.ar\/","name":"Facultad de Ciencias Econ\u00f3micas, Jur\u00ed\u00addicas y Sociales","description":"","publisher":{"@id":"https:\/\/www.fcejs.unsl.edu.ar\/#organization"},"potentialAction":[{"@type":"SearchAction","target":{"@type":"EntryPoint","urlTemplate":"https:\/\/www.fcejs.unsl.edu.ar\/?s={search_term_string}"},"query-input":{"@type":"PropertyValueSpecification","valueRequired":true,"valueName":"search_term_string"}}],"inLanguage":"es-AR"},{"@type":"Organization","@id":"https:\/\/www.fcejs.unsl.edu.ar\/#organization","name":"Facultad de Ciencias Econ\u00f3micas, Jur\u00eddicas y Sociales","url":"https:\/\/www.fcejs.unsl.edu.ar\/","logo":{"@type":"ImageObject","inLanguage":"es-AR","@id":"https:\/\/www.fcejs.unsl.edu.ar\/#\/schema\/logo\/image\/","url":"https:\/\/www.fcejs.unsl.edu.ar\/wp-content\/uploads\/2021\/03\/logo-1.jpg","contentUrl":"https:\/\/www.fcejs.unsl.edu.ar\/wp-content\/uploads\/2021\/03\/logo-1.jpg","width":471,"height":146,"caption":"Facultad de Ciencias Econ\u00f3micas, Jur\u00eddicas y Sociales"},"image":{"@id":"https:\/\/www.fcejs.unsl.edu.ar\/#\/schema\/logo\/image\/"},"sameAs":["https:\/\/www.facebook.com\/FCEJS.UNSL\/","https:\/\/x.com\/FCEJSUNSL","https:\/\/www.instagram.com\/fcejs.unsl\/","https:\/\/www.youtube.com\/channel\/UCH-Ut6EaN_X5ogjIQMPe46g\/"]},{"@type":"Person","@id":"https:\/\/www.fcejs.unsl.edu.ar\/#\/schema\/person\/352ee6ed90c3f394c7cb5945f8956d34","name":"DATI"}]}},"jetpack_featured_media_url":"https:\/\/www.fcejs.unsl.edu.ar\/wp-content\/uploads\/2024\/06\/trabajo-Social-Grupalidades-y-Genero-con-la-Cooperativa-20-de-Julio-front.jpg","_links":{"self":[{"href":"https:\/\/www.fcejs.unsl.edu.ar\/index.php\/wp-json\/wp\/v2\/posts\/16867","targetHints":{"allow":["GET"]}}],"collection":[{"href":"https:\/\/www.fcejs.unsl.edu.ar\/index.php\/wp-json\/wp\/v2\/posts"}],"about":[{"href":"https:\/\/www.fcejs.unsl.edu.ar\/index.php\/wp-json\/wp\/v2\/types\/post"}],"author":[{"embeddable":true,"href":"https:\/\/www.fcejs.unsl.edu.ar\/index.php\/wp-json\/wp\/v2\/users\/9"}],"replies":[{"embeddable":true,"href":"https:\/\/www.fcejs.unsl.edu.ar\/index.php\/wp-json\/wp\/v2\/comments?post=16867"}],"version-history":[{"count":1,"href":"https:\/\/www.fcejs.unsl.edu.ar\/index.php\/wp-json\/wp\/v2\/posts\/16867\/revisions"}],"predecessor-version":[{"id":16873,"href":"https:\/\/www.fcejs.unsl.edu.ar\/index.php\/wp-json\/wp\/v2\/posts\/16867\/revisions\/16873"}],"wp:featuredmedia":[{"embeddable":true,"href":"https:\/\/www.fcejs.unsl.edu.ar\/index.php\/wp-json\/wp\/v2\/media\/16868"}],"wp:attachment":[{"href":"https:\/\/www.fcejs.unsl.edu.ar\/index.php\/wp-json\/wp\/v2\/media?parent=16867"}],"wp:term":[{"taxonomy":"category","embeddable":true,"href":"https:\/\/www.fcejs.unsl.edu.ar\/index.php\/wp-json\/wp\/v2\/categories?post=16867"},{"taxonomy":"post_tag","embeddable":true,"href":"https:\/\/www.fcejs.unsl.edu.ar\/index.php\/wp-json\/wp\/v2\/tags?post=16867"}],"curies":[{"name":"wp","href":"https:\/\/api.w.org\/{rel}","templated":true}]}}