{"id":16860,"date":"2024-06-11T08:45:15","date_gmt":"2024-06-11T11:45:15","guid":{"rendered":"http:\/\/10.101.10.197\/www\/?p=16860"},"modified":"2024-06-18T09:35:14","modified_gmt":"2024-06-18T12:35:14","slug":"charla-informativa-sobre-anteproyecto-de-reforma-integral-del-codigo-procesal-civil-comercial-y-ambiental-de-san-luis","status":"publish","type":"post","link":"https:\/\/www.fcejs.unsl.edu.ar\/index.php\/charla-informativa-sobre-anteproyecto-de-reforma-integral-del-codigo-procesal-civil-comercial-y-ambiental-de-san-luis\/","title":{"rendered":"Charla informativa sobre &#8220;Anteproyecto de reforma integral del C\u00f3digo Procesal Civil, Comercial y Ambiental de San Luis &#8220;"},"content":{"rendered":"<p>La Secretar\u00eda de Extensi\u00f3n Universitaria invita a la charla informativa sobre &#8220;Anteproyecto de reforma integral del C\u00f3digo Procesal\u00a0 Civil, Comercial y Ambiental de San Luis &#8220;, que se llevar\u00e1 a cabo el 13 de junio a las 16 horas en el Aula Dante Bodo (ex 2) del campus Universitario<\/p>\n<p>Esta charla informativas ser\u00e1 brindada por el Dr Francisco Gui\u00f1azu, director del departamento de derecho procesal\u00a0 Civil\u00a0 de la UCCuyo San Luis. Aquellos interesados en concurrir, deber\u00e1n inscribirse previamente por las siguientes v\u00edas:<\/p>\n<p>Inscripciones: por Whats App al 2657-602053 o por email\u00a0 a\u00a0<a href=\"mailto:abogaciajovenynovelvm@gmail.com\">abogaciajovenynovelvm@gmail.com<\/a>\u00a0\/\/\u00a0\u00a0<a href=\"mailto:colabogvm@gmail.com\">colabogvm@gmail.com<\/a><\/p>\n","protected":false},"excerpt":{"rendered":"<p>La Secretar\u00eda de Extensi\u00f3n Universitaria invita a la charla informativa sobre &#8220;Anteproyecto de reforma integral del C\u00f3digo Procesal\u00a0 Civil, Comercial y Ambiental de San Luis&hellip;<\/p>\n","protected":false},"author":9,"featured_media":16862,"comment_status":"closed","ping_status":"closed","sticky":false,"template":"","format":"standard","meta":{"om_disable_all_campaigns":false,"_monsterinsights_skip_tracking":false,"_monsterinsights_sitenote_active":false,"_monsterinsights_sitenote_note":"","_monsterinsights_sitenote_category":0,"footnotes":""},"categories":[1],"tags":[],"class_list":["post-16860","post","type-post","status-publish","format-standard","has-post-thumbnail","hentry","category-noticias"],"yoast_head":"<!-- This site is optimized with the Yoast SEO plugin v27.4 - https:\/\/yoast.com\/product\/yoast-seo-wordpress\/ -->\n<title>Charla informativa sobre &quot;Anteproyecto de reforma integral del C\u00f3digo Procesal Civil, Comercial y Ambiental de San Luis &quot; - Facultad de Ciencias Econ\u00f3micas, Jur\u00ed\u00addicas y Sociales<\/title>\n<meta name=\"robots\" content=\"index, follow, max-snippet:-1, max-image-preview:large, max-video-preview:-1\" \/>\n<link rel=\"canonical\" href=\"https:\/\/www.fcejs.unsl.edu.ar\/index.php\/charla-informativa-sobre-anteproyecto-de-reforma-integral-del-codigo-procesal-civil-comercial-y-ambiental-de-san-luis\/\" \/>\n<meta property=\"og:locale\" content=\"es_ES\" \/>\n<meta property=\"og:type\" content=\"article\" \/>\n<meta property=\"og:title\" content=\"Charla informativa sobre &quot;Anteproyecto de reforma integral del C\u00f3digo Procesal Civil, Comercial y Ambiental de San Luis &quot; - Facultad de Ciencias Econ\u00f3micas, Jur\u00ed\u00addicas y Sociales\" \/>\n<meta property=\"og:description\" content=\"La Secretar\u00eda de Extensi\u00f3n Universitaria invita a la charla informativa sobre &#8220;Anteproyecto de reforma integral del C\u00f3digo Procesal\u00a0 Civil, Comercial y Ambiental de San Luis&hellip;\" \/>\n<meta property=\"og:url\" content=\"https:\/\/www.fcejs.unsl.edu.ar\/index.php\/charla-informativa-sobre-anteproyecto-de-reforma-integral-del-codigo-procesal-civil-comercial-y-ambiental-de-san-luis\/\" \/>\n<meta property=\"og:site_name\" content=\"Facultad de Ciencias Econ\u00f3micas, Jur\u00ed\u00addicas y Sociales\" \/>\n<meta property=\"article:publisher\" content=\"https:\/\/www.facebook.com\/FCEJS.UNSL\/\" \/>\n<meta property=\"article:published_time\" content=\"2024-06-11T11:45:15+00:00\" \/>\n<meta property=\"article:modified_time\" content=\"2024-06-18T12:35:14+00:00\" \/>\n<meta property=\"og:image\" content=\"https:\/\/www.fcejs.unsl.edu.ar\/wp-content\/uploads\/2024\/06\/libro-planta.jpg\" \/>\n\t<meta property=\"og:image:width\" content=\"1411\" \/>\n\t<meta property=\"og:image:height\" content=\"1185\" \/>\n\t<meta property=\"og:image:type\" content=\"image\/jpeg\" \/>\n<meta name=\"author\" content=\"DATI\" \/>\n<meta name=\"twitter:card\" content=\"summary_large_image\" \/>\n<meta name=\"twitter:creator\" content=\"@FCEJSUNSL\" \/>\n<meta name=\"twitter:site\" content=\"@FCEJSUNSL\" \/>\n<meta name=\"twitter:label1\" content=\"Escrito por\" \/>\n\t<meta name=\"twitter:data1\" content=\"DATI\" \/>\n\t<meta name=\"twitter:label2\" content=\"Tiempo de lectura\" \/>\n\t<meta name=\"twitter:data2\" content=\"1 minuto\" \/>\n<script type=\"application\/ld+json\" class=\"yoast-schema-graph\">{\"@context\":\"https:\\\/\\\/schema.org\",\"@graph\":[{\"@type\":\"Article\",\"@id\":\"https:\\\/\\\/www.fcejs.unsl.edu.ar\\\/index.php\\\/charla-informativa-sobre-anteproyecto-de-reforma-integral-del-codigo-procesal-civil-comercial-y-ambiental-de-san-luis\\\/#article\",\"isPartOf\":{\"@id\":\"https:\\\/\\\/www.fcejs.unsl.edu.ar\\\/index.php\\\/charla-informativa-sobre-anteproyecto-de-reforma-integral-del-codigo-procesal-civil-comercial-y-ambiental-de-san-luis\\\/\"},\"author\":{\"name\":\"DATI\",\"@id\":\"https:\\\/\\\/www.fcejs.unsl.edu.ar\\\/#\\\/schema\\\/person\\\/352ee6ed90c3f394c7cb5945f8956d34\"},\"headline\":\"Charla informativa sobre &#8220;Anteproyecto de reforma integral del C\u00f3digo Procesal Civil, Comercial y Ambiental de San Luis &#8220;\",\"datePublished\":\"2024-06-11T11:45:15+00:00\",\"dateModified\":\"2024-06-18T12:35:14+00:00\",\"mainEntityOfPage\":{\"@id\":\"https:\\\/\\\/www.fcejs.unsl.edu.ar\\\/index.php\\\/charla-informativa-sobre-anteproyecto-de-reforma-integral-del-codigo-procesal-civil-comercial-y-ambiental-de-san-luis\\\/\"},\"wordCount\":118,\"publisher\":{\"@id\":\"https:\\\/\\\/www.fcejs.unsl.edu.ar\\\/#organization\"},\"image\":{\"@id\":\"https:\\\/\\\/www.fcejs.unsl.edu.ar\\\/index.php\\\/charla-informativa-sobre-anteproyecto-de-reforma-integral-del-codigo-procesal-civil-comercial-y-ambiental-de-san-luis\\\/#primaryimage\"},\"thumbnailUrl\":\"https:\\\/\\\/www.fcejs.unsl.edu.ar\\\/wp-content\\\/uploads\\\/2024\\\/06\\\/libro-planta.jpg\",\"articleSection\":[\"Noticias\"],\"inLanguage\":\"es-AR\"},{\"@type\":\"WebPage\",\"@id\":\"https:\\\/\\\/www.fcejs.unsl.edu.ar\\\/index.php\\\/charla-informativa-sobre-anteproyecto-de-reforma-integral-del-codigo-procesal-civil-comercial-y-ambiental-de-san-luis\\\/\",\"url\":\"https:\\\/\\\/www.fcejs.unsl.edu.ar\\\/index.php\\\/charla-informativa-sobre-anteproyecto-de-reforma-integral-del-codigo-procesal-civil-comercial-y-ambiental-de-san-luis\\\/\",\"name\":\"Charla informativa sobre \\\"Anteproyecto de reforma integral del C\u00f3digo Procesal Civil, Comercial y Ambiental de San Luis \\\" - Facultad de Ciencias Econ\u00f3micas, Jur\u00ed\u00addicas y Sociales\",\"isPartOf\":{\"@id\":\"https:\\\/\\\/www.fcejs.unsl.edu.ar\\\/#website\"},\"primaryImageOfPage\":{\"@id\":\"https:\\\/\\\/www.fcejs.unsl.edu.ar\\\/index.php\\\/charla-informativa-sobre-anteproyecto-de-reforma-integral-del-codigo-procesal-civil-comercial-y-ambiental-de-san-luis\\\/#primaryimage\"},\"image\":{\"@id\":\"https:\\\/\\\/www.fcejs.unsl.edu.ar\\\/index.php\\\/charla-informativa-sobre-anteproyecto-de-reforma-integral-del-codigo-procesal-civil-comercial-y-ambiental-de-san-luis\\\/#primaryimage\"},\"thumbnailUrl\":\"https:\\\/\\\/www.fcejs.unsl.edu.ar\\\/wp-content\\\/uploads\\\/2024\\\/06\\\/libro-planta.jpg\",\"datePublished\":\"2024-06-11T11:45:15+00:00\",\"dateModified\":\"2024-06-18T12:35:14+00:00\",\"breadcrumb\":{\"@id\":\"https:\\\/\\\/www.fcejs.unsl.edu.ar\\\/index.php\\\/charla-informativa-sobre-anteproyecto-de-reforma-integral-del-codigo-procesal-civil-comercial-y-ambiental-de-san-luis\\\/#breadcrumb\"},\"inLanguage\":\"es-AR\",\"potentialAction\":[{\"@type\":\"ReadAction\",\"target\":[\"https:\\\/\\\/www.fcejs.unsl.edu.ar\\\/index.php\\\/charla-informativa-sobre-anteproyecto-de-reforma-integral-del-codigo-procesal-civil-comercial-y-ambiental-de-san-luis\\\/\"]}]},{\"@type\":\"ImageObject\",\"inLanguage\":\"es-AR\",\"@id\":\"https:\\\/\\\/www.fcejs.unsl.edu.ar\\\/index.php\\\/charla-informativa-sobre-anteproyecto-de-reforma-integral-del-codigo-procesal-civil-comercial-y-ambiental-de-san-luis\\\/#primaryimage\",\"url\":\"https:\\\/\\\/www.fcejs.unsl.edu.ar\\\/wp-content\\\/uploads\\\/2024\\\/06\\\/libro-planta.jpg\",\"contentUrl\":\"https:\\\/\\\/www.fcejs.unsl.edu.ar\\\/wp-content\\\/uploads\\\/2024\\\/06\\\/libro-planta.jpg\",\"width\":1411,\"height\":1185},{\"@type\":\"BreadcrumbList\",\"@id\":\"https:\\\/\\\/www.fcejs.unsl.edu.ar\\\/index.php\\\/charla-informativa-sobre-anteproyecto-de-reforma-integral-del-codigo-procesal-civil-comercial-y-ambiental-de-san-luis\\\/#breadcrumb\",\"itemListElement\":[{\"@type\":\"ListItem\",\"position\":1,\"name\":\"Inicio\",\"item\":\"https:\\\/\\\/www.fcejs.unsl.edu.ar\\\/\"},{\"@type\":\"ListItem\",\"position\":2,\"name\":\"Charla informativa sobre &#8220;Anteproyecto de reforma integral del C\u00f3digo Procesal Civil, Comercial y Ambiental de San Luis &#8220;\"}]},{\"@type\":\"WebSite\",\"@id\":\"https:\\\/\\\/www.fcejs.unsl.edu.ar\\\/#website\",\"url\":\"https:\\\/\\\/www.fcejs.unsl.edu.ar\\\/\",\"name\":\"Facultad de Ciencias Econ\u00f3micas, Jur\u00ed\u00addicas y Sociales\",\"description\":\"\",\"publisher\":{\"@id\":\"https:\\\/\\\/www.fcejs.unsl.edu.ar\\\/#organization\"},\"potentialAction\":[{\"@type\":\"SearchAction\",\"target\":{\"@type\":\"EntryPoint\",\"urlTemplate\":\"https:\\\/\\\/www.fcejs.unsl.edu.ar\\\/?s={search_term_string}\"},\"query-input\":{\"@type\":\"PropertyValueSpecification\",\"valueRequired\":true,\"valueName\":\"search_term_string\"}}],\"inLanguage\":\"es-AR\"},{\"@type\":\"Organization\",\"@id\":\"https:\\\/\\\/www.fcejs.unsl.edu.ar\\\/#organization\",\"name\":\"Facultad de Ciencias Econ\u00f3micas, Jur\u00eddicas y Sociales\",\"url\":\"https:\\\/\\\/www.fcejs.unsl.edu.ar\\\/\",\"logo\":{\"@type\":\"ImageObject\",\"inLanguage\":\"es-AR\",\"@id\":\"https:\\\/\\\/www.fcejs.unsl.edu.ar\\\/#\\\/schema\\\/logo\\\/image\\\/\",\"url\":\"https:\\\/\\\/www.fcejs.unsl.edu.ar\\\/wp-content\\\/uploads\\\/2021\\\/03\\\/logo-1.jpg\",\"contentUrl\":\"https:\\\/\\\/www.fcejs.unsl.edu.ar\\\/wp-content\\\/uploads\\\/2021\\\/03\\\/logo-1.jpg\",\"width\":471,\"height\":146,\"caption\":\"Facultad de Ciencias Econ\u00f3micas, Jur\u00eddicas y Sociales\"},\"image\":{\"@id\":\"https:\\\/\\\/www.fcejs.unsl.edu.ar\\\/#\\\/schema\\\/logo\\\/image\\\/\"},\"sameAs\":[\"https:\\\/\\\/www.facebook.com\\\/FCEJS.UNSL\\\/\",\"https:\\\/\\\/x.com\\\/FCEJSUNSL\",\"https:\\\/\\\/www.instagram.com\\\/fcejs.unsl\\\/\",\"https:\\\/\\\/www.youtube.com\\\/channel\\\/UCH-Ut6EaN_X5ogjIQMPe46g\\\/\"]},{\"@type\":\"Person\",\"@id\":\"https:\\\/\\\/www.fcejs.unsl.edu.ar\\\/#\\\/schema\\\/person\\\/352ee6ed90c3f394c7cb5945f8956d34\",\"name\":\"DATI\"}]}<\/script>\n<!-- \/ Yoast SEO plugin. -->","yoast_head_json":{"title":"Charla informativa sobre \"Anteproyecto de reforma integral del C\u00f3digo Procesal Civil, Comercial y Ambiental de San Luis \" - Facultad de Ciencias Econ\u00f3micas, Jur\u00ed\u00addicas y Sociales","robots":{"index":"index","follow":"follow","max-snippet":"max-snippet:-1","max-image-preview":"max-image-preview:large","max-video-preview":"max-video-preview:-1"},"canonical":"https:\/\/www.fcejs.unsl.edu.ar\/index.php\/charla-informativa-sobre-anteproyecto-de-reforma-integral-del-codigo-procesal-civil-comercial-y-ambiental-de-san-luis\/","og_locale":"es_ES","og_type":"article","og_title":"Charla informativa sobre \"Anteproyecto de reforma integral del C\u00f3digo Procesal Civil, Comercial y Ambiental de San Luis \" - Facultad de Ciencias Econ\u00f3micas, Jur\u00ed\u00addicas y Sociales","og_description":"La Secretar\u00eda de Extensi\u00f3n Universitaria invita a la charla informativa sobre &#8220;Anteproyecto de reforma integral del C\u00f3digo Procesal\u00a0 Civil, Comercial y Ambiental de San Luis&hellip;","og_url":"https:\/\/www.fcejs.unsl.edu.ar\/index.php\/charla-informativa-sobre-anteproyecto-de-reforma-integral-del-codigo-procesal-civil-comercial-y-ambiental-de-san-luis\/","og_site_name":"Facultad de Ciencias Econ\u00f3micas, Jur\u00ed\u00addicas y Sociales","article_publisher":"https:\/\/www.facebook.com\/FCEJS.UNSL\/","article_published_time":"2024-06-11T11:45:15+00:00","article_modified_time":"2024-06-18T12:35:14+00:00","og_image":[{"width":1411,"height":1185,"url":"https:\/\/www.fcejs.unsl.edu.ar\/wp-content\/uploads\/2024\/06\/libro-planta.jpg","type":"image\/jpeg"}],"author":"DATI","twitter_card":"summary_large_image","twitter_creator":"@FCEJSUNSL","twitter_site":"@FCEJSUNSL","twitter_misc":{"Escrito por":"DATI","Tiempo de lectura":"1 minuto"},"schema":{"@context":"https:\/\/schema.org","@graph":[{"@type":"Article","@id":"https:\/\/www.fcejs.unsl.edu.ar\/index.php\/charla-informativa-sobre-anteproyecto-de-reforma-integral-del-codigo-procesal-civil-comercial-y-ambiental-de-san-luis\/#article","isPartOf":{"@id":"https:\/\/www.fcejs.unsl.edu.ar\/index.php\/charla-informativa-sobre-anteproyecto-de-reforma-integral-del-codigo-procesal-civil-comercial-y-ambiental-de-san-luis\/"},"author":{"name":"DATI","@id":"https:\/\/www.fcejs.unsl.edu.ar\/#\/schema\/person\/352ee6ed90c3f394c7cb5945f8956d34"},"headline":"Charla informativa sobre &#8220;Anteproyecto de reforma integral del C\u00f3digo Procesal Civil, Comercial y Ambiental de San Luis &#8220;","datePublished":"2024-06-11T11:45:15+00:00","dateModified":"2024-06-18T12:35:14+00:00","mainEntityOfPage":{"@id":"https:\/\/www.fcejs.unsl.edu.ar\/index.php\/charla-informativa-sobre-anteproyecto-de-reforma-integral-del-codigo-procesal-civil-comercial-y-ambiental-de-san-luis\/"},"wordCount":118,"publisher":{"@id":"https:\/\/www.fcejs.unsl.edu.ar\/#organization"},"image":{"@id":"https:\/\/www.fcejs.unsl.edu.ar\/index.php\/charla-informativa-sobre-anteproyecto-de-reforma-integral-del-codigo-procesal-civil-comercial-y-ambiental-de-san-luis\/#primaryimage"},"thumbnailUrl":"https:\/\/www.fcejs.unsl.edu.ar\/wp-content\/uploads\/2024\/06\/libro-planta.jpg","articleSection":["Noticias"],"inLanguage":"es-AR"},{"@type":"WebPage","@id":"https:\/\/www.fcejs.unsl.edu.ar\/index.php\/charla-informativa-sobre-anteproyecto-de-reforma-integral-del-codigo-procesal-civil-comercial-y-ambiental-de-san-luis\/","url":"https:\/\/www.fcejs.unsl.edu.ar\/index.php\/charla-informativa-sobre-anteproyecto-de-reforma-integral-del-codigo-procesal-civil-comercial-y-ambiental-de-san-luis\/","name":"Charla informativa sobre \"Anteproyecto de reforma integral del C\u00f3digo Procesal Civil, Comercial y Ambiental de San Luis \" - Facultad de Ciencias Econ\u00f3micas, Jur\u00ed\u00addicas y Sociales","isPartOf":{"@id":"https:\/\/www.fcejs.unsl.edu.ar\/#website"},"primaryImageOfPage":{"@id":"https:\/\/www.fcejs.unsl.edu.ar\/index.php\/charla-informativa-sobre-anteproyecto-de-reforma-integral-del-codigo-procesal-civil-comercial-y-ambiental-de-san-luis\/#primaryimage"},"image":{"@id":"https:\/\/www.fcejs.unsl.edu.ar\/index.php\/charla-informativa-sobre-anteproyecto-de-reforma-integral-del-codigo-procesal-civil-comercial-y-ambiental-de-san-luis\/#primaryimage"},"thumbnailUrl":"https:\/\/www.fcejs.unsl.edu.ar\/wp-content\/uploads\/2024\/06\/libro-planta.jpg","datePublished":"2024-06-11T11:45:15+00:00","dateModified":"2024-06-18T12:35:14+00:00","breadcrumb":{"@id":"https:\/\/www.fcejs.unsl.edu.ar\/index.php\/charla-informativa-sobre-anteproyecto-de-reforma-integral-del-codigo-procesal-civil-comercial-y-ambiental-de-san-luis\/#breadcrumb"},"inLanguage":"es-AR","potentialAction":[{"@type":"ReadAction","target":["https:\/\/www.fcejs.unsl.edu.ar\/index.php\/charla-informativa-sobre-anteproyecto-de-reforma-integral-del-codigo-procesal-civil-comercial-y-ambiental-de-san-luis\/"]}]},{"@type":"ImageObject","inLanguage":"es-AR","@id":"https:\/\/www.fcejs.unsl.edu.ar\/index.php\/charla-informativa-sobre-anteproyecto-de-reforma-integral-del-codigo-procesal-civil-comercial-y-ambiental-de-san-luis\/#primaryimage","url":"https:\/\/www.fcejs.unsl.edu.ar\/wp-content\/uploads\/2024\/06\/libro-planta.jpg","contentUrl":"https:\/\/www.fcejs.unsl.edu.ar\/wp-content\/uploads\/2024\/06\/libro-planta.jpg","width":1411,"height":1185},{"@type":"BreadcrumbList","@id":"https:\/\/www.fcejs.unsl.edu.ar\/index.php\/charla-informativa-sobre-anteproyecto-de-reforma-integral-del-codigo-procesal-civil-comercial-y-ambiental-de-san-luis\/#breadcrumb","itemListElement":[{"@type":"ListItem","position":1,"name":"Inicio","item":"https:\/\/www.fcejs.unsl.edu.ar\/"},{"@type":"ListItem","position":2,"name":"Charla informativa sobre &#8220;Anteproyecto de reforma integral del C\u00f3digo Procesal Civil, Comercial y Ambiental de San Luis &#8220;"}]},{"@type":"WebSite","@id":"https:\/\/www.fcejs.unsl.edu.ar\/#website","url":"https:\/\/www.fcejs.unsl.edu.ar\/","name":"Facultad de Ciencias Econ\u00f3micas, Jur\u00ed\u00addicas y Sociales","description":"","publisher":{"@id":"https:\/\/www.fcejs.unsl.edu.ar\/#organization"},"potentialAction":[{"@type":"SearchAction","target":{"@type":"EntryPoint","urlTemplate":"https:\/\/www.fcejs.unsl.edu.ar\/?s={search_term_string}"},"query-input":{"@type":"PropertyValueSpecification","valueRequired":true,"valueName":"search_term_string"}}],"inLanguage":"es-AR"},{"@type":"Organization","@id":"https:\/\/www.fcejs.unsl.edu.ar\/#organization","name":"Facultad de Ciencias Econ\u00f3micas, Jur\u00eddicas y Sociales","url":"https:\/\/www.fcejs.unsl.edu.ar\/","logo":{"@type":"ImageObject","inLanguage":"es-AR","@id":"https:\/\/www.fcejs.unsl.edu.ar\/#\/schema\/logo\/image\/","url":"https:\/\/www.fcejs.unsl.edu.ar\/wp-content\/uploads\/2021\/03\/logo-1.jpg","contentUrl":"https:\/\/www.fcejs.unsl.edu.ar\/wp-content\/uploads\/2021\/03\/logo-1.jpg","width":471,"height":146,"caption":"Facultad de Ciencias Econ\u00f3micas, Jur\u00eddicas y Sociales"},"image":{"@id":"https:\/\/www.fcejs.unsl.edu.ar\/#\/schema\/logo\/image\/"},"sameAs":["https:\/\/www.facebook.com\/FCEJS.UNSL\/","https:\/\/x.com\/FCEJSUNSL","https:\/\/www.instagram.com\/fcejs.unsl\/","https:\/\/www.youtube.com\/channel\/UCH-Ut6EaN_X5ogjIQMPe46g\/"]},{"@type":"Person","@id":"https:\/\/www.fcejs.unsl.edu.ar\/#\/schema\/person\/352ee6ed90c3f394c7cb5945f8956d34","name":"DATI"}]}},"jetpack_featured_media_url":"https:\/\/www.fcejs.unsl.edu.ar\/wp-content\/uploads\/2024\/06\/libro-planta.jpg","_links":{"self":[{"href":"https:\/\/www.fcejs.unsl.edu.ar\/index.php\/wp-json\/wp\/v2\/posts\/16860","targetHints":{"allow":["GET"]}}],"collection":[{"href":"https:\/\/www.fcejs.unsl.edu.ar\/index.php\/wp-json\/wp\/v2\/posts"}],"about":[{"href":"https:\/\/www.fcejs.unsl.edu.ar\/index.php\/wp-json\/wp\/v2\/types\/post"}],"author":[{"embeddable":true,"href":"https:\/\/www.fcejs.unsl.edu.ar\/index.php\/wp-json\/wp\/v2\/users\/9"}],"replies":[{"embeddable":true,"href":"https:\/\/www.fcejs.unsl.edu.ar\/index.php\/wp-json\/wp\/v2\/comments?post=16860"}],"version-history":[{"count":1,"href":"https:\/\/www.fcejs.unsl.edu.ar\/index.php\/wp-json\/wp\/v2\/posts\/16860\/revisions"}],"predecessor-version":[{"id":16861,"href":"https:\/\/www.fcejs.unsl.edu.ar\/index.php\/wp-json\/wp\/v2\/posts\/16860\/revisions\/16861"}],"wp:featuredmedia":[{"embeddable":true,"href":"https:\/\/www.fcejs.unsl.edu.ar\/index.php\/wp-json\/wp\/v2\/media\/16862"}],"wp:attachment":[{"href":"https:\/\/www.fcejs.unsl.edu.ar\/index.php\/wp-json\/wp\/v2\/media?parent=16860"}],"wp:term":[{"taxonomy":"category","embeddable":true,"href":"https:\/\/www.fcejs.unsl.edu.ar\/index.php\/wp-json\/wp\/v2\/categories?post=16860"},{"taxonomy":"post_tag","embeddable":true,"href":"https:\/\/www.fcejs.unsl.edu.ar\/index.php\/wp-json\/wp\/v2\/tags?post=16860"}],"curies":[{"name":"wp","href":"https:\/\/api.w.org\/{rel}","templated":true}]}}