{"id":16181,"date":"2024-04-05T11:39:16","date_gmt":"2024-04-05T14:39:16","guid":{"rendered":"http:\/\/10.101.10.197\/www\/?p=16181"},"modified":"2024-04-11T12:18:43","modified_gmt":"2024-04-11T15:18:43","slug":"se-pondra-marcha-el-nodo-solidario-de-abastecimiento-y-se-inicia-asi-un-amplio-proyecto-de-economia-regional","status":"publish","type":"post","link":"https:\/\/www.fcejs.unsl.edu.ar\/index.php\/se-pondra-marcha-el-nodo-solidario-de-abastecimiento-y-se-inicia-asi-un-amplio-proyecto-de-economia-regional\/","title":{"rendered":"Se pondra marcha el Nodo Solidario de Abastecimiento"},"content":{"rendered":"<p>El pr\u00f3ximo<strong> viernes 12 de abril, a las 10, <\/strong>el Centro Universitario Villa Mercedes de la UNSL, entregar\u00e1 un m\u00f3dulo de expendio a la Cooperativa \u201c20 de Julio\u201d. Esta Cooperativa contar\u00e1 as\u00ed con un nuevo local contiguo al acceso al Campus, para comercializar sus productos de panificaci\u00f3n; y abrir\u00e1 sus puertas a los proyectos de la econom\u00eda social, dirigidos a apoyar a las producciones regionales.<\/p>\n<p>La Cooperativa \u201c20 de Julio\u201d est\u00e1 intergrada por trabajadores que fruto de la lucha, que comenz\u00f3 precisamente el 20 de julio de 2020, lograron formar una cooperativa con reconocimiento legal, pero fundamentalmente mantener las fuentes laborales en el rubro rotiser\u00eda y confiter\u00eda.<\/p>\n<p>El Director del Departamento de Ciencias Sociales de la FCEJS, Esteban Arias, aclar\u00f3 que la propuesta naci\u00f3 de un Proyecto Extensi\u00f3n sobre Econom\u00eda Social que se comenz\u00f3 a elaborar en 2023 y que cont\u00f3 con el aval del rector de la UNSL, V\u00edctor Mori\u00f1igo; el vicerrector, H\u00e9ctor Flores; la decana de FCEJS, Roxanna Camiletti y el decano de FICA, Sergio Ribotta.<\/p>\n<p>&nbsp;<\/p>\n<p><img fetchpriority=\"high\" decoding=\"async\" class=\"aligncenter wp-image-16183 size-full\" src=\"https:\/\/www.fcejs.unsl.edu.ar\/wp-content\/uploads\/2024\/04\/flyer-nodos-solidarios-02.jpg\" alt=\"\" width=\"1180\" height=\"883\" srcset=\"https:\/\/www.fcejs.unsl.edu.ar\/wp-content\/uploads\/2024\/04\/flyer-nodos-solidarios-02.jpg 1180w, https:\/\/www.fcejs.unsl.edu.ar\/wp-content\/uploads\/2024\/04\/flyer-nodos-solidarios-02-300x224.jpg 300w, https:\/\/www.fcejs.unsl.edu.ar\/wp-content\/uploads\/2024\/04\/flyer-nodos-solidarios-02-1024x766.jpg 1024w, https:\/\/www.fcejs.unsl.edu.ar\/wp-content\/uploads\/2024\/04\/flyer-nodos-solidarios-02-768x575.jpg 768w\" sizes=\"(max-width: 1180px) 100vw, 1180px\" \/><\/p>\n<p>\u201cEn octubre del a\u00f1o pasado se instal\u00f3 el m\u00f3dulo en el predio del campus de nuestro Centro Universitario. Desde entonces se comenz\u00f3 con las cuestiones legales para ceder ese espacio con sus instalaciones a la Cooperativa\u201d, explic\u00f3.<\/p>\n<p>En la cooperativa -a\u00f1adi\u00f3- \u201cse va a comercializar todo el producto de panificaci\u00f3n\u201d pero a su vez \u201cse pueden ir incorporando otras producciones de ese entramado de la econom\u00eda social para integrarlas a este espacio f\u00edsico\u201d.<\/p>\n<p>&nbsp;<\/p>\n<p><strong>Nota: Jos\u00e9 Luis Baigorria \u2013 Radio UNSL Villa Mercedes<\/strong><\/p>\n","protected":false},"excerpt":{"rendered":"<p>El pr\u00f3ximo viernes 12 de abril, a las 10, el Centro Universitario Villa Mercedes de la UNSL, entregar\u00e1 un m\u00f3dulo de expendio a la Cooperativa&hellip;<\/p>\n","protected":false},"author":9,"featured_media":16182,"comment_status":"closed","ping_status":"closed","sticky":false,"template":"","format":"standard","meta":{"om_disable_all_campaigns":false,"_monsterinsights_skip_tracking":false,"_monsterinsights_sitenote_active":false,"_monsterinsights_sitenote_note":"","_monsterinsights_sitenote_category":0,"footnotes":""},"categories":[1],"tags":[],"class_list":["post-16181","post","type-post","status-publish","format-standard","has-post-thumbnail","hentry","category-noticias"],"yoast_head":"<!-- This site is optimized with the Yoast SEO plugin v27.4 - https:\/\/yoast.com\/product\/yoast-seo-wordpress\/ -->\n<title>Se pondra marcha el Nodo Solidario de Abastecimiento - Facultad de Ciencias Econ\u00f3micas, Jur\u00ed\u00addicas y Sociales<\/title>\n<meta name=\"robots\" content=\"index, follow, max-snippet:-1, max-image-preview:large, max-video-preview:-1\" \/>\n<link rel=\"canonical\" href=\"https:\/\/www.fcejs.unsl.edu.ar\/index.php\/se-pondra-marcha-el-nodo-solidario-de-abastecimiento-y-se-inicia-asi-un-amplio-proyecto-de-economia-regional\/\" \/>\n<meta property=\"og:locale\" content=\"es_ES\" \/>\n<meta property=\"og:type\" content=\"article\" \/>\n<meta property=\"og:title\" content=\"Se pondra marcha el Nodo Solidario de Abastecimiento - Facultad de Ciencias Econ\u00f3micas, Jur\u00ed\u00addicas y Sociales\" \/>\n<meta property=\"og:description\" content=\"El pr\u00f3ximo viernes 12 de abril, a las 10, el Centro Universitario Villa Mercedes de la UNSL, entregar\u00e1 un m\u00f3dulo de expendio a la Cooperativa&hellip;\" \/>\n<meta property=\"og:url\" content=\"https:\/\/www.fcejs.unsl.edu.ar\/index.php\/se-pondra-marcha-el-nodo-solidario-de-abastecimiento-y-se-inicia-asi-un-amplio-proyecto-de-economia-regional\/\" \/>\n<meta property=\"og:site_name\" content=\"Facultad de Ciencias Econ\u00f3micas, Jur\u00ed\u00addicas y Sociales\" \/>\n<meta property=\"article:publisher\" content=\"https:\/\/www.facebook.com\/FCEJS.UNSL\/\" \/>\n<meta property=\"article:published_time\" content=\"2024-04-05T14:39:16+00:00\" \/>\n<meta property=\"article:modified_time\" content=\"2024-04-11T15:18:43+00:00\" \/>\n<meta property=\"og:image\" content=\"https:\/\/www.fcejs.unsl.edu.ar\/wp-content\/uploads\/2024\/04\/flyer-nodos-solidarios-fornt.jpg\" \/>\n\t<meta property=\"og:image:width\" content=\"1061\" \/>\n\t<meta property=\"og:image:height\" content=\"585\" \/>\n\t<meta property=\"og:image:type\" content=\"image\/jpeg\" \/>\n<meta name=\"author\" content=\"DATI\" \/>\n<meta name=\"twitter:card\" content=\"summary_large_image\" \/>\n<meta name=\"twitter:creator\" content=\"@FCEJSUNSL\" \/>\n<meta name=\"twitter:site\" content=\"@FCEJSUNSL\" \/>\n<meta name=\"twitter:label1\" content=\"Escrito por\" \/>\n\t<meta name=\"twitter:data1\" content=\"DATI\" \/>\n\t<meta name=\"twitter:label2\" content=\"Tiempo de lectura\" \/>\n\t<meta name=\"twitter:data2\" content=\"2 minutos\" \/>\n<script type=\"application\/ld+json\" class=\"yoast-schema-graph\">{\"@context\":\"https:\\\/\\\/schema.org\",\"@graph\":[{\"@type\":\"Article\",\"@id\":\"https:\\\/\\\/www.fcejs.unsl.edu.ar\\\/index.php\\\/se-pondra-marcha-el-nodo-solidario-de-abastecimiento-y-se-inicia-asi-un-amplio-proyecto-de-economia-regional\\\/#article\",\"isPartOf\":{\"@id\":\"https:\\\/\\\/www.fcejs.unsl.edu.ar\\\/index.php\\\/se-pondra-marcha-el-nodo-solidario-de-abastecimiento-y-se-inicia-asi-un-amplio-proyecto-de-economia-regional\\\/\"},\"author\":{\"name\":\"DATI\",\"@id\":\"https:\\\/\\\/www.fcejs.unsl.edu.ar\\\/#\\\/schema\\\/person\\\/352ee6ed90c3f394c7cb5945f8956d34\"},\"headline\":\"Se pondra marcha el Nodo Solidario de Abastecimiento\",\"datePublished\":\"2024-04-05T14:39:16+00:00\",\"dateModified\":\"2024-04-11T15:18:43+00:00\",\"mainEntityOfPage\":{\"@id\":\"https:\\\/\\\/www.fcejs.unsl.edu.ar\\\/index.php\\\/se-pondra-marcha-el-nodo-solidario-de-abastecimiento-y-se-inicia-asi-un-amplio-proyecto-de-economia-regional\\\/\"},\"wordCount\":270,\"publisher\":{\"@id\":\"https:\\\/\\\/www.fcejs.unsl.edu.ar\\\/#organization\"},\"image\":{\"@id\":\"https:\\\/\\\/www.fcejs.unsl.edu.ar\\\/index.php\\\/se-pondra-marcha-el-nodo-solidario-de-abastecimiento-y-se-inicia-asi-un-amplio-proyecto-de-economia-regional\\\/#primaryimage\"},\"thumbnailUrl\":\"https:\\\/\\\/www.fcejs.unsl.edu.ar\\\/wp-content\\\/uploads\\\/2024\\\/04\\\/flyer-nodos-solidarios-fornt.jpg\",\"articleSection\":[\"Noticias\"],\"inLanguage\":\"es-AR\"},{\"@type\":\"WebPage\",\"@id\":\"https:\\\/\\\/www.fcejs.unsl.edu.ar\\\/index.php\\\/se-pondra-marcha-el-nodo-solidario-de-abastecimiento-y-se-inicia-asi-un-amplio-proyecto-de-economia-regional\\\/\",\"url\":\"https:\\\/\\\/www.fcejs.unsl.edu.ar\\\/index.php\\\/se-pondra-marcha-el-nodo-solidario-de-abastecimiento-y-se-inicia-asi-un-amplio-proyecto-de-economia-regional\\\/\",\"name\":\"Se pondra marcha el Nodo Solidario de Abastecimiento - Facultad de Ciencias Econ\u00f3micas, Jur\u00ed\u00addicas y Sociales\",\"isPartOf\":{\"@id\":\"https:\\\/\\\/www.fcejs.unsl.edu.ar\\\/#website\"},\"primaryImageOfPage\":{\"@id\":\"https:\\\/\\\/www.fcejs.unsl.edu.ar\\\/index.php\\\/se-pondra-marcha-el-nodo-solidario-de-abastecimiento-y-se-inicia-asi-un-amplio-proyecto-de-economia-regional\\\/#primaryimage\"},\"image\":{\"@id\":\"https:\\\/\\\/www.fcejs.unsl.edu.ar\\\/index.php\\\/se-pondra-marcha-el-nodo-solidario-de-abastecimiento-y-se-inicia-asi-un-amplio-proyecto-de-economia-regional\\\/#primaryimage\"},\"thumbnailUrl\":\"https:\\\/\\\/www.fcejs.unsl.edu.ar\\\/wp-content\\\/uploads\\\/2024\\\/04\\\/flyer-nodos-solidarios-fornt.jpg\",\"datePublished\":\"2024-04-05T14:39:16+00:00\",\"dateModified\":\"2024-04-11T15:18:43+00:00\",\"breadcrumb\":{\"@id\":\"https:\\\/\\\/www.fcejs.unsl.edu.ar\\\/index.php\\\/se-pondra-marcha-el-nodo-solidario-de-abastecimiento-y-se-inicia-asi-un-amplio-proyecto-de-economia-regional\\\/#breadcrumb\"},\"inLanguage\":\"es-AR\",\"potentialAction\":[{\"@type\":\"ReadAction\",\"target\":[\"https:\\\/\\\/www.fcejs.unsl.edu.ar\\\/index.php\\\/se-pondra-marcha-el-nodo-solidario-de-abastecimiento-y-se-inicia-asi-un-amplio-proyecto-de-economia-regional\\\/\"]}]},{\"@type\":\"ImageObject\",\"inLanguage\":\"es-AR\",\"@id\":\"https:\\\/\\\/www.fcejs.unsl.edu.ar\\\/index.php\\\/se-pondra-marcha-el-nodo-solidario-de-abastecimiento-y-se-inicia-asi-un-amplio-proyecto-de-economia-regional\\\/#primaryimage\",\"url\":\"https:\\\/\\\/www.fcejs.unsl.edu.ar\\\/wp-content\\\/uploads\\\/2024\\\/04\\\/flyer-nodos-solidarios-fornt.jpg\",\"contentUrl\":\"https:\\\/\\\/www.fcejs.unsl.edu.ar\\\/wp-content\\\/uploads\\\/2024\\\/04\\\/flyer-nodos-solidarios-fornt.jpg\",\"width\":1061,\"height\":585},{\"@type\":\"BreadcrumbList\",\"@id\":\"https:\\\/\\\/www.fcejs.unsl.edu.ar\\\/index.php\\\/se-pondra-marcha-el-nodo-solidario-de-abastecimiento-y-se-inicia-asi-un-amplio-proyecto-de-economia-regional\\\/#breadcrumb\",\"itemListElement\":[{\"@type\":\"ListItem\",\"position\":1,\"name\":\"Inicio\",\"item\":\"https:\\\/\\\/www.fcejs.unsl.edu.ar\\\/\"},{\"@type\":\"ListItem\",\"position\":2,\"name\":\"Se pondra marcha el Nodo Solidario de Abastecimiento\"}]},{\"@type\":\"WebSite\",\"@id\":\"https:\\\/\\\/www.fcejs.unsl.edu.ar\\\/#website\",\"url\":\"https:\\\/\\\/www.fcejs.unsl.edu.ar\\\/\",\"name\":\"Facultad de Ciencias Econ\u00f3micas, Jur\u00ed\u00addicas y Sociales\",\"description\":\"\",\"publisher\":{\"@id\":\"https:\\\/\\\/www.fcejs.unsl.edu.ar\\\/#organization\"},\"potentialAction\":[{\"@type\":\"SearchAction\",\"target\":{\"@type\":\"EntryPoint\",\"urlTemplate\":\"https:\\\/\\\/www.fcejs.unsl.edu.ar\\\/?s={search_term_string}\"},\"query-input\":{\"@type\":\"PropertyValueSpecification\",\"valueRequired\":true,\"valueName\":\"search_term_string\"}}],\"inLanguage\":\"es-AR\"},{\"@type\":\"Organization\",\"@id\":\"https:\\\/\\\/www.fcejs.unsl.edu.ar\\\/#organization\",\"name\":\"Facultad de Ciencias Econ\u00f3micas, Jur\u00eddicas y Sociales\",\"url\":\"https:\\\/\\\/www.fcejs.unsl.edu.ar\\\/\",\"logo\":{\"@type\":\"ImageObject\",\"inLanguage\":\"es-AR\",\"@id\":\"https:\\\/\\\/www.fcejs.unsl.edu.ar\\\/#\\\/schema\\\/logo\\\/image\\\/\",\"url\":\"https:\\\/\\\/www.fcejs.unsl.edu.ar\\\/wp-content\\\/uploads\\\/2021\\\/03\\\/logo-1.jpg\",\"contentUrl\":\"https:\\\/\\\/www.fcejs.unsl.edu.ar\\\/wp-content\\\/uploads\\\/2021\\\/03\\\/logo-1.jpg\",\"width\":471,\"height\":146,\"caption\":\"Facultad de Ciencias Econ\u00f3micas, Jur\u00eddicas y Sociales\"},\"image\":{\"@id\":\"https:\\\/\\\/www.fcejs.unsl.edu.ar\\\/#\\\/schema\\\/logo\\\/image\\\/\"},\"sameAs\":[\"https:\\\/\\\/www.facebook.com\\\/FCEJS.UNSL\\\/\",\"https:\\\/\\\/x.com\\\/FCEJSUNSL\",\"https:\\\/\\\/www.instagram.com\\\/fcejs.unsl\\\/\",\"https:\\\/\\\/www.youtube.com\\\/channel\\\/UCH-Ut6EaN_X5ogjIQMPe46g\\\/\"]},{\"@type\":\"Person\",\"@id\":\"https:\\\/\\\/www.fcejs.unsl.edu.ar\\\/#\\\/schema\\\/person\\\/352ee6ed90c3f394c7cb5945f8956d34\",\"name\":\"DATI\"}]}<\/script>\n<!-- \/ Yoast SEO plugin. -->","yoast_head_json":{"title":"Se pondra marcha el Nodo Solidario de Abastecimiento - Facultad de Ciencias Econ\u00f3micas, Jur\u00ed\u00addicas y Sociales","robots":{"index":"index","follow":"follow","max-snippet":"max-snippet:-1","max-image-preview":"max-image-preview:large","max-video-preview":"max-video-preview:-1"},"canonical":"https:\/\/www.fcejs.unsl.edu.ar\/index.php\/se-pondra-marcha-el-nodo-solidario-de-abastecimiento-y-se-inicia-asi-un-amplio-proyecto-de-economia-regional\/","og_locale":"es_ES","og_type":"article","og_title":"Se pondra marcha el Nodo Solidario de Abastecimiento - Facultad de Ciencias Econ\u00f3micas, Jur\u00ed\u00addicas y Sociales","og_description":"El pr\u00f3ximo viernes 12 de abril, a las 10, el Centro Universitario Villa Mercedes de la UNSL, entregar\u00e1 un m\u00f3dulo de expendio a la Cooperativa&hellip;","og_url":"https:\/\/www.fcejs.unsl.edu.ar\/index.php\/se-pondra-marcha-el-nodo-solidario-de-abastecimiento-y-se-inicia-asi-un-amplio-proyecto-de-economia-regional\/","og_site_name":"Facultad de Ciencias Econ\u00f3micas, Jur\u00ed\u00addicas y Sociales","article_publisher":"https:\/\/www.facebook.com\/FCEJS.UNSL\/","article_published_time":"2024-04-05T14:39:16+00:00","article_modified_time":"2024-04-11T15:18:43+00:00","og_image":[{"width":1061,"height":585,"url":"https:\/\/www.fcejs.unsl.edu.ar\/wp-content\/uploads\/2024\/04\/flyer-nodos-solidarios-fornt.jpg","type":"image\/jpeg"}],"author":"DATI","twitter_card":"summary_large_image","twitter_creator":"@FCEJSUNSL","twitter_site":"@FCEJSUNSL","twitter_misc":{"Escrito por":"DATI","Tiempo de lectura":"2 minutos"},"schema":{"@context":"https:\/\/schema.org","@graph":[{"@type":"Article","@id":"https:\/\/www.fcejs.unsl.edu.ar\/index.php\/se-pondra-marcha-el-nodo-solidario-de-abastecimiento-y-se-inicia-asi-un-amplio-proyecto-de-economia-regional\/#article","isPartOf":{"@id":"https:\/\/www.fcejs.unsl.edu.ar\/index.php\/se-pondra-marcha-el-nodo-solidario-de-abastecimiento-y-se-inicia-asi-un-amplio-proyecto-de-economia-regional\/"},"author":{"name":"DATI","@id":"https:\/\/www.fcejs.unsl.edu.ar\/#\/schema\/person\/352ee6ed90c3f394c7cb5945f8956d34"},"headline":"Se pondra marcha el Nodo Solidario de Abastecimiento","datePublished":"2024-04-05T14:39:16+00:00","dateModified":"2024-04-11T15:18:43+00:00","mainEntityOfPage":{"@id":"https:\/\/www.fcejs.unsl.edu.ar\/index.php\/se-pondra-marcha-el-nodo-solidario-de-abastecimiento-y-se-inicia-asi-un-amplio-proyecto-de-economia-regional\/"},"wordCount":270,"publisher":{"@id":"https:\/\/www.fcejs.unsl.edu.ar\/#organization"},"image":{"@id":"https:\/\/www.fcejs.unsl.edu.ar\/index.php\/se-pondra-marcha-el-nodo-solidario-de-abastecimiento-y-se-inicia-asi-un-amplio-proyecto-de-economia-regional\/#primaryimage"},"thumbnailUrl":"https:\/\/www.fcejs.unsl.edu.ar\/wp-content\/uploads\/2024\/04\/flyer-nodos-solidarios-fornt.jpg","articleSection":["Noticias"],"inLanguage":"es-AR"},{"@type":"WebPage","@id":"https:\/\/www.fcejs.unsl.edu.ar\/index.php\/se-pondra-marcha-el-nodo-solidario-de-abastecimiento-y-se-inicia-asi-un-amplio-proyecto-de-economia-regional\/","url":"https:\/\/www.fcejs.unsl.edu.ar\/index.php\/se-pondra-marcha-el-nodo-solidario-de-abastecimiento-y-se-inicia-asi-un-amplio-proyecto-de-economia-regional\/","name":"Se pondra marcha el Nodo Solidario de Abastecimiento - Facultad de Ciencias Econ\u00f3micas, Jur\u00ed\u00addicas y Sociales","isPartOf":{"@id":"https:\/\/www.fcejs.unsl.edu.ar\/#website"},"primaryImageOfPage":{"@id":"https:\/\/www.fcejs.unsl.edu.ar\/index.php\/se-pondra-marcha-el-nodo-solidario-de-abastecimiento-y-se-inicia-asi-un-amplio-proyecto-de-economia-regional\/#primaryimage"},"image":{"@id":"https:\/\/www.fcejs.unsl.edu.ar\/index.php\/se-pondra-marcha-el-nodo-solidario-de-abastecimiento-y-se-inicia-asi-un-amplio-proyecto-de-economia-regional\/#primaryimage"},"thumbnailUrl":"https:\/\/www.fcejs.unsl.edu.ar\/wp-content\/uploads\/2024\/04\/flyer-nodos-solidarios-fornt.jpg","datePublished":"2024-04-05T14:39:16+00:00","dateModified":"2024-04-11T15:18:43+00:00","breadcrumb":{"@id":"https:\/\/www.fcejs.unsl.edu.ar\/index.php\/se-pondra-marcha-el-nodo-solidario-de-abastecimiento-y-se-inicia-asi-un-amplio-proyecto-de-economia-regional\/#breadcrumb"},"inLanguage":"es-AR","potentialAction":[{"@type":"ReadAction","target":["https:\/\/www.fcejs.unsl.edu.ar\/index.php\/se-pondra-marcha-el-nodo-solidario-de-abastecimiento-y-se-inicia-asi-un-amplio-proyecto-de-economia-regional\/"]}]},{"@type":"ImageObject","inLanguage":"es-AR","@id":"https:\/\/www.fcejs.unsl.edu.ar\/index.php\/se-pondra-marcha-el-nodo-solidario-de-abastecimiento-y-se-inicia-asi-un-amplio-proyecto-de-economia-regional\/#primaryimage","url":"https:\/\/www.fcejs.unsl.edu.ar\/wp-content\/uploads\/2024\/04\/flyer-nodos-solidarios-fornt.jpg","contentUrl":"https:\/\/www.fcejs.unsl.edu.ar\/wp-content\/uploads\/2024\/04\/flyer-nodos-solidarios-fornt.jpg","width":1061,"height":585},{"@type":"BreadcrumbList","@id":"https:\/\/www.fcejs.unsl.edu.ar\/index.php\/se-pondra-marcha-el-nodo-solidario-de-abastecimiento-y-se-inicia-asi-un-amplio-proyecto-de-economia-regional\/#breadcrumb","itemListElement":[{"@type":"ListItem","position":1,"name":"Inicio","item":"https:\/\/www.fcejs.unsl.edu.ar\/"},{"@type":"ListItem","position":2,"name":"Se pondra marcha el Nodo Solidario de Abastecimiento"}]},{"@type":"WebSite","@id":"https:\/\/www.fcejs.unsl.edu.ar\/#website","url":"https:\/\/www.fcejs.unsl.edu.ar\/","name":"Facultad de Ciencias Econ\u00f3micas, Jur\u00ed\u00addicas y Sociales","description":"","publisher":{"@id":"https:\/\/www.fcejs.unsl.edu.ar\/#organization"},"potentialAction":[{"@type":"SearchAction","target":{"@type":"EntryPoint","urlTemplate":"https:\/\/www.fcejs.unsl.edu.ar\/?s={search_term_string}"},"query-input":{"@type":"PropertyValueSpecification","valueRequired":true,"valueName":"search_term_string"}}],"inLanguage":"es-AR"},{"@type":"Organization","@id":"https:\/\/www.fcejs.unsl.edu.ar\/#organization","name":"Facultad de Ciencias Econ\u00f3micas, Jur\u00eddicas y Sociales","url":"https:\/\/www.fcejs.unsl.edu.ar\/","logo":{"@type":"ImageObject","inLanguage":"es-AR","@id":"https:\/\/www.fcejs.unsl.edu.ar\/#\/schema\/logo\/image\/","url":"https:\/\/www.fcejs.unsl.edu.ar\/wp-content\/uploads\/2021\/03\/logo-1.jpg","contentUrl":"https:\/\/www.fcejs.unsl.edu.ar\/wp-content\/uploads\/2021\/03\/logo-1.jpg","width":471,"height":146,"caption":"Facultad de Ciencias Econ\u00f3micas, Jur\u00eddicas y Sociales"},"image":{"@id":"https:\/\/www.fcejs.unsl.edu.ar\/#\/schema\/logo\/image\/"},"sameAs":["https:\/\/www.facebook.com\/FCEJS.UNSL\/","https:\/\/x.com\/FCEJSUNSL","https:\/\/www.instagram.com\/fcejs.unsl\/","https:\/\/www.youtube.com\/channel\/UCH-Ut6EaN_X5ogjIQMPe46g\/"]},{"@type":"Person","@id":"https:\/\/www.fcejs.unsl.edu.ar\/#\/schema\/person\/352ee6ed90c3f394c7cb5945f8956d34","name":"DATI"}]}},"jetpack_featured_media_url":"https:\/\/www.fcejs.unsl.edu.ar\/wp-content\/uploads\/2024\/04\/flyer-nodos-solidarios-fornt.jpg","_links":{"self":[{"href":"https:\/\/www.fcejs.unsl.edu.ar\/index.php\/wp-json\/wp\/v2\/posts\/16181","targetHints":{"allow":["GET"]}}],"collection":[{"href":"https:\/\/www.fcejs.unsl.edu.ar\/index.php\/wp-json\/wp\/v2\/posts"}],"about":[{"href":"https:\/\/www.fcejs.unsl.edu.ar\/index.php\/wp-json\/wp\/v2\/types\/post"}],"author":[{"embeddable":true,"href":"https:\/\/www.fcejs.unsl.edu.ar\/index.php\/wp-json\/wp\/v2\/users\/9"}],"replies":[{"embeddable":true,"href":"https:\/\/www.fcejs.unsl.edu.ar\/index.php\/wp-json\/wp\/v2\/comments?post=16181"}],"version-history":[{"count":5,"href":"https:\/\/www.fcejs.unsl.edu.ar\/index.php\/wp-json\/wp\/v2\/posts\/16181\/revisions"}],"predecessor-version":[{"id":16188,"href":"https:\/\/www.fcejs.unsl.edu.ar\/index.php\/wp-json\/wp\/v2\/posts\/16181\/revisions\/16188"}],"wp:featuredmedia":[{"embeddable":true,"href":"https:\/\/www.fcejs.unsl.edu.ar\/index.php\/wp-json\/wp\/v2\/media\/16182"}],"wp:attachment":[{"href":"https:\/\/www.fcejs.unsl.edu.ar\/index.php\/wp-json\/wp\/v2\/media?parent=16181"}],"wp:term":[{"taxonomy":"category","embeddable":true,"href":"https:\/\/www.fcejs.unsl.edu.ar\/index.php\/wp-json\/wp\/v2\/categories?post=16181"},{"taxonomy":"post_tag","embeddable":true,"href":"https:\/\/www.fcejs.unsl.edu.ar\/index.php\/wp-json\/wp\/v2\/tags?post=16181"}],"curies":[{"name":"wp","href":"https:\/\/api.w.org\/{rel}","templated":true}]}}