{"id":16125,"date":"2024-04-10T14:48:40","date_gmt":"2024-04-10T17:48:40","guid":{"rendered":"http:\/\/10.101.10.197\/www\/?p=16125"},"modified":"2024-04-16T11:36:52","modified_gmt":"2024-04-16T14:36:52","slug":"encuentro-entre-la-fcejs-y-la-unvime-extension-investigacion-y-posgrado-tres-grandes-ejes-para-trabajar-juntos","status":"publish","type":"post","link":"https:\/\/www.fcejs.unsl.edu.ar\/index.php\/encuentro-entre-la-fcejs-y-la-unvime-extension-investigacion-y-posgrado-tres-grandes-ejes-para-trabajar-juntos\/","title":{"rendered":"Encuentro entre la FCEJS y la UNViMe: Extensi\u00f3n, Investigaci\u00f3n y Posgrado, tres grandes ejes para trabajar juntos"},"content":{"rendered":"<p>El vicerrector de la UNSL, H\u00e9ctor Flores, destac\u00f3 que la reuni\u00f3n mantenida con al rector de la Universidad Nacional de Villa Mercedes, Marcelo Sosa, sirvi\u00f3 para iniciar un recorrido juntos en base a tres grandes ejes: Extensi\u00f3n, Investigaci\u00f3n y Posgrado.<\/p>\n<p>El martes 26 de marzo pasado, tanto Flores como Sosa, quien asisti\u00f3 acompa\u00f1ado por el vicerrector de la UNVIME, Santiago Farenga; junto con la decana de la Facultad de Ciencias Econ\u00f3micas, Jur\u00eddicas y Sociales, Roxanna Camiletti, y Secretarios\/as de ambas instituciones, mantuvieron un encuentro \u201cmuy productivo\u201d seg\u00fan lo valor\u00f3 \u00a0el vicerrector de la UNSL, porque \u201cse comenzaron a definir los grandes temas sobre los cuales vamos a trabajar durante el a\u00f1o\u201d.<\/p>\n<p><img fetchpriority=\"high\" decoding=\"async\" class=\"aligncenter wp-image-16127 size-full\" src=\"https:\/\/www.fcejs.unsl.edu.ar\/wp-content\/uploads\/2024\/03\/todos.jpeg\" alt=\"\" width=\"1600\" height=\"1200\" srcset=\"https:\/\/www.fcejs.unsl.edu.ar\/wp-content\/uploads\/2024\/03\/todos.jpeg 1600w, https:\/\/www.fcejs.unsl.edu.ar\/wp-content\/uploads\/2024\/03\/todos-300x225.jpeg 300w, https:\/\/www.fcejs.unsl.edu.ar\/wp-content\/uploads\/2024\/03\/todos-1024x768.jpeg 1024w, https:\/\/www.fcejs.unsl.edu.ar\/wp-content\/uploads\/2024\/03\/todos-768x576.jpeg 768w, https:\/\/www.fcejs.unsl.edu.ar\/wp-content\/uploads\/2024\/03\/todos-1536x1152.jpeg 1536w\" sizes=\"(max-width: 1600px) 100vw, 1600px\" \/><\/p>\n<p>&nbsp;<\/p>\n<p>\u201cFue fundamentalmente dialogar y coincidir en la importancia para ambas instituciones de trabajar juntas en ejes fundamentales, pero tambi\u00e9n para resolver de una mejor manera las problem\u00e1ticas que se est\u00e1n presentando. Creo que de esta forma, unidas, las instituciones se potencian y pueden lograr mejores resultados\u201d, se\u00f1al\u00f3 Flores.<\/p>\n<p>En el encuentro se decidi\u00f3 comenzar a definir l\u00edneas de acci\u00f3n, elaborar actas y convenios para poner en marcha los proyectos que ya est\u00e1n en la agenda de trabajo. \u201cCuestiones que las vamos a delimitar en la pr\u00f3xima reuni\u00f3n que se realizar\u00e1 el 5 de abril\u201d, anticip\u00f3.<\/p>\n<p><img decoding=\"async\" class=\"alignnone wp-image-16128 aligncenter\" src=\"https:\/\/www.fcejs.unsl.edu.ar\/wp-content\/uploads\/2024\/03\/2-300x225.jpeg\" alt=\"\" width=\"956\" height=\"717\" srcset=\"https:\/\/www.fcejs.unsl.edu.ar\/wp-content\/uploads\/2024\/03\/2-300x225.jpeg 300w, https:\/\/www.fcejs.unsl.edu.ar\/wp-content\/uploads\/2024\/03\/2-1024x768.jpeg 1024w, https:\/\/www.fcejs.unsl.edu.ar\/wp-content\/uploads\/2024\/03\/2-768x576.jpeg 768w, https:\/\/www.fcejs.unsl.edu.ar\/wp-content\/uploads\/2024\/03\/2.jpeg 1280w\" sizes=\"(max-width: 956px) 100vw, 956px\" \/><\/p>\n<p><strong>Nota: Jos\u00e9 Luis Baigorria \u2013 Radio UNSL Villa Mercedes<\/strong><\/p>\n","protected":false},"excerpt":{"rendered":"<p>El vicerrector de la UNSL, H\u00e9ctor Flores, destac\u00f3 que la reuni\u00f3n mantenida con al rector de la Universidad Nacional de Villa Mercedes, Marcelo Sosa, sirvi\u00f3&hellip;<\/p>\n","protected":false},"author":9,"featured_media":16126,"comment_status":"closed","ping_status":"closed","sticky":false,"template":"","format":"standard","meta":{"om_disable_all_campaigns":false,"_monsterinsights_skip_tracking":false,"_monsterinsights_sitenote_active":false,"_monsterinsights_sitenote_note":"","_monsterinsights_sitenote_category":0,"footnotes":""},"categories":[1],"tags":[],"class_list":["post-16125","post","type-post","status-publish","format-standard","has-post-thumbnail","hentry","category-noticias"],"yoast_head":"<!-- This site is optimized with the Yoast SEO plugin v27.5 - https:\/\/yoast.com\/product\/yoast-seo-wordpress\/ -->\n<title>Encuentro entre la FCEJS y la UNViMe: Extensi\u00f3n, Investigaci\u00f3n y Posgrado, tres grandes ejes para trabajar juntos - Facultad de Ciencias Econ\u00f3micas, Jur\u00ed\u00addicas y Sociales<\/title>\n<meta name=\"robots\" content=\"index, follow, max-snippet:-1, max-image-preview:large, max-video-preview:-1\" \/>\n<link rel=\"canonical\" href=\"https:\/\/www.fcejs.unsl.edu.ar\/index.php\/encuentro-entre-la-fcejs-y-la-unvime-extension-investigacion-y-posgrado-tres-grandes-ejes-para-trabajar-juntos\/\" \/>\n<meta property=\"og:locale\" content=\"es_ES\" \/>\n<meta property=\"og:type\" content=\"article\" \/>\n<meta property=\"og:title\" content=\"Encuentro entre la FCEJS y la UNViMe: Extensi\u00f3n, Investigaci\u00f3n y Posgrado, tres grandes ejes para trabajar juntos - Facultad de Ciencias Econ\u00f3micas, Jur\u00ed\u00addicas y Sociales\" \/>\n<meta property=\"og:description\" content=\"El vicerrector de la UNSL, H\u00e9ctor Flores, destac\u00f3 que la reuni\u00f3n mantenida con al rector de la Universidad Nacional de Villa Mercedes, Marcelo Sosa, sirvi\u00f3&hellip;\" \/>\n<meta property=\"og:url\" content=\"https:\/\/www.fcejs.unsl.edu.ar\/index.php\/encuentro-entre-la-fcejs-y-la-unvime-extension-investigacion-y-posgrado-tres-grandes-ejes-para-trabajar-juntos\/\" \/>\n<meta property=\"og:site_name\" content=\"Facultad de Ciencias Econ\u00f3micas, Jur\u00ed\u00addicas y Sociales\" \/>\n<meta property=\"article:publisher\" content=\"https:\/\/www.facebook.com\/FCEJS.UNSL\/\" \/>\n<meta property=\"article:published_time\" content=\"2024-04-10T17:48:40+00:00\" \/>\n<meta property=\"article:modified_time\" content=\"2024-04-16T14:36:52+00:00\" \/>\n<meta property=\"og:image\" content=\"https:\/\/www.fcejs.unsl.edu.ar\/wp-content\/uploads\/2024\/03\/destacada.jpeg\" \/>\n\t<meta property=\"og:image:width\" content=\"1280\" \/>\n\t<meta property=\"og:image:height\" content=\"960\" \/>\n\t<meta property=\"og:image:type\" content=\"image\/jpeg\" \/>\n<meta name=\"author\" content=\"DATI\" \/>\n<meta name=\"twitter:card\" content=\"summary_large_image\" \/>\n<meta name=\"twitter:creator\" content=\"@FCEJSUNSL\" \/>\n<meta name=\"twitter:site\" content=\"@FCEJSUNSL\" \/>\n<meta name=\"twitter:label1\" content=\"Escrito por\" \/>\n\t<meta name=\"twitter:data1\" content=\"DATI\" \/>\n\t<meta name=\"twitter:label2\" content=\"Tiempo de lectura\" \/>\n\t<meta name=\"twitter:data2\" content=\"2 minutos\" \/>\n<script type=\"application\/ld+json\" class=\"yoast-schema-graph\">{\"@context\":\"https:\\\/\\\/schema.org\",\"@graph\":[{\"@type\":\"Article\",\"@id\":\"https:\\\/\\\/www.fcejs.unsl.edu.ar\\\/index.php\\\/encuentro-entre-la-fcejs-y-la-unvime-extension-investigacion-y-posgrado-tres-grandes-ejes-para-trabajar-juntos\\\/#article\",\"isPartOf\":{\"@id\":\"https:\\\/\\\/www.fcejs.unsl.edu.ar\\\/index.php\\\/encuentro-entre-la-fcejs-y-la-unvime-extension-investigacion-y-posgrado-tres-grandes-ejes-para-trabajar-juntos\\\/\"},\"author\":{\"name\":\"DATI\",\"@id\":\"https:\\\/\\\/www.fcejs.unsl.edu.ar\\\/#\\\/schema\\\/person\\\/352ee6ed90c3f394c7cb5945f8956d34\"},\"headline\":\"Encuentro entre la FCEJS y la UNViMe: Extensi\u00f3n, Investigaci\u00f3n y Posgrado, tres grandes ejes para trabajar juntos\",\"datePublished\":\"2024-04-10T17:48:40+00:00\",\"dateModified\":\"2024-04-16T14:36:52+00:00\",\"mainEntityOfPage\":{\"@id\":\"https:\\\/\\\/www.fcejs.unsl.edu.ar\\\/index.php\\\/encuentro-entre-la-fcejs-y-la-unvime-extension-investigacion-y-posgrado-tres-grandes-ejes-para-trabajar-juntos\\\/\"},\"wordCount\":251,\"publisher\":{\"@id\":\"https:\\\/\\\/www.fcejs.unsl.edu.ar\\\/#organization\"},\"image\":{\"@id\":\"https:\\\/\\\/www.fcejs.unsl.edu.ar\\\/index.php\\\/encuentro-entre-la-fcejs-y-la-unvime-extension-investigacion-y-posgrado-tres-grandes-ejes-para-trabajar-juntos\\\/#primaryimage\"},\"thumbnailUrl\":\"https:\\\/\\\/www.fcejs.unsl.edu.ar\\\/wp-content\\\/uploads\\\/2024\\\/03\\\/destacada.jpeg\",\"articleSection\":[\"Noticias\"],\"inLanguage\":\"es-AR\"},{\"@type\":\"WebPage\",\"@id\":\"https:\\\/\\\/www.fcejs.unsl.edu.ar\\\/index.php\\\/encuentro-entre-la-fcejs-y-la-unvime-extension-investigacion-y-posgrado-tres-grandes-ejes-para-trabajar-juntos\\\/\",\"url\":\"https:\\\/\\\/www.fcejs.unsl.edu.ar\\\/index.php\\\/encuentro-entre-la-fcejs-y-la-unvime-extension-investigacion-y-posgrado-tres-grandes-ejes-para-trabajar-juntos\\\/\",\"name\":\"Encuentro entre la FCEJS y la UNViMe: Extensi\u00f3n, Investigaci\u00f3n y Posgrado, tres grandes ejes para trabajar juntos - Facultad de Ciencias Econ\u00f3micas, Jur\u00ed\u00addicas y Sociales\",\"isPartOf\":{\"@id\":\"https:\\\/\\\/www.fcejs.unsl.edu.ar\\\/#website\"},\"primaryImageOfPage\":{\"@id\":\"https:\\\/\\\/www.fcejs.unsl.edu.ar\\\/index.php\\\/encuentro-entre-la-fcejs-y-la-unvime-extension-investigacion-y-posgrado-tres-grandes-ejes-para-trabajar-juntos\\\/#primaryimage\"},\"image\":{\"@id\":\"https:\\\/\\\/www.fcejs.unsl.edu.ar\\\/index.php\\\/encuentro-entre-la-fcejs-y-la-unvime-extension-investigacion-y-posgrado-tres-grandes-ejes-para-trabajar-juntos\\\/#primaryimage\"},\"thumbnailUrl\":\"https:\\\/\\\/www.fcejs.unsl.edu.ar\\\/wp-content\\\/uploads\\\/2024\\\/03\\\/destacada.jpeg\",\"datePublished\":\"2024-04-10T17:48:40+00:00\",\"dateModified\":\"2024-04-16T14:36:52+00:00\",\"breadcrumb\":{\"@id\":\"https:\\\/\\\/www.fcejs.unsl.edu.ar\\\/index.php\\\/encuentro-entre-la-fcejs-y-la-unvime-extension-investigacion-y-posgrado-tres-grandes-ejes-para-trabajar-juntos\\\/#breadcrumb\"},\"inLanguage\":\"es-AR\",\"potentialAction\":[{\"@type\":\"ReadAction\",\"target\":[\"https:\\\/\\\/www.fcejs.unsl.edu.ar\\\/index.php\\\/encuentro-entre-la-fcejs-y-la-unvime-extension-investigacion-y-posgrado-tres-grandes-ejes-para-trabajar-juntos\\\/\"]}]},{\"@type\":\"ImageObject\",\"inLanguage\":\"es-AR\",\"@id\":\"https:\\\/\\\/www.fcejs.unsl.edu.ar\\\/index.php\\\/encuentro-entre-la-fcejs-y-la-unvime-extension-investigacion-y-posgrado-tres-grandes-ejes-para-trabajar-juntos\\\/#primaryimage\",\"url\":\"https:\\\/\\\/www.fcejs.unsl.edu.ar\\\/wp-content\\\/uploads\\\/2024\\\/03\\\/destacada.jpeg\",\"contentUrl\":\"https:\\\/\\\/www.fcejs.unsl.edu.ar\\\/wp-content\\\/uploads\\\/2024\\\/03\\\/destacada.jpeg\",\"width\":1280,\"height\":960},{\"@type\":\"BreadcrumbList\",\"@id\":\"https:\\\/\\\/www.fcejs.unsl.edu.ar\\\/index.php\\\/encuentro-entre-la-fcejs-y-la-unvime-extension-investigacion-y-posgrado-tres-grandes-ejes-para-trabajar-juntos\\\/#breadcrumb\",\"itemListElement\":[{\"@type\":\"ListItem\",\"position\":1,\"name\":\"Inicio\",\"item\":\"https:\\\/\\\/www.fcejs.unsl.edu.ar\\\/\"},{\"@type\":\"ListItem\",\"position\":2,\"name\":\"Encuentro entre la FCEJS y la UNViMe: Extensi\u00f3n, Investigaci\u00f3n y Posgrado, tres grandes ejes para trabajar juntos\"}]},{\"@type\":\"WebSite\",\"@id\":\"https:\\\/\\\/www.fcejs.unsl.edu.ar\\\/#website\",\"url\":\"https:\\\/\\\/www.fcejs.unsl.edu.ar\\\/\",\"name\":\"Facultad de Ciencias Econ\u00f3micas, Jur\u00ed\u00addicas y Sociales\",\"description\":\"\",\"publisher\":{\"@id\":\"https:\\\/\\\/www.fcejs.unsl.edu.ar\\\/#organization\"},\"potentialAction\":[{\"@type\":\"SearchAction\",\"target\":{\"@type\":\"EntryPoint\",\"urlTemplate\":\"https:\\\/\\\/www.fcejs.unsl.edu.ar\\\/?s={search_term_string}\"},\"query-input\":{\"@type\":\"PropertyValueSpecification\",\"valueRequired\":true,\"valueName\":\"search_term_string\"}}],\"inLanguage\":\"es-AR\"},{\"@type\":\"Organization\",\"@id\":\"https:\\\/\\\/www.fcejs.unsl.edu.ar\\\/#organization\",\"name\":\"Facultad de Ciencias Econ\u00f3micas, Jur\u00eddicas y Sociales\",\"url\":\"https:\\\/\\\/www.fcejs.unsl.edu.ar\\\/\",\"logo\":{\"@type\":\"ImageObject\",\"inLanguage\":\"es-AR\",\"@id\":\"https:\\\/\\\/www.fcejs.unsl.edu.ar\\\/#\\\/schema\\\/logo\\\/image\\\/\",\"url\":\"https:\\\/\\\/www.fcejs.unsl.edu.ar\\\/wp-content\\\/uploads\\\/2021\\\/03\\\/logo-1.jpg\",\"contentUrl\":\"https:\\\/\\\/www.fcejs.unsl.edu.ar\\\/wp-content\\\/uploads\\\/2021\\\/03\\\/logo-1.jpg\",\"width\":471,\"height\":146,\"caption\":\"Facultad de Ciencias Econ\u00f3micas, Jur\u00eddicas y Sociales\"},\"image\":{\"@id\":\"https:\\\/\\\/www.fcejs.unsl.edu.ar\\\/#\\\/schema\\\/logo\\\/image\\\/\"},\"sameAs\":[\"https:\\\/\\\/www.facebook.com\\\/FCEJS.UNSL\\\/\",\"https:\\\/\\\/x.com\\\/FCEJSUNSL\",\"https:\\\/\\\/www.instagram.com\\\/fcejs.unsl\\\/\",\"https:\\\/\\\/www.youtube.com\\\/channel\\\/UCH-Ut6EaN_X5ogjIQMPe46g\\\/\"]},{\"@type\":\"Person\",\"@id\":\"https:\\\/\\\/www.fcejs.unsl.edu.ar\\\/#\\\/schema\\\/person\\\/352ee6ed90c3f394c7cb5945f8956d34\",\"name\":\"DATI\"}]}<\/script>\n<!-- \/ Yoast SEO plugin. -->","yoast_head_json":{"title":"Encuentro entre la FCEJS y la UNViMe: Extensi\u00f3n, Investigaci\u00f3n y Posgrado, tres grandes ejes para trabajar juntos - Facultad de Ciencias Econ\u00f3micas, Jur\u00ed\u00addicas y Sociales","robots":{"index":"index","follow":"follow","max-snippet":"max-snippet:-1","max-image-preview":"max-image-preview:large","max-video-preview":"max-video-preview:-1"},"canonical":"https:\/\/www.fcejs.unsl.edu.ar\/index.php\/encuentro-entre-la-fcejs-y-la-unvime-extension-investigacion-y-posgrado-tres-grandes-ejes-para-trabajar-juntos\/","og_locale":"es_ES","og_type":"article","og_title":"Encuentro entre la FCEJS y la UNViMe: Extensi\u00f3n, Investigaci\u00f3n y Posgrado, tres grandes ejes para trabajar juntos - Facultad de Ciencias Econ\u00f3micas, Jur\u00ed\u00addicas y Sociales","og_description":"El vicerrector de la UNSL, H\u00e9ctor Flores, destac\u00f3 que la reuni\u00f3n mantenida con al rector de la Universidad Nacional de Villa Mercedes, Marcelo Sosa, sirvi\u00f3&hellip;","og_url":"https:\/\/www.fcejs.unsl.edu.ar\/index.php\/encuentro-entre-la-fcejs-y-la-unvime-extension-investigacion-y-posgrado-tres-grandes-ejes-para-trabajar-juntos\/","og_site_name":"Facultad de Ciencias Econ\u00f3micas, Jur\u00ed\u00addicas y Sociales","article_publisher":"https:\/\/www.facebook.com\/FCEJS.UNSL\/","article_published_time":"2024-04-10T17:48:40+00:00","article_modified_time":"2024-04-16T14:36:52+00:00","og_image":[{"width":1280,"height":960,"url":"https:\/\/www.fcejs.unsl.edu.ar\/wp-content\/uploads\/2024\/03\/destacada.jpeg","type":"image\/jpeg"}],"author":"DATI","twitter_card":"summary_large_image","twitter_creator":"@FCEJSUNSL","twitter_site":"@FCEJSUNSL","twitter_misc":{"Escrito por":"DATI","Tiempo de lectura":"2 minutos"},"schema":{"@context":"https:\/\/schema.org","@graph":[{"@type":"Article","@id":"https:\/\/www.fcejs.unsl.edu.ar\/index.php\/encuentro-entre-la-fcejs-y-la-unvime-extension-investigacion-y-posgrado-tres-grandes-ejes-para-trabajar-juntos\/#article","isPartOf":{"@id":"https:\/\/www.fcejs.unsl.edu.ar\/index.php\/encuentro-entre-la-fcejs-y-la-unvime-extension-investigacion-y-posgrado-tres-grandes-ejes-para-trabajar-juntos\/"},"author":{"name":"DATI","@id":"https:\/\/www.fcejs.unsl.edu.ar\/#\/schema\/person\/352ee6ed90c3f394c7cb5945f8956d34"},"headline":"Encuentro entre la FCEJS y la UNViMe: Extensi\u00f3n, Investigaci\u00f3n y Posgrado, tres grandes ejes para trabajar juntos","datePublished":"2024-04-10T17:48:40+00:00","dateModified":"2024-04-16T14:36:52+00:00","mainEntityOfPage":{"@id":"https:\/\/www.fcejs.unsl.edu.ar\/index.php\/encuentro-entre-la-fcejs-y-la-unvime-extension-investigacion-y-posgrado-tres-grandes-ejes-para-trabajar-juntos\/"},"wordCount":251,"publisher":{"@id":"https:\/\/www.fcejs.unsl.edu.ar\/#organization"},"image":{"@id":"https:\/\/www.fcejs.unsl.edu.ar\/index.php\/encuentro-entre-la-fcejs-y-la-unvime-extension-investigacion-y-posgrado-tres-grandes-ejes-para-trabajar-juntos\/#primaryimage"},"thumbnailUrl":"https:\/\/www.fcejs.unsl.edu.ar\/wp-content\/uploads\/2024\/03\/destacada.jpeg","articleSection":["Noticias"],"inLanguage":"es-AR"},{"@type":"WebPage","@id":"https:\/\/www.fcejs.unsl.edu.ar\/index.php\/encuentro-entre-la-fcejs-y-la-unvime-extension-investigacion-y-posgrado-tres-grandes-ejes-para-trabajar-juntos\/","url":"https:\/\/www.fcejs.unsl.edu.ar\/index.php\/encuentro-entre-la-fcejs-y-la-unvime-extension-investigacion-y-posgrado-tres-grandes-ejes-para-trabajar-juntos\/","name":"Encuentro entre la FCEJS y la UNViMe: Extensi\u00f3n, Investigaci\u00f3n y Posgrado, tres grandes ejes para trabajar juntos - Facultad de Ciencias Econ\u00f3micas, Jur\u00ed\u00addicas y Sociales","isPartOf":{"@id":"https:\/\/www.fcejs.unsl.edu.ar\/#website"},"primaryImageOfPage":{"@id":"https:\/\/www.fcejs.unsl.edu.ar\/index.php\/encuentro-entre-la-fcejs-y-la-unvime-extension-investigacion-y-posgrado-tres-grandes-ejes-para-trabajar-juntos\/#primaryimage"},"image":{"@id":"https:\/\/www.fcejs.unsl.edu.ar\/index.php\/encuentro-entre-la-fcejs-y-la-unvime-extension-investigacion-y-posgrado-tres-grandes-ejes-para-trabajar-juntos\/#primaryimage"},"thumbnailUrl":"https:\/\/www.fcejs.unsl.edu.ar\/wp-content\/uploads\/2024\/03\/destacada.jpeg","datePublished":"2024-04-10T17:48:40+00:00","dateModified":"2024-04-16T14:36:52+00:00","breadcrumb":{"@id":"https:\/\/www.fcejs.unsl.edu.ar\/index.php\/encuentro-entre-la-fcejs-y-la-unvime-extension-investigacion-y-posgrado-tres-grandes-ejes-para-trabajar-juntos\/#breadcrumb"},"inLanguage":"es-AR","potentialAction":[{"@type":"ReadAction","target":["https:\/\/www.fcejs.unsl.edu.ar\/index.php\/encuentro-entre-la-fcejs-y-la-unvime-extension-investigacion-y-posgrado-tres-grandes-ejes-para-trabajar-juntos\/"]}]},{"@type":"ImageObject","inLanguage":"es-AR","@id":"https:\/\/www.fcejs.unsl.edu.ar\/index.php\/encuentro-entre-la-fcejs-y-la-unvime-extension-investigacion-y-posgrado-tres-grandes-ejes-para-trabajar-juntos\/#primaryimage","url":"https:\/\/www.fcejs.unsl.edu.ar\/wp-content\/uploads\/2024\/03\/destacada.jpeg","contentUrl":"https:\/\/www.fcejs.unsl.edu.ar\/wp-content\/uploads\/2024\/03\/destacada.jpeg","width":1280,"height":960},{"@type":"BreadcrumbList","@id":"https:\/\/www.fcejs.unsl.edu.ar\/index.php\/encuentro-entre-la-fcejs-y-la-unvime-extension-investigacion-y-posgrado-tres-grandes-ejes-para-trabajar-juntos\/#breadcrumb","itemListElement":[{"@type":"ListItem","position":1,"name":"Inicio","item":"https:\/\/www.fcejs.unsl.edu.ar\/"},{"@type":"ListItem","position":2,"name":"Encuentro entre la FCEJS y la UNViMe: Extensi\u00f3n, Investigaci\u00f3n y Posgrado, tres grandes ejes para trabajar juntos"}]},{"@type":"WebSite","@id":"https:\/\/www.fcejs.unsl.edu.ar\/#website","url":"https:\/\/www.fcejs.unsl.edu.ar\/","name":"Facultad de Ciencias Econ\u00f3micas, Jur\u00ed\u00addicas y Sociales","description":"","publisher":{"@id":"https:\/\/www.fcejs.unsl.edu.ar\/#organization"},"potentialAction":[{"@type":"SearchAction","target":{"@type":"EntryPoint","urlTemplate":"https:\/\/www.fcejs.unsl.edu.ar\/?s={search_term_string}"},"query-input":{"@type":"PropertyValueSpecification","valueRequired":true,"valueName":"search_term_string"}}],"inLanguage":"es-AR"},{"@type":"Organization","@id":"https:\/\/www.fcejs.unsl.edu.ar\/#organization","name":"Facultad de Ciencias Econ\u00f3micas, Jur\u00eddicas y Sociales","url":"https:\/\/www.fcejs.unsl.edu.ar\/","logo":{"@type":"ImageObject","inLanguage":"es-AR","@id":"https:\/\/www.fcejs.unsl.edu.ar\/#\/schema\/logo\/image\/","url":"https:\/\/www.fcejs.unsl.edu.ar\/wp-content\/uploads\/2021\/03\/logo-1.jpg","contentUrl":"https:\/\/www.fcejs.unsl.edu.ar\/wp-content\/uploads\/2021\/03\/logo-1.jpg","width":471,"height":146,"caption":"Facultad de Ciencias Econ\u00f3micas, Jur\u00eddicas y Sociales"},"image":{"@id":"https:\/\/www.fcejs.unsl.edu.ar\/#\/schema\/logo\/image\/"},"sameAs":["https:\/\/www.facebook.com\/FCEJS.UNSL\/","https:\/\/x.com\/FCEJSUNSL","https:\/\/www.instagram.com\/fcejs.unsl\/","https:\/\/www.youtube.com\/channel\/UCH-Ut6EaN_X5ogjIQMPe46g\/"]},{"@type":"Person","@id":"https:\/\/www.fcejs.unsl.edu.ar\/#\/schema\/person\/352ee6ed90c3f394c7cb5945f8956d34","name":"DATI"}]}},"jetpack_featured_media_url":"https:\/\/www.fcejs.unsl.edu.ar\/wp-content\/uploads\/2024\/03\/destacada.jpeg","_links":{"self":[{"href":"https:\/\/www.fcejs.unsl.edu.ar\/index.php\/wp-json\/wp\/v2\/posts\/16125","targetHints":{"allow":["GET"]}}],"collection":[{"href":"https:\/\/www.fcejs.unsl.edu.ar\/index.php\/wp-json\/wp\/v2\/posts"}],"about":[{"href":"https:\/\/www.fcejs.unsl.edu.ar\/index.php\/wp-json\/wp\/v2\/types\/post"}],"author":[{"embeddable":true,"href":"https:\/\/www.fcejs.unsl.edu.ar\/index.php\/wp-json\/wp\/v2\/users\/9"}],"replies":[{"embeddable":true,"href":"https:\/\/www.fcejs.unsl.edu.ar\/index.php\/wp-json\/wp\/v2\/comments?post=16125"}],"version-history":[{"count":3,"href":"https:\/\/www.fcejs.unsl.edu.ar\/index.php\/wp-json\/wp\/v2\/posts\/16125\/revisions"}],"predecessor-version":[{"id":16131,"href":"https:\/\/www.fcejs.unsl.edu.ar\/index.php\/wp-json\/wp\/v2\/posts\/16125\/revisions\/16131"}],"wp:featuredmedia":[{"embeddable":true,"href":"https:\/\/www.fcejs.unsl.edu.ar\/index.php\/wp-json\/wp\/v2\/media\/16126"}],"wp:attachment":[{"href":"https:\/\/www.fcejs.unsl.edu.ar\/index.php\/wp-json\/wp\/v2\/media?parent=16125"}],"wp:term":[{"taxonomy":"category","embeddable":true,"href":"https:\/\/www.fcejs.unsl.edu.ar\/index.php\/wp-json\/wp\/v2\/categories?post=16125"},{"taxonomy":"post_tag","embeddable":true,"href":"https:\/\/www.fcejs.unsl.edu.ar\/index.php\/wp-json\/wp\/v2\/tags?post=16125"}],"curies":[{"name":"wp","href":"https:\/\/api.w.org\/{rel}","templated":true}]}}