{"id":15916,"date":"2024-04-15T09:00:02","date_gmt":"2024-04-15T12:00:02","guid":{"rendered":"http:\/\/10.101.10.197\/www\/?p=15916"},"modified":"2024-04-16T11:32:15","modified_gmt":"2024-04-16T14:32:15","slug":"preinscripcion-abierta-para-la-primera-cohorte-de-la-especializacion-en-gestion-para-el-desarrollo","status":"publish","type":"post","link":"https:\/\/www.fcejs.unsl.edu.ar\/index.php\/preinscripcion-abierta-para-la-primera-cohorte-de-la-especializacion-en-gestion-para-el-desarrollo\/","title":{"rendered":"Preinscripci\u00f3n abierta para la Primera Cohorte de la Especializaci\u00f3n en Gesti\u00f3n para el Desarrollo"},"content":{"rendered":"<p>La Secretar\u00eda de Investigaci\u00f3n y Posgrado se complace en informar que, se encuentra abierta la preinscripci\u00f3n para la Primera Cohorte de la Especializaci\u00f3n en Gesti\u00f3n para el Desarrollo Sostenible de la Facultad de Ciencias Econ\u00f3micas, Jur\u00eddicas y Sociales de la Universidad Nacional de San Luis.<\/p>\n<p>La nueva carrera, dirigida por el Dr. Guillermo Catuogno, tiene una duraci\u00f3n de 18 meses. Si bien su modalidad de cursada es presencial ofrece la posibilidad de modalidad sincr\u00f3nica para quienes no son de la ciudad. El inicio propuesto es para fines de ABRIL de 2024.<\/p>\n<p>La Especializaci\u00f3n tiene como finalidad elaborar proyectos para concientizar y colaborar con el cuidado del medioambiente en l\u00ednea con los ODS y est\u00e1 destinada fundamentalmente a profesionales de distintas disciplinas como las ciencias econ\u00f3micas, las sociales, las ingenier\u00edas y de otros \u00e1mbitos que deseen profundizar su formaci\u00f3n en cuatro ejes. Uno social, uno econ\u00f3mico, otro jur\u00eddico y tambi\u00e9n uno tecnol\u00f3gico.<\/p>\n<p>Para realizar la preinscripci\u00f3n, se debe completar el siguiente formulario:<\/p>\n<h3 style=\"text-align: center;\"><span style=\"color: #0000ff;\"><strong><a style=\"color: #0000ff;\" href=\"https:\/\/posgrado.unsl.edu.ar\/?page_id=5487\" target=\"_blank\" rel=\"noopener\">FORMULARIO DE PRE-INSCRIPCI\u00d3N<\/a><\/strong><\/span><\/h3>\n<p>Para mayor informaci\u00f3n sobre costos y calendario previsto contactarse por email a egds@gmail.com\u00a0 investigacionyposgradofcejs@gmail.com<\/p>\n","protected":false},"excerpt":{"rendered":"<p>La Secretar\u00eda de Investigaci\u00f3n y Posgrado se complace en informar que, se encuentra abierta la preinscripci\u00f3n para la Primera Cohorte de la Especializaci\u00f3n en Gesti\u00f3n&hellip;<\/p>\n","protected":false},"author":9,"featured_media":15917,"comment_status":"closed","ping_status":"closed","sticky":false,"template":"","format":"standard","meta":{"om_disable_all_campaigns":false,"_monsterinsights_skip_tracking":false,"_monsterinsights_sitenote_active":false,"_monsterinsights_sitenote_note":"","_monsterinsights_sitenote_category":0,"footnotes":""},"categories":[1],"tags":[],"class_list":["post-15916","post","type-post","status-publish","format-standard","has-post-thumbnail","hentry","category-noticias"],"yoast_head":"<!-- This site is optimized with the Yoast SEO plugin v27.5 - https:\/\/yoast.com\/product\/yoast-seo-wordpress\/ -->\n<title>Preinscripci\u00f3n abierta para la Primera Cohorte de la Especializaci\u00f3n en Gesti\u00f3n para el Desarrollo - Facultad de Ciencias Econ\u00f3micas, Jur\u00ed\u00addicas y Sociales<\/title>\n<meta name=\"robots\" content=\"index, follow, max-snippet:-1, max-image-preview:large, max-video-preview:-1\" \/>\n<link rel=\"canonical\" href=\"https:\/\/www.fcejs.unsl.edu.ar\/index.php\/preinscripcion-abierta-para-la-primera-cohorte-de-la-especializacion-en-gestion-para-el-desarrollo\/\" \/>\n<meta property=\"og:locale\" content=\"es_ES\" \/>\n<meta property=\"og:type\" content=\"article\" \/>\n<meta property=\"og:title\" content=\"Preinscripci\u00f3n abierta para la Primera Cohorte de la Especializaci\u00f3n en Gesti\u00f3n para el Desarrollo - Facultad de Ciencias Econ\u00f3micas, Jur\u00ed\u00addicas y Sociales\" \/>\n<meta property=\"og:description\" content=\"La Secretar\u00eda de Investigaci\u00f3n y Posgrado se complace en informar que, se encuentra abierta la preinscripci\u00f3n para la Primera Cohorte de la Especializaci\u00f3n en Gesti\u00f3n&hellip;\" \/>\n<meta property=\"og:url\" content=\"https:\/\/www.fcejs.unsl.edu.ar\/index.php\/preinscripcion-abierta-para-la-primera-cohorte-de-la-especializacion-en-gestion-para-el-desarrollo\/\" \/>\n<meta property=\"og:site_name\" content=\"Facultad de Ciencias Econ\u00f3micas, Jur\u00ed\u00addicas y Sociales\" \/>\n<meta property=\"article:publisher\" content=\"https:\/\/www.facebook.com\/FCEJS.UNSL\/\" \/>\n<meta property=\"article:published_time\" content=\"2024-04-15T12:00:02+00:00\" \/>\n<meta property=\"article:modified_time\" content=\"2024-04-16T14:32:15+00:00\" \/>\n<meta property=\"og:image\" content=\"https:\/\/www.fcejs.unsl.edu.ar\/wp-content\/uploads\/2024\/03\/ESP-GDS-FLEYR-FRONT-2024.jpg\" \/>\n\t<meta property=\"og:image:width\" content=\"1153\" \/>\n\t<meta property=\"og:image:height\" content=\"646\" \/>\n\t<meta property=\"og:image:type\" content=\"image\/jpeg\" \/>\n<meta name=\"author\" content=\"DATI\" \/>\n<meta name=\"twitter:card\" content=\"summary_large_image\" \/>\n<meta name=\"twitter:creator\" content=\"@FCEJSUNSL\" \/>\n<meta name=\"twitter:site\" content=\"@FCEJSUNSL\" \/>\n<meta name=\"twitter:label1\" content=\"Escrito por\" \/>\n\t<meta name=\"twitter:data1\" content=\"DATI\" \/>\n\t<meta name=\"twitter:label2\" content=\"Tiempo de lectura\" \/>\n\t<meta name=\"twitter:data2\" content=\"2 minutos\" \/>\n<script type=\"application\/ld+json\" class=\"yoast-schema-graph\">{\"@context\":\"https:\\\/\\\/schema.org\",\"@graph\":[{\"@type\":\"Article\",\"@id\":\"https:\\\/\\\/www.fcejs.unsl.edu.ar\\\/index.php\\\/preinscripcion-abierta-para-la-primera-cohorte-de-la-especializacion-en-gestion-para-el-desarrollo\\\/#article\",\"isPartOf\":{\"@id\":\"https:\\\/\\\/www.fcejs.unsl.edu.ar\\\/index.php\\\/preinscripcion-abierta-para-la-primera-cohorte-de-la-especializacion-en-gestion-para-el-desarrollo\\\/\"},\"author\":{\"name\":\"DATI\",\"@id\":\"https:\\\/\\\/www.fcejs.unsl.edu.ar\\\/#\\\/schema\\\/person\\\/352ee6ed90c3f394c7cb5945f8956d34\"},\"headline\":\"Preinscripci\u00f3n abierta para la Primera Cohorte de la Especializaci\u00f3n en Gesti\u00f3n para el Desarrollo\",\"datePublished\":\"2024-04-15T12:00:02+00:00\",\"dateModified\":\"2024-04-16T14:32:15+00:00\",\"mainEntityOfPage\":{\"@id\":\"https:\\\/\\\/www.fcejs.unsl.edu.ar\\\/index.php\\\/preinscripcion-abierta-para-la-primera-cohorte-de-la-especializacion-en-gestion-para-el-desarrollo\\\/\"},\"wordCount\":218,\"publisher\":{\"@id\":\"https:\\\/\\\/www.fcejs.unsl.edu.ar\\\/#organization\"},\"image\":{\"@id\":\"https:\\\/\\\/www.fcejs.unsl.edu.ar\\\/index.php\\\/preinscripcion-abierta-para-la-primera-cohorte-de-la-especializacion-en-gestion-para-el-desarrollo\\\/#primaryimage\"},\"thumbnailUrl\":\"https:\\\/\\\/www.fcejs.unsl.edu.ar\\\/wp-content\\\/uploads\\\/2024\\\/03\\\/ESP-GDS-FLEYR-FRONT-2024.jpg\",\"articleSection\":[\"Noticias\"],\"inLanguage\":\"es-AR\"},{\"@type\":\"WebPage\",\"@id\":\"https:\\\/\\\/www.fcejs.unsl.edu.ar\\\/index.php\\\/preinscripcion-abierta-para-la-primera-cohorte-de-la-especializacion-en-gestion-para-el-desarrollo\\\/\",\"url\":\"https:\\\/\\\/www.fcejs.unsl.edu.ar\\\/index.php\\\/preinscripcion-abierta-para-la-primera-cohorte-de-la-especializacion-en-gestion-para-el-desarrollo\\\/\",\"name\":\"Preinscripci\u00f3n abierta para la Primera Cohorte de la Especializaci\u00f3n en Gesti\u00f3n para el Desarrollo - Facultad de Ciencias Econ\u00f3micas, Jur\u00ed\u00addicas y Sociales\",\"isPartOf\":{\"@id\":\"https:\\\/\\\/www.fcejs.unsl.edu.ar\\\/#website\"},\"primaryImageOfPage\":{\"@id\":\"https:\\\/\\\/www.fcejs.unsl.edu.ar\\\/index.php\\\/preinscripcion-abierta-para-la-primera-cohorte-de-la-especializacion-en-gestion-para-el-desarrollo\\\/#primaryimage\"},\"image\":{\"@id\":\"https:\\\/\\\/www.fcejs.unsl.edu.ar\\\/index.php\\\/preinscripcion-abierta-para-la-primera-cohorte-de-la-especializacion-en-gestion-para-el-desarrollo\\\/#primaryimage\"},\"thumbnailUrl\":\"https:\\\/\\\/www.fcejs.unsl.edu.ar\\\/wp-content\\\/uploads\\\/2024\\\/03\\\/ESP-GDS-FLEYR-FRONT-2024.jpg\",\"datePublished\":\"2024-04-15T12:00:02+00:00\",\"dateModified\":\"2024-04-16T14:32:15+00:00\",\"breadcrumb\":{\"@id\":\"https:\\\/\\\/www.fcejs.unsl.edu.ar\\\/index.php\\\/preinscripcion-abierta-para-la-primera-cohorte-de-la-especializacion-en-gestion-para-el-desarrollo\\\/#breadcrumb\"},\"inLanguage\":\"es-AR\",\"potentialAction\":[{\"@type\":\"ReadAction\",\"target\":[\"https:\\\/\\\/www.fcejs.unsl.edu.ar\\\/index.php\\\/preinscripcion-abierta-para-la-primera-cohorte-de-la-especializacion-en-gestion-para-el-desarrollo\\\/\"]}]},{\"@type\":\"ImageObject\",\"inLanguage\":\"es-AR\",\"@id\":\"https:\\\/\\\/www.fcejs.unsl.edu.ar\\\/index.php\\\/preinscripcion-abierta-para-la-primera-cohorte-de-la-especializacion-en-gestion-para-el-desarrollo\\\/#primaryimage\",\"url\":\"https:\\\/\\\/www.fcejs.unsl.edu.ar\\\/wp-content\\\/uploads\\\/2024\\\/03\\\/ESP-GDS-FLEYR-FRONT-2024.jpg\",\"contentUrl\":\"https:\\\/\\\/www.fcejs.unsl.edu.ar\\\/wp-content\\\/uploads\\\/2024\\\/03\\\/ESP-GDS-FLEYR-FRONT-2024.jpg\",\"width\":1153,\"height\":646},{\"@type\":\"BreadcrumbList\",\"@id\":\"https:\\\/\\\/www.fcejs.unsl.edu.ar\\\/index.php\\\/preinscripcion-abierta-para-la-primera-cohorte-de-la-especializacion-en-gestion-para-el-desarrollo\\\/#breadcrumb\",\"itemListElement\":[{\"@type\":\"ListItem\",\"position\":1,\"name\":\"Inicio\",\"item\":\"https:\\\/\\\/www.fcejs.unsl.edu.ar\\\/\"},{\"@type\":\"ListItem\",\"position\":2,\"name\":\"Preinscripci\u00f3n abierta para la Primera Cohorte de la Especializaci\u00f3n en Gesti\u00f3n para el Desarrollo\"}]},{\"@type\":\"WebSite\",\"@id\":\"https:\\\/\\\/www.fcejs.unsl.edu.ar\\\/#website\",\"url\":\"https:\\\/\\\/www.fcejs.unsl.edu.ar\\\/\",\"name\":\"Facultad de Ciencias Econ\u00f3micas, Jur\u00ed\u00addicas y Sociales\",\"description\":\"\",\"publisher\":{\"@id\":\"https:\\\/\\\/www.fcejs.unsl.edu.ar\\\/#organization\"},\"potentialAction\":[{\"@type\":\"SearchAction\",\"target\":{\"@type\":\"EntryPoint\",\"urlTemplate\":\"https:\\\/\\\/www.fcejs.unsl.edu.ar\\\/?s={search_term_string}\"},\"query-input\":{\"@type\":\"PropertyValueSpecification\",\"valueRequired\":true,\"valueName\":\"search_term_string\"}}],\"inLanguage\":\"es-AR\"},{\"@type\":\"Organization\",\"@id\":\"https:\\\/\\\/www.fcejs.unsl.edu.ar\\\/#organization\",\"name\":\"Facultad de Ciencias Econ\u00f3micas, Jur\u00eddicas y Sociales\",\"url\":\"https:\\\/\\\/www.fcejs.unsl.edu.ar\\\/\",\"logo\":{\"@type\":\"ImageObject\",\"inLanguage\":\"es-AR\",\"@id\":\"https:\\\/\\\/www.fcejs.unsl.edu.ar\\\/#\\\/schema\\\/logo\\\/image\\\/\",\"url\":\"https:\\\/\\\/www.fcejs.unsl.edu.ar\\\/wp-content\\\/uploads\\\/2021\\\/03\\\/logo-1.jpg\",\"contentUrl\":\"https:\\\/\\\/www.fcejs.unsl.edu.ar\\\/wp-content\\\/uploads\\\/2021\\\/03\\\/logo-1.jpg\",\"width\":471,\"height\":146,\"caption\":\"Facultad de Ciencias Econ\u00f3micas, Jur\u00eddicas y Sociales\"},\"image\":{\"@id\":\"https:\\\/\\\/www.fcejs.unsl.edu.ar\\\/#\\\/schema\\\/logo\\\/image\\\/\"},\"sameAs\":[\"https:\\\/\\\/www.facebook.com\\\/FCEJS.UNSL\\\/\",\"https:\\\/\\\/x.com\\\/FCEJSUNSL\",\"https:\\\/\\\/www.instagram.com\\\/fcejs.unsl\\\/\",\"https:\\\/\\\/www.youtube.com\\\/channel\\\/UCH-Ut6EaN_X5ogjIQMPe46g\\\/\"]},{\"@type\":\"Person\",\"@id\":\"https:\\\/\\\/www.fcejs.unsl.edu.ar\\\/#\\\/schema\\\/person\\\/352ee6ed90c3f394c7cb5945f8956d34\",\"name\":\"DATI\"}]}<\/script>\n<!-- \/ Yoast SEO plugin. -->","yoast_head_json":{"title":"Preinscripci\u00f3n abierta para la Primera Cohorte de la Especializaci\u00f3n en Gesti\u00f3n para el Desarrollo - Facultad de Ciencias Econ\u00f3micas, Jur\u00ed\u00addicas y Sociales","robots":{"index":"index","follow":"follow","max-snippet":"max-snippet:-1","max-image-preview":"max-image-preview:large","max-video-preview":"max-video-preview:-1"},"canonical":"https:\/\/www.fcejs.unsl.edu.ar\/index.php\/preinscripcion-abierta-para-la-primera-cohorte-de-la-especializacion-en-gestion-para-el-desarrollo\/","og_locale":"es_ES","og_type":"article","og_title":"Preinscripci\u00f3n abierta para la Primera Cohorte de la Especializaci\u00f3n en Gesti\u00f3n para el Desarrollo - Facultad de Ciencias Econ\u00f3micas, Jur\u00ed\u00addicas y Sociales","og_description":"La Secretar\u00eda de Investigaci\u00f3n y Posgrado se complace en informar que, se encuentra abierta la preinscripci\u00f3n para la Primera Cohorte de la Especializaci\u00f3n en Gesti\u00f3n&hellip;","og_url":"https:\/\/www.fcejs.unsl.edu.ar\/index.php\/preinscripcion-abierta-para-la-primera-cohorte-de-la-especializacion-en-gestion-para-el-desarrollo\/","og_site_name":"Facultad de Ciencias Econ\u00f3micas, Jur\u00ed\u00addicas y Sociales","article_publisher":"https:\/\/www.facebook.com\/FCEJS.UNSL\/","article_published_time":"2024-04-15T12:00:02+00:00","article_modified_time":"2024-04-16T14:32:15+00:00","og_image":[{"width":1153,"height":646,"url":"https:\/\/www.fcejs.unsl.edu.ar\/wp-content\/uploads\/2024\/03\/ESP-GDS-FLEYR-FRONT-2024.jpg","type":"image\/jpeg"}],"author":"DATI","twitter_card":"summary_large_image","twitter_creator":"@FCEJSUNSL","twitter_site":"@FCEJSUNSL","twitter_misc":{"Escrito por":"DATI","Tiempo de lectura":"2 minutos"},"schema":{"@context":"https:\/\/schema.org","@graph":[{"@type":"Article","@id":"https:\/\/www.fcejs.unsl.edu.ar\/index.php\/preinscripcion-abierta-para-la-primera-cohorte-de-la-especializacion-en-gestion-para-el-desarrollo\/#article","isPartOf":{"@id":"https:\/\/www.fcejs.unsl.edu.ar\/index.php\/preinscripcion-abierta-para-la-primera-cohorte-de-la-especializacion-en-gestion-para-el-desarrollo\/"},"author":{"name":"DATI","@id":"https:\/\/www.fcejs.unsl.edu.ar\/#\/schema\/person\/352ee6ed90c3f394c7cb5945f8956d34"},"headline":"Preinscripci\u00f3n abierta para la Primera Cohorte de la Especializaci\u00f3n en Gesti\u00f3n para el Desarrollo","datePublished":"2024-04-15T12:00:02+00:00","dateModified":"2024-04-16T14:32:15+00:00","mainEntityOfPage":{"@id":"https:\/\/www.fcejs.unsl.edu.ar\/index.php\/preinscripcion-abierta-para-la-primera-cohorte-de-la-especializacion-en-gestion-para-el-desarrollo\/"},"wordCount":218,"publisher":{"@id":"https:\/\/www.fcejs.unsl.edu.ar\/#organization"},"image":{"@id":"https:\/\/www.fcejs.unsl.edu.ar\/index.php\/preinscripcion-abierta-para-la-primera-cohorte-de-la-especializacion-en-gestion-para-el-desarrollo\/#primaryimage"},"thumbnailUrl":"https:\/\/www.fcejs.unsl.edu.ar\/wp-content\/uploads\/2024\/03\/ESP-GDS-FLEYR-FRONT-2024.jpg","articleSection":["Noticias"],"inLanguage":"es-AR"},{"@type":"WebPage","@id":"https:\/\/www.fcejs.unsl.edu.ar\/index.php\/preinscripcion-abierta-para-la-primera-cohorte-de-la-especializacion-en-gestion-para-el-desarrollo\/","url":"https:\/\/www.fcejs.unsl.edu.ar\/index.php\/preinscripcion-abierta-para-la-primera-cohorte-de-la-especializacion-en-gestion-para-el-desarrollo\/","name":"Preinscripci\u00f3n abierta para la Primera Cohorte de la Especializaci\u00f3n en Gesti\u00f3n para el Desarrollo - Facultad de Ciencias Econ\u00f3micas, Jur\u00ed\u00addicas y Sociales","isPartOf":{"@id":"https:\/\/www.fcejs.unsl.edu.ar\/#website"},"primaryImageOfPage":{"@id":"https:\/\/www.fcejs.unsl.edu.ar\/index.php\/preinscripcion-abierta-para-la-primera-cohorte-de-la-especializacion-en-gestion-para-el-desarrollo\/#primaryimage"},"image":{"@id":"https:\/\/www.fcejs.unsl.edu.ar\/index.php\/preinscripcion-abierta-para-la-primera-cohorte-de-la-especializacion-en-gestion-para-el-desarrollo\/#primaryimage"},"thumbnailUrl":"https:\/\/www.fcejs.unsl.edu.ar\/wp-content\/uploads\/2024\/03\/ESP-GDS-FLEYR-FRONT-2024.jpg","datePublished":"2024-04-15T12:00:02+00:00","dateModified":"2024-04-16T14:32:15+00:00","breadcrumb":{"@id":"https:\/\/www.fcejs.unsl.edu.ar\/index.php\/preinscripcion-abierta-para-la-primera-cohorte-de-la-especializacion-en-gestion-para-el-desarrollo\/#breadcrumb"},"inLanguage":"es-AR","potentialAction":[{"@type":"ReadAction","target":["https:\/\/www.fcejs.unsl.edu.ar\/index.php\/preinscripcion-abierta-para-la-primera-cohorte-de-la-especializacion-en-gestion-para-el-desarrollo\/"]}]},{"@type":"ImageObject","inLanguage":"es-AR","@id":"https:\/\/www.fcejs.unsl.edu.ar\/index.php\/preinscripcion-abierta-para-la-primera-cohorte-de-la-especializacion-en-gestion-para-el-desarrollo\/#primaryimage","url":"https:\/\/www.fcejs.unsl.edu.ar\/wp-content\/uploads\/2024\/03\/ESP-GDS-FLEYR-FRONT-2024.jpg","contentUrl":"https:\/\/www.fcejs.unsl.edu.ar\/wp-content\/uploads\/2024\/03\/ESP-GDS-FLEYR-FRONT-2024.jpg","width":1153,"height":646},{"@type":"BreadcrumbList","@id":"https:\/\/www.fcejs.unsl.edu.ar\/index.php\/preinscripcion-abierta-para-la-primera-cohorte-de-la-especializacion-en-gestion-para-el-desarrollo\/#breadcrumb","itemListElement":[{"@type":"ListItem","position":1,"name":"Inicio","item":"https:\/\/www.fcejs.unsl.edu.ar\/"},{"@type":"ListItem","position":2,"name":"Preinscripci\u00f3n abierta para la Primera Cohorte de la Especializaci\u00f3n en Gesti\u00f3n para el Desarrollo"}]},{"@type":"WebSite","@id":"https:\/\/www.fcejs.unsl.edu.ar\/#website","url":"https:\/\/www.fcejs.unsl.edu.ar\/","name":"Facultad de Ciencias Econ\u00f3micas, Jur\u00ed\u00addicas y Sociales","description":"","publisher":{"@id":"https:\/\/www.fcejs.unsl.edu.ar\/#organization"},"potentialAction":[{"@type":"SearchAction","target":{"@type":"EntryPoint","urlTemplate":"https:\/\/www.fcejs.unsl.edu.ar\/?s={search_term_string}"},"query-input":{"@type":"PropertyValueSpecification","valueRequired":true,"valueName":"search_term_string"}}],"inLanguage":"es-AR"},{"@type":"Organization","@id":"https:\/\/www.fcejs.unsl.edu.ar\/#organization","name":"Facultad de Ciencias Econ\u00f3micas, Jur\u00eddicas y Sociales","url":"https:\/\/www.fcejs.unsl.edu.ar\/","logo":{"@type":"ImageObject","inLanguage":"es-AR","@id":"https:\/\/www.fcejs.unsl.edu.ar\/#\/schema\/logo\/image\/","url":"https:\/\/www.fcejs.unsl.edu.ar\/wp-content\/uploads\/2021\/03\/logo-1.jpg","contentUrl":"https:\/\/www.fcejs.unsl.edu.ar\/wp-content\/uploads\/2021\/03\/logo-1.jpg","width":471,"height":146,"caption":"Facultad de Ciencias Econ\u00f3micas, Jur\u00eddicas y Sociales"},"image":{"@id":"https:\/\/www.fcejs.unsl.edu.ar\/#\/schema\/logo\/image\/"},"sameAs":["https:\/\/www.facebook.com\/FCEJS.UNSL\/","https:\/\/x.com\/FCEJSUNSL","https:\/\/www.instagram.com\/fcejs.unsl\/","https:\/\/www.youtube.com\/channel\/UCH-Ut6EaN_X5ogjIQMPe46g\/"]},{"@type":"Person","@id":"https:\/\/www.fcejs.unsl.edu.ar\/#\/schema\/person\/352ee6ed90c3f394c7cb5945f8956d34","name":"DATI"}]}},"jetpack_featured_media_url":"https:\/\/www.fcejs.unsl.edu.ar\/wp-content\/uploads\/2024\/03\/ESP-GDS-FLEYR-FRONT-2024.jpg","_links":{"self":[{"href":"https:\/\/www.fcejs.unsl.edu.ar\/index.php\/wp-json\/wp\/v2\/posts\/15916","targetHints":{"allow":["GET"]}}],"collection":[{"href":"https:\/\/www.fcejs.unsl.edu.ar\/index.php\/wp-json\/wp\/v2\/posts"}],"about":[{"href":"https:\/\/www.fcejs.unsl.edu.ar\/index.php\/wp-json\/wp\/v2\/types\/post"}],"author":[{"embeddable":true,"href":"https:\/\/www.fcejs.unsl.edu.ar\/index.php\/wp-json\/wp\/v2\/users\/9"}],"replies":[{"embeddable":true,"href":"https:\/\/www.fcejs.unsl.edu.ar\/index.php\/wp-json\/wp\/v2\/comments?post=15916"}],"version-history":[{"count":1,"href":"https:\/\/www.fcejs.unsl.edu.ar\/index.php\/wp-json\/wp\/v2\/posts\/15916\/revisions"}],"predecessor-version":[{"id":15918,"href":"https:\/\/www.fcejs.unsl.edu.ar\/index.php\/wp-json\/wp\/v2\/posts\/15916\/revisions\/15918"}],"wp:featuredmedia":[{"embeddable":true,"href":"https:\/\/www.fcejs.unsl.edu.ar\/index.php\/wp-json\/wp\/v2\/media\/15917"}],"wp:attachment":[{"href":"https:\/\/www.fcejs.unsl.edu.ar\/index.php\/wp-json\/wp\/v2\/media?parent=15916"}],"wp:term":[{"taxonomy":"category","embeddable":true,"href":"https:\/\/www.fcejs.unsl.edu.ar\/index.php\/wp-json\/wp\/v2\/categories?post=15916"},{"taxonomy":"post_tag","embeddable":true,"href":"https:\/\/www.fcejs.unsl.edu.ar\/index.php\/wp-json\/wp\/v2\/tags?post=15916"}],"curies":[{"name":"wp","href":"https:\/\/api.w.org\/{rel}","templated":true}]}}