{"id":15844,"date":"2024-03-08T00:25:18","date_gmt":"2024-03-08T03:25:18","guid":{"rendered":"http:\/\/10.101.10.197\/www\/?p=15844"},"modified":"2024-03-21T12:33:05","modified_gmt":"2024-03-21T15:33:05","slug":"inicio-de-seminarios-optativos-y-electivos","status":"publish","type":"post","link":"https:\/\/www.fcejs.unsl.edu.ar\/index.php\/inicio-de-seminarios-optativos-y-electivos\/","title":{"rendered":"Inicio de seminarios optativos y electivos"},"content":{"rendered":"<p>La Secretar\u00eda Acad\u00e9mica informa que el pr\u00f3ximo viernes 15 de marzo, comienza el dictado de Seminarios Optativos y Electivos, que ser\u00e1n desarrollados durante el primer cuatrimestre de 2024. Los mismos son destinados a estudiantes avanzados de la carrera de la Lic. en Trabajo Social (Plan 24\/11); de la Tecnicatura en Acompa\u00f1amiento Terap\u00e9utico (Plan 8\/20) y de Abogac\u00eda (Plan 8\/18).<\/p>\n<h3>Lic. en Trabajo Social<\/h3>\n<p>Seminario Optativo:<\/p>\n<p><strong>Los Consumos Problem\u00e1ticos y su construcci\u00f3n social. El abordaje desde el modelo comunitario subjetivante, con perspectiva de g\u00e9nero.<\/strong><\/p>\n<ul>\n<li>Destinado a estudiantes avanzados de la carrera de Lic. en Trabajo Social ( Plan 24\/11)<\/li>\n<li>Inicio: viernes 15 de marzo<\/li>\n<li>D\u00edas y horarios de cursada:<\/li>\n<li>Viernes de 18:00 a 20:00 hs.<\/li>\n<li>Duraci\u00f3n: 1er cuatrimestre 2024<\/li>\n<li>Cr\u00e9dito horario: 45 hs. (27 hs. Cursada presencial 18 hs. Consultas y trabajos pr\u00e1cticos virtual)<\/li>\n<\/ul>\n<p>Unidades Tem\u00e1ticas:<\/p>\n<ol>\n<li>Consumos problem\u00e1ticos: teor\u00edas y conceptos 2. Los consumos problem\u00e1ticos y su abordaje<\/li>\n<li>Sujeto de Derecho y Consumos Problem\u00e1ticos<\/li>\n<li>Consumos Problem\u00e1ticos: interdisciplinariedad, intersectorialidad y perspectiva de g\u00e9nero<\/li>\n<li>El proyecto de vida inserto en lo colectivo<\/li>\n<\/ol>\n<p>Equipo Docente:<\/p>\n<ul>\n<li>Docente Responsable y Coordinadora: Mgter. Adriana Isabel Mor\u00e1n<\/li>\n<li>Docentes Colaboradoras: Ab. Gabriela Ricart y AT Diana Yofe<\/li>\n<li>Auxiliares Docentes: Lic. Gabriela Manrique y Lic. Maria Rocio Rodriguez<\/li>\n<li>Auxiliar estudiante: Carolina Tieppo<\/li>\n<li>Docentes Invitadas: Lic. Paula Carabajal y Lic. Melina Prato.<\/li>\n<\/ul>\n<h3>Tecnicatura en Acompa\u00f1amiento Terap\u00e9utico.<\/h3>\n<p>Seminario Optativo:<\/p>\n<p><strong>Los Consumos Problem\u00e1ticos: intervenci\u00f3n, interdisciplinariedad e interseccionalidad<\/strong><\/p>\n<ul>\n<li>Destinado a estudiantes avanzados de la carrera de Tecnicatura en Acompa\u00f1amiento Terap\u00e9utico. (Plan 8\/20)<\/li>\n<li>Inicio: viernes 15 de marzo<\/li>\n<li>D\u00edas y horarios de cursada:<\/li>\n<li>Viernes de 18:00 a 20:00 hs.<\/li>\n<li>Duraci\u00f3n: 1er cuatrimestre 2024.<\/li>\n<li>Cr\u00e9dito horario: 45 hs. (27 hs. Cursada presencial 18 hs. Consultas y trabajos pr\u00e1cticos virtual)<\/li>\n<\/ul>\n<p>Unidades Tem\u00e1ticas:<\/p>\n<ol>\n<li>Consumos problem\u00e1ticos: teor\u00edas y conceptos 2. Los consumos problem\u00e1ticos y su abordaje<\/li>\n<li>Sujeto de Derecho y Consumos Problem\u00e1ticos<\/li>\n<li>Consumos Problem\u00e1ticos: interdisciplinariedad, intersectorialidad y perspectiva de g\u00e9nero<\/li>\n<li>El proyecto de vida inserto en lo colectivo<\/li>\n<\/ol>\n<p>Equipo Docente:<\/p>\n<ul>\n<li>Docente Responsable y Coordinadora: Mgter. Adriana Isabel Mor\u00e1n<\/li>\n<li>Docentes Colaboradoras: Ab. Gabriela Ricart y AT Diana Yofe<\/li>\n<li>Auxiliares Docentes: Lic. Gabriela Manrique y Lic. Maria Rocio Rodriguez<\/li>\n<li>Auxiliar estudiante: Carolina Tieppo<\/li>\n<li>Docentes Invitadas: Lic. Paula Carabajal y Lic. Melina Prato.<\/li>\n<\/ul>\n<p>&nbsp;<\/p>\n<h3>Abogac\u00eda<\/h3>\n<p>Seminario Electivo:<\/p>\n<p><strong>Los Consumos Problem\u00e1ticos y su construcci\u00f3n social. El abordaje desde el modelo comunitario subjetivante, con perspectiva de g\u00e9nero.<\/strong><\/p>\n<ul>\n<li>Destinado a estudiantes avanzados de la carrera de Abogac\u00eda (Plan 8\/18)<\/li>\n<li>Inicio: viernes 15 de marzo<\/li>\n<li>D\u00edas y horarios de cursada: viernes de 18:00 a 20:00 hs.<\/li>\n<li>Duraci\u00f3n: 1er cuatrimestre 2024<\/li>\n<li>Cr\u00e9dito horario: 45 hs. (27 hs. Cursada presencial. 18 hs. Consultas y trabajos pr\u00e1cticos virtual)<\/li>\n<\/ul>\n<p>Unidades Tem\u00e1ticas:<\/p>\n<ol>\n<li>Consumos problem\u00e1ticos: teor\u00edas y conceptos 2. Los consumos problem\u00e1ticos y su abordaje<\/li>\n<li>Sujeto de Derecho y Consumos Problem\u00e1ticos<\/li>\n<li>Consumos Problem\u00e1ticos: interdisciplinariedad, intersectorialidad y perspectiva de g\u00e9nero<\/li>\n<li>El proyecto de vida inserto en lo colectivo<\/li>\n<\/ol>\n<p>Equipo Docente:<\/p>\n<ul>\n<li>Docente Responsable y Coordinadora: Mgter. Adriana Isabel Mor\u00e1n<\/li>\n<li>Docentes Colaboradoras: Ab. Gabriela Ricart y AT Diana Yofe<\/li>\n<li>Auxiliares Docentes: Lic. Gabriela Manrique y Lic. Maria Rocio Rodriguez<\/li>\n<li>Auxiliar estudiante: Carolina Tieppo<\/li>\n<li>Docentes Invitadas: Lic. Paula Carabajal y Lic. Melina Prato.<\/li>\n<\/ul>\n<p>&nbsp;<\/p>\n","protected":false},"excerpt":{"rendered":"<p>La Secretar\u00eda Acad\u00e9mica informa que el pr\u00f3ximo viernes 15 de marzo, comienza el dictado de Seminarios Optativos y Electivos, que ser\u00e1n desarrollados durante el primer&hellip;<\/p>\n","protected":false},"author":9,"featured_media":15845,"comment_status":"closed","ping_status":"closed","sticky":false,"template":"","format":"standard","meta":{"om_disable_all_campaigns":false,"_monsterinsights_skip_tracking":false,"_monsterinsights_sitenote_active":false,"_monsterinsights_sitenote_note":"","_monsterinsights_sitenote_category":0,"footnotes":""},"categories":[1],"tags":[],"class_list":["post-15844","post","type-post","status-publish","format-standard","has-post-thumbnail","hentry","category-noticias"],"yoast_head":"<!-- This site is optimized with the Yoast SEO plugin v27.4 - https:\/\/yoast.com\/product\/yoast-seo-wordpress\/ -->\n<title>Inicio de seminarios optativos y electivos - Facultad de Ciencias Econ\u00f3micas, Jur\u00ed\u00addicas y Sociales<\/title>\n<meta name=\"robots\" content=\"index, follow, max-snippet:-1, max-image-preview:large, max-video-preview:-1\" \/>\n<link rel=\"canonical\" href=\"https:\/\/www.fcejs.unsl.edu.ar\/index.php\/inicio-de-seminarios-optativos-y-electivos\/\" \/>\n<meta property=\"og:locale\" content=\"es_ES\" \/>\n<meta property=\"og:type\" content=\"article\" \/>\n<meta property=\"og:title\" content=\"Inicio de seminarios optativos y electivos - Facultad de Ciencias Econ\u00f3micas, Jur\u00ed\u00addicas y Sociales\" \/>\n<meta property=\"og:description\" content=\"La Secretar\u00eda Acad\u00e9mica informa que el pr\u00f3ximo viernes 15 de marzo, comienza el dictado de Seminarios Optativos y Electivos, que ser\u00e1n desarrollados durante el primer&hellip;\" \/>\n<meta property=\"og:url\" content=\"https:\/\/www.fcejs.unsl.edu.ar\/index.php\/inicio-de-seminarios-optativos-y-electivos\/\" \/>\n<meta property=\"og:site_name\" content=\"Facultad de Ciencias Econ\u00f3micas, Jur\u00ed\u00addicas y Sociales\" \/>\n<meta property=\"article:publisher\" content=\"https:\/\/www.facebook.com\/FCEJS.UNSL\/\" \/>\n<meta property=\"article:published_time\" content=\"2024-03-08T03:25:18+00:00\" \/>\n<meta property=\"article:modified_time\" content=\"2024-03-21T15:33:05+00:00\" \/>\n<meta property=\"og:image\" content=\"https:\/\/www.fcejs.unsl.edu.ar\/wp-content\/uploads\/2024\/03\/seminarios.jpg\" \/>\n\t<meta property=\"og:image:width\" content=\"1152\" \/>\n\t<meta property=\"og:image:height\" content=\"647\" \/>\n\t<meta property=\"og:image:type\" content=\"image\/jpeg\" \/>\n<meta name=\"author\" content=\"DATI\" \/>\n<meta name=\"twitter:card\" content=\"summary_large_image\" \/>\n<meta name=\"twitter:creator\" content=\"@FCEJSUNSL\" \/>\n<meta name=\"twitter:site\" content=\"@FCEJSUNSL\" \/>\n<meta name=\"twitter:label1\" content=\"Escrito por\" \/>\n\t<meta name=\"twitter:data1\" content=\"DATI\" \/>\n\t<meta name=\"twitter:label2\" content=\"Tiempo de lectura\" \/>\n\t<meta name=\"twitter:data2\" content=\"3 minutos\" \/>\n<script type=\"application\/ld+json\" class=\"yoast-schema-graph\">{\"@context\":\"https:\\\/\\\/schema.org\",\"@graph\":[{\"@type\":\"Article\",\"@id\":\"https:\\\/\\\/www.fcejs.unsl.edu.ar\\\/index.php\\\/inicio-de-seminarios-optativos-y-electivos\\\/#article\",\"isPartOf\":{\"@id\":\"https:\\\/\\\/www.fcejs.unsl.edu.ar\\\/index.php\\\/inicio-de-seminarios-optativos-y-electivos\\\/\"},\"author\":{\"name\":\"DATI\",\"@id\":\"https:\\\/\\\/www.fcejs.unsl.edu.ar\\\/#\\\/schema\\\/person\\\/352ee6ed90c3f394c7cb5945f8956d34\"},\"headline\":\"Inicio de seminarios optativos y electivos\",\"datePublished\":\"2024-03-08T03:25:18+00:00\",\"dateModified\":\"2024-03-21T15:33:05+00:00\",\"mainEntityOfPage\":{\"@id\":\"https:\\\/\\\/www.fcejs.unsl.edu.ar\\\/index.php\\\/inicio-de-seminarios-optativos-y-electivos\\\/\"},\"wordCount\":528,\"publisher\":{\"@id\":\"https:\\\/\\\/www.fcejs.unsl.edu.ar\\\/#organization\"},\"image\":{\"@id\":\"https:\\\/\\\/www.fcejs.unsl.edu.ar\\\/index.php\\\/inicio-de-seminarios-optativos-y-electivos\\\/#primaryimage\"},\"thumbnailUrl\":\"https:\\\/\\\/www.fcejs.unsl.edu.ar\\\/wp-content\\\/uploads\\\/2024\\\/03\\\/seminarios.jpg\",\"articleSection\":[\"Noticias\"],\"inLanguage\":\"es-AR\"},{\"@type\":\"WebPage\",\"@id\":\"https:\\\/\\\/www.fcejs.unsl.edu.ar\\\/index.php\\\/inicio-de-seminarios-optativos-y-electivos\\\/\",\"url\":\"https:\\\/\\\/www.fcejs.unsl.edu.ar\\\/index.php\\\/inicio-de-seminarios-optativos-y-electivos\\\/\",\"name\":\"Inicio de seminarios optativos y electivos - Facultad de Ciencias Econ\u00f3micas, Jur\u00ed\u00addicas y Sociales\",\"isPartOf\":{\"@id\":\"https:\\\/\\\/www.fcejs.unsl.edu.ar\\\/#website\"},\"primaryImageOfPage\":{\"@id\":\"https:\\\/\\\/www.fcejs.unsl.edu.ar\\\/index.php\\\/inicio-de-seminarios-optativos-y-electivos\\\/#primaryimage\"},\"image\":{\"@id\":\"https:\\\/\\\/www.fcejs.unsl.edu.ar\\\/index.php\\\/inicio-de-seminarios-optativos-y-electivos\\\/#primaryimage\"},\"thumbnailUrl\":\"https:\\\/\\\/www.fcejs.unsl.edu.ar\\\/wp-content\\\/uploads\\\/2024\\\/03\\\/seminarios.jpg\",\"datePublished\":\"2024-03-08T03:25:18+00:00\",\"dateModified\":\"2024-03-21T15:33:05+00:00\",\"breadcrumb\":{\"@id\":\"https:\\\/\\\/www.fcejs.unsl.edu.ar\\\/index.php\\\/inicio-de-seminarios-optativos-y-electivos\\\/#breadcrumb\"},\"inLanguage\":\"es-AR\",\"potentialAction\":[{\"@type\":\"ReadAction\",\"target\":[\"https:\\\/\\\/www.fcejs.unsl.edu.ar\\\/index.php\\\/inicio-de-seminarios-optativos-y-electivos\\\/\"]}]},{\"@type\":\"ImageObject\",\"inLanguage\":\"es-AR\",\"@id\":\"https:\\\/\\\/www.fcejs.unsl.edu.ar\\\/index.php\\\/inicio-de-seminarios-optativos-y-electivos\\\/#primaryimage\",\"url\":\"https:\\\/\\\/www.fcejs.unsl.edu.ar\\\/wp-content\\\/uploads\\\/2024\\\/03\\\/seminarios.jpg\",\"contentUrl\":\"https:\\\/\\\/www.fcejs.unsl.edu.ar\\\/wp-content\\\/uploads\\\/2024\\\/03\\\/seminarios.jpg\",\"width\":1152,\"height\":647},{\"@type\":\"BreadcrumbList\",\"@id\":\"https:\\\/\\\/www.fcejs.unsl.edu.ar\\\/index.php\\\/inicio-de-seminarios-optativos-y-electivos\\\/#breadcrumb\",\"itemListElement\":[{\"@type\":\"ListItem\",\"position\":1,\"name\":\"Inicio\",\"item\":\"https:\\\/\\\/www.fcejs.unsl.edu.ar\\\/\"},{\"@type\":\"ListItem\",\"position\":2,\"name\":\"Inicio de seminarios optativos y electivos\"}]},{\"@type\":\"WebSite\",\"@id\":\"https:\\\/\\\/www.fcejs.unsl.edu.ar\\\/#website\",\"url\":\"https:\\\/\\\/www.fcejs.unsl.edu.ar\\\/\",\"name\":\"Facultad de Ciencias Econ\u00f3micas, Jur\u00ed\u00addicas y Sociales\",\"description\":\"\",\"publisher\":{\"@id\":\"https:\\\/\\\/www.fcejs.unsl.edu.ar\\\/#organization\"},\"potentialAction\":[{\"@type\":\"SearchAction\",\"target\":{\"@type\":\"EntryPoint\",\"urlTemplate\":\"https:\\\/\\\/www.fcejs.unsl.edu.ar\\\/?s={search_term_string}\"},\"query-input\":{\"@type\":\"PropertyValueSpecification\",\"valueRequired\":true,\"valueName\":\"search_term_string\"}}],\"inLanguage\":\"es-AR\"},{\"@type\":\"Organization\",\"@id\":\"https:\\\/\\\/www.fcejs.unsl.edu.ar\\\/#organization\",\"name\":\"Facultad de Ciencias Econ\u00f3micas, Jur\u00eddicas y Sociales\",\"url\":\"https:\\\/\\\/www.fcejs.unsl.edu.ar\\\/\",\"logo\":{\"@type\":\"ImageObject\",\"inLanguage\":\"es-AR\",\"@id\":\"https:\\\/\\\/www.fcejs.unsl.edu.ar\\\/#\\\/schema\\\/logo\\\/image\\\/\",\"url\":\"https:\\\/\\\/www.fcejs.unsl.edu.ar\\\/wp-content\\\/uploads\\\/2021\\\/03\\\/logo-1.jpg\",\"contentUrl\":\"https:\\\/\\\/www.fcejs.unsl.edu.ar\\\/wp-content\\\/uploads\\\/2021\\\/03\\\/logo-1.jpg\",\"width\":471,\"height\":146,\"caption\":\"Facultad de Ciencias Econ\u00f3micas, Jur\u00eddicas y Sociales\"},\"image\":{\"@id\":\"https:\\\/\\\/www.fcejs.unsl.edu.ar\\\/#\\\/schema\\\/logo\\\/image\\\/\"},\"sameAs\":[\"https:\\\/\\\/www.facebook.com\\\/FCEJS.UNSL\\\/\",\"https:\\\/\\\/x.com\\\/FCEJSUNSL\",\"https:\\\/\\\/www.instagram.com\\\/fcejs.unsl\\\/\",\"https:\\\/\\\/www.youtube.com\\\/channel\\\/UCH-Ut6EaN_X5ogjIQMPe46g\\\/\"]},{\"@type\":\"Person\",\"@id\":\"https:\\\/\\\/www.fcejs.unsl.edu.ar\\\/#\\\/schema\\\/person\\\/352ee6ed90c3f394c7cb5945f8956d34\",\"name\":\"DATI\"}]}<\/script>\n<!-- \/ Yoast SEO plugin. -->","yoast_head_json":{"title":"Inicio de seminarios optativos y electivos - Facultad de Ciencias Econ\u00f3micas, Jur\u00ed\u00addicas y Sociales","robots":{"index":"index","follow":"follow","max-snippet":"max-snippet:-1","max-image-preview":"max-image-preview:large","max-video-preview":"max-video-preview:-1"},"canonical":"https:\/\/www.fcejs.unsl.edu.ar\/index.php\/inicio-de-seminarios-optativos-y-electivos\/","og_locale":"es_ES","og_type":"article","og_title":"Inicio de seminarios optativos y electivos - Facultad de Ciencias Econ\u00f3micas, Jur\u00ed\u00addicas y Sociales","og_description":"La Secretar\u00eda Acad\u00e9mica informa que el pr\u00f3ximo viernes 15 de marzo, comienza el dictado de Seminarios Optativos y Electivos, que ser\u00e1n desarrollados durante el primer&hellip;","og_url":"https:\/\/www.fcejs.unsl.edu.ar\/index.php\/inicio-de-seminarios-optativos-y-electivos\/","og_site_name":"Facultad de Ciencias Econ\u00f3micas, Jur\u00ed\u00addicas y Sociales","article_publisher":"https:\/\/www.facebook.com\/FCEJS.UNSL\/","article_published_time":"2024-03-08T03:25:18+00:00","article_modified_time":"2024-03-21T15:33:05+00:00","og_image":[{"width":1152,"height":647,"url":"https:\/\/www.fcejs.unsl.edu.ar\/wp-content\/uploads\/2024\/03\/seminarios.jpg","type":"image\/jpeg"}],"author":"DATI","twitter_card":"summary_large_image","twitter_creator":"@FCEJSUNSL","twitter_site":"@FCEJSUNSL","twitter_misc":{"Escrito por":"DATI","Tiempo de lectura":"3 minutos"},"schema":{"@context":"https:\/\/schema.org","@graph":[{"@type":"Article","@id":"https:\/\/www.fcejs.unsl.edu.ar\/index.php\/inicio-de-seminarios-optativos-y-electivos\/#article","isPartOf":{"@id":"https:\/\/www.fcejs.unsl.edu.ar\/index.php\/inicio-de-seminarios-optativos-y-electivos\/"},"author":{"name":"DATI","@id":"https:\/\/www.fcejs.unsl.edu.ar\/#\/schema\/person\/352ee6ed90c3f394c7cb5945f8956d34"},"headline":"Inicio de seminarios optativos y electivos","datePublished":"2024-03-08T03:25:18+00:00","dateModified":"2024-03-21T15:33:05+00:00","mainEntityOfPage":{"@id":"https:\/\/www.fcejs.unsl.edu.ar\/index.php\/inicio-de-seminarios-optativos-y-electivos\/"},"wordCount":528,"publisher":{"@id":"https:\/\/www.fcejs.unsl.edu.ar\/#organization"},"image":{"@id":"https:\/\/www.fcejs.unsl.edu.ar\/index.php\/inicio-de-seminarios-optativos-y-electivos\/#primaryimage"},"thumbnailUrl":"https:\/\/www.fcejs.unsl.edu.ar\/wp-content\/uploads\/2024\/03\/seminarios.jpg","articleSection":["Noticias"],"inLanguage":"es-AR"},{"@type":"WebPage","@id":"https:\/\/www.fcejs.unsl.edu.ar\/index.php\/inicio-de-seminarios-optativos-y-electivos\/","url":"https:\/\/www.fcejs.unsl.edu.ar\/index.php\/inicio-de-seminarios-optativos-y-electivos\/","name":"Inicio de seminarios optativos y electivos - Facultad de Ciencias Econ\u00f3micas, Jur\u00ed\u00addicas y Sociales","isPartOf":{"@id":"https:\/\/www.fcejs.unsl.edu.ar\/#website"},"primaryImageOfPage":{"@id":"https:\/\/www.fcejs.unsl.edu.ar\/index.php\/inicio-de-seminarios-optativos-y-electivos\/#primaryimage"},"image":{"@id":"https:\/\/www.fcejs.unsl.edu.ar\/index.php\/inicio-de-seminarios-optativos-y-electivos\/#primaryimage"},"thumbnailUrl":"https:\/\/www.fcejs.unsl.edu.ar\/wp-content\/uploads\/2024\/03\/seminarios.jpg","datePublished":"2024-03-08T03:25:18+00:00","dateModified":"2024-03-21T15:33:05+00:00","breadcrumb":{"@id":"https:\/\/www.fcejs.unsl.edu.ar\/index.php\/inicio-de-seminarios-optativos-y-electivos\/#breadcrumb"},"inLanguage":"es-AR","potentialAction":[{"@type":"ReadAction","target":["https:\/\/www.fcejs.unsl.edu.ar\/index.php\/inicio-de-seminarios-optativos-y-electivos\/"]}]},{"@type":"ImageObject","inLanguage":"es-AR","@id":"https:\/\/www.fcejs.unsl.edu.ar\/index.php\/inicio-de-seminarios-optativos-y-electivos\/#primaryimage","url":"https:\/\/www.fcejs.unsl.edu.ar\/wp-content\/uploads\/2024\/03\/seminarios.jpg","contentUrl":"https:\/\/www.fcejs.unsl.edu.ar\/wp-content\/uploads\/2024\/03\/seminarios.jpg","width":1152,"height":647},{"@type":"BreadcrumbList","@id":"https:\/\/www.fcejs.unsl.edu.ar\/index.php\/inicio-de-seminarios-optativos-y-electivos\/#breadcrumb","itemListElement":[{"@type":"ListItem","position":1,"name":"Inicio","item":"https:\/\/www.fcejs.unsl.edu.ar\/"},{"@type":"ListItem","position":2,"name":"Inicio de seminarios optativos y electivos"}]},{"@type":"WebSite","@id":"https:\/\/www.fcejs.unsl.edu.ar\/#website","url":"https:\/\/www.fcejs.unsl.edu.ar\/","name":"Facultad de Ciencias Econ\u00f3micas, Jur\u00ed\u00addicas y Sociales","description":"","publisher":{"@id":"https:\/\/www.fcejs.unsl.edu.ar\/#organization"},"potentialAction":[{"@type":"SearchAction","target":{"@type":"EntryPoint","urlTemplate":"https:\/\/www.fcejs.unsl.edu.ar\/?s={search_term_string}"},"query-input":{"@type":"PropertyValueSpecification","valueRequired":true,"valueName":"search_term_string"}}],"inLanguage":"es-AR"},{"@type":"Organization","@id":"https:\/\/www.fcejs.unsl.edu.ar\/#organization","name":"Facultad de Ciencias Econ\u00f3micas, Jur\u00eddicas y Sociales","url":"https:\/\/www.fcejs.unsl.edu.ar\/","logo":{"@type":"ImageObject","inLanguage":"es-AR","@id":"https:\/\/www.fcejs.unsl.edu.ar\/#\/schema\/logo\/image\/","url":"https:\/\/www.fcejs.unsl.edu.ar\/wp-content\/uploads\/2021\/03\/logo-1.jpg","contentUrl":"https:\/\/www.fcejs.unsl.edu.ar\/wp-content\/uploads\/2021\/03\/logo-1.jpg","width":471,"height":146,"caption":"Facultad de Ciencias Econ\u00f3micas, Jur\u00eddicas y Sociales"},"image":{"@id":"https:\/\/www.fcejs.unsl.edu.ar\/#\/schema\/logo\/image\/"},"sameAs":["https:\/\/www.facebook.com\/FCEJS.UNSL\/","https:\/\/x.com\/FCEJSUNSL","https:\/\/www.instagram.com\/fcejs.unsl\/","https:\/\/www.youtube.com\/channel\/UCH-Ut6EaN_X5ogjIQMPe46g\/"]},{"@type":"Person","@id":"https:\/\/www.fcejs.unsl.edu.ar\/#\/schema\/person\/352ee6ed90c3f394c7cb5945f8956d34","name":"DATI"}]}},"jetpack_featured_media_url":"https:\/\/www.fcejs.unsl.edu.ar\/wp-content\/uploads\/2024\/03\/seminarios.jpg","_links":{"self":[{"href":"https:\/\/www.fcejs.unsl.edu.ar\/index.php\/wp-json\/wp\/v2\/posts\/15844","targetHints":{"allow":["GET"]}}],"collection":[{"href":"https:\/\/www.fcejs.unsl.edu.ar\/index.php\/wp-json\/wp\/v2\/posts"}],"about":[{"href":"https:\/\/www.fcejs.unsl.edu.ar\/index.php\/wp-json\/wp\/v2\/types\/post"}],"author":[{"embeddable":true,"href":"https:\/\/www.fcejs.unsl.edu.ar\/index.php\/wp-json\/wp\/v2\/users\/9"}],"replies":[{"embeddable":true,"href":"https:\/\/www.fcejs.unsl.edu.ar\/index.php\/wp-json\/wp\/v2\/comments?post=15844"}],"version-history":[{"count":3,"href":"https:\/\/www.fcejs.unsl.edu.ar\/index.php\/wp-json\/wp\/v2\/posts\/15844\/revisions"}],"predecessor-version":[{"id":15848,"href":"https:\/\/www.fcejs.unsl.edu.ar\/index.php\/wp-json\/wp\/v2\/posts\/15844\/revisions\/15848"}],"wp:featuredmedia":[{"embeddable":true,"href":"https:\/\/www.fcejs.unsl.edu.ar\/index.php\/wp-json\/wp\/v2\/media\/15845"}],"wp:attachment":[{"href":"https:\/\/www.fcejs.unsl.edu.ar\/index.php\/wp-json\/wp\/v2\/media?parent=15844"}],"wp:term":[{"taxonomy":"category","embeddable":true,"href":"https:\/\/www.fcejs.unsl.edu.ar\/index.php\/wp-json\/wp\/v2\/categories?post=15844"},{"taxonomy":"post_tag","embeddable":true,"href":"https:\/\/www.fcejs.unsl.edu.ar\/index.php\/wp-json\/wp\/v2\/tags?post=15844"}],"curies":[{"name":"wp","href":"https:\/\/api.w.org\/{rel}","templated":true}]}}