{"id":15763,"date":"2024-03-06T09:01:46","date_gmt":"2024-03-06T12:01:46","guid":{"rendered":"http:\/\/10.101.10.197\/www\/?p=15763"},"modified":"2024-03-21T12:33:10","modified_gmt":"2024-03-21T15:33:10","slug":"la-unsl-declara-la-emergencia-economica-financiera-y-administrativa","status":"publish","type":"post","link":"https:\/\/www.fcejs.unsl.edu.ar\/index.php\/la-unsl-declara-la-emergencia-economica-financiera-y-administrativa\/","title":{"rendered":"La UNSL declara la emergencia econ\u00f3mica, financiera y administrativa"},"content":{"rendered":"<p><strong>El Consejo Superior declar\u00f3 la emergencia econ\u00f3mica, financiera y administrativa en el \u00e1mbito de la Universidad Nacional de San Luis, por el t\u00e9rmino de 120 d\u00edas, con los efectos en materia acad\u00e9mica que esto conlleva. Asimismo, resolvi\u00f3 manifestar, como comunidad universitaria, una extrema preocupaci\u00f3n respecto de la situaci\u00f3n econ\u00f3mica y presupuestaria de la UNSL.<\/strong><\/p>\n<p>El rector de la Universidad, C.P.N. V\u00edctor Mori\u00f1igo, en su informe inicial de la sesi\u00f3n, se refiri\u00f3 a cuestiones generales y particulares sobre lo que se est\u00e1 viviendo como pa\u00eds. All\u00ed manifest\u00f3 que la situaci\u00f3n general de las universidades es de gravedad, especialmente lo presupuestario, y que a\u00fan no es cr\u00edtica en funci\u00f3n de que se cree que se pueden realizar acciones para poder ir sorteando lo que va a ser un a\u00f1o muy dif\u00edcil.\u00a0<em>\u00abLa situaci\u00f3n es grave y de especial atenci\u00f3n a lo presupuestario, pero todav\u00eda hay caminos por transitar que son los que creemos que vamos a llevar adelante con mucha gesti\u00f3n\u00bb<\/em>, dijo.<\/p>\n<p>Adem\u00e1s, explic\u00f3 que la situaci\u00f3n comienza a agravarse cuando el Gobierno nacional decide no aprobar un presupuesto para el a\u00f1o 2024, sumado a la suba de precios del INDEC y la cuesti\u00f3n inflacionaria del 2023.\u00a0<em>\u00abTenemos el mismo dinero que el a\u00f1o pasado, pero los precios no son los mismos\u00bb<\/em>, enfatiz\u00f3.<\/p>\n<p>A su vez, hizo hincapi\u00e9 que tienen el mejor de los \u00e1nimos y el convencimiento de que se saldr\u00e1 adelante, ya que se cuenta con lo necesario para revertir esta situaci\u00f3n si se tiene un esp\u00edritu de comunidad.\u00a0<em>\u00abTenemos el convencimiento de tener la mayor responsabilidad, pero tambi\u00e9n la mayor austeridad posible. Por supuesto tenemos como objetivo que la Universidad funcione y est\u00e9 abierta\u00bb<\/em>, dijo.<\/p>\n<p><img fetchpriority=\"high\" decoding=\"async\" class=\"aligncenter wp-image-15765 size-full\" src=\"https:\/\/www.fcejs.unsl.edu.ar\/wp-content\/uploads\/2024\/03\/emergencia-economica-03.jpg\" alt=\"\" width=\"1061\" height=\"585\" srcset=\"https:\/\/www.fcejs.unsl.edu.ar\/wp-content\/uploads\/2024\/03\/emergencia-economica-03.jpg 1061w, https:\/\/www.fcejs.unsl.edu.ar\/wp-content\/uploads\/2024\/03\/emergencia-economica-03-300x165.jpg 300w, https:\/\/www.fcejs.unsl.edu.ar\/wp-content\/uploads\/2024\/03\/emergencia-economica-03-1024x565.jpg 1024w, https:\/\/www.fcejs.unsl.edu.ar\/wp-content\/uploads\/2024\/03\/emergencia-economica-03-768x423.jpg 768w\" sizes=\"(max-width: 1061px) 100vw, 1061px\" \/><img decoding=\"async\" class=\"wp-image-96930\" src=\"http:\/\/www.noticias.unsl.edu.ar\/wp-content\/uploads\/2024\/03\/20240305-Primera-sesi%C3%B3n-consejo-superior-10.jpg\" sizes=\"(max-width: 1000px) 100vw, 1000px\" srcset=\"http:\/\/www.noticias.unsl.edu.ar\/wp-content\/uploads\/2024\/03\/20240305-Primera-sesi\u00f3n-consejo-superior-10.jpg 1000w, http:\/\/www.noticias.unsl.edu.ar\/wp-content\/uploads\/2024\/03\/20240305-Primera-sesi\u00f3n-consejo-superior-10-300x200.jpg 300w\" alt=\"\" \/><\/p>\n<p>Remarc\u00f3 que se va a priorizar lo acad\u00e9mico, lo cient\u00edfico, la extensi\u00f3n universitaria y el sostenimiento de que el estudiantado pueda asistir a la Universidad (becas y comedor universitario). Pero tambi\u00e9n acentu\u00f3 en que la Universidad necesita otras confirmaciones que hacen a la Instituci\u00f3n que se cree y se quiere y que tienen que ver con el Programa de adultos mayores, el Programa de discapacidad, los traslados acad\u00e9micos de los y las estudiantes al trabajo de campo, los fondos de capacitaci\u00f3n, o distintas cuestiones que tienen que ver con el nivel acad\u00e9mico de calidad, y que no se est\u00e1 contemplando en el presupuesto universitario.\u00a0<em>\u00abEstamos convencidos de que vamos a poder garantizar durante el a\u00f1o que eso est\u00e9 y sea posible. Vamos a trabajar para que eso se garantice\u00bb<\/em>, expres\u00f3.<\/p>\n<p>Por otra parte, se refiri\u00f3 al anuncio de atraso de sueldos correspondiente al mes de enero, a la eliminaci\u00f3n del FONID, a la Ley \u00d3mnibus en la que en su interior se modificaban varios art\u00edculos de la Ley de Educaci\u00f3n Superior, y sobre el rol importante y de respeto del Consejo Interuniversitario Nacional (CIN) ante esto.\u00a0<em>\u00abEl CIN ha marcado una l\u00ednea clara en donde hemos decidido los canales oficiales de di\u00e1logo con el gobierno nacional. Tuvimos un acercamiento con el Secretario de Educaci\u00f3n de la Naci\u00f3n y con el Subsecretario de Pol\u00edticas Universitarias donde se les plantearon temas como el presupuesto para gastos de funcionamiento; el salario docente; la preocupaci\u00f3n por las becas nacionales; obras; y sobre c\u00f3mo se pagar\u00e1n fondos ya asignados en otro gobierno para programas\u00bb<\/em>, explic\u00f3.<\/p>\n<p>Tambi\u00e9n coment\u00f3 que como estos planteos fueron inconducentes, el CIN ha decidido pedir una audiencia a la Ministra de Capital Humano para explicarle que hay una dependencia directa del gobierno nacional para con las universidades p\u00fablicas, porque no tienen fuentes de financiamiento alternativas.\u00a0<em>\u00abEl Presidente y Vicepresidente del CIN con el Rector de la UBA, nos entrevistaremos con quien sea y haremos un recorrido por el gobierno nacional\u00bb<\/em>, adelant\u00f3.<\/p>\n<figure class=\"wp-block-image\"><img decoding=\"async\" class=\"wp-image-96932\" src=\"http:\/\/www.noticias.unsl.edu.ar\/wp-content\/uploads\/2024\/03\/20240305-Primera-sesi%C3%B3n-consejo-superior-9.jpg\" sizes=\"(max-width: 1000px) 100vw, 1000px\" srcset=\"http:\/\/www.noticias.unsl.edu.ar\/wp-content\/uploads\/2024\/03\/20240305-Primera-sesi\u00f3n-consejo-superior-9.jpg 1000w, http:\/\/www.noticias.unsl.edu.ar\/wp-content\/uploads\/2024\/03\/20240305-Primera-sesi\u00f3n-consejo-superior-9-300x200.jpg 300w\" alt=\"\" \/><img decoding=\"async\" class=\"aligncenter wp-image-15764 size-full\" src=\"https:\/\/www.fcejs.unsl.edu.ar\/wp-content\/uploads\/2024\/03\/emergencia-economica-02.jpg\" alt=\"\" width=\"1061\" height=\"585\" srcset=\"https:\/\/www.fcejs.unsl.edu.ar\/wp-content\/uploads\/2024\/03\/emergencia-economica-02.jpg 1061w, https:\/\/www.fcejs.unsl.edu.ar\/wp-content\/uploads\/2024\/03\/emergencia-economica-02-300x165.jpg 300w, https:\/\/www.fcejs.unsl.edu.ar\/wp-content\/uploads\/2024\/03\/emergencia-economica-02-1024x565.jpg 1024w, https:\/\/www.fcejs.unsl.edu.ar\/wp-content\/uploads\/2024\/03\/emergencia-economica-02-768x423.jpg 768w\" sizes=\"(max-width: 1061px) 100vw, 1061px\" \/><\/figure>\n<p>Advirti\u00f3 que ser\u00e1 un gran camino que se trate una ley de financiamiento a las universidades p\u00fablicas que el Congreso pueda consensuar.\u00a0<em>\u00abCreo que ese puede ser un objetivo final. (\u2026) Estamos en un momento hist\u00f3rico de tener la inmensa responsabilidad de hacer una defensa colectiva del sistema. Nosotros no defendemos privilegios, defendemos derechos\u00bb<\/em>, destac\u00f3.<\/p>\n<p>A nivel Universidad Nacional de San Luis, Mori\u00f1igo present\u00f3 una propuesta referida a la situaci\u00f3n actual econ\u00f3mica \u2013 financiera que afecta al Sistema Universitario Argentino y a la UNSL en particular; y las medidas a tomar con el objeto de garantizar las funciones sustantivas de nuestra Instituci\u00f3n.<\/p>\n<p>Adem\u00e1s, aclar\u00f3 que en la UNSL no hay peligro de dejar afuera a empleados\/as docentes o nodocentes y que ninguna fuente laboral corre peligro. Asimismo, manifest\u00f3 que el servicio nocturno del comedor universitario se reanudar\u00e1 cuando se conozcan los \u00edndices inflacionarios y que no se va a tercerizar. Para finalizar, neg\u00f3 la posibilidad de volver a la virtualidad:\u00a0<em>\u00aboficialmente quiero decir que bajo ning\u00fan punto de vista se me cruz\u00f3 hacer algo que fuimos obligados por la pandemia mundial. No est\u00e1 contemplado que la gente trabaje desde sus casas\u00bb<\/em>.<\/p>\n<p>Para ver la primera sesi\u00f3n del Consejo Superior, ingres\u00e1 al siguiente\u00a0<a href=\"https:\/\/www.youtube.com\/watch?v=DJ14zzlA6lY\">enlace<\/a>.<\/p>\n<p><iframe title=\"Sesi\u00f3n de Consejo Superior 05\/03\/24\" width=\"843\" height=\"474\" src=\"https:\/\/www.youtube.com\/embed\/DJ14zzlA6lY?feature=oembed\" frameborder=\"0\" allow=\"accelerometer; autoplay; clipboard-write; encrypted-media; gyroscope; picture-in-picture; web-share\" allowfullscreen><\/iframe><\/p>\n<p>&nbsp;<\/p>\n<p><strong>Fuente: PRENSA UNSL<\/strong><\/p>\n","protected":false},"excerpt":{"rendered":"<p>El Consejo Superior declar\u00f3 la emergencia econ\u00f3mica, financiera y administrativa en el \u00e1mbito de la Universidad Nacional de San Luis, por el t\u00e9rmino de 120&hellip;<\/p>\n","protected":false},"author":9,"featured_media":15766,"comment_status":"closed","ping_status":"closed","sticky":false,"template":"","format":"standard","meta":{"om_disable_all_campaigns":false,"_monsterinsights_skip_tracking":false,"_monsterinsights_sitenote_active":false,"_monsterinsights_sitenote_note":"","_monsterinsights_sitenote_category":0,"footnotes":""},"categories":[1],"tags":[],"class_list":["post-15763","post","type-post","status-publish","format-standard","has-post-thumbnail","hentry","category-noticias"],"yoast_head":"<!-- This site is optimized with the Yoast SEO plugin v27.4 - https:\/\/yoast.com\/product\/yoast-seo-wordpress\/ -->\n<title>La UNSL declara la emergencia econ\u00f3mica, financiera y administrativa - Facultad de Ciencias Econ\u00f3micas, Jur\u00ed\u00addicas y Sociales<\/title>\n<meta name=\"robots\" content=\"index, follow, max-snippet:-1, max-image-preview:large, max-video-preview:-1\" \/>\n<link rel=\"canonical\" href=\"https:\/\/www.fcejs.unsl.edu.ar\/index.php\/la-unsl-declara-la-emergencia-economica-financiera-y-administrativa\/\" \/>\n<meta property=\"og:locale\" content=\"es_ES\" \/>\n<meta property=\"og:type\" content=\"article\" \/>\n<meta property=\"og:title\" content=\"La UNSL declara la emergencia econ\u00f3mica, financiera y administrativa - Facultad de Ciencias Econ\u00f3micas, Jur\u00ed\u00addicas y Sociales\" \/>\n<meta property=\"og:description\" content=\"El Consejo Superior declar\u00f3 la emergencia econ\u00f3mica, financiera y administrativa en el \u00e1mbito de la Universidad Nacional de San Luis, por el t\u00e9rmino de 120&hellip;\" \/>\n<meta property=\"og:url\" content=\"https:\/\/www.fcejs.unsl.edu.ar\/index.php\/la-unsl-declara-la-emergencia-economica-financiera-y-administrativa\/\" \/>\n<meta property=\"og:site_name\" content=\"Facultad de Ciencias Econ\u00f3micas, Jur\u00ed\u00addicas y Sociales\" \/>\n<meta property=\"article:publisher\" content=\"https:\/\/www.facebook.com\/FCEJS.UNSL\/\" \/>\n<meta property=\"article:published_time\" content=\"2024-03-06T12:01:46+00:00\" \/>\n<meta property=\"article:modified_time\" content=\"2024-03-21T15:33:10+00:00\" \/>\n<meta property=\"og:image\" content=\"https:\/\/www.fcejs.unsl.edu.ar\/wp-content\/uploads\/2024\/03\/emergencia-economica-front.jpg\" \/>\n\t<meta property=\"og:image:width\" content=\"1061\" \/>\n\t<meta property=\"og:image:height\" content=\"585\" \/>\n\t<meta property=\"og:image:type\" content=\"image\/jpeg\" \/>\n<meta name=\"author\" content=\"DATI\" \/>\n<meta name=\"twitter:card\" content=\"summary_large_image\" \/>\n<meta name=\"twitter:creator\" content=\"@FCEJSUNSL\" \/>\n<meta name=\"twitter:site\" content=\"@FCEJSUNSL\" \/>\n<meta name=\"twitter:label1\" content=\"Escrito por\" \/>\n\t<meta name=\"twitter:data1\" content=\"DATI\" \/>\n\t<meta name=\"twitter:label2\" content=\"Tiempo de lectura\" \/>\n\t<meta name=\"twitter:data2\" content=\"5 minutos\" \/>\n<script type=\"application\/ld+json\" class=\"yoast-schema-graph\">{\"@context\":\"https:\\\/\\\/schema.org\",\"@graph\":[{\"@type\":\"Article\",\"@id\":\"https:\\\/\\\/www.fcejs.unsl.edu.ar\\\/index.php\\\/la-unsl-declara-la-emergencia-economica-financiera-y-administrativa\\\/#article\",\"isPartOf\":{\"@id\":\"https:\\\/\\\/www.fcejs.unsl.edu.ar\\\/index.php\\\/la-unsl-declara-la-emergencia-economica-financiera-y-administrativa\\\/\"},\"author\":{\"name\":\"DATI\",\"@id\":\"https:\\\/\\\/www.fcejs.unsl.edu.ar\\\/#\\\/schema\\\/person\\\/352ee6ed90c3f394c7cb5945f8956d34\"},\"headline\":\"La UNSL declara la emergencia econ\u00f3mica, financiera y administrativa\",\"datePublished\":\"2024-03-06T12:01:46+00:00\",\"dateModified\":\"2024-03-21T15:33:10+00:00\",\"mainEntityOfPage\":{\"@id\":\"https:\\\/\\\/www.fcejs.unsl.edu.ar\\\/index.php\\\/la-unsl-declara-la-emergencia-economica-financiera-y-administrativa\\\/\"},\"wordCount\":891,\"publisher\":{\"@id\":\"https:\\\/\\\/www.fcejs.unsl.edu.ar\\\/#organization\"},\"image\":{\"@id\":\"https:\\\/\\\/www.fcejs.unsl.edu.ar\\\/index.php\\\/la-unsl-declara-la-emergencia-economica-financiera-y-administrativa\\\/#primaryimage\"},\"thumbnailUrl\":\"https:\\\/\\\/www.fcejs.unsl.edu.ar\\\/wp-content\\\/uploads\\\/2024\\\/03\\\/emergencia-economica-front.jpg\",\"articleSection\":[\"Noticias\"],\"inLanguage\":\"es-AR\"},{\"@type\":\"WebPage\",\"@id\":\"https:\\\/\\\/www.fcejs.unsl.edu.ar\\\/index.php\\\/la-unsl-declara-la-emergencia-economica-financiera-y-administrativa\\\/\",\"url\":\"https:\\\/\\\/www.fcejs.unsl.edu.ar\\\/index.php\\\/la-unsl-declara-la-emergencia-economica-financiera-y-administrativa\\\/\",\"name\":\"La UNSL declara la emergencia econ\u00f3mica, financiera y administrativa - Facultad de Ciencias Econ\u00f3micas, Jur\u00ed\u00addicas y Sociales\",\"isPartOf\":{\"@id\":\"https:\\\/\\\/www.fcejs.unsl.edu.ar\\\/#website\"},\"primaryImageOfPage\":{\"@id\":\"https:\\\/\\\/www.fcejs.unsl.edu.ar\\\/index.php\\\/la-unsl-declara-la-emergencia-economica-financiera-y-administrativa\\\/#primaryimage\"},\"image\":{\"@id\":\"https:\\\/\\\/www.fcejs.unsl.edu.ar\\\/index.php\\\/la-unsl-declara-la-emergencia-economica-financiera-y-administrativa\\\/#primaryimage\"},\"thumbnailUrl\":\"https:\\\/\\\/www.fcejs.unsl.edu.ar\\\/wp-content\\\/uploads\\\/2024\\\/03\\\/emergencia-economica-front.jpg\",\"datePublished\":\"2024-03-06T12:01:46+00:00\",\"dateModified\":\"2024-03-21T15:33:10+00:00\",\"breadcrumb\":{\"@id\":\"https:\\\/\\\/www.fcejs.unsl.edu.ar\\\/index.php\\\/la-unsl-declara-la-emergencia-economica-financiera-y-administrativa\\\/#breadcrumb\"},\"inLanguage\":\"es-AR\",\"potentialAction\":[{\"@type\":\"ReadAction\",\"target\":[\"https:\\\/\\\/www.fcejs.unsl.edu.ar\\\/index.php\\\/la-unsl-declara-la-emergencia-economica-financiera-y-administrativa\\\/\"]}]},{\"@type\":\"ImageObject\",\"inLanguage\":\"es-AR\",\"@id\":\"https:\\\/\\\/www.fcejs.unsl.edu.ar\\\/index.php\\\/la-unsl-declara-la-emergencia-economica-financiera-y-administrativa\\\/#primaryimage\",\"url\":\"https:\\\/\\\/www.fcejs.unsl.edu.ar\\\/wp-content\\\/uploads\\\/2024\\\/03\\\/emergencia-economica-front.jpg\",\"contentUrl\":\"https:\\\/\\\/www.fcejs.unsl.edu.ar\\\/wp-content\\\/uploads\\\/2024\\\/03\\\/emergencia-economica-front.jpg\",\"width\":1061,\"height\":585},{\"@type\":\"BreadcrumbList\",\"@id\":\"https:\\\/\\\/www.fcejs.unsl.edu.ar\\\/index.php\\\/la-unsl-declara-la-emergencia-economica-financiera-y-administrativa\\\/#breadcrumb\",\"itemListElement\":[{\"@type\":\"ListItem\",\"position\":1,\"name\":\"Inicio\",\"item\":\"https:\\\/\\\/www.fcejs.unsl.edu.ar\\\/\"},{\"@type\":\"ListItem\",\"position\":2,\"name\":\"La UNSL declara la emergencia econ\u00f3mica, financiera y administrativa\"}]},{\"@type\":\"WebSite\",\"@id\":\"https:\\\/\\\/www.fcejs.unsl.edu.ar\\\/#website\",\"url\":\"https:\\\/\\\/www.fcejs.unsl.edu.ar\\\/\",\"name\":\"Facultad de Ciencias Econ\u00f3micas, Jur\u00ed\u00addicas y Sociales\",\"description\":\"\",\"publisher\":{\"@id\":\"https:\\\/\\\/www.fcejs.unsl.edu.ar\\\/#organization\"},\"potentialAction\":[{\"@type\":\"SearchAction\",\"target\":{\"@type\":\"EntryPoint\",\"urlTemplate\":\"https:\\\/\\\/www.fcejs.unsl.edu.ar\\\/?s={search_term_string}\"},\"query-input\":{\"@type\":\"PropertyValueSpecification\",\"valueRequired\":true,\"valueName\":\"search_term_string\"}}],\"inLanguage\":\"es-AR\"},{\"@type\":\"Organization\",\"@id\":\"https:\\\/\\\/www.fcejs.unsl.edu.ar\\\/#organization\",\"name\":\"Facultad de Ciencias Econ\u00f3micas, Jur\u00eddicas y Sociales\",\"url\":\"https:\\\/\\\/www.fcejs.unsl.edu.ar\\\/\",\"logo\":{\"@type\":\"ImageObject\",\"inLanguage\":\"es-AR\",\"@id\":\"https:\\\/\\\/www.fcejs.unsl.edu.ar\\\/#\\\/schema\\\/logo\\\/image\\\/\",\"url\":\"https:\\\/\\\/www.fcejs.unsl.edu.ar\\\/wp-content\\\/uploads\\\/2021\\\/03\\\/logo-1.jpg\",\"contentUrl\":\"https:\\\/\\\/www.fcejs.unsl.edu.ar\\\/wp-content\\\/uploads\\\/2021\\\/03\\\/logo-1.jpg\",\"width\":471,\"height\":146,\"caption\":\"Facultad de Ciencias Econ\u00f3micas, Jur\u00eddicas y Sociales\"},\"image\":{\"@id\":\"https:\\\/\\\/www.fcejs.unsl.edu.ar\\\/#\\\/schema\\\/logo\\\/image\\\/\"},\"sameAs\":[\"https:\\\/\\\/www.facebook.com\\\/FCEJS.UNSL\\\/\",\"https:\\\/\\\/x.com\\\/FCEJSUNSL\",\"https:\\\/\\\/www.instagram.com\\\/fcejs.unsl\\\/\",\"https:\\\/\\\/www.youtube.com\\\/channel\\\/UCH-Ut6EaN_X5ogjIQMPe46g\\\/\"]},{\"@type\":\"Person\",\"@id\":\"https:\\\/\\\/www.fcejs.unsl.edu.ar\\\/#\\\/schema\\\/person\\\/352ee6ed90c3f394c7cb5945f8956d34\",\"name\":\"DATI\"}]}<\/script>\n<!-- \/ Yoast SEO plugin. -->","yoast_head_json":{"title":"La UNSL declara la emergencia econ\u00f3mica, financiera y administrativa - Facultad de Ciencias Econ\u00f3micas, Jur\u00ed\u00addicas y Sociales","robots":{"index":"index","follow":"follow","max-snippet":"max-snippet:-1","max-image-preview":"max-image-preview:large","max-video-preview":"max-video-preview:-1"},"canonical":"https:\/\/www.fcejs.unsl.edu.ar\/index.php\/la-unsl-declara-la-emergencia-economica-financiera-y-administrativa\/","og_locale":"es_ES","og_type":"article","og_title":"La UNSL declara la emergencia econ\u00f3mica, financiera y administrativa - Facultad de Ciencias Econ\u00f3micas, Jur\u00ed\u00addicas y Sociales","og_description":"El Consejo Superior declar\u00f3 la emergencia econ\u00f3mica, financiera y administrativa en el \u00e1mbito de la Universidad Nacional de San Luis, por el t\u00e9rmino de 120&hellip;","og_url":"https:\/\/www.fcejs.unsl.edu.ar\/index.php\/la-unsl-declara-la-emergencia-economica-financiera-y-administrativa\/","og_site_name":"Facultad de Ciencias Econ\u00f3micas, Jur\u00ed\u00addicas y Sociales","article_publisher":"https:\/\/www.facebook.com\/FCEJS.UNSL\/","article_published_time":"2024-03-06T12:01:46+00:00","article_modified_time":"2024-03-21T15:33:10+00:00","og_image":[{"width":1061,"height":585,"url":"https:\/\/www.fcejs.unsl.edu.ar\/wp-content\/uploads\/2024\/03\/emergencia-economica-front.jpg","type":"image\/jpeg"}],"author":"DATI","twitter_card":"summary_large_image","twitter_creator":"@FCEJSUNSL","twitter_site":"@FCEJSUNSL","twitter_misc":{"Escrito por":"DATI","Tiempo de lectura":"5 minutos"},"schema":{"@context":"https:\/\/schema.org","@graph":[{"@type":"Article","@id":"https:\/\/www.fcejs.unsl.edu.ar\/index.php\/la-unsl-declara-la-emergencia-economica-financiera-y-administrativa\/#article","isPartOf":{"@id":"https:\/\/www.fcejs.unsl.edu.ar\/index.php\/la-unsl-declara-la-emergencia-economica-financiera-y-administrativa\/"},"author":{"name":"DATI","@id":"https:\/\/www.fcejs.unsl.edu.ar\/#\/schema\/person\/352ee6ed90c3f394c7cb5945f8956d34"},"headline":"La UNSL declara la emergencia econ\u00f3mica, financiera y administrativa","datePublished":"2024-03-06T12:01:46+00:00","dateModified":"2024-03-21T15:33:10+00:00","mainEntityOfPage":{"@id":"https:\/\/www.fcejs.unsl.edu.ar\/index.php\/la-unsl-declara-la-emergencia-economica-financiera-y-administrativa\/"},"wordCount":891,"publisher":{"@id":"https:\/\/www.fcejs.unsl.edu.ar\/#organization"},"image":{"@id":"https:\/\/www.fcejs.unsl.edu.ar\/index.php\/la-unsl-declara-la-emergencia-economica-financiera-y-administrativa\/#primaryimage"},"thumbnailUrl":"https:\/\/www.fcejs.unsl.edu.ar\/wp-content\/uploads\/2024\/03\/emergencia-economica-front.jpg","articleSection":["Noticias"],"inLanguage":"es-AR"},{"@type":"WebPage","@id":"https:\/\/www.fcejs.unsl.edu.ar\/index.php\/la-unsl-declara-la-emergencia-economica-financiera-y-administrativa\/","url":"https:\/\/www.fcejs.unsl.edu.ar\/index.php\/la-unsl-declara-la-emergencia-economica-financiera-y-administrativa\/","name":"La UNSL declara la emergencia econ\u00f3mica, financiera y administrativa - Facultad de Ciencias Econ\u00f3micas, Jur\u00ed\u00addicas y Sociales","isPartOf":{"@id":"https:\/\/www.fcejs.unsl.edu.ar\/#website"},"primaryImageOfPage":{"@id":"https:\/\/www.fcejs.unsl.edu.ar\/index.php\/la-unsl-declara-la-emergencia-economica-financiera-y-administrativa\/#primaryimage"},"image":{"@id":"https:\/\/www.fcejs.unsl.edu.ar\/index.php\/la-unsl-declara-la-emergencia-economica-financiera-y-administrativa\/#primaryimage"},"thumbnailUrl":"https:\/\/www.fcejs.unsl.edu.ar\/wp-content\/uploads\/2024\/03\/emergencia-economica-front.jpg","datePublished":"2024-03-06T12:01:46+00:00","dateModified":"2024-03-21T15:33:10+00:00","breadcrumb":{"@id":"https:\/\/www.fcejs.unsl.edu.ar\/index.php\/la-unsl-declara-la-emergencia-economica-financiera-y-administrativa\/#breadcrumb"},"inLanguage":"es-AR","potentialAction":[{"@type":"ReadAction","target":["https:\/\/www.fcejs.unsl.edu.ar\/index.php\/la-unsl-declara-la-emergencia-economica-financiera-y-administrativa\/"]}]},{"@type":"ImageObject","inLanguage":"es-AR","@id":"https:\/\/www.fcejs.unsl.edu.ar\/index.php\/la-unsl-declara-la-emergencia-economica-financiera-y-administrativa\/#primaryimage","url":"https:\/\/www.fcejs.unsl.edu.ar\/wp-content\/uploads\/2024\/03\/emergencia-economica-front.jpg","contentUrl":"https:\/\/www.fcejs.unsl.edu.ar\/wp-content\/uploads\/2024\/03\/emergencia-economica-front.jpg","width":1061,"height":585},{"@type":"BreadcrumbList","@id":"https:\/\/www.fcejs.unsl.edu.ar\/index.php\/la-unsl-declara-la-emergencia-economica-financiera-y-administrativa\/#breadcrumb","itemListElement":[{"@type":"ListItem","position":1,"name":"Inicio","item":"https:\/\/www.fcejs.unsl.edu.ar\/"},{"@type":"ListItem","position":2,"name":"La UNSL declara la emergencia econ\u00f3mica, financiera y administrativa"}]},{"@type":"WebSite","@id":"https:\/\/www.fcejs.unsl.edu.ar\/#website","url":"https:\/\/www.fcejs.unsl.edu.ar\/","name":"Facultad de Ciencias Econ\u00f3micas, Jur\u00ed\u00addicas y Sociales","description":"","publisher":{"@id":"https:\/\/www.fcejs.unsl.edu.ar\/#organization"},"potentialAction":[{"@type":"SearchAction","target":{"@type":"EntryPoint","urlTemplate":"https:\/\/www.fcejs.unsl.edu.ar\/?s={search_term_string}"},"query-input":{"@type":"PropertyValueSpecification","valueRequired":true,"valueName":"search_term_string"}}],"inLanguage":"es-AR"},{"@type":"Organization","@id":"https:\/\/www.fcejs.unsl.edu.ar\/#organization","name":"Facultad de Ciencias Econ\u00f3micas, Jur\u00eddicas y Sociales","url":"https:\/\/www.fcejs.unsl.edu.ar\/","logo":{"@type":"ImageObject","inLanguage":"es-AR","@id":"https:\/\/www.fcejs.unsl.edu.ar\/#\/schema\/logo\/image\/","url":"https:\/\/www.fcejs.unsl.edu.ar\/wp-content\/uploads\/2021\/03\/logo-1.jpg","contentUrl":"https:\/\/www.fcejs.unsl.edu.ar\/wp-content\/uploads\/2021\/03\/logo-1.jpg","width":471,"height":146,"caption":"Facultad de Ciencias Econ\u00f3micas, Jur\u00eddicas y Sociales"},"image":{"@id":"https:\/\/www.fcejs.unsl.edu.ar\/#\/schema\/logo\/image\/"},"sameAs":["https:\/\/www.facebook.com\/FCEJS.UNSL\/","https:\/\/x.com\/FCEJSUNSL","https:\/\/www.instagram.com\/fcejs.unsl\/","https:\/\/www.youtube.com\/channel\/UCH-Ut6EaN_X5ogjIQMPe46g\/"]},{"@type":"Person","@id":"https:\/\/www.fcejs.unsl.edu.ar\/#\/schema\/person\/352ee6ed90c3f394c7cb5945f8956d34","name":"DATI"}]}},"jetpack_featured_media_url":"https:\/\/www.fcejs.unsl.edu.ar\/wp-content\/uploads\/2024\/03\/emergencia-economica-front.jpg","_links":{"self":[{"href":"https:\/\/www.fcejs.unsl.edu.ar\/index.php\/wp-json\/wp\/v2\/posts\/15763","targetHints":{"allow":["GET"]}}],"collection":[{"href":"https:\/\/www.fcejs.unsl.edu.ar\/index.php\/wp-json\/wp\/v2\/posts"}],"about":[{"href":"https:\/\/www.fcejs.unsl.edu.ar\/index.php\/wp-json\/wp\/v2\/types\/post"}],"author":[{"embeddable":true,"href":"https:\/\/www.fcejs.unsl.edu.ar\/index.php\/wp-json\/wp\/v2\/users\/9"}],"replies":[{"embeddable":true,"href":"https:\/\/www.fcejs.unsl.edu.ar\/index.php\/wp-json\/wp\/v2\/comments?post=15763"}],"version-history":[{"count":3,"href":"https:\/\/www.fcejs.unsl.edu.ar\/index.php\/wp-json\/wp\/v2\/posts\/15763\/revisions"}],"predecessor-version":[{"id":15769,"href":"https:\/\/www.fcejs.unsl.edu.ar\/index.php\/wp-json\/wp\/v2\/posts\/15763\/revisions\/15769"}],"wp:featuredmedia":[{"embeddable":true,"href":"https:\/\/www.fcejs.unsl.edu.ar\/index.php\/wp-json\/wp\/v2\/media\/15766"}],"wp:attachment":[{"href":"https:\/\/www.fcejs.unsl.edu.ar\/index.php\/wp-json\/wp\/v2\/media?parent=15763"}],"wp:term":[{"taxonomy":"category","embeddable":true,"href":"https:\/\/www.fcejs.unsl.edu.ar\/index.php\/wp-json\/wp\/v2\/categories?post=15763"},{"taxonomy":"post_tag","embeddable":true,"href":"https:\/\/www.fcejs.unsl.edu.ar\/index.php\/wp-json\/wp\/v2\/tags?post=15763"}],"curies":[{"name":"wp","href":"https:\/\/api.w.org\/{rel}","templated":true}]}}