{"id":15712,"date":"2024-03-04T13:41:44","date_gmt":"2024-03-04T16:41:44","guid":{"rendered":"http:\/\/10.101.10.197\/www\/?p=15712"},"modified":"2024-03-08T09:05:52","modified_gmt":"2024-03-08T12:05:52","slug":"la-fcejs-trabaja-para-que-estudiantes-realicen-las-practicas-pre-profesionales-en-el-hospital-regional-juan-d-peron","status":"publish","type":"post","link":"https:\/\/www.fcejs.unsl.edu.ar\/index.php\/la-fcejs-trabaja-para-que-estudiantes-realicen-las-practicas-pre-profesionales-en-el-hospital-regional-juan-d-peron\/","title":{"rendered":"La FCEJS trabaja para que estudiantes realicen las pr\u00e1cticas pre-profesionales en el Hospital Regional Juan D. Per\u00f3n"},"content":{"rendered":"<p>El d\u00eda viernes 1 de marzo, el Vicerrector de la UNSL, Mgtr. H\u00e9ctor Flores y la decana de la FCEJS, mantuvieron una reuni\u00f3n con la Directora del Hospital Regional Juan D. Peron, Berta Arenas.<\/p>\n<p>En el encuentro dialogaron sobre la articulaci\u00f3n de pr\u00e1cticas pre profesionales de estudiantes de la FCEJS en el Hospital Regional Juan D. Per\u00f3n. La Directora,\u00a0 Berta Arenas manifest\u00f3 sus objetivos como directora del Hospital, as\u00ed como tambi\u00e9n las necesidades. Por su parte, la Mgtr. Roxanna Camiletti, remarc\u00f3 que, a partir de estos di\u00e1logos, se puede desde la FCEJS promover a los estudiantes y futuros profesionales para realizar sus pr\u00e1cticas en el Hospital.<\/p>\n<p><img fetchpriority=\"high\" decoding=\"async\" class=\" wp-image-15726 alignright\" src=\"https:\/\/www.fcejs.unsl.edu.ar\/wp-content\/uploads\/2024\/03\/reunion-arenas-todos.jpg\" alt=\"\" width=\"453\" height=\"244\" srcset=\"https:\/\/www.fcejs.unsl.edu.ar\/wp-content\/uploads\/2024\/03\/reunion-arenas-todos.jpg 796w, https:\/\/www.fcejs.unsl.edu.ar\/wp-content\/uploads\/2024\/03\/reunion-arenas-todos-300x162.jpg 300w, https:\/\/www.fcejs.unsl.edu.ar\/wp-content\/uploads\/2024\/03\/reunion-arenas-todos-768x414.jpg 768w\" sizes=\"(max-width: 453px) 100vw, 453px\" \/><\/p>\n<p>En la reuni\u00f3n estuvieron presentes, la Secretaria Acad\u00e9mica de FCEJS, Esp. Patricia Moran; la Subsecretaria de Comunicaci\u00f3n, Ceremonial y Protocolo, Abg. Ail\u00edn Umpi\u00e9rrez; el Jefe de Enfermer\u00eda, Lic. Hugo Periale; la Jefa de Farmacia, Lic. Cristina Arias, el Lic. Miguel Bonetto; la\u00a0 Jefa de Laboratorio, Dra. M\u00f3nica Picolo; la Sub Jefa Dra. Karina Chirino; la Jefa del \u00c1rea de Servicios Sociales, Paola Barrionuevo; la Lic. Lorena Tosello de Servicios Sociales, la Lic. Paula Carabajal, a cargo del CPAA VM y la Acompa\u00f1ante Terap\u00e9utica Diana Yofe CPAA.<\/p>\n","protected":false},"excerpt":{"rendered":"<p>El d\u00eda viernes 1 de marzo, el Vicerrector de la UNSL, Mgtr. H\u00e9ctor Flores y la decana de la FCEJS, mantuvieron una reuni\u00f3n con la&hellip;<\/p>\n","protected":false},"author":9,"featured_media":15714,"comment_status":"closed","ping_status":"closed","sticky":false,"template":"","format":"standard","meta":{"om_disable_all_campaigns":false,"_monsterinsights_skip_tracking":false,"_monsterinsights_sitenote_active":false,"_monsterinsights_sitenote_note":"","_monsterinsights_sitenote_category":0,"footnotes":""},"categories":[1],"tags":[],"class_list":["post-15712","post","type-post","status-publish","format-standard","has-post-thumbnail","hentry","category-noticias"],"yoast_head":"<!-- This site is optimized with the Yoast SEO plugin v27.4 - https:\/\/yoast.com\/product\/yoast-seo-wordpress\/ -->\n<title>La FCEJS trabaja para que estudiantes realicen las pr\u00e1cticas pre-profesionales en el Hospital Regional Juan D. Per\u00f3n - Facultad de Ciencias Econ\u00f3micas, Jur\u00ed\u00addicas y Sociales<\/title>\n<meta name=\"robots\" content=\"index, follow, max-snippet:-1, max-image-preview:large, max-video-preview:-1\" \/>\n<link rel=\"canonical\" href=\"https:\/\/www.fcejs.unsl.edu.ar\/index.php\/la-fcejs-trabaja-para-que-estudiantes-realicen-las-practicas-pre-profesionales-en-el-hospital-regional-juan-d-peron\/\" \/>\n<meta property=\"og:locale\" content=\"es_ES\" \/>\n<meta property=\"og:type\" content=\"article\" \/>\n<meta property=\"og:title\" content=\"La FCEJS trabaja para que estudiantes realicen las pr\u00e1cticas pre-profesionales en el Hospital Regional Juan D. Per\u00f3n - Facultad de Ciencias Econ\u00f3micas, Jur\u00ed\u00addicas y Sociales\" \/>\n<meta property=\"og:description\" content=\"El d\u00eda viernes 1 de marzo, el Vicerrector de la UNSL, Mgtr. H\u00e9ctor Flores y la decana de la FCEJS, mantuvieron una reuni\u00f3n con la&hellip;\" \/>\n<meta property=\"og:url\" content=\"https:\/\/www.fcejs.unsl.edu.ar\/index.php\/la-fcejs-trabaja-para-que-estudiantes-realicen-las-practicas-pre-profesionales-en-el-hospital-regional-juan-d-peron\/\" \/>\n<meta property=\"og:site_name\" content=\"Facultad de Ciencias Econ\u00f3micas, Jur\u00ed\u00addicas y Sociales\" \/>\n<meta property=\"article:publisher\" content=\"https:\/\/www.facebook.com\/FCEJS.UNSL\/\" \/>\n<meta property=\"article:published_time\" content=\"2024-03-04T16:41:44+00:00\" \/>\n<meta property=\"article:modified_time\" content=\"2024-03-08T12:05:52+00:00\" \/>\n<meta property=\"og:image\" content=\"https:\/\/www.fcejs.unsl.edu.ar\/wp-content\/uploads\/2024\/03\/reunion-arenas-front.jpg\" \/>\n\t<meta property=\"og:image:width\" content=\"1152\" \/>\n\t<meta property=\"og:image:height\" content=\"647\" \/>\n\t<meta property=\"og:image:type\" content=\"image\/jpeg\" \/>\n<meta name=\"author\" content=\"DATI\" \/>\n<meta name=\"twitter:card\" content=\"summary_large_image\" \/>\n<meta name=\"twitter:creator\" content=\"@FCEJSUNSL\" \/>\n<meta name=\"twitter:site\" content=\"@FCEJSUNSL\" \/>\n<meta name=\"twitter:label1\" content=\"Escrito por\" \/>\n\t<meta name=\"twitter:data1\" content=\"DATI\" \/>\n\t<meta name=\"twitter:label2\" content=\"Tiempo de lectura\" \/>\n\t<meta name=\"twitter:data2\" content=\"2 minutos\" \/>\n<script type=\"application\/ld+json\" class=\"yoast-schema-graph\">{\"@context\":\"https:\\\/\\\/schema.org\",\"@graph\":[{\"@type\":\"Article\",\"@id\":\"https:\\\/\\\/www.fcejs.unsl.edu.ar\\\/index.php\\\/la-fcejs-trabaja-para-que-estudiantes-realicen-las-practicas-pre-profesionales-en-el-hospital-regional-juan-d-peron\\\/#article\",\"isPartOf\":{\"@id\":\"https:\\\/\\\/www.fcejs.unsl.edu.ar\\\/index.php\\\/la-fcejs-trabaja-para-que-estudiantes-realicen-las-practicas-pre-profesionales-en-el-hospital-regional-juan-d-peron\\\/\"},\"author\":{\"name\":\"DATI\",\"@id\":\"https:\\\/\\\/www.fcejs.unsl.edu.ar\\\/#\\\/schema\\\/person\\\/352ee6ed90c3f394c7cb5945f8956d34\"},\"headline\":\"La FCEJS trabaja para que estudiantes realicen las pr\u00e1cticas pre-profesionales en el Hospital Regional Juan D. Per\u00f3n\",\"datePublished\":\"2024-03-04T16:41:44+00:00\",\"dateModified\":\"2024-03-08T12:05:52+00:00\",\"mainEntityOfPage\":{\"@id\":\"https:\\\/\\\/www.fcejs.unsl.edu.ar\\\/index.php\\\/la-fcejs-trabaja-para-que-estudiantes-realicen-las-practicas-pre-profesionales-en-el-hospital-regional-juan-d-peron\\\/\"},\"wordCount\":228,\"publisher\":{\"@id\":\"https:\\\/\\\/www.fcejs.unsl.edu.ar\\\/#organization\"},\"image\":{\"@id\":\"https:\\\/\\\/www.fcejs.unsl.edu.ar\\\/index.php\\\/la-fcejs-trabaja-para-que-estudiantes-realicen-las-practicas-pre-profesionales-en-el-hospital-regional-juan-d-peron\\\/#primaryimage\"},\"thumbnailUrl\":\"https:\\\/\\\/www.fcejs.unsl.edu.ar\\\/wp-content\\\/uploads\\\/2024\\\/03\\\/reunion-arenas-front.jpg\",\"articleSection\":[\"Noticias\"],\"inLanguage\":\"es-AR\"},{\"@type\":\"WebPage\",\"@id\":\"https:\\\/\\\/www.fcejs.unsl.edu.ar\\\/index.php\\\/la-fcejs-trabaja-para-que-estudiantes-realicen-las-practicas-pre-profesionales-en-el-hospital-regional-juan-d-peron\\\/\",\"url\":\"https:\\\/\\\/www.fcejs.unsl.edu.ar\\\/index.php\\\/la-fcejs-trabaja-para-que-estudiantes-realicen-las-practicas-pre-profesionales-en-el-hospital-regional-juan-d-peron\\\/\",\"name\":\"La FCEJS trabaja para que estudiantes realicen las pr\u00e1cticas pre-profesionales en el Hospital Regional Juan D. Per\u00f3n - Facultad de Ciencias Econ\u00f3micas, Jur\u00ed\u00addicas y Sociales\",\"isPartOf\":{\"@id\":\"https:\\\/\\\/www.fcejs.unsl.edu.ar\\\/#website\"},\"primaryImageOfPage\":{\"@id\":\"https:\\\/\\\/www.fcejs.unsl.edu.ar\\\/index.php\\\/la-fcejs-trabaja-para-que-estudiantes-realicen-las-practicas-pre-profesionales-en-el-hospital-regional-juan-d-peron\\\/#primaryimage\"},\"image\":{\"@id\":\"https:\\\/\\\/www.fcejs.unsl.edu.ar\\\/index.php\\\/la-fcejs-trabaja-para-que-estudiantes-realicen-las-practicas-pre-profesionales-en-el-hospital-regional-juan-d-peron\\\/#primaryimage\"},\"thumbnailUrl\":\"https:\\\/\\\/www.fcejs.unsl.edu.ar\\\/wp-content\\\/uploads\\\/2024\\\/03\\\/reunion-arenas-front.jpg\",\"datePublished\":\"2024-03-04T16:41:44+00:00\",\"dateModified\":\"2024-03-08T12:05:52+00:00\",\"breadcrumb\":{\"@id\":\"https:\\\/\\\/www.fcejs.unsl.edu.ar\\\/index.php\\\/la-fcejs-trabaja-para-que-estudiantes-realicen-las-practicas-pre-profesionales-en-el-hospital-regional-juan-d-peron\\\/#breadcrumb\"},\"inLanguage\":\"es-AR\",\"potentialAction\":[{\"@type\":\"ReadAction\",\"target\":[\"https:\\\/\\\/www.fcejs.unsl.edu.ar\\\/index.php\\\/la-fcejs-trabaja-para-que-estudiantes-realicen-las-practicas-pre-profesionales-en-el-hospital-regional-juan-d-peron\\\/\"]}]},{\"@type\":\"ImageObject\",\"inLanguage\":\"es-AR\",\"@id\":\"https:\\\/\\\/www.fcejs.unsl.edu.ar\\\/index.php\\\/la-fcejs-trabaja-para-que-estudiantes-realicen-las-practicas-pre-profesionales-en-el-hospital-regional-juan-d-peron\\\/#primaryimage\",\"url\":\"https:\\\/\\\/www.fcejs.unsl.edu.ar\\\/wp-content\\\/uploads\\\/2024\\\/03\\\/reunion-arenas-front.jpg\",\"contentUrl\":\"https:\\\/\\\/www.fcejs.unsl.edu.ar\\\/wp-content\\\/uploads\\\/2024\\\/03\\\/reunion-arenas-front.jpg\",\"width\":1152,\"height\":647},{\"@type\":\"BreadcrumbList\",\"@id\":\"https:\\\/\\\/www.fcejs.unsl.edu.ar\\\/index.php\\\/la-fcejs-trabaja-para-que-estudiantes-realicen-las-practicas-pre-profesionales-en-el-hospital-regional-juan-d-peron\\\/#breadcrumb\",\"itemListElement\":[{\"@type\":\"ListItem\",\"position\":1,\"name\":\"Inicio\",\"item\":\"https:\\\/\\\/www.fcejs.unsl.edu.ar\\\/\"},{\"@type\":\"ListItem\",\"position\":2,\"name\":\"La FCEJS trabaja para que estudiantes realicen las pr\u00e1cticas pre-profesionales en el Hospital Regional Juan D. Per\u00f3n\"}]},{\"@type\":\"WebSite\",\"@id\":\"https:\\\/\\\/www.fcejs.unsl.edu.ar\\\/#website\",\"url\":\"https:\\\/\\\/www.fcejs.unsl.edu.ar\\\/\",\"name\":\"Facultad de Ciencias Econ\u00f3micas, Jur\u00ed\u00addicas y Sociales\",\"description\":\"\",\"publisher\":{\"@id\":\"https:\\\/\\\/www.fcejs.unsl.edu.ar\\\/#organization\"},\"potentialAction\":[{\"@type\":\"SearchAction\",\"target\":{\"@type\":\"EntryPoint\",\"urlTemplate\":\"https:\\\/\\\/www.fcejs.unsl.edu.ar\\\/?s={search_term_string}\"},\"query-input\":{\"@type\":\"PropertyValueSpecification\",\"valueRequired\":true,\"valueName\":\"search_term_string\"}}],\"inLanguage\":\"es-AR\"},{\"@type\":\"Organization\",\"@id\":\"https:\\\/\\\/www.fcejs.unsl.edu.ar\\\/#organization\",\"name\":\"Facultad de Ciencias Econ\u00f3micas, Jur\u00eddicas y Sociales\",\"url\":\"https:\\\/\\\/www.fcejs.unsl.edu.ar\\\/\",\"logo\":{\"@type\":\"ImageObject\",\"inLanguage\":\"es-AR\",\"@id\":\"https:\\\/\\\/www.fcejs.unsl.edu.ar\\\/#\\\/schema\\\/logo\\\/image\\\/\",\"url\":\"https:\\\/\\\/www.fcejs.unsl.edu.ar\\\/wp-content\\\/uploads\\\/2021\\\/03\\\/logo-1.jpg\",\"contentUrl\":\"https:\\\/\\\/www.fcejs.unsl.edu.ar\\\/wp-content\\\/uploads\\\/2021\\\/03\\\/logo-1.jpg\",\"width\":471,\"height\":146,\"caption\":\"Facultad de Ciencias Econ\u00f3micas, Jur\u00eddicas y Sociales\"},\"image\":{\"@id\":\"https:\\\/\\\/www.fcejs.unsl.edu.ar\\\/#\\\/schema\\\/logo\\\/image\\\/\"},\"sameAs\":[\"https:\\\/\\\/www.facebook.com\\\/FCEJS.UNSL\\\/\",\"https:\\\/\\\/x.com\\\/FCEJSUNSL\",\"https:\\\/\\\/www.instagram.com\\\/fcejs.unsl\\\/\",\"https:\\\/\\\/www.youtube.com\\\/channel\\\/UCH-Ut6EaN_X5ogjIQMPe46g\\\/\"]},{\"@type\":\"Person\",\"@id\":\"https:\\\/\\\/www.fcejs.unsl.edu.ar\\\/#\\\/schema\\\/person\\\/352ee6ed90c3f394c7cb5945f8956d34\",\"name\":\"DATI\"}]}<\/script>\n<!-- \/ Yoast SEO plugin. -->","yoast_head_json":{"title":"La FCEJS trabaja para que estudiantes realicen las pr\u00e1cticas pre-profesionales en el Hospital Regional Juan D. Per\u00f3n - Facultad de Ciencias Econ\u00f3micas, Jur\u00ed\u00addicas y Sociales","robots":{"index":"index","follow":"follow","max-snippet":"max-snippet:-1","max-image-preview":"max-image-preview:large","max-video-preview":"max-video-preview:-1"},"canonical":"https:\/\/www.fcejs.unsl.edu.ar\/index.php\/la-fcejs-trabaja-para-que-estudiantes-realicen-las-practicas-pre-profesionales-en-el-hospital-regional-juan-d-peron\/","og_locale":"es_ES","og_type":"article","og_title":"La FCEJS trabaja para que estudiantes realicen las pr\u00e1cticas pre-profesionales en el Hospital Regional Juan D. Per\u00f3n - Facultad de Ciencias Econ\u00f3micas, Jur\u00ed\u00addicas y Sociales","og_description":"El d\u00eda viernes 1 de marzo, el Vicerrector de la UNSL, Mgtr. H\u00e9ctor Flores y la decana de la FCEJS, mantuvieron una reuni\u00f3n con la&hellip;","og_url":"https:\/\/www.fcejs.unsl.edu.ar\/index.php\/la-fcejs-trabaja-para-que-estudiantes-realicen-las-practicas-pre-profesionales-en-el-hospital-regional-juan-d-peron\/","og_site_name":"Facultad de Ciencias Econ\u00f3micas, Jur\u00ed\u00addicas y Sociales","article_publisher":"https:\/\/www.facebook.com\/FCEJS.UNSL\/","article_published_time":"2024-03-04T16:41:44+00:00","article_modified_time":"2024-03-08T12:05:52+00:00","og_image":[{"width":1152,"height":647,"url":"https:\/\/www.fcejs.unsl.edu.ar\/wp-content\/uploads\/2024\/03\/reunion-arenas-front.jpg","type":"image\/jpeg"}],"author":"DATI","twitter_card":"summary_large_image","twitter_creator":"@FCEJSUNSL","twitter_site":"@FCEJSUNSL","twitter_misc":{"Escrito por":"DATI","Tiempo de lectura":"2 minutos"},"schema":{"@context":"https:\/\/schema.org","@graph":[{"@type":"Article","@id":"https:\/\/www.fcejs.unsl.edu.ar\/index.php\/la-fcejs-trabaja-para-que-estudiantes-realicen-las-practicas-pre-profesionales-en-el-hospital-regional-juan-d-peron\/#article","isPartOf":{"@id":"https:\/\/www.fcejs.unsl.edu.ar\/index.php\/la-fcejs-trabaja-para-que-estudiantes-realicen-las-practicas-pre-profesionales-en-el-hospital-regional-juan-d-peron\/"},"author":{"name":"DATI","@id":"https:\/\/www.fcejs.unsl.edu.ar\/#\/schema\/person\/352ee6ed90c3f394c7cb5945f8956d34"},"headline":"La FCEJS trabaja para que estudiantes realicen las pr\u00e1cticas pre-profesionales en el Hospital Regional Juan D. Per\u00f3n","datePublished":"2024-03-04T16:41:44+00:00","dateModified":"2024-03-08T12:05:52+00:00","mainEntityOfPage":{"@id":"https:\/\/www.fcejs.unsl.edu.ar\/index.php\/la-fcejs-trabaja-para-que-estudiantes-realicen-las-practicas-pre-profesionales-en-el-hospital-regional-juan-d-peron\/"},"wordCount":228,"publisher":{"@id":"https:\/\/www.fcejs.unsl.edu.ar\/#organization"},"image":{"@id":"https:\/\/www.fcejs.unsl.edu.ar\/index.php\/la-fcejs-trabaja-para-que-estudiantes-realicen-las-practicas-pre-profesionales-en-el-hospital-regional-juan-d-peron\/#primaryimage"},"thumbnailUrl":"https:\/\/www.fcejs.unsl.edu.ar\/wp-content\/uploads\/2024\/03\/reunion-arenas-front.jpg","articleSection":["Noticias"],"inLanguage":"es-AR"},{"@type":"WebPage","@id":"https:\/\/www.fcejs.unsl.edu.ar\/index.php\/la-fcejs-trabaja-para-que-estudiantes-realicen-las-practicas-pre-profesionales-en-el-hospital-regional-juan-d-peron\/","url":"https:\/\/www.fcejs.unsl.edu.ar\/index.php\/la-fcejs-trabaja-para-que-estudiantes-realicen-las-practicas-pre-profesionales-en-el-hospital-regional-juan-d-peron\/","name":"La FCEJS trabaja para que estudiantes realicen las pr\u00e1cticas pre-profesionales en el Hospital Regional Juan D. Per\u00f3n - Facultad de Ciencias Econ\u00f3micas, Jur\u00ed\u00addicas y Sociales","isPartOf":{"@id":"https:\/\/www.fcejs.unsl.edu.ar\/#website"},"primaryImageOfPage":{"@id":"https:\/\/www.fcejs.unsl.edu.ar\/index.php\/la-fcejs-trabaja-para-que-estudiantes-realicen-las-practicas-pre-profesionales-en-el-hospital-regional-juan-d-peron\/#primaryimage"},"image":{"@id":"https:\/\/www.fcejs.unsl.edu.ar\/index.php\/la-fcejs-trabaja-para-que-estudiantes-realicen-las-practicas-pre-profesionales-en-el-hospital-regional-juan-d-peron\/#primaryimage"},"thumbnailUrl":"https:\/\/www.fcejs.unsl.edu.ar\/wp-content\/uploads\/2024\/03\/reunion-arenas-front.jpg","datePublished":"2024-03-04T16:41:44+00:00","dateModified":"2024-03-08T12:05:52+00:00","breadcrumb":{"@id":"https:\/\/www.fcejs.unsl.edu.ar\/index.php\/la-fcejs-trabaja-para-que-estudiantes-realicen-las-practicas-pre-profesionales-en-el-hospital-regional-juan-d-peron\/#breadcrumb"},"inLanguage":"es-AR","potentialAction":[{"@type":"ReadAction","target":["https:\/\/www.fcejs.unsl.edu.ar\/index.php\/la-fcejs-trabaja-para-que-estudiantes-realicen-las-practicas-pre-profesionales-en-el-hospital-regional-juan-d-peron\/"]}]},{"@type":"ImageObject","inLanguage":"es-AR","@id":"https:\/\/www.fcejs.unsl.edu.ar\/index.php\/la-fcejs-trabaja-para-que-estudiantes-realicen-las-practicas-pre-profesionales-en-el-hospital-regional-juan-d-peron\/#primaryimage","url":"https:\/\/www.fcejs.unsl.edu.ar\/wp-content\/uploads\/2024\/03\/reunion-arenas-front.jpg","contentUrl":"https:\/\/www.fcejs.unsl.edu.ar\/wp-content\/uploads\/2024\/03\/reunion-arenas-front.jpg","width":1152,"height":647},{"@type":"BreadcrumbList","@id":"https:\/\/www.fcejs.unsl.edu.ar\/index.php\/la-fcejs-trabaja-para-que-estudiantes-realicen-las-practicas-pre-profesionales-en-el-hospital-regional-juan-d-peron\/#breadcrumb","itemListElement":[{"@type":"ListItem","position":1,"name":"Inicio","item":"https:\/\/www.fcejs.unsl.edu.ar\/"},{"@type":"ListItem","position":2,"name":"La FCEJS trabaja para que estudiantes realicen las pr\u00e1cticas pre-profesionales en el Hospital Regional Juan D. Per\u00f3n"}]},{"@type":"WebSite","@id":"https:\/\/www.fcejs.unsl.edu.ar\/#website","url":"https:\/\/www.fcejs.unsl.edu.ar\/","name":"Facultad de Ciencias Econ\u00f3micas, Jur\u00ed\u00addicas y Sociales","description":"","publisher":{"@id":"https:\/\/www.fcejs.unsl.edu.ar\/#organization"},"potentialAction":[{"@type":"SearchAction","target":{"@type":"EntryPoint","urlTemplate":"https:\/\/www.fcejs.unsl.edu.ar\/?s={search_term_string}"},"query-input":{"@type":"PropertyValueSpecification","valueRequired":true,"valueName":"search_term_string"}}],"inLanguage":"es-AR"},{"@type":"Organization","@id":"https:\/\/www.fcejs.unsl.edu.ar\/#organization","name":"Facultad de Ciencias Econ\u00f3micas, Jur\u00eddicas y Sociales","url":"https:\/\/www.fcejs.unsl.edu.ar\/","logo":{"@type":"ImageObject","inLanguage":"es-AR","@id":"https:\/\/www.fcejs.unsl.edu.ar\/#\/schema\/logo\/image\/","url":"https:\/\/www.fcejs.unsl.edu.ar\/wp-content\/uploads\/2021\/03\/logo-1.jpg","contentUrl":"https:\/\/www.fcejs.unsl.edu.ar\/wp-content\/uploads\/2021\/03\/logo-1.jpg","width":471,"height":146,"caption":"Facultad de Ciencias Econ\u00f3micas, Jur\u00eddicas y Sociales"},"image":{"@id":"https:\/\/www.fcejs.unsl.edu.ar\/#\/schema\/logo\/image\/"},"sameAs":["https:\/\/www.facebook.com\/FCEJS.UNSL\/","https:\/\/x.com\/FCEJSUNSL","https:\/\/www.instagram.com\/fcejs.unsl\/","https:\/\/www.youtube.com\/channel\/UCH-Ut6EaN_X5ogjIQMPe46g\/"]},{"@type":"Person","@id":"https:\/\/www.fcejs.unsl.edu.ar\/#\/schema\/person\/352ee6ed90c3f394c7cb5945f8956d34","name":"DATI"}]}},"jetpack_featured_media_url":"https:\/\/www.fcejs.unsl.edu.ar\/wp-content\/uploads\/2024\/03\/reunion-arenas-front.jpg","_links":{"self":[{"href":"https:\/\/www.fcejs.unsl.edu.ar\/index.php\/wp-json\/wp\/v2\/posts\/15712","targetHints":{"allow":["GET"]}}],"collection":[{"href":"https:\/\/www.fcejs.unsl.edu.ar\/index.php\/wp-json\/wp\/v2\/posts"}],"about":[{"href":"https:\/\/www.fcejs.unsl.edu.ar\/index.php\/wp-json\/wp\/v2\/types\/post"}],"author":[{"embeddable":true,"href":"https:\/\/www.fcejs.unsl.edu.ar\/index.php\/wp-json\/wp\/v2\/users\/9"}],"replies":[{"embeddable":true,"href":"https:\/\/www.fcejs.unsl.edu.ar\/index.php\/wp-json\/wp\/v2\/comments?post=15712"}],"version-history":[{"count":10,"href":"https:\/\/www.fcejs.unsl.edu.ar\/index.php\/wp-json\/wp\/v2\/posts\/15712\/revisions"}],"predecessor-version":[{"id":15728,"href":"https:\/\/www.fcejs.unsl.edu.ar\/index.php\/wp-json\/wp\/v2\/posts\/15712\/revisions\/15728"}],"wp:featuredmedia":[{"embeddable":true,"href":"https:\/\/www.fcejs.unsl.edu.ar\/index.php\/wp-json\/wp\/v2\/media\/15714"}],"wp:attachment":[{"href":"https:\/\/www.fcejs.unsl.edu.ar\/index.php\/wp-json\/wp\/v2\/media?parent=15712"}],"wp:term":[{"taxonomy":"category","embeddable":true,"href":"https:\/\/www.fcejs.unsl.edu.ar\/index.php\/wp-json\/wp\/v2\/categories?post=15712"},{"taxonomy":"post_tag","embeddable":true,"href":"https:\/\/www.fcejs.unsl.edu.ar\/index.php\/wp-json\/wp\/v2\/tags?post=15712"}],"curies":[{"name":"wp","href":"https:\/\/api.w.org\/{rel}","templated":true}]}}