{"id":15621,"date":"2024-02-22T12:25:01","date_gmt":"2024-02-22T15:25:01","guid":{"rendered":"http:\/\/10.101.10.197\/www\/?p=15621"},"modified":"2024-03-08T09:04:40","modified_gmt":"2024-03-08T12:04:40","slug":"primera-reunion-de-trabajo-instituto-de-seguridad","status":"publish","type":"post","link":"https:\/\/www.fcejs.unsl.edu.ar\/index.php\/primera-reunion-de-trabajo-instituto-de-seguridad\/","title":{"rendered":"Reuni\u00f3n de trabajo entre la FCEJS y el Instituto Superior de Seguridad\u00a0P\u00fablica"},"content":{"rendered":"<p style=\"font-weight: 400;\">La Secretar\u00eda de Extensi\u00f3n Universitaria informa que, en la ma\u00f1ana del jueves 22 de febrero, se llev\u00f3 a cabo una reuni\u00f3n de trabajo con representantes del Instituto de Seguridad de la provincia de San Luis, con el fin de trabajar en la formaci\u00f3n del cuerpo policial de la provincia.<\/p>\n<p style=\"font-weight: 400;\">La reuni\u00f3n inici\u00f3 con la bienvenida de la Decana de la FCEJS, Mgtr. Roxanna Camiletti, quien destac\u00f3 la realizaci\u00f3n de este primer encuentro y que espera que se logren generar propuestas concretas, que permitan poner en marcha las primeras acciones relacionadas con la formaci\u00f3n de tipo profesionalizantes de los integrantes de la Fuerza de Seguridad.<\/p>\n<p style=\"font-weight: 400;\">Este encuentro se enmarca como parte de la agenda de trabajo conjunto que la FCEJS estableci\u00f3 con el Ministerio de Seguridad, durante la reuni\u00f3n que mantuvieron a principios de febrero el Vicerrector, Mgtr. H\u00e9ctor Flores y la Decana de la FCEJS, la Mgtr. Roxanna Camiletti con la Ministra de Seguridad de San Luis, Nancy Sosa.<\/p>\n<p><img fetchpriority=\"high\" decoding=\"async\" class=\"aligncenter wp-image-15636 size-full\" src=\"https:\/\/www.fcejs.unsl.edu.ar\/wp-content\/uploads\/2024\/02\/ministerio-seguridad-reunion-de-trabajo-06.jpg\" alt=\"\" width=\"1421\" height=\"942\" srcset=\"https:\/\/www.fcejs.unsl.edu.ar\/wp-content\/uploads\/2024\/02\/ministerio-seguridad-reunion-de-trabajo-06.jpg 1421w, https:\/\/www.fcejs.unsl.edu.ar\/wp-content\/uploads\/2024\/02\/ministerio-seguridad-reunion-de-trabajo-06-300x199.jpg 300w, https:\/\/www.fcejs.unsl.edu.ar\/wp-content\/uploads\/2024\/02\/ministerio-seguridad-reunion-de-trabajo-06-1024x679.jpg 1024w, https:\/\/www.fcejs.unsl.edu.ar\/wp-content\/uploads\/2024\/02\/ministerio-seguridad-reunion-de-trabajo-06-768x509.jpg 768w\" sizes=\"(max-width: 1421px) 100vw, 1421px\" \/><\/p>\n<p style=\"font-weight: 400;\">Estuvieron presentes el Director del Departamento de Ciencias Sociales, Esp. Esteban Arias; la Secretaria de Extensi\u00f3n Universitaria, Lic. Pamela Bianco; la Subsecretar\u00eda de Comunicaci\u00f3n, Ceremonial y Protocolo, la Abg. Ail\u00edn Umpi\u00e9rrez; la Subdirectora de capacitaci\u00f3n del Instituto Superior de Seguridad P\u00fablica, Lic. Mar\u00eda Soledad Mart\u00ednez junto al Subcomisario, Alejandra Ortiz\u00a0 y al Oficial Inspector, Francisco Monaco Bona, equipo de trabajo del instituto.<\/p>\n<p style=\"font-weight: 400;\">En pr\u00f3ximas reuniones se seguir\u00e1 trabajando en las propuestas que a ambas instituciones les son de inter\u00e9s.<\/p>\n","protected":false},"excerpt":{"rendered":"<p>La Secretar\u00eda de Extensi\u00f3n Universitaria informa que, en la ma\u00f1ana del jueves 22 de febrero, se llev\u00f3 a cabo una reuni\u00f3n de trabajo con representantes&hellip;<\/p>\n","protected":false},"author":9,"featured_media":15622,"comment_status":"closed","ping_status":"closed","sticky":false,"template":"","format":"standard","meta":{"om_disable_all_campaigns":false,"_monsterinsights_skip_tracking":false,"_monsterinsights_sitenote_active":false,"_monsterinsights_sitenote_note":"","_monsterinsights_sitenote_category":0,"footnotes":""},"categories":[1],"tags":[],"class_list":["post-15621","post","type-post","status-publish","format-standard","has-post-thumbnail","hentry","category-noticias"],"yoast_head":"<!-- This site is optimized with the Yoast SEO plugin v27.4 - https:\/\/yoast.com\/product\/yoast-seo-wordpress\/ -->\n<title>Reuni\u00f3n de trabajo entre la FCEJS y el Instituto Superior de Seguridad\u00a0P\u00fablica - Facultad de Ciencias Econ\u00f3micas, Jur\u00ed\u00addicas y Sociales<\/title>\n<meta name=\"robots\" content=\"index, follow, max-snippet:-1, max-image-preview:large, max-video-preview:-1\" \/>\n<link rel=\"canonical\" href=\"https:\/\/www.fcejs.unsl.edu.ar\/index.php\/primera-reunion-de-trabajo-instituto-de-seguridad\/\" \/>\n<meta property=\"og:locale\" content=\"es_ES\" \/>\n<meta property=\"og:type\" content=\"article\" \/>\n<meta property=\"og:title\" content=\"Reuni\u00f3n de trabajo entre la FCEJS y el Instituto Superior de Seguridad\u00a0P\u00fablica - Facultad de Ciencias Econ\u00f3micas, Jur\u00ed\u00addicas y Sociales\" \/>\n<meta property=\"og:description\" content=\"La Secretar\u00eda de Extensi\u00f3n Universitaria informa que, en la ma\u00f1ana del jueves 22 de febrero, se llev\u00f3 a cabo una reuni\u00f3n de trabajo con representantes&hellip;\" \/>\n<meta property=\"og:url\" content=\"https:\/\/www.fcejs.unsl.edu.ar\/index.php\/primera-reunion-de-trabajo-instituto-de-seguridad\/\" \/>\n<meta property=\"og:site_name\" content=\"Facultad de Ciencias Econ\u00f3micas, Jur\u00ed\u00addicas y Sociales\" \/>\n<meta property=\"article:publisher\" content=\"https:\/\/www.facebook.com\/FCEJS.UNSL\/\" \/>\n<meta property=\"article:published_time\" content=\"2024-02-22T15:25:01+00:00\" \/>\n<meta property=\"article:modified_time\" content=\"2024-03-08T12:04:40+00:00\" \/>\n<meta property=\"og:image\" content=\"https:\/\/www.fcejs.unsl.edu.ar\/wp-content\/uploads\/2024\/02\/ministerio-seguridad-reunion-de-trabajo-front.jpg\" \/>\n\t<meta property=\"og:image:width\" content=\"1152\" \/>\n\t<meta property=\"og:image:height\" content=\"647\" \/>\n\t<meta property=\"og:image:type\" content=\"image\/jpeg\" \/>\n<meta name=\"author\" content=\"DATI\" \/>\n<meta name=\"twitter:card\" content=\"summary_large_image\" \/>\n<meta name=\"twitter:creator\" content=\"@FCEJSUNSL\" \/>\n<meta name=\"twitter:site\" content=\"@FCEJSUNSL\" \/>\n<meta name=\"twitter:label1\" content=\"Escrito por\" \/>\n\t<meta name=\"twitter:data1\" content=\"DATI\" \/>\n\t<meta name=\"twitter:label2\" content=\"Tiempo de lectura\" \/>\n\t<meta name=\"twitter:data2\" content=\"2 minutos\" \/>\n<script type=\"application\/ld+json\" class=\"yoast-schema-graph\">{\"@context\":\"https:\\\/\\\/schema.org\",\"@graph\":[{\"@type\":\"Article\",\"@id\":\"https:\\\/\\\/www.fcejs.unsl.edu.ar\\\/index.php\\\/primera-reunion-de-trabajo-instituto-de-seguridad\\\/#article\",\"isPartOf\":{\"@id\":\"https:\\\/\\\/www.fcejs.unsl.edu.ar\\\/index.php\\\/primera-reunion-de-trabajo-instituto-de-seguridad\\\/\"},\"author\":{\"name\":\"DATI\",\"@id\":\"https:\\\/\\\/www.fcejs.unsl.edu.ar\\\/#\\\/schema\\\/person\\\/352ee6ed90c3f394c7cb5945f8956d34\"},\"headline\":\"Reuni\u00f3n de trabajo entre la FCEJS y el Instituto Superior de Seguridad\u00a0P\u00fablica\",\"datePublished\":\"2024-02-22T15:25:01+00:00\",\"dateModified\":\"2024-03-08T12:04:40+00:00\",\"mainEntityOfPage\":{\"@id\":\"https:\\\/\\\/www.fcejs.unsl.edu.ar\\\/index.php\\\/primera-reunion-de-trabajo-instituto-de-seguridad\\\/\"},\"wordCount\":273,\"publisher\":{\"@id\":\"https:\\\/\\\/www.fcejs.unsl.edu.ar\\\/#organization\"},\"image\":{\"@id\":\"https:\\\/\\\/www.fcejs.unsl.edu.ar\\\/index.php\\\/primera-reunion-de-trabajo-instituto-de-seguridad\\\/#primaryimage\"},\"thumbnailUrl\":\"https:\\\/\\\/www.fcejs.unsl.edu.ar\\\/wp-content\\\/uploads\\\/2024\\\/02\\\/ministerio-seguridad-reunion-de-trabajo-front.jpg\",\"articleSection\":[\"Noticias\"],\"inLanguage\":\"es-AR\"},{\"@type\":\"WebPage\",\"@id\":\"https:\\\/\\\/www.fcejs.unsl.edu.ar\\\/index.php\\\/primera-reunion-de-trabajo-instituto-de-seguridad\\\/\",\"url\":\"https:\\\/\\\/www.fcejs.unsl.edu.ar\\\/index.php\\\/primera-reunion-de-trabajo-instituto-de-seguridad\\\/\",\"name\":\"Reuni\u00f3n de trabajo entre la FCEJS y el Instituto Superior de Seguridad\u00a0P\u00fablica - Facultad de Ciencias Econ\u00f3micas, Jur\u00ed\u00addicas y Sociales\",\"isPartOf\":{\"@id\":\"https:\\\/\\\/www.fcejs.unsl.edu.ar\\\/#website\"},\"primaryImageOfPage\":{\"@id\":\"https:\\\/\\\/www.fcejs.unsl.edu.ar\\\/index.php\\\/primera-reunion-de-trabajo-instituto-de-seguridad\\\/#primaryimage\"},\"image\":{\"@id\":\"https:\\\/\\\/www.fcejs.unsl.edu.ar\\\/index.php\\\/primera-reunion-de-trabajo-instituto-de-seguridad\\\/#primaryimage\"},\"thumbnailUrl\":\"https:\\\/\\\/www.fcejs.unsl.edu.ar\\\/wp-content\\\/uploads\\\/2024\\\/02\\\/ministerio-seguridad-reunion-de-trabajo-front.jpg\",\"datePublished\":\"2024-02-22T15:25:01+00:00\",\"dateModified\":\"2024-03-08T12:04:40+00:00\",\"breadcrumb\":{\"@id\":\"https:\\\/\\\/www.fcejs.unsl.edu.ar\\\/index.php\\\/primera-reunion-de-trabajo-instituto-de-seguridad\\\/#breadcrumb\"},\"inLanguage\":\"es-AR\",\"potentialAction\":[{\"@type\":\"ReadAction\",\"target\":[\"https:\\\/\\\/www.fcejs.unsl.edu.ar\\\/index.php\\\/primera-reunion-de-trabajo-instituto-de-seguridad\\\/\"]}]},{\"@type\":\"ImageObject\",\"inLanguage\":\"es-AR\",\"@id\":\"https:\\\/\\\/www.fcejs.unsl.edu.ar\\\/index.php\\\/primera-reunion-de-trabajo-instituto-de-seguridad\\\/#primaryimage\",\"url\":\"https:\\\/\\\/www.fcejs.unsl.edu.ar\\\/wp-content\\\/uploads\\\/2024\\\/02\\\/ministerio-seguridad-reunion-de-trabajo-front.jpg\",\"contentUrl\":\"https:\\\/\\\/www.fcejs.unsl.edu.ar\\\/wp-content\\\/uploads\\\/2024\\\/02\\\/ministerio-seguridad-reunion-de-trabajo-front.jpg\",\"width\":1152,\"height\":647},{\"@type\":\"BreadcrumbList\",\"@id\":\"https:\\\/\\\/www.fcejs.unsl.edu.ar\\\/index.php\\\/primera-reunion-de-trabajo-instituto-de-seguridad\\\/#breadcrumb\",\"itemListElement\":[{\"@type\":\"ListItem\",\"position\":1,\"name\":\"Inicio\",\"item\":\"https:\\\/\\\/www.fcejs.unsl.edu.ar\\\/\"},{\"@type\":\"ListItem\",\"position\":2,\"name\":\"Reuni\u00f3n de trabajo entre la FCEJS y el Instituto Superior de Seguridad\u00a0P\u00fablica\"}]},{\"@type\":\"WebSite\",\"@id\":\"https:\\\/\\\/www.fcejs.unsl.edu.ar\\\/#website\",\"url\":\"https:\\\/\\\/www.fcejs.unsl.edu.ar\\\/\",\"name\":\"Facultad de Ciencias Econ\u00f3micas, Jur\u00ed\u00addicas y Sociales\",\"description\":\"\",\"publisher\":{\"@id\":\"https:\\\/\\\/www.fcejs.unsl.edu.ar\\\/#organization\"},\"potentialAction\":[{\"@type\":\"SearchAction\",\"target\":{\"@type\":\"EntryPoint\",\"urlTemplate\":\"https:\\\/\\\/www.fcejs.unsl.edu.ar\\\/?s={search_term_string}\"},\"query-input\":{\"@type\":\"PropertyValueSpecification\",\"valueRequired\":true,\"valueName\":\"search_term_string\"}}],\"inLanguage\":\"es-AR\"},{\"@type\":\"Organization\",\"@id\":\"https:\\\/\\\/www.fcejs.unsl.edu.ar\\\/#organization\",\"name\":\"Facultad de Ciencias Econ\u00f3micas, Jur\u00eddicas y Sociales\",\"url\":\"https:\\\/\\\/www.fcejs.unsl.edu.ar\\\/\",\"logo\":{\"@type\":\"ImageObject\",\"inLanguage\":\"es-AR\",\"@id\":\"https:\\\/\\\/www.fcejs.unsl.edu.ar\\\/#\\\/schema\\\/logo\\\/image\\\/\",\"url\":\"https:\\\/\\\/www.fcejs.unsl.edu.ar\\\/wp-content\\\/uploads\\\/2021\\\/03\\\/logo-1.jpg\",\"contentUrl\":\"https:\\\/\\\/www.fcejs.unsl.edu.ar\\\/wp-content\\\/uploads\\\/2021\\\/03\\\/logo-1.jpg\",\"width\":471,\"height\":146,\"caption\":\"Facultad de Ciencias Econ\u00f3micas, Jur\u00eddicas y Sociales\"},\"image\":{\"@id\":\"https:\\\/\\\/www.fcejs.unsl.edu.ar\\\/#\\\/schema\\\/logo\\\/image\\\/\"},\"sameAs\":[\"https:\\\/\\\/www.facebook.com\\\/FCEJS.UNSL\\\/\",\"https:\\\/\\\/x.com\\\/FCEJSUNSL\",\"https:\\\/\\\/www.instagram.com\\\/fcejs.unsl\\\/\",\"https:\\\/\\\/www.youtube.com\\\/channel\\\/UCH-Ut6EaN_X5ogjIQMPe46g\\\/\"]},{\"@type\":\"Person\",\"@id\":\"https:\\\/\\\/www.fcejs.unsl.edu.ar\\\/#\\\/schema\\\/person\\\/352ee6ed90c3f394c7cb5945f8956d34\",\"name\":\"DATI\"}]}<\/script>\n<!-- \/ Yoast SEO plugin. -->","yoast_head_json":{"title":"Reuni\u00f3n de trabajo entre la FCEJS y el Instituto Superior de Seguridad\u00a0P\u00fablica - Facultad de Ciencias Econ\u00f3micas, Jur\u00ed\u00addicas y Sociales","robots":{"index":"index","follow":"follow","max-snippet":"max-snippet:-1","max-image-preview":"max-image-preview:large","max-video-preview":"max-video-preview:-1"},"canonical":"https:\/\/www.fcejs.unsl.edu.ar\/index.php\/primera-reunion-de-trabajo-instituto-de-seguridad\/","og_locale":"es_ES","og_type":"article","og_title":"Reuni\u00f3n de trabajo entre la FCEJS y el Instituto Superior de Seguridad\u00a0P\u00fablica - Facultad de Ciencias Econ\u00f3micas, Jur\u00ed\u00addicas y Sociales","og_description":"La Secretar\u00eda de Extensi\u00f3n Universitaria informa que, en la ma\u00f1ana del jueves 22 de febrero, se llev\u00f3 a cabo una reuni\u00f3n de trabajo con representantes&hellip;","og_url":"https:\/\/www.fcejs.unsl.edu.ar\/index.php\/primera-reunion-de-trabajo-instituto-de-seguridad\/","og_site_name":"Facultad de Ciencias Econ\u00f3micas, Jur\u00ed\u00addicas y Sociales","article_publisher":"https:\/\/www.facebook.com\/FCEJS.UNSL\/","article_published_time":"2024-02-22T15:25:01+00:00","article_modified_time":"2024-03-08T12:04:40+00:00","og_image":[{"width":1152,"height":647,"url":"https:\/\/www.fcejs.unsl.edu.ar\/wp-content\/uploads\/2024\/02\/ministerio-seguridad-reunion-de-trabajo-front.jpg","type":"image\/jpeg"}],"author":"DATI","twitter_card":"summary_large_image","twitter_creator":"@FCEJSUNSL","twitter_site":"@FCEJSUNSL","twitter_misc":{"Escrito por":"DATI","Tiempo de lectura":"2 minutos"},"schema":{"@context":"https:\/\/schema.org","@graph":[{"@type":"Article","@id":"https:\/\/www.fcejs.unsl.edu.ar\/index.php\/primera-reunion-de-trabajo-instituto-de-seguridad\/#article","isPartOf":{"@id":"https:\/\/www.fcejs.unsl.edu.ar\/index.php\/primera-reunion-de-trabajo-instituto-de-seguridad\/"},"author":{"name":"DATI","@id":"https:\/\/www.fcejs.unsl.edu.ar\/#\/schema\/person\/352ee6ed90c3f394c7cb5945f8956d34"},"headline":"Reuni\u00f3n de trabajo entre la FCEJS y el Instituto Superior de Seguridad\u00a0P\u00fablica","datePublished":"2024-02-22T15:25:01+00:00","dateModified":"2024-03-08T12:04:40+00:00","mainEntityOfPage":{"@id":"https:\/\/www.fcejs.unsl.edu.ar\/index.php\/primera-reunion-de-trabajo-instituto-de-seguridad\/"},"wordCount":273,"publisher":{"@id":"https:\/\/www.fcejs.unsl.edu.ar\/#organization"},"image":{"@id":"https:\/\/www.fcejs.unsl.edu.ar\/index.php\/primera-reunion-de-trabajo-instituto-de-seguridad\/#primaryimage"},"thumbnailUrl":"https:\/\/www.fcejs.unsl.edu.ar\/wp-content\/uploads\/2024\/02\/ministerio-seguridad-reunion-de-trabajo-front.jpg","articleSection":["Noticias"],"inLanguage":"es-AR"},{"@type":"WebPage","@id":"https:\/\/www.fcejs.unsl.edu.ar\/index.php\/primera-reunion-de-trabajo-instituto-de-seguridad\/","url":"https:\/\/www.fcejs.unsl.edu.ar\/index.php\/primera-reunion-de-trabajo-instituto-de-seguridad\/","name":"Reuni\u00f3n de trabajo entre la FCEJS y el Instituto Superior de Seguridad\u00a0P\u00fablica - Facultad de Ciencias Econ\u00f3micas, Jur\u00ed\u00addicas y Sociales","isPartOf":{"@id":"https:\/\/www.fcejs.unsl.edu.ar\/#website"},"primaryImageOfPage":{"@id":"https:\/\/www.fcejs.unsl.edu.ar\/index.php\/primera-reunion-de-trabajo-instituto-de-seguridad\/#primaryimage"},"image":{"@id":"https:\/\/www.fcejs.unsl.edu.ar\/index.php\/primera-reunion-de-trabajo-instituto-de-seguridad\/#primaryimage"},"thumbnailUrl":"https:\/\/www.fcejs.unsl.edu.ar\/wp-content\/uploads\/2024\/02\/ministerio-seguridad-reunion-de-trabajo-front.jpg","datePublished":"2024-02-22T15:25:01+00:00","dateModified":"2024-03-08T12:04:40+00:00","breadcrumb":{"@id":"https:\/\/www.fcejs.unsl.edu.ar\/index.php\/primera-reunion-de-trabajo-instituto-de-seguridad\/#breadcrumb"},"inLanguage":"es-AR","potentialAction":[{"@type":"ReadAction","target":["https:\/\/www.fcejs.unsl.edu.ar\/index.php\/primera-reunion-de-trabajo-instituto-de-seguridad\/"]}]},{"@type":"ImageObject","inLanguage":"es-AR","@id":"https:\/\/www.fcejs.unsl.edu.ar\/index.php\/primera-reunion-de-trabajo-instituto-de-seguridad\/#primaryimage","url":"https:\/\/www.fcejs.unsl.edu.ar\/wp-content\/uploads\/2024\/02\/ministerio-seguridad-reunion-de-trabajo-front.jpg","contentUrl":"https:\/\/www.fcejs.unsl.edu.ar\/wp-content\/uploads\/2024\/02\/ministerio-seguridad-reunion-de-trabajo-front.jpg","width":1152,"height":647},{"@type":"BreadcrumbList","@id":"https:\/\/www.fcejs.unsl.edu.ar\/index.php\/primera-reunion-de-trabajo-instituto-de-seguridad\/#breadcrumb","itemListElement":[{"@type":"ListItem","position":1,"name":"Inicio","item":"https:\/\/www.fcejs.unsl.edu.ar\/"},{"@type":"ListItem","position":2,"name":"Reuni\u00f3n de trabajo entre la FCEJS y el Instituto Superior de Seguridad\u00a0P\u00fablica"}]},{"@type":"WebSite","@id":"https:\/\/www.fcejs.unsl.edu.ar\/#website","url":"https:\/\/www.fcejs.unsl.edu.ar\/","name":"Facultad de Ciencias Econ\u00f3micas, Jur\u00ed\u00addicas y Sociales","description":"","publisher":{"@id":"https:\/\/www.fcejs.unsl.edu.ar\/#organization"},"potentialAction":[{"@type":"SearchAction","target":{"@type":"EntryPoint","urlTemplate":"https:\/\/www.fcejs.unsl.edu.ar\/?s={search_term_string}"},"query-input":{"@type":"PropertyValueSpecification","valueRequired":true,"valueName":"search_term_string"}}],"inLanguage":"es-AR"},{"@type":"Organization","@id":"https:\/\/www.fcejs.unsl.edu.ar\/#organization","name":"Facultad de Ciencias Econ\u00f3micas, Jur\u00eddicas y Sociales","url":"https:\/\/www.fcejs.unsl.edu.ar\/","logo":{"@type":"ImageObject","inLanguage":"es-AR","@id":"https:\/\/www.fcejs.unsl.edu.ar\/#\/schema\/logo\/image\/","url":"https:\/\/www.fcejs.unsl.edu.ar\/wp-content\/uploads\/2021\/03\/logo-1.jpg","contentUrl":"https:\/\/www.fcejs.unsl.edu.ar\/wp-content\/uploads\/2021\/03\/logo-1.jpg","width":471,"height":146,"caption":"Facultad de Ciencias Econ\u00f3micas, Jur\u00eddicas y Sociales"},"image":{"@id":"https:\/\/www.fcejs.unsl.edu.ar\/#\/schema\/logo\/image\/"},"sameAs":["https:\/\/www.facebook.com\/FCEJS.UNSL\/","https:\/\/x.com\/FCEJSUNSL","https:\/\/www.instagram.com\/fcejs.unsl\/","https:\/\/www.youtube.com\/channel\/UCH-Ut6EaN_X5ogjIQMPe46g\/"]},{"@type":"Person","@id":"https:\/\/www.fcejs.unsl.edu.ar\/#\/schema\/person\/352ee6ed90c3f394c7cb5945f8956d34","name":"DATI"}]}},"jetpack_featured_media_url":"https:\/\/www.fcejs.unsl.edu.ar\/wp-content\/uploads\/2024\/02\/ministerio-seguridad-reunion-de-trabajo-front.jpg","_links":{"self":[{"href":"https:\/\/www.fcejs.unsl.edu.ar\/index.php\/wp-json\/wp\/v2\/posts\/15621","targetHints":{"allow":["GET"]}}],"collection":[{"href":"https:\/\/www.fcejs.unsl.edu.ar\/index.php\/wp-json\/wp\/v2\/posts"}],"about":[{"href":"https:\/\/www.fcejs.unsl.edu.ar\/index.php\/wp-json\/wp\/v2\/types\/post"}],"author":[{"embeddable":true,"href":"https:\/\/www.fcejs.unsl.edu.ar\/index.php\/wp-json\/wp\/v2\/users\/9"}],"replies":[{"embeddable":true,"href":"https:\/\/www.fcejs.unsl.edu.ar\/index.php\/wp-json\/wp\/v2\/comments?post=15621"}],"version-history":[{"count":18,"href":"https:\/\/www.fcejs.unsl.edu.ar\/index.php\/wp-json\/wp\/v2\/posts\/15621\/revisions"}],"predecessor-version":[{"id":15645,"href":"https:\/\/www.fcejs.unsl.edu.ar\/index.php\/wp-json\/wp\/v2\/posts\/15621\/revisions\/15645"}],"wp:featuredmedia":[{"embeddable":true,"href":"https:\/\/www.fcejs.unsl.edu.ar\/index.php\/wp-json\/wp\/v2\/media\/15622"}],"wp:attachment":[{"href":"https:\/\/www.fcejs.unsl.edu.ar\/index.php\/wp-json\/wp\/v2\/media?parent=15621"}],"wp:term":[{"taxonomy":"category","embeddable":true,"href":"https:\/\/www.fcejs.unsl.edu.ar\/index.php\/wp-json\/wp\/v2\/categories?post=15621"},{"taxonomy":"post_tag","embeddable":true,"href":"https:\/\/www.fcejs.unsl.edu.ar\/index.php\/wp-json\/wp\/v2\/tags?post=15621"}],"curies":[{"name":"wp","href":"https:\/\/api.w.org\/{rel}","templated":true}]}}