{"id":15617,"date":"2024-02-21T08:48:18","date_gmt":"2024-02-21T11:48:18","guid":{"rendered":"http:\/\/10.101.10.197\/www\/?p=15617"},"modified":"2024-03-08T09:04:27","modified_gmt":"2024-03-08T12:04:27","slug":"comunicado-del-cin-situacion-critica-en-las-universidades-publicas","status":"publish","type":"post","link":"https:\/\/www.fcejs.unsl.edu.ar\/index.php\/comunicado-del-cin-situacion-critica-en-las-universidades-publicas\/","title":{"rendered":"Comunicado del CIN: &#8220;Situaci\u00f3n cr\u00edtica en las universidades p\u00fablicas&#8221;"},"content":{"rendered":"<p><strong>Los rectores y las rectoras, reunidos y reunidas en el\u00a0Consejo Interuniversitario Nacional (CIN), advierten sobre la dif\u00edcil situaci\u00f3n por la que atraviesa el sistema universitario p\u00fablico nacional.<\/strong><\/p>\n<p>El comunicado expresa:<\/p>\n<p><em>&#8220;Conscientes de la delicada situaci\u00f3n que atraviesa la Argentina, las autoridades del sistema universitario p\u00fablico hemos compartido nuestras preocupaciones responsablemente, hemos gestionado ante las autoridades competentes las acciones que entendemos necesarias y, producto del esfuerzo colectivo de nuestras comunidades, hemos garantizado, en condiciones muy dif\u00edciles, la continuidad de las actividades en cumplimiento de nuestra misi\u00f3n, pero es tiempo de advertir, con la gravedad que la situaci\u00f3n impone, que, de no mediar acciones que rectifiquen el rumbo, se ver\u00e1 seriamente afectado el pleno funcionamiento de las instituciones universitarias p\u00fablicas.<\/em><\/p>\n<p><em>Frente a esta realidad, este Consejo sostiene la necesidad de: a) incrementar razonablemente los gastos de funcionamiento mensuales, actualiz\u00e1ndolos conforme el proceso inflacionario que atravesamos, de manera de garantizar la continuidad de nuestras actividades y el cumplimiento de nuestra misi\u00f3n; b) actualizar los salarios de docentes y nodocentes; c) dar continuidad a los programas universitarios vigentes destinados a inversi\u00f3n en obras de infraestructura, equipamiento y sostenimiento de los programas de becas; y d) garantizar el presupuesto necesario para sostener las actividades de ciencia, tecnolog\u00eda y extensi\u00f3n.<\/em><\/p>\n<p><em>En estos 40 a\u00f1os de democracia las universidades p\u00fablicas han sido un claro ejemplo de institucionalidad, destacada formaci\u00f3n profesional de excelencia, producci\u00f3n de conocimiento comprometido con los grandes problemas nacionales, construcci\u00f3n democr\u00e1tica y respeto por los derechos humanos. En Argentina, todos los sectores vinculados con el desarrollo productivo incluyen investigaci\u00f3n y conocimiento generado en las universidades y el sistema cient\u00edfico. En las escuelas, los hospitales, las f\u00e1bricas, los comercios, el campo, los escenarios, el mar, el espacio y en cada casa, las y los profesionales, el conocimiento, el arte y la tecnolog\u00eda que salen de las universidades est\u00e1n en todos lados y son parte de la vida cotidiana de los 47.000.000 de argentinas y argentinos.<\/em><\/p>\n<p><em>Sostener el valor estrat\u00e9gico que la educaci\u00f3n universitaria p\u00fablica tiene, sobre todo para un pa\u00eds que atraviesa tantos problemas estructurales, es responsabilidad de todas y de todos. Todo lo que nos pasa se soluciona con m\u00e1s y mejor educaci\u00f3n y universidad p\u00fablica, con m\u00e1s y mejor inversi\u00f3n en formaci\u00f3n universitaria y ciencia nacional.<\/em><\/p>\n<p><em>Comit\u00e9 Ejecutivo ampliado<\/em><br \/>\n<em>Consejo Interuniversitario Nacional (CIN)<\/em><br \/>\n<em>21 de febrero de 2024&#8243;<\/em><\/p>\n","protected":false},"excerpt":{"rendered":"<p>Los rectores y las rectoras, reunidos y reunidas en el\u00a0Consejo Interuniversitario Nacional (CIN), advierten sobre la dif\u00edcil situaci\u00f3n por la que atraviesa el sistema universitario&hellip;<\/p>\n","protected":false},"author":9,"featured_media":15618,"comment_status":"closed","ping_status":"closed","sticky":false,"template":"","format":"standard","meta":{"om_disable_all_campaigns":false,"_monsterinsights_skip_tracking":false,"_monsterinsights_sitenote_active":false,"_monsterinsights_sitenote_note":"","_monsterinsights_sitenote_category":0,"footnotes":""},"categories":[1],"tags":[],"class_list":["post-15617","post","type-post","status-publish","format-standard","has-post-thumbnail","hentry","category-noticias"],"yoast_head":"<!-- This site is optimized with the Yoast SEO plugin v27.5 - https:\/\/yoast.com\/product\/yoast-seo-wordpress\/ -->\n<title>Comunicado del CIN: &quot;Situaci\u00f3n cr\u00edtica en las universidades p\u00fablicas&quot; - Facultad de Ciencias Econ\u00f3micas, Jur\u00ed\u00addicas y Sociales<\/title>\n<meta name=\"robots\" content=\"index, follow, max-snippet:-1, max-image-preview:large, max-video-preview:-1\" \/>\n<link rel=\"canonical\" href=\"https:\/\/www.fcejs.unsl.edu.ar\/index.php\/comunicado-del-cin-situacion-critica-en-las-universidades-publicas\/\" \/>\n<meta property=\"og:locale\" content=\"es_ES\" \/>\n<meta property=\"og:type\" content=\"article\" \/>\n<meta property=\"og:title\" content=\"Comunicado del CIN: &quot;Situaci\u00f3n cr\u00edtica en las universidades p\u00fablicas&quot; - Facultad de Ciencias Econ\u00f3micas, Jur\u00ed\u00addicas y Sociales\" \/>\n<meta property=\"og:description\" content=\"Los rectores y las rectoras, reunidos y reunidas en el\u00a0Consejo Interuniversitario Nacional (CIN), advierten sobre la dif\u00edcil situaci\u00f3n por la que atraviesa el sistema universitario&hellip;\" \/>\n<meta property=\"og:url\" content=\"https:\/\/www.fcejs.unsl.edu.ar\/index.php\/comunicado-del-cin-situacion-critica-en-las-universidades-publicas\/\" \/>\n<meta property=\"og:site_name\" content=\"Facultad de Ciencias Econ\u00f3micas, Jur\u00ed\u00addicas y Sociales\" \/>\n<meta property=\"article:publisher\" content=\"https:\/\/www.facebook.com\/FCEJS.UNSL\/\" \/>\n<meta property=\"article:published_time\" content=\"2024-02-21T11:48:18+00:00\" \/>\n<meta property=\"article:modified_time\" content=\"2024-03-08T12:04:27+00:00\" \/>\n<meta property=\"og:image\" content=\"https:\/\/www.fcejs.unsl.edu.ar\/wp-content\/uploads\/2024\/02\/cin-comunicado-front.jpg\" \/>\n\t<meta property=\"og:image:width\" content=\"1061\" \/>\n\t<meta property=\"og:image:height\" content=\"585\" \/>\n\t<meta property=\"og:image:type\" content=\"image\/jpeg\" \/>\n<meta name=\"author\" content=\"DATI\" \/>\n<meta name=\"twitter:card\" content=\"summary_large_image\" \/>\n<meta name=\"twitter:creator\" content=\"@FCEJSUNSL\" \/>\n<meta name=\"twitter:site\" content=\"@FCEJSUNSL\" \/>\n<meta name=\"twitter:label1\" content=\"Escrito por\" \/>\n\t<meta name=\"twitter:data1\" content=\"DATI\" \/>\n\t<meta name=\"twitter:label2\" content=\"Tiempo de lectura\" \/>\n\t<meta name=\"twitter:data2\" content=\"2 minutos\" \/>\n<script type=\"application\/ld+json\" class=\"yoast-schema-graph\">{\"@context\":\"https:\\\/\\\/schema.org\",\"@graph\":[{\"@type\":\"Article\",\"@id\":\"https:\\\/\\\/www.fcejs.unsl.edu.ar\\\/index.php\\\/comunicado-del-cin-situacion-critica-en-las-universidades-publicas\\\/#article\",\"isPartOf\":{\"@id\":\"https:\\\/\\\/www.fcejs.unsl.edu.ar\\\/index.php\\\/comunicado-del-cin-situacion-critica-en-las-universidades-publicas\\\/\"},\"author\":{\"name\":\"DATI\",\"@id\":\"https:\\\/\\\/www.fcejs.unsl.edu.ar\\\/#\\\/schema\\\/person\\\/352ee6ed90c3f394c7cb5945f8956d34\"},\"headline\":\"Comunicado del CIN: &#8220;Situaci\u00f3n cr\u00edtica en las universidades p\u00fablicas&#8221;\",\"datePublished\":\"2024-02-21T11:48:18+00:00\",\"dateModified\":\"2024-03-08T12:04:27+00:00\",\"mainEntityOfPage\":{\"@id\":\"https:\\\/\\\/www.fcejs.unsl.edu.ar\\\/index.php\\\/comunicado-del-cin-situacion-critica-en-las-universidades-publicas\\\/\"},\"wordCount\":428,\"publisher\":{\"@id\":\"https:\\\/\\\/www.fcejs.unsl.edu.ar\\\/#organization\"},\"image\":{\"@id\":\"https:\\\/\\\/www.fcejs.unsl.edu.ar\\\/index.php\\\/comunicado-del-cin-situacion-critica-en-las-universidades-publicas\\\/#primaryimage\"},\"thumbnailUrl\":\"https:\\\/\\\/www.fcejs.unsl.edu.ar\\\/wp-content\\\/uploads\\\/2024\\\/02\\\/cin-comunicado-front.jpg\",\"articleSection\":[\"Noticias\"],\"inLanguage\":\"es-AR\"},{\"@type\":\"WebPage\",\"@id\":\"https:\\\/\\\/www.fcejs.unsl.edu.ar\\\/index.php\\\/comunicado-del-cin-situacion-critica-en-las-universidades-publicas\\\/\",\"url\":\"https:\\\/\\\/www.fcejs.unsl.edu.ar\\\/index.php\\\/comunicado-del-cin-situacion-critica-en-las-universidades-publicas\\\/\",\"name\":\"Comunicado del CIN: \\\"Situaci\u00f3n cr\u00edtica en las universidades p\u00fablicas\\\" - Facultad de Ciencias Econ\u00f3micas, Jur\u00ed\u00addicas y Sociales\",\"isPartOf\":{\"@id\":\"https:\\\/\\\/www.fcejs.unsl.edu.ar\\\/#website\"},\"primaryImageOfPage\":{\"@id\":\"https:\\\/\\\/www.fcejs.unsl.edu.ar\\\/index.php\\\/comunicado-del-cin-situacion-critica-en-las-universidades-publicas\\\/#primaryimage\"},\"image\":{\"@id\":\"https:\\\/\\\/www.fcejs.unsl.edu.ar\\\/index.php\\\/comunicado-del-cin-situacion-critica-en-las-universidades-publicas\\\/#primaryimage\"},\"thumbnailUrl\":\"https:\\\/\\\/www.fcejs.unsl.edu.ar\\\/wp-content\\\/uploads\\\/2024\\\/02\\\/cin-comunicado-front.jpg\",\"datePublished\":\"2024-02-21T11:48:18+00:00\",\"dateModified\":\"2024-03-08T12:04:27+00:00\",\"breadcrumb\":{\"@id\":\"https:\\\/\\\/www.fcejs.unsl.edu.ar\\\/index.php\\\/comunicado-del-cin-situacion-critica-en-las-universidades-publicas\\\/#breadcrumb\"},\"inLanguage\":\"es-AR\",\"potentialAction\":[{\"@type\":\"ReadAction\",\"target\":[\"https:\\\/\\\/www.fcejs.unsl.edu.ar\\\/index.php\\\/comunicado-del-cin-situacion-critica-en-las-universidades-publicas\\\/\"]}]},{\"@type\":\"ImageObject\",\"inLanguage\":\"es-AR\",\"@id\":\"https:\\\/\\\/www.fcejs.unsl.edu.ar\\\/index.php\\\/comunicado-del-cin-situacion-critica-en-las-universidades-publicas\\\/#primaryimage\",\"url\":\"https:\\\/\\\/www.fcejs.unsl.edu.ar\\\/wp-content\\\/uploads\\\/2024\\\/02\\\/cin-comunicado-front.jpg\",\"contentUrl\":\"https:\\\/\\\/www.fcejs.unsl.edu.ar\\\/wp-content\\\/uploads\\\/2024\\\/02\\\/cin-comunicado-front.jpg\",\"width\":1061,\"height\":585},{\"@type\":\"BreadcrumbList\",\"@id\":\"https:\\\/\\\/www.fcejs.unsl.edu.ar\\\/index.php\\\/comunicado-del-cin-situacion-critica-en-las-universidades-publicas\\\/#breadcrumb\",\"itemListElement\":[{\"@type\":\"ListItem\",\"position\":1,\"name\":\"Inicio\",\"item\":\"https:\\\/\\\/www.fcejs.unsl.edu.ar\\\/\"},{\"@type\":\"ListItem\",\"position\":2,\"name\":\"Comunicado del CIN: &#8220;Situaci\u00f3n cr\u00edtica en las universidades p\u00fablicas&#8221;\"}]},{\"@type\":\"WebSite\",\"@id\":\"https:\\\/\\\/www.fcejs.unsl.edu.ar\\\/#website\",\"url\":\"https:\\\/\\\/www.fcejs.unsl.edu.ar\\\/\",\"name\":\"Facultad de Ciencias Econ\u00f3micas, Jur\u00ed\u00addicas y Sociales\",\"description\":\"\",\"publisher\":{\"@id\":\"https:\\\/\\\/www.fcejs.unsl.edu.ar\\\/#organization\"},\"potentialAction\":[{\"@type\":\"SearchAction\",\"target\":{\"@type\":\"EntryPoint\",\"urlTemplate\":\"https:\\\/\\\/www.fcejs.unsl.edu.ar\\\/?s={search_term_string}\"},\"query-input\":{\"@type\":\"PropertyValueSpecification\",\"valueRequired\":true,\"valueName\":\"search_term_string\"}}],\"inLanguage\":\"es-AR\"},{\"@type\":\"Organization\",\"@id\":\"https:\\\/\\\/www.fcejs.unsl.edu.ar\\\/#organization\",\"name\":\"Facultad de Ciencias Econ\u00f3micas, Jur\u00eddicas y Sociales\",\"url\":\"https:\\\/\\\/www.fcejs.unsl.edu.ar\\\/\",\"logo\":{\"@type\":\"ImageObject\",\"inLanguage\":\"es-AR\",\"@id\":\"https:\\\/\\\/www.fcejs.unsl.edu.ar\\\/#\\\/schema\\\/logo\\\/image\\\/\",\"url\":\"https:\\\/\\\/www.fcejs.unsl.edu.ar\\\/wp-content\\\/uploads\\\/2021\\\/03\\\/logo-1.jpg\",\"contentUrl\":\"https:\\\/\\\/www.fcejs.unsl.edu.ar\\\/wp-content\\\/uploads\\\/2021\\\/03\\\/logo-1.jpg\",\"width\":471,\"height\":146,\"caption\":\"Facultad de Ciencias Econ\u00f3micas, Jur\u00eddicas y Sociales\"},\"image\":{\"@id\":\"https:\\\/\\\/www.fcejs.unsl.edu.ar\\\/#\\\/schema\\\/logo\\\/image\\\/\"},\"sameAs\":[\"https:\\\/\\\/www.facebook.com\\\/FCEJS.UNSL\\\/\",\"https:\\\/\\\/x.com\\\/FCEJSUNSL\",\"https:\\\/\\\/www.instagram.com\\\/fcejs.unsl\\\/\",\"https:\\\/\\\/www.youtube.com\\\/channel\\\/UCH-Ut6EaN_X5ogjIQMPe46g\\\/\"]},{\"@type\":\"Person\",\"@id\":\"https:\\\/\\\/www.fcejs.unsl.edu.ar\\\/#\\\/schema\\\/person\\\/352ee6ed90c3f394c7cb5945f8956d34\",\"name\":\"DATI\"}]}<\/script>\n<!-- \/ Yoast SEO plugin. -->","yoast_head_json":{"title":"Comunicado del CIN: \"Situaci\u00f3n cr\u00edtica en las universidades p\u00fablicas\" - Facultad de Ciencias Econ\u00f3micas, Jur\u00ed\u00addicas y Sociales","robots":{"index":"index","follow":"follow","max-snippet":"max-snippet:-1","max-image-preview":"max-image-preview:large","max-video-preview":"max-video-preview:-1"},"canonical":"https:\/\/www.fcejs.unsl.edu.ar\/index.php\/comunicado-del-cin-situacion-critica-en-las-universidades-publicas\/","og_locale":"es_ES","og_type":"article","og_title":"Comunicado del CIN: \"Situaci\u00f3n cr\u00edtica en las universidades p\u00fablicas\" - Facultad de Ciencias Econ\u00f3micas, Jur\u00ed\u00addicas y Sociales","og_description":"Los rectores y las rectoras, reunidos y reunidas en el\u00a0Consejo Interuniversitario Nacional (CIN), advierten sobre la dif\u00edcil situaci\u00f3n por la que atraviesa el sistema universitario&hellip;","og_url":"https:\/\/www.fcejs.unsl.edu.ar\/index.php\/comunicado-del-cin-situacion-critica-en-las-universidades-publicas\/","og_site_name":"Facultad de Ciencias Econ\u00f3micas, Jur\u00ed\u00addicas y Sociales","article_publisher":"https:\/\/www.facebook.com\/FCEJS.UNSL\/","article_published_time":"2024-02-21T11:48:18+00:00","article_modified_time":"2024-03-08T12:04:27+00:00","og_image":[{"width":1061,"height":585,"url":"https:\/\/www.fcejs.unsl.edu.ar\/wp-content\/uploads\/2024\/02\/cin-comunicado-front.jpg","type":"image\/jpeg"}],"author":"DATI","twitter_card":"summary_large_image","twitter_creator":"@FCEJSUNSL","twitter_site":"@FCEJSUNSL","twitter_misc":{"Escrito por":"DATI","Tiempo de lectura":"2 minutos"},"schema":{"@context":"https:\/\/schema.org","@graph":[{"@type":"Article","@id":"https:\/\/www.fcejs.unsl.edu.ar\/index.php\/comunicado-del-cin-situacion-critica-en-las-universidades-publicas\/#article","isPartOf":{"@id":"https:\/\/www.fcejs.unsl.edu.ar\/index.php\/comunicado-del-cin-situacion-critica-en-las-universidades-publicas\/"},"author":{"name":"DATI","@id":"https:\/\/www.fcejs.unsl.edu.ar\/#\/schema\/person\/352ee6ed90c3f394c7cb5945f8956d34"},"headline":"Comunicado del CIN: &#8220;Situaci\u00f3n cr\u00edtica en las universidades p\u00fablicas&#8221;","datePublished":"2024-02-21T11:48:18+00:00","dateModified":"2024-03-08T12:04:27+00:00","mainEntityOfPage":{"@id":"https:\/\/www.fcejs.unsl.edu.ar\/index.php\/comunicado-del-cin-situacion-critica-en-las-universidades-publicas\/"},"wordCount":428,"publisher":{"@id":"https:\/\/www.fcejs.unsl.edu.ar\/#organization"},"image":{"@id":"https:\/\/www.fcejs.unsl.edu.ar\/index.php\/comunicado-del-cin-situacion-critica-en-las-universidades-publicas\/#primaryimage"},"thumbnailUrl":"https:\/\/www.fcejs.unsl.edu.ar\/wp-content\/uploads\/2024\/02\/cin-comunicado-front.jpg","articleSection":["Noticias"],"inLanguage":"es-AR"},{"@type":"WebPage","@id":"https:\/\/www.fcejs.unsl.edu.ar\/index.php\/comunicado-del-cin-situacion-critica-en-las-universidades-publicas\/","url":"https:\/\/www.fcejs.unsl.edu.ar\/index.php\/comunicado-del-cin-situacion-critica-en-las-universidades-publicas\/","name":"Comunicado del CIN: \"Situaci\u00f3n cr\u00edtica en las universidades p\u00fablicas\" - Facultad de Ciencias Econ\u00f3micas, Jur\u00ed\u00addicas y Sociales","isPartOf":{"@id":"https:\/\/www.fcejs.unsl.edu.ar\/#website"},"primaryImageOfPage":{"@id":"https:\/\/www.fcejs.unsl.edu.ar\/index.php\/comunicado-del-cin-situacion-critica-en-las-universidades-publicas\/#primaryimage"},"image":{"@id":"https:\/\/www.fcejs.unsl.edu.ar\/index.php\/comunicado-del-cin-situacion-critica-en-las-universidades-publicas\/#primaryimage"},"thumbnailUrl":"https:\/\/www.fcejs.unsl.edu.ar\/wp-content\/uploads\/2024\/02\/cin-comunicado-front.jpg","datePublished":"2024-02-21T11:48:18+00:00","dateModified":"2024-03-08T12:04:27+00:00","breadcrumb":{"@id":"https:\/\/www.fcejs.unsl.edu.ar\/index.php\/comunicado-del-cin-situacion-critica-en-las-universidades-publicas\/#breadcrumb"},"inLanguage":"es-AR","potentialAction":[{"@type":"ReadAction","target":["https:\/\/www.fcejs.unsl.edu.ar\/index.php\/comunicado-del-cin-situacion-critica-en-las-universidades-publicas\/"]}]},{"@type":"ImageObject","inLanguage":"es-AR","@id":"https:\/\/www.fcejs.unsl.edu.ar\/index.php\/comunicado-del-cin-situacion-critica-en-las-universidades-publicas\/#primaryimage","url":"https:\/\/www.fcejs.unsl.edu.ar\/wp-content\/uploads\/2024\/02\/cin-comunicado-front.jpg","contentUrl":"https:\/\/www.fcejs.unsl.edu.ar\/wp-content\/uploads\/2024\/02\/cin-comunicado-front.jpg","width":1061,"height":585},{"@type":"BreadcrumbList","@id":"https:\/\/www.fcejs.unsl.edu.ar\/index.php\/comunicado-del-cin-situacion-critica-en-las-universidades-publicas\/#breadcrumb","itemListElement":[{"@type":"ListItem","position":1,"name":"Inicio","item":"https:\/\/www.fcejs.unsl.edu.ar\/"},{"@type":"ListItem","position":2,"name":"Comunicado del CIN: &#8220;Situaci\u00f3n cr\u00edtica en las universidades p\u00fablicas&#8221;"}]},{"@type":"WebSite","@id":"https:\/\/www.fcejs.unsl.edu.ar\/#website","url":"https:\/\/www.fcejs.unsl.edu.ar\/","name":"Facultad de Ciencias Econ\u00f3micas, Jur\u00ed\u00addicas y Sociales","description":"","publisher":{"@id":"https:\/\/www.fcejs.unsl.edu.ar\/#organization"},"potentialAction":[{"@type":"SearchAction","target":{"@type":"EntryPoint","urlTemplate":"https:\/\/www.fcejs.unsl.edu.ar\/?s={search_term_string}"},"query-input":{"@type":"PropertyValueSpecification","valueRequired":true,"valueName":"search_term_string"}}],"inLanguage":"es-AR"},{"@type":"Organization","@id":"https:\/\/www.fcejs.unsl.edu.ar\/#organization","name":"Facultad de Ciencias Econ\u00f3micas, Jur\u00eddicas y Sociales","url":"https:\/\/www.fcejs.unsl.edu.ar\/","logo":{"@type":"ImageObject","inLanguage":"es-AR","@id":"https:\/\/www.fcejs.unsl.edu.ar\/#\/schema\/logo\/image\/","url":"https:\/\/www.fcejs.unsl.edu.ar\/wp-content\/uploads\/2021\/03\/logo-1.jpg","contentUrl":"https:\/\/www.fcejs.unsl.edu.ar\/wp-content\/uploads\/2021\/03\/logo-1.jpg","width":471,"height":146,"caption":"Facultad de Ciencias Econ\u00f3micas, Jur\u00eddicas y Sociales"},"image":{"@id":"https:\/\/www.fcejs.unsl.edu.ar\/#\/schema\/logo\/image\/"},"sameAs":["https:\/\/www.facebook.com\/FCEJS.UNSL\/","https:\/\/x.com\/FCEJSUNSL","https:\/\/www.instagram.com\/fcejs.unsl\/","https:\/\/www.youtube.com\/channel\/UCH-Ut6EaN_X5ogjIQMPe46g\/"]},{"@type":"Person","@id":"https:\/\/www.fcejs.unsl.edu.ar\/#\/schema\/person\/352ee6ed90c3f394c7cb5945f8956d34","name":"DATI"}]}},"jetpack_featured_media_url":"https:\/\/www.fcejs.unsl.edu.ar\/wp-content\/uploads\/2024\/02\/cin-comunicado-front.jpg","_links":{"self":[{"href":"https:\/\/www.fcejs.unsl.edu.ar\/index.php\/wp-json\/wp\/v2\/posts\/15617","targetHints":{"allow":["GET"]}}],"collection":[{"href":"https:\/\/www.fcejs.unsl.edu.ar\/index.php\/wp-json\/wp\/v2\/posts"}],"about":[{"href":"https:\/\/www.fcejs.unsl.edu.ar\/index.php\/wp-json\/wp\/v2\/types\/post"}],"author":[{"embeddable":true,"href":"https:\/\/www.fcejs.unsl.edu.ar\/index.php\/wp-json\/wp\/v2\/users\/9"}],"replies":[{"embeddable":true,"href":"https:\/\/www.fcejs.unsl.edu.ar\/index.php\/wp-json\/wp\/v2\/comments?post=15617"}],"version-history":[{"count":2,"href":"https:\/\/www.fcejs.unsl.edu.ar\/index.php\/wp-json\/wp\/v2\/posts\/15617\/revisions"}],"predecessor-version":[{"id":15620,"href":"https:\/\/www.fcejs.unsl.edu.ar\/index.php\/wp-json\/wp\/v2\/posts\/15617\/revisions\/15620"}],"wp:featuredmedia":[{"embeddable":true,"href":"https:\/\/www.fcejs.unsl.edu.ar\/index.php\/wp-json\/wp\/v2\/media\/15618"}],"wp:attachment":[{"href":"https:\/\/www.fcejs.unsl.edu.ar\/index.php\/wp-json\/wp\/v2\/media?parent=15617"}],"wp:term":[{"taxonomy":"category","embeddable":true,"href":"https:\/\/www.fcejs.unsl.edu.ar\/index.php\/wp-json\/wp\/v2\/categories?post=15617"},{"taxonomy":"post_tag","embeddable":true,"href":"https:\/\/www.fcejs.unsl.edu.ar\/index.php\/wp-json\/wp\/v2\/tags?post=15617"}],"curies":[{"name":"wp","href":"https:\/\/api.w.org\/{rel}","templated":true}]}}