{"id":15597,"date":"2024-02-21T13:29:20","date_gmt":"2024-02-21T16:29:20","guid":{"rendered":"http:\/\/10.101.10.197\/www\/?p=15597"},"modified":"2024-03-08T09:04:35","modified_gmt":"2024-03-08T12:04:35","slug":"la-fcejs-y-la-secretaria-de-discapacidad-juntas-para-reforzar-la-inclusion","status":"publish","type":"post","link":"https:\/\/www.fcejs.unsl.edu.ar\/index.php\/la-fcejs-y-la-secretaria-de-discapacidad-juntas-para-reforzar-la-inclusion\/","title":{"rendered":"La FCEJS y la Secretar\u00eda de Discapacidad juntas para reforzar la inclusi\u00f3n"},"content":{"rendered":"<p>En el Centro Universitario Villa Mercedes, la FCEJS y la Secretar\u00eda de Estado de Personas con Discapacidad de la provincia firmaron un convenio marco para ampliar y reforzar la inclusi\u00f3n, tanto en el \u00e1mbito de los estudios universitarios, como en las pol\u00edticas p\u00fablicas y sociales que implementa el gobierno.<\/p>\n<p>El acuerdo se rubric\u00f3 en la ma\u00f1ana de este mi\u00e9rcoles 21 de febrero en la Sala del Consejo Directivo del campus del Centro Universitario Villa Mercedes de la UNSL. Participaron del encuentro, el Vicerrector, Mgtr. H\u00e9ctor Flores; el secretario de Estado de Personas con Discapacidad del gobierno de San Luis, Luis Giraudo; la decana de la FCEJS, Mgrt. Roxanna Camiletti; la Vicedecana, Esp. Hilda Maggi; la Secretaria de Extensi\u00f3n Universitaria, Lic. Pamela Bianco, el presidente de ICRED, Alejandro Maranghello, el responsable del \u00c1rea de Relaciones Interinstitucionales, Ing. Joaqu\u00edn Flores, dem\u00e1s autoridades de la facultad y funcionarios provinciales.<\/p>\n<p>\u201cHoy es un d\u00eda de alegr\u00eda para la universidad porque nos visita el secretario de Discapacidad del gobierno y porque nos hemos juntado para hacer algo que es casi una obligaci\u00f3n moral de cualquiera que hoy est\u00e1 al frente de una instituci\u00f3n: sentarse, dialogar y tratar de unir esfuerzos para para cumplir con eso que nos gusta decir mucho, que somos una instituci\u00f3n inclusiva\u201d, coment\u00f3 el Vicerrector.<\/p>\n<p>\u201cPero la inclusi\u00f3n hay que demostrarla con hechos y esto es un hecho concreto. Por eso le agradecemos al secretario que nos haya visitado y nos quedamos con mucha expectativa por todo el trabajo a futuro que seguramente vamos a poder hacer\u201d, agreg\u00f3.<\/p>\n<p><img fetchpriority=\"high\" decoding=\"async\" class=\"aligncenter wp-image-15605 size-full\" src=\"https:\/\/www.fcejs.unsl.edu.ar\/wp-content\/uploads\/2024\/02\/firma-convenio-discapacidad-002-.jpg\" alt=\"\" width=\"1152\" height=\"647\" srcset=\"https:\/\/www.fcejs.unsl.edu.ar\/wp-content\/uploads\/2024\/02\/firma-convenio-discapacidad-002-.jpg 1152w, https:\/\/www.fcejs.unsl.edu.ar\/wp-content\/uploads\/2024\/02\/firma-convenio-discapacidad-002--300x168.jpg 300w, https:\/\/www.fcejs.unsl.edu.ar\/wp-content\/uploads\/2024\/02\/firma-convenio-discapacidad-002--1024x575.jpg 1024w, https:\/\/www.fcejs.unsl.edu.ar\/wp-content\/uploads\/2024\/02\/firma-convenio-discapacidad-002--768x431.jpg 768w\" sizes=\"(max-width: 1152px) 100vw, 1152px\" \/><\/p>\n<p>Por su parte, la decana Roxanna Camiletti destac\u00f3 que para la FCEJS \u201ces un orgullo\u201d formar parte de la generaci\u00f3n de estas pol\u00edticas p\u00fablicas y de haber firmado este acuerdo con la Secretar\u00eda, que reafirman un compromiso: \u201cque La inclusi\u00f3n no solamente sea una palabra o un slogan sino una realidad\u2026 Desde la facultad ponemos a disposici\u00f3n todos nuestros equipos de profesionales y nuestros conocimientos para poder lograr eso\u201d.<\/p>\n<p>Al t\u00e9rmino de la reuni\u00f3n, Giraudo agradeci\u00f3 y destac\u00f3 la visita que realizaron profesionales del Programa \u201cUniversidad y Discapacidad\u201d de la FCEJS al Centro de Equinoterapia del Parque La Pedrera el pasado mes de diciembre, al tiempo que se mostr\u00f3 muy satisfecho por los resultados del encuentro: \u201cme voy muy contento, con una gran alegr\u00eda porque se habl\u00f3 de inclusi\u00f3n y de llevar a la pr\u00e1ctica esa inclusi\u00f3n mediante un trabajo en equipo\u201d.<\/p>\n<p>En ese marco, el secretario augur\u00f3 una fruct\u00edfera relaci\u00f3n entre las dos instituciones: \u201cVamos a tener una entera vinculaci\u00f3n con la Universidad y un permanentemente contacto para que vayamos cumplimiento todo lo hablado. Porque ante una persona tan vulnerable, como lo son las personas con discapacidad, debemos actuar y tenerlas presentes. Ac\u00e1 lo que hemos visto es que hay un equipo hermoso para trabajar\u201d.<\/p>\n<p>La emoci\u00f3n de Giraudo se centr\u00f3, especialmente, en encontrar un \u00e1mbito de profunda inclusi\u00f3n en la facultad: \u201cMe alegra trabajar en conjunto en un lugar donde la persona con discapacidad que quiere venir a estudiar lo puede hacer. Donde la persona con discapacidad no se siente discriminada, porque ac\u00e1 se le abren las puertas. Eso es lo importante, es lo inclusivo\u201d.<\/p>\n<p>El apoyo de la Universidad hacia las pol\u00edticas que planifica el gobierno en el \u00e1rea Discapacidad quedaron plasmadas durante el encuentro. El vicerrector se\u00f1al\u00f3 que tanto los equipos t\u00e9cnicos de la Universidad como de la Facultad \u201cse ponen a disposici\u00f3n de la Secretar\u00eda para colaborar en todas las pol\u00edticas p\u00fablicas que la Provincia quiera implementar en esta tem\u00e1tica, que ya en s\u00ed es un mensaje muy fuerte, porque se trata de trabajar en la inclusi\u00f3n en serio\u201d.<\/p>\n<p>\u201cLas personas con discapacidad necesitan un espacio donde llevar sus inquietudes, sus necesidades, como Universidad nos ponemos a disposici\u00f3n\u201d, remarc\u00f3.<\/p>\n<p><img decoding=\"async\" class=\"aligncenter wp-image-15613\" src=\"https:\/\/www.fcejs.unsl.edu.ar\/wp-content\/uploads\/2024\/02\/firma-convenio-discapacidad-14-1024x682.jpg\" alt=\"\" width=\"1100\" height=\"733\" srcset=\"https:\/\/www.fcejs.unsl.edu.ar\/wp-content\/uploads\/2024\/02\/firma-convenio-discapacidad-14-1024x682.jpg 1024w, https:\/\/www.fcejs.unsl.edu.ar\/wp-content\/uploads\/2024\/02\/firma-convenio-discapacidad-14-300x200.jpg 300w, https:\/\/www.fcejs.unsl.edu.ar\/wp-content\/uploads\/2024\/02\/firma-convenio-discapacidad-14-768x511.jpg 768w, https:\/\/www.fcejs.unsl.edu.ar\/wp-content\/uploads\/2024\/02\/firma-convenio-discapacidad-14.jpg 1422w\" sizes=\"(max-width: 1100px) 100vw, 1100px\" \/><\/p>\n<p>&nbsp;<\/p>\n<p><strong>Nota: Jos\u00e9 Luis Baigorria \u2013 Radio UNSL Villa Mercedes<\/strong><\/p>\n","protected":false},"excerpt":{"rendered":"<p>En el Centro Universitario Villa Mercedes, la FCEJS y la Secretar\u00eda de Estado de Personas con Discapacidad de la provincia firmaron un convenio marco para&hellip;<\/p>\n","protected":false},"author":9,"featured_media":15604,"comment_status":"closed","ping_status":"closed","sticky":false,"template":"","format":"standard","meta":{"om_disable_all_campaigns":false,"_monsterinsights_skip_tracking":false,"_monsterinsights_sitenote_active":false,"_monsterinsights_sitenote_note":"","_monsterinsights_sitenote_category":0,"footnotes":""},"categories":[1],"tags":[],"class_list":["post-15597","post","type-post","status-publish","format-standard","has-post-thumbnail","hentry","category-noticias"],"yoast_head":"<!-- This site is optimized with the Yoast SEO plugin v27.5 - https:\/\/yoast.com\/product\/yoast-seo-wordpress\/ -->\n<title>La FCEJS y la Secretar\u00eda de Discapacidad juntas para reforzar la inclusi\u00f3n - Facultad de Ciencias Econ\u00f3micas, Jur\u00ed\u00addicas y Sociales<\/title>\n<meta name=\"robots\" content=\"index, follow, max-snippet:-1, max-image-preview:large, max-video-preview:-1\" \/>\n<link rel=\"canonical\" href=\"https:\/\/www.fcejs.unsl.edu.ar\/index.php\/la-fcejs-y-la-secretaria-de-discapacidad-juntas-para-reforzar-la-inclusion\/\" \/>\n<meta property=\"og:locale\" content=\"es_ES\" \/>\n<meta property=\"og:type\" content=\"article\" \/>\n<meta property=\"og:title\" content=\"La FCEJS y la Secretar\u00eda de Discapacidad juntas para reforzar la inclusi\u00f3n - Facultad de Ciencias Econ\u00f3micas, Jur\u00ed\u00addicas y Sociales\" \/>\n<meta property=\"og:description\" content=\"En el Centro Universitario Villa Mercedes, la FCEJS y la Secretar\u00eda de Estado de Personas con Discapacidad de la provincia firmaron un convenio marco para&hellip;\" \/>\n<meta property=\"og:url\" content=\"https:\/\/www.fcejs.unsl.edu.ar\/index.php\/la-fcejs-y-la-secretaria-de-discapacidad-juntas-para-reforzar-la-inclusion\/\" \/>\n<meta property=\"og:site_name\" content=\"Facultad de Ciencias Econ\u00f3micas, Jur\u00ed\u00addicas y Sociales\" \/>\n<meta property=\"article:publisher\" content=\"https:\/\/www.facebook.com\/FCEJS.UNSL\/\" \/>\n<meta property=\"article:published_time\" content=\"2024-02-21T16:29:20+00:00\" \/>\n<meta property=\"article:modified_time\" content=\"2024-03-08T12:04:35+00:00\" \/>\n<meta property=\"og:image\" content=\"https:\/\/www.fcejs.unsl.edu.ar\/wp-content\/uploads\/2024\/02\/firma-convenio-discapacidad-fron-t.jpg\" \/>\n\t<meta property=\"og:image:width\" content=\"1152\" \/>\n\t<meta property=\"og:image:height\" content=\"647\" \/>\n\t<meta property=\"og:image:type\" content=\"image\/jpeg\" \/>\n<meta name=\"author\" content=\"DATI\" \/>\n<meta name=\"twitter:card\" content=\"summary_large_image\" \/>\n<meta name=\"twitter:creator\" content=\"@FCEJSUNSL\" \/>\n<meta name=\"twitter:site\" content=\"@FCEJSUNSL\" \/>\n<meta name=\"twitter:label1\" content=\"Escrito por\" \/>\n\t<meta name=\"twitter:data1\" content=\"DATI\" \/>\n\t<meta name=\"twitter:label2\" content=\"Tiempo de lectura\" \/>\n\t<meta name=\"twitter:data2\" content=\"4 minutos\" \/>\n<script type=\"application\/ld+json\" class=\"yoast-schema-graph\">{\"@context\":\"https:\\\/\\\/schema.org\",\"@graph\":[{\"@type\":\"Article\",\"@id\":\"https:\\\/\\\/www.fcejs.unsl.edu.ar\\\/index.php\\\/la-fcejs-y-la-secretaria-de-discapacidad-juntas-para-reforzar-la-inclusion\\\/#article\",\"isPartOf\":{\"@id\":\"https:\\\/\\\/www.fcejs.unsl.edu.ar\\\/index.php\\\/la-fcejs-y-la-secretaria-de-discapacidad-juntas-para-reforzar-la-inclusion\\\/\"},\"author\":{\"name\":\"DATI\",\"@id\":\"https:\\\/\\\/www.fcejs.unsl.edu.ar\\\/#\\\/schema\\\/person\\\/352ee6ed90c3f394c7cb5945f8956d34\"},\"headline\":\"La FCEJS y la Secretar\u00eda de Discapacidad juntas para reforzar la inclusi\u00f3n\",\"datePublished\":\"2024-02-21T16:29:20+00:00\",\"dateModified\":\"2024-03-08T12:04:35+00:00\",\"mainEntityOfPage\":{\"@id\":\"https:\\\/\\\/www.fcejs.unsl.edu.ar\\\/index.php\\\/la-fcejs-y-la-secretaria-de-discapacidad-juntas-para-reforzar-la-inclusion\\\/\"},\"wordCount\":685,\"publisher\":{\"@id\":\"https:\\\/\\\/www.fcejs.unsl.edu.ar\\\/#organization\"},\"image\":{\"@id\":\"https:\\\/\\\/www.fcejs.unsl.edu.ar\\\/index.php\\\/la-fcejs-y-la-secretaria-de-discapacidad-juntas-para-reforzar-la-inclusion\\\/#primaryimage\"},\"thumbnailUrl\":\"https:\\\/\\\/www.fcejs.unsl.edu.ar\\\/wp-content\\\/uploads\\\/2024\\\/02\\\/firma-convenio-discapacidad-fron-t.jpg\",\"articleSection\":[\"Noticias\"],\"inLanguage\":\"es-AR\"},{\"@type\":\"WebPage\",\"@id\":\"https:\\\/\\\/www.fcejs.unsl.edu.ar\\\/index.php\\\/la-fcejs-y-la-secretaria-de-discapacidad-juntas-para-reforzar-la-inclusion\\\/\",\"url\":\"https:\\\/\\\/www.fcejs.unsl.edu.ar\\\/index.php\\\/la-fcejs-y-la-secretaria-de-discapacidad-juntas-para-reforzar-la-inclusion\\\/\",\"name\":\"La FCEJS y la Secretar\u00eda de Discapacidad juntas para reforzar la inclusi\u00f3n - Facultad de Ciencias Econ\u00f3micas, Jur\u00ed\u00addicas y Sociales\",\"isPartOf\":{\"@id\":\"https:\\\/\\\/www.fcejs.unsl.edu.ar\\\/#website\"},\"primaryImageOfPage\":{\"@id\":\"https:\\\/\\\/www.fcejs.unsl.edu.ar\\\/index.php\\\/la-fcejs-y-la-secretaria-de-discapacidad-juntas-para-reforzar-la-inclusion\\\/#primaryimage\"},\"image\":{\"@id\":\"https:\\\/\\\/www.fcejs.unsl.edu.ar\\\/index.php\\\/la-fcejs-y-la-secretaria-de-discapacidad-juntas-para-reforzar-la-inclusion\\\/#primaryimage\"},\"thumbnailUrl\":\"https:\\\/\\\/www.fcejs.unsl.edu.ar\\\/wp-content\\\/uploads\\\/2024\\\/02\\\/firma-convenio-discapacidad-fron-t.jpg\",\"datePublished\":\"2024-02-21T16:29:20+00:00\",\"dateModified\":\"2024-03-08T12:04:35+00:00\",\"breadcrumb\":{\"@id\":\"https:\\\/\\\/www.fcejs.unsl.edu.ar\\\/index.php\\\/la-fcejs-y-la-secretaria-de-discapacidad-juntas-para-reforzar-la-inclusion\\\/#breadcrumb\"},\"inLanguage\":\"es-AR\",\"potentialAction\":[{\"@type\":\"ReadAction\",\"target\":[\"https:\\\/\\\/www.fcejs.unsl.edu.ar\\\/index.php\\\/la-fcejs-y-la-secretaria-de-discapacidad-juntas-para-reforzar-la-inclusion\\\/\"]}]},{\"@type\":\"ImageObject\",\"inLanguage\":\"es-AR\",\"@id\":\"https:\\\/\\\/www.fcejs.unsl.edu.ar\\\/index.php\\\/la-fcejs-y-la-secretaria-de-discapacidad-juntas-para-reforzar-la-inclusion\\\/#primaryimage\",\"url\":\"https:\\\/\\\/www.fcejs.unsl.edu.ar\\\/wp-content\\\/uploads\\\/2024\\\/02\\\/firma-convenio-discapacidad-fron-t.jpg\",\"contentUrl\":\"https:\\\/\\\/www.fcejs.unsl.edu.ar\\\/wp-content\\\/uploads\\\/2024\\\/02\\\/firma-convenio-discapacidad-fron-t.jpg\",\"width\":1152,\"height\":647},{\"@type\":\"BreadcrumbList\",\"@id\":\"https:\\\/\\\/www.fcejs.unsl.edu.ar\\\/index.php\\\/la-fcejs-y-la-secretaria-de-discapacidad-juntas-para-reforzar-la-inclusion\\\/#breadcrumb\",\"itemListElement\":[{\"@type\":\"ListItem\",\"position\":1,\"name\":\"Inicio\",\"item\":\"https:\\\/\\\/www.fcejs.unsl.edu.ar\\\/\"},{\"@type\":\"ListItem\",\"position\":2,\"name\":\"La FCEJS y la Secretar\u00eda de Discapacidad juntas para reforzar la inclusi\u00f3n\"}]},{\"@type\":\"WebSite\",\"@id\":\"https:\\\/\\\/www.fcejs.unsl.edu.ar\\\/#website\",\"url\":\"https:\\\/\\\/www.fcejs.unsl.edu.ar\\\/\",\"name\":\"Facultad de Ciencias Econ\u00f3micas, Jur\u00ed\u00addicas y Sociales\",\"description\":\"\",\"publisher\":{\"@id\":\"https:\\\/\\\/www.fcejs.unsl.edu.ar\\\/#organization\"},\"potentialAction\":[{\"@type\":\"SearchAction\",\"target\":{\"@type\":\"EntryPoint\",\"urlTemplate\":\"https:\\\/\\\/www.fcejs.unsl.edu.ar\\\/?s={search_term_string}\"},\"query-input\":{\"@type\":\"PropertyValueSpecification\",\"valueRequired\":true,\"valueName\":\"search_term_string\"}}],\"inLanguage\":\"es-AR\"},{\"@type\":\"Organization\",\"@id\":\"https:\\\/\\\/www.fcejs.unsl.edu.ar\\\/#organization\",\"name\":\"Facultad de Ciencias Econ\u00f3micas, Jur\u00eddicas y Sociales\",\"url\":\"https:\\\/\\\/www.fcejs.unsl.edu.ar\\\/\",\"logo\":{\"@type\":\"ImageObject\",\"inLanguage\":\"es-AR\",\"@id\":\"https:\\\/\\\/www.fcejs.unsl.edu.ar\\\/#\\\/schema\\\/logo\\\/image\\\/\",\"url\":\"https:\\\/\\\/www.fcejs.unsl.edu.ar\\\/wp-content\\\/uploads\\\/2021\\\/03\\\/logo-1.jpg\",\"contentUrl\":\"https:\\\/\\\/www.fcejs.unsl.edu.ar\\\/wp-content\\\/uploads\\\/2021\\\/03\\\/logo-1.jpg\",\"width\":471,\"height\":146,\"caption\":\"Facultad de Ciencias Econ\u00f3micas, Jur\u00eddicas y Sociales\"},\"image\":{\"@id\":\"https:\\\/\\\/www.fcejs.unsl.edu.ar\\\/#\\\/schema\\\/logo\\\/image\\\/\"},\"sameAs\":[\"https:\\\/\\\/www.facebook.com\\\/FCEJS.UNSL\\\/\",\"https:\\\/\\\/x.com\\\/FCEJSUNSL\",\"https:\\\/\\\/www.instagram.com\\\/fcejs.unsl\\\/\",\"https:\\\/\\\/www.youtube.com\\\/channel\\\/UCH-Ut6EaN_X5ogjIQMPe46g\\\/\"]},{\"@type\":\"Person\",\"@id\":\"https:\\\/\\\/www.fcejs.unsl.edu.ar\\\/#\\\/schema\\\/person\\\/352ee6ed90c3f394c7cb5945f8956d34\",\"name\":\"DATI\"}]}<\/script>\n<!-- \/ Yoast SEO plugin. -->","yoast_head_json":{"title":"La FCEJS y la Secretar\u00eda de Discapacidad juntas para reforzar la inclusi\u00f3n - Facultad de Ciencias Econ\u00f3micas, Jur\u00ed\u00addicas y Sociales","robots":{"index":"index","follow":"follow","max-snippet":"max-snippet:-1","max-image-preview":"max-image-preview:large","max-video-preview":"max-video-preview:-1"},"canonical":"https:\/\/www.fcejs.unsl.edu.ar\/index.php\/la-fcejs-y-la-secretaria-de-discapacidad-juntas-para-reforzar-la-inclusion\/","og_locale":"es_ES","og_type":"article","og_title":"La FCEJS y la Secretar\u00eda de Discapacidad juntas para reforzar la inclusi\u00f3n - Facultad de Ciencias Econ\u00f3micas, Jur\u00ed\u00addicas y Sociales","og_description":"En el Centro Universitario Villa Mercedes, la FCEJS y la Secretar\u00eda de Estado de Personas con Discapacidad de la provincia firmaron un convenio marco para&hellip;","og_url":"https:\/\/www.fcejs.unsl.edu.ar\/index.php\/la-fcejs-y-la-secretaria-de-discapacidad-juntas-para-reforzar-la-inclusion\/","og_site_name":"Facultad de Ciencias Econ\u00f3micas, Jur\u00ed\u00addicas y Sociales","article_publisher":"https:\/\/www.facebook.com\/FCEJS.UNSL\/","article_published_time":"2024-02-21T16:29:20+00:00","article_modified_time":"2024-03-08T12:04:35+00:00","og_image":[{"width":1152,"height":647,"url":"https:\/\/www.fcejs.unsl.edu.ar\/wp-content\/uploads\/2024\/02\/firma-convenio-discapacidad-fron-t.jpg","type":"image\/jpeg"}],"author":"DATI","twitter_card":"summary_large_image","twitter_creator":"@FCEJSUNSL","twitter_site":"@FCEJSUNSL","twitter_misc":{"Escrito por":"DATI","Tiempo de lectura":"4 minutos"},"schema":{"@context":"https:\/\/schema.org","@graph":[{"@type":"Article","@id":"https:\/\/www.fcejs.unsl.edu.ar\/index.php\/la-fcejs-y-la-secretaria-de-discapacidad-juntas-para-reforzar-la-inclusion\/#article","isPartOf":{"@id":"https:\/\/www.fcejs.unsl.edu.ar\/index.php\/la-fcejs-y-la-secretaria-de-discapacidad-juntas-para-reforzar-la-inclusion\/"},"author":{"name":"DATI","@id":"https:\/\/www.fcejs.unsl.edu.ar\/#\/schema\/person\/352ee6ed90c3f394c7cb5945f8956d34"},"headline":"La FCEJS y la Secretar\u00eda de Discapacidad juntas para reforzar la inclusi\u00f3n","datePublished":"2024-02-21T16:29:20+00:00","dateModified":"2024-03-08T12:04:35+00:00","mainEntityOfPage":{"@id":"https:\/\/www.fcejs.unsl.edu.ar\/index.php\/la-fcejs-y-la-secretaria-de-discapacidad-juntas-para-reforzar-la-inclusion\/"},"wordCount":685,"publisher":{"@id":"https:\/\/www.fcejs.unsl.edu.ar\/#organization"},"image":{"@id":"https:\/\/www.fcejs.unsl.edu.ar\/index.php\/la-fcejs-y-la-secretaria-de-discapacidad-juntas-para-reforzar-la-inclusion\/#primaryimage"},"thumbnailUrl":"https:\/\/www.fcejs.unsl.edu.ar\/wp-content\/uploads\/2024\/02\/firma-convenio-discapacidad-fron-t.jpg","articleSection":["Noticias"],"inLanguage":"es-AR"},{"@type":"WebPage","@id":"https:\/\/www.fcejs.unsl.edu.ar\/index.php\/la-fcejs-y-la-secretaria-de-discapacidad-juntas-para-reforzar-la-inclusion\/","url":"https:\/\/www.fcejs.unsl.edu.ar\/index.php\/la-fcejs-y-la-secretaria-de-discapacidad-juntas-para-reforzar-la-inclusion\/","name":"La FCEJS y la Secretar\u00eda de Discapacidad juntas para reforzar la inclusi\u00f3n - Facultad de Ciencias Econ\u00f3micas, Jur\u00ed\u00addicas y Sociales","isPartOf":{"@id":"https:\/\/www.fcejs.unsl.edu.ar\/#website"},"primaryImageOfPage":{"@id":"https:\/\/www.fcejs.unsl.edu.ar\/index.php\/la-fcejs-y-la-secretaria-de-discapacidad-juntas-para-reforzar-la-inclusion\/#primaryimage"},"image":{"@id":"https:\/\/www.fcejs.unsl.edu.ar\/index.php\/la-fcejs-y-la-secretaria-de-discapacidad-juntas-para-reforzar-la-inclusion\/#primaryimage"},"thumbnailUrl":"https:\/\/www.fcejs.unsl.edu.ar\/wp-content\/uploads\/2024\/02\/firma-convenio-discapacidad-fron-t.jpg","datePublished":"2024-02-21T16:29:20+00:00","dateModified":"2024-03-08T12:04:35+00:00","breadcrumb":{"@id":"https:\/\/www.fcejs.unsl.edu.ar\/index.php\/la-fcejs-y-la-secretaria-de-discapacidad-juntas-para-reforzar-la-inclusion\/#breadcrumb"},"inLanguage":"es-AR","potentialAction":[{"@type":"ReadAction","target":["https:\/\/www.fcejs.unsl.edu.ar\/index.php\/la-fcejs-y-la-secretaria-de-discapacidad-juntas-para-reforzar-la-inclusion\/"]}]},{"@type":"ImageObject","inLanguage":"es-AR","@id":"https:\/\/www.fcejs.unsl.edu.ar\/index.php\/la-fcejs-y-la-secretaria-de-discapacidad-juntas-para-reforzar-la-inclusion\/#primaryimage","url":"https:\/\/www.fcejs.unsl.edu.ar\/wp-content\/uploads\/2024\/02\/firma-convenio-discapacidad-fron-t.jpg","contentUrl":"https:\/\/www.fcejs.unsl.edu.ar\/wp-content\/uploads\/2024\/02\/firma-convenio-discapacidad-fron-t.jpg","width":1152,"height":647},{"@type":"BreadcrumbList","@id":"https:\/\/www.fcejs.unsl.edu.ar\/index.php\/la-fcejs-y-la-secretaria-de-discapacidad-juntas-para-reforzar-la-inclusion\/#breadcrumb","itemListElement":[{"@type":"ListItem","position":1,"name":"Inicio","item":"https:\/\/www.fcejs.unsl.edu.ar\/"},{"@type":"ListItem","position":2,"name":"La FCEJS y la Secretar\u00eda de Discapacidad juntas para reforzar la inclusi\u00f3n"}]},{"@type":"WebSite","@id":"https:\/\/www.fcejs.unsl.edu.ar\/#website","url":"https:\/\/www.fcejs.unsl.edu.ar\/","name":"Facultad de Ciencias Econ\u00f3micas, Jur\u00ed\u00addicas y Sociales","description":"","publisher":{"@id":"https:\/\/www.fcejs.unsl.edu.ar\/#organization"},"potentialAction":[{"@type":"SearchAction","target":{"@type":"EntryPoint","urlTemplate":"https:\/\/www.fcejs.unsl.edu.ar\/?s={search_term_string}"},"query-input":{"@type":"PropertyValueSpecification","valueRequired":true,"valueName":"search_term_string"}}],"inLanguage":"es-AR"},{"@type":"Organization","@id":"https:\/\/www.fcejs.unsl.edu.ar\/#organization","name":"Facultad de Ciencias Econ\u00f3micas, Jur\u00eddicas y Sociales","url":"https:\/\/www.fcejs.unsl.edu.ar\/","logo":{"@type":"ImageObject","inLanguage":"es-AR","@id":"https:\/\/www.fcejs.unsl.edu.ar\/#\/schema\/logo\/image\/","url":"https:\/\/www.fcejs.unsl.edu.ar\/wp-content\/uploads\/2021\/03\/logo-1.jpg","contentUrl":"https:\/\/www.fcejs.unsl.edu.ar\/wp-content\/uploads\/2021\/03\/logo-1.jpg","width":471,"height":146,"caption":"Facultad de Ciencias Econ\u00f3micas, Jur\u00eddicas y Sociales"},"image":{"@id":"https:\/\/www.fcejs.unsl.edu.ar\/#\/schema\/logo\/image\/"},"sameAs":["https:\/\/www.facebook.com\/FCEJS.UNSL\/","https:\/\/x.com\/FCEJSUNSL","https:\/\/www.instagram.com\/fcejs.unsl\/","https:\/\/www.youtube.com\/channel\/UCH-Ut6EaN_X5ogjIQMPe46g\/"]},{"@type":"Person","@id":"https:\/\/www.fcejs.unsl.edu.ar\/#\/schema\/person\/352ee6ed90c3f394c7cb5945f8956d34","name":"DATI"}]}},"jetpack_featured_media_url":"https:\/\/www.fcejs.unsl.edu.ar\/wp-content\/uploads\/2024\/02\/firma-convenio-discapacidad-fron-t.jpg","_links":{"self":[{"href":"https:\/\/www.fcejs.unsl.edu.ar\/index.php\/wp-json\/wp\/v2\/posts\/15597","targetHints":{"allow":["GET"]}}],"collection":[{"href":"https:\/\/www.fcejs.unsl.edu.ar\/index.php\/wp-json\/wp\/v2\/posts"}],"about":[{"href":"https:\/\/www.fcejs.unsl.edu.ar\/index.php\/wp-json\/wp\/v2\/types\/post"}],"author":[{"embeddable":true,"href":"https:\/\/www.fcejs.unsl.edu.ar\/index.php\/wp-json\/wp\/v2\/users\/9"}],"replies":[{"embeddable":true,"href":"https:\/\/www.fcejs.unsl.edu.ar\/index.php\/wp-json\/wp\/v2\/comments?post=15597"}],"version-history":[{"count":11,"href":"https:\/\/www.fcejs.unsl.edu.ar\/index.php\/wp-json\/wp\/v2\/posts\/15597\/revisions"}],"predecessor-version":[{"id":15616,"href":"https:\/\/www.fcejs.unsl.edu.ar\/index.php\/wp-json\/wp\/v2\/posts\/15597\/revisions\/15616"}],"wp:featuredmedia":[{"embeddable":true,"href":"https:\/\/www.fcejs.unsl.edu.ar\/index.php\/wp-json\/wp\/v2\/media\/15604"}],"wp:attachment":[{"href":"https:\/\/www.fcejs.unsl.edu.ar\/index.php\/wp-json\/wp\/v2\/media?parent=15597"}],"wp:term":[{"taxonomy":"category","embeddable":true,"href":"https:\/\/www.fcejs.unsl.edu.ar\/index.php\/wp-json\/wp\/v2\/categories?post=15597"},{"taxonomy":"post_tag","embeddable":true,"href":"https:\/\/www.fcejs.unsl.edu.ar\/index.php\/wp-json\/wp\/v2\/tags?post=15597"}],"curies":[{"name":"wp","href":"https:\/\/api.w.org\/{rel}","templated":true}]}}