{"id":15457,"date":"2024-02-15T09:03:02","date_gmt":"2024-02-15T12:03:02","guid":{"rendered":"http:\/\/10.101.10.197\/www\/?p=15457"},"modified":"2024-04-16T11:31:27","modified_gmt":"2024-04-16T14:31:27","slug":"curso-de-posgrado-tiempos-de-confusion-derechos-de-ciudadania-y-formas-de-identidad","status":"publish","type":"post","link":"https:\/\/www.fcejs.unsl.edu.ar\/index.php\/curso-de-posgrado-tiempos-de-confusion-derechos-de-ciudadania-y-formas-de-identidad\/","title":{"rendered":"Curso de Posgrado \u201cTiempos de Confusi\u00f3n. Derechos de Ciudadan\u00eda y formas de identidad\u201d"},"content":{"rendered":"<p>La Secretar\u00eda de Investigaci\u00f3n y Posgrado informa, que se encuentran abiertas las inscripciones del Curso de Posgrado \u201cTiempos de Confusi\u00f3n. Derechos de Ciudadan\u00eda y formas de identidad\u201d, que ser\u00e1 dictado por el Dr. Josep Burgaya (UVic- Central de Catalu\u00f1a. Barcelona, Espa\u00f1a), a partir del 1 de marzo de 2024.<\/p>\n<p>Las actividades se desarrollar\u00e1n de forma presencial.\u00a0<strong>Informes e inscripciones: keilacabrerakahl@gmail.com<\/strong><\/p>\n<p>El objetivo del curso es promover la profundizaci\u00f3n de los conocimientos vinculados a las grandes problem\u00e1ticas socioecon\u00f3micas que se asocian a los derechos de ciudadan\u00eda y formas de identidad que impactan en la econom\u00eda, las organizaciones, las instituciones y en la sociedad en general.<\/p>\n<p>Es organizado por el PROICO UNSLCyT 15-1120 \u201cPol\u00edticas de desarrollo socio econ\u00f3mico en los pueblos del interior de la provincia de San Luis. Din\u00e1micas territoriales y estrategias familiares\u201d.<\/p>\n<p>&nbsp;<\/p>\n<p>Los contenidos que se abordar\u00e1n estar\u00e1n relacionado a: \u201cCiudadan\u00eda. Derechos y Deberes\u201d; \u201cSistema Pol\u00edtico y Narcisismo\u201d; \u201cRealidad y futuro del Trabajo\u201d, \u201cDesigualdad y Consensos Sociales\u201d; \u201cDiversidad &#8211; Populismo \u2013Pol\u00edtica\u201d y \u201cProcesos Relacionales \u2013 Territorios &#8211; Impacto socioecon\u00f3mico &#8211; Din\u00e1micas Relacionales\u201d.<\/p>\n","protected":false},"excerpt":{"rendered":"<p>La Secretar\u00eda de Investigaci\u00f3n y Posgrado informa, que se encuentran abiertas las inscripciones del Curso de Posgrado \u201cTiempos de Confusi\u00f3n. Derechos de Ciudadan\u00eda y formas&hellip;<\/p>\n","protected":false},"author":9,"featured_media":15460,"comment_status":"closed","ping_status":"closed","sticky":false,"template":"","format":"standard","meta":{"om_disable_all_campaigns":false,"_monsterinsights_skip_tracking":false,"_monsterinsights_sitenote_active":false,"_monsterinsights_sitenote_note":"","_monsterinsights_sitenote_category":0,"footnotes":""},"categories":[1],"tags":[],"class_list":["post-15457","post","type-post","status-publish","format-standard","has-post-thumbnail","hentry","category-noticias"],"yoast_head":"<!-- This site is optimized with the Yoast SEO plugin v27.5 - https:\/\/yoast.com\/product\/yoast-seo-wordpress\/ -->\n<title>Curso de Posgrado \u201cTiempos de Confusi\u00f3n. Derechos de Ciudadan\u00eda y formas de identidad\u201d - Facultad de Ciencias Econ\u00f3micas, Jur\u00ed\u00addicas y Sociales<\/title>\n<meta name=\"robots\" content=\"index, follow, max-snippet:-1, max-image-preview:large, max-video-preview:-1\" \/>\n<link rel=\"canonical\" href=\"https:\/\/www.fcejs.unsl.edu.ar\/index.php\/curso-de-posgrado-tiempos-de-confusion-derechos-de-ciudadania-y-formas-de-identidad\/\" \/>\n<meta property=\"og:locale\" content=\"es_ES\" \/>\n<meta property=\"og:type\" content=\"article\" \/>\n<meta property=\"og:title\" content=\"Curso de Posgrado \u201cTiempos de Confusi\u00f3n. Derechos de Ciudadan\u00eda y formas de identidad\u201d - Facultad de Ciencias Econ\u00f3micas, Jur\u00ed\u00addicas y Sociales\" \/>\n<meta property=\"og:description\" content=\"La Secretar\u00eda de Investigaci\u00f3n y Posgrado informa, que se encuentran abiertas las inscripciones del Curso de Posgrado \u201cTiempos de Confusi\u00f3n. Derechos de Ciudadan\u00eda y formas&hellip;\" \/>\n<meta property=\"og:url\" content=\"https:\/\/www.fcejs.unsl.edu.ar\/index.php\/curso-de-posgrado-tiempos-de-confusion-derechos-de-ciudadania-y-formas-de-identidad\/\" \/>\n<meta property=\"og:site_name\" content=\"Facultad de Ciencias Econ\u00f3micas, Jur\u00ed\u00addicas y Sociales\" \/>\n<meta property=\"article:publisher\" content=\"https:\/\/www.facebook.com\/FCEJS.UNSL\/\" \/>\n<meta property=\"article:published_time\" content=\"2024-02-15T12:03:02+00:00\" \/>\n<meta property=\"article:modified_time\" content=\"2024-04-16T14:31:27+00:00\" \/>\n<meta property=\"og:image\" content=\"https:\/\/www.fcejs.unsl.edu.ar\/wp-content\/uploads\/2024\/02\/flyer-curso-posgrado-burgaya-front-02.jpg\" \/>\n\t<meta property=\"og:image:width\" content=\"1152\" \/>\n\t<meta property=\"og:image:height\" content=\"647\" \/>\n\t<meta property=\"og:image:type\" content=\"image\/jpeg\" \/>\n<meta name=\"author\" content=\"DATI\" \/>\n<meta name=\"twitter:card\" content=\"summary_large_image\" \/>\n<meta name=\"twitter:creator\" content=\"@FCEJSUNSL\" \/>\n<meta name=\"twitter:site\" content=\"@FCEJSUNSL\" \/>\n<meta name=\"twitter:label1\" content=\"Escrito por\" \/>\n\t<meta name=\"twitter:data1\" content=\"DATI\" \/>\n\t<meta name=\"twitter:label2\" content=\"Tiempo de lectura\" \/>\n\t<meta name=\"twitter:data2\" content=\"1 minuto\" \/>\n<script type=\"application\/ld+json\" class=\"yoast-schema-graph\">{\"@context\":\"https:\\\/\\\/schema.org\",\"@graph\":[{\"@type\":\"Article\",\"@id\":\"https:\\\/\\\/www.fcejs.unsl.edu.ar\\\/index.php\\\/curso-de-posgrado-tiempos-de-confusion-derechos-de-ciudadania-y-formas-de-identidad\\\/#article\",\"isPartOf\":{\"@id\":\"https:\\\/\\\/www.fcejs.unsl.edu.ar\\\/index.php\\\/curso-de-posgrado-tiempos-de-confusion-derechos-de-ciudadania-y-formas-de-identidad\\\/\"},\"author\":{\"name\":\"DATI\",\"@id\":\"https:\\\/\\\/www.fcejs.unsl.edu.ar\\\/#\\\/schema\\\/person\\\/352ee6ed90c3f394c7cb5945f8956d34\"},\"headline\":\"Curso de Posgrado \u201cTiempos de Confusi\u00f3n. Derechos de Ciudadan\u00eda y formas de identidad\u201d\",\"datePublished\":\"2024-02-15T12:03:02+00:00\",\"dateModified\":\"2024-04-16T14:31:27+00:00\",\"mainEntityOfPage\":{\"@id\":\"https:\\\/\\\/www.fcejs.unsl.edu.ar\\\/index.php\\\/curso-de-posgrado-tiempos-de-confusion-derechos-de-ciudadania-y-formas-de-identidad\\\/\"},\"wordCount\":209,\"publisher\":{\"@id\":\"https:\\\/\\\/www.fcejs.unsl.edu.ar\\\/#organization\"},\"image\":{\"@id\":\"https:\\\/\\\/www.fcejs.unsl.edu.ar\\\/index.php\\\/curso-de-posgrado-tiempos-de-confusion-derechos-de-ciudadania-y-formas-de-identidad\\\/#primaryimage\"},\"thumbnailUrl\":\"https:\\\/\\\/www.fcejs.unsl.edu.ar\\\/wp-content\\\/uploads\\\/2024\\\/02\\\/flyer-curso-posgrado-burgaya-front-02.jpg\",\"articleSection\":[\"Noticias\"],\"inLanguage\":\"es-AR\"},{\"@type\":\"WebPage\",\"@id\":\"https:\\\/\\\/www.fcejs.unsl.edu.ar\\\/index.php\\\/curso-de-posgrado-tiempos-de-confusion-derechos-de-ciudadania-y-formas-de-identidad\\\/\",\"url\":\"https:\\\/\\\/www.fcejs.unsl.edu.ar\\\/index.php\\\/curso-de-posgrado-tiempos-de-confusion-derechos-de-ciudadania-y-formas-de-identidad\\\/\",\"name\":\"Curso de Posgrado \u201cTiempos de Confusi\u00f3n. Derechos de Ciudadan\u00eda y formas de identidad\u201d - Facultad de Ciencias Econ\u00f3micas, Jur\u00ed\u00addicas y Sociales\",\"isPartOf\":{\"@id\":\"https:\\\/\\\/www.fcejs.unsl.edu.ar\\\/#website\"},\"primaryImageOfPage\":{\"@id\":\"https:\\\/\\\/www.fcejs.unsl.edu.ar\\\/index.php\\\/curso-de-posgrado-tiempos-de-confusion-derechos-de-ciudadania-y-formas-de-identidad\\\/#primaryimage\"},\"image\":{\"@id\":\"https:\\\/\\\/www.fcejs.unsl.edu.ar\\\/index.php\\\/curso-de-posgrado-tiempos-de-confusion-derechos-de-ciudadania-y-formas-de-identidad\\\/#primaryimage\"},\"thumbnailUrl\":\"https:\\\/\\\/www.fcejs.unsl.edu.ar\\\/wp-content\\\/uploads\\\/2024\\\/02\\\/flyer-curso-posgrado-burgaya-front-02.jpg\",\"datePublished\":\"2024-02-15T12:03:02+00:00\",\"dateModified\":\"2024-04-16T14:31:27+00:00\",\"breadcrumb\":{\"@id\":\"https:\\\/\\\/www.fcejs.unsl.edu.ar\\\/index.php\\\/curso-de-posgrado-tiempos-de-confusion-derechos-de-ciudadania-y-formas-de-identidad\\\/#breadcrumb\"},\"inLanguage\":\"es-AR\",\"potentialAction\":[{\"@type\":\"ReadAction\",\"target\":[\"https:\\\/\\\/www.fcejs.unsl.edu.ar\\\/index.php\\\/curso-de-posgrado-tiempos-de-confusion-derechos-de-ciudadania-y-formas-de-identidad\\\/\"]}]},{\"@type\":\"ImageObject\",\"inLanguage\":\"es-AR\",\"@id\":\"https:\\\/\\\/www.fcejs.unsl.edu.ar\\\/index.php\\\/curso-de-posgrado-tiempos-de-confusion-derechos-de-ciudadania-y-formas-de-identidad\\\/#primaryimage\",\"url\":\"https:\\\/\\\/www.fcejs.unsl.edu.ar\\\/wp-content\\\/uploads\\\/2024\\\/02\\\/flyer-curso-posgrado-burgaya-front-02.jpg\",\"contentUrl\":\"https:\\\/\\\/www.fcejs.unsl.edu.ar\\\/wp-content\\\/uploads\\\/2024\\\/02\\\/flyer-curso-posgrado-burgaya-front-02.jpg\",\"width\":1152,\"height\":647},{\"@type\":\"BreadcrumbList\",\"@id\":\"https:\\\/\\\/www.fcejs.unsl.edu.ar\\\/index.php\\\/curso-de-posgrado-tiempos-de-confusion-derechos-de-ciudadania-y-formas-de-identidad\\\/#breadcrumb\",\"itemListElement\":[{\"@type\":\"ListItem\",\"position\":1,\"name\":\"Inicio\",\"item\":\"https:\\\/\\\/www.fcejs.unsl.edu.ar\\\/\"},{\"@type\":\"ListItem\",\"position\":2,\"name\":\"Curso de Posgrado \u201cTiempos de Confusi\u00f3n. Derechos de Ciudadan\u00eda y formas de identidad\u201d\"}]},{\"@type\":\"WebSite\",\"@id\":\"https:\\\/\\\/www.fcejs.unsl.edu.ar\\\/#website\",\"url\":\"https:\\\/\\\/www.fcejs.unsl.edu.ar\\\/\",\"name\":\"Facultad de Ciencias Econ\u00f3micas, Jur\u00ed\u00addicas y Sociales\",\"description\":\"\",\"publisher\":{\"@id\":\"https:\\\/\\\/www.fcejs.unsl.edu.ar\\\/#organization\"},\"potentialAction\":[{\"@type\":\"SearchAction\",\"target\":{\"@type\":\"EntryPoint\",\"urlTemplate\":\"https:\\\/\\\/www.fcejs.unsl.edu.ar\\\/?s={search_term_string}\"},\"query-input\":{\"@type\":\"PropertyValueSpecification\",\"valueRequired\":true,\"valueName\":\"search_term_string\"}}],\"inLanguage\":\"es-AR\"},{\"@type\":\"Organization\",\"@id\":\"https:\\\/\\\/www.fcejs.unsl.edu.ar\\\/#organization\",\"name\":\"Facultad de Ciencias Econ\u00f3micas, Jur\u00eddicas y Sociales\",\"url\":\"https:\\\/\\\/www.fcejs.unsl.edu.ar\\\/\",\"logo\":{\"@type\":\"ImageObject\",\"inLanguage\":\"es-AR\",\"@id\":\"https:\\\/\\\/www.fcejs.unsl.edu.ar\\\/#\\\/schema\\\/logo\\\/image\\\/\",\"url\":\"https:\\\/\\\/www.fcejs.unsl.edu.ar\\\/wp-content\\\/uploads\\\/2021\\\/03\\\/logo-1.jpg\",\"contentUrl\":\"https:\\\/\\\/www.fcejs.unsl.edu.ar\\\/wp-content\\\/uploads\\\/2021\\\/03\\\/logo-1.jpg\",\"width\":471,\"height\":146,\"caption\":\"Facultad de Ciencias Econ\u00f3micas, Jur\u00eddicas y Sociales\"},\"image\":{\"@id\":\"https:\\\/\\\/www.fcejs.unsl.edu.ar\\\/#\\\/schema\\\/logo\\\/image\\\/\"},\"sameAs\":[\"https:\\\/\\\/www.facebook.com\\\/FCEJS.UNSL\\\/\",\"https:\\\/\\\/x.com\\\/FCEJSUNSL\",\"https:\\\/\\\/www.instagram.com\\\/fcejs.unsl\\\/\",\"https:\\\/\\\/www.youtube.com\\\/channel\\\/UCH-Ut6EaN_X5ogjIQMPe46g\\\/\"]},{\"@type\":\"Person\",\"@id\":\"https:\\\/\\\/www.fcejs.unsl.edu.ar\\\/#\\\/schema\\\/person\\\/352ee6ed90c3f394c7cb5945f8956d34\",\"name\":\"DATI\"}]}<\/script>\n<!-- \/ Yoast SEO plugin. -->","yoast_head_json":{"title":"Curso de Posgrado \u201cTiempos de Confusi\u00f3n. Derechos de Ciudadan\u00eda y formas de identidad\u201d - Facultad de Ciencias Econ\u00f3micas, Jur\u00ed\u00addicas y Sociales","robots":{"index":"index","follow":"follow","max-snippet":"max-snippet:-1","max-image-preview":"max-image-preview:large","max-video-preview":"max-video-preview:-1"},"canonical":"https:\/\/www.fcejs.unsl.edu.ar\/index.php\/curso-de-posgrado-tiempos-de-confusion-derechos-de-ciudadania-y-formas-de-identidad\/","og_locale":"es_ES","og_type":"article","og_title":"Curso de Posgrado \u201cTiempos de Confusi\u00f3n. Derechos de Ciudadan\u00eda y formas de identidad\u201d - Facultad de Ciencias Econ\u00f3micas, Jur\u00ed\u00addicas y Sociales","og_description":"La Secretar\u00eda de Investigaci\u00f3n y Posgrado informa, que se encuentran abiertas las inscripciones del Curso de Posgrado \u201cTiempos de Confusi\u00f3n. Derechos de Ciudadan\u00eda y formas&hellip;","og_url":"https:\/\/www.fcejs.unsl.edu.ar\/index.php\/curso-de-posgrado-tiempos-de-confusion-derechos-de-ciudadania-y-formas-de-identidad\/","og_site_name":"Facultad de Ciencias Econ\u00f3micas, Jur\u00ed\u00addicas y Sociales","article_publisher":"https:\/\/www.facebook.com\/FCEJS.UNSL\/","article_published_time":"2024-02-15T12:03:02+00:00","article_modified_time":"2024-04-16T14:31:27+00:00","og_image":[{"width":1152,"height":647,"url":"https:\/\/www.fcejs.unsl.edu.ar\/wp-content\/uploads\/2024\/02\/flyer-curso-posgrado-burgaya-front-02.jpg","type":"image\/jpeg"}],"author":"DATI","twitter_card":"summary_large_image","twitter_creator":"@FCEJSUNSL","twitter_site":"@FCEJSUNSL","twitter_misc":{"Escrito por":"DATI","Tiempo de lectura":"1 minuto"},"schema":{"@context":"https:\/\/schema.org","@graph":[{"@type":"Article","@id":"https:\/\/www.fcejs.unsl.edu.ar\/index.php\/curso-de-posgrado-tiempos-de-confusion-derechos-de-ciudadania-y-formas-de-identidad\/#article","isPartOf":{"@id":"https:\/\/www.fcejs.unsl.edu.ar\/index.php\/curso-de-posgrado-tiempos-de-confusion-derechos-de-ciudadania-y-formas-de-identidad\/"},"author":{"name":"DATI","@id":"https:\/\/www.fcejs.unsl.edu.ar\/#\/schema\/person\/352ee6ed90c3f394c7cb5945f8956d34"},"headline":"Curso de Posgrado \u201cTiempos de Confusi\u00f3n. Derechos de Ciudadan\u00eda y formas de identidad\u201d","datePublished":"2024-02-15T12:03:02+00:00","dateModified":"2024-04-16T14:31:27+00:00","mainEntityOfPage":{"@id":"https:\/\/www.fcejs.unsl.edu.ar\/index.php\/curso-de-posgrado-tiempos-de-confusion-derechos-de-ciudadania-y-formas-de-identidad\/"},"wordCount":209,"publisher":{"@id":"https:\/\/www.fcejs.unsl.edu.ar\/#organization"},"image":{"@id":"https:\/\/www.fcejs.unsl.edu.ar\/index.php\/curso-de-posgrado-tiempos-de-confusion-derechos-de-ciudadania-y-formas-de-identidad\/#primaryimage"},"thumbnailUrl":"https:\/\/www.fcejs.unsl.edu.ar\/wp-content\/uploads\/2024\/02\/flyer-curso-posgrado-burgaya-front-02.jpg","articleSection":["Noticias"],"inLanguage":"es-AR"},{"@type":"WebPage","@id":"https:\/\/www.fcejs.unsl.edu.ar\/index.php\/curso-de-posgrado-tiempos-de-confusion-derechos-de-ciudadania-y-formas-de-identidad\/","url":"https:\/\/www.fcejs.unsl.edu.ar\/index.php\/curso-de-posgrado-tiempos-de-confusion-derechos-de-ciudadania-y-formas-de-identidad\/","name":"Curso de Posgrado \u201cTiempos de Confusi\u00f3n. Derechos de Ciudadan\u00eda y formas de identidad\u201d - Facultad de Ciencias Econ\u00f3micas, Jur\u00ed\u00addicas y Sociales","isPartOf":{"@id":"https:\/\/www.fcejs.unsl.edu.ar\/#website"},"primaryImageOfPage":{"@id":"https:\/\/www.fcejs.unsl.edu.ar\/index.php\/curso-de-posgrado-tiempos-de-confusion-derechos-de-ciudadania-y-formas-de-identidad\/#primaryimage"},"image":{"@id":"https:\/\/www.fcejs.unsl.edu.ar\/index.php\/curso-de-posgrado-tiempos-de-confusion-derechos-de-ciudadania-y-formas-de-identidad\/#primaryimage"},"thumbnailUrl":"https:\/\/www.fcejs.unsl.edu.ar\/wp-content\/uploads\/2024\/02\/flyer-curso-posgrado-burgaya-front-02.jpg","datePublished":"2024-02-15T12:03:02+00:00","dateModified":"2024-04-16T14:31:27+00:00","breadcrumb":{"@id":"https:\/\/www.fcejs.unsl.edu.ar\/index.php\/curso-de-posgrado-tiempos-de-confusion-derechos-de-ciudadania-y-formas-de-identidad\/#breadcrumb"},"inLanguage":"es-AR","potentialAction":[{"@type":"ReadAction","target":["https:\/\/www.fcejs.unsl.edu.ar\/index.php\/curso-de-posgrado-tiempos-de-confusion-derechos-de-ciudadania-y-formas-de-identidad\/"]}]},{"@type":"ImageObject","inLanguage":"es-AR","@id":"https:\/\/www.fcejs.unsl.edu.ar\/index.php\/curso-de-posgrado-tiempos-de-confusion-derechos-de-ciudadania-y-formas-de-identidad\/#primaryimage","url":"https:\/\/www.fcejs.unsl.edu.ar\/wp-content\/uploads\/2024\/02\/flyer-curso-posgrado-burgaya-front-02.jpg","contentUrl":"https:\/\/www.fcejs.unsl.edu.ar\/wp-content\/uploads\/2024\/02\/flyer-curso-posgrado-burgaya-front-02.jpg","width":1152,"height":647},{"@type":"BreadcrumbList","@id":"https:\/\/www.fcejs.unsl.edu.ar\/index.php\/curso-de-posgrado-tiempos-de-confusion-derechos-de-ciudadania-y-formas-de-identidad\/#breadcrumb","itemListElement":[{"@type":"ListItem","position":1,"name":"Inicio","item":"https:\/\/www.fcejs.unsl.edu.ar\/"},{"@type":"ListItem","position":2,"name":"Curso de Posgrado \u201cTiempos de Confusi\u00f3n. Derechos de Ciudadan\u00eda y formas de identidad\u201d"}]},{"@type":"WebSite","@id":"https:\/\/www.fcejs.unsl.edu.ar\/#website","url":"https:\/\/www.fcejs.unsl.edu.ar\/","name":"Facultad de Ciencias Econ\u00f3micas, Jur\u00ed\u00addicas y Sociales","description":"","publisher":{"@id":"https:\/\/www.fcejs.unsl.edu.ar\/#organization"},"potentialAction":[{"@type":"SearchAction","target":{"@type":"EntryPoint","urlTemplate":"https:\/\/www.fcejs.unsl.edu.ar\/?s={search_term_string}"},"query-input":{"@type":"PropertyValueSpecification","valueRequired":true,"valueName":"search_term_string"}}],"inLanguage":"es-AR"},{"@type":"Organization","@id":"https:\/\/www.fcejs.unsl.edu.ar\/#organization","name":"Facultad de Ciencias Econ\u00f3micas, Jur\u00eddicas y Sociales","url":"https:\/\/www.fcejs.unsl.edu.ar\/","logo":{"@type":"ImageObject","inLanguage":"es-AR","@id":"https:\/\/www.fcejs.unsl.edu.ar\/#\/schema\/logo\/image\/","url":"https:\/\/www.fcejs.unsl.edu.ar\/wp-content\/uploads\/2021\/03\/logo-1.jpg","contentUrl":"https:\/\/www.fcejs.unsl.edu.ar\/wp-content\/uploads\/2021\/03\/logo-1.jpg","width":471,"height":146,"caption":"Facultad de Ciencias Econ\u00f3micas, Jur\u00eddicas y Sociales"},"image":{"@id":"https:\/\/www.fcejs.unsl.edu.ar\/#\/schema\/logo\/image\/"},"sameAs":["https:\/\/www.facebook.com\/FCEJS.UNSL\/","https:\/\/x.com\/FCEJSUNSL","https:\/\/www.instagram.com\/fcejs.unsl\/","https:\/\/www.youtube.com\/channel\/UCH-Ut6EaN_X5ogjIQMPe46g\/"]},{"@type":"Person","@id":"https:\/\/www.fcejs.unsl.edu.ar\/#\/schema\/person\/352ee6ed90c3f394c7cb5945f8956d34","name":"DATI"}]}},"jetpack_featured_media_url":"https:\/\/www.fcejs.unsl.edu.ar\/wp-content\/uploads\/2024\/02\/flyer-curso-posgrado-burgaya-front-02.jpg","_links":{"self":[{"href":"https:\/\/www.fcejs.unsl.edu.ar\/index.php\/wp-json\/wp\/v2\/posts\/15457","targetHints":{"allow":["GET"]}}],"collection":[{"href":"https:\/\/www.fcejs.unsl.edu.ar\/index.php\/wp-json\/wp\/v2\/posts"}],"about":[{"href":"https:\/\/www.fcejs.unsl.edu.ar\/index.php\/wp-json\/wp\/v2\/types\/post"}],"author":[{"embeddable":true,"href":"https:\/\/www.fcejs.unsl.edu.ar\/index.php\/wp-json\/wp\/v2\/users\/9"}],"replies":[{"embeddable":true,"href":"https:\/\/www.fcejs.unsl.edu.ar\/index.php\/wp-json\/wp\/v2\/comments?post=15457"}],"version-history":[{"count":1,"href":"https:\/\/www.fcejs.unsl.edu.ar\/index.php\/wp-json\/wp\/v2\/posts\/15457\/revisions"}],"predecessor-version":[{"id":15459,"href":"https:\/\/www.fcejs.unsl.edu.ar\/index.php\/wp-json\/wp\/v2\/posts\/15457\/revisions\/15459"}],"wp:featuredmedia":[{"embeddable":true,"href":"https:\/\/www.fcejs.unsl.edu.ar\/index.php\/wp-json\/wp\/v2\/media\/15460"}],"wp:attachment":[{"href":"https:\/\/www.fcejs.unsl.edu.ar\/index.php\/wp-json\/wp\/v2\/media?parent=15457"}],"wp:term":[{"taxonomy":"category","embeddable":true,"href":"https:\/\/www.fcejs.unsl.edu.ar\/index.php\/wp-json\/wp\/v2\/categories?post=15457"},{"taxonomy":"post_tag","embeddable":true,"href":"https:\/\/www.fcejs.unsl.edu.ar\/index.php\/wp-json\/wp\/v2\/tags?post=15457"}],"curies":[{"name":"wp","href":"https:\/\/api.w.org\/{rel}","templated":true}]}}