{"id":15388,"date":"2024-02-09T11:49:45","date_gmt":"2024-02-09T14:49:45","guid":{"rendered":"http:\/\/10.101.10.197\/www\/?p=15388"},"modified":"2024-03-08T09:03:57","modified_gmt":"2024-03-08T12:03:57","slug":"inscripciones-abiertas-al-programa-de-practica-forense-destinado-a-estudiantes-de-las-carreras-juridicas-de-grado-y-pregrado","status":"publish","type":"post","link":"https:\/\/www.fcejs.unsl.edu.ar\/index.php\/inscripciones-abiertas-al-programa-de-practica-forense-destinado-a-estudiantes-de-las-carreras-juridicas-de-grado-y-pregrado\/","title":{"rendered":"Inscripciones abiertas al Programa de Pr\u00e1ctica Forense destinado a estudiantes de las carreras jur\u00eddicas de grado y pregrado"},"content":{"rendered":"<p>La Secretar\u00eda de Extensi\u00f3n Universitaria de la Facultad de Ciencias Econ\u00f3micas, Jur\u00eddicas y Sociales informa que se encuentra abierta la inscripci\u00f3n al \u201cPROGRAMA DE PR\u00c1CTICA FORENSE\u201d para estudiantes de las carreras jur\u00eddicas de grado y pregrado.<\/p>\n<p>&nbsp;<\/p>\n<p>El Programa fue establecido por Acuerdo N\u00b0282-STJSL-SA- firmado entre el Poder Judicial de la provincia de San Luis y la Facultad de Ciencias Econ\u00f3micas, Jur\u00eddicas y Sociales de la Universidad Nacional de San Luis.<\/p>\n<p>El &#8220;Programa de Pr\u00e1ctica Forense&#8221; tiene como objetivo general proveer a los estudiantes de las carreras jur\u00eddicas, un programa de capacitaci\u00f3n en la pr\u00e1ctica forense vinculada con la propuesta curricular de los estudios cursados. Se desarrollar\u00e1 en las instalaciones del Poder Judicial y su duraci\u00f3n ser\u00e1 de tres meses como m\u00ednimo y doce meses como m\u00e1ximo.<\/p>\n<p>&nbsp;<\/p>\n<p>Los y las estudiantes que realicen el Programa obtendr\u00e1n como reconocimiento <strong>cr\u00e9dito horario curricular optativo en su carrera<\/strong> (aprobaci\u00f3n de 90 horas) o <strong>certificaci\u00f3n de puntaje del Poder Judicial<\/strong> (aplicado para concursar y cubrir futuros cargos administrativos en ese \u00e1mbito).<\/p>\n<p>&nbsp;<\/p>\n<p>El Departamento de Ciencias Jur\u00eddicas y Pol\u00edticas y las Comisiones de Carreras realizar\u00e1n la preselecci\u00f3n de los y las aspirantes. Luego, el Poder Judicial realizar\u00e1 la selecci\u00f3n final.<\/p>\n<p>&nbsp;<\/p>\n<p>Los<strong> requisitos<\/strong> para acceder al &#8220;Programa de Pr\u00e1ctica Forense&#8221;, son los siguientes:<\/p>\n<p><strong>Para los estudiantes de la carrera de Abogac\u00eda: <\/strong><\/p>\n<ul>\n<li>Ser mayor de 18 a\u00f1os<\/li>\n<li>Tener regularizada la asignatura PR\u00c1CTICA PROFESIONAL (Plan de Estudios 8\/18) o PR\u00c1CTICA II (Plan de Estudios 11\/09)<\/li>\n<li>Tener cursado por lo menos el ochenta por ciento (80%) de las materias del correspondiente plan de estudios de la carrera.<\/li>\n<\/ul>\n<p><strong>Para los estudiantes de la carrera de Procurador:<\/strong><\/p>\n<ul>\n<li>Ser mayor de 18 a\u00f1os<\/li>\n<li>Tener regularizada la asignatura PR\u00c1CTICA II (Plan de Estudios 10\/09)<\/li>\n<li>Tener cursado por lo menos el ochenta por ciento (80%) de las materias del correspondiente plan de estudios de la carrera.<\/li>\n<\/ul>\n<p><strong>Para los estudiantes de la carrera de Tecnicatura en Asistencia Jur\u00eddica: <\/strong><\/p>\n<ul>\n<li>Ser mayor de 18 a\u00f1os<\/li>\n<li>Tener regularizada la asignatura PR\u00c1CTICA PROFESIONAL (Plan de Estudios 09\/09)<\/li>\n<li>Tener cursado por lo menos el ochenta por ciento (80%) de las materias del correspondiente plan de estudios de la carrera.<\/li>\n<\/ul>\n<p>&nbsp;<\/p>\n<p>Las inscripciones pueden realizarse hasta el 8 de marzo por formulario al que debe adjuntarse una copia de la situaci\u00f3n acad\u00e9mica del SIU.<\/p>\n<p>Enlace de inscripci\u00f3n: https:\/\/forms.gle\/g8B3RXu1hi9A29oLA<\/p>\n<p>&nbsp;<\/p>\n<p>Para m\u00e1s informaci\u00f3n consultar: <a href=\"Acuerdo-282%20(1).pdf\">Acuerdo N\u00b0282-STJSL-SA-<\/a><\/p>\n","protected":false},"excerpt":{"rendered":"<p>La Secretar\u00eda de Extensi\u00f3n Universitaria de la Facultad de Ciencias Econ\u00f3micas, Jur\u00eddicas y Sociales informa que se encuentra abierta la inscripci\u00f3n al \u201cPROGRAMA DE PR\u00c1CTICA&hellip;<\/p>\n","protected":false},"author":9,"featured_media":15399,"comment_status":"closed","ping_status":"closed","sticky":false,"template":"","format":"standard","meta":{"om_disable_all_campaigns":false,"_monsterinsights_skip_tracking":false,"_monsterinsights_sitenote_active":false,"_monsterinsights_sitenote_note":"","_monsterinsights_sitenote_category":0,"footnotes":""},"categories":[1],"tags":[],"class_list":["post-15388","post","type-post","status-publish","format-standard","has-post-thumbnail","hentry","category-noticias"],"yoast_head":"<!-- This site is optimized with the Yoast SEO plugin v27.5 - https:\/\/yoast.com\/product\/yoast-seo-wordpress\/ -->\n<title>Inscripciones abiertas al Programa de Pr\u00e1ctica Forense destinado a estudiantes de las carreras jur\u00eddicas de grado y pregrado - Facultad de Ciencias Econ\u00f3micas, Jur\u00ed\u00addicas y Sociales<\/title>\n<meta name=\"robots\" content=\"index, follow, max-snippet:-1, max-image-preview:large, max-video-preview:-1\" \/>\n<link rel=\"canonical\" href=\"https:\/\/www.fcejs.unsl.edu.ar\/index.php\/inscripciones-abiertas-al-programa-de-practica-forense-destinado-a-estudiantes-de-las-carreras-juridicas-de-grado-y-pregrado\/\" \/>\n<meta property=\"og:locale\" content=\"es_ES\" \/>\n<meta property=\"og:type\" content=\"article\" \/>\n<meta property=\"og:title\" content=\"Inscripciones abiertas al Programa de Pr\u00e1ctica Forense destinado a estudiantes de las carreras jur\u00eddicas de grado y pregrado - Facultad de Ciencias Econ\u00f3micas, Jur\u00ed\u00addicas y Sociales\" \/>\n<meta property=\"og:description\" content=\"La Secretar\u00eda de Extensi\u00f3n Universitaria de la Facultad de Ciencias Econ\u00f3micas, Jur\u00eddicas y Sociales informa que se encuentra abierta la inscripci\u00f3n al \u201cPROGRAMA DE PR\u00c1CTICA&hellip;\" \/>\n<meta property=\"og:url\" content=\"https:\/\/www.fcejs.unsl.edu.ar\/index.php\/inscripciones-abiertas-al-programa-de-practica-forense-destinado-a-estudiantes-de-las-carreras-juridicas-de-grado-y-pregrado\/\" \/>\n<meta property=\"og:site_name\" content=\"Facultad de Ciencias Econ\u00f3micas, Jur\u00ed\u00addicas y Sociales\" \/>\n<meta property=\"article:publisher\" content=\"https:\/\/www.facebook.com\/FCEJS.UNSL\/\" \/>\n<meta property=\"article:published_time\" content=\"2024-02-09T14:49:45+00:00\" \/>\n<meta property=\"article:modified_time\" content=\"2024-03-08T12:03:57+00:00\" \/>\n<meta property=\"og:image\" content=\"https:\/\/www.fcejs.unsl.edu.ar\/wp-content\/uploads\/2024\/02\/flyer-practica-forense-front.jpg\" \/>\n\t<meta property=\"og:image:width\" content=\"1152\" \/>\n\t<meta property=\"og:image:height\" content=\"647\" \/>\n\t<meta property=\"og:image:type\" content=\"image\/jpeg\" \/>\n<meta name=\"author\" content=\"DATI\" \/>\n<meta name=\"twitter:card\" content=\"summary_large_image\" \/>\n<meta name=\"twitter:creator\" content=\"@FCEJSUNSL\" \/>\n<meta name=\"twitter:site\" content=\"@FCEJSUNSL\" \/>\n<meta name=\"twitter:label1\" content=\"Escrito por\" \/>\n\t<meta name=\"twitter:data1\" content=\"DATI\" \/>\n\t<meta name=\"twitter:label2\" content=\"Tiempo de lectura\" \/>\n\t<meta name=\"twitter:data2\" content=\"2 minutos\" \/>\n<script type=\"application\/ld+json\" class=\"yoast-schema-graph\">{\"@context\":\"https:\\\/\\\/schema.org\",\"@graph\":[{\"@type\":\"Article\",\"@id\":\"https:\\\/\\\/www.fcejs.unsl.edu.ar\\\/index.php\\\/inscripciones-abiertas-al-programa-de-practica-forense-destinado-a-estudiantes-de-las-carreras-juridicas-de-grado-y-pregrado\\\/#article\",\"isPartOf\":{\"@id\":\"https:\\\/\\\/www.fcejs.unsl.edu.ar\\\/index.php\\\/inscripciones-abiertas-al-programa-de-practica-forense-destinado-a-estudiantes-de-las-carreras-juridicas-de-grado-y-pregrado\\\/\"},\"author\":{\"name\":\"DATI\",\"@id\":\"https:\\\/\\\/www.fcejs.unsl.edu.ar\\\/#\\\/schema\\\/person\\\/352ee6ed90c3f394c7cb5945f8956d34\"},\"headline\":\"Inscripciones abiertas al Programa de Pr\u00e1ctica Forense destinado a estudiantes de las carreras jur\u00eddicas de grado y pregrado\",\"datePublished\":\"2024-02-09T14:49:45+00:00\",\"dateModified\":\"2024-03-08T12:03:57+00:00\",\"mainEntityOfPage\":{\"@id\":\"https:\\\/\\\/www.fcejs.unsl.edu.ar\\\/index.php\\\/inscripciones-abiertas-al-programa-de-practica-forense-destinado-a-estudiantes-de-las-carreras-juridicas-de-grado-y-pregrado\\\/\"},\"wordCount\":445,\"publisher\":{\"@id\":\"https:\\\/\\\/www.fcejs.unsl.edu.ar\\\/#organization\"},\"image\":{\"@id\":\"https:\\\/\\\/www.fcejs.unsl.edu.ar\\\/index.php\\\/inscripciones-abiertas-al-programa-de-practica-forense-destinado-a-estudiantes-de-las-carreras-juridicas-de-grado-y-pregrado\\\/#primaryimage\"},\"thumbnailUrl\":\"https:\\\/\\\/www.fcejs.unsl.edu.ar\\\/wp-content\\\/uploads\\\/2024\\\/02\\\/flyer-practica-forense-front.jpg\",\"articleSection\":[\"Noticias\"],\"inLanguage\":\"es-AR\"},{\"@type\":\"WebPage\",\"@id\":\"https:\\\/\\\/www.fcejs.unsl.edu.ar\\\/index.php\\\/inscripciones-abiertas-al-programa-de-practica-forense-destinado-a-estudiantes-de-las-carreras-juridicas-de-grado-y-pregrado\\\/\",\"url\":\"https:\\\/\\\/www.fcejs.unsl.edu.ar\\\/index.php\\\/inscripciones-abiertas-al-programa-de-practica-forense-destinado-a-estudiantes-de-las-carreras-juridicas-de-grado-y-pregrado\\\/\",\"name\":\"Inscripciones abiertas al Programa de Pr\u00e1ctica Forense destinado a estudiantes de las carreras jur\u00eddicas de grado y pregrado - Facultad de Ciencias Econ\u00f3micas, Jur\u00ed\u00addicas y Sociales\",\"isPartOf\":{\"@id\":\"https:\\\/\\\/www.fcejs.unsl.edu.ar\\\/#website\"},\"primaryImageOfPage\":{\"@id\":\"https:\\\/\\\/www.fcejs.unsl.edu.ar\\\/index.php\\\/inscripciones-abiertas-al-programa-de-practica-forense-destinado-a-estudiantes-de-las-carreras-juridicas-de-grado-y-pregrado\\\/#primaryimage\"},\"image\":{\"@id\":\"https:\\\/\\\/www.fcejs.unsl.edu.ar\\\/index.php\\\/inscripciones-abiertas-al-programa-de-practica-forense-destinado-a-estudiantes-de-las-carreras-juridicas-de-grado-y-pregrado\\\/#primaryimage\"},\"thumbnailUrl\":\"https:\\\/\\\/www.fcejs.unsl.edu.ar\\\/wp-content\\\/uploads\\\/2024\\\/02\\\/flyer-practica-forense-front.jpg\",\"datePublished\":\"2024-02-09T14:49:45+00:00\",\"dateModified\":\"2024-03-08T12:03:57+00:00\",\"breadcrumb\":{\"@id\":\"https:\\\/\\\/www.fcejs.unsl.edu.ar\\\/index.php\\\/inscripciones-abiertas-al-programa-de-practica-forense-destinado-a-estudiantes-de-las-carreras-juridicas-de-grado-y-pregrado\\\/#breadcrumb\"},\"inLanguage\":\"es-AR\",\"potentialAction\":[{\"@type\":\"ReadAction\",\"target\":[\"https:\\\/\\\/www.fcejs.unsl.edu.ar\\\/index.php\\\/inscripciones-abiertas-al-programa-de-practica-forense-destinado-a-estudiantes-de-las-carreras-juridicas-de-grado-y-pregrado\\\/\"]}]},{\"@type\":\"ImageObject\",\"inLanguage\":\"es-AR\",\"@id\":\"https:\\\/\\\/www.fcejs.unsl.edu.ar\\\/index.php\\\/inscripciones-abiertas-al-programa-de-practica-forense-destinado-a-estudiantes-de-las-carreras-juridicas-de-grado-y-pregrado\\\/#primaryimage\",\"url\":\"https:\\\/\\\/www.fcejs.unsl.edu.ar\\\/wp-content\\\/uploads\\\/2024\\\/02\\\/flyer-practica-forense-front.jpg\",\"contentUrl\":\"https:\\\/\\\/www.fcejs.unsl.edu.ar\\\/wp-content\\\/uploads\\\/2024\\\/02\\\/flyer-practica-forense-front.jpg\",\"width\":1152,\"height\":647},{\"@type\":\"BreadcrumbList\",\"@id\":\"https:\\\/\\\/www.fcejs.unsl.edu.ar\\\/index.php\\\/inscripciones-abiertas-al-programa-de-practica-forense-destinado-a-estudiantes-de-las-carreras-juridicas-de-grado-y-pregrado\\\/#breadcrumb\",\"itemListElement\":[{\"@type\":\"ListItem\",\"position\":1,\"name\":\"Inicio\",\"item\":\"https:\\\/\\\/www.fcejs.unsl.edu.ar\\\/\"},{\"@type\":\"ListItem\",\"position\":2,\"name\":\"Inscripciones abiertas al Programa de Pr\u00e1ctica Forense destinado a estudiantes de las carreras jur\u00eddicas de grado y pregrado\"}]},{\"@type\":\"WebSite\",\"@id\":\"https:\\\/\\\/www.fcejs.unsl.edu.ar\\\/#website\",\"url\":\"https:\\\/\\\/www.fcejs.unsl.edu.ar\\\/\",\"name\":\"Facultad de Ciencias Econ\u00f3micas, Jur\u00ed\u00addicas y Sociales\",\"description\":\"\",\"publisher\":{\"@id\":\"https:\\\/\\\/www.fcejs.unsl.edu.ar\\\/#organization\"},\"potentialAction\":[{\"@type\":\"SearchAction\",\"target\":{\"@type\":\"EntryPoint\",\"urlTemplate\":\"https:\\\/\\\/www.fcejs.unsl.edu.ar\\\/?s={search_term_string}\"},\"query-input\":{\"@type\":\"PropertyValueSpecification\",\"valueRequired\":true,\"valueName\":\"search_term_string\"}}],\"inLanguage\":\"es-AR\"},{\"@type\":\"Organization\",\"@id\":\"https:\\\/\\\/www.fcejs.unsl.edu.ar\\\/#organization\",\"name\":\"Facultad de Ciencias Econ\u00f3micas, Jur\u00eddicas y Sociales\",\"url\":\"https:\\\/\\\/www.fcejs.unsl.edu.ar\\\/\",\"logo\":{\"@type\":\"ImageObject\",\"inLanguage\":\"es-AR\",\"@id\":\"https:\\\/\\\/www.fcejs.unsl.edu.ar\\\/#\\\/schema\\\/logo\\\/image\\\/\",\"url\":\"https:\\\/\\\/www.fcejs.unsl.edu.ar\\\/wp-content\\\/uploads\\\/2021\\\/03\\\/logo-1.jpg\",\"contentUrl\":\"https:\\\/\\\/www.fcejs.unsl.edu.ar\\\/wp-content\\\/uploads\\\/2021\\\/03\\\/logo-1.jpg\",\"width\":471,\"height\":146,\"caption\":\"Facultad de Ciencias Econ\u00f3micas, Jur\u00eddicas y Sociales\"},\"image\":{\"@id\":\"https:\\\/\\\/www.fcejs.unsl.edu.ar\\\/#\\\/schema\\\/logo\\\/image\\\/\"},\"sameAs\":[\"https:\\\/\\\/www.facebook.com\\\/FCEJS.UNSL\\\/\",\"https:\\\/\\\/x.com\\\/FCEJSUNSL\",\"https:\\\/\\\/www.instagram.com\\\/fcejs.unsl\\\/\",\"https:\\\/\\\/www.youtube.com\\\/channel\\\/UCH-Ut6EaN_X5ogjIQMPe46g\\\/\"]},{\"@type\":\"Person\",\"@id\":\"https:\\\/\\\/www.fcejs.unsl.edu.ar\\\/#\\\/schema\\\/person\\\/352ee6ed90c3f394c7cb5945f8956d34\",\"name\":\"DATI\"}]}<\/script>\n<!-- \/ Yoast SEO plugin. -->","yoast_head_json":{"title":"Inscripciones abiertas al Programa de Pr\u00e1ctica Forense destinado a estudiantes de las carreras jur\u00eddicas de grado y pregrado - Facultad de Ciencias Econ\u00f3micas, Jur\u00ed\u00addicas y Sociales","robots":{"index":"index","follow":"follow","max-snippet":"max-snippet:-1","max-image-preview":"max-image-preview:large","max-video-preview":"max-video-preview:-1"},"canonical":"https:\/\/www.fcejs.unsl.edu.ar\/index.php\/inscripciones-abiertas-al-programa-de-practica-forense-destinado-a-estudiantes-de-las-carreras-juridicas-de-grado-y-pregrado\/","og_locale":"es_ES","og_type":"article","og_title":"Inscripciones abiertas al Programa de Pr\u00e1ctica Forense destinado a estudiantes de las carreras jur\u00eddicas de grado y pregrado - Facultad de Ciencias Econ\u00f3micas, Jur\u00ed\u00addicas y Sociales","og_description":"La Secretar\u00eda de Extensi\u00f3n Universitaria de la Facultad de Ciencias Econ\u00f3micas, Jur\u00eddicas y Sociales informa que se encuentra abierta la inscripci\u00f3n al \u201cPROGRAMA DE PR\u00c1CTICA&hellip;","og_url":"https:\/\/www.fcejs.unsl.edu.ar\/index.php\/inscripciones-abiertas-al-programa-de-practica-forense-destinado-a-estudiantes-de-las-carreras-juridicas-de-grado-y-pregrado\/","og_site_name":"Facultad de Ciencias Econ\u00f3micas, Jur\u00ed\u00addicas y Sociales","article_publisher":"https:\/\/www.facebook.com\/FCEJS.UNSL\/","article_published_time":"2024-02-09T14:49:45+00:00","article_modified_time":"2024-03-08T12:03:57+00:00","og_image":[{"width":1152,"height":647,"url":"https:\/\/www.fcejs.unsl.edu.ar\/wp-content\/uploads\/2024\/02\/flyer-practica-forense-front.jpg","type":"image\/jpeg"}],"author":"DATI","twitter_card":"summary_large_image","twitter_creator":"@FCEJSUNSL","twitter_site":"@FCEJSUNSL","twitter_misc":{"Escrito por":"DATI","Tiempo de lectura":"2 minutos"},"schema":{"@context":"https:\/\/schema.org","@graph":[{"@type":"Article","@id":"https:\/\/www.fcejs.unsl.edu.ar\/index.php\/inscripciones-abiertas-al-programa-de-practica-forense-destinado-a-estudiantes-de-las-carreras-juridicas-de-grado-y-pregrado\/#article","isPartOf":{"@id":"https:\/\/www.fcejs.unsl.edu.ar\/index.php\/inscripciones-abiertas-al-programa-de-practica-forense-destinado-a-estudiantes-de-las-carreras-juridicas-de-grado-y-pregrado\/"},"author":{"name":"DATI","@id":"https:\/\/www.fcejs.unsl.edu.ar\/#\/schema\/person\/352ee6ed90c3f394c7cb5945f8956d34"},"headline":"Inscripciones abiertas al Programa de Pr\u00e1ctica Forense destinado a estudiantes de las carreras jur\u00eddicas de grado y pregrado","datePublished":"2024-02-09T14:49:45+00:00","dateModified":"2024-03-08T12:03:57+00:00","mainEntityOfPage":{"@id":"https:\/\/www.fcejs.unsl.edu.ar\/index.php\/inscripciones-abiertas-al-programa-de-practica-forense-destinado-a-estudiantes-de-las-carreras-juridicas-de-grado-y-pregrado\/"},"wordCount":445,"publisher":{"@id":"https:\/\/www.fcejs.unsl.edu.ar\/#organization"},"image":{"@id":"https:\/\/www.fcejs.unsl.edu.ar\/index.php\/inscripciones-abiertas-al-programa-de-practica-forense-destinado-a-estudiantes-de-las-carreras-juridicas-de-grado-y-pregrado\/#primaryimage"},"thumbnailUrl":"https:\/\/www.fcejs.unsl.edu.ar\/wp-content\/uploads\/2024\/02\/flyer-practica-forense-front.jpg","articleSection":["Noticias"],"inLanguage":"es-AR"},{"@type":"WebPage","@id":"https:\/\/www.fcejs.unsl.edu.ar\/index.php\/inscripciones-abiertas-al-programa-de-practica-forense-destinado-a-estudiantes-de-las-carreras-juridicas-de-grado-y-pregrado\/","url":"https:\/\/www.fcejs.unsl.edu.ar\/index.php\/inscripciones-abiertas-al-programa-de-practica-forense-destinado-a-estudiantes-de-las-carreras-juridicas-de-grado-y-pregrado\/","name":"Inscripciones abiertas al Programa de Pr\u00e1ctica Forense destinado a estudiantes de las carreras jur\u00eddicas de grado y pregrado - Facultad de Ciencias Econ\u00f3micas, Jur\u00ed\u00addicas y Sociales","isPartOf":{"@id":"https:\/\/www.fcejs.unsl.edu.ar\/#website"},"primaryImageOfPage":{"@id":"https:\/\/www.fcejs.unsl.edu.ar\/index.php\/inscripciones-abiertas-al-programa-de-practica-forense-destinado-a-estudiantes-de-las-carreras-juridicas-de-grado-y-pregrado\/#primaryimage"},"image":{"@id":"https:\/\/www.fcejs.unsl.edu.ar\/index.php\/inscripciones-abiertas-al-programa-de-practica-forense-destinado-a-estudiantes-de-las-carreras-juridicas-de-grado-y-pregrado\/#primaryimage"},"thumbnailUrl":"https:\/\/www.fcejs.unsl.edu.ar\/wp-content\/uploads\/2024\/02\/flyer-practica-forense-front.jpg","datePublished":"2024-02-09T14:49:45+00:00","dateModified":"2024-03-08T12:03:57+00:00","breadcrumb":{"@id":"https:\/\/www.fcejs.unsl.edu.ar\/index.php\/inscripciones-abiertas-al-programa-de-practica-forense-destinado-a-estudiantes-de-las-carreras-juridicas-de-grado-y-pregrado\/#breadcrumb"},"inLanguage":"es-AR","potentialAction":[{"@type":"ReadAction","target":["https:\/\/www.fcejs.unsl.edu.ar\/index.php\/inscripciones-abiertas-al-programa-de-practica-forense-destinado-a-estudiantes-de-las-carreras-juridicas-de-grado-y-pregrado\/"]}]},{"@type":"ImageObject","inLanguage":"es-AR","@id":"https:\/\/www.fcejs.unsl.edu.ar\/index.php\/inscripciones-abiertas-al-programa-de-practica-forense-destinado-a-estudiantes-de-las-carreras-juridicas-de-grado-y-pregrado\/#primaryimage","url":"https:\/\/www.fcejs.unsl.edu.ar\/wp-content\/uploads\/2024\/02\/flyer-practica-forense-front.jpg","contentUrl":"https:\/\/www.fcejs.unsl.edu.ar\/wp-content\/uploads\/2024\/02\/flyer-practica-forense-front.jpg","width":1152,"height":647},{"@type":"BreadcrumbList","@id":"https:\/\/www.fcejs.unsl.edu.ar\/index.php\/inscripciones-abiertas-al-programa-de-practica-forense-destinado-a-estudiantes-de-las-carreras-juridicas-de-grado-y-pregrado\/#breadcrumb","itemListElement":[{"@type":"ListItem","position":1,"name":"Inicio","item":"https:\/\/www.fcejs.unsl.edu.ar\/"},{"@type":"ListItem","position":2,"name":"Inscripciones abiertas al Programa de Pr\u00e1ctica Forense destinado a estudiantes de las carreras jur\u00eddicas de grado y pregrado"}]},{"@type":"WebSite","@id":"https:\/\/www.fcejs.unsl.edu.ar\/#website","url":"https:\/\/www.fcejs.unsl.edu.ar\/","name":"Facultad de Ciencias Econ\u00f3micas, Jur\u00ed\u00addicas y Sociales","description":"","publisher":{"@id":"https:\/\/www.fcejs.unsl.edu.ar\/#organization"},"potentialAction":[{"@type":"SearchAction","target":{"@type":"EntryPoint","urlTemplate":"https:\/\/www.fcejs.unsl.edu.ar\/?s={search_term_string}"},"query-input":{"@type":"PropertyValueSpecification","valueRequired":true,"valueName":"search_term_string"}}],"inLanguage":"es-AR"},{"@type":"Organization","@id":"https:\/\/www.fcejs.unsl.edu.ar\/#organization","name":"Facultad de Ciencias Econ\u00f3micas, Jur\u00eddicas y Sociales","url":"https:\/\/www.fcejs.unsl.edu.ar\/","logo":{"@type":"ImageObject","inLanguage":"es-AR","@id":"https:\/\/www.fcejs.unsl.edu.ar\/#\/schema\/logo\/image\/","url":"https:\/\/www.fcejs.unsl.edu.ar\/wp-content\/uploads\/2021\/03\/logo-1.jpg","contentUrl":"https:\/\/www.fcejs.unsl.edu.ar\/wp-content\/uploads\/2021\/03\/logo-1.jpg","width":471,"height":146,"caption":"Facultad de Ciencias Econ\u00f3micas, Jur\u00eddicas y Sociales"},"image":{"@id":"https:\/\/www.fcejs.unsl.edu.ar\/#\/schema\/logo\/image\/"},"sameAs":["https:\/\/www.facebook.com\/FCEJS.UNSL\/","https:\/\/x.com\/FCEJSUNSL","https:\/\/www.instagram.com\/fcejs.unsl\/","https:\/\/www.youtube.com\/channel\/UCH-Ut6EaN_X5ogjIQMPe46g\/"]},{"@type":"Person","@id":"https:\/\/www.fcejs.unsl.edu.ar\/#\/schema\/person\/352ee6ed90c3f394c7cb5945f8956d34","name":"DATI"}]}},"jetpack_featured_media_url":"https:\/\/www.fcejs.unsl.edu.ar\/wp-content\/uploads\/2024\/02\/flyer-practica-forense-front.jpg","_links":{"self":[{"href":"https:\/\/www.fcejs.unsl.edu.ar\/index.php\/wp-json\/wp\/v2\/posts\/15388","targetHints":{"allow":["GET"]}}],"collection":[{"href":"https:\/\/www.fcejs.unsl.edu.ar\/index.php\/wp-json\/wp\/v2\/posts"}],"about":[{"href":"https:\/\/www.fcejs.unsl.edu.ar\/index.php\/wp-json\/wp\/v2\/types\/post"}],"author":[{"embeddable":true,"href":"https:\/\/www.fcejs.unsl.edu.ar\/index.php\/wp-json\/wp\/v2\/users\/9"}],"replies":[{"embeddable":true,"href":"https:\/\/www.fcejs.unsl.edu.ar\/index.php\/wp-json\/wp\/v2\/comments?post=15388"}],"version-history":[{"count":2,"href":"https:\/\/www.fcejs.unsl.edu.ar\/index.php\/wp-json\/wp\/v2\/posts\/15388\/revisions"}],"predecessor-version":[{"id":15391,"href":"https:\/\/www.fcejs.unsl.edu.ar\/index.php\/wp-json\/wp\/v2\/posts\/15388\/revisions\/15391"}],"wp:featuredmedia":[{"embeddable":true,"href":"https:\/\/www.fcejs.unsl.edu.ar\/index.php\/wp-json\/wp\/v2\/media\/15399"}],"wp:attachment":[{"href":"https:\/\/www.fcejs.unsl.edu.ar\/index.php\/wp-json\/wp\/v2\/media?parent=15388"}],"wp:term":[{"taxonomy":"category","embeddable":true,"href":"https:\/\/www.fcejs.unsl.edu.ar\/index.php\/wp-json\/wp\/v2\/categories?post=15388"},{"taxonomy":"post_tag","embeddable":true,"href":"https:\/\/www.fcejs.unsl.edu.ar\/index.php\/wp-json\/wp\/v2\/tags?post=15388"}],"curies":[{"name":"wp","href":"https:\/\/api.w.org\/{rel}","templated":true}]}}