{"id":15356,"date":"2024-02-08T13:01:45","date_gmt":"2024-02-08T16:01:45","guid":{"rendered":"http:\/\/10.101.10.197\/www\/?p=15356"},"modified":"2024-03-08T09:03:50","modified_gmt":"2024-03-08T12:03:50","slug":"la-fcejs-espera-un-importante-numero-de-inscriptos-para-el-ciclo-2024","status":"publish","type":"post","link":"https:\/\/www.fcejs.unsl.edu.ar\/index.php\/la-fcejs-espera-un-importante-numero-de-inscriptos-para-el-ciclo-2024\/","title":{"rendered":"La FCEJS espera un importante n\u00famero de inscriptos para el ciclo 2024"},"content":{"rendered":"<p>El pr\u00f3ximo mi\u00e9rcoles 14 de febrero, a las 18 horas, la Facultad de Ciencias Econ\u00f3micas, Jur\u00eddicas y Sociales le dar\u00e1 la bienvenida a los Ingresantes 2024. Todav\u00eda no hay datos definitivos ya que las inscripciones van a cerrar el 31 de marzo, \u201cpero ya hay buenos n\u00fameros\u201d, indic\u00f3 la Secretaria Acad\u00e9mica de la FCEJS, Esp. Patricia Mor\u00e1n.<\/p>\n<p>\u201cPor lo que vamos viendo en preinscripciones, hay un buen n\u00famero. Pero todav\u00eda falta todo febrero y marzo. Incluso, cuando comienza el primer cuatrimestre, como sucede todos los a\u00f1os, a\u00fan estamos recibiendo gente que, por distintas razones, no pudieron llegar a tiempo con los tr\u00e1mites, o no pudieron ingresar a otra universidad y optaron por la UNSL. En esos casos nosotros los recibimos porque son todos bienvenidos\u201d, se\u00f1al\u00f3 Mor\u00e1n.<\/p>\n<p>Las inscripciones comenzaron el 1\u00b0 de febrero y se extender\u00e1n hasta el 31 de marzo de 2024. Los estudiantes deben presentar la documentaci\u00f3n en el Departamento Alumnos de la Facultad, ubicado en el hall de entrada del Campus, de lunes a viernes de 10 a 12 y de 16 a 18. Los requisitos y la informaci\u00f3n referida al \u201cingreso 2024\u201d pueden obtenerse ingresando al sitio web de la Secretar\u00eda Acad\u00e9mica de la FCEJS (http:\/\/academica.fcejs.unsl.edu.ar\/).<\/p>\n<p><img fetchpriority=\"high\" decoding=\"async\" class=\"aligncenter wp-image-15357 size-full\" src=\"https:\/\/www.fcejs.unsl.edu.ar\/wp-content\/uploads\/2024\/02\/ingreso-02.jpg\" alt=\"\" width=\"1421\" height=\"922\" srcset=\"https:\/\/www.fcejs.unsl.edu.ar\/wp-content\/uploads\/2024\/02\/ingreso-02.jpg 1421w, https:\/\/www.fcejs.unsl.edu.ar\/wp-content\/uploads\/2024\/02\/ingreso-02-300x195.jpg 300w, https:\/\/www.fcejs.unsl.edu.ar\/wp-content\/uploads\/2024\/02\/ingreso-02-1024x664.jpg 1024w, https:\/\/www.fcejs.unsl.edu.ar\/wp-content\/uploads\/2024\/02\/ingreso-02-768x498.jpg 768w\" sizes=\"(max-width: 1421px) 100vw, 1421px\" \/><\/p>\n<p>Mientras, todo va tomando forma para el inicio del ciclo lectivo. En el acto de bienvenida en el campus del Centro Universitario habr\u00e1 exposiciones, stands y charlas informativas para que los nuevos estudiantes comiencen a familiarizarse con la vida universitaria.<\/p>\n<p>\u201cInmediatamente despu\u00e9s del acto, los estudiantes pasar\u00e1n a las aulas con las comisiones de carrera, para informarse sobre el Ciclo Preparatorio de Ingreso que comienza al otro d\u00eda, el jueves 15 de febrero\u201d, aclar\u00f3 y agreg\u00f3: \u201ces un ciclo muy importante porque es nivelatorio, dura un mes y preparan a los ingresantes en m\u00f3dulos sobre \u2018La vida universitaria\u2019, \u2018Alfabetizaci\u00f3n acad\u00e9mica\u2019 y las materias espec\u00edficas de cada carrera\u201d.<\/p>\n<h3><strong>Carreras de la FCEJS<\/strong><\/h3>\n<p><img decoding=\"async\" class=\" wp-image-15360 alignright\" src=\"https:\/\/www.fcejs.unsl.edu.ar\/wp-content\/uploads\/2024\/02\/ingreso-03-1024x575.jpg\" alt=\"\" width=\"570\" height=\"320\" srcset=\"https:\/\/www.fcejs.unsl.edu.ar\/wp-content\/uploads\/2024\/02\/ingreso-03-1024x575.jpg 1024w, https:\/\/www.fcejs.unsl.edu.ar\/wp-content\/uploads\/2024\/02\/ingreso-03-300x168.jpg 300w, https:\/\/www.fcejs.unsl.edu.ar\/wp-content\/uploads\/2024\/02\/ingreso-03-768x431.jpg 768w, https:\/\/www.fcejs.unsl.edu.ar\/wp-content\/uploads\/2024\/02\/ingreso-03.jpg 1152w\" sizes=\"(max-width: 570px) 100vw, 570px\" \/>La Secretaria Acad\u00e9mica destac\u00f3 que este 2024 las dos carreras que se incorporaron a la propuestas educativas el a\u00f1o pasado, las licenciaturas en Acompa\u00f1amiento Terap\u00e9utico y en Administraci\u00f3n y Gesti\u00f3n Universitaria, cuentan este ciclo con una importante matr\u00edcula.<\/p>\n<p>\u201cEn realidad, son dos ciclos complementarios de Licenciatura. Tal es el caso de Acompa\u00f1amiento Terap\u00e9utico, cuya tecnicatura se sigue dictando, pero se agrega el complementario curricular de dos a\u00f1os para que los estudiantes puedan lograr el t\u00edtulo de licenciado o licenciada\u201d, explic\u00f3 Mor\u00e1n.<\/p>\n<p>El otro ciclo complementario que contin\u00faa este a\u00f1o es la Licenciatura en Administraci\u00f3n y Gesti\u00f3n de Instituciones Universitarias, LAGIU. \u201cB\u00e1sicamente est\u00e1 destinada al personal administrativo de universidades y de alguna otra organizaci\u00f3n p\u00fablica. El requisito es tener el t\u00edtulo de T\u00e9cnico en Gesti\u00f3n de Instituciones Universitarias, TAGIU.<\/p>\n<p>Esos ciclos complementarios se suman a la FCEJS en carreras de las Ciencias Jur\u00eddicas: Abogac\u00eda, Procurador, Tecnicatura en Asistencia Jur\u00eddicas y Martillero P\u00fablico; de las Ciencias Econ\u00f3micas: Contador P\u00fablico Nacional, Licenciatura en Administraci\u00f3n y Tecnicatura en Gesti\u00f3n Financiera; de las Ciencias Sociales, Licenciatura en Trabajo Social y Tecnicatura en Acompa\u00f1amiento Terap\u00e9utico.<\/p>\n<p>&nbsp;<\/p>\n","protected":false},"excerpt":{"rendered":"<p>El pr\u00f3ximo mi\u00e9rcoles 14 de febrero, a las 18 horas, la Facultad de Ciencias Econ\u00f3micas, Jur\u00eddicas y Sociales le dar\u00e1 la bienvenida a los Ingresantes&hellip;<\/p>\n","protected":false},"author":9,"featured_media":15358,"comment_status":"closed","ping_status":"closed","sticky":false,"template":"","format":"standard","meta":{"om_disable_all_campaigns":false,"_monsterinsights_skip_tracking":false,"_monsterinsights_sitenote_active":false,"_monsterinsights_sitenote_note":"","_monsterinsights_sitenote_category":0,"footnotes":""},"categories":[1],"tags":[],"class_list":["post-15356","post","type-post","status-publish","format-standard","has-post-thumbnail","hentry","category-noticias"],"yoast_head":"<!-- This site is optimized with the Yoast SEO plugin v27.5 - https:\/\/yoast.com\/product\/yoast-seo-wordpress\/ -->\n<title>La FCEJS espera un importante n\u00famero de inscriptos para el ciclo 2024 - Facultad de Ciencias Econ\u00f3micas, Jur\u00ed\u00addicas y Sociales<\/title>\n<meta name=\"robots\" content=\"index, follow, max-snippet:-1, max-image-preview:large, max-video-preview:-1\" \/>\n<link rel=\"canonical\" href=\"https:\/\/www.fcejs.unsl.edu.ar\/index.php\/la-fcejs-espera-un-importante-numero-de-inscriptos-para-el-ciclo-2024\/\" \/>\n<meta property=\"og:locale\" content=\"es_ES\" \/>\n<meta property=\"og:type\" content=\"article\" \/>\n<meta property=\"og:title\" content=\"La FCEJS espera un importante n\u00famero de inscriptos para el ciclo 2024 - Facultad de Ciencias Econ\u00f3micas, Jur\u00ed\u00addicas y Sociales\" \/>\n<meta property=\"og:description\" content=\"El pr\u00f3ximo mi\u00e9rcoles 14 de febrero, a las 18 horas, la Facultad de Ciencias Econ\u00f3micas, Jur\u00eddicas y Sociales le dar\u00e1 la bienvenida a los Ingresantes&hellip;\" \/>\n<meta property=\"og:url\" content=\"https:\/\/www.fcejs.unsl.edu.ar\/index.php\/la-fcejs-espera-un-importante-numero-de-inscriptos-para-el-ciclo-2024\/\" \/>\n<meta property=\"og:site_name\" content=\"Facultad de Ciencias Econ\u00f3micas, Jur\u00ed\u00addicas y Sociales\" \/>\n<meta property=\"article:publisher\" content=\"https:\/\/www.facebook.com\/FCEJS.UNSL\/\" \/>\n<meta property=\"article:published_time\" content=\"2024-02-08T16:01:45+00:00\" \/>\n<meta property=\"article:modified_time\" content=\"2024-03-08T12:03:50+00:00\" \/>\n<meta property=\"og:image\" content=\"https:\/\/www.fcejs.unsl.edu.ar\/wp-content\/uploads\/2024\/02\/ingreso-front.jpg\" \/>\n\t<meta property=\"og:image:width\" content=\"1152\" \/>\n\t<meta property=\"og:image:height\" content=\"647\" \/>\n\t<meta property=\"og:image:type\" content=\"image\/jpeg\" \/>\n<meta name=\"author\" content=\"DATI\" \/>\n<meta name=\"twitter:card\" content=\"summary_large_image\" \/>\n<meta name=\"twitter:creator\" content=\"@FCEJSUNSL\" \/>\n<meta name=\"twitter:site\" content=\"@FCEJSUNSL\" \/>\n<meta name=\"twitter:label1\" content=\"Escrito por\" \/>\n\t<meta name=\"twitter:data1\" content=\"DATI\" \/>\n\t<meta name=\"twitter:label2\" content=\"Tiempo de lectura\" \/>\n\t<meta name=\"twitter:data2\" content=\"3 minutos\" \/>\n<script type=\"application\/ld+json\" class=\"yoast-schema-graph\">{\"@context\":\"https:\\\/\\\/schema.org\",\"@graph\":[{\"@type\":\"Article\",\"@id\":\"https:\\\/\\\/www.fcejs.unsl.edu.ar\\\/index.php\\\/la-fcejs-espera-un-importante-numero-de-inscriptos-para-el-ciclo-2024\\\/#article\",\"isPartOf\":{\"@id\":\"https:\\\/\\\/www.fcejs.unsl.edu.ar\\\/index.php\\\/la-fcejs-espera-un-importante-numero-de-inscriptos-para-el-ciclo-2024\\\/\"},\"author\":{\"name\":\"DATI\",\"@id\":\"https:\\\/\\\/www.fcejs.unsl.edu.ar\\\/#\\\/schema\\\/person\\\/352ee6ed90c3f394c7cb5945f8956d34\"},\"headline\":\"La FCEJS espera un importante n\u00famero de inscriptos para el ciclo 2024\",\"datePublished\":\"2024-02-08T16:01:45+00:00\",\"dateModified\":\"2024-03-08T12:03:50+00:00\",\"mainEntityOfPage\":{\"@id\":\"https:\\\/\\\/www.fcejs.unsl.edu.ar\\\/index.php\\\/la-fcejs-espera-un-importante-numero-de-inscriptos-para-el-ciclo-2024\\\/\"},\"wordCount\":553,\"publisher\":{\"@id\":\"https:\\\/\\\/www.fcejs.unsl.edu.ar\\\/#organization\"},\"image\":{\"@id\":\"https:\\\/\\\/www.fcejs.unsl.edu.ar\\\/index.php\\\/la-fcejs-espera-un-importante-numero-de-inscriptos-para-el-ciclo-2024\\\/#primaryimage\"},\"thumbnailUrl\":\"https:\\\/\\\/www.fcejs.unsl.edu.ar\\\/wp-content\\\/uploads\\\/2024\\\/02\\\/ingreso-front.jpg\",\"articleSection\":[\"Noticias\"],\"inLanguage\":\"es-AR\"},{\"@type\":\"WebPage\",\"@id\":\"https:\\\/\\\/www.fcejs.unsl.edu.ar\\\/index.php\\\/la-fcejs-espera-un-importante-numero-de-inscriptos-para-el-ciclo-2024\\\/\",\"url\":\"https:\\\/\\\/www.fcejs.unsl.edu.ar\\\/index.php\\\/la-fcejs-espera-un-importante-numero-de-inscriptos-para-el-ciclo-2024\\\/\",\"name\":\"La FCEJS espera un importante n\u00famero de inscriptos para el ciclo 2024 - Facultad de Ciencias Econ\u00f3micas, Jur\u00ed\u00addicas y Sociales\",\"isPartOf\":{\"@id\":\"https:\\\/\\\/www.fcejs.unsl.edu.ar\\\/#website\"},\"primaryImageOfPage\":{\"@id\":\"https:\\\/\\\/www.fcejs.unsl.edu.ar\\\/index.php\\\/la-fcejs-espera-un-importante-numero-de-inscriptos-para-el-ciclo-2024\\\/#primaryimage\"},\"image\":{\"@id\":\"https:\\\/\\\/www.fcejs.unsl.edu.ar\\\/index.php\\\/la-fcejs-espera-un-importante-numero-de-inscriptos-para-el-ciclo-2024\\\/#primaryimage\"},\"thumbnailUrl\":\"https:\\\/\\\/www.fcejs.unsl.edu.ar\\\/wp-content\\\/uploads\\\/2024\\\/02\\\/ingreso-front.jpg\",\"datePublished\":\"2024-02-08T16:01:45+00:00\",\"dateModified\":\"2024-03-08T12:03:50+00:00\",\"breadcrumb\":{\"@id\":\"https:\\\/\\\/www.fcejs.unsl.edu.ar\\\/index.php\\\/la-fcejs-espera-un-importante-numero-de-inscriptos-para-el-ciclo-2024\\\/#breadcrumb\"},\"inLanguage\":\"es-AR\",\"potentialAction\":[{\"@type\":\"ReadAction\",\"target\":[\"https:\\\/\\\/www.fcejs.unsl.edu.ar\\\/index.php\\\/la-fcejs-espera-un-importante-numero-de-inscriptos-para-el-ciclo-2024\\\/\"]}]},{\"@type\":\"ImageObject\",\"inLanguage\":\"es-AR\",\"@id\":\"https:\\\/\\\/www.fcejs.unsl.edu.ar\\\/index.php\\\/la-fcejs-espera-un-importante-numero-de-inscriptos-para-el-ciclo-2024\\\/#primaryimage\",\"url\":\"https:\\\/\\\/www.fcejs.unsl.edu.ar\\\/wp-content\\\/uploads\\\/2024\\\/02\\\/ingreso-front.jpg\",\"contentUrl\":\"https:\\\/\\\/www.fcejs.unsl.edu.ar\\\/wp-content\\\/uploads\\\/2024\\\/02\\\/ingreso-front.jpg\",\"width\":1152,\"height\":647},{\"@type\":\"BreadcrumbList\",\"@id\":\"https:\\\/\\\/www.fcejs.unsl.edu.ar\\\/index.php\\\/la-fcejs-espera-un-importante-numero-de-inscriptos-para-el-ciclo-2024\\\/#breadcrumb\",\"itemListElement\":[{\"@type\":\"ListItem\",\"position\":1,\"name\":\"Inicio\",\"item\":\"https:\\\/\\\/www.fcejs.unsl.edu.ar\\\/\"},{\"@type\":\"ListItem\",\"position\":2,\"name\":\"La FCEJS espera un importante n\u00famero de inscriptos para el ciclo 2024\"}]},{\"@type\":\"WebSite\",\"@id\":\"https:\\\/\\\/www.fcejs.unsl.edu.ar\\\/#website\",\"url\":\"https:\\\/\\\/www.fcejs.unsl.edu.ar\\\/\",\"name\":\"Facultad de Ciencias Econ\u00f3micas, Jur\u00ed\u00addicas y Sociales\",\"description\":\"\",\"publisher\":{\"@id\":\"https:\\\/\\\/www.fcejs.unsl.edu.ar\\\/#organization\"},\"potentialAction\":[{\"@type\":\"SearchAction\",\"target\":{\"@type\":\"EntryPoint\",\"urlTemplate\":\"https:\\\/\\\/www.fcejs.unsl.edu.ar\\\/?s={search_term_string}\"},\"query-input\":{\"@type\":\"PropertyValueSpecification\",\"valueRequired\":true,\"valueName\":\"search_term_string\"}}],\"inLanguage\":\"es-AR\"},{\"@type\":\"Organization\",\"@id\":\"https:\\\/\\\/www.fcejs.unsl.edu.ar\\\/#organization\",\"name\":\"Facultad de Ciencias Econ\u00f3micas, Jur\u00eddicas y Sociales\",\"url\":\"https:\\\/\\\/www.fcejs.unsl.edu.ar\\\/\",\"logo\":{\"@type\":\"ImageObject\",\"inLanguage\":\"es-AR\",\"@id\":\"https:\\\/\\\/www.fcejs.unsl.edu.ar\\\/#\\\/schema\\\/logo\\\/image\\\/\",\"url\":\"https:\\\/\\\/www.fcejs.unsl.edu.ar\\\/wp-content\\\/uploads\\\/2021\\\/03\\\/logo-1.jpg\",\"contentUrl\":\"https:\\\/\\\/www.fcejs.unsl.edu.ar\\\/wp-content\\\/uploads\\\/2021\\\/03\\\/logo-1.jpg\",\"width\":471,\"height\":146,\"caption\":\"Facultad de Ciencias Econ\u00f3micas, Jur\u00eddicas y Sociales\"},\"image\":{\"@id\":\"https:\\\/\\\/www.fcejs.unsl.edu.ar\\\/#\\\/schema\\\/logo\\\/image\\\/\"},\"sameAs\":[\"https:\\\/\\\/www.facebook.com\\\/FCEJS.UNSL\\\/\",\"https:\\\/\\\/x.com\\\/FCEJSUNSL\",\"https:\\\/\\\/www.instagram.com\\\/fcejs.unsl\\\/\",\"https:\\\/\\\/www.youtube.com\\\/channel\\\/UCH-Ut6EaN_X5ogjIQMPe46g\\\/\"]},{\"@type\":\"Person\",\"@id\":\"https:\\\/\\\/www.fcejs.unsl.edu.ar\\\/#\\\/schema\\\/person\\\/352ee6ed90c3f394c7cb5945f8956d34\",\"name\":\"DATI\"}]}<\/script>\n<!-- \/ Yoast SEO plugin. -->","yoast_head_json":{"title":"La FCEJS espera un importante n\u00famero de inscriptos para el ciclo 2024 - Facultad de Ciencias Econ\u00f3micas, Jur\u00ed\u00addicas y Sociales","robots":{"index":"index","follow":"follow","max-snippet":"max-snippet:-1","max-image-preview":"max-image-preview:large","max-video-preview":"max-video-preview:-1"},"canonical":"https:\/\/www.fcejs.unsl.edu.ar\/index.php\/la-fcejs-espera-un-importante-numero-de-inscriptos-para-el-ciclo-2024\/","og_locale":"es_ES","og_type":"article","og_title":"La FCEJS espera un importante n\u00famero de inscriptos para el ciclo 2024 - Facultad de Ciencias Econ\u00f3micas, Jur\u00ed\u00addicas y Sociales","og_description":"El pr\u00f3ximo mi\u00e9rcoles 14 de febrero, a las 18 horas, la Facultad de Ciencias Econ\u00f3micas, Jur\u00eddicas y Sociales le dar\u00e1 la bienvenida a los Ingresantes&hellip;","og_url":"https:\/\/www.fcejs.unsl.edu.ar\/index.php\/la-fcejs-espera-un-importante-numero-de-inscriptos-para-el-ciclo-2024\/","og_site_name":"Facultad de Ciencias Econ\u00f3micas, Jur\u00ed\u00addicas y Sociales","article_publisher":"https:\/\/www.facebook.com\/FCEJS.UNSL\/","article_published_time":"2024-02-08T16:01:45+00:00","article_modified_time":"2024-03-08T12:03:50+00:00","og_image":[{"width":1152,"height":647,"url":"https:\/\/www.fcejs.unsl.edu.ar\/wp-content\/uploads\/2024\/02\/ingreso-front.jpg","type":"image\/jpeg"}],"author":"DATI","twitter_card":"summary_large_image","twitter_creator":"@FCEJSUNSL","twitter_site":"@FCEJSUNSL","twitter_misc":{"Escrito por":"DATI","Tiempo de lectura":"3 minutos"},"schema":{"@context":"https:\/\/schema.org","@graph":[{"@type":"Article","@id":"https:\/\/www.fcejs.unsl.edu.ar\/index.php\/la-fcejs-espera-un-importante-numero-de-inscriptos-para-el-ciclo-2024\/#article","isPartOf":{"@id":"https:\/\/www.fcejs.unsl.edu.ar\/index.php\/la-fcejs-espera-un-importante-numero-de-inscriptos-para-el-ciclo-2024\/"},"author":{"name":"DATI","@id":"https:\/\/www.fcejs.unsl.edu.ar\/#\/schema\/person\/352ee6ed90c3f394c7cb5945f8956d34"},"headline":"La FCEJS espera un importante n\u00famero de inscriptos para el ciclo 2024","datePublished":"2024-02-08T16:01:45+00:00","dateModified":"2024-03-08T12:03:50+00:00","mainEntityOfPage":{"@id":"https:\/\/www.fcejs.unsl.edu.ar\/index.php\/la-fcejs-espera-un-importante-numero-de-inscriptos-para-el-ciclo-2024\/"},"wordCount":553,"publisher":{"@id":"https:\/\/www.fcejs.unsl.edu.ar\/#organization"},"image":{"@id":"https:\/\/www.fcejs.unsl.edu.ar\/index.php\/la-fcejs-espera-un-importante-numero-de-inscriptos-para-el-ciclo-2024\/#primaryimage"},"thumbnailUrl":"https:\/\/www.fcejs.unsl.edu.ar\/wp-content\/uploads\/2024\/02\/ingreso-front.jpg","articleSection":["Noticias"],"inLanguage":"es-AR"},{"@type":"WebPage","@id":"https:\/\/www.fcejs.unsl.edu.ar\/index.php\/la-fcejs-espera-un-importante-numero-de-inscriptos-para-el-ciclo-2024\/","url":"https:\/\/www.fcejs.unsl.edu.ar\/index.php\/la-fcejs-espera-un-importante-numero-de-inscriptos-para-el-ciclo-2024\/","name":"La FCEJS espera un importante n\u00famero de inscriptos para el ciclo 2024 - Facultad de Ciencias Econ\u00f3micas, Jur\u00ed\u00addicas y Sociales","isPartOf":{"@id":"https:\/\/www.fcejs.unsl.edu.ar\/#website"},"primaryImageOfPage":{"@id":"https:\/\/www.fcejs.unsl.edu.ar\/index.php\/la-fcejs-espera-un-importante-numero-de-inscriptos-para-el-ciclo-2024\/#primaryimage"},"image":{"@id":"https:\/\/www.fcejs.unsl.edu.ar\/index.php\/la-fcejs-espera-un-importante-numero-de-inscriptos-para-el-ciclo-2024\/#primaryimage"},"thumbnailUrl":"https:\/\/www.fcejs.unsl.edu.ar\/wp-content\/uploads\/2024\/02\/ingreso-front.jpg","datePublished":"2024-02-08T16:01:45+00:00","dateModified":"2024-03-08T12:03:50+00:00","breadcrumb":{"@id":"https:\/\/www.fcejs.unsl.edu.ar\/index.php\/la-fcejs-espera-un-importante-numero-de-inscriptos-para-el-ciclo-2024\/#breadcrumb"},"inLanguage":"es-AR","potentialAction":[{"@type":"ReadAction","target":["https:\/\/www.fcejs.unsl.edu.ar\/index.php\/la-fcejs-espera-un-importante-numero-de-inscriptos-para-el-ciclo-2024\/"]}]},{"@type":"ImageObject","inLanguage":"es-AR","@id":"https:\/\/www.fcejs.unsl.edu.ar\/index.php\/la-fcejs-espera-un-importante-numero-de-inscriptos-para-el-ciclo-2024\/#primaryimage","url":"https:\/\/www.fcejs.unsl.edu.ar\/wp-content\/uploads\/2024\/02\/ingreso-front.jpg","contentUrl":"https:\/\/www.fcejs.unsl.edu.ar\/wp-content\/uploads\/2024\/02\/ingreso-front.jpg","width":1152,"height":647},{"@type":"BreadcrumbList","@id":"https:\/\/www.fcejs.unsl.edu.ar\/index.php\/la-fcejs-espera-un-importante-numero-de-inscriptos-para-el-ciclo-2024\/#breadcrumb","itemListElement":[{"@type":"ListItem","position":1,"name":"Inicio","item":"https:\/\/www.fcejs.unsl.edu.ar\/"},{"@type":"ListItem","position":2,"name":"La FCEJS espera un importante n\u00famero de inscriptos para el ciclo 2024"}]},{"@type":"WebSite","@id":"https:\/\/www.fcejs.unsl.edu.ar\/#website","url":"https:\/\/www.fcejs.unsl.edu.ar\/","name":"Facultad de Ciencias Econ\u00f3micas, Jur\u00ed\u00addicas y Sociales","description":"","publisher":{"@id":"https:\/\/www.fcejs.unsl.edu.ar\/#organization"},"potentialAction":[{"@type":"SearchAction","target":{"@type":"EntryPoint","urlTemplate":"https:\/\/www.fcejs.unsl.edu.ar\/?s={search_term_string}"},"query-input":{"@type":"PropertyValueSpecification","valueRequired":true,"valueName":"search_term_string"}}],"inLanguage":"es-AR"},{"@type":"Organization","@id":"https:\/\/www.fcejs.unsl.edu.ar\/#organization","name":"Facultad de Ciencias Econ\u00f3micas, Jur\u00eddicas y Sociales","url":"https:\/\/www.fcejs.unsl.edu.ar\/","logo":{"@type":"ImageObject","inLanguage":"es-AR","@id":"https:\/\/www.fcejs.unsl.edu.ar\/#\/schema\/logo\/image\/","url":"https:\/\/www.fcejs.unsl.edu.ar\/wp-content\/uploads\/2021\/03\/logo-1.jpg","contentUrl":"https:\/\/www.fcejs.unsl.edu.ar\/wp-content\/uploads\/2021\/03\/logo-1.jpg","width":471,"height":146,"caption":"Facultad de Ciencias Econ\u00f3micas, Jur\u00eddicas y Sociales"},"image":{"@id":"https:\/\/www.fcejs.unsl.edu.ar\/#\/schema\/logo\/image\/"},"sameAs":["https:\/\/www.facebook.com\/FCEJS.UNSL\/","https:\/\/x.com\/FCEJSUNSL","https:\/\/www.instagram.com\/fcejs.unsl\/","https:\/\/www.youtube.com\/channel\/UCH-Ut6EaN_X5ogjIQMPe46g\/"]},{"@type":"Person","@id":"https:\/\/www.fcejs.unsl.edu.ar\/#\/schema\/person\/352ee6ed90c3f394c7cb5945f8956d34","name":"DATI"}]}},"jetpack_featured_media_url":"https:\/\/www.fcejs.unsl.edu.ar\/wp-content\/uploads\/2024\/02\/ingreso-front.jpg","_links":{"self":[{"href":"https:\/\/www.fcejs.unsl.edu.ar\/index.php\/wp-json\/wp\/v2\/posts\/15356","targetHints":{"allow":["GET"]}}],"collection":[{"href":"https:\/\/www.fcejs.unsl.edu.ar\/index.php\/wp-json\/wp\/v2\/posts"}],"about":[{"href":"https:\/\/www.fcejs.unsl.edu.ar\/index.php\/wp-json\/wp\/v2\/types\/post"}],"author":[{"embeddable":true,"href":"https:\/\/www.fcejs.unsl.edu.ar\/index.php\/wp-json\/wp\/v2\/users\/9"}],"replies":[{"embeddable":true,"href":"https:\/\/www.fcejs.unsl.edu.ar\/index.php\/wp-json\/wp\/v2\/comments?post=15356"}],"version-history":[{"count":6,"href":"https:\/\/www.fcejs.unsl.edu.ar\/index.php\/wp-json\/wp\/v2\/posts\/15356\/revisions"}],"predecessor-version":[{"id":15387,"href":"https:\/\/www.fcejs.unsl.edu.ar\/index.php\/wp-json\/wp\/v2\/posts\/15356\/revisions\/15387"}],"wp:featuredmedia":[{"embeddable":true,"href":"https:\/\/www.fcejs.unsl.edu.ar\/index.php\/wp-json\/wp\/v2\/media\/15358"}],"wp:attachment":[{"href":"https:\/\/www.fcejs.unsl.edu.ar\/index.php\/wp-json\/wp\/v2\/media?parent=15356"}],"wp:term":[{"taxonomy":"category","embeddable":true,"href":"https:\/\/www.fcejs.unsl.edu.ar\/index.php\/wp-json\/wp\/v2\/categories?post=15356"},{"taxonomy":"post_tag","embeddable":true,"href":"https:\/\/www.fcejs.unsl.edu.ar\/index.php\/wp-json\/wp\/v2\/tags?post=15356"}],"curies":[{"name":"wp","href":"https:\/\/api.w.org\/{rel}","templated":true}]}}