{"id":15180,"date":"2024-02-07T10:23:26","date_gmt":"2024-02-07T13:23:26","guid":{"rendered":"http:\/\/10.101.10.197\/www\/?p=15180"},"modified":"2024-03-08T09:03:45","modified_gmt":"2024-03-08T12:03:45","slug":"calendario-2024-fechas-importantes-para-el-comienzo-de-actividades","status":"publish","type":"post","link":"https:\/\/www.fcejs.unsl.edu.ar\/index.php\/calendario-2024-fechas-importantes-para-el-comienzo-de-actividades\/","title":{"rendered":"Calendario 2024: Fechas Importantes para el Comienzo de Actividades"},"content":{"rendered":"<p>La Secretar\u00eda Acad\u00e9mica resalta las fechas que los estudiantes deber\u00e1n agendar con respecto al inicio de actividades en el pr\u00f3ximo mes de febrero, en la que se destacan el ciclo preparatorio de ingreso, turnos generales de ex\u00e1menes e inicio de cuatrimestre.<\/p>\n<ul>\n<li><strong>Acto de Bienvenida a Ingresantes 2024<\/strong><br \/>\n14 de febrero \u2013 18 horas.<\/li>\n<li><strong>Ciclo Preparatorio de Ingreso 2024<\/strong><br \/>\n14 de febrero al 8 de marzo<\/li>\n<li><strong>Turno General de Examen Febrero 2024<\/strong><br \/>\n26 de febrero a 1 de marzo<\/li>\n<li><strong>Inicio del primer cuatrimestre<\/strong><br \/>\n11 de marzo<\/li>\n<li><strong>Turno General de Examen Marzo 2024<\/strong><br \/>\n18 al 22 de marzo<\/li>\n<\/ul>\n<p>La <strong>Subsecretar\u00eda de Asuntos Estudiantiles y Bienestar Universitario (SSAEBU)<\/strong> informa que, el 5 de febrero, abrir\u00e1 sus oficinas y el <strong>Centro de Salud<\/strong>, en el horario de 8 a 13 horas.<\/p>\n<h3>Receso estival<\/h3>\n<p>Desde el martes 2 hasta el mi\u00e9rcoles 31 de enero del 2024 se estableci\u00f3 el per\u00edodo de receso para las actividades de la Universidad Nacional de San Luis (UNSL). Durante dicho per\u00edodo permanecer\u00e1n cerradas las oficinas, a excepci\u00f3n de aquellas que deban atender los servicios imprescindibles, los cuales contar\u00e1n con guardias m\u00ednimas.<\/p>\n<p><strong>CALENDARIO ACAD\u00c9MICO PARA EL CICLO LECTIVO 2024<\/strong><\/p>\n<p>1. Vacaciones: 2 al 31de enero (Licencia anual ordinaria).<br \/>\n2. Inicio de actividades acad\u00e9micas: 14 de febrero.<br \/>\n3. Finalizaci\u00f3n de actividades: 27 de diciembre.<br \/>\n4. Receso Invernal: 8 al 19 de julio.<br \/>\n5. D\u00edas feriados, no laborables, feriados locales y no laborables, seg\u00fan creencia religiosa: Se establecen de acuerdo a lo fijado en la Resoluci\u00f3n Rectoral N\u00ba 2363\/2023 1 de enero: A\u00f1o nuevo.<br \/>\n12 y 13 de febrero: Carnaval<br \/>\n24 de marzo: D\u00eda Nacional de la Memoria por la Verdad y la Justicia<br \/>\n29 de marzo: Viernes Santo (Feriado)<br \/>\n2 de abril: D\u00eda del Veterano y de los Ca\u00eddos en la Guerra de Malvinas<br \/>\n1 de mayo: D\u00eda del Trabajador<br \/>\n3 de mayo: Cristo de la Quebrada y Renca<br \/>\n10 de mayo: D\u00eda de la Universidad Nacional de San Luis (No laborable para la UNSL)<br \/>\n25 de mayo: D\u00eda de la Revoluci\u00f3n de Mayo<br \/>\n17 de junio: Paso a la Inmortalidad del General Don Mart\u00edn Miguel de G\u00fcemes 20 de junio: Paso a la Inmortalidad del General Manuel Belgrano.<br \/>\n9 de julio: D\u00eda de la Independencia<br \/>\n20 de agosto: Paso a la Inmortalidad del General Jos\u00e9 de San Martin (se traslada del 17) 25 de agosto: D\u00eda de San Luis Rey de Francia.<br \/>\n11 de septiembre: D\u00eda del Docente de la UNSL (D\u00eda no laborable por claustro)<br \/>\n21 de septiembre: D\u00eda del estudiante (D\u00eda no laborable por claustro)<br \/>\n16 de octubre: D\u00eda del respeto a la Diversidad Cultural (se traslada del 12 de octubre)<br \/>\n20 de noviembre: D\u00eda de la Soberan\u00eda Nacional<br \/>\n26 de noviembre: D\u00eda del Nodocente (D\u00eda no laborable por claustro)<br \/>\n1 de diciembre: Fundaci\u00f3n ciudad de Villa Mercedes<\/p>\n<p>D\u00edas no laborables seg\u00fan creencia religiosa:<br \/>\nComunidad Cat\u00f3lica:<br \/>\n28 de marzo: jueves Santo.<br \/>\n3 de mayo: Cristo de la Quebrada.<br \/>\n24 de septiembre: Patronales de Villa Mercedes.<br \/>\n8 de diciembre: D\u00eda de la Inmaculada Concepci\u00f3n de Mar\u00eda.<br \/>\n25 de diciembre: Navidad.<\/p>\n<p>Comunidad Armenia (Ley 26199)<br \/>\n24 de abril: D\u00eda de Acci\u00f3n por la Tolerancia y el Respeto entre los Pueblos.<\/p>\n<p>Comunidad Jud\u00eda (Ley 27399)<br \/>\n6 y 7 de abril: Primeros dos d\u00edas de la Pascua Jud\u00eda.<br \/>\n12 y 13 de abril: \u00daltimos dos d\u00edas de la Pascua Jud\u00eda.<br \/>\n16 y 17 de septiembre: A\u00f1o Nuevo Jud\u00edo.<br \/>\n25 de septiembre: D\u00eda del Perd\u00f3n.<\/p>\n<p>Comunidad Isl\u00e1mica<br \/>\n21 de abril: Fiesta de la Ruptura del Ayuno del Sagrado Mes del Ramad\u00e1n. 28 de junio: Fiesta del Sacrificio.<br \/>\n19 de julio: A\u00f1o Nuevo Isl\u00e1mico<\/p>\n<p>6. Actividades de ingreso:<br \/>\nEl Ciclo Preparatorio para el Ingreso, se llevar\u00e1 a cabo en las semanas comprendidas entre el 14 de febrero al 8 de marzo de 2024.<\/p>\n<p>7. Cuatrimestres:<br \/>\nPrimer Cuatrimestre: 11 de marzo al 21 de junio (15 semanas) Cierre inscripci\u00f3n cuatrimestral: 31 de mayo.<\/p>\n<p>Segundo Cuatrimestre: 5 de agosto al 15 de noviembre (15 semanas) Cierre inscripci\u00f3n cuatrimestral: 31 de octubre.<\/p>\n<p>7. Turnos Generales de Ex\u00e1menes:<br \/>\nFebrero-Marzo:<br \/>\nPrimer llamado: 26 de febrero al 1 de marzo.<\/p>\n<p>Julio-Agosto: Segundo llamado: 18 al 22 de marzo.<br \/>\nPrimer llamado: 1 al 5 de julio<br \/>\nSegundo llamado: 29 de julio al 2 de agosto<\/p>\n<p>Noviembre-diciembre:<br \/>\nPrimer llamado: 25 al 29 de noviembre<br \/>\nSegundo llamado: 16 al 20 de diciembre<\/p>\n<p>8. Turnos Especiales de Ex\u00e1menes (con car\u00e1cter general):<br \/>\nPrimer Turno: 8 al 12 de abril<br \/>\nTurno Mayo: 13 al 17 de mayo<br \/>\nSegundo Turno: 26 al 30 de agosto<br \/>\nTurno Octubre: 30 de septiembre al 4 de octubre.<\/p>\n<p>10. Per\u00edodos de consultas y\/o evaluaciones integradoras &#8211; 19 al 23 de febrero.<br \/>\n&#8211; 4 al 8 de marzo.<br \/>\n&#8211; 24 al 28 de junio.<br \/>\n&#8211; 22 al 26 de julio.<br \/>\n&#8211; 19 al 22 de noviembre.<br \/>\n&#8211; 9 al 13 de diciembre.<\/p>\n<p>11. Inscripci\u00f3n Anual y Readmisi\u00f3n:<br \/>\nDesde el 1 abril al 30 de mayo<br \/>\n11- Actos de colaci\u00f3n de grado: a definir.<\/p>\n<p>&nbsp;<\/p>\n","protected":false},"excerpt":{"rendered":"<p>La Secretar\u00eda Acad\u00e9mica resalta las fechas que los estudiantes deber\u00e1n agendar con respecto al inicio de actividades en el pr\u00f3ximo mes de febrero, en la&hellip;<\/p>\n","protected":false},"author":9,"featured_media":15181,"comment_status":"closed","ping_status":"closed","sticky":false,"template":"","format":"standard","meta":{"om_disable_all_campaigns":false,"_monsterinsights_skip_tracking":false,"_monsterinsights_sitenote_active":false,"_monsterinsights_sitenote_note":"","_monsterinsights_sitenote_category":0,"footnotes":""},"categories":[1],"tags":[],"class_list":["post-15180","post","type-post","status-publish","format-standard","has-post-thumbnail","hentry","category-noticias"],"yoast_head":"<!-- This site is optimized with the Yoast SEO plugin v27.5 - https:\/\/yoast.com\/product\/yoast-seo-wordpress\/ -->\n<title>Calendario 2024: Fechas Importantes para el Comienzo de Actividades - Facultad de Ciencias Econ\u00f3micas, Jur\u00ed\u00addicas y Sociales<\/title>\n<meta name=\"robots\" content=\"index, follow, max-snippet:-1, max-image-preview:large, max-video-preview:-1\" \/>\n<link rel=\"canonical\" href=\"https:\/\/www.fcejs.unsl.edu.ar\/index.php\/calendario-2024-fechas-importantes-para-el-comienzo-de-actividades\/\" \/>\n<meta property=\"og:locale\" content=\"es_ES\" \/>\n<meta property=\"og:type\" content=\"article\" \/>\n<meta property=\"og:title\" content=\"Calendario 2024: Fechas Importantes para el Comienzo de Actividades - Facultad de Ciencias Econ\u00f3micas, Jur\u00ed\u00addicas y Sociales\" \/>\n<meta property=\"og:description\" content=\"La Secretar\u00eda Acad\u00e9mica resalta las fechas que los estudiantes deber\u00e1n agendar con respecto al inicio de actividades en el pr\u00f3ximo mes de febrero, en la&hellip;\" \/>\n<meta property=\"og:url\" content=\"https:\/\/www.fcejs.unsl.edu.ar\/index.php\/calendario-2024-fechas-importantes-para-el-comienzo-de-actividades\/\" \/>\n<meta property=\"og:site_name\" content=\"Facultad de Ciencias Econ\u00f3micas, Jur\u00ed\u00addicas y Sociales\" \/>\n<meta property=\"article:publisher\" content=\"https:\/\/www.facebook.com\/FCEJS.UNSL\/\" \/>\n<meta property=\"article:published_time\" content=\"2024-02-07T13:23:26+00:00\" \/>\n<meta property=\"article:modified_time\" content=\"2024-03-08T12:03:45+00:00\" \/>\n<meta property=\"og:image\" content=\"https:\/\/www.fcejs.unsl.edu.ar\/wp-content\/uploads\/2023\/12\/fechas-2024.jpg\" \/>\n\t<meta property=\"og:image:width\" content=\"1061\" \/>\n\t<meta property=\"og:image:height\" content=\"585\" \/>\n\t<meta property=\"og:image:type\" content=\"image\/jpeg\" \/>\n<meta name=\"author\" content=\"DATI\" \/>\n<meta name=\"twitter:card\" content=\"summary_large_image\" \/>\n<meta name=\"twitter:creator\" content=\"@FCEJSUNSL\" \/>\n<meta name=\"twitter:site\" content=\"@FCEJSUNSL\" \/>\n<meta name=\"twitter:label1\" content=\"Escrito por\" \/>\n\t<meta name=\"twitter:data1\" content=\"DATI\" \/>\n\t<meta name=\"twitter:label2\" content=\"Tiempo de lectura\" \/>\n\t<meta name=\"twitter:data2\" content=\"4 minutos\" \/>\n<script type=\"application\/ld+json\" class=\"yoast-schema-graph\">{\"@context\":\"https:\\\/\\\/schema.org\",\"@graph\":[{\"@type\":\"Article\",\"@id\":\"https:\\\/\\\/www.fcejs.unsl.edu.ar\\\/index.php\\\/calendario-2024-fechas-importantes-para-el-comienzo-de-actividades\\\/#article\",\"isPartOf\":{\"@id\":\"https:\\\/\\\/www.fcejs.unsl.edu.ar\\\/index.php\\\/calendario-2024-fechas-importantes-para-el-comienzo-de-actividades\\\/\"},\"author\":{\"name\":\"DATI\",\"@id\":\"https:\\\/\\\/www.fcejs.unsl.edu.ar\\\/#\\\/schema\\\/person\\\/352ee6ed90c3f394c7cb5945f8956d34\"},\"headline\":\"Calendario 2024: Fechas Importantes para el Comienzo de Actividades\",\"datePublished\":\"2024-02-07T13:23:26+00:00\",\"dateModified\":\"2024-03-08T12:03:45+00:00\",\"mainEntityOfPage\":{\"@id\":\"https:\\\/\\\/www.fcejs.unsl.edu.ar\\\/index.php\\\/calendario-2024-fechas-importantes-para-el-comienzo-de-actividades\\\/\"},\"wordCount\":767,\"publisher\":{\"@id\":\"https:\\\/\\\/www.fcejs.unsl.edu.ar\\\/#organization\"},\"image\":{\"@id\":\"https:\\\/\\\/www.fcejs.unsl.edu.ar\\\/index.php\\\/calendario-2024-fechas-importantes-para-el-comienzo-de-actividades\\\/#primaryimage\"},\"thumbnailUrl\":\"https:\\\/\\\/www.fcejs.unsl.edu.ar\\\/wp-content\\\/uploads\\\/2023\\\/12\\\/fechas-2024.jpg\",\"articleSection\":[\"Noticias\"],\"inLanguage\":\"es-AR\"},{\"@type\":\"WebPage\",\"@id\":\"https:\\\/\\\/www.fcejs.unsl.edu.ar\\\/index.php\\\/calendario-2024-fechas-importantes-para-el-comienzo-de-actividades\\\/\",\"url\":\"https:\\\/\\\/www.fcejs.unsl.edu.ar\\\/index.php\\\/calendario-2024-fechas-importantes-para-el-comienzo-de-actividades\\\/\",\"name\":\"Calendario 2024: Fechas Importantes para el Comienzo de Actividades - Facultad de Ciencias Econ\u00f3micas, Jur\u00ed\u00addicas y Sociales\",\"isPartOf\":{\"@id\":\"https:\\\/\\\/www.fcejs.unsl.edu.ar\\\/#website\"},\"primaryImageOfPage\":{\"@id\":\"https:\\\/\\\/www.fcejs.unsl.edu.ar\\\/index.php\\\/calendario-2024-fechas-importantes-para-el-comienzo-de-actividades\\\/#primaryimage\"},\"image\":{\"@id\":\"https:\\\/\\\/www.fcejs.unsl.edu.ar\\\/index.php\\\/calendario-2024-fechas-importantes-para-el-comienzo-de-actividades\\\/#primaryimage\"},\"thumbnailUrl\":\"https:\\\/\\\/www.fcejs.unsl.edu.ar\\\/wp-content\\\/uploads\\\/2023\\\/12\\\/fechas-2024.jpg\",\"datePublished\":\"2024-02-07T13:23:26+00:00\",\"dateModified\":\"2024-03-08T12:03:45+00:00\",\"breadcrumb\":{\"@id\":\"https:\\\/\\\/www.fcejs.unsl.edu.ar\\\/index.php\\\/calendario-2024-fechas-importantes-para-el-comienzo-de-actividades\\\/#breadcrumb\"},\"inLanguage\":\"es-AR\",\"potentialAction\":[{\"@type\":\"ReadAction\",\"target\":[\"https:\\\/\\\/www.fcejs.unsl.edu.ar\\\/index.php\\\/calendario-2024-fechas-importantes-para-el-comienzo-de-actividades\\\/\"]}]},{\"@type\":\"ImageObject\",\"inLanguage\":\"es-AR\",\"@id\":\"https:\\\/\\\/www.fcejs.unsl.edu.ar\\\/index.php\\\/calendario-2024-fechas-importantes-para-el-comienzo-de-actividades\\\/#primaryimage\",\"url\":\"https:\\\/\\\/www.fcejs.unsl.edu.ar\\\/wp-content\\\/uploads\\\/2023\\\/12\\\/fechas-2024.jpg\",\"contentUrl\":\"https:\\\/\\\/www.fcejs.unsl.edu.ar\\\/wp-content\\\/uploads\\\/2023\\\/12\\\/fechas-2024.jpg\",\"width\":1061,\"height\":585},{\"@type\":\"BreadcrumbList\",\"@id\":\"https:\\\/\\\/www.fcejs.unsl.edu.ar\\\/index.php\\\/calendario-2024-fechas-importantes-para-el-comienzo-de-actividades\\\/#breadcrumb\",\"itemListElement\":[{\"@type\":\"ListItem\",\"position\":1,\"name\":\"Inicio\",\"item\":\"https:\\\/\\\/www.fcejs.unsl.edu.ar\\\/\"},{\"@type\":\"ListItem\",\"position\":2,\"name\":\"Calendario 2024: Fechas Importantes para el Comienzo de Actividades\"}]},{\"@type\":\"WebSite\",\"@id\":\"https:\\\/\\\/www.fcejs.unsl.edu.ar\\\/#website\",\"url\":\"https:\\\/\\\/www.fcejs.unsl.edu.ar\\\/\",\"name\":\"Facultad de Ciencias Econ\u00f3micas, Jur\u00ed\u00addicas y Sociales\",\"description\":\"\",\"publisher\":{\"@id\":\"https:\\\/\\\/www.fcejs.unsl.edu.ar\\\/#organization\"},\"potentialAction\":[{\"@type\":\"SearchAction\",\"target\":{\"@type\":\"EntryPoint\",\"urlTemplate\":\"https:\\\/\\\/www.fcejs.unsl.edu.ar\\\/?s={search_term_string}\"},\"query-input\":{\"@type\":\"PropertyValueSpecification\",\"valueRequired\":true,\"valueName\":\"search_term_string\"}}],\"inLanguage\":\"es-AR\"},{\"@type\":\"Organization\",\"@id\":\"https:\\\/\\\/www.fcejs.unsl.edu.ar\\\/#organization\",\"name\":\"Facultad de Ciencias Econ\u00f3micas, Jur\u00eddicas y Sociales\",\"url\":\"https:\\\/\\\/www.fcejs.unsl.edu.ar\\\/\",\"logo\":{\"@type\":\"ImageObject\",\"inLanguage\":\"es-AR\",\"@id\":\"https:\\\/\\\/www.fcejs.unsl.edu.ar\\\/#\\\/schema\\\/logo\\\/image\\\/\",\"url\":\"https:\\\/\\\/www.fcejs.unsl.edu.ar\\\/wp-content\\\/uploads\\\/2021\\\/03\\\/logo-1.jpg\",\"contentUrl\":\"https:\\\/\\\/www.fcejs.unsl.edu.ar\\\/wp-content\\\/uploads\\\/2021\\\/03\\\/logo-1.jpg\",\"width\":471,\"height\":146,\"caption\":\"Facultad de Ciencias Econ\u00f3micas, Jur\u00eddicas y Sociales\"},\"image\":{\"@id\":\"https:\\\/\\\/www.fcejs.unsl.edu.ar\\\/#\\\/schema\\\/logo\\\/image\\\/\"},\"sameAs\":[\"https:\\\/\\\/www.facebook.com\\\/FCEJS.UNSL\\\/\",\"https:\\\/\\\/x.com\\\/FCEJSUNSL\",\"https:\\\/\\\/www.instagram.com\\\/fcejs.unsl\\\/\",\"https:\\\/\\\/www.youtube.com\\\/channel\\\/UCH-Ut6EaN_X5ogjIQMPe46g\\\/\"]},{\"@type\":\"Person\",\"@id\":\"https:\\\/\\\/www.fcejs.unsl.edu.ar\\\/#\\\/schema\\\/person\\\/352ee6ed90c3f394c7cb5945f8956d34\",\"name\":\"DATI\"}]}<\/script>\n<!-- \/ Yoast SEO plugin. -->","yoast_head_json":{"title":"Calendario 2024: Fechas Importantes para el Comienzo de Actividades - Facultad de Ciencias Econ\u00f3micas, Jur\u00ed\u00addicas y Sociales","robots":{"index":"index","follow":"follow","max-snippet":"max-snippet:-1","max-image-preview":"max-image-preview:large","max-video-preview":"max-video-preview:-1"},"canonical":"https:\/\/www.fcejs.unsl.edu.ar\/index.php\/calendario-2024-fechas-importantes-para-el-comienzo-de-actividades\/","og_locale":"es_ES","og_type":"article","og_title":"Calendario 2024: Fechas Importantes para el Comienzo de Actividades - Facultad de Ciencias Econ\u00f3micas, Jur\u00ed\u00addicas y Sociales","og_description":"La Secretar\u00eda Acad\u00e9mica resalta las fechas que los estudiantes deber\u00e1n agendar con respecto al inicio de actividades en el pr\u00f3ximo mes de febrero, en la&hellip;","og_url":"https:\/\/www.fcejs.unsl.edu.ar\/index.php\/calendario-2024-fechas-importantes-para-el-comienzo-de-actividades\/","og_site_name":"Facultad de Ciencias Econ\u00f3micas, Jur\u00ed\u00addicas y Sociales","article_publisher":"https:\/\/www.facebook.com\/FCEJS.UNSL\/","article_published_time":"2024-02-07T13:23:26+00:00","article_modified_time":"2024-03-08T12:03:45+00:00","og_image":[{"width":1061,"height":585,"url":"https:\/\/www.fcejs.unsl.edu.ar\/wp-content\/uploads\/2023\/12\/fechas-2024.jpg","type":"image\/jpeg"}],"author":"DATI","twitter_card":"summary_large_image","twitter_creator":"@FCEJSUNSL","twitter_site":"@FCEJSUNSL","twitter_misc":{"Escrito por":"DATI","Tiempo de lectura":"4 minutos"},"schema":{"@context":"https:\/\/schema.org","@graph":[{"@type":"Article","@id":"https:\/\/www.fcejs.unsl.edu.ar\/index.php\/calendario-2024-fechas-importantes-para-el-comienzo-de-actividades\/#article","isPartOf":{"@id":"https:\/\/www.fcejs.unsl.edu.ar\/index.php\/calendario-2024-fechas-importantes-para-el-comienzo-de-actividades\/"},"author":{"name":"DATI","@id":"https:\/\/www.fcejs.unsl.edu.ar\/#\/schema\/person\/352ee6ed90c3f394c7cb5945f8956d34"},"headline":"Calendario 2024: Fechas Importantes para el Comienzo de Actividades","datePublished":"2024-02-07T13:23:26+00:00","dateModified":"2024-03-08T12:03:45+00:00","mainEntityOfPage":{"@id":"https:\/\/www.fcejs.unsl.edu.ar\/index.php\/calendario-2024-fechas-importantes-para-el-comienzo-de-actividades\/"},"wordCount":767,"publisher":{"@id":"https:\/\/www.fcejs.unsl.edu.ar\/#organization"},"image":{"@id":"https:\/\/www.fcejs.unsl.edu.ar\/index.php\/calendario-2024-fechas-importantes-para-el-comienzo-de-actividades\/#primaryimage"},"thumbnailUrl":"https:\/\/www.fcejs.unsl.edu.ar\/wp-content\/uploads\/2023\/12\/fechas-2024.jpg","articleSection":["Noticias"],"inLanguage":"es-AR"},{"@type":"WebPage","@id":"https:\/\/www.fcejs.unsl.edu.ar\/index.php\/calendario-2024-fechas-importantes-para-el-comienzo-de-actividades\/","url":"https:\/\/www.fcejs.unsl.edu.ar\/index.php\/calendario-2024-fechas-importantes-para-el-comienzo-de-actividades\/","name":"Calendario 2024: Fechas Importantes para el Comienzo de Actividades - Facultad de Ciencias Econ\u00f3micas, Jur\u00ed\u00addicas y Sociales","isPartOf":{"@id":"https:\/\/www.fcejs.unsl.edu.ar\/#website"},"primaryImageOfPage":{"@id":"https:\/\/www.fcejs.unsl.edu.ar\/index.php\/calendario-2024-fechas-importantes-para-el-comienzo-de-actividades\/#primaryimage"},"image":{"@id":"https:\/\/www.fcejs.unsl.edu.ar\/index.php\/calendario-2024-fechas-importantes-para-el-comienzo-de-actividades\/#primaryimage"},"thumbnailUrl":"https:\/\/www.fcejs.unsl.edu.ar\/wp-content\/uploads\/2023\/12\/fechas-2024.jpg","datePublished":"2024-02-07T13:23:26+00:00","dateModified":"2024-03-08T12:03:45+00:00","breadcrumb":{"@id":"https:\/\/www.fcejs.unsl.edu.ar\/index.php\/calendario-2024-fechas-importantes-para-el-comienzo-de-actividades\/#breadcrumb"},"inLanguage":"es-AR","potentialAction":[{"@type":"ReadAction","target":["https:\/\/www.fcejs.unsl.edu.ar\/index.php\/calendario-2024-fechas-importantes-para-el-comienzo-de-actividades\/"]}]},{"@type":"ImageObject","inLanguage":"es-AR","@id":"https:\/\/www.fcejs.unsl.edu.ar\/index.php\/calendario-2024-fechas-importantes-para-el-comienzo-de-actividades\/#primaryimage","url":"https:\/\/www.fcejs.unsl.edu.ar\/wp-content\/uploads\/2023\/12\/fechas-2024.jpg","contentUrl":"https:\/\/www.fcejs.unsl.edu.ar\/wp-content\/uploads\/2023\/12\/fechas-2024.jpg","width":1061,"height":585},{"@type":"BreadcrumbList","@id":"https:\/\/www.fcejs.unsl.edu.ar\/index.php\/calendario-2024-fechas-importantes-para-el-comienzo-de-actividades\/#breadcrumb","itemListElement":[{"@type":"ListItem","position":1,"name":"Inicio","item":"https:\/\/www.fcejs.unsl.edu.ar\/"},{"@type":"ListItem","position":2,"name":"Calendario 2024: Fechas Importantes para el Comienzo de Actividades"}]},{"@type":"WebSite","@id":"https:\/\/www.fcejs.unsl.edu.ar\/#website","url":"https:\/\/www.fcejs.unsl.edu.ar\/","name":"Facultad de Ciencias Econ\u00f3micas, Jur\u00ed\u00addicas y Sociales","description":"","publisher":{"@id":"https:\/\/www.fcejs.unsl.edu.ar\/#organization"},"potentialAction":[{"@type":"SearchAction","target":{"@type":"EntryPoint","urlTemplate":"https:\/\/www.fcejs.unsl.edu.ar\/?s={search_term_string}"},"query-input":{"@type":"PropertyValueSpecification","valueRequired":true,"valueName":"search_term_string"}}],"inLanguage":"es-AR"},{"@type":"Organization","@id":"https:\/\/www.fcejs.unsl.edu.ar\/#organization","name":"Facultad de Ciencias Econ\u00f3micas, Jur\u00eddicas y Sociales","url":"https:\/\/www.fcejs.unsl.edu.ar\/","logo":{"@type":"ImageObject","inLanguage":"es-AR","@id":"https:\/\/www.fcejs.unsl.edu.ar\/#\/schema\/logo\/image\/","url":"https:\/\/www.fcejs.unsl.edu.ar\/wp-content\/uploads\/2021\/03\/logo-1.jpg","contentUrl":"https:\/\/www.fcejs.unsl.edu.ar\/wp-content\/uploads\/2021\/03\/logo-1.jpg","width":471,"height":146,"caption":"Facultad de Ciencias Econ\u00f3micas, Jur\u00eddicas y Sociales"},"image":{"@id":"https:\/\/www.fcejs.unsl.edu.ar\/#\/schema\/logo\/image\/"},"sameAs":["https:\/\/www.facebook.com\/FCEJS.UNSL\/","https:\/\/x.com\/FCEJSUNSL","https:\/\/www.instagram.com\/fcejs.unsl\/","https:\/\/www.youtube.com\/channel\/UCH-Ut6EaN_X5ogjIQMPe46g\/"]},{"@type":"Person","@id":"https:\/\/www.fcejs.unsl.edu.ar\/#\/schema\/person\/352ee6ed90c3f394c7cb5945f8956d34","name":"DATI"}]}},"jetpack_featured_media_url":"https:\/\/www.fcejs.unsl.edu.ar\/wp-content\/uploads\/2023\/12\/fechas-2024.jpg","_links":{"self":[{"href":"https:\/\/www.fcejs.unsl.edu.ar\/index.php\/wp-json\/wp\/v2\/posts\/15180","targetHints":{"allow":["GET"]}}],"collection":[{"href":"https:\/\/www.fcejs.unsl.edu.ar\/index.php\/wp-json\/wp\/v2\/posts"}],"about":[{"href":"https:\/\/www.fcejs.unsl.edu.ar\/index.php\/wp-json\/wp\/v2\/types\/post"}],"author":[{"embeddable":true,"href":"https:\/\/www.fcejs.unsl.edu.ar\/index.php\/wp-json\/wp\/v2\/users\/9"}],"replies":[{"embeddable":true,"href":"https:\/\/www.fcejs.unsl.edu.ar\/index.php\/wp-json\/wp\/v2\/comments?post=15180"}],"version-history":[{"count":12,"href":"https:\/\/www.fcejs.unsl.edu.ar\/index.php\/wp-json\/wp\/v2\/posts\/15180\/revisions"}],"predecessor-version":[{"id":15198,"href":"https:\/\/www.fcejs.unsl.edu.ar\/index.php\/wp-json\/wp\/v2\/posts\/15180\/revisions\/15198"}],"wp:featuredmedia":[{"embeddable":true,"href":"https:\/\/www.fcejs.unsl.edu.ar\/index.php\/wp-json\/wp\/v2\/media\/15181"}],"wp:attachment":[{"href":"https:\/\/www.fcejs.unsl.edu.ar\/index.php\/wp-json\/wp\/v2\/media?parent=15180"}],"wp:term":[{"taxonomy":"category","embeddable":true,"href":"https:\/\/www.fcejs.unsl.edu.ar\/index.php\/wp-json\/wp\/v2\/categories?post=15180"},{"taxonomy":"post_tag","embeddable":true,"href":"https:\/\/www.fcejs.unsl.edu.ar\/index.php\/wp-json\/wp\/v2\/tags?post=15180"}],"curies":[{"name":"wp","href":"https:\/\/api.w.org\/{rel}","templated":true}]}}