{"id":15051,"date":"2024-02-05T11:14:20","date_gmt":"2024-02-05T14:14:20","guid":{"rendered":"http:\/\/10.101.10.197\/www\/?p=15051"},"modified":"2024-02-21T12:11:19","modified_gmt":"2024-02-21T15:11:19","slug":"la-fcejs-y-el-colegio-de-arquitectos-reafirman-lazos-de-vinculacion-y-trabajo-conjunto","status":"publish","type":"post","link":"https:\/\/www.fcejs.unsl.edu.ar\/index.php\/la-fcejs-y-el-colegio-de-arquitectos-reafirman-lazos-de-vinculacion-y-trabajo-conjunto\/","title":{"rendered":"La FCEJS y el Colegio de Arquitectos reafirman lazos de vinculaci\u00f3n y trabajo conjunto"},"content":{"rendered":"<p>El Observatorio Social de la FCEJS entreg\u00f3 el informe final del relevamiento de profesionales al Colegio de Arquitectos de San Luis, cerrando la primera etapa de un camino de vinculaci\u00f3n y trabajo conjunto entre las dos instituciones.<\/p>\n<p>A mediados de a\u00f1o, el equipo del Observatorio comenz\u00f3 el trabajo de relevamiento entre los arquitectos y arquitectas de San Luis para conocer aspectos laborales, del ejercicio de la profesi\u00f3n, lugares de residencia, zonas geogr\u00e1ficas de trabajo y vinculaci\u00f3n con el Colegio de los Arquitectos de San Luis, entre otros aspectos, que se plasmaron en el informe.<\/p>\n<p>Los resultados del trabajo fueron entregados durante una reuni\u00f3n que mantuvieron representantes del Colegio de Arquitectos y autoridades de la UNSL y la FCEJS este mi\u00e9rcoles 20 de diciembre en el campus del Centro Universitario Villa Mercedes. Participaron del encuentro, el Vicerrector, Mgtr. H\u00e9ctor Flores; la Decana de la FCEJS, Mgtr. Roxanna Camiletti; la directora del Observatorio Social, Lic. Pamela Bianco y por el Colegio de Arquitectos de San Luis, el Secretario del Consejo Superior Arq. Federico Merlo y la presidenta de la Regional Villa Mercedes, Arq. Luciana Garbarino.<\/p>\n<p><img fetchpriority=\"high\" decoding=\"async\" class=\"aligncenter size-large wp-image-15054\" src=\"https:\/\/www.fcejs.unsl.edu.ar\/wp-content\/uploads\/2023\/12\/observatorio-arquitectos-05-1024x681.jpg\" alt=\"\" width=\"843\" height=\"561\" srcset=\"https:\/\/www.fcejs.unsl.edu.ar\/wp-content\/uploads\/2023\/12\/observatorio-arquitectos-05-1024x681.jpg 1024w, https:\/\/www.fcejs.unsl.edu.ar\/wp-content\/uploads\/2023\/12\/observatorio-arquitectos-05-300x200.jpg 300w, https:\/\/www.fcejs.unsl.edu.ar\/wp-content\/uploads\/2023\/12\/observatorio-arquitectos-05-768x511.jpg 768w, https:\/\/www.fcejs.unsl.edu.ar\/wp-content\/uploads\/2023\/12\/observatorio-arquitectos-05.jpg 1421w\" sizes=\"(max-width: 843px) 100vw, 843px\" \/><\/p>\n<p>Con la entrega del informe final del relevamiento, ambas instituciones cumplen una importante etapa que se inici\u00f3 con la firma del Convenio Marco y el Acta Complementaria, en mayo de 2023, pero que continuar\u00e1 con la profundizaci\u00f3n de los v\u00ednculos para avanzar en otros acuerdos: \u201cEste trabajo va a continuar por la excelente predisposici\u00f3n de las autoridades del Colegio, por el apoyo de la UNSL y la FCEJS \u00a0y porque sabemos que el trabajo colectivo e interinstitucional es el camino para fortalecer nuestras instituciones\u201d, coment\u00f3 Pamela Bianco.<\/p>\n<p>La directora del Observatorio explic\u00f3 que el mapeo de arquitectos y arquitectas que se desempe\u00f1an en San Luis se hizo de manera digital, por medio de un formulario publicado en la p\u00e1gina de la FCEJS y contactos directos con los y las profesionales realizado por estudiantes de la Facultad. \u201cUna vez recolectados los datos se hizo el an\u00e1lisis de la informaci\u00f3n. Hoy entregamos el informe final al Colegio, con cuyas autoridades tambi\u00e9n conversamos sobre algunas ideas de trabajo a futuro, para continuar trabajando en el marco del convenio, no solo con el Observatorio sino con otras \u00e1reas de la Facultad\u201d.<\/p>\n<p>Claudio Quinteros, Mariana Rodr\u00edguez y Celina Chocobare, integrantes del Observatorio Social de la FCEJS, tambi\u00e9n participaron de la reuni\u00f3n con autoridades del Colegio, quienes \u201cse mostraron conformes con los resultados del trabajo\u201d ya que representa \u201cuna herramienta para responder algunas demandas. Por ejemplo, se pudo conocer que hay una gran cantidad de profesionales que est\u00e1n realizando capacitaciones de posgrado y especializaciones. Es decir, la matr\u00edcula del Colegio cuenta con una masa cr\u00edtica formada, capacitada e interesada en nuevas formaciones\u201d, coment\u00f3 Quinteros.<\/p>\n<p>\u201cEsto surge del relevamiento y sirve al Colegio de Arquitectos para profundizar su actuaci\u00f3n y sus relaciones con los y las profesionales; ver la realidad que est\u00e1n viviendo, en t\u00e9rminos laborales, de acceso a la tecnolog\u00eda y a la capacitaci\u00f3n para avanzar en su profesi\u00f3n\u201d, agreg\u00f3.<\/p>\n<p><img decoding=\"async\" class=\"aligncenter size-large wp-image-15055\" src=\"https:\/\/www.fcejs.unsl.edu.ar\/wp-content\/uploads\/2023\/12\/observatorio-arquitectos-06-1024x681.jpg\" alt=\"\" width=\"843\" height=\"561\" srcset=\"https:\/\/www.fcejs.unsl.edu.ar\/wp-content\/uploads\/2023\/12\/observatorio-arquitectos-06-1024x681.jpg 1024w, https:\/\/www.fcejs.unsl.edu.ar\/wp-content\/uploads\/2023\/12\/observatorio-arquitectos-06-300x200.jpg 300w, https:\/\/www.fcejs.unsl.edu.ar\/wp-content\/uploads\/2023\/12\/observatorio-arquitectos-06-768x511.jpg 768w, https:\/\/www.fcejs.unsl.edu.ar\/wp-content\/uploads\/2023\/12\/observatorio-arquitectos-06.jpg 1421w\" sizes=\"(max-width: 843px) 100vw, 843px\" \/><\/p>\n<p>Pamela Bianco destac\u00f3 de manera particular la posibilidad de estrechar v\u00ednculos con las instituciones y, particularmente, con el Colegio de Arquitectos: \u201cNuestra facultad cuenta con un Centro de Graduados con las carreras que dicta, pero poder vincularnos con otras instituciones profesionales tambi\u00e9n es profundamente enriquecedor, porque nos permite pensar las diferentes actividades de nuestra Facultad desde un lugar m\u00e1s amplio\u201d.<\/p>\n<p><strong>Nota: Jos\u00e9 Luis Baigorria \u2013 Radio UNSL Villa Mercedes<\/strong><\/p>\n","protected":false},"excerpt":{"rendered":"<p>El Observatorio Social de la FCEJS entreg\u00f3 el informe final del relevamiento de profesionales al Colegio de Arquitectos de San Luis, cerrando la primera etapa&hellip;<\/p>\n","protected":false},"author":9,"featured_media":15052,"comment_status":"closed","ping_status":"closed","sticky":false,"template":"","format":"standard","meta":{"om_disable_all_campaigns":false,"_monsterinsights_skip_tracking":false,"_monsterinsights_sitenote_active":false,"_monsterinsights_sitenote_note":"","_monsterinsights_sitenote_category":0,"footnotes":""},"categories":[1],"tags":[],"class_list":["post-15051","post","type-post","status-publish","format-standard","has-post-thumbnail","hentry","category-noticias"],"yoast_head":"<!-- This site is optimized with the Yoast SEO plugin v27.5 - https:\/\/yoast.com\/product\/yoast-seo-wordpress\/ -->\n<title>La FCEJS y el Colegio de Arquitectos reafirman lazos de vinculaci\u00f3n y trabajo conjunto - Facultad de Ciencias Econ\u00f3micas, Jur\u00ed\u00addicas y Sociales<\/title>\n<meta name=\"robots\" content=\"index, follow, max-snippet:-1, max-image-preview:large, max-video-preview:-1\" \/>\n<link rel=\"canonical\" href=\"https:\/\/www.fcejs.unsl.edu.ar\/index.php\/la-fcejs-y-el-colegio-de-arquitectos-reafirman-lazos-de-vinculacion-y-trabajo-conjunto\/\" \/>\n<meta property=\"og:locale\" content=\"es_ES\" \/>\n<meta property=\"og:type\" content=\"article\" \/>\n<meta property=\"og:title\" content=\"La FCEJS y el Colegio de Arquitectos reafirman lazos de vinculaci\u00f3n y trabajo conjunto - Facultad de Ciencias Econ\u00f3micas, Jur\u00ed\u00addicas y Sociales\" \/>\n<meta property=\"og:description\" content=\"El Observatorio Social de la FCEJS entreg\u00f3 el informe final del relevamiento de profesionales al Colegio de Arquitectos de San Luis, cerrando la primera etapa&hellip;\" \/>\n<meta property=\"og:url\" content=\"https:\/\/www.fcejs.unsl.edu.ar\/index.php\/la-fcejs-y-el-colegio-de-arquitectos-reafirman-lazos-de-vinculacion-y-trabajo-conjunto\/\" \/>\n<meta property=\"og:site_name\" content=\"Facultad de Ciencias Econ\u00f3micas, Jur\u00ed\u00addicas y Sociales\" \/>\n<meta property=\"article:publisher\" content=\"https:\/\/www.facebook.com\/FCEJS.UNSL\/\" \/>\n<meta property=\"article:published_time\" content=\"2024-02-05T14:14:20+00:00\" \/>\n<meta property=\"article:modified_time\" content=\"2024-02-21T15:11:19+00:00\" \/>\n<meta property=\"og:image\" content=\"https:\/\/www.fcejs.unsl.edu.ar\/wp-content\/uploads\/2023\/12\/observatorio-arquitectos-front.jpg\" \/>\n\t<meta property=\"og:image:width\" content=\"1152\" \/>\n\t<meta property=\"og:image:height\" content=\"647\" \/>\n\t<meta property=\"og:image:type\" content=\"image\/jpeg\" \/>\n<meta name=\"author\" content=\"DATI\" \/>\n<meta name=\"twitter:card\" content=\"summary_large_image\" \/>\n<meta name=\"twitter:creator\" content=\"@FCEJSUNSL\" \/>\n<meta name=\"twitter:site\" content=\"@FCEJSUNSL\" \/>\n<meta name=\"twitter:label1\" content=\"Escrito por\" \/>\n\t<meta name=\"twitter:data1\" content=\"DATI\" \/>\n\t<meta name=\"twitter:label2\" content=\"Tiempo de lectura\" \/>\n\t<meta name=\"twitter:data2\" content=\"4 minutos\" \/>\n<script type=\"application\/ld+json\" class=\"yoast-schema-graph\">{\"@context\":\"https:\\\/\\\/schema.org\",\"@graph\":[{\"@type\":\"Article\",\"@id\":\"https:\\\/\\\/www.fcejs.unsl.edu.ar\\\/index.php\\\/la-fcejs-y-el-colegio-de-arquitectos-reafirman-lazos-de-vinculacion-y-trabajo-conjunto\\\/#article\",\"isPartOf\":{\"@id\":\"https:\\\/\\\/www.fcejs.unsl.edu.ar\\\/index.php\\\/la-fcejs-y-el-colegio-de-arquitectos-reafirman-lazos-de-vinculacion-y-trabajo-conjunto\\\/\"},\"author\":{\"name\":\"DATI\",\"@id\":\"https:\\\/\\\/www.fcejs.unsl.edu.ar\\\/#\\\/schema\\\/person\\\/352ee6ed90c3f394c7cb5945f8956d34\"},\"headline\":\"La FCEJS y el Colegio de Arquitectos reafirman lazos de vinculaci\u00f3n y trabajo conjunto\",\"datePublished\":\"2024-02-05T14:14:20+00:00\",\"dateModified\":\"2024-02-21T15:11:19+00:00\",\"mainEntityOfPage\":{\"@id\":\"https:\\\/\\\/www.fcejs.unsl.edu.ar\\\/index.php\\\/la-fcejs-y-el-colegio-de-arquitectos-reafirman-lazos-de-vinculacion-y-trabajo-conjunto\\\/\"},\"wordCount\":609,\"publisher\":{\"@id\":\"https:\\\/\\\/www.fcejs.unsl.edu.ar\\\/#organization\"},\"image\":{\"@id\":\"https:\\\/\\\/www.fcejs.unsl.edu.ar\\\/index.php\\\/la-fcejs-y-el-colegio-de-arquitectos-reafirman-lazos-de-vinculacion-y-trabajo-conjunto\\\/#primaryimage\"},\"thumbnailUrl\":\"https:\\\/\\\/www.fcejs.unsl.edu.ar\\\/wp-content\\\/uploads\\\/2023\\\/12\\\/observatorio-arquitectos-front.jpg\",\"articleSection\":[\"Noticias\"],\"inLanguage\":\"es-AR\"},{\"@type\":\"WebPage\",\"@id\":\"https:\\\/\\\/www.fcejs.unsl.edu.ar\\\/index.php\\\/la-fcejs-y-el-colegio-de-arquitectos-reafirman-lazos-de-vinculacion-y-trabajo-conjunto\\\/\",\"url\":\"https:\\\/\\\/www.fcejs.unsl.edu.ar\\\/index.php\\\/la-fcejs-y-el-colegio-de-arquitectos-reafirman-lazos-de-vinculacion-y-trabajo-conjunto\\\/\",\"name\":\"La FCEJS y el Colegio de Arquitectos reafirman lazos de vinculaci\u00f3n y trabajo conjunto - Facultad de Ciencias Econ\u00f3micas, Jur\u00ed\u00addicas y Sociales\",\"isPartOf\":{\"@id\":\"https:\\\/\\\/www.fcejs.unsl.edu.ar\\\/#website\"},\"primaryImageOfPage\":{\"@id\":\"https:\\\/\\\/www.fcejs.unsl.edu.ar\\\/index.php\\\/la-fcejs-y-el-colegio-de-arquitectos-reafirman-lazos-de-vinculacion-y-trabajo-conjunto\\\/#primaryimage\"},\"image\":{\"@id\":\"https:\\\/\\\/www.fcejs.unsl.edu.ar\\\/index.php\\\/la-fcejs-y-el-colegio-de-arquitectos-reafirman-lazos-de-vinculacion-y-trabajo-conjunto\\\/#primaryimage\"},\"thumbnailUrl\":\"https:\\\/\\\/www.fcejs.unsl.edu.ar\\\/wp-content\\\/uploads\\\/2023\\\/12\\\/observatorio-arquitectos-front.jpg\",\"datePublished\":\"2024-02-05T14:14:20+00:00\",\"dateModified\":\"2024-02-21T15:11:19+00:00\",\"breadcrumb\":{\"@id\":\"https:\\\/\\\/www.fcejs.unsl.edu.ar\\\/index.php\\\/la-fcejs-y-el-colegio-de-arquitectos-reafirman-lazos-de-vinculacion-y-trabajo-conjunto\\\/#breadcrumb\"},\"inLanguage\":\"es-AR\",\"potentialAction\":[{\"@type\":\"ReadAction\",\"target\":[\"https:\\\/\\\/www.fcejs.unsl.edu.ar\\\/index.php\\\/la-fcejs-y-el-colegio-de-arquitectos-reafirman-lazos-de-vinculacion-y-trabajo-conjunto\\\/\"]}]},{\"@type\":\"ImageObject\",\"inLanguage\":\"es-AR\",\"@id\":\"https:\\\/\\\/www.fcejs.unsl.edu.ar\\\/index.php\\\/la-fcejs-y-el-colegio-de-arquitectos-reafirman-lazos-de-vinculacion-y-trabajo-conjunto\\\/#primaryimage\",\"url\":\"https:\\\/\\\/www.fcejs.unsl.edu.ar\\\/wp-content\\\/uploads\\\/2023\\\/12\\\/observatorio-arquitectos-front.jpg\",\"contentUrl\":\"https:\\\/\\\/www.fcejs.unsl.edu.ar\\\/wp-content\\\/uploads\\\/2023\\\/12\\\/observatorio-arquitectos-front.jpg\",\"width\":1152,\"height\":647},{\"@type\":\"BreadcrumbList\",\"@id\":\"https:\\\/\\\/www.fcejs.unsl.edu.ar\\\/index.php\\\/la-fcejs-y-el-colegio-de-arquitectos-reafirman-lazos-de-vinculacion-y-trabajo-conjunto\\\/#breadcrumb\",\"itemListElement\":[{\"@type\":\"ListItem\",\"position\":1,\"name\":\"Inicio\",\"item\":\"https:\\\/\\\/www.fcejs.unsl.edu.ar\\\/\"},{\"@type\":\"ListItem\",\"position\":2,\"name\":\"La FCEJS y el Colegio de Arquitectos reafirman lazos de vinculaci\u00f3n y trabajo conjunto\"}]},{\"@type\":\"WebSite\",\"@id\":\"https:\\\/\\\/www.fcejs.unsl.edu.ar\\\/#website\",\"url\":\"https:\\\/\\\/www.fcejs.unsl.edu.ar\\\/\",\"name\":\"Facultad de Ciencias Econ\u00f3micas, Jur\u00ed\u00addicas y Sociales\",\"description\":\"\",\"publisher\":{\"@id\":\"https:\\\/\\\/www.fcejs.unsl.edu.ar\\\/#organization\"},\"potentialAction\":[{\"@type\":\"SearchAction\",\"target\":{\"@type\":\"EntryPoint\",\"urlTemplate\":\"https:\\\/\\\/www.fcejs.unsl.edu.ar\\\/?s={search_term_string}\"},\"query-input\":{\"@type\":\"PropertyValueSpecification\",\"valueRequired\":true,\"valueName\":\"search_term_string\"}}],\"inLanguage\":\"es-AR\"},{\"@type\":\"Organization\",\"@id\":\"https:\\\/\\\/www.fcejs.unsl.edu.ar\\\/#organization\",\"name\":\"Facultad de Ciencias Econ\u00f3micas, Jur\u00eddicas y Sociales\",\"url\":\"https:\\\/\\\/www.fcejs.unsl.edu.ar\\\/\",\"logo\":{\"@type\":\"ImageObject\",\"inLanguage\":\"es-AR\",\"@id\":\"https:\\\/\\\/www.fcejs.unsl.edu.ar\\\/#\\\/schema\\\/logo\\\/image\\\/\",\"url\":\"https:\\\/\\\/www.fcejs.unsl.edu.ar\\\/wp-content\\\/uploads\\\/2021\\\/03\\\/logo-1.jpg\",\"contentUrl\":\"https:\\\/\\\/www.fcejs.unsl.edu.ar\\\/wp-content\\\/uploads\\\/2021\\\/03\\\/logo-1.jpg\",\"width\":471,\"height\":146,\"caption\":\"Facultad de Ciencias Econ\u00f3micas, Jur\u00eddicas y Sociales\"},\"image\":{\"@id\":\"https:\\\/\\\/www.fcejs.unsl.edu.ar\\\/#\\\/schema\\\/logo\\\/image\\\/\"},\"sameAs\":[\"https:\\\/\\\/www.facebook.com\\\/FCEJS.UNSL\\\/\",\"https:\\\/\\\/x.com\\\/FCEJSUNSL\",\"https:\\\/\\\/www.instagram.com\\\/fcejs.unsl\\\/\",\"https:\\\/\\\/www.youtube.com\\\/channel\\\/UCH-Ut6EaN_X5ogjIQMPe46g\\\/\"]},{\"@type\":\"Person\",\"@id\":\"https:\\\/\\\/www.fcejs.unsl.edu.ar\\\/#\\\/schema\\\/person\\\/352ee6ed90c3f394c7cb5945f8956d34\",\"name\":\"DATI\"}]}<\/script>\n<!-- \/ Yoast SEO plugin. -->","yoast_head_json":{"title":"La FCEJS y el Colegio de Arquitectos reafirman lazos de vinculaci\u00f3n y trabajo conjunto - Facultad de Ciencias Econ\u00f3micas, Jur\u00ed\u00addicas y Sociales","robots":{"index":"index","follow":"follow","max-snippet":"max-snippet:-1","max-image-preview":"max-image-preview:large","max-video-preview":"max-video-preview:-1"},"canonical":"https:\/\/www.fcejs.unsl.edu.ar\/index.php\/la-fcejs-y-el-colegio-de-arquitectos-reafirman-lazos-de-vinculacion-y-trabajo-conjunto\/","og_locale":"es_ES","og_type":"article","og_title":"La FCEJS y el Colegio de Arquitectos reafirman lazos de vinculaci\u00f3n y trabajo conjunto - Facultad de Ciencias Econ\u00f3micas, Jur\u00ed\u00addicas y Sociales","og_description":"El Observatorio Social de la FCEJS entreg\u00f3 el informe final del relevamiento de profesionales al Colegio de Arquitectos de San Luis, cerrando la primera etapa&hellip;","og_url":"https:\/\/www.fcejs.unsl.edu.ar\/index.php\/la-fcejs-y-el-colegio-de-arquitectos-reafirman-lazos-de-vinculacion-y-trabajo-conjunto\/","og_site_name":"Facultad de Ciencias Econ\u00f3micas, Jur\u00ed\u00addicas y Sociales","article_publisher":"https:\/\/www.facebook.com\/FCEJS.UNSL\/","article_published_time":"2024-02-05T14:14:20+00:00","article_modified_time":"2024-02-21T15:11:19+00:00","og_image":[{"width":1152,"height":647,"url":"https:\/\/www.fcejs.unsl.edu.ar\/wp-content\/uploads\/2023\/12\/observatorio-arquitectos-front.jpg","type":"image\/jpeg"}],"author":"DATI","twitter_card":"summary_large_image","twitter_creator":"@FCEJSUNSL","twitter_site":"@FCEJSUNSL","twitter_misc":{"Escrito por":"DATI","Tiempo de lectura":"4 minutos"},"schema":{"@context":"https:\/\/schema.org","@graph":[{"@type":"Article","@id":"https:\/\/www.fcejs.unsl.edu.ar\/index.php\/la-fcejs-y-el-colegio-de-arquitectos-reafirman-lazos-de-vinculacion-y-trabajo-conjunto\/#article","isPartOf":{"@id":"https:\/\/www.fcejs.unsl.edu.ar\/index.php\/la-fcejs-y-el-colegio-de-arquitectos-reafirman-lazos-de-vinculacion-y-trabajo-conjunto\/"},"author":{"name":"DATI","@id":"https:\/\/www.fcejs.unsl.edu.ar\/#\/schema\/person\/352ee6ed90c3f394c7cb5945f8956d34"},"headline":"La FCEJS y el Colegio de Arquitectos reafirman lazos de vinculaci\u00f3n y trabajo conjunto","datePublished":"2024-02-05T14:14:20+00:00","dateModified":"2024-02-21T15:11:19+00:00","mainEntityOfPage":{"@id":"https:\/\/www.fcejs.unsl.edu.ar\/index.php\/la-fcejs-y-el-colegio-de-arquitectos-reafirman-lazos-de-vinculacion-y-trabajo-conjunto\/"},"wordCount":609,"publisher":{"@id":"https:\/\/www.fcejs.unsl.edu.ar\/#organization"},"image":{"@id":"https:\/\/www.fcejs.unsl.edu.ar\/index.php\/la-fcejs-y-el-colegio-de-arquitectos-reafirman-lazos-de-vinculacion-y-trabajo-conjunto\/#primaryimage"},"thumbnailUrl":"https:\/\/www.fcejs.unsl.edu.ar\/wp-content\/uploads\/2023\/12\/observatorio-arquitectos-front.jpg","articleSection":["Noticias"],"inLanguage":"es-AR"},{"@type":"WebPage","@id":"https:\/\/www.fcejs.unsl.edu.ar\/index.php\/la-fcejs-y-el-colegio-de-arquitectos-reafirman-lazos-de-vinculacion-y-trabajo-conjunto\/","url":"https:\/\/www.fcejs.unsl.edu.ar\/index.php\/la-fcejs-y-el-colegio-de-arquitectos-reafirman-lazos-de-vinculacion-y-trabajo-conjunto\/","name":"La FCEJS y el Colegio de Arquitectos reafirman lazos de vinculaci\u00f3n y trabajo conjunto - Facultad de Ciencias Econ\u00f3micas, Jur\u00ed\u00addicas y Sociales","isPartOf":{"@id":"https:\/\/www.fcejs.unsl.edu.ar\/#website"},"primaryImageOfPage":{"@id":"https:\/\/www.fcejs.unsl.edu.ar\/index.php\/la-fcejs-y-el-colegio-de-arquitectos-reafirman-lazos-de-vinculacion-y-trabajo-conjunto\/#primaryimage"},"image":{"@id":"https:\/\/www.fcejs.unsl.edu.ar\/index.php\/la-fcejs-y-el-colegio-de-arquitectos-reafirman-lazos-de-vinculacion-y-trabajo-conjunto\/#primaryimage"},"thumbnailUrl":"https:\/\/www.fcejs.unsl.edu.ar\/wp-content\/uploads\/2023\/12\/observatorio-arquitectos-front.jpg","datePublished":"2024-02-05T14:14:20+00:00","dateModified":"2024-02-21T15:11:19+00:00","breadcrumb":{"@id":"https:\/\/www.fcejs.unsl.edu.ar\/index.php\/la-fcejs-y-el-colegio-de-arquitectos-reafirman-lazos-de-vinculacion-y-trabajo-conjunto\/#breadcrumb"},"inLanguage":"es-AR","potentialAction":[{"@type":"ReadAction","target":["https:\/\/www.fcejs.unsl.edu.ar\/index.php\/la-fcejs-y-el-colegio-de-arquitectos-reafirman-lazos-de-vinculacion-y-trabajo-conjunto\/"]}]},{"@type":"ImageObject","inLanguage":"es-AR","@id":"https:\/\/www.fcejs.unsl.edu.ar\/index.php\/la-fcejs-y-el-colegio-de-arquitectos-reafirman-lazos-de-vinculacion-y-trabajo-conjunto\/#primaryimage","url":"https:\/\/www.fcejs.unsl.edu.ar\/wp-content\/uploads\/2023\/12\/observatorio-arquitectos-front.jpg","contentUrl":"https:\/\/www.fcejs.unsl.edu.ar\/wp-content\/uploads\/2023\/12\/observatorio-arquitectos-front.jpg","width":1152,"height":647},{"@type":"BreadcrumbList","@id":"https:\/\/www.fcejs.unsl.edu.ar\/index.php\/la-fcejs-y-el-colegio-de-arquitectos-reafirman-lazos-de-vinculacion-y-trabajo-conjunto\/#breadcrumb","itemListElement":[{"@type":"ListItem","position":1,"name":"Inicio","item":"https:\/\/www.fcejs.unsl.edu.ar\/"},{"@type":"ListItem","position":2,"name":"La FCEJS y el Colegio de Arquitectos reafirman lazos de vinculaci\u00f3n y trabajo conjunto"}]},{"@type":"WebSite","@id":"https:\/\/www.fcejs.unsl.edu.ar\/#website","url":"https:\/\/www.fcejs.unsl.edu.ar\/","name":"Facultad de Ciencias Econ\u00f3micas, Jur\u00ed\u00addicas y Sociales","description":"","publisher":{"@id":"https:\/\/www.fcejs.unsl.edu.ar\/#organization"},"potentialAction":[{"@type":"SearchAction","target":{"@type":"EntryPoint","urlTemplate":"https:\/\/www.fcejs.unsl.edu.ar\/?s={search_term_string}"},"query-input":{"@type":"PropertyValueSpecification","valueRequired":true,"valueName":"search_term_string"}}],"inLanguage":"es-AR"},{"@type":"Organization","@id":"https:\/\/www.fcejs.unsl.edu.ar\/#organization","name":"Facultad de Ciencias Econ\u00f3micas, Jur\u00eddicas y Sociales","url":"https:\/\/www.fcejs.unsl.edu.ar\/","logo":{"@type":"ImageObject","inLanguage":"es-AR","@id":"https:\/\/www.fcejs.unsl.edu.ar\/#\/schema\/logo\/image\/","url":"https:\/\/www.fcejs.unsl.edu.ar\/wp-content\/uploads\/2021\/03\/logo-1.jpg","contentUrl":"https:\/\/www.fcejs.unsl.edu.ar\/wp-content\/uploads\/2021\/03\/logo-1.jpg","width":471,"height":146,"caption":"Facultad de Ciencias Econ\u00f3micas, Jur\u00eddicas y Sociales"},"image":{"@id":"https:\/\/www.fcejs.unsl.edu.ar\/#\/schema\/logo\/image\/"},"sameAs":["https:\/\/www.facebook.com\/FCEJS.UNSL\/","https:\/\/x.com\/FCEJSUNSL","https:\/\/www.instagram.com\/fcejs.unsl\/","https:\/\/www.youtube.com\/channel\/UCH-Ut6EaN_X5ogjIQMPe46g\/"]},{"@type":"Person","@id":"https:\/\/www.fcejs.unsl.edu.ar\/#\/schema\/person\/352ee6ed90c3f394c7cb5945f8956d34","name":"DATI"}]}},"jetpack_featured_media_url":"https:\/\/www.fcejs.unsl.edu.ar\/wp-content\/uploads\/2023\/12\/observatorio-arquitectos-front.jpg","_links":{"self":[{"href":"https:\/\/www.fcejs.unsl.edu.ar\/index.php\/wp-json\/wp\/v2\/posts\/15051","targetHints":{"allow":["GET"]}}],"collection":[{"href":"https:\/\/www.fcejs.unsl.edu.ar\/index.php\/wp-json\/wp\/v2\/posts"}],"about":[{"href":"https:\/\/www.fcejs.unsl.edu.ar\/index.php\/wp-json\/wp\/v2\/types\/post"}],"author":[{"embeddable":true,"href":"https:\/\/www.fcejs.unsl.edu.ar\/index.php\/wp-json\/wp\/v2\/users\/9"}],"replies":[{"embeddable":true,"href":"https:\/\/www.fcejs.unsl.edu.ar\/index.php\/wp-json\/wp\/v2\/comments?post=15051"}],"version-history":[{"count":7,"href":"https:\/\/www.fcejs.unsl.edu.ar\/index.php\/wp-json\/wp\/v2\/posts\/15051\/revisions"}],"predecessor-version":[{"id":15108,"href":"https:\/\/www.fcejs.unsl.edu.ar\/index.php\/wp-json\/wp\/v2\/posts\/15051\/revisions\/15108"}],"wp:featuredmedia":[{"embeddable":true,"href":"https:\/\/www.fcejs.unsl.edu.ar\/index.php\/wp-json\/wp\/v2\/media\/15052"}],"wp:attachment":[{"href":"https:\/\/www.fcejs.unsl.edu.ar\/index.php\/wp-json\/wp\/v2\/media?parent=15051"}],"wp:term":[{"taxonomy":"category","embeddable":true,"href":"https:\/\/www.fcejs.unsl.edu.ar\/index.php\/wp-json\/wp\/v2\/categories?post=15051"},{"taxonomy":"post_tag","embeddable":true,"href":"https:\/\/www.fcejs.unsl.edu.ar\/index.php\/wp-json\/wp\/v2\/tags?post=15051"}],"curies":[{"name":"wp","href":"https:\/\/api.w.org\/{rel}","templated":true}]}}