{"id":14829,"date":"2023-12-11T09:26:47","date_gmt":"2023-12-11T12:26:47","guid":{"rendered":"http:\/\/10.101.10.197\/www\/?p=14829"},"modified":"2023-12-15T13:38:57","modified_gmt":"2023-12-15T16:38:57","slug":"asumieron-las-nuevas-autoridades-del-departamento-de-ciencias-juridicas-y-politicas","status":"publish","type":"post","link":"https:\/\/www.fcejs.unsl.edu.ar\/index.php\/asumieron-las-nuevas-autoridades-del-departamento-de-ciencias-juridicas-y-politicas\/","title":{"rendered":"Asumieron las nuevas autoridades del Departamento de Ciencias Jur\u00eddicas y Pol\u00edticas"},"content":{"rendered":"<p>Con la consigna de seguir trabajando por el crecimiento de la facultad y la universidad, los abogados Diego Castillo y Marcelo Gabriel Salda\u00f1o asumieron en los cargos de director y subdirector, respectivamente, del Departamento de Ciencias Jur\u00eddicas y Pol\u00edticas de la Facultad de Ciencias Econ\u00f3micas, Jur\u00eddicas y Sociales de la Universidad Nacional de San Luis.<\/p>\n<p>El acto de toma de juramentos y puesta en funciones se hizo el jueves 7 de diciembre pasado en el Dante Bodo (Aula 2) del campus del Centro Universitario Villa Mercedes, con la presencia del Rector de la UNSL, CPN V\u00edctor Mori\u00f1igo; el Vicerrector, Mgtr. H\u00e9ctor Flores; la Decana de la FCEJS, Mgtr. Roxanna Camiletti; dem\u00e1s autoridades de la facultad, docentes y nodocentes.<\/p>\n<p>\u201cEstoy convencida que seguiremos trabajando por el crecimiento del Departamento, porque nos une el mismo sentido de pertenencia con la UNSL\u201d, resumi\u00f3 la Decana al destacar la nueva etapa que se inicia con la puesta en funciones de los abogados Castillo y Salda\u00f1o para el per\u00edodo 2022-2025.<\/p>\n<p><img fetchpriority=\"high\" decoding=\"async\" class=\"aligncenter wp-image-14832 size-full\" src=\"https:\/\/www.fcejs.unsl.edu.ar\/wp-content\/uploads\/2023\/12\/director-jura-2023-front.jpg\" alt=\"\" width=\"1152\" height=\"647\" srcset=\"https:\/\/www.fcejs.unsl.edu.ar\/wp-content\/uploads\/2023\/12\/director-jura-2023-front.jpg 1152w, https:\/\/www.fcejs.unsl.edu.ar\/wp-content\/uploads\/2023\/12\/director-jura-2023-front-300x168.jpg 300w, https:\/\/www.fcejs.unsl.edu.ar\/wp-content\/uploads\/2023\/12\/director-jura-2023-front-1024x575.jpg 1024w, https:\/\/www.fcejs.unsl.edu.ar\/wp-content\/uploads\/2023\/12\/director-jura-2023-front-768x431.jpg 768w\" sizes=\"(max-width: 1152px) 100vw, 1152px\" \/><\/p>\n<p>Castillo agradeci\u00f3 a las autoridades de la Universidad por la designaci\u00f3n, como tambi\u00e9n a los colegas y estudiantes por la elecci\u00f3n y la confianza \u201cpara que junto con Marcelo estemos al frente del Departamento\u201d, y refrend\u00f3 el compromiso de trabajar para el crecimiento de la UNSL: \u201cEs nuestra segunda casa, ac\u00e1 pasamos mucho tiempo dedicados a la formaci\u00f3n de nuestros estudiantes\u201d.<\/p>\n<p>En cuanto a las expectativas en la nueva funci\u00f3n, sostuvo que est\u00e1n dirigidas la formaci\u00f3n del cuerpo docente en las carreras jur\u00eddicas \u201ccon los fundamentos y los nuevos proyectos que ya hemos hecho del plan de estudio, para insertar a las carreras y a nuestros egresados en la sociedad de Villa Mercedes\u201d.<\/p>\n<p><img decoding=\"async\" class=\"aligncenter wp-image-14831 size-full\" src=\"https:\/\/www.fcejs.unsl.edu.ar\/wp-content\/uploads\/2023\/12\/director-jura-2023-02.jpg\" alt=\"\" width=\"1152\" height=\"647\" srcset=\"https:\/\/www.fcejs.unsl.edu.ar\/wp-content\/uploads\/2023\/12\/director-jura-2023-02.jpg 1152w, https:\/\/www.fcejs.unsl.edu.ar\/wp-content\/uploads\/2023\/12\/director-jura-2023-02-300x168.jpg 300w, https:\/\/www.fcejs.unsl.edu.ar\/wp-content\/uploads\/2023\/12\/director-jura-2023-02-1024x575.jpg 1024w, https:\/\/www.fcejs.unsl.edu.ar\/wp-content\/uploads\/2023\/12\/director-jura-2023-02-768x431.jpg 768w\" sizes=\"(max-width: 1152px) 100vw, 1152px\" \/><\/p>\n<p>&nbsp;<\/p>\n<p><strong>Nota: Jos\u00e9 Luis Baigorria \u2013 Radio UNSL Villa Mercedes<\/strong><\/p>\n<p>&nbsp;<\/p>\n<p>&nbsp;<\/p>\n<p>&nbsp;<\/p>\n<p>&nbsp;<\/p>\n","protected":false},"excerpt":{"rendered":"<p>Con la consigna de seguir trabajando por el crecimiento de la facultad y la universidad, los abogados Diego Castillo y Marcelo Gabriel Salda\u00f1o asumieron en&hellip;<\/p>\n","protected":false},"author":9,"featured_media":14830,"comment_status":"closed","ping_status":"closed","sticky":false,"template":"","format":"standard","meta":{"om_disable_all_campaigns":false,"_monsterinsights_skip_tracking":false,"_monsterinsights_sitenote_active":false,"_monsterinsights_sitenote_note":"","_monsterinsights_sitenote_category":0,"footnotes":""},"categories":[1],"tags":[],"class_list":["post-14829","post","type-post","status-publish","format-standard","has-post-thumbnail","hentry","category-noticias"],"yoast_head":"<!-- This site is optimized with the Yoast SEO plugin v27.5 - https:\/\/yoast.com\/product\/yoast-seo-wordpress\/ -->\n<title>Asumieron las nuevas autoridades del Departamento de Ciencias Jur\u00eddicas y Pol\u00edticas - Facultad de Ciencias Econ\u00f3micas, Jur\u00ed\u00addicas y Sociales<\/title>\n<meta name=\"robots\" content=\"index, follow, max-snippet:-1, max-image-preview:large, max-video-preview:-1\" \/>\n<link rel=\"canonical\" href=\"https:\/\/www.fcejs.unsl.edu.ar\/index.php\/asumieron-las-nuevas-autoridades-del-departamento-de-ciencias-juridicas-y-politicas\/\" \/>\n<meta property=\"og:locale\" content=\"es_ES\" \/>\n<meta property=\"og:type\" content=\"article\" \/>\n<meta property=\"og:title\" content=\"Asumieron las nuevas autoridades del Departamento de Ciencias Jur\u00eddicas y Pol\u00edticas - Facultad de Ciencias Econ\u00f3micas, Jur\u00ed\u00addicas y Sociales\" \/>\n<meta property=\"og:description\" content=\"Con la consigna de seguir trabajando por el crecimiento de la facultad y la universidad, los abogados Diego Castillo y Marcelo Gabriel Salda\u00f1o asumieron en&hellip;\" \/>\n<meta property=\"og:url\" content=\"https:\/\/www.fcejs.unsl.edu.ar\/index.php\/asumieron-las-nuevas-autoridades-del-departamento-de-ciencias-juridicas-y-politicas\/\" \/>\n<meta property=\"og:site_name\" content=\"Facultad de Ciencias Econ\u00f3micas, Jur\u00ed\u00addicas y Sociales\" \/>\n<meta property=\"article:publisher\" content=\"https:\/\/www.facebook.com\/FCEJS.UNSL\/\" \/>\n<meta property=\"article:published_time\" content=\"2023-12-11T12:26:47+00:00\" \/>\n<meta property=\"article:modified_time\" content=\"2023-12-15T16:38:57+00:00\" \/>\n<meta property=\"og:image\" content=\"https:\/\/www.fcejs.unsl.edu.ar\/wp-content\/uploads\/2023\/12\/director-jura-2023-0001.jpg\" \/>\n\t<meta property=\"og:image:width\" content=\"1152\" \/>\n\t<meta property=\"og:image:height\" content=\"647\" \/>\n\t<meta property=\"og:image:type\" content=\"image\/jpeg\" \/>\n<meta name=\"author\" content=\"DATI\" \/>\n<meta name=\"twitter:card\" content=\"summary_large_image\" \/>\n<meta name=\"twitter:creator\" content=\"@FCEJSUNSL\" \/>\n<meta name=\"twitter:site\" content=\"@FCEJSUNSL\" \/>\n<meta name=\"twitter:label1\" content=\"Escrito por\" \/>\n\t<meta name=\"twitter:data1\" content=\"DATI\" \/>\n\t<meta name=\"twitter:label2\" content=\"Tiempo de lectura\" \/>\n\t<meta name=\"twitter:data2\" content=\"2 minutos\" \/>\n<script type=\"application\/ld+json\" class=\"yoast-schema-graph\">{\"@context\":\"https:\\\/\\\/schema.org\",\"@graph\":[{\"@type\":\"Article\",\"@id\":\"https:\\\/\\\/www.fcejs.unsl.edu.ar\\\/index.php\\\/asumieron-las-nuevas-autoridades-del-departamento-de-ciencias-juridicas-y-politicas\\\/#article\",\"isPartOf\":{\"@id\":\"https:\\\/\\\/www.fcejs.unsl.edu.ar\\\/index.php\\\/asumieron-las-nuevas-autoridades-del-departamento-de-ciencias-juridicas-y-politicas\\\/\"},\"author\":{\"name\":\"DATI\",\"@id\":\"https:\\\/\\\/www.fcejs.unsl.edu.ar\\\/#\\\/schema\\\/person\\\/352ee6ed90c3f394c7cb5945f8956d34\"},\"headline\":\"Asumieron las nuevas autoridades del Departamento de Ciencias Jur\u00eddicas y Pol\u00edticas\",\"datePublished\":\"2023-12-11T12:26:47+00:00\",\"dateModified\":\"2023-12-15T16:38:57+00:00\",\"mainEntityOfPage\":{\"@id\":\"https:\\\/\\\/www.fcejs.unsl.edu.ar\\\/index.php\\\/asumieron-las-nuevas-autoridades-del-departamento-de-ciencias-juridicas-y-politicas\\\/\"},\"wordCount\":321,\"publisher\":{\"@id\":\"https:\\\/\\\/www.fcejs.unsl.edu.ar\\\/#organization\"},\"image\":{\"@id\":\"https:\\\/\\\/www.fcejs.unsl.edu.ar\\\/index.php\\\/asumieron-las-nuevas-autoridades-del-departamento-de-ciencias-juridicas-y-politicas\\\/#primaryimage\"},\"thumbnailUrl\":\"https:\\\/\\\/www.fcejs.unsl.edu.ar\\\/wp-content\\\/uploads\\\/2023\\\/12\\\/director-jura-2023-0001.jpg\",\"articleSection\":[\"Noticias\"],\"inLanguage\":\"es-AR\"},{\"@type\":\"WebPage\",\"@id\":\"https:\\\/\\\/www.fcejs.unsl.edu.ar\\\/index.php\\\/asumieron-las-nuevas-autoridades-del-departamento-de-ciencias-juridicas-y-politicas\\\/\",\"url\":\"https:\\\/\\\/www.fcejs.unsl.edu.ar\\\/index.php\\\/asumieron-las-nuevas-autoridades-del-departamento-de-ciencias-juridicas-y-politicas\\\/\",\"name\":\"Asumieron las nuevas autoridades del Departamento de Ciencias Jur\u00eddicas y Pol\u00edticas - Facultad de Ciencias Econ\u00f3micas, Jur\u00ed\u00addicas y Sociales\",\"isPartOf\":{\"@id\":\"https:\\\/\\\/www.fcejs.unsl.edu.ar\\\/#website\"},\"primaryImageOfPage\":{\"@id\":\"https:\\\/\\\/www.fcejs.unsl.edu.ar\\\/index.php\\\/asumieron-las-nuevas-autoridades-del-departamento-de-ciencias-juridicas-y-politicas\\\/#primaryimage\"},\"image\":{\"@id\":\"https:\\\/\\\/www.fcejs.unsl.edu.ar\\\/index.php\\\/asumieron-las-nuevas-autoridades-del-departamento-de-ciencias-juridicas-y-politicas\\\/#primaryimage\"},\"thumbnailUrl\":\"https:\\\/\\\/www.fcejs.unsl.edu.ar\\\/wp-content\\\/uploads\\\/2023\\\/12\\\/director-jura-2023-0001.jpg\",\"datePublished\":\"2023-12-11T12:26:47+00:00\",\"dateModified\":\"2023-12-15T16:38:57+00:00\",\"breadcrumb\":{\"@id\":\"https:\\\/\\\/www.fcejs.unsl.edu.ar\\\/index.php\\\/asumieron-las-nuevas-autoridades-del-departamento-de-ciencias-juridicas-y-politicas\\\/#breadcrumb\"},\"inLanguage\":\"es-AR\",\"potentialAction\":[{\"@type\":\"ReadAction\",\"target\":[\"https:\\\/\\\/www.fcejs.unsl.edu.ar\\\/index.php\\\/asumieron-las-nuevas-autoridades-del-departamento-de-ciencias-juridicas-y-politicas\\\/\"]}]},{\"@type\":\"ImageObject\",\"inLanguage\":\"es-AR\",\"@id\":\"https:\\\/\\\/www.fcejs.unsl.edu.ar\\\/index.php\\\/asumieron-las-nuevas-autoridades-del-departamento-de-ciencias-juridicas-y-politicas\\\/#primaryimage\",\"url\":\"https:\\\/\\\/www.fcejs.unsl.edu.ar\\\/wp-content\\\/uploads\\\/2023\\\/12\\\/director-jura-2023-0001.jpg\",\"contentUrl\":\"https:\\\/\\\/www.fcejs.unsl.edu.ar\\\/wp-content\\\/uploads\\\/2023\\\/12\\\/director-jura-2023-0001.jpg\",\"width\":1152,\"height\":647},{\"@type\":\"BreadcrumbList\",\"@id\":\"https:\\\/\\\/www.fcejs.unsl.edu.ar\\\/index.php\\\/asumieron-las-nuevas-autoridades-del-departamento-de-ciencias-juridicas-y-politicas\\\/#breadcrumb\",\"itemListElement\":[{\"@type\":\"ListItem\",\"position\":1,\"name\":\"Inicio\",\"item\":\"https:\\\/\\\/www.fcejs.unsl.edu.ar\\\/\"},{\"@type\":\"ListItem\",\"position\":2,\"name\":\"Asumieron las nuevas autoridades del Departamento de Ciencias Jur\u00eddicas y Pol\u00edticas\"}]},{\"@type\":\"WebSite\",\"@id\":\"https:\\\/\\\/www.fcejs.unsl.edu.ar\\\/#website\",\"url\":\"https:\\\/\\\/www.fcejs.unsl.edu.ar\\\/\",\"name\":\"Facultad de Ciencias Econ\u00f3micas, Jur\u00ed\u00addicas y Sociales\",\"description\":\"\",\"publisher\":{\"@id\":\"https:\\\/\\\/www.fcejs.unsl.edu.ar\\\/#organization\"},\"potentialAction\":[{\"@type\":\"SearchAction\",\"target\":{\"@type\":\"EntryPoint\",\"urlTemplate\":\"https:\\\/\\\/www.fcejs.unsl.edu.ar\\\/?s={search_term_string}\"},\"query-input\":{\"@type\":\"PropertyValueSpecification\",\"valueRequired\":true,\"valueName\":\"search_term_string\"}}],\"inLanguage\":\"es-AR\"},{\"@type\":\"Organization\",\"@id\":\"https:\\\/\\\/www.fcejs.unsl.edu.ar\\\/#organization\",\"name\":\"Facultad de Ciencias Econ\u00f3micas, Jur\u00eddicas y Sociales\",\"url\":\"https:\\\/\\\/www.fcejs.unsl.edu.ar\\\/\",\"logo\":{\"@type\":\"ImageObject\",\"inLanguage\":\"es-AR\",\"@id\":\"https:\\\/\\\/www.fcejs.unsl.edu.ar\\\/#\\\/schema\\\/logo\\\/image\\\/\",\"url\":\"https:\\\/\\\/www.fcejs.unsl.edu.ar\\\/wp-content\\\/uploads\\\/2021\\\/03\\\/logo-1.jpg\",\"contentUrl\":\"https:\\\/\\\/www.fcejs.unsl.edu.ar\\\/wp-content\\\/uploads\\\/2021\\\/03\\\/logo-1.jpg\",\"width\":471,\"height\":146,\"caption\":\"Facultad de Ciencias Econ\u00f3micas, Jur\u00eddicas y Sociales\"},\"image\":{\"@id\":\"https:\\\/\\\/www.fcejs.unsl.edu.ar\\\/#\\\/schema\\\/logo\\\/image\\\/\"},\"sameAs\":[\"https:\\\/\\\/www.facebook.com\\\/FCEJS.UNSL\\\/\",\"https:\\\/\\\/x.com\\\/FCEJSUNSL\",\"https:\\\/\\\/www.instagram.com\\\/fcejs.unsl\\\/\",\"https:\\\/\\\/www.youtube.com\\\/channel\\\/UCH-Ut6EaN_X5ogjIQMPe46g\\\/\"]},{\"@type\":\"Person\",\"@id\":\"https:\\\/\\\/www.fcejs.unsl.edu.ar\\\/#\\\/schema\\\/person\\\/352ee6ed90c3f394c7cb5945f8956d34\",\"name\":\"DATI\"}]}<\/script>\n<!-- \/ Yoast SEO plugin. -->","yoast_head_json":{"title":"Asumieron las nuevas autoridades del Departamento de Ciencias Jur\u00eddicas y Pol\u00edticas - Facultad de Ciencias Econ\u00f3micas, Jur\u00ed\u00addicas y Sociales","robots":{"index":"index","follow":"follow","max-snippet":"max-snippet:-1","max-image-preview":"max-image-preview:large","max-video-preview":"max-video-preview:-1"},"canonical":"https:\/\/www.fcejs.unsl.edu.ar\/index.php\/asumieron-las-nuevas-autoridades-del-departamento-de-ciencias-juridicas-y-politicas\/","og_locale":"es_ES","og_type":"article","og_title":"Asumieron las nuevas autoridades del Departamento de Ciencias Jur\u00eddicas y Pol\u00edticas - Facultad de Ciencias Econ\u00f3micas, Jur\u00ed\u00addicas y Sociales","og_description":"Con la consigna de seguir trabajando por el crecimiento de la facultad y la universidad, los abogados Diego Castillo y Marcelo Gabriel Salda\u00f1o asumieron en&hellip;","og_url":"https:\/\/www.fcejs.unsl.edu.ar\/index.php\/asumieron-las-nuevas-autoridades-del-departamento-de-ciencias-juridicas-y-politicas\/","og_site_name":"Facultad de Ciencias Econ\u00f3micas, Jur\u00ed\u00addicas y Sociales","article_publisher":"https:\/\/www.facebook.com\/FCEJS.UNSL\/","article_published_time":"2023-12-11T12:26:47+00:00","article_modified_time":"2023-12-15T16:38:57+00:00","og_image":[{"width":1152,"height":647,"url":"https:\/\/www.fcejs.unsl.edu.ar\/wp-content\/uploads\/2023\/12\/director-jura-2023-0001.jpg","type":"image\/jpeg"}],"author":"DATI","twitter_card":"summary_large_image","twitter_creator":"@FCEJSUNSL","twitter_site":"@FCEJSUNSL","twitter_misc":{"Escrito por":"DATI","Tiempo de lectura":"2 minutos"},"schema":{"@context":"https:\/\/schema.org","@graph":[{"@type":"Article","@id":"https:\/\/www.fcejs.unsl.edu.ar\/index.php\/asumieron-las-nuevas-autoridades-del-departamento-de-ciencias-juridicas-y-politicas\/#article","isPartOf":{"@id":"https:\/\/www.fcejs.unsl.edu.ar\/index.php\/asumieron-las-nuevas-autoridades-del-departamento-de-ciencias-juridicas-y-politicas\/"},"author":{"name":"DATI","@id":"https:\/\/www.fcejs.unsl.edu.ar\/#\/schema\/person\/352ee6ed90c3f394c7cb5945f8956d34"},"headline":"Asumieron las nuevas autoridades del Departamento de Ciencias Jur\u00eddicas y Pol\u00edticas","datePublished":"2023-12-11T12:26:47+00:00","dateModified":"2023-12-15T16:38:57+00:00","mainEntityOfPage":{"@id":"https:\/\/www.fcejs.unsl.edu.ar\/index.php\/asumieron-las-nuevas-autoridades-del-departamento-de-ciencias-juridicas-y-politicas\/"},"wordCount":321,"publisher":{"@id":"https:\/\/www.fcejs.unsl.edu.ar\/#organization"},"image":{"@id":"https:\/\/www.fcejs.unsl.edu.ar\/index.php\/asumieron-las-nuevas-autoridades-del-departamento-de-ciencias-juridicas-y-politicas\/#primaryimage"},"thumbnailUrl":"https:\/\/www.fcejs.unsl.edu.ar\/wp-content\/uploads\/2023\/12\/director-jura-2023-0001.jpg","articleSection":["Noticias"],"inLanguage":"es-AR"},{"@type":"WebPage","@id":"https:\/\/www.fcejs.unsl.edu.ar\/index.php\/asumieron-las-nuevas-autoridades-del-departamento-de-ciencias-juridicas-y-politicas\/","url":"https:\/\/www.fcejs.unsl.edu.ar\/index.php\/asumieron-las-nuevas-autoridades-del-departamento-de-ciencias-juridicas-y-politicas\/","name":"Asumieron las nuevas autoridades del Departamento de Ciencias Jur\u00eddicas y Pol\u00edticas - Facultad de Ciencias Econ\u00f3micas, Jur\u00ed\u00addicas y Sociales","isPartOf":{"@id":"https:\/\/www.fcejs.unsl.edu.ar\/#website"},"primaryImageOfPage":{"@id":"https:\/\/www.fcejs.unsl.edu.ar\/index.php\/asumieron-las-nuevas-autoridades-del-departamento-de-ciencias-juridicas-y-politicas\/#primaryimage"},"image":{"@id":"https:\/\/www.fcejs.unsl.edu.ar\/index.php\/asumieron-las-nuevas-autoridades-del-departamento-de-ciencias-juridicas-y-politicas\/#primaryimage"},"thumbnailUrl":"https:\/\/www.fcejs.unsl.edu.ar\/wp-content\/uploads\/2023\/12\/director-jura-2023-0001.jpg","datePublished":"2023-12-11T12:26:47+00:00","dateModified":"2023-12-15T16:38:57+00:00","breadcrumb":{"@id":"https:\/\/www.fcejs.unsl.edu.ar\/index.php\/asumieron-las-nuevas-autoridades-del-departamento-de-ciencias-juridicas-y-politicas\/#breadcrumb"},"inLanguage":"es-AR","potentialAction":[{"@type":"ReadAction","target":["https:\/\/www.fcejs.unsl.edu.ar\/index.php\/asumieron-las-nuevas-autoridades-del-departamento-de-ciencias-juridicas-y-politicas\/"]}]},{"@type":"ImageObject","inLanguage":"es-AR","@id":"https:\/\/www.fcejs.unsl.edu.ar\/index.php\/asumieron-las-nuevas-autoridades-del-departamento-de-ciencias-juridicas-y-politicas\/#primaryimage","url":"https:\/\/www.fcejs.unsl.edu.ar\/wp-content\/uploads\/2023\/12\/director-jura-2023-0001.jpg","contentUrl":"https:\/\/www.fcejs.unsl.edu.ar\/wp-content\/uploads\/2023\/12\/director-jura-2023-0001.jpg","width":1152,"height":647},{"@type":"BreadcrumbList","@id":"https:\/\/www.fcejs.unsl.edu.ar\/index.php\/asumieron-las-nuevas-autoridades-del-departamento-de-ciencias-juridicas-y-politicas\/#breadcrumb","itemListElement":[{"@type":"ListItem","position":1,"name":"Inicio","item":"https:\/\/www.fcejs.unsl.edu.ar\/"},{"@type":"ListItem","position":2,"name":"Asumieron las nuevas autoridades del Departamento de Ciencias Jur\u00eddicas y Pol\u00edticas"}]},{"@type":"WebSite","@id":"https:\/\/www.fcejs.unsl.edu.ar\/#website","url":"https:\/\/www.fcejs.unsl.edu.ar\/","name":"Facultad de Ciencias Econ\u00f3micas, Jur\u00ed\u00addicas y Sociales","description":"","publisher":{"@id":"https:\/\/www.fcejs.unsl.edu.ar\/#organization"},"potentialAction":[{"@type":"SearchAction","target":{"@type":"EntryPoint","urlTemplate":"https:\/\/www.fcejs.unsl.edu.ar\/?s={search_term_string}"},"query-input":{"@type":"PropertyValueSpecification","valueRequired":true,"valueName":"search_term_string"}}],"inLanguage":"es-AR"},{"@type":"Organization","@id":"https:\/\/www.fcejs.unsl.edu.ar\/#organization","name":"Facultad de Ciencias Econ\u00f3micas, Jur\u00eddicas y Sociales","url":"https:\/\/www.fcejs.unsl.edu.ar\/","logo":{"@type":"ImageObject","inLanguage":"es-AR","@id":"https:\/\/www.fcejs.unsl.edu.ar\/#\/schema\/logo\/image\/","url":"https:\/\/www.fcejs.unsl.edu.ar\/wp-content\/uploads\/2021\/03\/logo-1.jpg","contentUrl":"https:\/\/www.fcejs.unsl.edu.ar\/wp-content\/uploads\/2021\/03\/logo-1.jpg","width":471,"height":146,"caption":"Facultad de Ciencias Econ\u00f3micas, Jur\u00eddicas y Sociales"},"image":{"@id":"https:\/\/www.fcejs.unsl.edu.ar\/#\/schema\/logo\/image\/"},"sameAs":["https:\/\/www.facebook.com\/FCEJS.UNSL\/","https:\/\/x.com\/FCEJSUNSL","https:\/\/www.instagram.com\/fcejs.unsl\/","https:\/\/www.youtube.com\/channel\/UCH-Ut6EaN_X5ogjIQMPe46g\/"]},{"@type":"Person","@id":"https:\/\/www.fcejs.unsl.edu.ar\/#\/schema\/person\/352ee6ed90c3f394c7cb5945f8956d34","name":"DATI"}]}},"jetpack_featured_media_url":"https:\/\/www.fcejs.unsl.edu.ar\/wp-content\/uploads\/2023\/12\/director-jura-2023-0001.jpg","_links":{"self":[{"href":"https:\/\/www.fcejs.unsl.edu.ar\/index.php\/wp-json\/wp\/v2\/posts\/14829","targetHints":{"allow":["GET"]}}],"collection":[{"href":"https:\/\/www.fcejs.unsl.edu.ar\/index.php\/wp-json\/wp\/v2\/posts"}],"about":[{"href":"https:\/\/www.fcejs.unsl.edu.ar\/index.php\/wp-json\/wp\/v2\/types\/post"}],"author":[{"embeddable":true,"href":"https:\/\/www.fcejs.unsl.edu.ar\/index.php\/wp-json\/wp\/v2\/users\/9"}],"replies":[{"embeddable":true,"href":"https:\/\/www.fcejs.unsl.edu.ar\/index.php\/wp-json\/wp\/v2\/comments?post=14829"}],"version-history":[{"count":4,"href":"https:\/\/www.fcejs.unsl.edu.ar\/index.php\/wp-json\/wp\/v2\/posts\/14829\/revisions"}],"predecessor-version":[{"id":14836,"href":"https:\/\/www.fcejs.unsl.edu.ar\/index.php\/wp-json\/wp\/v2\/posts\/14829\/revisions\/14836"}],"wp:featuredmedia":[{"embeddable":true,"href":"https:\/\/www.fcejs.unsl.edu.ar\/index.php\/wp-json\/wp\/v2\/media\/14830"}],"wp:attachment":[{"href":"https:\/\/www.fcejs.unsl.edu.ar\/index.php\/wp-json\/wp\/v2\/media?parent=14829"}],"wp:term":[{"taxonomy":"category","embeddable":true,"href":"https:\/\/www.fcejs.unsl.edu.ar\/index.php\/wp-json\/wp\/v2\/categories?post=14829"},{"taxonomy":"post_tag","embeddable":true,"href":"https:\/\/www.fcejs.unsl.edu.ar\/index.php\/wp-json\/wp\/v2\/tags?post=14829"}],"curies":[{"name":"wp","href":"https:\/\/api.w.org\/{rel}","templated":true}]}}