{"id":14578,"date":"2023-12-02T14:15:35","date_gmt":"2023-12-02T17:15:35","guid":{"rendered":"http:\/\/10.101.10.197\/www\/?p=14578"},"modified":"2023-12-05T13:56:01","modified_gmt":"2023-12-05T16:56:01","slug":"primera-competencia-de-negociacion-ambiental-internacional-2023","status":"publish","type":"post","link":"https:\/\/www.fcejs.unsl.edu.ar\/index.php\/primera-competencia-de-negociacion-ambiental-internacional-2023\/","title":{"rendered":"Destacada participaci\u00f3n de estudiantes en la Primera Competencia de Negociaci\u00f3n Ambiental Internacional"},"content":{"rendered":"<p>El Equipo de estudiantes de la Carrera de Abogac\u00eda de la FCEJS &#8211; UNSL, logr\u00f3 una destacada participaci\u00f3n en la Primera Competencia de Negociaci\u00f3n Ambiental Internacional (CNAI), realizada del 15 al 17 de noviembre, en la Facultad de Derecho de la Universidad de Buenos Aires, en la Ciudad Aut\u00f3noma de Buenos Aires.<\/p>\n<p>El equipo logr\u00f3 el Segundo Premio al Mejor Equipo de Negociaci\u00f3n y el Premio a la Mejor Oradora. Los premios consisten en becas para estudiar carreras de especializaci\u00f3n, maestr\u00edas o diplomaturas en la Facultad de Derecho de la UBA.<\/p>\n<p>En esta oportunidad, el Equipo de Estudiantes estuvo integrado por Sof\u00eda Agostina Villalba Bacci (quien obtuvo el Premio a la Mejor Oradora); Jos\u00e9 Ignacio Casentini Furnari y Samay Amal\u00edn Galarza (suplente). Fueron acompa\u00f1ados por los Abg. Federico Javier Cacace y la Dra. Mar\u00eda Eugenia P\u00e9rez Cubero, docentes de la asignatura Derecho Ambiental y de los Recursos Naturales de la Carrera de Abogac\u00eda del Dpto. de Cs. Jur\u00eddicas y Pol\u00edticas.<\/p>\n<p>El equipo cont\u00f3 con el apoyo de las tutoras Abg. Ivana Romina Muzevich, docente de la asignatura Derecho Administrativo de Abogac\u00eda y la Mg. Ver\u00f3nica Susana Lucero, docente de la asignatura Gesti\u00f3n de los Recursos Humanos del Departamento de Cs. Econ\u00f3micas.<\/p>\n<p><img fetchpriority=\"high\" decoding=\"async\" class=\"aligncenter wp-image-14579 size-full\" src=\"https:\/\/www.fcejs.unsl.edu.ar\/wp-content\/uploads\/2023\/11\/CNAI-fcejs-04.jpg\" alt=\"\" width=\"1600\" height=\"1200\" srcset=\"https:\/\/www.fcejs.unsl.edu.ar\/wp-content\/uploads\/2023\/11\/CNAI-fcejs-04.jpg 1600w, https:\/\/www.fcejs.unsl.edu.ar\/wp-content\/uploads\/2023\/11\/CNAI-fcejs-04-300x225.jpg 300w, https:\/\/www.fcejs.unsl.edu.ar\/wp-content\/uploads\/2023\/11\/CNAI-fcejs-04-1024x768.jpg 1024w, https:\/\/www.fcejs.unsl.edu.ar\/wp-content\/uploads\/2023\/11\/CNAI-fcejs-04-768x576.jpg 768w, https:\/\/www.fcejs.unsl.edu.ar\/wp-content\/uploads\/2023\/11\/CNAI-fcejs-04-1536x1152.jpg 1536w\" sizes=\"(max-width: 1600px) 100vw, 1600px\" \/><\/p>\n<p>La participaci\u00f3n en la Competencia es una de las actividades que lleva adelante el Centro de Investigaciones en Derecho y Pol\u00edtica Ambiental (CIDPA- FCEJS) en especial desde la l\u00ednea de trabajo \u201cAcceso a la Justicia Ambiental\u201d integrado por docentes y graduados\/as, profesionales y estudiantes de derecho.<\/p>\n<p>En el marco de la simulaci\u00f3n de la Conferencia de las Partes (COP 15) del Convenio de la Diversidad Biol\u00f3gica (donde se aprob\u00f3 el \u201cMarco mundial Kunming-Montreal de la Diversidad Biol\u00f3gica\u201d), el equipo represent\u00f3 a la delegaci\u00f3n de Namibia.<\/p>\n<p>La primera fase de la competencia, de producci\u00f3n escrita, se llev\u00f3 a cabo del 03 de julio al 15 de septiembre en las instalaciones de la FCEJS-UNSL y la segunda fase presencial-oral del 15 al 17 de noviembre en la sede de la Facultad de Derecho de la Universidad de Buenos Aires.<\/p>\n<p>El objetivo del concurso es capacitar estudiantes universitarios\/as por medio de la simulaci\u00f3n de propuestas socioambientales (la simulaci\u00f3n es hipot\u00e9tica, pero se basa en cuestiones ver\u00eddicas que son objeto de negociaciones en curso). En este sentido, la Competencia propone explorar las aplicaciones pr\u00e1cticas del Derecho Ambiental Internacional y alentar la capacidad reflexiva, de negociaci\u00f3n y argumentaci\u00f3n de las\/los participantes.<\/p>\n<p>El ejercicio comenz\u00f3 con rondas de negociaci\u00f3n de la COP 15, en las cuales se negoci\u00f3 el marco mundial para la biodiversidad posterior a 2020, que reemplazar\u00e1 el Plan estrat\u00e9gico 2011-2020 del Convenio sobre la Diversidad Biol\u00f3gica y sus Metas de Aichi para la Biodiversidad.<\/p>\n<p>Se identificaron tres temas claves que fueron negociados y acordados: A. Objetivos para 2030 y 2050;\u00a0 B. Metas de acci\u00f3n para 2030 y C. Consideraciones para la implementaci\u00f3n.<\/p>\n<p>En el 2021, en la Primera Competencia Federal de Arbitraje Ambiental (se obtuvo el Primer puesto al Mejor Memorial- Parte Actora) y en 2022, en la Segunda Competencia Federal de Arbitraje Ambiental (se obtuvo el Primer puesto al Mejor Equipo, Segundo puesto al Mejor Memorial- Parte Actora y Tercer puesto al Mejor Memorial-Parte Demandada).<\/p>\n<p>El equipo docente agradece al Centro de Derecho Ambiental de la Facultad de Derecho de la Universidad de Buenos Aires (CEDAF-UBA) y a la Direcci\u00f3n de Relaciones Internacionales; celebra la iniciativa institucional y felicitamos a las\/los miembros del Comit\u00e9 Organizador de la Competencia. A la Facultad de Ciencias Econ\u00f3micas, Jur\u00eddicas y Sociales; al Centro de Investigaciones en Derecho y Pol\u00edtica Ambiental; al Departamento de Cs. Jur\u00eddicas y Pol\u00edticas,\u00a0 a los integrantes docentes de las\u00a0 asignaturas Derecho Ambiental y de los Recursos Naturales, Derecho Administrativo de\u00a0 Abogac\u00eda, de la asignatura Gesti\u00f3n de los Recursos Humanos de la carrera Licenciatura en Administraci\u00f3n y Contador P\u00fablico Nacional y a los profesionales, Dr. Lorenzo Soto oyarzun, Dra. Adriana TRIPELLI, y Lic. Ayel\u00e9n GHERSI que actuaron como colaboradores en el Plan de Formaci\u00f3n Interna, que destinaron tiempo, conocimiento y nos proveyeron herramientas con marcado compromiso y dedicaci\u00f3n durante los seis meses que demand\u00f3 el proceso de formaci\u00f3n.<\/p>\n<p>Por \u00faltimo, el equipo destaca la importancia de promover la ense\u00f1anza y formaci\u00f3n pr\u00e1ctica de las destrezas que exige el ejercicio de la abogac\u00eda con perspectiva ambiental, dada la situaci\u00f3n internacional que atraviesa un per\u00edodo de reformas sustanciales y estructurales en lo relativo a biodiversidad, cambio clim\u00e1tico y participaci\u00f3n ciudadana.<\/p>\n<div class=\"gmedia_gallery phantom_module is_bot\" id=\"GmediaGallery_183\" data-gmid=\"183\" data-module=\"phantom\"><style type='text\/css' class='gmedia_module_style_import'>@import url('https:\/\/www.fcejs.unsl.edu.ar\/wp-content\/plugins\/grand-media\/module\/phantom\/css\/style.css') all;<\/style>    <div class=\"gmPhantom_Container noLightbox\" >\r\n                <div class=\"gmPhantom_thumbsWrapper gmPhantom_ThumbScale gmPhantom_LabelHover\">\r\n                        <div class=\"gmPhantom_ThumbContainer gmPhantom_ThumbLoader\" data-id=\"2696\" data-post_id=\"14587\" data-ratio=\"1.55\" data-type=\"image\" data-ext=\"jpg\" data-views=\"50\" data-likes=\"0\" data-cc=\"0\" data-post_link=\"https:\/\/www.fcejs.unsl.edu.ar\/index.php\/gmedia\/cnai-fcejs-08-jpg\/\">\r\n                <a href=\"https:\/\/www.fcejs.unsl.edu.ar\/wp-content\/grand-media\/image\/CNAI-fcejs-08.jpg\" class=\"gmPhantom_Thumb\"><img decoding=\"async\" src=\"https:\/\/www.fcejs.unsl.edu.ar\/wp-content\/grand-media\/image\/thumb\/CNAI-fcejs-08.jpg\" data-src=\"https:\/\/www.fcejs.unsl.edu.ar\/wp-content\/grand-media\/image\/CNAI-fcejs-08.jpg\" alt=\"CNAI-fcejs-08\"\/><\/a>\r\n                                    <div class=\"gmPhantom_ThumbLabel\"><span class=\"gmPhantom_ThumbLabel_title\">CNAI-fcejs-08<\/span><\/div>\r\n                                    <div style=\"display:none;\" class=\"gmPhantom_Details\">\r\n                                            <div class=\"gmPhantom_description\">\r\n                            <div class=\"gmPhantom_title\">CNAI-fcejs-08<\/div>\r\n                            <div class=\"gmPhantom_text\"><\/div>\r\n                        <\/div>\r\n                                                            <div class=\"gmPhantom_terms\">\r\n                                                    <div class=\"gmPhantom_other_terms\">\r\n                                <table class=\"gmPhantom_other_terms_table\">\r\n                                                                            <tr class=\"gmPhantom_term_row_album\">\r\n                                            <td class=\"gmPhantom_term_key\">Album<\/td>\r\n                                            <td class=\"gmPhantom_term_value\"><a href=\"\/index.php\/wp-json\/wp\/v2\/posts\/14578?gm183[album__in]=183\" class=\"gmPhantom_alb\">Primera Competencia de Negociaci\u00f3n Ambiental Internacional-2023<\/a><\/td>\r\n                                        <\/tr>\r\n                                                                    <\/table>\r\n                            <\/div>\r\n                                                <\/div>\r\n                <\/div>\r\n                <\/div>            <div class=\"gmPhantom_ThumbContainer gmPhantom_ThumbLoader\" data-id=\"2695\" data-post_id=\"14586\" data-ratio=\"0.75\" data-type=\"image\" data-ext=\"jpg\" data-views=\"34\" data-likes=\"0\" data-cc=\"0\" data-post_link=\"https:\/\/www.fcejs.unsl.edu.ar\/index.php\/gmedia\/cnai-fcejs-07-jpg\/\">\r\n                <a href=\"https:\/\/www.fcejs.unsl.edu.ar\/wp-content\/grand-media\/image\/CNAI-fcejs-07.jpg\" class=\"gmPhantom_Thumb\"><img decoding=\"async\" src=\"https:\/\/www.fcejs.unsl.edu.ar\/wp-content\/grand-media\/image\/thumb\/CNAI-fcejs-07.jpg\" data-src=\"https:\/\/www.fcejs.unsl.edu.ar\/wp-content\/grand-media\/image\/CNAI-fcejs-07.jpg\" alt=\"CNAI-fcejs-07\"\/><\/a>\r\n                                    <div class=\"gmPhantom_ThumbLabel\"><span class=\"gmPhantom_ThumbLabel_title\">CNAI-fcejs-07<\/span><\/div>\r\n                                    <div style=\"display:none;\" class=\"gmPhantom_Details\">\r\n                                            <div class=\"gmPhantom_description\">\r\n                            <div class=\"gmPhantom_title\">CNAI-fcejs-07<\/div>\r\n                            <div class=\"gmPhantom_text\"><\/div>\r\n                        <\/div>\r\n                                                            <div class=\"gmPhantom_terms\">\r\n                                                    <div class=\"gmPhantom_other_terms\">\r\n                                <table class=\"gmPhantom_other_terms_table\">\r\n                                                                            <tr class=\"gmPhantom_term_row_album\">\r\n                                            <td class=\"gmPhantom_term_key\">Album<\/td>\r\n                                            <td class=\"gmPhantom_term_value\"><a href=\"\/index.php\/wp-json\/wp\/v2\/posts\/14578?gm183[album__in]=183\" class=\"gmPhantom_alb\">Primera Competencia de Negociaci\u00f3n Ambiental Internacional-2023<\/a><\/td>\r\n                                        <\/tr>\r\n                                                                    <\/table>\r\n                            <\/div>\r\n                                                <\/div>\r\n                <\/div>\r\n                <\/div>            <div class=\"gmPhantom_ThumbContainer gmPhantom_ThumbLoader\" data-id=\"2694\" data-post_id=\"14585\" data-ratio=\"1.3333333333333\" data-type=\"image\" data-ext=\"jpg\" data-views=\"35\" data-likes=\"0\" data-cc=\"0\" data-post_link=\"https:\/\/www.fcejs.unsl.edu.ar\/index.php\/gmedia\/cnai-fcejs-06-jpg\/\">\r\n                <a href=\"https:\/\/www.fcejs.unsl.edu.ar\/wp-content\/grand-media\/image\/CNAI-fcejs-06.jpg\" class=\"gmPhantom_Thumb\"><img decoding=\"async\" src=\"https:\/\/www.fcejs.unsl.edu.ar\/wp-content\/grand-media\/image\/thumb\/CNAI-fcejs-06.jpg\" data-src=\"https:\/\/www.fcejs.unsl.edu.ar\/wp-content\/grand-media\/image\/CNAI-fcejs-06.jpg\" alt=\"CNAI-fcejs-06\"\/><\/a>\r\n                                    <div class=\"gmPhantom_ThumbLabel\"><span class=\"gmPhantom_ThumbLabel_title\">CNAI-fcejs-06<\/span><\/div>\r\n                                    <div style=\"display:none;\" class=\"gmPhantom_Details\">\r\n                                            <div class=\"gmPhantom_description\">\r\n                            <div class=\"gmPhantom_title\">CNAI-fcejs-06<\/div>\r\n                            <div class=\"gmPhantom_text\"><\/div>\r\n                        <\/div>\r\n                                                            <div class=\"gmPhantom_terms\">\r\n                                                    <div class=\"gmPhantom_other_terms\">\r\n                                <table class=\"gmPhantom_other_terms_table\">\r\n                                                                            <tr class=\"gmPhantom_term_row_album\">\r\n                                            <td class=\"gmPhantom_term_key\">Album<\/td>\r\n                                            <td class=\"gmPhantom_term_value\"><a href=\"\/index.php\/wp-json\/wp\/v2\/posts\/14578?gm183[album__in]=183\" class=\"gmPhantom_alb\">Primera Competencia de Negociaci\u00f3n Ambiental Internacional-2023<\/a><\/td>\r\n                                        <\/tr>\r\n                                                                    <\/table>\r\n                            <\/div>\r\n                                                <\/div>\r\n                <\/div>\r\n                <\/div>            <div class=\"gmPhantom_ThumbContainer gmPhantom_ThumbLoader\" data-id=\"2693\" data-post_id=\"14584\" data-ratio=\"1.3333333333333\" data-type=\"image\" data-ext=\"jpg\" data-views=\"39\" data-likes=\"0\" data-cc=\"0\" data-post_link=\"https:\/\/www.fcejs.unsl.edu.ar\/index.php\/gmedia\/cnai-fcejs-05-jpg\/\">\r\n                <a href=\"https:\/\/www.fcejs.unsl.edu.ar\/wp-content\/grand-media\/image\/CNAI-fcejs-05.jpg\" class=\"gmPhantom_Thumb\"><img decoding=\"async\" src=\"https:\/\/www.fcejs.unsl.edu.ar\/wp-content\/grand-media\/image\/thumb\/CNAI-fcejs-05.jpg\" data-src=\"https:\/\/www.fcejs.unsl.edu.ar\/wp-content\/grand-media\/image\/CNAI-fcejs-05.jpg\" alt=\"CNAI-fcejs-05\"\/><\/a>\r\n                                    <div class=\"gmPhantom_ThumbLabel\"><span class=\"gmPhantom_ThumbLabel_title\">CNAI-fcejs-05<\/span><\/div>\r\n                                    <div style=\"display:none;\" class=\"gmPhantom_Details\">\r\n                                            <div class=\"gmPhantom_description\">\r\n                            <div class=\"gmPhantom_title\">CNAI-fcejs-05<\/div>\r\n                            <div class=\"gmPhantom_text\"><\/div>\r\n                        <\/div>\r\n                                                            <div class=\"gmPhantom_terms\">\r\n                                                    <div class=\"gmPhantom_other_terms\">\r\n                                <table class=\"gmPhantom_other_terms_table\">\r\n                                                                            <tr class=\"gmPhantom_term_row_album\">\r\n                                            <td class=\"gmPhantom_term_key\">Album<\/td>\r\n                                            <td class=\"gmPhantom_term_value\"><a href=\"\/index.php\/wp-json\/wp\/v2\/posts\/14578?gm183[album__in]=183\" class=\"gmPhantom_alb\">Primera Competencia de Negociaci\u00f3n Ambiental Internacional-2023<\/a><\/td>\r\n                                        <\/tr>\r\n                                                                    <\/table>\r\n                            <\/div>\r\n                                                <\/div>\r\n                <\/div>\r\n                <\/div>            <div class=\"gmPhantom_ThumbContainer gmPhantom_ThumbLoader\" data-id=\"2692\" data-post_id=\"14583\" data-ratio=\"0.75\" data-type=\"image\" data-ext=\"jpg\" data-views=\"27\" data-likes=\"0\" data-cc=\"0\" data-post_link=\"https:\/\/www.fcejs.unsl.edu.ar\/index.php\/gmedia\/cnai-fcejs-03-jpg\/\">\r\n                <a href=\"https:\/\/www.fcejs.unsl.edu.ar\/wp-content\/grand-media\/image\/CNAI-fcejs-03.jpg\" class=\"gmPhantom_Thumb\"><img decoding=\"async\" src=\"https:\/\/www.fcejs.unsl.edu.ar\/wp-content\/grand-media\/image\/thumb\/CNAI-fcejs-03.jpg\" data-src=\"https:\/\/www.fcejs.unsl.edu.ar\/wp-content\/grand-media\/image\/CNAI-fcejs-03.jpg\" alt=\"CNAI-fcejs-03\"\/><\/a>\r\n                                    <div class=\"gmPhantom_ThumbLabel\"><span class=\"gmPhantom_ThumbLabel_title\">CNAI-fcejs-03<\/span><\/div>\r\n                                    <div style=\"display:none;\" class=\"gmPhantom_Details\">\r\n                                            <div class=\"gmPhantom_description\">\r\n                            <div class=\"gmPhantom_title\">CNAI-fcejs-03<\/div>\r\n                            <div class=\"gmPhantom_text\"><\/div>\r\n                        <\/div>\r\n                                                            <div class=\"gmPhantom_terms\">\r\n                                                    <div class=\"gmPhantom_other_terms\">\r\n                                <table class=\"gmPhantom_other_terms_table\">\r\n                                                                            <tr class=\"gmPhantom_term_row_album\">\r\n                                            <td class=\"gmPhantom_term_key\">Album<\/td>\r\n                                            <td class=\"gmPhantom_term_value\"><a href=\"\/index.php\/wp-json\/wp\/v2\/posts\/14578?gm183[album__in]=183\" class=\"gmPhantom_alb\">Primera Competencia de Negociaci\u00f3n Ambiental Internacional-2023<\/a><\/td>\r\n                                        <\/tr>\r\n                                                                    <\/table>\r\n                            <\/div>\r\n                                                <\/div>\r\n                <\/div>\r\n                <\/div>            <div class=\"gmPhantom_ThumbContainer gmPhantom_ThumbLoader\" data-id=\"2691\" data-post_id=\"14582\" data-ratio=\"0.75\" data-type=\"image\" data-ext=\"jpg\" data-views=\"37\" data-likes=\"0\" data-cc=\"0\" data-post_link=\"https:\/\/www.fcejs.unsl.edu.ar\/index.php\/gmedia\/cnai-fcejs-02-jpg\/\">\r\n                <a href=\"https:\/\/www.fcejs.unsl.edu.ar\/wp-content\/grand-media\/image\/CNAI-fcejs-02.jpg\" class=\"gmPhantom_Thumb\"><img decoding=\"async\" src=\"https:\/\/www.fcejs.unsl.edu.ar\/wp-content\/grand-media\/image\/thumb\/CNAI-fcejs-02.jpg\" data-src=\"https:\/\/www.fcejs.unsl.edu.ar\/wp-content\/grand-media\/image\/CNAI-fcejs-02.jpg\" alt=\"CNAI-fcejs-02\"\/><\/a>\r\n                                    <div class=\"gmPhantom_ThumbLabel\"><span class=\"gmPhantom_ThumbLabel_title\">CNAI-fcejs-02<\/span><\/div>\r\n                                    <div style=\"display:none;\" class=\"gmPhantom_Details\">\r\n                                            <div class=\"gmPhantom_description\">\r\n                            <div class=\"gmPhantom_title\">CNAI-fcejs-02<\/div>\r\n                            <div class=\"gmPhantom_text\"><\/div>\r\n                        <\/div>\r\n                                                            <div class=\"gmPhantom_terms\">\r\n                                                    <div class=\"gmPhantom_other_terms\">\r\n                                <table class=\"gmPhantom_other_terms_table\">\r\n                                                                            <tr class=\"gmPhantom_term_row_album\">\r\n                                            <td class=\"gmPhantom_term_key\">Album<\/td>\r\n                                            <td class=\"gmPhantom_term_value\"><a href=\"\/index.php\/wp-json\/wp\/v2\/posts\/14578?gm183[album__in]=183\" class=\"gmPhantom_alb\">Primera Competencia de Negociaci\u00f3n Ambiental Internacional-2023<\/a><\/td>\r\n                                        <\/tr>\r\n                                                                    <\/table>\r\n                            <\/div>\r\n                                                <\/div>\r\n                <\/div>\r\n                <\/div>        <\/div>\r\n    <\/div>\r\n<\/div>\n<p>&nbsp;<\/p>\n<p>&nbsp;<\/p>\n","protected":false},"excerpt":{"rendered":"<p>El Equipo de estudiantes de la Carrera de Abogac\u00eda de la FCEJS &#8211; UNSL, logr\u00f3 una destacada participaci\u00f3n en la Primera Competencia de Negociaci\u00f3n Ambiental&hellip;<\/p>\n","protected":false},"author":9,"featured_media":14580,"comment_status":"closed","ping_status":"closed","sticky":false,"template":"","format":"standard","meta":{"om_disable_all_campaigns":false,"_monsterinsights_skip_tracking":false,"_monsterinsights_sitenote_active":false,"_monsterinsights_sitenote_note":"","_monsterinsights_sitenote_category":0,"footnotes":""},"categories":[1],"tags":[],"class_list":["post-14578","post","type-post","status-publish","format-standard","has-post-thumbnail","hentry","category-noticias"],"yoast_head":"<!-- This site is optimized with the Yoast SEO plugin v27.5 - https:\/\/yoast.com\/product\/yoast-seo-wordpress\/ -->\n<title>Destacada participaci\u00f3n de estudiantes en la Primera Competencia de Negociaci\u00f3n Ambiental Internacional - Facultad de Ciencias Econ\u00f3micas, Jur\u00ed\u00addicas y Sociales<\/title>\n<meta name=\"robots\" content=\"index, follow, max-snippet:-1, max-image-preview:large, max-video-preview:-1\" \/>\n<link rel=\"canonical\" href=\"https:\/\/www.fcejs.unsl.edu.ar\/index.php\/primera-competencia-de-negociacion-ambiental-internacional-2023\/\" \/>\n<meta property=\"og:locale\" content=\"es_ES\" \/>\n<meta property=\"og:type\" content=\"article\" \/>\n<meta property=\"og:title\" content=\"Destacada participaci\u00f3n de estudiantes en la Primera Competencia de Negociaci\u00f3n Ambiental Internacional - Facultad de Ciencias Econ\u00f3micas, Jur\u00ed\u00addicas y Sociales\" \/>\n<meta property=\"og:description\" content=\"El Equipo de estudiantes de la Carrera de Abogac\u00eda de la FCEJS &#8211; UNSL, logr\u00f3 una destacada participaci\u00f3n en la Primera Competencia de Negociaci\u00f3n Ambiental&hellip;\" \/>\n<meta property=\"og:url\" content=\"https:\/\/www.fcejs.unsl.edu.ar\/index.php\/primera-competencia-de-negociacion-ambiental-internacional-2023\/\" \/>\n<meta property=\"og:site_name\" content=\"Facultad de Ciencias Econ\u00f3micas, Jur\u00ed\u00addicas y Sociales\" \/>\n<meta property=\"article:publisher\" content=\"https:\/\/www.facebook.com\/FCEJS.UNSL\/\" \/>\n<meta property=\"article:published_time\" content=\"2023-12-02T17:15:35+00:00\" \/>\n<meta property=\"article:modified_time\" content=\"2023-12-05T16:56:01+00:00\" \/>\n<meta property=\"og:image\" content=\"https:\/\/www.fcejs.unsl.edu.ar\/wp-content\/uploads\/2023\/11\/CNAI-fcejs-front.jpg\" \/>\n\t<meta property=\"og:image:width\" content=\"1152\" \/>\n\t<meta property=\"og:image:height\" content=\"647\" \/>\n\t<meta property=\"og:image:type\" content=\"image\/jpeg\" \/>\n<meta name=\"author\" content=\"DATI\" \/>\n<meta name=\"twitter:card\" content=\"summary_large_image\" \/>\n<meta name=\"twitter:creator\" content=\"@FCEJSUNSL\" \/>\n<meta name=\"twitter:site\" content=\"@FCEJSUNSL\" \/>\n<meta name=\"twitter:label1\" content=\"Escrito por\" \/>\n\t<meta name=\"twitter:data1\" content=\"DATI\" \/>\n\t<meta name=\"twitter:label2\" content=\"Tiempo de lectura\" \/>\n\t<meta name=\"twitter:data2\" content=\"4 minutos\" \/>\n<script type=\"application\/ld+json\" class=\"yoast-schema-graph\">{\"@context\":\"https:\\\/\\\/schema.org\",\"@graph\":[{\"@type\":\"Article\",\"@id\":\"https:\\\/\\\/www.fcejs.unsl.edu.ar\\\/index.php\\\/primera-competencia-de-negociacion-ambiental-internacional-2023\\\/#article\",\"isPartOf\":{\"@id\":\"https:\\\/\\\/www.fcejs.unsl.edu.ar\\\/index.php\\\/primera-competencia-de-negociacion-ambiental-internacional-2023\\\/\"},\"author\":{\"name\":\"DATI\",\"@id\":\"https:\\\/\\\/www.fcejs.unsl.edu.ar\\\/#\\\/schema\\\/person\\\/352ee6ed90c3f394c7cb5945f8956d34\"},\"headline\":\"Destacada participaci\u00f3n de estudiantes en la Primera Competencia de Negociaci\u00f3n Ambiental Internacional\",\"datePublished\":\"2023-12-02T17:15:35+00:00\",\"dateModified\":\"2023-12-05T16:56:01+00:00\",\"mainEntityOfPage\":{\"@id\":\"https:\\\/\\\/www.fcejs.unsl.edu.ar\\\/index.php\\\/primera-competencia-de-negociacion-ambiental-internacional-2023\\\/\"},\"wordCount\":795,\"publisher\":{\"@id\":\"https:\\\/\\\/www.fcejs.unsl.edu.ar\\\/#organization\"},\"image\":{\"@id\":\"https:\\\/\\\/www.fcejs.unsl.edu.ar\\\/index.php\\\/primera-competencia-de-negociacion-ambiental-internacional-2023\\\/#primaryimage\"},\"thumbnailUrl\":\"https:\\\/\\\/www.fcejs.unsl.edu.ar\\\/wp-content\\\/uploads\\\/2023\\\/11\\\/CNAI-fcejs-front.jpg\",\"articleSection\":[\"Noticias\"],\"inLanguage\":\"es-AR\"},{\"@type\":\"WebPage\",\"@id\":\"https:\\\/\\\/www.fcejs.unsl.edu.ar\\\/index.php\\\/primera-competencia-de-negociacion-ambiental-internacional-2023\\\/\",\"url\":\"https:\\\/\\\/www.fcejs.unsl.edu.ar\\\/index.php\\\/primera-competencia-de-negociacion-ambiental-internacional-2023\\\/\",\"name\":\"Destacada participaci\u00f3n de estudiantes en la Primera Competencia de Negociaci\u00f3n Ambiental Internacional - Facultad de Ciencias Econ\u00f3micas, Jur\u00ed\u00addicas y Sociales\",\"isPartOf\":{\"@id\":\"https:\\\/\\\/www.fcejs.unsl.edu.ar\\\/#website\"},\"primaryImageOfPage\":{\"@id\":\"https:\\\/\\\/www.fcejs.unsl.edu.ar\\\/index.php\\\/primera-competencia-de-negociacion-ambiental-internacional-2023\\\/#primaryimage\"},\"image\":{\"@id\":\"https:\\\/\\\/www.fcejs.unsl.edu.ar\\\/index.php\\\/primera-competencia-de-negociacion-ambiental-internacional-2023\\\/#primaryimage\"},\"thumbnailUrl\":\"https:\\\/\\\/www.fcejs.unsl.edu.ar\\\/wp-content\\\/uploads\\\/2023\\\/11\\\/CNAI-fcejs-front.jpg\",\"datePublished\":\"2023-12-02T17:15:35+00:00\",\"dateModified\":\"2023-12-05T16:56:01+00:00\",\"breadcrumb\":{\"@id\":\"https:\\\/\\\/www.fcejs.unsl.edu.ar\\\/index.php\\\/primera-competencia-de-negociacion-ambiental-internacional-2023\\\/#breadcrumb\"},\"inLanguage\":\"es-AR\",\"potentialAction\":[{\"@type\":\"ReadAction\",\"target\":[\"https:\\\/\\\/www.fcejs.unsl.edu.ar\\\/index.php\\\/primera-competencia-de-negociacion-ambiental-internacional-2023\\\/\"]}]},{\"@type\":\"ImageObject\",\"inLanguage\":\"es-AR\",\"@id\":\"https:\\\/\\\/www.fcejs.unsl.edu.ar\\\/index.php\\\/primera-competencia-de-negociacion-ambiental-internacional-2023\\\/#primaryimage\",\"url\":\"https:\\\/\\\/www.fcejs.unsl.edu.ar\\\/wp-content\\\/uploads\\\/2023\\\/11\\\/CNAI-fcejs-front.jpg\",\"contentUrl\":\"https:\\\/\\\/www.fcejs.unsl.edu.ar\\\/wp-content\\\/uploads\\\/2023\\\/11\\\/CNAI-fcejs-front.jpg\",\"width\":1152,\"height\":647},{\"@type\":\"BreadcrumbList\",\"@id\":\"https:\\\/\\\/www.fcejs.unsl.edu.ar\\\/index.php\\\/primera-competencia-de-negociacion-ambiental-internacional-2023\\\/#breadcrumb\",\"itemListElement\":[{\"@type\":\"ListItem\",\"position\":1,\"name\":\"Inicio\",\"item\":\"https:\\\/\\\/www.fcejs.unsl.edu.ar\\\/\"},{\"@type\":\"ListItem\",\"position\":2,\"name\":\"Destacada participaci\u00f3n de estudiantes en la Primera Competencia de Negociaci\u00f3n Ambiental Internacional\"}]},{\"@type\":\"WebSite\",\"@id\":\"https:\\\/\\\/www.fcejs.unsl.edu.ar\\\/#website\",\"url\":\"https:\\\/\\\/www.fcejs.unsl.edu.ar\\\/\",\"name\":\"Facultad de Ciencias Econ\u00f3micas, Jur\u00ed\u00addicas y Sociales\",\"description\":\"\",\"publisher\":{\"@id\":\"https:\\\/\\\/www.fcejs.unsl.edu.ar\\\/#organization\"},\"potentialAction\":[{\"@type\":\"SearchAction\",\"target\":{\"@type\":\"EntryPoint\",\"urlTemplate\":\"https:\\\/\\\/www.fcejs.unsl.edu.ar\\\/?s={search_term_string}\"},\"query-input\":{\"@type\":\"PropertyValueSpecification\",\"valueRequired\":true,\"valueName\":\"search_term_string\"}}],\"inLanguage\":\"es-AR\"},{\"@type\":\"Organization\",\"@id\":\"https:\\\/\\\/www.fcejs.unsl.edu.ar\\\/#organization\",\"name\":\"Facultad de Ciencias Econ\u00f3micas, Jur\u00eddicas y Sociales\",\"url\":\"https:\\\/\\\/www.fcejs.unsl.edu.ar\\\/\",\"logo\":{\"@type\":\"ImageObject\",\"inLanguage\":\"es-AR\",\"@id\":\"https:\\\/\\\/www.fcejs.unsl.edu.ar\\\/#\\\/schema\\\/logo\\\/image\\\/\",\"url\":\"https:\\\/\\\/www.fcejs.unsl.edu.ar\\\/wp-content\\\/uploads\\\/2021\\\/03\\\/logo-1.jpg\",\"contentUrl\":\"https:\\\/\\\/www.fcejs.unsl.edu.ar\\\/wp-content\\\/uploads\\\/2021\\\/03\\\/logo-1.jpg\",\"width\":471,\"height\":146,\"caption\":\"Facultad de Ciencias Econ\u00f3micas, Jur\u00eddicas y Sociales\"},\"image\":{\"@id\":\"https:\\\/\\\/www.fcejs.unsl.edu.ar\\\/#\\\/schema\\\/logo\\\/image\\\/\"},\"sameAs\":[\"https:\\\/\\\/www.facebook.com\\\/FCEJS.UNSL\\\/\",\"https:\\\/\\\/x.com\\\/FCEJSUNSL\",\"https:\\\/\\\/www.instagram.com\\\/fcejs.unsl\\\/\",\"https:\\\/\\\/www.youtube.com\\\/channel\\\/UCH-Ut6EaN_X5ogjIQMPe46g\\\/\"]},{\"@type\":\"Person\",\"@id\":\"https:\\\/\\\/www.fcejs.unsl.edu.ar\\\/#\\\/schema\\\/person\\\/352ee6ed90c3f394c7cb5945f8956d34\",\"name\":\"DATI\"}]}<\/script>\n<!-- \/ Yoast SEO plugin. -->","yoast_head_json":{"title":"Destacada participaci\u00f3n de estudiantes en la Primera Competencia de Negociaci\u00f3n Ambiental Internacional - Facultad de Ciencias Econ\u00f3micas, Jur\u00ed\u00addicas y Sociales","robots":{"index":"index","follow":"follow","max-snippet":"max-snippet:-1","max-image-preview":"max-image-preview:large","max-video-preview":"max-video-preview:-1"},"canonical":"https:\/\/www.fcejs.unsl.edu.ar\/index.php\/primera-competencia-de-negociacion-ambiental-internacional-2023\/","og_locale":"es_ES","og_type":"article","og_title":"Destacada participaci\u00f3n de estudiantes en la Primera Competencia de Negociaci\u00f3n Ambiental Internacional - Facultad de Ciencias Econ\u00f3micas, Jur\u00ed\u00addicas y Sociales","og_description":"El Equipo de estudiantes de la Carrera de Abogac\u00eda de la FCEJS &#8211; UNSL, logr\u00f3 una destacada participaci\u00f3n en la Primera Competencia de Negociaci\u00f3n Ambiental&hellip;","og_url":"https:\/\/www.fcejs.unsl.edu.ar\/index.php\/primera-competencia-de-negociacion-ambiental-internacional-2023\/","og_site_name":"Facultad de Ciencias Econ\u00f3micas, Jur\u00ed\u00addicas y Sociales","article_publisher":"https:\/\/www.facebook.com\/FCEJS.UNSL\/","article_published_time":"2023-12-02T17:15:35+00:00","article_modified_time":"2023-12-05T16:56:01+00:00","og_image":[{"width":1152,"height":647,"url":"https:\/\/www.fcejs.unsl.edu.ar\/wp-content\/uploads\/2023\/11\/CNAI-fcejs-front.jpg","type":"image\/jpeg"}],"author":"DATI","twitter_card":"summary_large_image","twitter_creator":"@FCEJSUNSL","twitter_site":"@FCEJSUNSL","twitter_misc":{"Escrito por":"DATI","Tiempo de lectura":"4 minutos"},"schema":{"@context":"https:\/\/schema.org","@graph":[{"@type":"Article","@id":"https:\/\/www.fcejs.unsl.edu.ar\/index.php\/primera-competencia-de-negociacion-ambiental-internacional-2023\/#article","isPartOf":{"@id":"https:\/\/www.fcejs.unsl.edu.ar\/index.php\/primera-competencia-de-negociacion-ambiental-internacional-2023\/"},"author":{"name":"DATI","@id":"https:\/\/www.fcejs.unsl.edu.ar\/#\/schema\/person\/352ee6ed90c3f394c7cb5945f8956d34"},"headline":"Destacada participaci\u00f3n de estudiantes en la Primera Competencia de Negociaci\u00f3n Ambiental Internacional","datePublished":"2023-12-02T17:15:35+00:00","dateModified":"2023-12-05T16:56:01+00:00","mainEntityOfPage":{"@id":"https:\/\/www.fcejs.unsl.edu.ar\/index.php\/primera-competencia-de-negociacion-ambiental-internacional-2023\/"},"wordCount":795,"publisher":{"@id":"https:\/\/www.fcejs.unsl.edu.ar\/#organization"},"image":{"@id":"https:\/\/www.fcejs.unsl.edu.ar\/index.php\/primera-competencia-de-negociacion-ambiental-internacional-2023\/#primaryimage"},"thumbnailUrl":"https:\/\/www.fcejs.unsl.edu.ar\/wp-content\/uploads\/2023\/11\/CNAI-fcejs-front.jpg","articleSection":["Noticias"],"inLanguage":"es-AR"},{"@type":"WebPage","@id":"https:\/\/www.fcejs.unsl.edu.ar\/index.php\/primera-competencia-de-negociacion-ambiental-internacional-2023\/","url":"https:\/\/www.fcejs.unsl.edu.ar\/index.php\/primera-competencia-de-negociacion-ambiental-internacional-2023\/","name":"Destacada participaci\u00f3n de estudiantes en la Primera Competencia de Negociaci\u00f3n Ambiental Internacional - Facultad de Ciencias Econ\u00f3micas, Jur\u00ed\u00addicas y Sociales","isPartOf":{"@id":"https:\/\/www.fcejs.unsl.edu.ar\/#website"},"primaryImageOfPage":{"@id":"https:\/\/www.fcejs.unsl.edu.ar\/index.php\/primera-competencia-de-negociacion-ambiental-internacional-2023\/#primaryimage"},"image":{"@id":"https:\/\/www.fcejs.unsl.edu.ar\/index.php\/primera-competencia-de-negociacion-ambiental-internacional-2023\/#primaryimage"},"thumbnailUrl":"https:\/\/www.fcejs.unsl.edu.ar\/wp-content\/uploads\/2023\/11\/CNAI-fcejs-front.jpg","datePublished":"2023-12-02T17:15:35+00:00","dateModified":"2023-12-05T16:56:01+00:00","breadcrumb":{"@id":"https:\/\/www.fcejs.unsl.edu.ar\/index.php\/primera-competencia-de-negociacion-ambiental-internacional-2023\/#breadcrumb"},"inLanguage":"es-AR","potentialAction":[{"@type":"ReadAction","target":["https:\/\/www.fcejs.unsl.edu.ar\/index.php\/primera-competencia-de-negociacion-ambiental-internacional-2023\/"]}]},{"@type":"ImageObject","inLanguage":"es-AR","@id":"https:\/\/www.fcejs.unsl.edu.ar\/index.php\/primera-competencia-de-negociacion-ambiental-internacional-2023\/#primaryimage","url":"https:\/\/www.fcejs.unsl.edu.ar\/wp-content\/uploads\/2023\/11\/CNAI-fcejs-front.jpg","contentUrl":"https:\/\/www.fcejs.unsl.edu.ar\/wp-content\/uploads\/2023\/11\/CNAI-fcejs-front.jpg","width":1152,"height":647},{"@type":"BreadcrumbList","@id":"https:\/\/www.fcejs.unsl.edu.ar\/index.php\/primera-competencia-de-negociacion-ambiental-internacional-2023\/#breadcrumb","itemListElement":[{"@type":"ListItem","position":1,"name":"Inicio","item":"https:\/\/www.fcejs.unsl.edu.ar\/"},{"@type":"ListItem","position":2,"name":"Destacada participaci\u00f3n de estudiantes en la Primera Competencia de Negociaci\u00f3n Ambiental Internacional"}]},{"@type":"WebSite","@id":"https:\/\/www.fcejs.unsl.edu.ar\/#website","url":"https:\/\/www.fcejs.unsl.edu.ar\/","name":"Facultad de Ciencias Econ\u00f3micas, Jur\u00ed\u00addicas y Sociales","description":"","publisher":{"@id":"https:\/\/www.fcejs.unsl.edu.ar\/#organization"},"potentialAction":[{"@type":"SearchAction","target":{"@type":"EntryPoint","urlTemplate":"https:\/\/www.fcejs.unsl.edu.ar\/?s={search_term_string}"},"query-input":{"@type":"PropertyValueSpecification","valueRequired":true,"valueName":"search_term_string"}}],"inLanguage":"es-AR"},{"@type":"Organization","@id":"https:\/\/www.fcejs.unsl.edu.ar\/#organization","name":"Facultad de Ciencias Econ\u00f3micas, Jur\u00eddicas y Sociales","url":"https:\/\/www.fcejs.unsl.edu.ar\/","logo":{"@type":"ImageObject","inLanguage":"es-AR","@id":"https:\/\/www.fcejs.unsl.edu.ar\/#\/schema\/logo\/image\/","url":"https:\/\/www.fcejs.unsl.edu.ar\/wp-content\/uploads\/2021\/03\/logo-1.jpg","contentUrl":"https:\/\/www.fcejs.unsl.edu.ar\/wp-content\/uploads\/2021\/03\/logo-1.jpg","width":471,"height":146,"caption":"Facultad de Ciencias Econ\u00f3micas, Jur\u00eddicas y Sociales"},"image":{"@id":"https:\/\/www.fcejs.unsl.edu.ar\/#\/schema\/logo\/image\/"},"sameAs":["https:\/\/www.facebook.com\/FCEJS.UNSL\/","https:\/\/x.com\/FCEJSUNSL","https:\/\/www.instagram.com\/fcejs.unsl\/","https:\/\/www.youtube.com\/channel\/UCH-Ut6EaN_X5ogjIQMPe46g\/"]},{"@type":"Person","@id":"https:\/\/www.fcejs.unsl.edu.ar\/#\/schema\/person\/352ee6ed90c3f394c7cb5945f8956d34","name":"DATI"}]}},"jetpack_featured_media_url":"https:\/\/www.fcejs.unsl.edu.ar\/wp-content\/uploads\/2023\/11\/CNAI-fcejs-front.jpg","_links":{"self":[{"href":"https:\/\/www.fcejs.unsl.edu.ar\/index.php\/wp-json\/wp\/v2\/posts\/14578","targetHints":{"allow":["GET"]}}],"collection":[{"href":"https:\/\/www.fcejs.unsl.edu.ar\/index.php\/wp-json\/wp\/v2\/posts"}],"about":[{"href":"https:\/\/www.fcejs.unsl.edu.ar\/index.php\/wp-json\/wp\/v2\/types\/post"}],"author":[{"embeddable":true,"href":"https:\/\/www.fcejs.unsl.edu.ar\/index.php\/wp-json\/wp\/v2\/users\/9"}],"replies":[{"embeddable":true,"href":"https:\/\/www.fcejs.unsl.edu.ar\/index.php\/wp-json\/wp\/v2\/comments?post=14578"}],"version-history":[{"count":5,"href":"https:\/\/www.fcejs.unsl.edu.ar\/index.php\/wp-json\/wp\/v2\/posts\/14578\/revisions"}],"predecessor-version":[{"id":14600,"href":"https:\/\/www.fcejs.unsl.edu.ar\/index.php\/wp-json\/wp\/v2\/posts\/14578\/revisions\/14600"}],"wp:featuredmedia":[{"embeddable":true,"href":"https:\/\/www.fcejs.unsl.edu.ar\/index.php\/wp-json\/wp\/v2\/media\/14580"}],"wp:attachment":[{"href":"https:\/\/www.fcejs.unsl.edu.ar\/index.php\/wp-json\/wp\/v2\/media?parent=14578"}],"wp:term":[{"taxonomy":"category","embeddable":true,"href":"https:\/\/www.fcejs.unsl.edu.ar\/index.php\/wp-json\/wp\/v2\/categories?post=14578"},{"taxonomy":"post_tag","embeddable":true,"href":"https:\/\/www.fcejs.unsl.edu.ar\/index.php\/wp-json\/wp\/v2\/tags?post=14578"}],"curies":[{"name":"wp","href":"https:\/\/api.w.org\/{rel}","templated":true}]}}