{"id":14547,"date":"2023-11-30T10:40:46","date_gmt":"2023-11-30T13:40:46","guid":{"rendered":"http:\/\/10.101.10.197\/www\/?p=14547"},"modified":"2023-11-30T10:52:03","modified_gmt":"2023-11-30T13:52:03","slug":"lucha-contra-la-violencia-hacia-la-mujer","status":"publish","type":"post","link":"https:\/\/www.fcejs.unsl.edu.ar\/index.php\/lucha-contra-la-violencia-hacia-la-mujer\/","title":{"rendered":"D\u00eda Internacional de la Lucha contra la Violencia hacia la Mujer: Pronunciamiento del Programa G\u00e9nero, Sociedad y Universidad"},"content":{"rendered":"<p>Compartimos el Pronunciamiento del Programa G\u00e9nero, Sociedad y Universidad dependiente de la Secretar\u00eda de Extensi\u00f3n Universitaria de la FCEJS \u2013 UNSL, que acompa\u00f1a a la conmemoraci\u00f3n del \u201cD\u00eda Internacional de la Lucha contra la Violencia hacia la Mujer\u201d, evocado el pasado s\u00e1bado 25 de noviembre.<\/p>\n<h4><em>&#8220;El 25 de noviembre se conmemora<strong> el \u201cD\u00eda Internacional de la Lucha contra la Violencia hacia la Mujer\u201d <\/strong>un\u00a0<strong>movimiento que tiene como origen en 1981 en Latinoam\u00e9rica\u00a0por el asesinato de tres hermanas en 1960 <\/strong>Minerva, Patria y Mar\u00eda Teresa Mirabal el 25 de noviembre de 1960 por orden del dictador Rafael Le\u00f3nidas Trujillo, en la Rep\u00fablica Dominicana.<\/em><\/h4>\n<h4><em>Una d\u00e9cada despu\u00e9s, en 1993, la Asamblea General de las Naciones Unidas aprob\u00f3 la Declaraci\u00f3n sobre la Eliminaci\u00f3n de la Violencia contra la Mujer. All\u00ed se defini\u00f3 que la violencia hacia la mujer era \u201ctodo acto de violencia basado en el g\u00e9nero que tiene como resultado posible o real un da\u00f1o f\u00edsico, sexual o psicol\u00f3gico, incluidas las amenazas, la coerci\u00f3n o la prohibici\u00f3n arbitraria de la libertad, ya sea que ocurra en la vida p\u00fablica o en la vida privada\u201d.<\/em><\/h4>\n<h4><em>Finalmente, el 17 de diciembre de 1999, la Asamblea General de Naciones Unidas, por medio de la resoluci\u00f3n 54\/134 resolvi\u00f3 que, a partir del a\u00f1o siguiente, el 25 de noviembre ser\u00eda la fecha estipulada como el D\u00eda Internacional de la Eliminaci\u00f3n de la Violencia contra la Mujer.<\/em><\/h4>\n<h4><em>Es por eso que cada 25 de noviembre en nuestro pa\u00eds, se visibiliza la problem\u00e1tica de la violencia de g\u00e9nero y se pone en agenda el trabajo que se necesita para su erradicaci\u00f3n.<\/em><\/h4>\n<h4><em>Este a\u00f1o, m\u00e1s que nunca, levantemos la bandera para luchar contra este flagelo y violaci\u00f3n de los derechos humanos que a nuestros d\u00edas sigue registrando cifras preocupantes, siendo <u>un femicidio cada 29 horas<\/u>, teniendo en cuenta transfemicidios\/travesticidios y <a href=\"https:\/\/www.who.int\/publications\/i\/item\/9789240022256\">una de cada tres mujeres sufren violencia<\/a>\u00a0sexual o f\u00edsica al menos una vez a lo largo de sus vidas, cifras que dan cuenta del peligro al que cada d\u00eda estamos expuestas las mujeres y disidencias en manos de varones que parecieran recrudecer su violencia a\u00fan m\u00e1s cuando intentamos alejarnos o pedir ayuda.<\/em><\/h4>\n<h4><em>Desde el Programa de G\u00e9nero, Sociedad y Universidad adherimos a esta lucha y renovamos nuestro compromiso por seguir creando conciencia contra toda manifestaci\u00f3n de violencia hacia las mujeres.&#8221;<\/em><\/h4>\n","protected":false},"excerpt":{"rendered":"<p>Compartimos el Pronunciamiento del Programa G\u00e9nero, Sociedad y Universidad dependiente de la Secretar\u00eda de Extensi\u00f3n Universitaria de la FCEJS \u2013 UNSL, que acompa\u00f1a a la&hellip;<\/p>\n","protected":false},"author":9,"featured_media":14548,"comment_status":"closed","ping_status":"closed","sticky":false,"template":"","format":"standard","meta":{"om_disable_all_campaigns":false,"_monsterinsights_skip_tracking":false,"_monsterinsights_sitenote_active":false,"_monsterinsights_sitenote_note":"","_monsterinsights_sitenote_category":0,"footnotes":""},"categories":[1],"tags":[],"class_list":["post-14547","post","type-post","status-publish","format-standard","has-post-thumbnail","hentry","category-noticias"],"yoast_head":"<!-- This site is optimized with the Yoast SEO plugin v27.4 - https:\/\/yoast.com\/product\/yoast-seo-wordpress\/ -->\n<title>D\u00eda Internacional de la Lucha contra la Violencia hacia la Mujer: Pronunciamiento del Programa G\u00e9nero, Sociedad y Universidad - Facultad de Ciencias Econ\u00f3micas, Jur\u00ed\u00addicas y Sociales<\/title>\n<meta name=\"robots\" content=\"index, follow, max-snippet:-1, max-image-preview:large, max-video-preview:-1\" \/>\n<link rel=\"canonical\" href=\"https:\/\/www.fcejs.unsl.edu.ar\/index.php\/lucha-contra-la-violencia-hacia-la-mujer\/\" \/>\n<meta property=\"og:locale\" content=\"es_ES\" \/>\n<meta property=\"og:type\" content=\"article\" \/>\n<meta property=\"og:title\" content=\"D\u00eda Internacional de la Lucha contra la Violencia hacia la Mujer: Pronunciamiento del Programa G\u00e9nero, Sociedad y Universidad - Facultad de Ciencias Econ\u00f3micas, Jur\u00ed\u00addicas y Sociales\" \/>\n<meta property=\"og:description\" content=\"Compartimos el Pronunciamiento del Programa G\u00e9nero, Sociedad y Universidad dependiente de la Secretar\u00eda de Extensi\u00f3n Universitaria de la FCEJS \u2013 UNSL, que acompa\u00f1a a la&hellip;\" \/>\n<meta property=\"og:url\" content=\"https:\/\/www.fcejs.unsl.edu.ar\/index.php\/lucha-contra-la-violencia-hacia-la-mujer\/\" \/>\n<meta property=\"og:site_name\" content=\"Facultad de Ciencias Econ\u00f3micas, Jur\u00ed\u00addicas y Sociales\" \/>\n<meta property=\"article:publisher\" content=\"https:\/\/www.facebook.com\/FCEJS.UNSL\/\" \/>\n<meta property=\"article:published_time\" content=\"2023-11-30T13:40:46+00:00\" \/>\n<meta property=\"article:modified_time\" content=\"2023-11-30T13:52:03+00:00\" \/>\n<meta property=\"og:image\" content=\"https:\/\/www.fcejs.unsl.edu.ar\/wp-content\/uploads\/2023\/11\/dia-violencia-front.jpg\" \/>\n\t<meta property=\"og:image:width\" content=\"1152\" \/>\n\t<meta property=\"og:image:height\" content=\"647\" \/>\n\t<meta property=\"og:image:type\" content=\"image\/jpeg\" \/>\n<meta name=\"author\" content=\"DATI\" \/>\n<meta name=\"twitter:card\" content=\"summary_large_image\" \/>\n<meta name=\"twitter:creator\" content=\"@FCEJSUNSL\" \/>\n<meta name=\"twitter:site\" content=\"@FCEJSUNSL\" \/>\n<meta name=\"twitter:label1\" content=\"Escrito por\" \/>\n\t<meta name=\"twitter:data1\" content=\"DATI\" \/>\n\t<meta name=\"twitter:label2\" content=\"Tiempo de lectura\" \/>\n\t<meta name=\"twitter:data2\" content=\"2 minutos\" \/>\n<script type=\"application\/ld+json\" class=\"yoast-schema-graph\">{\"@context\":\"https:\\\/\\\/schema.org\",\"@graph\":[{\"@type\":\"Article\",\"@id\":\"https:\\\/\\\/www.fcejs.unsl.edu.ar\\\/index.php\\\/lucha-contra-la-violencia-hacia-la-mujer\\\/#article\",\"isPartOf\":{\"@id\":\"https:\\\/\\\/www.fcejs.unsl.edu.ar\\\/index.php\\\/lucha-contra-la-violencia-hacia-la-mujer\\\/\"},\"author\":{\"name\":\"DATI\",\"@id\":\"https:\\\/\\\/www.fcejs.unsl.edu.ar\\\/#\\\/schema\\\/person\\\/352ee6ed90c3f394c7cb5945f8956d34\"},\"headline\":\"D\u00eda Internacional de la Lucha contra la Violencia hacia la Mujer: Pronunciamiento del Programa G\u00e9nero, Sociedad y Universidad\",\"datePublished\":\"2023-11-30T13:40:46+00:00\",\"dateModified\":\"2023-11-30T13:52:03+00:00\",\"mainEntityOfPage\":{\"@id\":\"https:\\\/\\\/www.fcejs.unsl.edu.ar\\\/index.php\\\/lucha-contra-la-violencia-hacia-la-mujer\\\/\"},\"wordCount\":432,\"publisher\":{\"@id\":\"https:\\\/\\\/www.fcejs.unsl.edu.ar\\\/#organization\"},\"image\":{\"@id\":\"https:\\\/\\\/www.fcejs.unsl.edu.ar\\\/index.php\\\/lucha-contra-la-violencia-hacia-la-mujer\\\/#primaryimage\"},\"thumbnailUrl\":\"https:\\\/\\\/www.fcejs.unsl.edu.ar\\\/wp-content\\\/uploads\\\/2023\\\/11\\\/dia-violencia-front.jpg\",\"articleSection\":[\"Noticias\"],\"inLanguage\":\"es-AR\"},{\"@type\":\"WebPage\",\"@id\":\"https:\\\/\\\/www.fcejs.unsl.edu.ar\\\/index.php\\\/lucha-contra-la-violencia-hacia-la-mujer\\\/\",\"url\":\"https:\\\/\\\/www.fcejs.unsl.edu.ar\\\/index.php\\\/lucha-contra-la-violencia-hacia-la-mujer\\\/\",\"name\":\"D\u00eda Internacional de la Lucha contra la Violencia hacia la Mujer: Pronunciamiento del Programa G\u00e9nero, Sociedad y Universidad - Facultad de Ciencias Econ\u00f3micas, Jur\u00ed\u00addicas y Sociales\",\"isPartOf\":{\"@id\":\"https:\\\/\\\/www.fcejs.unsl.edu.ar\\\/#website\"},\"primaryImageOfPage\":{\"@id\":\"https:\\\/\\\/www.fcejs.unsl.edu.ar\\\/index.php\\\/lucha-contra-la-violencia-hacia-la-mujer\\\/#primaryimage\"},\"image\":{\"@id\":\"https:\\\/\\\/www.fcejs.unsl.edu.ar\\\/index.php\\\/lucha-contra-la-violencia-hacia-la-mujer\\\/#primaryimage\"},\"thumbnailUrl\":\"https:\\\/\\\/www.fcejs.unsl.edu.ar\\\/wp-content\\\/uploads\\\/2023\\\/11\\\/dia-violencia-front.jpg\",\"datePublished\":\"2023-11-30T13:40:46+00:00\",\"dateModified\":\"2023-11-30T13:52:03+00:00\",\"breadcrumb\":{\"@id\":\"https:\\\/\\\/www.fcejs.unsl.edu.ar\\\/index.php\\\/lucha-contra-la-violencia-hacia-la-mujer\\\/#breadcrumb\"},\"inLanguage\":\"es-AR\",\"potentialAction\":[{\"@type\":\"ReadAction\",\"target\":[\"https:\\\/\\\/www.fcejs.unsl.edu.ar\\\/index.php\\\/lucha-contra-la-violencia-hacia-la-mujer\\\/\"]}]},{\"@type\":\"ImageObject\",\"inLanguage\":\"es-AR\",\"@id\":\"https:\\\/\\\/www.fcejs.unsl.edu.ar\\\/index.php\\\/lucha-contra-la-violencia-hacia-la-mujer\\\/#primaryimage\",\"url\":\"https:\\\/\\\/www.fcejs.unsl.edu.ar\\\/wp-content\\\/uploads\\\/2023\\\/11\\\/dia-violencia-front.jpg\",\"contentUrl\":\"https:\\\/\\\/www.fcejs.unsl.edu.ar\\\/wp-content\\\/uploads\\\/2023\\\/11\\\/dia-violencia-front.jpg\",\"width\":1152,\"height\":647},{\"@type\":\"BreadcrumbList\",\"@id\":\"https:\\\/\\\/www.fcejs.unsl.edu.ar\\\/index.php\\\/lucha-contra-la-violencia-hacia-la-mujer\\\/#breadcrumb\",\"itemListElement\":[{\"@type\":\"ListItem\",\"position\":1,\"name\":\"Inicio\",\"item\":\"https:\\\/\\\/www.fcejs.unsl.edu.ar\\\/\"},{\"@type\":\"ListItem\",\"position\":2,\"name\":\"D\u00eda Internacional de la Lucha contra la Violencia hacia la Mujer: Pronunciamiento del Programa G\u00e9nero, Sociedad y Universidad\"}]},{\"@type\":\"WebSite\",\"@id\":\"https:\\\/\\\/www.fcejs.unsl.edu.ar\\\/#website\",\"url\":\"https:\\\/\\\/www.fcejs.unsl.edu.ar\\\/\",\"name\":\"Facultad de Ciencias Econ\u00f3micas, Jur\u00ed\u00addicas y Sociales\",\"description\":\"\",\"publisher\":{\"@id\":\"https:\\\/\\\/www.fcejs.unsl.edu.ar\\\/#organization\"},\"potentialAction\":[{\"@type\":\"SearchAction\",\"target\":{\"@type\":\"EntryPoint\",\"urlTemplate\":\"https:\\\/\\\/www.fcejs.unsl.edu.ar\\\/?s={search_term_string}\"},\"query-input\":{\"@type\":\"PropertyValueSpecification\",\"valueRequired\":true,\"valueName\":\"search_term_string\"}}],\"inLanguage\":\"es-AR\"},{\"@type\":\"Organization\",\"@id\":\"https:\\\/\\\/www.fcejs.unsl.edu.ar\\\/#organization\",\"name\":\"Facultad de Ciencias Econ\u00f3micas, Jur\u00eddicas y Sociales\",\"url\":\"https:\\\/\\\/www.fcejs.unsl.edu.ar\\\/\",\"logo\":{\"@type\":\"ImageObject\",\"inLanguage\":\"es-AR\",\"@id\":\"https:\\\/\\\/www.fcejs.unsl.edu.ar\\\/#\\\/schema\\\/logo\\\/image\\\/\",\"url\":\"https:\\\/\\\/www.fcejs.unsl.edu.ar\\\/wp-content\\\/uploads\\\/2021\\\/03\\\/logo-1.jpg\",\"contentUrl\":\"https:\\\/\\\/www.fcejs.unsl.edu.ar\\\/wp-content\\\/uploads\\\/2021\\\/03\\\/logo-1.jpg\",\"width\":471,\"height\":146,\"caption\":\"Facultad de Ciencias Econ\u00f3micas, Jur\u00eddicas y Sociales\"},\"image\":{\"@id\":\"https:\\\/\\\/www.fcejs.unsl.edu.ar\\\/#\\\/schema\\\/logo\\\/image\\\/\"},\"sameAs\":[\"https:\\\/\\\/www.facebook.com\\\/FCEJS.UNSL\\\/\",\"https:\\\/\\\/x.com\\\/FCEJSUNSL\",\"https:\\\/\\\/www.instagram.com\\\/fcejs.unsl\\\/\",\"https:\\\/\\\/www.youtube.com\\\/channel\\\/UCH-Ut6EaN_X5ogjIQMPe46g\\\/\"]},{\"@type\":\"Person\",\"@id\":\"https:\\\/\\\/www.fcejs.unsl.edu.ar\\\/#\\\/schema\\\/person\\\/352ee6ed90c3f394c7cb5945f8956d34\",\"name\":\"DATI\"}]}<\/script>\n<!-- \/ Yoast SEO plugin. -->","yoast_head_json":{"title":"D\u00eda Internacional de la Lucha contra la Violencia hacia la Mujer: Pronunciamiento del Programa G\u00e9nero, Sociedad y Universidad - Facultad de Ciencias Econ\u00f3micas, Jur\u00ed\u00addicas y Sociales","robots":{"index":"index","follow":"follow","max-snippet":"max-snippet:-1","max-image-preview":"max-image-preview:large","max-video-preview":"max-video-preview:-1"},"canonical":"https:\/\/www.fcejs.unsl.edu.ar\/index.php\/lucha-contra-la-violencia-hacia-la-mujer\/","og_locale":"es_ES","og_type":"article","og_title":"D\u00eda Internacional de la Lucha contra la Violencia hacia la Mujer: Pronunciamiento del Programa G\u00e9nero, Sociedad y Universidad - Facultad de Ciencias Econ\u00f3micas, Jur\u00ed\u00addicas y Sociales","og_description":"Compartimos el Pronunciamiento del Programa G\u00e9nero, Sociedad y Universidad dependiente de la Secretar\u00eda de Extensi\u00f3n Universitaria de la FCEJS \u2013 UNSL, que acompa\u00f1a a la&hellip;","og_url":"https:\/\/www.fcejs.unsl.edu.ar\/index.php\/lucha-contra-la-violencia-hacia-la-mujer\/","og_site_name":"Facultad de Ciencias Econ\u00f3micas, Jur\u00ed\u00addicas y Sociales","article_publisher":"https:\/\/www.facebook.com\/FCEJS.UNSL\/","article_published_time":"2023-11-30T13:40:46+00:00","article_modified_time":"2023-11-30T13:52:03+00:00","og_image":[{"width":1152,"height":647,"url":"https:\/\/www.fcejs.unsl.edu.ar\/wp-content\/uploads\/2023\/11\/dia-violencia-front.jpg","type":"image\/jpeg"}],"author":"DATI","twitter_card":"summary_large_image","twitter_creator":"@FCEJSUNSL","twitter_site":"@FCEJSUNSL","twitter_misc":{"Escrito por":"DATI","Tiempo de lectura":"2 minutos"},"schema":{"@context":"https:\/\/schema.org","@graph":[{"@type":"Article","@id":"https:\/\/www.fcejs.unsl.edu.ar\/index.php\/lucha-contra-la-violencia-hacia-la-mujer\/#article","isPartOf":{"@id":"https:\/\/www.fcejs.unsl.edu.ar\/index.php\/lucha-contra-la-violencia-hacia-la-mujer\/"},"author":{"name":"DATI","@id":"https:\/\/www.fcejs.unsl.edu.ar\/#\/schema\/person\/352ee6ed90c3f394c7cb5945f8956d34"},"headline":"D\u00eda Internacional de la Lucha contra la Violencia hacia la Mujer: Pronunciamiento del Programa G\u00e9nero, Sociedad y Universidad","datePublished":"2023-11-30T13:40:46+00:00","dateModified":"2023-11-30T13:52:03+00:00","mainEntityOfPage":{"@id":"https:\/\/www.fcejs.unsl.edu.ar\/index.php\/lucha-contra-la-violencia-hacia-la-mujer\/"},"wordCount":432,"publisher":{"@id":"https:\/\/www.fcejs.unsl.edu.ar\/#organization"},"image":{"@id":"https:\/\/www.fcejs.unsl.edu.ar\/index.php\/lucha-contra-la-violencia-hacia-la-mujer\/#primaryimage"},"thumbnailUrl":"https:\/\/www.fcejs.unsl.edu.ar\/wp-content\/uploads\/2023\/11\/dia-violencia-front.jpg","articleSection":["Noticias"],"inLanguage":"es-AR"},{"@type":"WebPage","@id":"https:\/\/www.fcejs.unsl.edu.ar\/index.php\/lucha-contra-la-violencia-hacia-la-mujer\/","url":"https:\/\/www.fcejs.unsl.edu.ar\/index.php\/lucha-contra-la-violencia-hacia-la-mujer\/","name":"D\u00eda Internacional de la Lucha contra la Violencia hacia la Mujer: Pronunciamiento del Programa G\u00e9nero, Sociedad y Universidad - Facultad de Ciencias Econ\u00f3micas, Jur\u00ed\u00addicas y Sociales","isPartOf":{"@id":"https:\/\/www.fcejs.unsl.edu.ar\/#website"},"primaryImageOfPage":{"@id":"https:\/\/www.fcejs.unsl.edu.ar\/index.php\/lucha-contra-la-violencia-hacia-la-mujer\/#primaryimage"},"image":{"@id":"https:\/\/www.fcejs.unsl.edu.ar\/index.php\/lucha-contra-la-violencia-hacia-la-mujer\/#primaryimage"},"thumbnailUrl":"https:\/\/www.fcejs.unsl.edu.ar\/wp-content\/uploads\/2023\/11\/dia-violencia-front.jpg","datePublished":"2023-11-30T13:40:46+00:00","dateModified":"2023-11-30T13:52:03+00:00","breadcrumb":{"@id":"https:\/\/www.fcejs.unsl.edu.ar\/index.php\/lucha-contra-la-violencia-hacia-la-mujer\/#breadcrumb"},"inLanguage":"es-AR","potentialAction":[{"@type":"ReadAction","target":["https:\/\/www.fcejs.unsl.edu.ar\/index.php\/lucha-contra-la-violencia-hacia-la-mujer\/"]}]},{"@type":"ImageObject","inLanguage":"es-AR","@id":"https:\/\/www.fcejs.unsl.edu.ar\/index.php\/lucha-contra-la-violencia-hacia-la-mujer\/#primaryimage","url":"https:\/\/www.fcejs.unsl.edu.ar\/wp-content\/uploads\/2023\/11\/dia-violencia-front.jpg","contentUrl":"https:\/\/www.fcejs.unsl.edu.ar\/wp-content\/uploads\/2023\/11\/dia-violencia-front.jpg","width":1152,"height":647},{"@type":"BreadcrumbList","@id":"https:\/\/www.fcejs.unsl.edu.ar\/index.php\/lucha-contra-la-violencia-hacia-la-mujer\/#breadcrumb","itemListElement":[{"@type":"ListItem","position":1,"name":"Inicio","item":"https:\/\/www.fcejs.unsl.edu.ar\/"},{"@type":"ListItem","position":2,"name":"D\u00eda Internacional de la Lucha contra la Violencia hacia la Mujer: Pronunciamiento del Programa G\u00e9nero, Sociedad y Universidad"}]},{"@type":"WebSite","@id":"https:\/\/www.fcejs.unsl.edu.ar\/#website","url":"https:\/\/www.fcejs.unsl.edu.ar\/","name":"Facultad de Ciencias Econ\u00f3micas, Jur\u00ed\u00addicas y Sociales","description":"","publisher":{"@id":"https:\/\/www.fcejs.unsl.edu.ar\/#organization"},"potentialAction":[{"@type":"SearchAction","target":{"@type":"EntryPoint","urlTemplate":"https:\/\/www.fcejs.unsl.edu.ar\/?s={search_term_string}"},"query-input":{"@type":"PropertyValueSpecification","valueRequired":true,"valueName":"search_term_string"}}],"inLanguage":"es-AR"},{"@type":"Organization","@id":"https:\/\/www.fcejs.unsl.edu.ar\/#organization","name":"Facultad de Ciencias Econ\u00f3micas, Jur\u00eddicas y Sociales","url":"https:\/\/www.fcejs.unsl.edu.ar\/","logo":{"@type":"ImageObject","inLanguage":"es-AR","@id":"https:\/\/www.fcejs.unsl.edu.ar\/#\/schema\/logo\/image\/","url":"https:\/\/www.fcejs.unsl.edu.ar\/wp-content\/uploads\/2021\/03\/logo-1.jpg","contentUrl":"https:\/\/www.fcejs.unsl.edu.ar\/wp-content\/uploads\/2021\/03\/logo-1.jpg","width":471,"height":146,"caption":"Facultad de Ciencias Econ\u00f3micas, Jur\u00eddicas y Sociales"},"image":{"@id":"https:\/\/www.fcejs.unsl.edu.ar\/#\/schema\/logo\/image\/"},"sameAs":["https:\/\/www.facebook.com\/FCEJS.UNSL\/","https:\/\/x.com\/FCEJSUNSL","https:\/\/www.instagram.com\/fcejs.unsl\/","https:\/\/www.youtube.com\/channel\/UCH-Ut6EaN_X5ogjIQMPe46g\/"]},{"@type":"Person","@id":"https:\/\/www.fcejs.unsl.edu.ar\/#\/schema\/person\/352ee6ed90c3f394c7cb5945f8956d34","name":"DATI"}]}},"jetpack_featured_media_url":"https:\/\/www.fcejs.unsl.edu.ar\/wp-content\/uploads\/2023\/11\/dia-violencia-front.jpg","_links":{"self":[{"href":"https:\/\/www.fcejs.unsl.edu.ar\/index.php\/wp-json\/wp\/v2\/posts\/14547","targetHints":{"allow":["GET"]}}],"collection":[{"href":"https:\/\/www.fcejs.unsl.edu.ar\/index.php\/wp-json\/wp\/v2\/posts"}],"about":[{"href":"https:\/\/www.fcejs.unsl.edu.ar\/index.php\/wp-json\/wp\/v2\/types\/post"}],"author":[{"embeddable":true,"href":"https:\/\/www.fcejs.unsl.edu.ar\/index.php\/wp-json\/wp\/v2\/users\/9"}],"replies":[{"embeddable":true,"href":"https:\/\/www.fcejs.unsl.edu.ar\/index.php\/wp-json\/wp\/v2\/comments?post=14547"}],"version-history":[{"count":5,"href":"https:\/\/www.fcejs.unsl.edu.ar\/index.php\/wp-json\/wp\/v2\/posts\/14547\/revisions"}],"predecessor-version":[{"id":14553,"href":"https:\/\/www.fcejs.unsl.edu.ar\/index.php\/wp-json\/wp\/v2\/posts\/14547\/revisions\/14553"}],"wp:featuredmedia":[{"embeddable":true,"href":"https:\/\/www.fcejs.unsl.edu.ar\/index.php\/wp-json\/wp\/v2\/media\/14548"}],"wp:attachment":[{"href":"https:\/\/www.fcejs.unsl.edu.ar\/index.php\/wp-json\/wp\/v2\/media?parent=14547"}],"wp:term":[{"taxonomy":"category","embeddable":true,"href":"https:\/\/www.fcejs.unsl.edu.ar\/index.php\/wp-json\/wp\/v2\/categories?post=14547"},{"taxonomy":"post_tag","embeddable":true,"href":"https:\/\/www.fcejs.unsl.edu.ar\/index.php\/wp-json\/wp\/v2\/tags?post=14547"}],"curies":[{"name":"wp","href":"https:\/\/api.w.org\/{rel}","templated":true}]}}