{"id":14502,"date":"2023-11-23T13:31:16","date_gmt":"2023-11-23T16:31:16","guid":{"rendered":"http:\/\/10.101.10.197\/www\/?p=14502"},"modified":"2023-11-29T14:57:37","modified_gmt":"2023-11-29T17:57:37","slug":"presentan-visiones-la-nueva-revista-de-la-eentt","status":"publish","type":"post","link":"https:\/\/www.fcejs.unsl.edu.ar\/index.php\/presentan-visiones-la-nueva-revista-de-la-eentt\/","title":{"rendered":"Presentan \u201cVisiones\u201d, la nueva revista de la EEN&#038;TT"},"content":{"rendered":"<p>La Facultad de Ciencias Econ\u00f3micas, Jur\u00eddicas y Sociales lanzar\u00e1 \u201cVisiones\u201d la revista digital del Instituto Escuela de Econom\u00eda, Negocios y Transferencia Tecnol\u00f3gica, con el prop\u00f3sito inicial de divulgar los proyectos de investigaci\u00f3n que se desarrollan en la UNSL, las opiniones y art\u00edculos acad\u00e9micos, pero tambi\u00e9n generar y articular la participaci\u00f3n de la comunidad en cada una de las publicaciones.<\/p>\n<p>La presentaci\u00f3n de \u201cVisiones\u201d se realizar\u00e1 el pr\u00f3ximo mi\u00e9rcoles a las 10, en el Instituto EEN&amp;TT, con el lanzamiento del primer n\u00famero de la revista y una comunicaci\u00f3n v\u00eda ZOOM con el doctor Donato Gonz\u00e1lez, acad\u00e9mico de la Universidad de Guadalajara, M\u00e9xico, uno de los colaboradores de la publicaci\u00f3n.<\/p>\n<p>Jorge Sosa, Subdirector Financiero y Legal del Instituto EEN&amp;TT coment\u00f3 que el proyecto tiene el objetivo de brindarle a toda la comunidad universitaria \u201cuna revista de tipo digital con caracter\u00edstica de divulgaci\u00f3n cient\u00edfica para darle un espacio a art\u00edculos de tem\u00e1tica econ\u00f3mica, jur\u00eddica y social\u201d, y adelant\u00f3 que para el primer n\u00famero, que tiene casi 90 p\u00e1ginas, \u201chemos recibido publicaciones de ingenieros, de profesionales de Ciencias Econ\u00f3micas y de las Ciencias Sociales\u201d, que fueron analizados por un Comit\u00e9 Revisor, compuesto por docentes de los Departamentos de Econom\u00eda, de Jur\u00eddicas y Pol\u00edticas y de Sociales.<\/p>\n<p>Destac\u00f3 que la revista constituye \u201cun proceso nuevo para nosotros\u201d y que tendr\u00e1 un car\u00e1cter amplio \u201cya que tambi\u00e9n se propone la participaci\u00f3n de los miembros de la comunidad en general y de otras universidades\u2026 Son cuestiones que vamos a ir puliendo. La idea es que en un a\u00f1o tenga la caracter\u00edstica de divulgaci\u00f3n de tipo cient\u00edfica, lo cual requerir\u00e1 algunos replanteos al formato inicial\u201d.<\/p>\n<p>\u201cVisiones\u201d ser\u00e1 de acceso p\u00fablico y gratuito. \u201cEstar\u00e1 dentro de la p\u00e1gina de la EEN&amp;TT (https:\/\/eentt.fcejs.unsl.edu.ar\/), desde donde se podr\u00e1 ingresar a trav\u00e9s de un link. Tendr\u00e1 un formato que permitir\u00e1 su descarga\u201d, detall\u00f3. La Comisi\u00f3n Organizadora de la publicaci\u00f3n la preside Sosa y Gabriel Zambrano, quien ser\u00e1 el director de la publicaci\u00f3n.<\/p>\n<p>\u201cPara el acto de lanzamiento hacemos extensiva la invitaci\u00f3n a toda la comunidad universitaria y a la comunidad en general. Nos han adelantado la participaci\u00f3n el Consejo Profesional de Ciencias Econ\u00f3micas y el Colegio de Abogados, entre otras instituciones, ya que, como lo he dicho anteriormente, la idea es no solamente circunscribirlo a la comunidad universitaria, sino que sea un \u00e1mbito para que todos puedan visualizarlo y tambi\u00e9n participar con trabajos y propuestas. El espacio es propicio para ser un \u00e1mbito de difusi\u00f3n y participaci\u00f3n\u201d, agreg\u00f3.<\/p>\n<p>Nota: Jos\u00e9 Luis Baigorria \u2013 Radio UNSL Villa Mercedes<\/p>\n<p>&nbsp;<\/p>\n<p>&nbsp;<\/p>\n<p>&nbsp;<\/p>\n","protected":false},"excerpt":{"rendered":"<p>La Facultad de Ciencias Econ\u00f3micas, Jur\u00eddicas y Sociales lanzar\u00e1 \u201cVisiones\u201d la revista digital del Instituto Escuela de Econom\u00eda, Negocios y Transferencia Tecnol\u00f3gica, con el prop\u00f3sito&hellip;<\/p>\n","protected":false},"author":9,"featured_media":14503,"comment_status":"closed","ping_status":"closed","sticky":false,"template":"","format":"standard","meta":{"om_disable_all_campaigns":false,"_monsterinsights_skip_tracking":false,"_monsterinsights_sitenote_active":false,"_monsterinsights_sitenote_note":"","_monsterinsights_sitenote_category":0,"footnotes":""},"categories":[1],"tags":[],"class_list":["post-14502","post","type-post","status-publish","format-standard","has-post-thumbnail","hentry","category-noticias"],"yoast_head":"<!-- This site is optimized with the Yoast SEO plugin v27.5 - https:\/\/yoast.com\/product\/yoast-seo-wordpress\/ -->\n<title>Presentan \u201cVisiones\u201d, la nueva revista de la EEN&amp;TT - Facultad de Ciencias Econ\u00f3micas, Jur\u00ed\u00addicas y Sociales<\/title>\n<meta name=\"robots\" content=\"index, follow, max-snippet:-1, max-image-preview:large, max-video-preview:-1\" \/>\n<link rel=\"canonical\" href=\"https:\/\/www.fcejs.unsl.edu.ar\/index.php\/presentan-visiones-la-nueva-revista-de-la-eentt\/\" \/>\n<meta property=\"og:locale\" content=\"es_ES\" \/>\n<meta property=\"og:type\" content=\"article\" \/>\n<meta property=\"og:title\" content=\"Presentan \u201cVisiones\u201d, la nueva revista de la EEN&amp;TT - Facultad de Ciencias Econ\u00f3micas, Jur\u00ed\u00addicas y Sociales\" \/>\n<meta property=\"og:description\" content=\"La Facultad de Ciencias Econ\u00f3micas, Jur\u00eddicas y Sociales lanzar\u00e1 \u201cVisiones\u201d la revista digital del Instituto Escuela de Econom\u00eda, Negocios y Transferencia Tecnol\u00f3gica, con el prop\u00f3sito&hellip;\" \/>\n<meta property=\"og:url\" content=\"https:\/\/www.fcejs.unsl.edu.ar\/index.php\/presentan-visiones-la-nueva-revista-de-la-eentt\/\" \/>\n<meta property=\"og:site_name\" content=\"Facultad de Ciencias Econ\u00f3micas, Jur\u00ed\u00addicas y Sociales\" \/>\n<meta property=\"article:publisher\" content=\"https:\/\/www.facebook.com\/FCEJS.UNSL\/\" \/>\n<meta property=\"article:published_time\" content=\"2023-11-23T16:31:16+00:00\" \/>\n<meta property=\"article:modified_time\" content=\"2023-11-29T17:57:37+00:00\" \/>\n<meta property=\"og:image\" content=\"https:\/\/www.fcejs.unsl.edu.ar\/wp-content\/uploads\/2023\/11\/presentacion-revista-VISIONES-front.jpg\" \/>\n\t<meta property=\"og:image:width\" content=\"1152\" \/>\n\t<meta property=\"og:image:height\" content=\"647\" \/>\n\t<meta property=\"og:image:type\" content=\"image\/jpeg\" \/>\n<meta name=\"author\" content=\"DATI\" \/>\n<meta name=\"twitter:card\" content=\"summary_large_image\" \/>\n<meta name=\"twitter:creator\" content=\"@FCEJSUNSL\" \/>\n<meta name=\"twitter:site\" content=\"@FCEJSUNSL\" \/>\n<meta name=\"twitter:label1\" content=\"Escrito por\" \/>\n\t<meta name=\"twitter:data1\" content=\"DATI\" \/>\n\t<meta name=\"twitter:label2\" content=\"Tiempo de lectura\" \/>\n\t<meta name=\"twitter:data2\" content=\"2 minutos\" \/>\n<script type=\"application\/ld+json\" class=\"yoast-schema-graph\">{\"@context\":\"https:\\\/\\\/schema.org\",\"@graph\":[{\"@type\":\"Article\",\"@id\":\"https:\\\/\\\/www.fcejs.unsl.edu.ar\\\/index.php\\\/presentan-visiones-la-nueva-revista-de-la-eentt\\\/#article\",\"isPartOf\":{\"@id\":\"https:\\\/\\\/www.fcejs.unsl.edu.ar\\\/index.php\\\/presentan-visiones-la-nueva-revista-de-la-eentt\\\/\"},\"author\":{\"name\":\"DATI\",\"@id\":\"https:\\\/\\\/www.fcejs.unsl.edu.ar\\\/#\\\/schema\\\/person\\\/352ee6ed90c3f394c7cb5945f8956d34\"},\"headline\":\"Presentan \u201cVisiones\u201d, la nueva revista de la EEN&#038;TT\",\"datePublished\":\"2023-11-23T16:31:16+00:00\",\"dateModified\":\"2023-11-29T17:57:37+00:00\",\"mainEntityOfPage\":{\"@id\":\"https:\\\/\\\/www.fcejs.unsl.edu.ar\\\/index.php\\\/presentan-visiones-la-nueva-revista-de-la-eentt\\\/\"},\"wordCount\":487,\"publisher\":{\"@id\":\"https:\\\/\\\/www.fcejs.unsl.edu.ar\\\/#organization\"},\"image\":{\"@id\":\"https:\\\/\\\/www.fcejs.unsl.edu.ar\\\/index.php\\\/presentan-visiones-la-nueva-revista-de-la-eentt\\\/#primaryimage\"},\"thumbnailUrl\":\"https:\\\/\\\/www.fcejs.unsl.edu.ar\\\/wp-content\\\/uploads\\\/2023\\\/11\\\/presentacion-revista-VISIONES-front.jpg\",\"articleSection\":[\"Noticias\"],\"inLanguage\":\"es-AR\"},{\"@type\":\"WebPage\",\"@id\":\"https:\\\/\\\/www.fcejs.unsl.edu.ar\\\/index.php\\\/presentan-visiones-la-nueva-revista-de-la-eentt\\\/\",\"url\":\"https:\\\/\\\/www.fcejs.unsl.edu.ar\\\/index.php\\\/presentan-visiones-la-nueva-revista-de-la-eentt\\\/\",\"name\":\"Presentan \u201cVisiones\u201d, la nueva revista de la EEN&TT - Facultad de Ciencias Econ\u00f3micas, Jur\u00ed\u00addicas y Sociales\",\"isPartOf\":{\"@id\":\"https:\\\/\\\/www.fcejs.unsl.edu.ar\\\/#website\"},\"primaryImageOfPage\":{\"@id\":\"https:\\\/\\\/www.fcejs.unsl.edu.ar\\\/index.php\\\/presentan-visiones-la-nueva-revista-de-la-eentt\\\/#primaryimage\"},\"image\":{\"@id\":\"https:\\\/\\\/www.fcejs.unsl.edu.ar\\\/index.php\\\/presentan-visiones-la-nueva-revista-de-la-eentt\\\/#primaryimage\"},\"thumbnailUrl\":\"https:\\\/\\\/www.fcejs.unsl.edu.ar\\\/wp-content\\\/uploads\\\/2023\\\/11\\\/presentacion-revista-VISIONES-front.jpg\",\"datePublished\":\"2023-11-23T16:31:16+00:00\",\"dateModified\":\"2023-11-29T17:57:37+00:00\",\"breadcrumb\":{\"@id\":\"https:\\\/\\\/www.fcejs.unsl.edu.ar\\\/index.php\\\/presentan-visiones-la-nueva-revista-de-la-eentt\\\/#breadcrumb\"},\"inLanguage\":\"es-AR\",\"potentialAction\":[{\"@type\":\"ReadAction\",\"target\":[\"https:\\\/\\\/www.fcejs.unsl.edu.ar\\\/index.php\\\/presentan-visiones-la-nueva-revista-de-la-eentt\\\/\"]}]},{\"@type\":\"ImageObject\",\"inLanguage\":\"es-AR\",\"@id\":\"https:\\\/\\\/www.fcejs.unsl.edu.ar\\\/index.php\\\/presentan-visiones-la-nueva-revista-de-la-eentt\\\/#primaryimage\",\"url\":\"https:\\\/\\\/www.fcejs.unsl.edu.ar\\\/wp-content\\\/uploads\\\/2023\\\/11\\\/presentacion-revista-VISIONES-front.jpg\",\"contentUrl\":\"https:\\\/\\\/www.fcejs.unsl.edu.ar\\\/wp-content\\\/uploads\\\/2023\\\/11\\\/presentacion-revista-VISIONES-front.jpg\",\"width\":1152,\"height\":647},{\"@type\":\"BreadcrumbList\",\"@id\":\"https:\\\/\\\/www.fcejs.unsl.edu.ar\\\/index.php\\\/presentan-visiones-la-nueva-revista-de-la-eentt\\\/#breadcrumb\",\"itemListElement\":[{\"@type\":\"ListItem\",\"position\":1,\"name\":\"Inicio\",\"item\":\"https:\\\/\\\/www.fcejs.unsl.edu.ar\\\/\"},{\"@type\":\"ListItem\",\"position\":2,\"name\":\"Presentan \u201cVisiones\u201d, la nueva revista de la EEN&#038;TT\"}]},{\"@type\":\"WebSite\",\"@id\":\"https:\\\/\\\/www.fcejs.unsl.edu.ar\\\/#website\",\"url\":\"https:\\\/\\\/www.fcejs.unsl.edu.ar\\\/\",\"name\":\"Facultad de Ciencias Econ\u00f3micas, Jur\u00ed\u00addicas y Sociales\",\"description\":\"\",\"publisher\":{\"@id\":\"https:\\\/\\\/www.fcejs.unsl.edu.ar\\\/#organization\"},\"potentialAction\":[{\"@type\":\"SearchAction\",\"target\":{\"@type\":\"EntryPoint\",\"urlTemplate\":\"https:\\\/\\\/www.fcejs.unsl.edu.ar\\\/?s={search_term_string}\"},\"query-input\":{\"@type\":\"PropertyValueSpecification\",\"valueRequired\":true,\"valueName\":\"search_term_string\"}}],\"inLanguage\":\"es-AR\"},{\"@type\":\"Organization\",\"@id\":\"https:\\\/\\\/www.fcejs.unsl.edu.ar\\\/#organization\",\"name\":\"Facultad de Ciencias Econ\u00f3micas, Jur\u00eddicas y Sociales\",\"url\":\"https:\\\/\\\/www.fcejs.unsl.edu.ar\\\/\",\"logo\":{\"@type\":\"ImageObject\",\"inLanguage\":\"es-AR\",\"@id\":\"https:\\\/\\\/www.fcejs.unsl.edu.ar\\\/#\\\/schema\\\/logo\\\/image\\\/\",\"url\":\"https:\\\/\\\/www.fcejs.unsl.edu.ar\\\/wp-content\\\/uploads\\\/2021\\\/03\\\/logo-1.jpg\",\"contentUrl\":\"https:\\\/\\\/www.fcejs.unsl.edu.ar\\\/wp-content\\\/uploads\\\/2021\\\/03\\\/logo-1.jpg\",\"width\":471,\"height\":146,\"caption\":\"Facultad de Ciencias Econ\u00f3micas, Jur\u00eddicas y Sociales\"},\"image\":{\"@id\":\"https:\\\/\\\/www.fcejs.unsl.edu.ar\\\/#\\\/schema\\\/logo\\\/image\\\/\"},\"sameAs\":[\"https:\\\/\\\/www.facebook.com\\\/FCEJS.UNSL\\\/\",\"https:\\\/\\\/x.com\\\/FCEJSUNSL\",\"https:\\\/\\\/www.instagram.com\\\/fcejs.unsl\\\/\",\"https:\\\/\\\/www.youtube.com\\\/channel\\\/UCH-Ut6EaN_X5ogjIQMPe46g\\\/\"]},{\"@type\":\"Person\",\"@id\":\"https:\\\/\\\/www.fcejs.unsl.edu.ar\\\/#\\\/schema\\\/person\\\/352ee6ed90c3f394c7cb5945f8956d34\",\"name\":\"DATI\"}]}<\/script>\n<!-- \/ Yoast SEO plugin. -->","yoast_head_json":{"title":"Presentan \u201cVisiones\u201d, la nueva revista de la EEN&TT - Facultad de Ciencias Econ\u00f3micas, Jur\u00ed\u00addicas y Sociales","robots":{"index":"index","follow":"follow","max-snippet":"max-snippet:-1","max-image-preview":"max-image-preview:large","max-video-preview":"max-video-preview:-1"},"canonical":"https:\/\/www.fcejs.unsl.edu.ar\/index.php\/presentan-visiones-la-nueva-revista-de-la-eentt\/","og_locale":"es_ES","og_type":"article","og_title":"Presentan \u201cVisiones\u201d, la nueva revista de la EEN&TT - Facultad de Ciencias Econ\u00f3micas, Jur\u00ed\u00addicas y Sociales","og_description":"La Facultad de Ciencias Econ\u00f3micas, Jur\u00eddicas y Sociales lanzar\u00e1 \u201cVisiones\u201d la revista digital del Instituto Escuela de Econom\u00eda, Negocios y Transferencia Tecnol\u00f3gica, con el prop\u00f3sito&hellip;","og_url":"https:\/\/www.fcejs.unsl.edu.ar\/index.php\/presentan-visiones-la-nueva-revista-de-la-eentt\/","og_site_name":"Facultad de Ciencias Econ\u00f3micas, Jur\u00ed\u00addicas y Sociales","article_publisher":"https:\/\/www.facebook.com\/FCEJS.UNSL\/","article_published_time":"2023-11-23T16:31:16+00:00","article_modified_time":"2023-11-29T17:57:37+00:00","og_image":[{"width":1152,"height":647,"url":"https:\/\/www.fcejs.unsl.edu.ar\/wp-content\/uploads\/2023\/11\/presentacion-revista-VISIONES-front.jpg","type":"image\/jpeg"}],"author":"DATI","twitter_card":"summary_large_image","twitter_creator":"@FCEJSUNSL","twitter_site":"@FCEJSUNSL","twitter_misc":{"Escrito por":"DATI","Tiempo de lectura":"2 minutos"},"schema":{"@context":"https:\/\/schema.org","@graph":[{"@type":"Article","@id":"https:\/\/www.fcejs.unsl.edu.ar\/index.php\/presentan-visiones-la-nueva-revista-de-la-eentt\/#article","isPartOf":{"@id":"https:\/\/www.fcejs.unsl.edu.ar\/index.php\/presentan-visiones-la-nueva-revista-de-la-eentt\/"},"author":{"name":"DATI","@id":"https:\/\/www.fcejs.unsl.edu.ar\/#\/schema\/person\/352ee6ed90c3f394c7cb5945f8956d34"},"headline":"Presentan \u201cVisiones\u201d, la nueva revista de la EEN&#038;TT","datePublished":"2023-11-23T16:31:16+00:00","dateModified":"2023-11-29T17:57:37+00:00","mainEntityOfPage":{"@id":"https:\/\/www.fcejs.unsl.edu.ar\/index.php\/presentan-visiones-la-nueva-revista-de-la-eentt\/"},"wordCount":487,"publisher":{"@id":"https:\/\/www.fcejs.unsl.edu.ar\/#organization"},"image":{"@id":"https:\/\/www.fcejs.unsl.edu.ar\/index.php\/presentan-visiones-la-nueva-revista-de-la-eentt\/#primaryimage"},"thumbnailUrl":"https:\/\/www.fcejs.unsl.edu.ar\/wp-content\/uploads\/2023\/11\/presentacion-revista-VISIONES-front.jpg","articleSection":["Noticias"],"inLanguage":"es-AR"},{"@type":"WebPage","@id":"https:\/\/www.fcejs.unsl.edu.ar\/index.php\/presentan-visiones-la-nueva-revista-de-la-eentt\/","url":"https:\/\/www.fcejs.unsl.edu.ar\/index.php\/presentan-visiones-la-nueva-revista-de-la-eentt\/","name":"Presentan \u201cVisiones\u201d, la nueva revista de la EEN&TT - Facultad de Ciencias Econ\u00f3micas, Jur\u00ed\u00addicas y Sociales","isPartOf":{"@id":"https:\/\/www.fcejs.unsl.edu.ar\/#website"},"primaryImageOfPage":{"@id":"https:\/\/www.fcejs.unsl.edu.ar\/index.php\/presentan-visiones-la-nueva-revista-de-la-eentt\/#primaryimage"},"image":{"@id":"https:\/\/www.fcejs.unsl.edu.ar\/index.php\/presentan-visiones-la-nueva-revista-de-la-eentt\/#primaryimage"},"thumbnailUrl":"https:\/\/www.fcejs.unsl.edu.ar\/wp-content\/uploads\/2023\/11\/presentacion-revista-VISIONES-front.jpg","datePublished":"2023-11-23T16:31:16+00:00","dateModified":"2023-11-29T17:57:37+00:00","breadcrumb":{"@id":"https:\/\/www.fcejs.unsl.edu.ar\/index.php\/presentan-visiones-la-nueva-revista-de-la-eentt\/#breadcrumb"},"inLanguage":"es-AR","potentialAction":[{"@type":"ReadAction","target":["https:\/\/www.fcejs.unsl.edu.ar\/index.php\/presentan-visiones-la-nueva-revista-de-la-eentt\/"]}]},{"@type":"ImageObject","inLanguage":"es-AR","@id":"https:\/\/www.fcejs.unsl.edu.ar\/index.php\/presentan-visiones-la-nueva-revista-de-la-eentt\/#primaryimage","url":"https:\/\/www.fcejs.unsl.edu.ar\/wp-content\/uploads\/2023\/11\/presentacion-revista-VISIONES-front.jpg","contentUrl":"https:\/\/www.fcejs.unsl.edu.ar\/wp-content\/uploads\/2023\/11\/presentacion-revista-VISIONES-front.jpg","width":1152,"height":647},{"@type":"BreadcrumbList","@id":"https:\/\/www.fcejs.unsl.edu.ar\/index.php\/presentan-visiones-la-nueva-revista-de-la-eentt\/#breadcrumb","itemListElement":[{"@type":"ListItem","position":1,"name":"Inicio","item":"https:\/\/www.fcejs.unsl.edu.ar\/"},{"@type":"ListItem","position":2,"name":"Presentan \u201cVisiones\u201d, la nueva revista de la EEN&#038;TT"}]},{"@type":"WebSite","@id":"https:\/\/www.fcejs.unsl.edu.ar\/#website","url":"https:\/\/www.fcejs.unsl.edu.ar\/","name":"Facultad de Ciencias Econ\u00f3micas, Jur\u00ed\u00addicas y Sociales","description":"","publisher":{"@id":"https:\/\/www.fcejs.unsl.edu.ar\/#organization"},"potentialAction":[{"@type":"SearchAction","target":{"@type":"EntryPoint","urlTemplate":"https:\/\/www.fcejs.unsl.edu.ar\/?s={search_term_string}"},"query-input":{"@type":"PropertyValueSpecification","valueRequired":true,"valueName":"search_term_string"}}],"inLanguage":"es-AR"},{"@type":"Organization","@id":"https:\/\/www.fcejs.unsl.edu.ar\/#organization","name":"Facultad de Ciencias Econ\u00f3micas, Jur\u00eddicas y Sociales","url":"https:\/\/www.fcejs.unsl.edu.ar\/","logo":{"@type":"ImageObject","inLanguage":"es-AR","@id":"https:\/\/www.fcejs.unsl.edu.ar\/#\/schema\/logo\/image\/","url":"https:\/\/www.fcejs.unsl.edu.ar\/wp-content\/uploads\/2021\/03\/logo-1.jpg","contentUrl":"https:\/\/www.fcejs.unsl.edu.ar\/wp-content\/uploads\/2021\/03\/logo-1.jpg","width":471,"height":146,"caption":"Facultad de Ciencias Econ\u00f3micas, Jur\u00eddicas y Sociales"},"image":{"@id":"https:\/\/www.fcejs.unsl.edu.ar\/#\/schema\/logo\/image\/"},"sameAs":["https:\/\/www.facebook.com\/FCEJS.UNSL\/","https:\/\/x.com\/FCEJSUNSL","https:\/\/www.instagram.com\/fcejs.unsl\/","https:\/\/www.youtube.com\/channel\/UCH-Ut6EaN_X5ogjIQMPe46g\/"]},{"@type":"Person","@id":"https:\/\/www.fcejs.unsl.edu.ar\/#\/schema\/person\/352ee6ed90c3f394c7cb5945f8956d34","name":"DATI"}]}},"jetpack_featured_media_url":"https:\/\/www.fcejs.unsl.edu.ar\/wp-content\/uploads\/2023\/11\/presentacion-revista-VISIONES-front.jpg","_links":{"self":[{"href":"https:\/\/www.fcejs.unsl.edu.ar\/index.php\/wp-json\/wp\/v2\/posts\/14502","targetHints":{"allow":["GET"]}}],"collection":[{"href":"https:\/\/www.fcejs.unsl.edu.ar\/index.php\/wp-json\/wp\/v2\/posts"}],"about":[{"href":"https:\/\/www.fcejs.unsl.edu.ar\/index.php\/wp-json\/wp\/v2\/types\/post"}],"author":[{"embeddable":true,"href":"https:\/\/www.fcejs.unsl.edu.ar\/index.php\/wp-json\/wp\/v2\/users\/9"}],"replies":[{"embeddable":true,"href":"https:\/\/www.fcejs.unsl.edu.ar\/index.php\/wp-json\/wp\/v2\/comments?post=14502"}],"version-history":[{"count":1,"href":"https:\/\/www.fcejs.unsl.edu.ar\/index.php\/wp-json\/wp\/v2\/posts\/14502\/revisions"}],"predecessor-version":[{"id":14504,"href":"https:\/\/www.fcejs.unsl.edu.ar\/index.php\/wp-json\/wp\/v2\/posts\/14502\/revisions\/14504"}],"wp:featuredmedia":[{"embeddable":true,"href":"https:\/\/www.fcejs.unsl.edu.ar\/index.php\/wp-json\/wp\/v2\/media\/14503"}],"wp:attachment":[{"href":"https:\/\/www.fcejs.unsl.edu.ar\/index.php\/wp-json\/wp\/v2\/media?parent=14502"}],"wp:term":[{"taxonomy":"category","embeddable":true,"href":"https:\/\/www.fcejs.unsl.edu.ar\/index.php\/wp-json\/wp\/v2\/categories?post=14502"},{"taxonomy":"post_tag","embeddable":true,"href":"https:\/\/www.fcejs.unsl.edu.ar\/index.php\/wp-json\/wp\/v2\/tags?post=14502"}],"curies":[{"name":"wp","href":"https:\/\/api.w.org\/{rel}","templated":true}]}}