{"id":14395,"date":"2023-11-21T00:50:07","date_gmt":"2023-11-21T03:50:07","guid":{"rendered":"http:\/\/10.101.10.197\/www\/?p=14395"},"modified":"2023-11-22T11:04:52","modified_gmt":"2023-11-22T14:04:52","slug":"nueva-diplomatura-sobre-proyectos-educativos-en-la-toma","status":"publish","type":"post","link":"https:\/\/www.fcejs.unsl.edu.ar\/index.php\/nueva-diplomatura-sobre-proyectos-educativos-en-la-toma\/","title":{"rendered":"Nueva Diplomatura sobre Proyectos Educativos en La Toma"},"content":{"rendered":"<p style=\"font-weight: 400;\"><b><strong>La Secretar\u00eda de Extensi\u00f3n Universitaria (SEU) convoca a la comunidad de La Toma a la Diplomatura: \u201cProyectos Educativos: Cajas de Herramientas para Promover Formaci\u00f3n, Cultura, Ciencia y Deporte en la Escuela P\u00fablica\u201d, que inicia el martes 21 de noviembre en el Centro Universitario de dicha localidad.<\/strong><\/b><\/p>\n<p style=\"font-weight: 400;\">En octubre del corriente a\u00f1o se aprob\u00f3, mediante Resoluci\u00f3n Rectoral N\u00ba 1772\/23, esta diplomatura en el \u00e1mbito de la Universidad Nacional de San Luis (UNSL). La misma cuenta con la direcci\u00f3n de la\u00a0<b><strong>Dra. Liliana Guzm\u00e1n<\/strong><\/b>\u00a0y con la colaboraci\u00f3n docente de:\u00a0<b><strong>Esp. Paola Sosa Gauna<\/strong><\/b>,\u00a0<b><strong>Prof. H\u00e9ctor Bruno Miranda<\/strong><\/b>,\u00a0<b><strong>Prof. Federico Alisio<\/strong><\/b>,\u00a0<b><strong>Dr. Ra\u00fal Andr\u00e9s Gil<\/strong><\/b>\u00a0y\u00a0<b><strong>Lic. Cristian Baz\u00e1n<\/strong><\/b>.<\/p>\n<ul>\n<li style=\"font-weight: 400;\">La\u00a0<b><strong>convocatoria<\/strong><\/b>\u00a0est\u00e1 destinada a:<br \/>\n&#8211; Docentes de instituciones educativas de La Toma (escuelas primarias y secundarias)<br \/>\n&#8211; Personal de apoyo en instituciones educativas de La Toma<br \/>\n&#8211; Egresados de Profesorado en Ense\u00f1anza Primaria de La Toma y de localidades cercanas<\/li>\n<li style=\"font-weight: 400;\">Los\u00a0<b><strong>requisitos<\/strong><\/b>\u00a0de admisi\u00f3n son:<br \/>\n&#8211; Estudio Secundario completo<br \/>\n&#8211; Trabajo de gesti\u00f3n p\u00fablica y\/o privada vinculada al campo de la educaci\u00f3n escolar<\/li>\n<li style=\"font-weight: 400;\"><b><strong><a href=\"https:\/\/docs.google.com\/forms\/d\/1Hm-2Iw9kdal4ztn3U6KgE9ygnIVo19Fa-PsGrA9KDrU\/edit?ts=653a7ead\">Formulario de inscripci\u00f3n<\/a>\u00a0<\/strong><\/b>(hasta completar el cupo de 30 personas)<\/li>\n<\/ul>\n<p style=\"font-weight: 400;\"><b><strong>El saber como una \u201ccaja de herramientas\u201d<\/strong><\/b><\/p>\n<p style=\"font-weight: 400;\">Esta diplomatura procura brindar un set de recursos te\u00f3ricopr\u00e1cticos para hacer de la escuela un espacio de transformaci\u00f3n, de formaci\u00f3n y de experiencia comunitaria con el conocimiento y las actividades educativas. Se parte del concepto de Deleuze y Foucault sobre el saber como una \u201ccaja de herramientas\u201d, precisamente porque permite comprender el espacio educativo como un lugar de interacci\u00f3n entre saberes y pr\u00e1cticas que trascienden la escuela pero que le nutren desde el sentido de pertenencia y de comunidad que inspiran el conocimiento, el deporte, la ciencia y la formaci\u00f3n en general.<\/p>\n<p style=\"font-weight: 400;\">Si bien, esta formaci\u00f3n se propuso para ser dictada en la localidad de La Toma, puede tambi\u00e9n ser llevada a otros espacios, en la medida en que sea factible y oportuno.<\/p>\n<p style=\"font-weight: 400;\"><b><strong>Contacto:\u00a0<\/strong><\/b><a href=\"mailto:lilianaj.guzman2@gmail.com\">lilianaj.guzman2@gmail.com<\/a><\/p>\n","protected":false},"excerpt":{"rendered":"<p>La Secretar\u00eda de Extensi\u00f3n Universitaria (SEU) convoca a la comunidad de La Toma a la Diplomatura: \u201cProyectos Educativos: Cajas de Herramientas para Promover Formaci\u00f3n, Cultura,&hellip;<\/p>\n","protected":false},"author":9,"featured_media":14396,"comment_status":"closed","ping_status":"closed","sticky":false,"template":"","format":"standard","meta":{"om_disable_all_campaigns":false,"_monsterinsights_skip_tracking":false,"_monsterinsights_sitenote_active":false,"_monsterinsights_sitenote_note":"","_monsterinsights_sitenote_category":0,"footnotes":""},"categories":[1],"tags":[],"class_list":["post-14395","post","type-post","status-publish","format-standard","has-post-thumbnail","hentry","category-noticias"],"yoast_head":"<!-- This site is optimized with the Yoast SEO plugin v27.5 - https:\/\/yoast.com\/product\/yoast-seo-wordpress\/ -->\n<title>Nueva Diplomatura sobre Proyectos Educativos en La Toma - Facultad de Ciencias Econ\u00f3micas, Jur\u00ed\u00addicas y Sociales<\/title>\n<meta name=\"robots\" content=\"index, follow, max-snippet:-1, max-image-preview:large, max-video-preview:-1\" \/>\n<link rel=\"canonical\" href=\"https:\/\/www.fcejs.unsl.edu.ar\/index.php\/nueva-diplomatura-sobre-proyectos-educativos-en-la-toma\/\" \/>\n<meta property=\"og:locale\" content=\"es_ES\" \/>\n<meta property=\"og:type\" content=\"article\" \/>\n<meta property=\"og:title\" content=\"Nueva Diplomatura sobre Proyectos Educativos en La Toma - Facultad de Ciencias Econ\u00f3micas, Jur\u00ed\u00addicas y Sociales\" \/>\n<meta property=\"og:description\" content=\"La Secretar\u00eda de Extensi\u00f3n Universitaria (SEU) convoca a la comunidad de La Toma a la Diplomatura: \u201cProyectos Educativos: Cajas de Herramientas para Promover Formaci\u00f3n, Cultura,&hellip;\" \/>\n<meta property=\"og:url\" content=\"https:\/\/www.fcejs.unsl.edu.ar\/index.php\/nueva-diplomatura-sobre-proyectos-educativos-en-la-toma\/\" \/>\n<meta property=\"og:site_name\" content=\"Facultad de Ciencias Econ\u00f3micas, Jur\u00ed\u00addicas y Sociales\" \/>\n<meta property=\"article:publisher\" content=\"https:\/\/www.facebook.com\/FCEJS.UNSL\/\" \/>\n<meta property=\"article:published_time\" content=\"2023-11-21T03:50:07+00:00\" \/>\n<meta property=\"article:modified_time\" content=\"2023-11-22T14:04:52+00:00\" \/>\n<meta property=\"og:image\" content=\"https:\/\/www.fcejs.unsl.edu.ar\/wp-content\/uploads\/2023\/11\/SEU-LATOMA-Nueva-Diplomatura.jpg\" \/>\n\t<meta property=\"og:image:width\" content=\"1152\" \/>\n\t<meta property=\"og:image:height\" content=\"647\" \/>\n\t<meta property=\"og:image:type\" content=\"image\/jpeg\" \/>\n<meta name=\"author\" content=\"DATI\" \/>\n<meta name=\"twitter:card\" content=\"summary_large_image\" \/>\n<meta name=\"twitter:creator\" content=\"@FCEJSUNSL\" \/>\n<meta name=\"twitter:site\" content=\"@FCEJSUNSL\" \/>\n<meta name=\"twitter:label1\" content=\"Escrito por\" \/>\n\t<meta name=\"twitter:data1\" content=\"DATI\" \/>\n\t<meta name=\"twitter:label2\" content=\"Tiempo de lectura\" \/>\n\t<meta name=\"twitter:data2\" content=\"2 minutos\" \/>\n<script type=\"application\/ld+json\" class=\"yoast-schema-graph\">{\"@context\":\"https:\\\/\\\/schema.org\",\"@graph\":[{\"@type\":\"Article\",\"@id\":\"https:\\\/\\\/www.fcejs.unsl.edu.ar\\\/index.php\\\/nueva-diplomatura-sobre-proyectos-educativos-en-la-toma\\\/#article\",\"isPartOf\":{\"@id\":\"https:\\\/\\\/www.fcejs.unsl.edu.ar\\\/index.php\\\/nueva-diplomatura-sobre-proyectos-educativos-en-la-toma\\\/\"},\"author\":{\"name\":\"DATI\",\"@id\":\"https:\\\/\\\/www.fcejs.unsl.edu.ar\\\/#\\\/schema\\\/person\\\/352ee6ed90c3f394c7cb5945f8956d34\"},\"headline\":\"Nueva Diplomatura sobre Proyectos Educativos en La Toma\",\"datePublished\":\"2023-11-21T03:50:07+00:00\",\"dateModified\":\"2023-11-22T14:04:52+00:00\",\"mainEntityOfPage\":{\"@id\":\"https:\\\/\\\/www.fcejs.unsl.edu.ar\\\/index.php\\\/nueva-diplomatura-sobre-proyectos-educativos-en-la-toma\\\/\"},\"wordCount\":350,\"publisher\":{\"@id\":\"https:\\\/\\\/www.fcejs.unsl.edu.ar\\\/#organization\"},\"image\":{\"@id\":\"https:\\\/\\\/www.fcejs.unsl.edu.ar\\\/index.php\\\/nueva-diplomatura-sobre-proyectos-educativos-en-la-toma\\\/#primaryimage\"},\"thumbnailUrl\":\"https:\\\/\\\/www.fcejs.unsl.edu.ar\\\/wp-content\\\/uploads\\\/2023\\\/11\\\/SEU-LATOMA-Nueva-Diplomatura.jpg\",\"articleSection\":[\"Noticias\"],\"inLanguage\":\"es-AR\"},{\"@type\":\"WebPage\",\"@id\":\"https:\\\/\\\/www.fcejs.unsl.edu.ar\\\/index.php\\\/nueva-diplomatura-sobre-proyectos-educativos-en-la-toma\\\/\",\"url\":\"https:\\\/\\\/www.fcejs.unsl.edu.ar\\\/index.php\\\/nueva-diplomatura-sobre-proyectos-educativos-en-la-toma\\\/\",\"name\":\"Nueva Diplomatura sobre Proyectos Educativos en La Toma - Facultad de Ciencias Econ\u00f3micas, Jur\u00ed\u00addicas y Sociales\",\"isPartOf\":{\"@id\":\"https:\\\/\\\/www.fcejs.unsl.edu.ar\\\/#website\"},\"primaryImageOfPage\":{\"@id\":\"https:\\\/\\\/www.fcejs.unsl.edu.ar\\\/index.php\\\/nueva-diplomatura-sobre-proyectos-educativos-en-la-toma\\\/#primaryimage\"},\"image\":{\"@id\":\"https:\\\/\\\/www.fcejs.unsl.edu.ar\\\/index.php\\\/nueva-diplomatura-sobre-proyectos-educativos-en-la-toma\\\/#primaryimage\"},\"thumbnailUrl\":\"https:\\\/\\\/www.fcejs.unsl.edu.ar\\\/wp-content\\\/uploads\\\/2023\\\/11\\\/SEU-LATOMA-Nueva-Diplomatura.jpg\",\"datePublished\":\"2023-11-21T03:50:07+00:00\",\"dateModified\":\"2023-11-22T14:04:52+00:00\",\"breadcrumb\":{\"@id\":\"https:\\\/\\\/www.fcejs.unsl.edu.ar\\\/index.php\\\/nueva-diplomatura-sobre-proyectos-educativos-en-la-toma\\\/#breadcrumb\"},\"inLanguage\":\"es-AR\",\"potentialAction\":[{\"@type\":\"ReadAction\",\"target\":[\"https:\\\/\\\/www.fcejs.unsl.edu.ar\\\/index.php\\\/nueva-diplomatura-sobre-proyectos-educativos-en-la-toma\\\/\"]}]},{\"@type\":\"ImageObject\",\"inLanguage\":\"es-AR\",\"@id\":\"https:\\\/\\\/www.fcejs.unsl.edu.ar\\\/index.php\\\/nueva-diplomatura-sobre-proyectos-educativos-en-la-toma\\\/#primaryimage\",\"url\":\"https:\\\/\\\/www.fcejs.unsl.edu.ar\\\/wp-content\\\/uploads\\\/2023\\\/11\\\/SEU-LATOMA-Nueva-Diplomatura.jpg\",\"contentUrl\":\"https:\\\/\\\/www.fcejs.unsl.edu.ar\\\/wp-content\\\/uploads\\\/2023\\\/11\\\/SEU-LATOMA-Nueva-Diplomatura.jpg\",\"width\":1152,\"height\":647},{\"@type\":\"BreadcrumbList\",\"@id\":\"https:\\\/\\\/www.fcejs.unsl.edu.ar\\\/index.php\\\/nueva-diplomatura-sobre-proyectos-educativos-en-la-toma\\\/#breadcrumb\",\"itemListElement\":[{\"@type\":\"ListItem\",\"position\":1,\"name\":\"Inicio\",\"item\":\"https:\\\/\\\/www.fcejs.unsl.edu.ar\\\/\"},{\"@type\":\"ListItem\",\"position\":2,\"name\":\"Nueva Diplomatura sobre Proyectos Educativos en La Toma\"}]},{\"@type\":\"WebSite\",\"@id\":\"https:\\\/\\\/www.fcejs.unsl.edu.ar\\\/#website\",\"url\":\"https:\\\/\\\/www.fcejs.unsl.edu.ar\\\/\",\"name\":\"Facultad de Ciencias Econ\u00f3micas, Jur\u00ed\u00addicas y Sociales\",\"description\":\"\",\"publisher\":{\"@id\":\"https:\\\/\\\/www.fcejs.unsl.edu.ar\\\/#organization\"},\"potentialAction\":[{\"@type\":\"SearchAction\",\"target\":{\"@type\":\"EntryPoint\",\"urlTemplate\":\"https:\\\/\\\/www.fcejs.unsl.edu.ar\\\/?s={search_term_string}\"},\"query-input\":{\"@type\":\"PropertyValueSpecification\",\"valueRequired\":true,\"valueName\":\"search_term_string\"}}],\"inLanguage\":\"es-AR\"},{\"@type\":\"Organization\",\"@id\":\"https:\\\/\\\/www.fcejs.unsl.edu.ar\\\/#organization\",\"name\":\"Facultad de Ciencias Econ\u00f3micas, Jur\u00eddicas y Sociales\",\"url\":\"https:\\\/\\\/www.fcejs.unsl.edu.ar\\\/\",\"logo\":{\"@type\":\"ImageObject\",\"inLanguage\":\"es-AR\",\"@id\":\"https:\\\/\\\/www.fcejs.unsl.edu.ar\\\/#\\\/schema\\\/logo\\\/image\\\/\",\"url\":\"https:\\\/\\\/www.fcejs.unsl.edu.ar\\\/wp-content\\\/uploads\\\/2021\\\/03\\\/logo-1.jpg\",\"contentUrl\":\"https:\\\/\\\/www.fcejs.unsl.edu.ar\\\/wp-content\\\/uploads\\\/2021\\\/03\\\/logo-1.jpg\",\"width\":471,\"height\":146,\"caption\":\"Facultad de Ciencias Econ\u00f3micas, Jur\u00eddicas y Sociales\"},\"image\":{\"@id\":\"https:\\\/\\\/www.fcejs.unsl.edu.ar\\\/#\\\/schema\\\/logo\\\/image\\\/\"},\"sameAs\":[\"https:\\\/\\\/www.facebook.com\\\/FCEJS.UNSL\\\/\",\"https:\\\/\\\/x.com\\\/FCEJSUNSL\",\"https:\\\/\\\/www.instagram.com\\\/fcejs.unsl\\\/\",\"https:\\\/\\\/www.youtube.com\\\/channel\\\/UCH-Ut6EaN_X5ogjIQMPe46g\\\/\"]},{\"@type\":\"Person\",\"@id\":\"https:\\\/\\\/www.fcejs.unsl.edu.ar\\\/#\\\/schema\\\/person\\\/352ee6ed90c3f394c7cb5945f8956d34\",\"name\":\"DATI\"}]}<\/script>\n<!-- \/ Yoast SEO plugin. -->","yoast_head_json":{"title":"Nueva Diplomatura sobre Proyectos Educativos en La Toma - Facultad de Ciencias Econ\u00f3micas, Jur\u00ed\u00addicas y Sociales","robots":{"index":"index","follow":"follow","max-snippet":"max-snippet:-1","max-image-preview":"max-image-preview:large","max-video-preview":"max-video-preview:-1"},"canonical":"https:\/\/www.fcejs.unsl.edu.ar\/index.php\/nueva-diplomatura-sobre-proyectos-educativos-en-la-toma\/","og_locale":"es_ES","og_type":"article","og_title":"Nueva Diplomatura sobre Proyectos Educativos en La Toma - Facultad de Ciencias Econ\u00f3micas, Jur\u00ed\u00addicas y Sociales","og_description":"La Secretar\u00eda de Extensi\u00f3n Universitaria (SEU) convoca a la comunidad de La Toma a la Diplomatura: \u201cProyectos Educativos: Cajas de Herramientas para Promover Formaci\u00f3n, Cultura,&hellip;","og_url":"https:\/\/www.fcejs.unsl.edu.ar\/index.php\/nueva-diplomatura-sobre-proyectos-educativos-en-la-toma\/","og_site_name":"Facultad de Ciencias Econ\u00f3micas, Jur\u00ed\u00addicas y Sociales","article_publisher":"https:\/\/www.facebook.com\/FCEJS.UNSL\/","article_published_time":"2023-11-21T03:50:07+00:00","article_modified_time":"2023-11-22T14:04:52+00:00","og_image":[{"width":1152,"height":647,"url":"https:\/\/www.fcejs.unsl.edu.ar\/wp-content\/uploads\/2023\/11\/SEU-LATOMA-Nueva-Diplomatura.jpg","type":"image\/jpeg"}],"author":"DATI","twitter_card":"summary_large_image","twitter_creator":"@FCEJSUNSL","twitter_site":"@FCEJSUNSL","twitter_misc":{"Escrito por":"DATI","Tiempo de lectura":"2 minutos"},"schema":{"@context":"https:\/\/schema.org","@graph":[{"@type":"Article","@id":"https:\/\/www.fcejs.unsl.edu.ar\/index.php\/nueva-diplomatura-sobre-proyectos-educativos-en-la-toma\/#article","isPartOf":{"@id":"https:\/\/www.fcejs.unsl.edu.ar\/index.php\/nueva-diplomatura-sobre-proyectos-educativos-en-la-toma\/"},"author":{"name":"DATI","@id":"https:\/\/www.fcejs.unsl.edu.ar\/#\/schema\/person\/352ee6ed90c3f394c7cb5945f8956d34"},"headline":"Nueva Diplomatura sobre Proyectos Educativos en La Toma","datePublished":"2023-11-21T03:50:07+00:00","dateModified":"2023-11-22T14:04:52+00:00","mainEntityOfPage":{"@id":"https:\/\/www.fcejs.unsl.edu.ar\/index.php\/nueva-diplomatura-sobre-proyectos-educativos-en-la-toma\/"},"wordCount":350,"publisher":{"@id":"https:\/\/www.fcejs.unsl.edu.ar\/#organization"},"image":{"@id":"https:\/\/www.fcejs.unsl.edu.ar\/index.php\/nueva-diplomatura-sobre-proyectos-educativos-en-la-toma\/#primaryimage"},"thumbnailUrl":"https:\/\/www.fcejs.unsl.edu.ar\/wp-content\/uploads\/2023\/11\/SEU-LATOMA-Nueva-Diplomatura.jpg","articleSection":["Noticias"],"inLanguage":"es-AR"},{"@type":"WebPage","@id":"https:\/\/www.fcejs.unsl.edu.ar\/index.php\/nueva-diplomatura-sobre-proyectos-educativos-en-la-toma\/","url":"https:\/\/www.fcejs.unsl.edu.ar\/index.php\/nueva-diplomatura-sobre-proyectos-educativos-en-la-toma\/","name":"Nueva Diplomatura sobre Proyectos Educativos en La Toma - Facultad de Ciencias Econ\u00f3micas, Jur\u00ed\u00addicas y Sociales","isPartOf":{"@id":"https:\/\/www.fcejs.unsl.edu.ar\/#website"},"primaryImageOfPage":{"@id":"https:\/\/www.fcejs.unsl.edu.ar\/index.php\/nueva-diplomatura-sobre-proyectos-educativos-en-la-toma\/#primaryimage"},"image":{"@id":"https:\/\/www.fcejs.unsl.edu.ar\/index.php\/nueva-diplomatura-sobre-proyectos-educativos-en-la-toma\/#primaryimage"},"thumbnailUrl":"https:\/\/www.fcejs.unsl.edu.ar\/wp-content\/uploads\/2023\/11\/SEU-LATOMA-Nueva-Diplomatura.jpg","datePublished":"2023-11-21T03:50:07+00:00","dateModified":"2023-11-22T14:04:52+00:00","breadcrumb":{"@id":"https:\/\/www.fcejs.unsl.edu.ar\/index.php\/nueva-diplomatura-sobre-proyectos-educativos-en-la-toma\/#breadcrumb"},"inLanguage":"es-AR","potentialAction":[{"@type":"ReadAction","target":["https:\/\/www.fcejs.unsl.edu.ar\/index.php\/nueva-diplomatura-sobre-proyectos-educativos-en-la-toma\/"]}]},{"@type":"ImageObject","inLanguage":"es-AR","@id":"https:\/\/www.fcejs.unsl.edu.ar\/index.php\/nueva-diplomatura-sobre-proyectos-educativos-en-la-toma\/#primaryimage","url":"https:\/\/www.fcejs.unsl.edu.ar\/wp-content\/uploads\/2023\/11\/SEU-LATOMA-Nueva-Diplomatura.jpg","contentUrl":"https:\/\/www.fcejs.unsl.edu.ar\/wp-content\/uploads\/2023\/11\/SEU-LATOMA-Nueva-Diplomatura.jpg","width":1152,"height":647},{"@type":"BreadcrumbList","@id":"https:\/\/www.fcejs.unsl.edu.ar\/index.php\/nueva-diplomatura-sobre-proyectos-educativos-en-la-toma\/#breadcrumb","itemListElement":[{"@type":"ListItem","position":1,"name":"Inicio","item":"https:\/\/www.fcejs.unsl.edu.ar\/"},{"@type":"ListItem","position":2,"name":"Nueva Diplomatura sobre Proyectos Educativos en La Toma"}]},{"@type":"WebSite","@id":"https:\/\/www.fcejs.unsl.edu.ar\/#website","url":"https:\/\/www.fcejs.unsl.edu.ar\/","name":"Facultad de Ciencias Econ\u00f3micas, Jur\u00ed\u00addicas y Sociales","description":"","publisher":{"@id":"https:\/\/www.fcejs.unsl.edu.ar\/#organization"},"potentialAction":[{"@type":"SearchAction","target":{"@type":"EntryPoint","urlTemplate":"https:\/\/www.fcejs.unsl.edu.ar\/?s={search_term_string}"},"query-input":{"@type":"PropertyValueSpecification","valueRequired":true,"valueName":"search_term_string"}}],"inLanguage":"es-AR"},{"@type":"Organization","@id":"https:\/\/www.fcejs.unsl.edu.ar\/#organization","name":"Facultad de Ciencias Econ\u00f3micas, Jur\u00eddicas y Sociales","url":"https:\/\/www.fcejs.unsl.edu.ar\/","logo":{"@type":"ImageObject","inLanguage":"es-AR","@id":"https:\/\/www.fcejs.unsl.edu.ar\/#\/schema\/logo\/image\/","url":"https:\/\/www.fcejs.unsl.edu.ar\/wp-content\/uploads\/2021\/03\/logo-1.jpg","contentUrl":"https:\/\/www.fcejs.unsl.edu.ar\/wp-content\/uploads\/2021\/03\/logo-1.jpg","width":471,"height":146,"caption":"Facultad de Ciencias Econ\u00f3micas, Jur\u00eddicas y Sociales"},"image":{"@id":"https:\/\/www.fcejs.unsl.edu.ar\/#\/schema\/logo\/image\/"},"sameAs":["https:\/\/www.facebook.com\/FCEJS.UNSL\/","https:\/\/x.com\/FCEJSUNSL","https:\/\/www.instagram.com\/fcejs.unsl\/","https:\/\/www.youtube.com\/channel\/UCH-Ut6EaN_X5ogjIQMPe46g\/"]},{"@type":"Person","@id":"https:\/\/www.fcejs.unsl.edu.ar\/#\/schema\/person\/352ee6ed90c3f394c7cb5945f8956d34","name":"DATI"}]}},"jetpack_featured_media_url":"https:\/\/www.fcejs.unsl.edu.ar\/wp-content\/uploads\/2023\/11\/SEU-LATOMA-Nueva-Diplomatura.jpg","_links":{"self":[{"href":"https:\/\/www.fcejs.unsl.edu.ar\/index.php\/wp-json\/wp\/v2\/posts\/14395","targetHints":{"allow":["GET"]}}],"collection":[{"href":"https:\/\/www.fcejs.unsl.edu.ar\/index.php\/wp-json\/wp\/v2\/posts"}],"about":[{"href":"https:\/\/www.fcejs.unsl.edu.ar\/index.php\/wp-json\/wp\/v2\/types\/post"}],"author":[{"embeddable":true,"href":"https:\/\/www.fcejs.unsl.edu.ar\/index.php\/wp-json\/wp\/v2\/users\/9"}],"replies":[{"embeddable":true,"href":"https:\/\/www.fcejs.unsl.edu.ar\/index.php\/wp-json\/wp\/v2\/comments?post=14395"}],"version-history":[{"count":1,"href":"https:\/\/www.fcejs.unsl.edu.ar\/index.php\/wp-json\/wp\/v2\/posts\/14395\/revisions"}],"predecessor-version":[{"id":14397,"href":"https:\/\/www.fcejs.unsl.edu.ar\/index.php\/wp-json\/wp\/v2\/posts\/14395\/revisions\/14397"}],"wp:featuredmedia":[{"embeddable":true,"href":"https:\/\/www.fcejs.unsl.edu.ar\/index.php\/wp-json\/wp\/v2\/media\/14396"}],"wp:attachment":[{"href":"https:\/\/www.fcejs.unsl.edu.ar\/index.php\/wp-json\/wp\/v2\/media?parent=14395"}],"wp:term":[{"taxonomy":"category","embeddable":true,"href":"https:\/\/www.fcejs.unsl.edu.ar\/index.php\/wp-json\/wp\/v2\/categories?post=14395"},{"taxonomy":"post_tag","embeddable":true,"href":"https:\/\/www.fcejs.unsl.edu.ar\/index.php\/wp-json\/wp\/v2\/tags?post=14395"}],"curies":[{"name":"wp","href":"https:\/\/api.w.org\/{rel}","templated":true}]}}