{"id":14346,"date":"2023-11-23T13:25:23","date_gmt":"2023-11-23T16:25:23","guid":{"rendered":"http:\/\/10.101.10.197\/www\/?p=14346"},"modified":"2023-11-29T14:57:46","modified_gmt":"2023-11-29T17:57:46","slug":"jornada-en-derecho-laboral-carga-de-la-prueba-en-casos-de-discriminacion-y-violencia-en-mundo-del-trabajo","status":"publish","type":"post","link":"https:\/\/www.fcejs.unsl.edu.ar\/index.php\/jornada-en-derecho-laboral-carga-de-la-prueba-en-casos-de-discriminacion-y-violencia-en-mundo-del-trabajo\/","title":{"rendered":"Jornada en Derecho Laboral \u201cCarga de la prueba en casos de discriminaci\u00f3n y violencia en mundo del trabajo\u201d"},"content":{"rendered":"<p>La Secretar\u00eda de Investigaci\u00f3n y Posgrado informa que el martes 28 de noviembre, se realizar\u00e1 la Jornada en Derecho Laboral \u201cCarga de la prueba en casos de discriminaci\u00f3n y violencia en mundo del trabajo\u201d, en la que disertar\u00e1n el Dr. Sebasti\u00e1n Coppoletta, la Esp. Adela del Valle P\u00e9rez del Viso y el Mgtr. Gustavo Pereira.<\/p>\n<p>Este encuentro <strong>arancelado,<\/strong> se desarrollar\u00e1 de forma presencial a partir de las 17 horas en el Aula de Posgrado del Campus Universitario. Moderar\u00e1n las Especialistas Mar\u00eda Laura Estrada y Silvina Marrau. Organizan el Colegio de Abogados y Procuradores de Villa Mercedes y el Departamento de Ciencias Jur\u00eddicas y Pol\u00edticas de FCEJS.<\/p>\n<p>En esta jornada de capacitaci\u00f3n se realizar\u00e1 una revisi\u00f3n y debate sobre las \u00faltimas tendencias nacionales y provinciales sobre carga de la prueba en casos de discriminaci\u00f3n y violencia en el mundo del trabajo, haciendo un an\u00e1lisis de los Convenios 111 y 190 de OIT. Se abordar\u00e1 los ejes tem\u00e1ticos relacionados a la conceptualizaci\u00f3n de carga de la prueba y est\u00e1ndar probatorio; diferencia entre cargas din\u00e1micas e inversi\u00f3n probatoria; carga de la prueba y est\u00e1ndar probatorio en materia de discriminaci\u00f3n; carga de la prueba en materia de violencia laboral y efectos.<\/p>\n<p><strong>S\u00edntesis curricular de los disertantes:<\/strong><\/p>\n<p>Dr. Sebasti\u00e1n Coppoletta: Doctor en derecho (UNL). Mgter. en Derecho (Austral). Master of Laws (Kent \u2013 E.E.U.U.). Abogado (UNL). Curs\u00f3 International LabourStandardsforJudges, Lawyers and Legal Educators (OIT). Curs\u00f3 para expertos latinoamericanos en relaciones laborales en la Universidad de Castilla-La Mancha, Espa\u00f1a. Juez de C\u00e1mara \u2013 Poder Judicial de Santa Fe. Ex Secretario de redacci\u00f3n de la Revista de Derecho laboral, Editorial RubinzalCulzoni. Profesor de grado y posgrado de diversas universidades nacionales.<\/p>\n<p>Esp. Adela P\u00e9rez del Viso: Abogada (UNL 1986) Notaria (UNL 1988), Profesora de ingl\u00e9s (IFDC San Luis 2014), Especialista en Educaci\u00f3n en entornos virtuales (U.N. Quilmes 2023), Especialista en Educaci\u00f3n y DDHH\u00a0 y en Educaci\u00f3n y TIC (IFDC San Luis 2017 y 2018), Diplomada en Derecho de las familias (2017 UCCUYO San Luis), Maestranda en Derecho del trabajo y relaciones internacionales con tesis ya aceptada y faltando su defensa (UNTREF), Juez Civil y Laboral en Concar\u00e1n, San Luis (2021 a 2022), Juez de C\u00e1mara, Sala Laboral, en San Luis (2022 a 2023) y actualmente desde mayo 2023\u00a0 Juez Laboral n\u00famero uno de San Luis (provisoria); profesora de Derecho laboral y de Oratoria y an\u00e1lisis de textos jur\u00eddicos y razonamiento jur\u00eddico aplicado, en la UCCUYO San Luis y San Juan. En Curso, Diplomatura en Filosof\u00eda y Derecho, en el Centro de Formaci\u00f3n judicial del Consejo de la Magistratura de C.A.B.A., Miembro de la Asociaci\u00f3n Mujeres juezas de Argentina (AMJA) y miembro de la AIDTSS (asociaci\u00f3n internacional de derecho del trabajo y seguridad social Guillermo Cabanellas).<\/p>\n<p>Mgtr. Gustavo Alfredo Pereira: Magister en Derecho del Trabajo y Relaciones Laborales (Austral). Diplomado en Derecho del Trabajo y Relaciones Laborales (Autral). Docente de grado y posgrado (UNSL). Abogado litigante en la Provincia de San Luis. Miembro de la Asociaci\u00f3n Argentina de Derecho del Trabajo y Seguridad Social.<\/p>\n<p>&nbsp;<\/p>\n<p><strong>Inscripciones v\u00eda WhatsApp: 2657 -602053<\/strong><\/p>\n","protected":false},"excerpt":{"rendered":"<p>La Secretar\u00eda de Investigaci\u00f3n y Posgrado informa que el martes 28 de noviembre, se realizar\u00e1 la Jornada en Derecho Laboral \u201cCarga de la prueba en&hellip;<\/p>\n","protected":false},"author":9,"featured_media":14347,"comment_status":"closed","ping_status":"closed","sticky":false,"template":"","format":"standard","meta":{"om_disable_all_campaigns":false,"_monsterinsights_skip_tracking":false,"_monsterinsights_sitenote_active":false,"_monsterinsights_sitenote_note":"","_monsterinsights_sitenote_category":0,"footnotes":""},"categories":[1],"tags":[],"class_list":["post-14346","post","type-post","status-publish","format-standard","has-post-thumbnail","hentry","category-noticias"],"yoast_head":"<!-- This site is optimized with the Yoast SEO plugin v27.5 - https:\/\/yoast.com\/product\/yoast-seo-wordpress\/ -->\n<title>Jornada en Derecho Laboral \u201cCarga de la prueba en casos de discriminaci\u00f3n y violencia en mundo del trabajo\u201d - Facultad de Ciencias Econ\u00f3micas, Jur\u00ed\u00addicas y Sociales<\/title>\n<meta name=\"robots\" content=\"index, follow, max-snippet:-1, max-image-preview:large, max-video-preview:-1\" \/>\n<link rel=\"canonical\" href=\"https:\/\/www.fcejs.unsl.edu.ar\/index.php\/jornada-en-derecho-laboral-carga-de-la-prueba-en-casos-de-discriminacion-y-violencia-en-mundo-del-trabajo\/\" \/>\n<meta property=\"og:locale\" content=\"es_ES\" \/>\n<meta property=\"og:type\" content=\"article\" \/>\n<meta property=\"og:title\" content=\"Jornada en Derecho Laboral \u201cCarga de la prueba en casos de discriminaci\u00f3n y violencia en mundo del trabajo\u201d - Facultad de Ciencias Econ\u00f3micas, Jur\u00ed\u00addicas y Sociales\" \/>\n<meta property=\"og:description\" content=\"La Secretar\u00eda de Investigaci\u00f3n y Posgrado informa que el martes 28 de noviembre, se realizar\u00e1 la Jornada en Derecho Laboral \u201cCarga de la prueba en&hellip;\" \/>\n<meta property=\"og:url\" content=\"https:\/\/www.fcejs.unsl.edu.ar\/index.php\/jornada-en-derecho-laboral-carga-de-la-prueba-en-casos-de-discriminacion-y-violencia-en-mundo-del-trabajo\/\" \/>\n<meta property=\"og:site_name\" content=\"Facultad de Ciencias Econ\u00f3micas, Jur\u00ed\u00addicas y Sociales\" \/>\n<meta property=\"article:publisher\" content=\"https:\/\/www.facebook.com\/FCEJS.UNSL\/\" \/>\n<meta property=\"article:published_time\" content=\"2023-11-23T16:25:23+00:00\" \/>\n<meta property=\"article:modified_time\" content=\"2023-11-29T17:57:46+00:00\" \/>\n<meta property=\"og:image\" content=\"https:\/\/www.fcejs.unsl.edu.ar\/wp-content\/uploads\/2023\/11\/FLYER-JORNADA-DERECHO-LABORAL-ACOSO-front.jpg\" \/>\n\t<meta property=\"og:image:width\" content=\"1152\" \/>\n\t<meta property=\"og:image:height\" content=\"647\" \/>\n\t<meta property=\"og:image:type\" content=\"image\/jpeg\" \/>\n<meta name=\"author\" content=\"DATI\" \/>\n<meta name=\"twitter:card\" content=\"summary_large_image\" \/>\n<meta name=\"twitter:creator\" content=\"@FCEJSUNSL\" \/>\n<meta name=\"twitter:site\" content=\"@FCEJSUNSL\" \/>\n<meta name=\"twitter:label1\" content=\"Escrito por\" \/>\n\t<meta name=\"twitter:data1\" content=\"DATI\" \/>\n\t<meta name=\"twitter:label2\" content=\"Tiempo de lectura\" \/>\n\t<meta name=\"twitter:data2\" content=\"3 minutos\" \/>\n<script type=\"application\/ld+json\" class=\"yoast-schema-graph\">{\"@context\":\"https:\\\/\\\/schema.org\",\"@graph\":[{\"@type\":\"Article\",\"@id\":\"https:\\\/\\\/www.fcejs.unsl.edu.ar\\\/index.php\\\/jornada-en-derecho-laboral-carga-de-la-prueba-en-casos-de-discriminacion-y-violencia-en-mundo-del-trabajo\\\/#article\",\"isPartOf\":{\"@id\":\"https:\\\/\\\/www.fcejs.unsl.edu.ar\\\/index.php\\\/jornada-en-derecho-laboral-carga-de-la-prueba-en-casos-de-discriminacion-y-violencia-en-mundo-del-trabajo\\\/\"},\"author\":{\"name\":\"DATI\",\"@id\":\"https:\\\/\\\/www.fcejs.unsl.edu.ar\\\/#\\\/schema\\\/person\\\/352ee6ed90c3f394c7cb5945f8956d34\"},\"headline\":\"Jornada en Derecho Laboral \u201cCarga de la prueba en casos de discriminaci\u00f3n y violencia en mundo del trabajo\u201d\",\"datePublished\":\"2023-11-23T16:25:23+00:00\",\"dateModified\":\"2023-11-29T17:57:46+00:00\",\"mainEntityOfPage\":{\"@id\":\"https:\\\/\\\/www.fcejs.unsl.edu.ar\\\/index.php\\\/jornada-en-derecho-laboral-carga-de-la-prueba-en-casos-de-discriminacion-y-violencia-en-mundo-del-trabajo\\\/\"},\"wordCount\":551,\"publisher\":{\"@id\":\"https:\\\/\\\/www.fcejs.unsl.edu.ar\\\/#organization\"},\"image\":{\"@id\":\"https:\\\/\\\/www.fcejs.unsl.edu.ar\\\/index.php\\\/jornada-en-derecho-laboral-carga-de-la-prueba-en-casos-de-discriminacion-y-violencia-en-mundo-del-trabajo\\\/#primaryimage\"},\"thumbnailUrl\":\"https:\\\/\\\/www.fcejs.unsl.edu.ar\\\/wp-content\\\/uploads\\\/2023\\\/11\\\/FLYER-JORNADA-DERECHO-LABORAL-ACOSO-front.jpg\",\"articleSection\":[\"Noticias\"],\"inLanguage\":\"es-AR\"},{\"@type\":\"WebPage\",\"@id\":\"https:\\\/\\\/www.fcejs.unsl.edu.ar\\\/index.php\\\/jornada-en-derecho-laboral-carga-de-la-prueba-en-casos-de-discriminacion-y-violencia-en-mundo-del-trabajo\\\/\",\"url\":\"https:\\\/\\\/www.fcejs.unsl.edu.ar\\\/index.php\\\/jornada-en-derecho-laboral-carga-de-la-prueba-en-casos-de-discriminacion-y-violencia-en-mundo-del-trabajo\\\/\",\"name\":\"Jornada en Derecho Laboral \u201cCarga de la prueba en casos de discriminaci\u00f3n y violencia en mundo del trabajo\u201d - Facultad de Ciencias Econ\u00f3micas, Jur\u00ed\u00addicas y Sociales\",\"isPartOf\":{\"@id\":\"https:\\\/\\\/www.fcejs.unsl.edu.ar\\\/#website\"},\"primaryImageOfPage\":{\"@id\":\"https:\\\/\\\/www.fcejs.unsl.edu.ar\\\/index.php\\\/jornada-en-derecho-laboral-carga-de-la-prueba-en-casos-de-discriminacion-y-violencia-en-mundo-del-trabajo\\\/#primaryimage\"},\"image\":{\"@id\":\"https:\\\/\\\/www.fcejs.unsl.edu.ar\\\/index.php\\\/jornada-en-derecho-laboral-carga-de-la-prueba-en-casos-de-discriminacion-y-violencia-en-mundo-del-trabajo\\\/#primaryimage\"},\"thumbnailUrl\":\"https:\\\/\\\/www.fcejs.unsl.edu.ar\\\/wp-content\\\/uploads\\\/2023\\\/11\\\/FLYER-JORNADA-DERECHO-LABORAL-ACOSO-front.jpg\",\"datePublished\":\"2023-11-23T16:25:23+00:00\",\"dateModified\":\"2023-11-29T17:57:46+00:00\",\"breadcrumb\":{\"@id\":\"https:\\\/\\\/www.fcejs.unsl.edu.ar\\\/index.php\\\/jornada-en-derecho-laboral-carga-de-la-prueba-en-casos-de-discriminacion-y-violencia-en-mundo-del-trabajo\\\/#breadcrumb\"},\"inLanguage\":\"es-AR\",\"potentialAction\":[{\"@type\":\"ReadAction\",\"target\":[\"https:\\\/\\\/www.fcejs.unsl.edu.ar\\\/index.php\\\/jornada-en-derecho-laboral-carga-de-la-prueba-en-casos-de-discriminacion-y-violencia-en-mundo-del-trabajo\\\/\"]}]},{\"@type\":\"ImageObject\",\"inLanguage\":\"es-AR\",\"@id\":\"https:\\\/\\\/www.fcejs.unsl.edu.ar\\\/index.php\\\/jornada-en-derecho-laboral-carga-de-la-prueba-en-casos-de-discriminacion-y-violencia-en-mundo-del-trabajo\\\/#primaryimage\",\"url\":\"https:\\\/\\\/www.fcejs.unsl.edu.ar\\\/wp-content\\\/uploads\\\/2023\\\/11\\\/FLYER-JORNADA-DERECHO-LABORAL-ACOSO-front.jpg\",\"contentUrl\":\"https:\\\/\\\/www.fcejs.unsl.edu.ar\\\/wp-content\\\/uploads\\\/2023\\\/11\\\/FLYER-JORNADA-DERECHO-LABORAL-ACOSO-front.jpg\",\"width\":1152,\"height\":647},{\"@type\":\"BreadcrumbList\",\"@id\":\"https:\\\/\\\/www.fcejs.unsl.edu.ar\\\/index.php\\\/jornada-en-derecho-laboral-carga-de-la-prueba-en-casos-de-discriminacion-y-violencia-en-mundo-del-trabajo\\\/#breadcrumb\",\"itemListElement\":[{\"@type\":\"ListItem\",\"position\":1,\"name\":\"Inicio\",\"item\":\"https:\\\/\\\/www.fcejs.unsl.edu.ar\\\/\"},{\"@type\":\"ListItem\",\"position\":2,\"name\":\"Jornada en Derecho Laboral \u201cCarga de la prueba en casos de discriminaci\u00f3n y violencia en mundo del trabajo\u201d\"}]},{\"@type\":\"WebSite\",\"@id\":\"https:\\\/\\\/www.fcejs.unsl.edu.ar\\\/#website\",\"url\":\"https:\\\/\\\/www.fcejs.unsl.edu.ar\\\/\",\"name\":\"Facultad de Ciencias Econ\u00f3micas, Jur\u00ed\u00addicas y Sociales\",\"description\":\"\",\"publisher\":{\"@id\":\"https:\\\/\\\/www.fcejs.unsl.edu.ar\\\/#organization\"},\"potentialAction\":[{\"@type\":\"SearchAction\",\"target\":{\"@type\":\"EntryPoint\",\"urlTemplate\":\"https:\\\/\\\/www.fcejs.unsl.edu.ar\\\/?s={search_term_string}\"},\"query-input\":{\"@type\":\"PropertyValueSpecification\",\"valueRequired\":true,\"valueName\":\"search_term_string\"}}],\"inLanguage\":\"es-AR\"},{\"@type\":\"Organization\",\"@id\":\"https:\\\/\\\/www.fcejs.unsl.edu.ar\\\/#organization\",\"name\":\"Facultad de Ciencias Econ\u00f3micas, Jur\u00eddicas y Sociales\",\"url\":\"https:\\\/\\\/www.fcejs.unsl.edu.ar\\\/\",\"logo\":{\"@type\":\"ImageObject\",\"inLanguage\":\"es-AR\",\"@id\":\"https:\\\/\\\/www.fcejs.unsl.edu.ar\\\/#\\\/schema\\\/logo\\\/image\\\/\",\"url\":\"https:\\\/\\\/www.fcejs.unsl.edu.ar\\\/wp-content\\\/uploads\\\/2021\\\/03\\\/logo-1.jpg\",\"contentUrl\":\"https:\\\/\\\/www.fcejs.unsl.edu.ar\\\/wp-content\\\/uploads\\\/2021\\\/03\\\/logo-1.jpg\",\"width\":471,\"height\":146,\"caption\":\"Facultad de Ciencias Econ\u00f3micas, Jur\u00eddicas y Sociales\"},\"image\":{\"@id\":\"https:\\\/\\\/www.fcejs.unsl.edu.ar\\\/#\\\/schema\\\/logo\\\/image\\\/\"},\"sameAs\":[\"https:\\\/\\\/www.facebook.com\\\/FCEJS.UNSL\\\/\",\"https:\\\/\\\/x.com\\\/FCEJSUNSL\",\"https:\\\/\\\/www.instagram.com\\\/fcejs.unsl\\\/\",\"https:\\\/\\\/www.youtube.com\\\/channel\\\/UCH-Ut6EaN_X5ogjIQMPe46g\\\/\"]},{\"@type\":\"Person\",\"@id\":\"https:\\\/\\\/www.fcejs.unsl.edu.ar\\\/#\\\/schema\\\/person\\\/352ee6ed90c3f394c7cb5945f8956d34\",\"name\":\"DATI\"}]}<\/script>\n<!-- \/ Yoast SEO plugin. -->","yoast_head_json":{"title":"Jornada en Derecho Laboral \u201cCarga de la prueba en casos de discriminaci\u00f3n y violencia en mundo del trabajo\u201d - Facultad de Ciencias Econ\u00f3micas, Jur\u00ed\u00addicas y Sociales","robots":{"index":"index","follow":"follow","max-snippet":"max-snippet:-1","max-image-preview":"max-image-preview:large","max-video-preview":"max-video-preview:-1"},"canonical":"https:\/\/www.fcejs.unsl.edu.ar\/index.php\/jornada-en-derecho-laboral-carga-de-la-prueba-en-casos-de-discriminacion-y-violencia-en-mundo-del-trabajo\/","og_locale":"es_ES","og_type":"article","og_title":"Jornada en Derecho Laboral \u201cCarga de la prueba en casos de discriminaci\u00f3n y violencia en mundo del trabajo\u201d - Facultad de Ciencias Econ\u00f3micas, Jur\u00ed\u00addicas y Sociales","og_description":"La Secretar\u00eda de Investigaci\u00f3n y Posgrado informa que el martes 28 de noviembre, se realizar\u00e1 la Jornada en Derecho Laboral \u201cCarga de la prueba en&hellip;","og_url":"https:\/\/www.fcejs.unsl.edu.ar\/index.php\/jornada-en-derecho-laboral-carga-de-la-prueba-en-casos-de-discriminacion-y-violencia-en-mundo-del-trabajo\/","og_site_name":"Facultad de Ciencias Econ\u00f3micas, Jur\u00ed\u00addicas y Sociales","article_publisher":"https:\/\/www.facebook.com\/FCEJS.UNSL\/","article_published_time":"2023-11-23T16:25:23+00:00","article_modified_time":"2023-11-29T17:57:46+00:00","og_image":[{"width":1152,"height":647,"url":"https:\/\/www.fcejs.unsl.edu.ar\/wp-content\/uploads\/2023\/11\/FLYER-JORNADA-DERECHO-LABORAL-ACOSO-front.jpg","type":"image\/jpeg"}],"author":"DATI","twitter_card":"summary_large_image","twitter_creator":"@FCEJSUNSL","twitter_site":"@FCEJSUNSL","twitter_misc":{"Escrito por":"DATI","Tiempo de lectura":"3 minutos"},"schema":{"@context":"https:\/\/schema.org","@graph":[{"@type":"Article","@id":"https:\/\/www.fcejs.unsl.edu.ar\/index.php\/jornada-en-derecho-laboral-carga-de-la-prueba-en-casos-de-discriminacion-y-violencia-en-mundo-del-trabajo\/#article","isPartOf":{"@id":"https:\/\/www.fcejs.unsl.edu.ar\/index.php\/jornada-en-derecho-laboral-carga-de-la-prueba-en-casos-de-discriminacion-y-violencia-en-mundo-del-trabajo\/"},"author":{"name":"DATI","@id":"https:\/\/www.fcejs.unsl.edu.ar\/#\/schema\/person\/352ee6ed90c3f394c7cb5945f8956d34"},"headline":"Jornada en Derecho Laboral \u201cCarga de la prueba en casos de discriminaci\u00f3n y violencia en mundo del trabajo\u201d","datePublished":"2023-11-23T16:25:23+00:00","dateModified":"2023-11-29T17:57:46+00:00","mainEntityOfPage":{"@id":"https:\/\/www.fcejs.unsl.edu.ar\/index.php\/jornada-en-derecho-laboral-carga-de-la-prueba-en-casos-de-discriminacion-y-violencia-en-mundo-del-trabajo\/"},"wordCount":551,"publisher":{"@id":"https:\/\/www.fcejs.unsl.edu.ar\/#organization"},"image":{"@id":"https:\/\/www.fcejs.unsl.edu.ar\/index.php\/jornada-en-derecho-laboral-carga-de-la-prueba-en-casos-de-discriminacion-y-violencia-en-mundo-del-trabajo\/#primaryimage"},"thumbnailUrl":"https:\/\/www.fcejs.unsl.edu.ar\/wp-content\/uploads\/2023\/11\/FLYER-JORNADA-DERECHO-LABORAL-ACOSO-front.jpg","articleSection":["Noticias"],"inLanguage":"es-AR"},{"@type":"WebPage","@id":"https:\/\/www.fcejs.unsl.edu.ar\/index.php\/jornada-en-derecho-laboral-carga-de-la-prueba-en-casos-de-discriminacion-y-violencia-en-mundo-del-trabajo\/","url":"https:\/\/www.fcejs.unsl.edu.ar\/index.php\/jornada-en-derecho-laboral-carga-de-la-prueba-en-casos-de-discriminacion-y-violencia-en-mundo-del-trabajo\/","name":"Jornada en Derecho Laboral \u201cCarga de la prueba en casos de discriminaci\u00f3n y violencia en mundo del trabajo\u201d - Facultad de Ciencias Econ\u00f3micas, Jur\u00ed\u00addicas y Sociales","isPartOf":{"@id":"https:\/\/www.fcejs.unsl.edu.ar\/#website"},"primaryImageOfPage":{"@id":"https:\/\/www.fcejs.unsl.edu.ar\/index.php\/jornada-en-derecho-laboral-carga-de-la-prueba-en-casos-de-discriminacion-y-violencia-en-mundo-del-trabajo\/#primaryimage"},"image":{"@id":"https:\/\/www.fcejs.unsl.edu.ar\/index.php\/jornada-en-derecho-laboral-carga-de-la-prueba-en-casos-de-discriminacion-y-violencia-en-mundo-del-trabajo\/#primaryimage"},"thumbnailUrl":"https:\/\/www.fcejs.unsl.edu.ar\/wp-content\/uploads\/2023\/11\/FLYER-JORNADA-DERECHO-LABORAL-ACOSO-front.jpg","datePublished":"2023-11-23T16:25:23+00:00","dateModified":"2023-11-29T17:57:46+00:00","breadcrumb":{"@id":"https:\/\/www.fcejs.unsl.edu.ar\/index.php\/jornada-en-derecho-laboral-carga-de-la-prueba-en-casos-de-discriminacion-y-violencia-en-mundo-del-trabajo\/#breadcrumb"},"inLanguage":"es-AR","potentialAction":[{"@type":"ReadAction","target":["https:\/\/www.fcejs.unsl.edu.ar\/index.php\/jornada-en-derecho-laboral-carga-de-la-prueba-en-casos-de-discriminacion-y-violencia-en-mundo-del-trabajo\/"]}]},{"@type":"ImageObject","inLanguage":"es-AR","@id":"https:\/\/www.fcejs.unsl.edu.ar\/index.php\/jornada-en-derecho-laboral-carga-de-la-prueba-en-casos-de-discriminacion-y-violencia-en-mundo-del-trabajo\/#primaryimage","url":"https:\/\/www.fcejs.unsl.edu.ar\/wp-content\/uploads\/2023\/11\/FLYER-JORNADA-DERECHO-LABORAL-ACOSO-front.jpg","contentUrl":"https:\/\/www.fcejs.unsl.edu.ar\/wp-content\/uploads\/2023\/11\/FLYER-JORNADA-DERECHO-LABORAL-ACOSO-front.jpg","width":1152,"height":647},{"@type":"BreadcrumbList","@id":"https:\/\/www.fcejs.unsl.edu.ar\/index.php\/jornada-en-derecho-laboral-carga-de-la-prueba-en-casos-de-discriminacion-y-violencia-en-mundo-del-trabajo\/#breadcrumb","itemListElement":[{"@type":"ListItem","position":1,"name":"Inicio","item":"https:\/\/www.fcejs.unsl.edu.ar\/"},{"@type":"ListItem","position":2,"name":"Jornada en Derecho Laboral \u201cCarga de la prueba en casos de discriminaci\u00f3n y violencia en mundo del trabajo\u201d"}]},{"@type":"WebSite","@id":"https:\/\/www.fcejs.unsl.edu.ar\/#website","url":"https:\/\/www.fcejs.unsl.edu.ar\/","name":"Facultad de Ciencias Econ\u00f3micas, Jur\u00ed\u00addicas y Sociales","description":"","publisher":{"@id":"https:\/\/www.fcejs.unsl.edu.ar\/#organization"},"potentialAction":[{"@type":"SearchAction","target":{"@type":"EntryPoint","urlTemplate":"https:\/\/www.fcejs.unsl.edu.ar\/?s={search_term_string}"},"query-input":{"@type":"PropertyValueSpecification","valueRequired":true,"valueName":"search_term_string"}}],"inLanguage":"es-AR"},{"@type":"Organization","@id":"https:\/\/www.fcejs.unsl.edu.ar\/#organization","name":"Facultad de Ciencias Econ\u00f3micas, Jur\u00eddicas y Sociales","url":"https:\/\/www.fcejs.unsl.edu.ar\/","logo":{"@type":"ImageObject","inLanguage":"es-AR","@id":"https:\/\/www.fcejs.unsl.edu.ar\/#\/schema\/logo\/image\/","url":"https:\/\/www.fcejs.unsl.edu.ar\/wp-content\/uploads\/2021\/03\/logo-1.jpg","contentUrl":"https:\/\/www.fcejs.unsl.edu.ar\/wp-content\/uploads\/2021\/03\/logo-1.jpg","width":471,"height":146,"caption":"Facultad de Ciencias Econ\u00f3micas, Jur\u00eddicas y Sociales"},"image":{"@id":"https:\/\/www.fcejs.unsl.edu.ar\/#\/schema\/logo\/image\/"},"sameAs":["https:\/\/www.facebook.com\/FCEJS.UNSL\/","https:\/\/x.com\/FCEJSUNSL","https:\/\/www.instagram.com\/fcejs.unsl\/","https:\/\/www.youtube.com\/channel\/UCH-Ut6EaN_X5ogjIQMPe46g\/"]},{"@type":"Person","@id":"https:\/\/www.fcejs.unsl.edu.ar\/#\/schema\/person\/352ee6ed90c3f394c7cb5945f8956d34","name":"DATI"}]}},"jetpack_featured_media_url":"https:\/\/www.fcejs.unsl.edu.ar\/wp-content\/uploads\/2023\/11\/FLYER-JORNADA-DERECHO-LABORAL-ACOSO-front.jpg","_links":{"self":[{"href":"https:\/\/www.fcejs.unsl.edu.ar\/index.php\/wp-json\/wp\/v2\/posts\/14346","targetHints":{"allow":["GET"]}}],"collection":[{"href":"https:\/\/www.fcejs.unsl.edu.ar\/index.php\/wp-json\/wp\/v2\/posts"}],"about":[{"href":"https:\/\/www.fcejs.unsl.edu.ar\/index.php\/wp-json\/wp\/v2\/types\/post"}],"author":[{"embeddable":true,"href":"https:\/\/www.fcejs.unsl.edu.ar\/index.php\/wp-json\/wp\/v2\/users\/9"}],"replies":[{"embeddable":true,"href":"https:\/\/www.fcejs.unsl.edu.ar\/index.php\/wp-json\/wp\/v2\/comments?post=14346"}],"version-history":[{"count":3,"href":"https:\/\/www.fcejs.unsl.edu.ar\/index.php\/wp-json\/wp\/v2\/posts\/14346\/revisions"}],"predecessor-version":[{"id":14350,"href":"https:\/\/www.fcejs.unsl.edu.ar\/index.php\/wp-json\/wp\/v2\/posts\/14346\/revisions\/14350"}],"wp:featuredmedia":[{"embeddable":true,"href":"https:\/\/www.fcejs.unsl.edu.ar\/index.php\/wp-json\/wp\/v2\/media\/14347"}],"wp:attachment":[{"href":"https:\/\/www.fcejs.unsl.edu.ar\/index.php\/wp-json\/wp\/v2\/media?parent=14346"}],"wp:term":[{"taxonomy":"category","embeddable":true,"href":"https:\/\/www.fcejs.unsl.edu.ar\/index.php\/wp-json\/wp\/v2\/categories?post=14346"},{"taxonomy":"post_tag","embeddable":true,"href":"https:\/\/www.fcejs.unsl.edu.ar\/index.php\/wp-json\/wp\/v2\/tags?post=14346"}],"curies":[{"name":"wp","href":"https:\/\/api.w.org\/{rel}","templated":true}]}}