{"id":14259,"date":"2023-10-31T12:31:04","date_gmt":"2023-10-31T15:31:04","guid":{"rendered":"http:\/\/10.101.10.197\/www\/?p=14259"},"modified":"2023-10-31T12:42:24","modified_gmt":"2023-10-31T15:42:24","slug":"mujeres-afroargentinas-y-afrodescendientes-de-villa-de-merlo-brindaron-un-conversatorio","status":"publish","type":"post","link":"https:\/\/www.fcejs.unsl.edu.ar\/index.php\/mujeres-afroargentinas-y-afrodescendientes-de-villa-de-merlo-brindaron-un-conversatorio\/","title":{"rendered":"Integrantes de la Comunidad de Mujeres Afroargentinas y Afrodescendientes de Villa de Merlo brindaron un conversatorio"},"content":{"rendered":"<p>La Secretar\u00eda de Extensi\u00f3n Universitaria informa que, el pasado jueves 26 de octubre, se realiz\u00f3 en la FCEJS el conversatorio \u201cHistoria invisibilizada de Afrodescendientes en Argentina. Racismo\u201d, que cont\u00f3 con la participaci\u00f3n de las integrantes de la Comunidad de Mujeres Afroargentinas y Afrodescendientes de Villa de Merlo \u201cTrenzar Ra\u00edz\u201d, Aldana S\u00e1nchez, Cynthia Lucero, \u00c1ngela Gim\u00e9nez Abregu, Sixcelis Ram\u00edrez.<\/p>\n<p>Impulsado por el Programa de G\u00e9nero, Sociedad y Universidad de la FCEJS, a este encuentro tambi\u00e9n asistieron estudiantes y docentes de las carreras de la FCEJS y IFDC, donde hubo un gran inter\u00e9s en la tem\u00e1tica, para la implementaci\u00f3n de la curriculas en el sistema educativo y efem\u00e9rides.<\/p>\n<p>Esta actividad tuvo como finalidad visibilizar la historia silenciada y negada por siglos a trav\u00e9s de procesos de blanqueamiento y colonizaci\u00f3n de la afrodescendencia en argentina. Las y los integrantes del Programa estableces que comprometerse contra el racismo estructural y otras formas de opresi\u00f3n como el sexismo, exclusi\u00f3n, violencia y pobreza que opera en la Argentina es comprometerse \u201ccon visibilizar las formas de resistencia cultural de las comunidades afroargentinas, afrodescendientes y africanas a trav\u00e9s de sus expresiones art\u00edsticas, oficios tradicionales y memorias construidas durante generaciones como parte constitutiva de la identidad nacional. Este fue un espacio de formaci\u00f3n y reflexi\u00f3n con la comunidad educativa, como herramientas fundamentales para el reconocimiento de las comunidades Afrodescendientes y las problem\u00e1ticas que atraviesan\u201d.<\/p>\n<p>La actividad estuvo enmarcada por los 10 a\u00f1os de la Declaraci\u00f3n del 8 de noviembre como el d\u00eda Nacional de las\/los Afroargentinas\/os y la Cultura Afro\u201d. Ley 26852 (art 3) Asimismo, busca visibilizar la historia de las afrodescendencias en Argentina y esta revisi\u00f3n hist\u00f3rica y social est\u00e1 enmarcada dentro de los lineamientos de la Ley de Educaci\u00f3n Nacional 26206 (art.92)<\/p>\n<p>Como cierre de la nota, el Programa de G\u00e9nero, Sociedad y Universidad comparte la siguiente cita de \u00c1ngela Davis:<\/p>\n<blockquote><p><strong>\u201cNo podemos asumir que el racismo es sobre todo un problema para aquellos q lo padecen. El racismo distorsiona y corrompe instituciones y mentes, crea una asunci\u00f3n de superioridad, produce el privilegio blanco&#8221;<\/strong><\/p><\/blockquote>\n<p>&nbsp;<\/p>\n<div class=\"gmedia_gallery phantom_module is_bot\" id=\"GmediaGallery_175\" data-gmid=\"175\" data-module=\"phantom\"><style type='text\/css' class='gmedia_module_style_import'>@import url('https:\/\/www.fcejs.unsl.edu.ar\/wp-content\/plugins\/grand-media\/module\/phantom\/css\/style.css') all;<\/style>    <div class=\"gmPhantom_Container noLightbox\" >\r\n                <div class=\"gmPhantom_thumbsWrapper gmPhantom_ThumbScale gmPhantom_LabelHover\">\r\n                        <div class=\"gmPhantom_ThumbContainer gmPhantom_ThumbLoader\" data-id=\"2595\" data-post_id=\"14264\" data-ratio=\"0.56285178236398\" data-type=\"image\" data-ext=\"jpeg\" data-views=\"5\" data-likes=\"0\" data-cc=\"0\" data-post_link=\"https:\/\/www.fcejs.unsl.edu.ar\/index.php\/gmedia\/conversatiro-programa-genero_7_-jpeg\/\">\r\n                <a href=\"https:\/\/www.fcejs.unsl.edu.ar\/wp-content\/grand-media\/image\/conversatiro-programa-genero_7_.jpeg\" class=\"gmPhantom_Thumb\"><img decoding=\"async\" src=\"https:\/\/www.fcejs.unsl.edu.ar\/wp-content\/grand-media\/image\/thumb\/conversatiro-programa-genero_7_.jpeg\" data-src=\"https:\/\/www.fcejs.unsl.edu.ar\/wp-content\/grand-media\/image\/conversatiro-programa-genero_7_.jpeg\" alt=\"Conversatiro-programa-genero (7)\"\/><\/a>\r\n                                    <div class=\"gmPhantom_ThumbLabel\"><span class=\"gmPhantom_ThumbLabel_title\">Conversatiro-programa-genero (7)<\/span><\/div>\r\n                                    <div style=\"display:none;\" class=\"gmPhantom_Details\">\r\n                                            <div class=\"gmPhantom_description\">\r\n                            <div class=\"gmPhantom_title\">Conversatiro-programa-genero (7)<\/div>\r\n                            <div class=\"gmPhantom_text\"><\/div>\r\n                        <\/div>\r\n                                                            <div class=\"gmPhantom_terms\">\r\n                                                    <div class=\"gmPhantom_other_terms\">\r\n                                <table class=\"gmPhantom_other_terms_table\">\r\n                                                                            <tr class=\"gmPhantom_term_row_album\">\r\n                                            <td class=\"gmPhantom_term_key\">Album<\/td>\r\n                                            <td class=\"gmPhantom_term_value\"><a href=\"\/index.php\/wp-json\/wp\/v2\/posts\/14259?gm175[album__in]=175\" class=\"gmPhantom_alb\">Historia invisibilizada de Afrodescendientes en Argentina-2023<\/a><\/td>\r\n                                        <\/tr>\r\n                                                                    <\/table>\r\n                            <\/div>\r\n                                                <\/div>\r\n                <\/div>\r\n                <\/div>            <div class=\"gmPhantom_ThumbContainer gmPhantom_ThumbLoader\" data-id=\"2594\" data-post_id=\"14263\" data-ratio=\"1.3333333333333\" data-type=\"image\" data-ext=\"jpeg\" data-views=\"5\" data-likes=\"0\" data-cc=\"0\" data-post_link=\"https:\/\/www.fcejs.unsl.edu.ar\/index.php\/gmedia\/conversatiro-programa-genero_6_-jpeg\/\">\r\n                <a href=\"https:\/\/www.fcejs.unsl.edu.ar\/wp-content\/grand-media\/image\/conversatiro-programa-genero_6_.jpeg\" class=\"gmPhantom_Thumb\"><img decoding=\"async\" src=\"https:\/\/www.fcejs.unsl.edu.ar\/wp-content\/grand-media\/image\/thumb\/conversatiro-programa-genero_6_.jpeg\" data-src=\"https:\/\/www.fcejs.unsl.edu.ar\/wp-content\/grand-media\/image\/conversatiro-programa-genero_6_.jpeg\" alt=\"Conversatiro-programa-genero (6)\"\/><\/a>\r\n                                    <div class=\"gmPhantom_ThumbLabel\"><span class=\"gmPhantom_ThumbLabel_title\">Conversatiro-programa-genero (6)<\/span><\/div>\r\n                                    <div style=\"display:none;\" class=\"gmPhantom_Details\">\r\n                                            <div class=\"gmPhantom_description\">\r\n                            <div class=\"gmPhantom_title\">Conversatiro-programa-genero (6)<\/div>\r\n                            <div class=\"gmPhantom_text\"><\/div>\r\n                        <\/div>\r\n                                                            <div class=\"gmPhantom_terms\">\r\n                                                    <div class=\"gmPhantom_other_terms\">\r\n                                <table class=\"gmPhantom_other_terms_table\">\r\n                                                                            <tr class=\"gmPhantom_term_row_album\">\r\n                                            <td class=\"gmPhantom_term_key\">Album<\/td>\r\n                                            <td class=\"gmPhantom_term_value\"><a href=\"\/index.php\/wp-json\/wp\/v2\/posts\/14259?gm175[album__in]=175\" class=\"gmPhantom_alb\">Historia invisibilizada de Afrodescendientes en Argentina-2023<\/a><\/td>\r\n                                        <\/tr>\r\n                                                                    <\/table>\r\n                            <\/div>\r\n                                                <\/div>\r\n                <\/div>\r\n                <\/div>            <div class=\"gmPhantom_ThumbContainer gmPhantom_ThumbLoader\" data-id=\"2593\" data-post_id=\"14262\" data-ratio=\"1.95\" data-type=\"image\" data-ext=\"jpeg\" data-views=\"8\" data-likes=\"0\" data-cc=\"0\" data-post_link=\"https:\/\/www.fcejs.unsl.edu.ar\/index.php\/gmedia\/conversatiro-programa-genero_5_-jpeg\/\">\r\n                <a href=\"https:\/\/www.fcejs.unsl.edu.ar\/wp-content\/grand-media\/image\/conversatiro-programa-genero_5_.jpeg\" class=\"gmPhantom_Thumb\"><img decoding=\"async\" src=\"https:\/\/www.fcejs.unsl.edu.ar\/wp-content\/grand-media\/image\/thumb\/conversatiro-programa-genero_5_.jpeg\" data-src=\"https:\/\/www.fcejs.unsl.edu.ar\/wp-content\/grand-media\/image\/conversatiro-programa-genero_5_.jpeg\" alt=\"Conversatiro-programa-genero (5)\"\/><\/a>\r\n                                    <div class=\"gmPhantom_ThumbLabel\"><span class=\"gmPhantom_ThumbLabel_title\">Conversatiro-programa-genero (5)<\/span><\/div>\r\n                                    <div style=\"display:none;\" class=\"gmPhantom_Details\">\r\n                                            <div class=\"gmPhantom_description\">\r\n                            <div class=\"gmPhantom_title\">Conversatiro-programa-genero (5)<\/div>\r\n                            <div class=\"gmPhantom_text\"><\/div>\r\n                        <\/div>\r\n                                                            <div class=\"gmPhantom_terms\">\r\n                                                    <div class=\"gmPhantom_other_terms\">\r\n                                <table class=\"gmPhantom_other_terms_table\">\r\n                                                                            <tr class=\"gmPhantom_term_row_album\">\r\n                                            <td class=\"gmPhantom_term_key\">Album<\/td>\r\n                                            <td class=\"gmPhantom_term_value\"><a href=\"\/index.php\/wp-json\/wp\/v2\/posts\/14259?gm175[album__in]=175\" class=\"gmPhantom_alb\">Historia invisibilizada de Afrodescendientes en Argentina-2023<\/a><\/td>\r\n                                        <\/tr>\r\n                                                                    <\/table>\r\n                            <\/div>\r\n                                                <\/div>\r\n                <\/div>\r\n                <\/div>            <div class=\"gmPhantom_ThumbContainer gmPhantom_ThumbLoader\" data-id=\"2592\" data-post_id=\"14261\" data-ratio=\"1.3333333333333\" data-type=\"image\" data-ext=\"jpeg\" data-views=\"8\" data-likes=\"0\" data-cc=\"0\" data-post_link=\"https:\/\/www.fcejs.unsl.edu.ar\/index.php\/gmedia\/conversatiro-programa-genero_4_-jpeg\/\">\r\n                <a href=\"https:\/\/www.fcejs.unsl.edu.ar\/wp-content\/grand-media\/image\/conversatiro-programa-genero_4_.jpeg\" class=\"gmPhantom_Thumb\"><img decoding=\"async\" src=\"https:\/\/www.fcejs.unsl.edu.ar\/wp-content\/grand-media\/image\/thumb\/conversatiro-programa-genero_4_.jpeg\" data-src=\"https:\/\/www.fcejs.unsl.edu.ar\/wp-content\/grand-media\/image\/conversatiro-programa-genero_4_.jpeg\" alt=\"Conversatiro-programa-genero (4)\"\/><\/a>\r\n                                    <div class=\"gmPhantom_ThumbLabel\"><span class=\"gmPhantom_ThumbLabel_title\">Conversatiro-programa-genero (4)<\/span><\/div>\r\n                                    <div style=\"display:none;\" class=\"gmPhantom_Details\">\r\n                                            <div class=\"gmPhantom_description\">\r\n                            <div class=\"gmPhantom_title\">Conversatiro-programa-genero (4)<\/div>\r\n                            <div class=\"gmPhantom_text\"><\/div>\r\n                        <\/div>\r\n                                                            <div class=\"gmPhantom_terms\">\r\n                                                    <div class=\"gmPhantom_other_terms\">\r\n                                <table class=\"gmPhantom_other_terms_table\">\r\n                                                                            <tr class=\"gmPhantom_term_row_album\">\r\n                                            <td class=\"gmPhantom_term_key\">Album<\/td>\r\n                                            <td class=\"gmPhantom_term_value\"><a href=\"\/index.php\/wp-json\/wp\/v2\/posts\/14259?gm175[album__in]=175\" class=\"gmPhantom_alb\">Historia invisibilizada de Afrodescendientes en Argentina-2023<\/a><\/td>\r\n                                        <\/tr>\r\n                                                                    <\/table>\r\n                            <\/div>\r\n                                                <\/div>\r\n                <\/div>\r\n                <\/div>            <div class=\"gmPhantom_ThumbContainer gmPhantom_ThumbLoader\" data-id=\"2591\" data-post_id=\"14260\" data-ratio=\"1.91\" data-type=\"image\" data-ext=\"jpeg\" data-views=\"7\" data-likes=\"0\" data-cc=\"0\" data-post_link=\"https:\/\/www.fcejs.unsl.edu.ar\/index.php\/gmedia\/conversatiro-programa-genero_3_-jpeg\/\">\r\n                <a href=\"https:\/\/www.fcejs.unsl.edu.ar\/wp-content\/grand-media\/image\/conversatiro-programa-genero_3_.jpeg\" class=\"gmPhantom_Thumb\"><img decoding=\"async\" src=\"https:\/\/www.fcejs.unsl.edu.ar\/wp-content\/grand-media\/image\/thumb\/conversatiro-programa-genero_3_.jpeg\" data-src=\"https:\/\/www.fcejs.unsl.edu.ar\/wp-content\/grand-media\/image\/conversatiro-programa-genero_3_.jpeg\" alt=\"Conversatiro-programa-genero (3)\"\/><\/a>\r\n                                    <div class=\"gmPhantom_ThumbLabel\"><span class=\"gmPhantom_ThumbLabel_title\">Conversatiro-programa-genero (3)<\/span><\/div>\r\n                                    <div style=\"display:none;\" class=\"gmPhantom_Details\">\r\n                                            <div class=\"gmPhantom_description\">\r\n                            <div class=\"gmPhantom_title\">Conversatiro-programa-genero (3)<\/div>\r\n                            <div class=\"gmPhantom_text\"><\/div>\r\n                        <\/div>\r\n                                                            <div class=\"gmPhantom_terms\">\r\n                                                    <div class=\"gmPhantom_other_terms\">\r\n                                <table class=\"gmPhantom_other_terms_table\">\r\n                                                                            <tr class=\"gmPhantom_term_row_album\">\r\n                                            <td class=\"gmPhantom_term_key\">Album<\/td>\r\n                                            <td class=\"gmPhantom_term_value\"><a href=\"\/index.php\/wp-json\/wp\/v2\/posts\/14259?gm175[album__in]=175\" class=\"gmPhantom_alb\">Historia invisibilizada de Afrodescendientes en Argentina-2023<\/a><\/td>\r\n                                        <\/tr>\r\n                                                                    <\/table>\r\n                            <\/div>\r\n                                                <\/div>\r\n                <\/div>\r\n                <\/div>            <div class=\"gmPhantom_ThumbContainer gmPhantom_ThumbLoader\" data-id=\"2590\" data-post_id=\"14258\" data-ratio=\"1.3333333333333\" data-type=\"image\" data-ext=\"jpeg\" data-views=\"6\" data-likes=\"0\" data-cc=\"0\" data-post_link=\"https:\/\/www.fcejs.unsl.edu.ar\/index.php\/gmedia\/conversatiro-programa-genero_2_-jpeg\/\">\r\n                <a href=\"https:\/\/www.fcejs.unsl.edu.ar\/wp-content\/grand-media\/image\/conversatiro-programa-genero_2_.jpeg\" class=\"gmPhantom_Thumb\"><img decoding=\"async\" src=\"https:\/\/www.fcejs.unsl.edu.ar\/wp-content\/grand-media\/image\/thumb\/conversatiro-programa-genero_2_.jpeg\" data-src=\"https:\/\/www.fcejs.unsl.edu.ar\/wp-content\/grand-media\/image\/conversatiro-programa-genero_2_.jpeg\" alt=\"Conversatiro-programa-genero (2)\"\/><\/a>\r\n                                    <div class=\"gmPhantom_ThumbLabel\"><span class=\"gmPhantom_ThumbLabel_title\">Conversatiro-programa-genero (2)<\/span><\/div>\r\n                                    <div style=\"display:none;\" class=\"gmPhantom_Details\">\r\n                                            <div class=\"gmPhantom_description\">\r\n                            <div class=\"gmPhantom_title\">Conversatiro-programa-genero (2)<\/div>\r\n                            <div class=\"gmPhantom_text\"><\/div>\r\n                        <\/div>\r\n                                                            <div class=\"gmPhantom_terms\">\r\n                                                    <div class=\"gmPhantom_other_terms\">\r\n                                <table class=\"gmPhantom_other_terms_table\">\r\n                                                                            <tr class=\"gmPhantom_term_row_album\">\r\n                                            <td class=\"gmPhantom_term_key\">Album<\/td>\r\n                                            <td class=\"gmPhantom_term_value\"><a href=\"\/index.php\/wp-json\/wp\/v2\/posts\/14259?gm175[album__in]=175\" class=\"gmPhantom_alb\">Historia invisibilizada de Afrodescendientes en Argentina-2023<\/a><\/td>\r\n                                        <\/tr>\r\n                                                                    <\/table>\r\n                            <\/div>\r\n                                                <\/div>\r\n                <\/div>\r\n                <\/div>            <div class=\"gmPhantom_ThumbContainer gmPhantom_ThumbLoader\" data-id=\"2589\" data-post_id=\"14257\" data-ratio=\"1.7766666666667\" data-type=\"image\" data-ext=\"jpeg\" data-views=\"6\" data-likes=\"0\" data-cc=\"0\" data-post_link=\"https:\/\/www.fcejs.unsl.edu.ar\/index.php\/gmedia\/conversatiro-programa-genero_1_-jpeg\/\">\r\n                <a href=\"https:\/\/www.fcejs.unsl.edu.ar\/wp-content\/grand-media\/image\/conversatiro-programa-genero_1_.jpeg\" class=\"gmPhantom_Thumb\"><img decoding=\"async\" src=\"https:\/\/www.fcejs.unsl.edu.ar\/wp-content\/grand-media\/image\/thumb\/conversatiro-programa-genero_1_.jpeg\" data-src=\"https:\/\/www.fcejs.unsl.edu.ar\/wp-content\/grand-media\/image\/conversatiro-programa-genero_1_.jpeg\" alt=\"Conversatiro-programa-genero (1)\"\/><\/a>\r\n                                    <div class=\"gmPhantom_ThumbLabel\"><span class=\"gmPhantom_ThumbLabel_title\">Conversatiro-programa-genero (1)<\/span><\/div>\r\n                                    <div style=\"display:none;\" class=\"gmPhantom_Details\">\r\n                                            <div class=\"gmPhantom_description\">\r\n                            <div class=\"gmPhantom_title\">Conversatiro-programa-genero (1)<\/div>\r\n                            <div class=\"gmPhantom_text\"><\/div>\r\n                        <\/div>\r\n                                                            <div class=\"gmPhantom_terms\">\r\n                                                    <div class=\"gmPhantom_other_terms\">\r\n                                <table class=\"gmPhantom_other_terms_table\">\r\n                                                                            <tr class=\"gmPhantom_term_row_album\">\r\n                                            <td class=\"gmPhantom_term_key\">Album<\/td>\r\n                                            <td class=\"gmPhantom_term_value\"><a href=\"\/index.php\/wp-json\/wp\/v2\/posts\/14259?gm175[album__in]=175\" class=\"gmPhantom_alb\">Historia invisibilizada de Afrodescendientes en Argentina-2023<\/a><\/td>\r\n                                        <\/tr>\r\n                                                                    <\/table>\r\n                            <\/div>\r\n                                                <\/div>\r\n                <\/div>\r\n                <\/div>        <\/div>\r\n    <\/div>\r\n<\/div>\n","protected":false},"excerpt":{"rendered":"<p>La Secretar\u00eda de Extensi\u00f3n Universitaria informa que, el pasado jueves 26 de octubre, se realiz\u00f3 en la FCEJS el conversatorio \u201cHistoria invisibilizada de Afrodescendientes en&hellip;<\/p>\n","protected":false},"author":9,"featured_media":14265,"comment_status":"closed","ping_status":"closed","sticky":false,"template":"","format":"standard","meta":{"om_disable_all_campaigns":false,"_monsterinsights_skip_tracking":false,"_monsterinsights_sitenote_active":false,"_monsterinsights_sitenote_note":"","_monsterinsights_sitenote_category":0,"footnotes":""},"categories":[1],"tags":[],"class_list":["post-14259","post","type-post","status-publish","format-standard","has-post-thumbnail","hentry","category-noticias"],"yoast_head":"<!-- This site is optimized with the Yoast SEO plugin v27.4 - https:\/\/yoast.com\/product\/yoast-seo-wordpress\/ -->\n<title>Integrantes de la Comunidad de Mujeres Afroargentinas y Afrodescendientes de Villa de Merlo brindaron un conversatorio - Facultad de Ciencias Econ\u00f3micas, Jur\u00ed\u00addicas y Sociales<\/title>\n<meta name=\"robots\" content=\"index, follow, max-snippet:-1, max-image-preview:large, max-video-preview:-1\" \/>\n<link rel=\"canonical\" href=\"https:\/\/www.fcejs.unsl.edu.ar\/index.php\/mujeres-afroargentinas-y-afrodescendientes-de-villa-de-merlo-brindaron-un-conversatorio\/\" \/>\n<meta property=\"og:locale\" content=\"es_ES\" \/>\n<meta property=\"og:type\" content=\"article\" \/>\n<meta property=\"og:title\" content=\"Integrantes de la Comunidad de Mujeres Afroargentinas y Afrodescendientes de Villa de Merlo brindaron un conversatorio - Facultad de Ciencias Econ\u00f3micas, Jur\u00ed\u00addicas y Sociales\" \/>\n<meta property=\"og:description\" content=\"La Secretar\u00eda de Extensi\u00f3n Universitaria informa que, el pasado jueves 26 de octubre, se realiz\u00f3 en la FCEJS el conversatorio \u201cHistoria invisibilizada de Afrodescendientes en&hellip;\" \/>\n<meta property=\"og:url\" content=\"https:\/\/www.fcejs.unsl.edu.ar\/index.php\/mujeres-afroargentinas-y-afrodescendientes-de-villa-de-merlo-brindaron-un-conversatorio\/\" \/>\n<meta property=\"og:site_name\" content=\"Facultad de Ciencias Econ\u00f3micas, Jur\u00ed\u00addicas y Sociales\" \/>\n<meta property=\"article:publisher\" content=\"https:\/\/www.facebook.com\/FCEJS.UNSL\/\" \/>\n<meta property=\"article:published_time\" content=\"2023-10-31T15:31:04+00:00\" \/>\n<meta property=\"article:modified_time\" content=\"2023-10-31T15:42:24+00:00\" \/>\n<meta property=\"og:image\" content=\"https:\/\/www.fcejs.unsl.edu.ar\/wp-content\/uploads\/2023\/10\/conversatorio-genero-front.jpg\" \/>\n\t<meta property=\"og:image:width\" content=\"1152\" \/>\n\t<meta property=\"og:image:height\" content=\"647\" \/>\n\t<meta property=\"og:image:type\" content=\"image\/jpeg\" \/>\n<meta name=\"author\" content=\"DATI\" \/>\n<meta name=\"twitter:card\" content=\"summary_large_image\" \/>\n<meta name=\"twitter:creator\" content=\"@FCEJSUNSL\" \/>\n<meta name=\"twitter:site\" content=\"@FCEJSUNSL\" \/>\n<meta name=\"twitter:label1\" content=\"Escrito por\" \/>\n\t<meta name=\"twitter:data1\" content=\"DATI\" \/>\n\t<meta name=\"twitter:label2\" content=\"Tiempo de lectura\" \/>\n\t<meta name=\"twitter:data2\" content=\"2 minutos\" \/>\n<script type=\"application\/ld+json\" class=\"yoast-schema-graph\">{\"@context\":\"https:\\\/\\\/schema.org\",\"@graph\":[{\"@type\":\"Article\",\"@id\":\"https:\\\/\\\/www.fcejs.unsl.edu.ar\\\/index.php\\\/mujeres-afroargentinas-y-afrodescendientes-de-villa-de-merlo-brindaron-un-conversatorio\\\/#article\",\"isPartOf\":{\"@id\":\"https:\\\/\\\/www.fcejs.unsl.edu.ar\\\/index.php\\\/mujeres-afroargentinas-y-afrodescendientes-de-villa-de-merlo-brindaron-un-conversatorio\\\/\"},\"author\":{\"name\":\"DATI\",\"@id\":\"https:\\\/\\\/www.fcejs.unsl.edu.ar\\\/#\\\/schema\\\/person\\\/352ee6ed90c3f394c7cb5945f8956d34\"},\"headline\":\"Integrantes de la Comunidad de Mujeres Afroargentinas y Afrodescendientes de Villa de Merlo brindaron un conversatorio\",\"datePublished\":\"2023-10-31T15:31:04+00:00\",\"dateModified\":\"2023-10-31T15:42:24+00:00\",\"mainEntityOfPage\":{\"@id\":\"https:\\\/\\\/www.fcejs.unsl.edu.ar\\\/index.php\\\/mujeres-afroargentinas-y-afrodescendientes-de-villa-de-merlo-brindaron-un-conversatorio\\\/\"},\"wordCount\":382,\"publisher\":{\"@id\":\"https:\\\/\\\/www.fcejs.unsl.edu.ar\\\/#organization\"},\"image\":{\"@id\":\"https:\\\/\\\/www.fcejs.unsl.edu.ar\\\/index.php\\\/mujeres-afroargentinas-y-afrodescendientes-de-villa-de-merlo-brindaron-un-conversatorio\\\/#primaryimage\"},\"thumbnailUrl\":\"https:\\\/\\\/www.fcejs.unsl.edu.ar\\\/wp-content\\\/uploads\\\/2023\\\/10\\\/conversatorio-genero-front.jpg\",\"articleSection\":[\"Noticias\"],\"inLanguage\":\"es-AR\"},{\"@type\":\"WebPage\",\"@id\":\"https:\\\/\\\/www.fcejs.unsl.edu.ar\\\/index.php\\\/mujeres-afroargentinas-y-afrodescendientes-de-villa-de-merlo-brindaron-un-conversatorio\\\/\",\"url\":\"https:\\\/\\\/www.fcejs.unsl.edu.ar\\\/index.php\\\/mujeres-afroargentinas-y-afrodescendientes-de-villa-de-merlo-brindaron-un-conversatorio\\\/\",\"name\":\"Integrantes de la Comunidad de Mujeres Afroargentinas y Afrodescendientes de Villa de Merlo brindaron un conversatorio - Facultad de Ciencias Econ\u00f3micas, Jur\u00ed\u00addicas y Sociales\",\"isPartOf\":{\"@id\":\"https:\\\/\\\/www.fcejs.unsl.edu.ar\\\/#website\"},\"primaryImageOfPage\":{\"@id\":\"https:\\\/\\\/www.fcejs.unsl.edu.ar\\\/index.php\\\/mujeres-afroargentinas-y-afrodescendientes-de-villa-de-merlo-brindaron-un-conversatorio\\\/#primaryimage\"},\"image\":{\"@id\":\"https:\\\/\\\/www.fcejs.unsl.edu.ar\\\/index.php\\\/mujeres-afroargentinas-y-afrodescendientes-de-villa-de-merlo-brindaron-un-conversatorio\\\/#primaryimage\"},\"thumbnailUrl\":\"https:\\\/\\\/www.fcejs.unsl.edu.ar\\\/wp-content\\\/uploads\\\/2023\\\/10\\\/conversatorio-genero-front.jpg\",\"datePublished\":\"2023-10-31T15:31:04+00:00\",\"dateModified\":\"2023-10-31T15:42:24+00:00\",\"breadcrumb\":{\"@id\":\"https:\\\/\\\/www.fcejs.unsl.edu.ar\\\/index.php\\\/mujeres-afroargentinas-y-afrodescendientes-de-villa-de-merlo-brindaron-un-conversatorio\\\/#breadcrumb\"},\"inLanguage\":\"es-AR\",\"potentialAction\":[{\"@type\":\"ReadAction\",\"target\":[\"https:\\\/\\\/www.fcejs.unsl.edu.ar\\\/index.php\\\/mujeres-afroargentinas-y-afrodescendientes-de-villa-de-merlo-brindaron-un-conversatorio\\\/\"]}]},{\"@type\":\"ImageObject\",\"inLanguage\":\"es-AR\",\"@id\":\"https:\\\/\\\/www.fcejs.unsl.edu.ar\\\/index.php\\\/mujeres-afroargentinas-y-afrodescendientes-de-villa-de-merlo-brindaron-un-conversatorio\\\/#primaryimage\",\"url\":\"https:\\\/\\\/www.fcejs.unsl.edu.ar\\\/wp-content\\\/uploads\\\/2023\\\/10\\\/conversatorio-genero-front.jpg\",\"contentUrl\":\"https:\\\/\\\/www.fcejs.unsl.edu.ar\\\/wp-content\\\/uploads\\\/2023\\\/10\\\/conversatorio-genero-front.jpg\",\"width\":1152,\"height\":647},{\"@type\":\"BreadcrumbList\",\"@id\":\"https:\\\/\\\/www.fcejs.unsl.edu.ar\\\/index.php\\\/mujeres-afroargentinas-y-afrodescendientes-de-villa-de-merlo-brindaron-un-conversatorio\\\/#breadcrumb\",\"itemListElement\":[{\"@type\":\"ListItem\",\"position\":1,\"name\":\"Inicio\",\"item\":\"https:\\\/\\\/www.fcejs.unsl.edu.ar\\\/\"},{\"@type\":\"ListItem\",\"position\":2,\"name\":\"Integrantes de la Comunidad de Mujeres Afroargentinas y Afrodescendientes de Villa de Merlo brindaron un conversatorio\"}]},{\"@type\":\"WebSite\",\"@id\":\"https:\\\/\\\/www.fcejs.unsl.edu.ar\\\/#website\",\"url\":\"https:\\\/\\\/www.fcejs.unsl.edu.ar\\\/\",\"name\":\"Facultad de Ciencias Econ\u00f3micas, Jur\u00ed\u00addicas y Sociales\",\"description\":\"\",\"publisher\":{\"@id\":\"https:\\\/\\\/www.fcejs.unsl.edu.ar\\\/#organization\"},\"potentialAction\":[{\"@type\":\"SearchAction\",\"target\":{\"@type\":\"EntryPoint\",\"urlTemplate\":\"https:\\\/\\\/www.fcejs.unsl.edu.ar\\\/?s={search_term_string}\"},\"query-input\":{\"@type\":\"PropertyValueSpecification\",\"valueRequired\":true,\"valueName\":\"search_term_string\"}}],\"inLanguage\":\"es-AR\"},{\"@type\":\"Organization\",\"@id\":\"https:\\\/\\\/www.fcejs.unsl.edu.ar\\\/#organization\",\"name\":\"Facultad de Ciencias Econ\u00f3micas, Jur\u00eddicas y Sociales\",\"url\":\"https:\\\/\\\/www.fcejs.unsl.edu.ar\\\/\",\"logo\":{\"@type\":\"ImageObject\",\"inLanguage\":\"es-AR\",\"@id\":\"https:\\\/\\\/www.fcejs.unsl.edu.ar\\\/#\\\/schema\\\/logo\\\/image\\\/\",\"url\":\"https:\\\/\\\/www.fcejs.unsl.edu.ar\\\/wp-content\\\/uploads\\\/2021\\\/03\\\/logo-1.jpg\",\"contentUrl\":\"https:\\\/\\\/www.fcejs.unsl.edu.ar\\\/wp-content\\\/uploads\\\/2021\\\/03\\\/logo-1.jpg\",\"width\":471,\"height\":146,\"caption\":\"Facultad de Ciencias Econ\u00f3micas, Jur\u00eddicas y Sociales\"},\"image\":{\"@id\":\"https:\\\/\\\/www.fcejs.unsl.edu.ar\\\/#\\\/schema\\\/logo\\\/image\\\/\"},\"sameAs\":[\"https:\\\/\\\/www.facebook.com\\\/FCEJS.UNSL\\\/\",\"https:\\\/\\\/x.com\\\/FCEJSUNSL\",\"https:\\\/\\\/www.instagram.com\\\/fcejs.unsl\\\/\",\"https:\\\/\\\/www.youtube.com\\\/channel\\\/UCH-Ut6EaN_X5ogjIQMPe46g\\\/\"]},{\"@type\":\"Person\",\"@id\":\"https:\\\/\\\/www.fcejs.unsl.edu.ar\\\/#\\\/schema\\\/person\\\/352ee6ed90c3f394c7cb5945f8956d34\",\"name\":\"DATI\"}]}<\/script>\n<!-- \/ Yoast SEO plugin. -->","yoast_head_json":{"title":"Integrantes de la Comunidad de Mujeres Afroargentinas y Afrodescendientes de Villa de Merlo brindaron un conversatorio - Facultad de Ciencias Econ\u00f3micas, Jur\u00ed\u00addicas y Sociales","robots":{"index":"index","follow":"follow","max-snippet":"max-snippet:-1","max-image-preview":"max-image-preview:large","max-video-preview":"max-video-preview:-1"},"canonical":"https:\/\/www.fcejs.unsl.edu.ar\/index.php\/mujeres-afroargentinas-y-afrodescendientes-de-villa-de-merlo-brindaron-un-conversatorio\/","og_locale":"es_ES","og_type":"article","og_title":"Integrantes de la Comunidad de Mujeres Afroargentinas y Afrodescendientes de Villa de Merlo brindaron un conversatorio - Facultad de Ciencias Econ\u00f3micas, Jur\u00ed\u00addicas y Sociales","og_description":"La Secretar\u00eda de Extensi\u00f3n Universitaria informa que, el pasado jueves 26 de octubre, se realiz\u00f3 en la FCEJS el conversatorio \u201cHistoria invisibilizada de Afrodescendientes en&hellip;","og_url":"https:\/\/www.fcejs.unsl.edu.ar\/index.php\/mujeres-afroargentinas-y-afrodescendientes-de-villa-de-merlo-brindaron-un-conversatorio\/","og_site_name":"Facultad de Ciencias Econ\u00f3micas, Jur\u00ed\u00addicas y Sociales","article_publisher":"https:\/\/www.facebook.com\/FCEJS.UNSL\/","article_published_time":"2023-10-31T15:31:04+00:00","article_modified_time":"2023-10-31T15:42:24+00:00","og_image":[{"width":1152,"height":647,"url":"https:\/\/www.fcejs.unsl.edu.ar\/wp-content\/uploads\/2023\/10\/conversatorio-genero-front.jpg","type":"image\/jpeg"}],"author":"DATI","twitter_card":"summary_large_image","twitter_creator":"@FCEJSUNSL","twitter_site":"@FCEJSUNSL","twitter_misc":{"Escrito por":"DATI","Tiempo de lectura":"2 minutos"},"schema":{"@context":"https:\/\/schema.org","@graph":[{"@type":"Article","@id":"https:\/\/www.fcejs.unsl.edu.ar\/index.php\/mujeres-afroargentinas-y-afrodescendientes-de-villa-de-merlo-brindaron-un-conversatorio\/#article","isPartOf":{"@id":"https:\/\/www.fcejs.unsl.edu.ar\/index.php\/mujeres-afroargentinas-y-afrodescendientes-de-villa-de-merlo-brindaron-un-conversatorio\/"},"author":{"name":"DATI","@id":"https:\/\/www.fcejs.unsl.edu.ar\/#\/schema\/person\/352ee6ed90c3f394c7cb5945f8956d34"},"headline":"Integrantes de la Comunidad de Mujeres Afroargentinas y Afrodescendientes de Villa de Merlo brindaron un conversatorio","datePublished":"2023-10-31T15:31:04+00:00","dateModified":"2023-10-31T15:42:24+00:00","mainEntityOfPage":{"@id":"https:\/\/www.fcejs.unsl.edu.ar\/index.php\/mujeres-afroargentinas-y-afrodescendientes-de-villa-de-merlo-brindaron-un-conversatorio\/"},"wordCount":382,"publisher":{"@id":"https:\/\/www.fcejs.unsl.edu.ar\/#organization"},"image":{"@id":"https:\/\/www.fcejs.unsl.edu.ar\/index.php\/mujeres-afroargentinas-y-afrodescendientes-de-villa-de-merlo-brindaron-un-conversatorio\/#primaryimage"},"thumbnailUrl":"https:\/\/www.fcejs.unsl.edu.ar\/wp-content\/uploads\/2023\/10\/conversatorio-genero-front.jpg","articleSection":["Noticias"],"inLanguage":"es-AR"},{"@type":"WebPage","@id":"https:\/\/www.fcejs.unsl.edu.ar\/index.php\/mujeres-afroargentinas-y-afrodescendientes-de-villa-de-merlo-brindaron-un-conversatorio\/","url":"https:\/\/www.fcejs.unsl.edu.ar\/index.php\/mujeres-afroargentinas-y-afrodescendientes-de-villa-de-merlo-brindaron-un-conversatorio\/","name":"Integrantes de la Comunidad de Mujeres Afroargentinas y Afrodescendientes de Villa de Merlo brindaron un conversatorio - Facultad de Ciencias Econ\u00f3micas, Jur\u00ed\u00addicas y Sociales","isPartOf":{"@id":"https:\/\/www.fcejs.unsl.edu.ar\/#website"},"primaryImageOfPage":{"@id":"https:\/\/www.fcejs.unsl.edu.ar\/index.php\/mujeres-afroargentinas-y-afrodescendientes-de-villa-de-merlo-brindaron-un-conversatorio\/#primaryimage"},"image":{"@id":"https:\/\/www.fcejs.unsl.edu.ar\/index.php\/mujeres-afroargentinas-y-afrodescendientes-de-villa-de-merlo-brindaron-un-conversatorio\/#primaryimage"},"thumbnailUrl":"https:\/\/www.fcejs.unsl.edu.ar\/wp-content\/uploads\/2023\/10\/conversatorio-genero-front.jpg","datePublished":"2023-10-31T15:31:04+00:00","dateModified":"2023-10-31T15:42:24+00:00","breadcrumb":{"@id":"https:\/\/www.fcejs.unsl.edu.ar\/index.php\/mujeres-afroargentinas-y-afrodescendientes-de-villa-de-merlo-brindaron-un-conversatorio\/#breadcrumb"},"inLanguage":"es-AR","potentialAction":[{"@type":"ReadAction","target":["https:\/\/www.fcejs.unsl.edu.ar\/index.php\/mujeres-afroargentinas-y-afrodescendientes-de-villa-de-merlo-brindaron-un-conversatorio\/"]}]},{"@type":"ImageObject","inLanguage":"es-AR","@id":"https:\/\/www.fcejs.unsl.edu.ar\/index.php\/mujeres-afroargentinas-y-afrodescendientes-de-villa-de-merlo-brindaron-un-conversatorio\/#primaryimage","url":"https:\/\/www.fcejs.unsl.edu.ar\/wp-content\/uploads\/2023\/10\/conversatorio-genero-front.jpg","contentUrl":"https:\/\/www.fcejs.unsl.edu.ar\/wp-content\/uploads\/2023\/10\/conversatorio-genero-front.jpg","width":1152,"height":647},{"@type":"BreadcrumbList","@id":"https:\/\/www.fcejs.unsl.edu.ar\/index.php\/mujeres-afroargentinas-y-afrodescendientes-de-villa-de-merlo-brindaron-un-conversatorio\/#breadcrumb","itemListElement":[{"@type":"ListItem","position":1,"name":"Inicio","item":"https:\/\/www.fcejs.unsl.edu.ar\/"},{"@type":"ListItem","position":2,"name":"Integrantes de la Comunidad de Mujeres Afroargentinas y Afrodescendientes de Villa de Merlo brindaron un conversatorio"}]},{"@type":"WebSite","@id":"https:\/\/www.fcejs.unsl.edu.ar\/#website","url":"https:\/\/www.fcejs.unsl.edu.ar\/","name":"Facultad de Ciencias Econ\u00f3micas, Jur\u00ed\u00addicas y Sociales","description":"","publisher":{"@id":"https:\/\/www.fcejs.unsl.edu.ar\/#organization"},"potentialAction":[{"@type":"SearchAction","target":{"@type":"EntryPoint","urlTemplate":"https:\/\/www.fcejs.unsl.edu.ar\/?s={search_term_string}"},"query-input":{"@type":"PropertyValueSpecification","valueRequired":true,"valueName":"search_term_string"}}],"inLanguage":"es-AR"},{"@type":"Organization","@id":"https:\/\/www.fcejs.unsl.edu.ar\/#organization","name":"Facultad de Ciencias Econ\u00f3micas, Jur\u00eddicas y Sociales","url":"https:\/\/www.fcejs.unsl.edu.ar\/","logo":{"@type":"ImageObject","inLanguage":"es-AR","@id":"https:\/\/www.fcejs.unsl.edu.ar\/#\/schema\/logo\/image\/","url":"https:\/\/www.fcejs.unsl.edu.ar\/wp-content\/uploads\/2021\/03\/logo-1.jpg","contentUrl":"https:\/\/www.fcejs.unsl.edu.ar\/wp-content\/uploads\/2021\/03\/logo-1.jpg","width":471,"height":146,"caption":"Facultad de Ciencias Econ\u00f3micas, Jur\u00eddicas y Sociales"},"image":{"@id":"https:\/\/www.fcejs.unsl.edu.ar\/#\/schema\/logo\/image\/"},"sameAs":["https:\/\/www.facebook.com\/FCEJS.UNSL\/","https:\/\/x.com\/FCEJSUNSL","https:\/\/www.instagram.com\/fcejs.unsl\/","https:\/\/www.youtube.com\/channel\/UCH-Ut6EaN_X5ogjIQMPe46g\/"]},{"@type":"Person","@id":"https:\/\/www.fcejs.unsl.edu.ar\/#\/schema\/person\/352ee6ed90c3f394c7cb5945f8956d34","name":"DATI"}]}},"jetpack_featured_media_url":"https:\/\/www.fcejs.unsl.edu.ar\/wp-content\/uploads\/2023\/10\/conversatorio-genero-front.jpg","_links":{"self":[{"href":"https:\/\/www.fcejs.unsl.edu.ar\/index.php\/wp-json\/wp\/v2\/posts\/14259","targetHints":{"allow":["GET"]}}],"collection":[{"href":"https:\/\/www.fcejs.unsl.edu.ar\/index.php\/wp-json\/wp\/v2\/posts"}],"about":[{"href":"https:\/\/www.fcejs.unsl.edu.ar\/index.php\/wp-json\/wp\/v2\/types\/post"}],"author":[{"embeddable":true,"href":"https:\/\/www.fcejs.unsl.edu.ar\/index.php\/wp-json\/wp\/v2\/users\/9"}],"replies":[{"embeddable":true,"href":"https:\/\/www.fcejs.unsl.edu.ar\/index.php\/wp-json\/wp\/v2\/comments?post=14259"}],"version-history":[{"count":4,"href":"https:\/\/www.fcejs.unsl.edu.ar\/index.php\/wp-json\/wp\/v2\/posts\/14259\/revisions"}],"predecessor-version":[{"id":14269,"href":"https:\/\/www.fcejs.unsl.edu.ar\/index.php\/wp-json\/wp\/v2\/posts\/14259\/revisions\/14269"}],"wp:featuredmedia":[{"embeddable":true,"href":"https:\/\/www.fcejs.unsl.edu.ar\/index.php\/wp-json\/wp\/v2\/media\/14265"}],"wp:attachment":[{"href":"https:\/\/www.fcejs.unsl.edu.ar\/index.php\/wp-json\/wp\/v2\/media?parent=14259"}],"wp:term":[{"taxonomy":"category","embeddable":true,"href":"https:\/\/www.fcejs.unsl.edu.ar\/index.php\/wp-json\/wp\/v2\/categories?post=14259"},{"taxonomy":"post_tag","embeddable":true,"href":"https:\/\/www.fcejs.unsl.edu.ar\/index.php\/wp-json\/wp\/v2\/tags?post=14259"}],"curies":[{"name":"wp","href":"https:\/\/api.w.org\/{rel}","templated":true}]}}