{"id":14232,"date":"2023-10-27T19:15:37","date_gmt":"2023-10-27T22:15:37","guid":{"rendered":"http:\/\/10.101.10.197\/www\/?p=14232"},"modified":"2023-11-03T13:05:00","modified_gmt":"2023-11-03T16:05:00","slug":"nueva-propuesta-del-programa-de-capacitacion-y-actualizacion-para-el-trabajo-para-el-personal-administrativo-taller-motivacion-y-trabajo-en-grupo","status":"publish","type":"post","link":"https:\/\/www.fcejs.unsl.edu.ar\/index.php\/nueva-propuesta-del-programa-de-capacitacion-y-actualizacion-para-el-trabajo-para-el-personal-administrativo-taller-motivacion-y-trabajo-en-grupo\/","title":{"rendered":"Nueva propuesta del Programa de Capacitaci\u00f3n y Actualizaci\u00f3n para el Trabajo para el Personal Administrativo: taller &#8220;Motivacion y Trabajo en Grupo&#8221;"},"content":{"rendered":"<p>En el marco del Programa de Capacitaci\u00f3n y Actualizaci\u00f3n para el Trabajo para el Personal Administrativo (Ordenanza de Decanato N\u00ba 01\/2017), se invita a la comunidad universitaria Nodocente al taller &#8220;Motivacion y Trabajo en Grupo&#8221;, el cual ser\u00e1 dictado durante cuatro jueves, desde el 2 al 23 de noviembre, desde las 8 a las 10 a.m, en el aula 12.<\/p>\n<div>Este espacio busca que los participantes conozcan desde un planteo te\u00f3rico-pr\u00e1ctico las din\u00e1micas de grupo, los procesos motivacionales, c\u00f3mo funcionan los grupos, con la finalidad de conocer-conocerse en el \u00e1mbito en el que se desempe\u00f1an de manera de comprender, y en base a esto fomentar aquellos aspectos positivos, y buscar modificar aquellos que provocan ineficacia en su desarrollo laboral y personal.<\/div>\n<div><\/div>\n<div>Durante el desarrollo de la capacitaci\u00f3n se trabajar\u00e1n t\u00e9cnicas participativas y l\u00fadicas que girar\u00e1n en torno a las categor\u00edas te\u00f3ricas abordadas (resoluci\u00f3n de conflictos, estilos de liderazgo, entre otros). Cabe destacar que se utilizar\u00e1 la t\u00e9cnica psicodram\u00e1tica en el cierre del m\u00f3dulo con el objeto de movilizar<br \/>\naquellos aspectos del funcionamiento grupal concreto para buscar un beneficio en el presente y futuro del grupo de trabajo.<\/div>\n<div><\/div>\n<div>Para inscribirse deben hacerlo al siguiente link:<\/div>\n<div><\/div>\n<h3 style=\"text-align: center;\">\u00a0<span style=\"color: #0000ff;\"><a style=\"color: #0000ff;\" href=\"https:\/\/forms.gle\/KL3kDZDkYn8hWcVw6\" target=\"_blank\" rel=\"noopener\">INSCRIPCIONES<\/a><\/span><\/h3>\n<div><\/div>\n<div><\/div>\n<div>EQUIPO RESPONSABLE<\/div>\n<div>-Doctora M\u00f3nica Roxana LOBOS<\/div>\n<div>-Licenciada Jaquelina Hermelinda NANCLARES<\/div>\n<div>-Personal Nodocente Mar\u00eda Silvina BECERRA<\/div>\n","protected":false},"excerpt":{"rendered":"<p>En el marco del Programa de Capacitaci\u00f3n y Actualizaci\u00f3n para el Trabajo para el Personal Administrativo (Ordenanza de Decanato N\u00ba 01\/2017), se invita a la&hellip;<\/p>\n","protected":false},"author":9,"featured_media":14239,"comment_status":"closed","ping_status":"closed","sticky":false,"template":"","format":"standard","meta":{"om_disable_all_campaigns":false,"_monsterinsights_skip_tracking":false,"_monsterinsights_sitenote_active":false,"_monsterinsights_sitenote_note":"","_monsterinsights_sitenote_category":0,"footnotes":""},"categories":[1],"tags":[],"class_list":["post-14232","post","type-post","status-publish","format-standard","has-post-thumbnail","hentry","category-noticias"],"yoast_head":"<!-- This site is optimized with the Yoast SEO plugin v27.4 - https:\/\/yoast.com\/product\/yoast-seo-wordpress\/ -->\n<title>Nueva propuesta del Programa de Capacitaci\u00f3n y Actualizaci\u00f3n para el Trabajo para el Personal Administrativo: taller &quot;Motivacion y Trabajo en Grupo&quot; - Facultad de Ciencias Econ\u00f3micas, Jur\u00ed\u00addicas y Sociales<\/title>\n<meta name=\"robots\" content=\"index, follow, max-snippet:-1, max-image-preview:large, max-video-preview:-1\" \/>\n<link rel=\"canonical\" href=\"https:\/\/www.fcejs.unsl.edu.ar\/index.php\/nueva-propuesta-del-programa-de-capacitacion-y-actualizacion-para-el-trabajo-para-el-personal-administrativo-taller-motivacion-y-trabajo-en-grupo\/\" \/>\n<meta property=\"og:locale\" content=\"es_ES\" \/>\n<meta property=\"og:type\" content=\"article\" \/>\n<meta property=\"og:title\" content=\"Nueva propuesta del Programa de Capacitaci\u00f3n y Actualizaci\u00f3n para el Trabajo para el Personal Administrativo: taller &quot;Motivacion y Trabajo en Grupo&quot; - Facultad de Ciencias Econ\u00f3micas, Jur\u00ed\u00addicas y Sociales\" \/>\n<meta property=\"og:description\" content=\"En el marco del Programa de Capacitaci\u00f3n y Actualizaci\u00f3n para el Trabajo para el Personal Administrativo (Ordenanza de Decanato N\u00ba 01\/2017), se invita a la&hellip;\" \/>\n<meta property=\"og:url\" content=\"https:\/\/www.fcejs.unsl.edu.ar\/index.php\/nueva-propuesta-del-programa-de-capacitacion-y-actualizacion-para-el-trabajo-para-el-personal-administrativo-taller-motivacion-y-trabajo-en-grupo\/\" \/>\n<meta property=\"og:site_name\" content=\"Facultad de Ciencias Econ\u00f3micas, Jur\u00ed\u00addicas y Sociales\" \/>\n<meta property=\"article:publisher\" content=\"https:\/\/www.facebook.com\/FCEJS.UNSL\/\" \/>\n<meta property=\"article:published_time\" content=\"2023-10-27T22:15:37+00:00\" \/>\n<meta property=\"article:modified_time\" content=\"2023-11-03T16:05:00+00:00\" \/>\n<meta property=\"og:image\" content=\"https:\/\/www.fcejs.unsl.edu.ar\/wp-content\/uploads\/2023\/10\/TRABAJO-EN-GRUPO-FRONT.jpg\" \/>\n\t<meta property=\"og:image:width\" content=\"1152\" \/>\n\t<meta property=\"og:image:height\" content=\"647\" \/>\n\t<meta property=\"og:image:type\" content=\"image\/jpeg\" \/>\n<meta name=\"author\" content=\"DATI\" \/>\n<meta name=\"twitter:card\" content=\"summary_large_image\" \/>\n<meta name=\"twitter:creator\" content=\"@FCEJSUNSL\" \/>\n<meta name=\"twitter:site\" content=\"@FCEJSUNSL\" \/>\n<meta name=\"twitter:label1\" content=\"Escrito por\" \/>\n\t<meta name=\"twitter:data1\" content=\"DATI\" \/>\n\t<meta name=\"twitter:label2\" content=\"Tiempo de lectura\" \/>\n\t<meta name=\"twitter:data2\" content=\"1 minuto\" \/>\n<script type=\"application\/ld+json\" class=\"yoast-schema-graph\">{\"@context\":\"https:\\\/\\\/schema.org\",\"@graph\":[{\"@type\":\"Article\",\"@id\":\"https:\\\/\\\/www.fcejs.unsl.edu.ar\\\/index.php\\\/nueva-propuesta-del-programa-de-capacitacion-y-actualizacion-para-el-trabajo-para-el-personal-administrativo-taller-motivacion-y-trabajo-en-grupo\\\/#article\",\"isPartOf\":{\"@id\":\"https:\\\/\\\/www.fcejs.unsl.edu.ar\\\/index.php\\\/nueva-propuesta-del-programa-de-capacitacion-y-actualizacion-para-el-trabajo-para-el-personal-administrativo-taller-motivacion-y-trabajo-en-grupo\\\/\"},\"author\":{\"name\":\"DATI\",\"@id\":\"https:\\\/\\\/www.fcejs.unsl.edu.ar\\\/#\\\/schema\\\/person\\\/352ee6ed90c3f394c7cb5945f8956d34\"},\"headline\":\"Nueva propuesta del Programa de Capacitaci\u00f3n y Actualizaci\u00f3n para el Trabajo para el Personal Administrativo: taller &#8220;Motivacion y Trabajo en Grupo&#8221;\",\"datePublished\":\"2023-10-27T22:15:37+00:00\",\"dateModified\":\"2023-11-03T16:05:00+00:00\",\"mainEntityOfPage\":{\"@id\":\"https:\\\/\\\/www.fcejs.unsl.edu.ar\\\/index.php\\\/nueva-propuesta-del-programa-de-capacitacion-y-actualizacion-para-el-trabajo-para-el-personal-administrativo-taller-motivacion-y-trabajo-en-grupo\\\/\"},\"wordCount\":248,\"publisher\":{\"@id\":\"https:\\\/\\\/www.fcejs.unsl.edu.ar\\\/#organization\"},\"image\":{\"@id\":\"https:\\\/\\\/www.fcejs.unsl.edu.ar\\\/index.php\\\/nueva-propuesta-del-programa-de-capacitacion-y-actualizacion-para-el-trabajo-para-el-personal-administrativo-taller-motivacion-y-trabajo-en-grupo\\\/#primaryimage\"},\"thumbnailUrl\":\"https:\\\/\\\/www.fcejs.unsl.edu.ar\\\/wp-content\\\/uploads\\\/2023\\\/10\\\/TRABAJO-EN-GRUPO-FRONT.jpg\",\"articleSection\":[\"Noticias\"],\"inLanguage\":\"es-AR\"},{\"@type\":\"WebPage\",\"@id\":\"https:\\\/\\\/www.fcejs.unsl.edu.ar\\\/index.php\\\/nueva-propuesta-del-programa-de-capacitacion-y-actualizacion-para-el-trabajo-para-el-personal-administrativo-taller-motivacion-y-trabajo-en-grupo\\\/\",\"url\":\"https:\\\/\\\/www.fcejs.unsl.edu.ar\\\/index.php\\\/nueva-propuesta-del-programa-de-capacitacion-y-actualizacion-para-el-trabajo-para-el-personal-administrativo-taller-motivacion-y-trabajo-en-grupo\\\/\",\"name\":\"Nueva propuesta del Programa de Capacitaci\u00f3n y Actualizaci\u00f3n para el Trabajo para el Personal Administrativo: taller \\\"Motivacion y Trabajo en Grupo\\\" - Facultad de Ciencias Econ\u00f3micas, Jur\u00ed\u00addicas y Sociales\",\"isPartOf\":{\"@id\":\"https:\\\/\\\/www.fcejs.unsl.edu.ar\\\/#website\"},\"primaryImageOfPage\":{\"@id\":\"https:\\\/\\\/www.fcejs.unsl.edu.ar\\\/index.php\\\/nueva-propuesta-del-programa-de-capacitacion-y-actualizacion-para-el-trabajo-para-el-personal-administrativo-taller-motivacion-y-trabajo-en-grupo\\\/#primaryimage\"},\"image\":{\"@id\":\"https:\\\/\\\/www.fcejs.unsl.edu.ar\\\/index.php\\\/nueva-propuesta-del-programa-de-capacitacion-y-actualizacion-para-el-trabajo-para-el-personal-administrativo-taller-motivacion-y-trabajo-en-grupo\\\/#primaryimage\"},\"thumbnailUrl\":\"https:\\\/\\\/www.fcejs.unsl.edu.ar\\\/wp-content\\\/uploads\\\/2023\\\/10\\\/TRABAJO-EN-GRUPO-FRONT.jpg\",\"datePublished\":\"2023-10-27T22:15:37+00:00\",\"dateModified\":\"2023-11-03T16:05:00+00:00\",\"breadcrumb\":{\"@id\":\"https:\\\/\\\/www.fcejs.unsl.edu.ar\\\/index.php\\\/nueva-propuesta-del-programa-de-capacitacion-y-actualizacion-para-el-trabajo-para-el-personal-administrativo-taller-motivacion-y-trabajo-en-grupo\\\/#breadcrumb\"},\"inLanguage\":\"es-AR\",\"potentialAction\":[{\"@type\":\"ReadAction\",\"target\":[\"https:\\\/\\\/www.fcejs.unsl.edu.ar\\\/index.php\\\/nueva-propuesta-del-programa-de-capacitacion-y-actualizacion-para-el-trabajo-para-el-personal-administrativo-taller-motivacion-y-trabajo-en-grupo\\\/\"]}]},{\"@type\":\"ImageObject\",\"inLanguage\":\"es-AR\",\"@id\":\"https:\\\/\\\/www.fcejs.unsl.edu.ar\\\/index.php\\\/nueva-propuesta-del-programa-de-capacitacion-y-actualizacion-para-el-trabajo-para-el-personal-administrativo-taller-motivacion-y-trabajo-en-grupo\\\/#primaryimage\",\"url\":\"https:\\\/\\\/www.fcejs.unsl.edu.ar\\\/wp-content\\\/uploads\\\/2023\\\/10\\\/TRABAJO-EN-GRUPO-FRONT.jpg\",\"contentUrl\":\"https:\\\/\\\/www.fcejs.unsl.edu.ar\\\/wp-content\\\/uploads\\\/2023\\\/10\\\/TRABAJO-EN-GRUPO-FRONT.jpg\",\"width\":1152,\"height\":647},{\"@type\":\"BreadcrumbList\",\"@id\":\"https:\\\/\\\/www.fcejs.unsl.edu.ar\\\/index.php\\\/nueva-propuesta-del-programa-de-capacitacion-y-actualizacion-para-el-trabajo-para-el-personal-administrativo-taller-motivacion-y-trabajo-en-grupo\\\/#breadcrumb\",\"itemListElement\":[{\"@type\":\"ListItem\",\"position\":1,\"name\":\"Inicio\",\"item\":\"https:\\\/\\\/www.fcejs.unsl.edu.ar\\\/\"},{\"@type\":\"ListItem\",\"position\":2,\"name\":\"Nueva propuesta del Programa de Capacitaci\u00f3n y Actualizaci\u00f3n para el Trabajo para el Personal Administrativo: taller &#8220;Motivacion y Trabajo en Grupo&#8221;\"}]},{\"@type\":\"WebSite\",\"@id\":\"https:\\\/\\\/www.fcejs.unsl.edu.ar\\\/#website\",\"url\":\"https:\\\/\\\/www.fcejs.unsl.edu.ar\\\/\",\"name\":\"Facultad de Ciencias Econ\u00f3micas, Jur\u00ed\u00addicas y Sociales\",\"description\":\"\",\"publisher\":{\"@id\":\"https:\\\/\\\/www.fcejs.unsl.edu.ar\\\/#organization\"},\"potentialAction\":[{\"@type\":\"SearchAction\",\"target\":{\"@type\":\"EntryPoint\",\"urlTemplate\":\"https:\\\/\\\/www.fcejs.unsl.edu.ar\\\/?s={search_term_string}\"},\"query-input\":{\"@type\":\"PropertyValueSpecification\",\"valueRequired\":true,\"valueName\":\"search_term_string\"}}],\"inLanguage\":\"es-AR\"},{\"@type\":\"Organization\",\"@id\":\"https:\\\/\\\/www.fcejs.unsl.edu.ar\\\/#organization\",\"name\":\"Facultad de Ciencias Econ\u00f3micas, Jur\u00eddicas y Sociales\",\"url\":\"https:\\\/\\\/www.fcejs.unsl.edu.ar\\\/\",\"logo\":{\"@type\":\"ImageObject\",\"inLanguage\":\"es-AR\",\"@id\":\"https:\\\/\\\/www.fcejs.unsl.edu.ar\\\/#\\\/schema\\\/logo\\\/image\\\/\",\"url\":\"https:\\\/\\\/www.fcejs.unsl.edu.ar\\\/wp-content\\\/uploads\\\/2021\\\/03\\\/logo-1.jpg\",\"contentUrl\":\"https:\\\/\\\/www.fcejs.unsl.edu.ar\\\/wp-content\\\/uploads\\\/2021\\\/03\\\/logo-1.jpg\",\"width\":471,\"height\":146,\"caption\":\"Facultad de Ciencias Econ\u00f3micas, Jur\u00eddicas y Sociales\"},\"image\":{\"@id\":\"https:\\\/\\\/www.fcejs.unsl.edu.ar\\\/#\\\/schema\\\/logo\\\/image\\\/\"},\"sameAs\":[\"https:\\\/\\\/www.facebook.com\\\/FCEJS.UNSL\\\/\",\"https:\\\/\\\/x.com\\\/FCEJSUNSL\",\"https:\\\/\\\/www.instagram.com\\\/fcejs.unsl\\\/\",\"https:\\\/\\\/www.youtube.com\\\/channel\\\/UCH-Ut6EaN_X5ogjIQMPe46g\\\/\"]},{\"@type\":\"Person\",\"@id\":\"https:\\\/\\\/www.fcejs.unsl.edu.ar\\\/#\\\/schema\\\/person\\\/352ee6ed90c3f394c7cb5945f8956d34\",\"name\":\"DATI\"}]}<\/script>\n<!-- \/ Yoast SEO plugin. -->","yoast_head_json":{"title":"Nueva propuesta del Programa de Capacitaci\u00f3n y Actualizaci\u00f3n para el Trabajo para el Personal Administrativo: taller \"Motivacion y Trabajo en Grupo\" - Facultad de Ciencias Econ\u00f3micas, Jur\u00ed\u00addicas y Sociales","robots":{"index":"index","follow":"follow","max-snippet":"max-snippet:-1","max-image-preview":"max-image-preview:large","max-video-preview":"max-video-preview:-1"},"canonical":"https:\/\/www.fcejs.unsl.edu.ar\/index.php\/nueva-propuesta-del-programa-de-capacitacion-y-actualizacion-para-el-trabajo-para-el-personal-administrativo-taller-motivacion-y-trabajo-en-grupo\/","og_locale":"es_ES","og_type":"article","og_title":"Nueva propuesta del Programa de Capacitaci\u00f3n y Actualizaci\u00f3n para el Trabajo para el Personal Administrativo: taller \"Motivacion y Trabajo en Grupo\" - Facultad de Ciencias Econ\u00f3micas, Jur\u00ed\u00addicas y Sociales","og_description":"En el marco del Programa de Capacitaci\u00f3n y Actualizaci\u00f3n para el Trabajo para el Personal Administrativo (Ordenanza de Decanato N\u00ba 01\/2017), se invita a la&hellip;","og_url":"https:\/\/www.fcejs.unsl.edu.ar\/index.php\/nueva-propuesta-del-programa-de-capacitacion-y-actualizacion-para-el-trabajo-para-el-personal-administrativo-taller-motivacion-y-trabajo-en-grupo\/","og_site_name":"Facultad de Ciencias Econ\u00f3micas, Jur\u00ed\u00addicas y Sociales","article_publisher":"https:\/\/www.facebook.com\/FCEJS.UNSL\/","article_published_time":"2023-10-27T22:15:37+00:00","article_modified_time":"2023-11-03T16:05:00+00:00","og_image":[{"width":1152,"height":647,"url":"https:\/\/www.fcejs.unsl.edu.ar\/wp-content\/uploads\/2023\/10\/TRABAJO-EN-GRUPO-FRONT.jpg","type":"image\/jpeg"}],"author":"DATI","twitter_card":"summary_large_image","twitter_creator":"@FCEJSUNSL","twitter_site":"@FCEJSUNSL","twitter_misc":{"Escrito por":"DATI","Tiempo de lectura":"1 minuto"},"schema":{"@context":"https:\/\/schema.org","@graph":[{"@type":"Article","@id":"https:\/\/www.fcejs.unsl.edu.ar\/index.php\/nueva-propuesta-del-programa-de-capacitacion-y-actualizacion-para-el-trabajo-para-el-personal-administrativo-taller-motivacion-y-trabajo-en-grupo\/#article","isPartOf":{"@id":"https:\/\/www.fcejs.unsl.edu.ar\/index.php\/nueva-propuesta-del-programa-de-capacitacion-y-actualizacion-para-el-trabajo-para-el-personal-administrativo-taller-motivacion-y-trabajo-en-grupo\/"},"author":{"name":"DATI","@id":"https:\/\/www.fcejs.unsl.edu.ar\/#\/schema\/person\/352ee6ed90c3f394c7cb5945f8956d34"},"headline":"Nueva propuesta del Programa de Capacitaci\u00f3n y Actualizaci\u00f3n para el Trabajo para el Personal Administrativo: taller &#8220;Motivacion y Trabajo en Grupo&#8221;","datePublished":"2023-10-27T22:15:37+00:00","dateModified":"2023-11-03T16:05:00+00:00","mainEntityOfPage":{"@id":"https:\/\/www.fcejs.unsl.edu.ar\/index.php\/nueva-propuesta-del-programa-de-capacitacion-y-actualizacion-para-el-trabajo-para-el-personal-administrativo-taller-motivacion-y-trabajo-en-grupo\/"},"wordCount":248,"publisher":{"@id":"https:\/\/www.fcejs.unsl.edu.ar\/#organization"},"image":{"@id":"https:\/\/www.fcejs.unsl.edu.ar\/index.php\/nueva-propuesta-del-programa-de-capacitacion-y-actualizacion-para-el-trabajo-para-el-personal-administrativo-taller-motivacion-y-trabajo-en-grupo\/#primaryimage"},"thumbnailUrl":"https:\/\/www.fcejs.unsl.edu.ar\/wp-content\/uploads\/2023\/10\/TRABAJO-EN-GRUPO-FRONT.jpg","articleSection":["Noticias"],"inLanguage":"es-AR"},{"@type":"WebPage","@id":"https:\/\/www.fcejs.unsl.edu.ar\/index.php\/nueva-propuesta-del-programa-de-capacitacion-y-actualizacion-para-el-trabajo-para-el-personal-administrativo-taller-motivacion-y-trabajo-en-grupo\/","url":"https:\/\/www.fcejs.unsl.edu.ar\/index.php\/nueva-propuesta-del-programa-de-capacitacion-y-actualizacion-para-el-trabajo-para-el-personal-administrativo-taller-motivacion-y-trabajo-en-grupo\/","name":"Nueva propuesta del Programa de Capacitaci\u00f3n y Actualizaci\u00f3n para el Trabajo para el Personal Administrativo: taller \"Motivacion y Trabajo en Grupo\" - Facultad de Ciencias Econ\u00f3micas, Jur\u00ed\u00addicas y Sociales","isPartOf":{"@id":"https:\/\/www.fcejs.unsl.edu.ar\/#website"},"primaryImageOfPage":{"@id":"https:\/\/www.fcejs.unsl.edu.ar\/index.php\/nueva-propuesta-del-programa-de-capacitacion-y-actualizacion-para-el-trabajo-para-el-personal-administrativo-taller-motivacion-y-trabajo-en-grupo\/#primaryimage"},"image":{"@id":"https:\/\/www.fcejs.unsl.edu.ar\/index.php\/nueva-propuesta-del-programa-de-capacitacion-y-actualizacion-para-el-trabajo-para-el-personal-administrativo-taller-motivacion-y-trabajo-en-grupo\/#primaryimage"},"thumbnailUrl":"https:\/\/www.fcejs.unsl.edu.ar\/wp-content\/uploads\/2023\/10\/TRABAJO-EN-GRUPO-FRONT.jpg","datePublished":"2023-10-27T22:15:37+00:00","dateModified":"2023-11-03T16:05:00+00:00","breadcrumb":{"@id":"https:\/\/www.fcejs.unsl.edu.ar\/index.php\/nueva-propuesta-del-programa-de-capacitacion-y-actualizacion-para-el-trabajo-para-el-personal-administrativo-taller-motivacion-y-trabajo-en-grupo\/#breadcrumb"},"inLanguage":"es-AR","potentialAction":[{"@type":"ReadAction","target":["https:\/\/www.fcejs.unsl.edu.ar\/index.php\/nueva-propuesta-del-programa-de-capacitacion-y-actualizacion-para-el-trabajo-para-el-personal-administrativo-taller-motivacion-y-trabajo-en-grupo\/"]}]},{"@type":"ImageObject","inLanguage":"es-AR","@id":"https:\/\/www.fcejs.unsl.edu.ar\/index.php\/nueva-propuesta-del-programa-de-capacitacion-y-actualizacion-para-el-trabajo-para-el-personal-administrativo-taller-motivacion-y-trabajo-en-grupo\/#primaryimage","url":"https:\/\/www.fcejs.unsl.edu.ar\/wp-content\/uploads\/2023\/10\/TRABAJO-EN-GRUPO-FRONT.jpg","contentUrl":"https:\/\/www.fcejs.unsl.edu.ar\/wp-content\/uploads\/2023\/10\/TRABAJO-EN-GRUPO-FRONT.jpg","width":1152,"height":647},{"@type":"BreadcrumbList","@id":"https:\/\/www.fcejs.unsl.edu.ar\/index.php\/nueva-propuesta-del-programa-de-capacitacion-y-actualizacion-para-el-trabajo-para-el-personal-administrativo-taller-motivacion-y-trabajo-en-grupo\/#breadcrumb","itemListElement":[{"@type":"ListItem","position":1,"name":"Inicio","item":"https:\/\/www.fcejs.unsl.edu.ar\/"},{"@type":"ListItem","position":2,"name":"Nueva propuesta del Programa de Capacitaci\u00f3n y Actualizaci\u00f3n para el Trabajo para el Personal Administrativo: taller &#8220;Motivacion y Trabajo en Grupo&#8221;"}]},{"@type":"WebSite","@id":"https:\/\/www.fcejs.unsl.edu.ar\/#website","url":"https:\/\/www.fcejs.unsl.edu.ar\/","name":"Facultad de Ciencias Econ\u00f3micas, Jur\u00ed\u00addicas y Sociales","description":"","publisher":{"@id":"https:\/\/www.fcejs.unsl.edu.ar\/#organization"},"potentialAction":[{"@type":"SearchAction","target":{"@type":"EntryPoint","urlTemplate":"https:\/\/www.fcejs.unsl.edu.ar\/?s={search_term_string}"},"query-input":{"@type":"PropertyValueSpecification","valueRequired":true,"valueName":"search_term_string"}}],"inLanguage":"es-AR"},{"@type":"Organization","@id":"https:\/\/www.fcejs.unsl.edu.ar\/#organization","name":"Facultad de Ciencias Econ\u00f3micas, Jur\u00eddicas y Sociales","url":"https:\/\/www.fcejs.unsl.edu.ar\/","logo":{"@type":"ImageObject","inLanguage":"es-AR","@id":"https:\/\/www.fcejs.unsl.edu.ar\/#\/schema\/logo\/image\/","url":"https:\/\/www.fcejs.unsl.edu.ar\/wp-content\/uploads\/2021\/03\/logo-1.jpg","contentUrl":"https:\/\/www.fcejs.unsl.edu.ar\/wp-content\/uploads\/2021\/03\/logo-1.jpg","width":471,"height":146,"caption":"Facultad de Ciencias Econ\u00f3micas, Jur\u00eddicas y Sociales"},"image":{"@id":"https:\/\/www.fcejs.unsl.edu.ar\/#\/schema\/logo\/image\/"},"sameAs":["https:\/\/www.facebook.com\/FCEJS.UNSL\/","https:\/\/x.com\/FCEJSUNSL","https:\/\/www.instagram.com\/fcejs.unsl\/","https:\/\/www.youtube.com\/channel\/UCH-Ut6EaN_X5ogjIQMPe46g\/"]},{"@type":"Person","@id":"https:\/\/www.fcejs.unsl.edu.ar\/#\/schema\/person\/352ee6ed90c3f394c7cb5945f8956d34","name":"DATI"}]}},"jetpack_featured_media_url":"https:\/\/www.fcejs.unsl.edu.ar\/wp-content\/uploads\/2023\/10\/TRABAJO-EN-GRUPO-FRONT.jpg","_links":{"self":[{"href":"https:\/\/www.fcejs.unsl.edu.ar\/index.php\/wp-json\/wp\/v2\/posts\/14232","targetHints":{"allow":["GET"]}}],"collection":[{"href":"https:\/\/www.fcejs.unsl.edu.ar\/index.php\/wp-json\/wp\/v2\/posts"}],"about":[{"href":"https:\/\/www.fcejs.unsl.edu.ar\/index.php\/wp-json\/wp\/v2\/types\/post"}],"author":[{"embeddable":true,"href":"https:\/\/www.fcejs.unsl.edu.ar\/index.php\/wp-json\/wp\/v2\/users\/9"}],"replies":[{"embeddable":true,"href":"https:\/\/www.fcejs.unsl.edu.ar\/index.php\/wp-json\/wp\/v2\/comments?post=14232"}],"version-history":[{"count":6,"href":"https:\/\/www.fcejs.unsl.edu.ar\/index.php\/wp-json\/wp\/v2\/posts\/14232\/revisions"}],"predecessor-version":[{"id":14240,"href":"https:\/\/www.fcejs.unsl.edu.ar\/index.php\/wp-json\/wp\/v2\/posts\/14232\/revisions\/14240"}],"wp:featuredmedia":[{"embeddable":true,"href":"https:\/\/www.fcejs.unsl.edu.ar\/index.php\/wp-json\/wp\/v2\/media\/14239"}],"wp:attachment":[{"href":"https:\/\/www.fcejs.unsl.edu.ar\/index.php\/wp-json\/wp\/v2\/media?parent=14232"}],"wp:term":[{"taxonomy":"category","embeddable":true,"href":"https:\/\/www.fcejs.unsl.edu.ar\/index.php\/wp-json\/wp\/v2\/categories?post=14232"},{"taxonomy":"post_tag","embeddable":true,"href":"https:\/\/www.fcejs.unsl.edu.ar\/index.php\/wp-json\/wp\/v2\/tags?post=14232"}],"curies":[{"name":"wp","href":"https:\/\/api.w.org\/{rel}","templated":true}]}}