{"id":14036,"date":"2023-10-23T11:04:11","date_gmt":"2023-10-23T14:04:11","guid":{"rendered":"http:\/\/10.101.10.197\/www\/?p=14036"},"modified":"2023-11-06T09:04:33","modified_gmt":"2023-11-06T12:04:33","slug":"ya-umu-dialogo-sobre-los-saberes-en-la-comunidad-huarpe","status":"publish","type":"post","link":"https:\/\/www.fcejs.unsl.edu.ar\/index.php\/ya-umu-dialogo-sobre-los-saberes-en-la-comunidad-huarpe\/","title":{"rendered":"La educadora originaria Ya Umu dialog\u00f3 sobre los saberes en la comunidad Huarpe"},"content":{"rendered":"<p>La Secretar\u00eda de Extensi\u00f3n Universitaria informa que durante el mi\u00e9rcoles 11 de octubre de 2023, se llev\u00f3 a cabo el Taller \u201cInterculturalidad, educaci\u00f3n y econom\u00eda social: Di\u00e1logo de saberes en la comunidad Huarpe\u201d a cargo de la Educadora originaria Ya Umuk.<\/p>\n<p>Esta actividad cont\u00f3 con la participaci\u00f3n de representantes del pueblo Huarpe, docentes, estudiantes e integrantes del Proyecto de Extensi\u00f3n y Docencia: \u201cPr\u00e1cticas socioeducativas e inclusi\u00f3n de sujetos y saberes populares\u201d de la FCEJS.<\/p>\n<p>La Prof. Sonia Pereyra inici\u00f3 la jornada en la que brind\u00f3 la bienvenida a los y las participantes, enunci\u00f3 los prop\u00f3sitos del encuentro referidos a propiciar el di\u00e1logo de la universidad y las comunidades ind\u00edgenas desde la interculturalidad cr\u00edtica y promover el reconocimiento de los derechos vulnerados y las luchas de los pueblos originarios, en clave decolonial.<\/p>\n<p>El Prof. Pablo Torres present\u00f3 a la educadora originaria Ya Umuk, quien plante\u00f3 la experiencia de su comunidad en relaci\u00f3n a los derechos adquiridos como naci\u00f3n preexistente y su vulneraci\u00f3n desde la colonizaci\u00f3n europea, y los procesos de colonialidad expresados en la invisibilizaci\u00f3n y exclusi\u00f3n por parte del Estado naci\u00f3n, y la discriminaci\u00f3n social que estos pueblos sufren actualmente. En este sentido, propuso la perspectiva intercultural cr\u00edtica para orientar las pr\u00e1cticas formativas y profesionales en la intervenci\u00f3n con pueblos originarios, y sostuvo la necesidad de incorporar los saberes y pr\u00e1cticas ancestrales como parte de la educaci\u00f3n superior.<\/p>\n<p>Luego se trabaj\u00f3 en forma grupal a partir de consignas vinculadas a las problem\u00e1ticas planteadas, gener\u00e1ndose un interesante debate entre personas de la comunidad, docentes y estudiantes. Finalmente, se planificaron futuras actividades a concretarse pr\u00f3ximamente en el territorio huarpe.<\/p>\n<p>El encuentro estuvo organizado por el equipo docente de la materia Educaci\u00f3n y Trabajo Social de la Licenciatura en Trabajo Social y el Proyecto de Extensi\u00f3n y Docencia: \u201cPr\u00e1cticas socioeducativas e inclusi\u00f3n de sujetos y saberes populares\u201d FCEJS.UNSL.<\/p>\n<div class=\"gmedia_gallery phantom_module is_bot\" id=\"GmediaGallery_170\" data-gmid=\"170\" data-module=\"phantom\"><style type='text\/css' class='gmedia_module_style_import'>@import url('https:\/\/www.fcejs.unsl.edu.ar\/wp-content\/plugins\/grand-media\/module\/phantom\/css\/style.css') all;<\/style>    <div class=\"gmPhantom_Container noLightbox\" >\r\n                <div class=\"gmPhantom_thumbsWrapper gmPhantom_ThumbScale gmPhantom_LabelHover\">\r\n                        <div class=\"gmPhantom_ThumbContainer gmPhantom_ThumbLoader\" data-id=\"2469\" data-post_id=\"14050\" data-ratio=\"1.7766666666667\" data-type=\"image\" data-ext=\"jpeg\" data-views=\"19\" data-likes=\"0\" data-cc=\"0\" data-post_link=\"https:\/\/www.fcejs.unsl.edu.ar\/index.php\/gmedia\/whatsapp_image_2023-10-11_at_4-13-41_pm-jpeg\/\">\r\n                <a href=\"https:\/\/www.fcejs.unsl.edu.ar\/wp-content\/grand-media\/image\/WhatsApp_Image_2023-10-11_at_4.13.41_PM.jpeg\" class=\"gmPhantom_Thumb\"><img decoding=\"async\" src=\"https:\/\/www.fcejs.unsl.edu.ar\/wp-content\/grand-media\/image\/thumb\/WhatsApp_Image_2023-10-11_at_4.13.41_PM.jpeg\" data-src=\"https:\/\/www.fcejs.unsl.edu.ar\/wp-content\/grand-media\/image\/WhatsApp_Image_2023-10-11_at_4.13.41_PM.jpeg\" alt=\"WhatsApp Image 2023-10-11 At 4.13.41 PM\"\/><\/a>\r\n                                    <div class=\"gmPhantom_ThumbLabel\"><span class=\"gmPhantom_ThumbLabel_title\">WhatsApp Image 2023-10-11 At 4.13.41 PM<\/span><\/div>\r\n                                    <div style=\"display:none;\" class=\"gmPhantom_Details\">\r\n                                            <div class=\"gmPhantom_description\">\r\n                            <div class=\"gmPhantom_title\">WhatsApp Image 2023-10-11 At 4.13.41 PM<\/div>\r\n                            <div class=\"gmPhantom_text\"><\/div>\r\n                        <\/div>\r\n                                                            <div class=\"gmPhantom_terms\">\r\n                                                    <div class=\"gmPhantom_other_terms\">\r\n                                <table class=\"gmPhantom_other_terms_table\">\r\n                                                                            <tr class=\"gmPhantom_term_row_album\">\r\n                                            <td class=\"gmPhantom_term_key\">Album<\/td>\r\n                                            <td class=\"gmPhantom_term_value\"><a href=\"\/index.php\/wp-json\/wp\/v2\/posts\/14036?gm170[album__in]=170\" class=\"gmPhantom_alb\">Interculturalidad, educaci\u00f3n y econom\u00eda social-2023<\/a><\/td>\r\n                                        <\/tr>\r\n                                                                    <\/table>\r\n                            <\/div>\r\n                                                <\/div>\r\n                <\/div>\r\n                <\/div>            <div class=\"gmPhantom_ThumbContainer gmPhantom_ThumbLoader\" data-id=\"2468\" data-post_id=\"14049\" data-ratio=\"1.7766666666667\" data-type=\"image\" data-ext=\"jpeg\" data-views=\"29\" data-likes=\"0\" data-cc=\"0\" data-post_link=\"https:\/\/www.fcejs.unsl.edu.ar\/index.php\/gmedia\/taller-_interculturalidad_-educaci_n-y-econom_a-_12_-jpeg\/\">\r\n                <a href=\"https:\/\/www.fcejs.unsl.edu.ar\/wp-content\/grand-media\/image\/Taller-_Interculturalidad_-educaci_n-y-econom_a-_12_.jpeg\" class=\"gmPhantom_Thumb\"><img decoding=\"async\" src=\"https:\/\/www.fcejs.unsl.edu.ar\/wp-content\/grand-media\/image\/thumb\/Taller-_Interculturalidad_-educaci_n-y-econom_a-_12_.jpeg\" data-src=\"https:\/\/www.fcejs.unsl.edu.ar\/wp-content\/grand-media\/image\/Taller-_Interculturalidad_-educaci_n-y-econom_a-_12_.jpeg\" alt=\"Taller-\u201cInterculturalidad,-educaci\u00f3n-y-econom\u00eda- (12)\"\/><\/a>\r\n                                    <div class=\"gmPhantom_ThumbLabel\"><span class=\"gmPhantom_ThumbLabel_title\">Taller-\u201cInterculturalidad,-educaci\u00f3n-y-econom\u00eda- (12)<\/span><\/div>\r\n                                    <div style=\"display:none;\" class=\"gmPhantom_Details\">\r\n                                            <div class=\"gmPhantom_description\">\r\n                            <div class=\"gmPhantom_title\">Taller-\u201cInterculturalidad,-educaci\u00f3n-y-econom\u00eda- (12)<\/div>\r\n                            <div class=\"gmPhantom_text\"><\/div>\r\n                        <\/div>\r\n                                                            <div class=\"gmPhantom_terms\">\r\n                                                    <div class=\"gmPhantom_other_terms\">\r\n                                <table class=\"gmPhantom_other_terms_table\">\r\n                                                                            <tr class=\"gmPhantom_term_row_album\">\r\n                                            <td class=\"gmPhantom_term_key\">Album<\/td>\r\n                                            <td class=\"gmPhantom_term_value\"><a href=\"\/index.php\/wp-json\/wp\/v2\/posts\/14036?gm170[album__in]=170\" class=\"gmPhantom_alb\">Interculturalidad, educaci\u00f3n y econom\u00eda social-2023<\/a><\/td>\r\n                                        <\/tr>\r\n                                                                    <\/table>\r\n                            <\/div>\r\n                                                <\/div>\r\n                <\/div>\r\n                <\/div>            <div class=\"gmPhantom_ThumbContainer gmPhantom_ThumbLoader\" data-id=\"2467\" data-post_id=\"14048\" data-ratio=\"1.3333333333333\" data-type=\"image\" data-ext=\"jpeg\" data-views=\"18\" data-likes=\"0\" data-cc=\"0\" data-post_link=\"https:\/\/www.fcejs.unsl.edu.ar\/index.php\/gmedia\/taller-_interculturalidad_-educaci_n-y-econom_a-_11_-jpeg\/\">\r\n                <a href=\"https:\/\/www.fcejs.unsl.edu.ar\/wp-content\/grand-media\/image\/Taller-_Interculturalidad_-educaci_n-y-econom_a-_11_.jpeg\" class=\"gmPhantom_Thumb\"><img decoding=\"async\" src=\"https:\/\/www.fcejs.unsl.edu.ar\/wp-content\/grand-media\/image\/thumb\/Taller-_Interculturalidad_-educaci_n-y-econom_a-_11_.jpeg\" data-src=\"https:\/\/www.fcejs.unsl.edu.ar\/wp-content\/grand-media\/image\/Taller-_Interculturalidad_-educaci_n-y-econom_a-_11_.jpeg\" alt=\"Taller-\u201cInterculturalidad,-educaci\u00f3n-y-econom\u00eda- (11)\"\/><\/a>\r\n                                    <div class=\"gmPhantom_ThumbLabel\"><span class=\"gmPhantom_ThumbLabel_title\">Taller-\u201cInterculturalidad,-educaci\u00f3n-y-econom\u00eda- (11)<\/span><\/div>\r\n                                    <div style=\"display:none;\" class=\"gmPhantom_Details\">\r\n                                            <div class=\"gmPhantom_description\">\r\n                            <div class=\"gmPhantom_title\">Taller-\u201cInterculturalidad,-educaci\u00f3n-y-econom\u00eda- (11)<\/div>\r\n                            <div class=\"gmPhantom_text\"><\/div>\r\n                        <\/div>\r\n                                                            <div class=\"gmPhantom_terms\">\r\n                                                    <div class=\"gmPhantom_other_terms\">\r\n                                <table class=\"gmPhantom_other_terms_table\">\r\n                                                                            <tr class=\"gmPhantom_term_row_album\">\r\n                                            <td class=\"gmPhantom_term_key\">Album<\/td>\r\n                                            <td class=\"gmPhantom_term_value\"><a href=\"\/index.php\/wp-json\/wp\/v2\/posts\/14036?gm170[album__in]=170\" class=\"gmPhantom_alb\">Interculturalidad, educaci\u00f3n y econom\u00eda social-2023<\/a><\/td>\r\n                                        <\/tr>\r\n                                                                    <\/table>\r\n                            <\/div>\r\n                                                <\/div>\r\n                <\/div>\r\n                <\/div>            <div class=\"gmPhantom_ThumbContainer gmPhantom_ThumbLoader\" data-id=\"2466\" data-post_id=\"14047\" data-ratio=\"1.3333333333333\" data-type=\"image\" data-ext=\"jpeg\" data-views=\"22\" data-likes=\"0\" data-cc=\"0\" data-post_link=\"https:\/\/www.fcejs.unsl.edu.ar\/index.php\/gmedia\/taller-_interculturalidad_-educaci_n-y-econom_a-_10_-jpeg\/\">\r\n                <a href=\"https:\/\/www.fcejs.unsl.edu.ar\/wp-content\/grand-media\/image\/Taller-_Interculturalidad_-educaci_n-y-econom_a-_10_.jpeg\" class=\"gmPhantom_Thumb\"><img decoding=\"async\" src=\"https:\/\/www.fcejs.unsl.edu.ar\/wp-content\/grand-media\/image\/thumb\/Taller-_Interculturalidad_-educaci_n-y-econom_a-_10_.jpeg\" data-src=\"https:\/\/www.fcejs.unsl.edu.ar\/wp-content\/grand-media\/image\/Taller-_Interculturalidad_-educaci_n-y-econom_a-_10_.jpeg\" alt=\"Taller-\u201cInterculturalidad,-educaci\u00f3n-y-econom\u00eda- (10)\"\/><\/a>\r\n                                    <div class=\"gmPhantom_ThumbLabel\"><span class=\"gmPhantom_ThumbLabel_title\">Taller-\u201cInterculturalidad,-educaci\u00f3n-y-econom\u00eda- (10)<\/span><\/div>\r\n                                    <div style=\"display:none;\" class=\"gmPhantom_Details\">\r\n                                            <div class=\"gmPhantom_description\">\r\n                            <div class=\"gmPhantom_title\">Taller-\u201cInterculturalidad,-educaci\u00f3n-y-econom\u00eda- (10)<\/div>\r\n                            <div class=\"gmPhantom_text\"><\/div>\r\n                        <\/div>\r\n                                                            <div class=\"gmPhantom_terms\">\r\n                                                    <div class=\"gmPhantom_other_terms\">\r\n                                <table class=\"gmPhantom_other_terms_table\">\r\n                                                                            <tr class=\"gmPhantom_term_row_album\">\r\n                                            <td class=\"gmPhantom_term_key\">Album<\/td>\r\n                                            <td class=\"gmPhantom_term_value\"><a href=\"\/index.php\/wp-json\/wp\/v2\/posts\/14036?gm170[album__in]=170\" class=\"gmPhantom_alb\">Interculturalidad, educaci\u00f3n y econom\u00eda social-2023<\/a><\/td>\r\n                                        <\/tr>\r\n                                                                    <\/table>\r\n                            <\/div>\r\n                                                <\/div>\r\n                <\/div>\r\n                <\/div>            <div class=\"gmPhantom_ThumbContainer gmPhantom_ThumbLoader\" data-id=\"2465\" data-post_id=\"14046\" data-ratio=\"1.3333333333333\" data-type=\"image\" data-ext=\"jpeg\" data-views=\"19\" data-likes=\"0\" data-cc=\"0\" data-post_link=\"https:\/\/www.fcejs.unsl.edu.ar\/index.php\/gmedia\/taller-_interculturalidad_-educaci_n-y-econom_a-_9_-jpeg\/\">\r\n                <a href=\"https:\/\/www.fcejs.unsl.edu.ar\/wp-content\/grand-media\/image\/Taller-_Interculturalidad_-educaci_n-y-econom_a-_9_.jpeg\" class=\"gmPhantom_Thumb\"><img decoding=\"async\" src=\"https:\/\/www.fcejs.unsl.edu.ar\/wp-content\/grand-media\/image\/thumb\/Taller-_Interculturalidad_-educaci_n-y-econom_a-_9_.jpeg\" data-src=\"https:\/\/www.fcejs.unsl.edu.ar\/wp-content\/grand-media\/image\/Taller-_Interculturalidad_-educaci_n-y-econom_a-_9_.jpeg\" alt=\"Taller-\u201cInterculturalidad,-educaci\u00f3n-y-econom\u00eda- (9)\"\/><\/a>\r\n                                    <div class=\"gmPhantom_ThumbLabel\"><span class=\"gmPhantom_ThumbLabel_title\">Taller-\u201cInterculturalidad,-educaci\u00f3n-y-econom\u00eda- (9)<\/span><\/div>\r\n                                    <div style=\"display:none;\" class=\"gmPhantom_Details\">\r\n                                            <div class=\"gmPhantom_description\">\r\n                            <div class=\"gmPhantom_title\">Taller-\u201cInterculturalidad,-educaci\u00f3n-y-econom\u00eda- (9)<\/div>\r\n                            <div class=\"gmPhantom_text\"><\/div>\r\n                        <\/div>\r\n                                                            <div class=\"gmPhantom_terms\">\r\n                                                    <div class=\"gmPhantom_other_terms\">\r\n                                <table class=\"gmPhantom_other_terms_table\">\r\n                                                                            <tr class=\"gmPhantom_term_row_album\">\r\n                                            <td class=\"gmPhantom_term_key\">Album<\/td>\r\n                                            <td class=\"gmPhantom_term_value\"><a href=\"\/index.php\/wp-json\/wp\/v2\/posts\/14036?gm170[album__in]=170\" class=\"gmPhantom_alb\">Interculturalidad, educaci\u00f3n y econom\u00eda social-2023<\/a><\/td>\r\n                                        <\/tr>\r\n                                                                    <\/table>\r\n                            <\/div>\r\n                                                <\/div>\r\n                <\/div>\r\n                <\/div>            <div class=\"gmPhantom_ThumbContainer gmPhantom_ThumbLoader\" data-id=\"2464\" data-post_id=\"14045\" data-ratio=\"0.75\" data-type=\"image\" data-ext=\"jpeg\" data-views=\"19\" data-likes=\"0\" data-cc=\"0\" data-post_link=\"https:\/\/www.fcejs.unsl.edu.ar\/index.php\/gmedia\/taller-_interculturalidad_-educaci_n-y-econom_a-_8_-jpeg\/\">\r\n                <a href=\"https:\/\/www.fcejs.unsl.edu.ar\/wp-content\/grand-media\/image\/Taller-_Interculturalidad_-educaci_n-y-econom_a-_8_.jpeg\" class=\"gmPhantom_Thumb\"><img decoding=\"async\" src=\"https:\/\/www.fcejs.unsl.edu.ar\/wp-content\/grand-media\/image\/thumb\/Taller-_Interculturalidad_-educaci_n-y-econom_a-_8_.jpeg\" data-src=\"https:\/\/www.fcejs.unsl.edu.ar\/wp-content\/grand-media\/image\/Taller-_Interculturalidad_-educaci_n-y-econom_a-_8_.jpeg\" alt=\"Taller-\u201cInterculturalidad,-educaci\u00f3n-y-econom\u00eda- (8)\"\/><\/a>\r\n                                    <div class=\"gmPhantom_ThumbLabel\"><span class=\"gmPhantom_ThumbLabel_title\">Taller-\u201cInterculturalidad,-educaci\u00f3n-y-econom\u00eda- (8)<\/span><\/div>\r\n                                    <div style=\"display:none;\" class=\"gmPhantom_Details\">\r\n                                            <div class=\"gmPhantom_description\">\r\n                            <div class=\"gmPhantom_title\">Taller-\u201cInterculturalidad,-educaci\u00f3n-y-econom\u00eda- (8)<\/div>\r\n                            <div class=\"gmPhantom_text\"><\/div>\r\n                        <\/div>\r\n                                                            <div class=\"gmPhantom_terms\">\r\n                                                    <div class=\"gmPhantom_other_terms\">\r\n                                <table class=\"gmPhantom_other_terms_table\">\r\n                                                                            <tr class=\"gmPhantom_term_row_album\">\r\n                                            <td class=\"gmPhantom_term_key\">Album<\/td>\r\n                                            <td class=\"gmPhantom_term_value\"><a href=\"\/index.php\/wp-json\/wp\/v2\/posts\/14036?gm170[album__in]=170\" class=\"gmPhantom_alb\">Interculturalidad, educaci\u00f3n y econom\u00eda social-2023<\/a><\/td>\r\n                                        <\/tr>\r\n                                                                    <\/table>\r\n                            <\/div>\r\n                                                <\/div>\r\n                <\/div>\r\n                <\/div>            <div class=\"gmPhantom_ThumbContainer gmPhantom_ThumbLoader\" data-id=\"2463\" data-post_id=\"14044\" data-ratio=\"1.7766666666667\" data-type=\"image\" data-ext=\"jpeg\" data-views=\"19\" data-likes=\"0\" data-cc=\"0\" data-post_link=\"https:\/\/www.fcejs.unsl.edu.ar\/index.php\/gmedia\/taller-_interculturalidad_-educaci_n-y-econom_a-_7_-jpeg\/\">\r\n                <a href=\"https:\/\/www.fcejs.unsl.edu.ar\/wp-content\/grand-media\/image\/Taller-_Interculturalidad_-educaci_n-y-econom_a-_7_.jpeg\" class=\"gmPhantom_Thumb\"><img decoding=\"async\" src=\"https:\/\/www.fcejs.unsl.edu.ar\/wp-content\/grand-media\/image\/thumb\/Taller-_Interculturalidad_-educaci_n-y-econom_a-_7_.jpeg\" data-src=\"https:\/\/www.fcejs.unsl.edu.ar\/wp-content\/grand-media\/image\/Taller-_Interculturalidad_-educaci_n-y-econom_a-_7_.jpeg\" alt=\"Taller-\u201cInterculturalidad,-educaci\u00f3n-y-econom\u00eda- (7)\"\/><\/a>\r\n                                    <div class=\"gmPhantom_ThumbLabel\"><span class=\"gmPhantom_ThumbLabel_title\">Taller-\u201cInterculturalidad,-educaci\u00f3n-y-econom\u00eda- (7)<\/span><\/div>\r\n                                    <div style=\"display:none;\" class=\"gmPhantom_Details\">\r\n                                            <div class=\"gmPhantom_description\">\r\n                            <div class=\"gmPhantom_title\">Taller-\u201cInterculturalidad,-educaci\u00f3n-y-econom\u00eda- (7)<\/div>\r\n                            <div class=\"gmPhantom_text\"><\/div>\r\n                        <\/div>\r\n                                                            <div class=\"gmPhantom_terms\">\r\n                                                    <div class=\"gmPhantom_other_terms\">\r\n                                <table class=\"gmPhantom_other_terms_table\">\r\n                                                                            <tr class=\"gmPhantom_term_row_album\">\r\n                                            <td class=\"gmPhantom_term_key\">Album<\/td>\r\n                                            <td class=\"gmPhantom_term_value\"><a href=\"\/index.php\/wp-json\/wp\/v2\/posts\/14036?gm170[album__in]=170\" class=\"gmPhantom_alb\">Interculturalidad, educaci\u00f3n y econom\u00eda social-2023<\/a><\/td>\r\n                                        <\/tr>\r\n                                                                    <\/table>\r\n                            <\/div>\r\n                                                <\/div>\r\n                <\/div>\r\n                <\/div>            <div class=\"gmPhantom_ThumbContainer gmPhantom_ThumbLoader\" data-id=\"2462\" data-post_id=\"14043\" data-ratio=\"1.7766666666667\" data-type=\"image\" data-ext=\"jpeg\" data-views=\"18\" data-likes=\"0\" data-cc=\"0\" data-post_link=\"https:\/\/www.fcejs.unsl.edu.ar\/index.php\/gmedia\/taller-_interculturalidad_-educaci_n-y-econom_a-_6_-jpeg\/\">\r\n                <a href=\"https:\/\/www.fcejs.unsl.edu.ar\/wp-content\/grand-media\/image\/Taller-_Interculturalidad_-educaci_n-y-econom_a-_6_.jpeg\" class=\"gmPhantom_Thumb\"><img decoding=\"async\" src=\"https:\/\/www.fcejs.unsl.edu.ar\/wp-content\/grand-media\/image\/thumb\/Taller-_Interculturalidad_-educaci_n-y-econom_a-_6_.jpeg\" data-src=\"https:\/\/www.fcejs.unsl.edu.ar\/wp-content\/grand-media\/image\/Taller-_Interculturalidad_-educaci_n-y-econom_a-_6_.jpeg\" alt=\"Taller-\u201cInterculturalidad,-educaci\u00f3n-y-econom\u00eda- (6)\"\/><\/a>\r\n                                    <div class=\"gmPhantom_ThumbLabel\"><span class=\"gmPhantom_ThumbLabel_title\">Taller-\u201cInterculturalidad,-educaci\u00f3n-y-econom\u00eda- (6)<\/span><\/div>\r\n                                    <div style=\"display:none;\" class=\"gmPhantom_Details\">\r\n                                            <div class=\"gmPhantom_description\">\r\n                            <div class=\"gmPhantom_title\">Taller-\u201cInterculturalidad,-educaci\u00f3n-y-econom\u00eda- (6)<\/div>\r\n                            <div class=\"gmPhantom_text\"><\/div>\r\n                        <\/div>\r\n                                                            <div class=\"gmPhantom_terms\">\r\n                                                    <div class=\"gmPhantom_other_terms\">\r\n                                <table class=\"gmPhantom_other_terms_table\">\r\n                                                                            <tr class=\"gmPhantom_term_row_album\">\r\n                                            <td class=\"gmPhantom_term_key\">Album<\/td>\r\n                                            <td class=\"gmPhantom_term_value\"><a href=\"\/index.php\/wp-json\/wp\/v2\/posts\/14036?gm170[album__in]=170\" class=\"gmPhantom_alb\">Interculturalidad, educaci\u00f3n y econom\u00eda social-2023<\/a><\/td>\r\n                                        <\/tr>\r\n                                                                    <\/table>\r\n                            <\/div>\r\n                                                <\/div>\r\n                <\/div>\r\n                <\/div>            <div class=\"gmPhantom_ThumbContainer gmPhantom_ThumbLoader\" data-id=\"2461\" data-post_id=\"14042\" data-ratio=\"1.7766666666667\" data-type=\"image\" data-ext=\"jpeg\" data-views=\"18\" data-likes=\"0\" data-cc=\"0\" data-post_link=\"https:\/\/www.fcejs.unsl.edu.ar\/index.php\/gmedia\/taller-_interculturalidad_-educaci_n-y-econom_a-_5_-jpeg\/\">\r\n                <a href=\"https:\/\/www.fcejs.unsl.edu.ar\/wp-content\/grand-media\/image\/Taller-_Interculturalidad_-educaci_n-y-econom_a-_5_.jpeg\" class=\"gmPhantom_Thumb\"><img decoding=\"async\" src=\"https:\/\/www.fcejs.unsl.edu.ar\/wp-content\/grand-media\/image\/thumb\/Taller-_Interculturalidad_-educaci_n-y-econom_a-_5_.jpeg\" data-src=\"https:\/\/www.fcejs.unsl.edu.ar\/wp-content\/grand-media\/image\/Taller-_Interculturalidad_-educaci_n-y-econom_a-_5_.jpeg\" alt=\"Taller-\u201cInterculturalidad,-educaci\u00f3n-y-econom\u00eda- (5)\"\/><\/a>\r\n                                    <div class=\"gmPhantom_ThumbLabel\"><span class=\"gmPhantom_ThumbLabel_title\">Taller-\u201cInterculturalidad,-educaci\u00f3n-y-econom\u00eda- (5)<\/span><\/div>\r\n                                    <div style=\"display:none;\" class=\"gmPhantom_Details\">\r\n                                            <div class=\"gmPhantom_description\">\r\n                            <div class=\"gmPhantom_title\">Taller-\u201cInterculturalidad,-educaci\u00f3n-y-econom\u00eda- (5)<\/div>\r\n                            <div class=\"gmPhantom_text\"><\/div>\r\n                        <\/div>\r\n                                                            <div class=\"gmPhantom_terms\">\r\n                                                    <div class=\"gmPhantom_other_terms\">\r\n                                <table class=\"gmPhantom_other_terms_table\">\r\n                                                                            <tr class=\"gmPhantom_term_row_album\">\r\n                                            <td class=\"gmPhantom_term_key\">Album<\/td>\r\n                                            <td class=\"gmPhantom_term_value\"><a href=\"\/index.php\/wp-json\/wp\/v2\/posts\/14036?gm170[album__in]=170\" class=\"gmPhantom_alb\">Interculturalidad, educaci\u00f3n y econom\u00eda social-2023<\/a><\/td>\r\n                                        <\/tr>\r\n                                                                    <\/table>\r\n                            <\/div>\r\n                                                <\/div>\r\n                <\/div>\r\n                <\/div>            <div class=\"gmPhantom_ThumbContainer gmPhantom_ThumbLoader\" data-id=\"2460\" data-post_id=\"14041\" data-ratio=\"1.7766666666667\" data-type=\"image\" data-ext=\"jpeg\" data-views=\"23\" data-likes=\"0\" data-cc=\"0\" data-post_link=\"https:\/\/www.fcejs.unsl.edu.ar\/index.php\/gmedia\/taller-_interculturalidad_-educaci_n-y-econom_a-_4_-jpeg\/\">\r\n                <a href=\"https:\/\/www.fcejs.unsl.edu.ar\/wp-content\/grand-media\/image\/Taller-_Interculturalidad_-educaci_n-y-econom_a-_4_.jpeg\" class=\"gmPhantom_Thumb\"><img decoding=\"async\" src=\"https:\/\/www.fcejs.unsl.edu.ar\/wp-content\/grand-media\/image\/thumb\/Taller-_Interculturalidad_-educaci_n-y-econom_a-_4_.jpeg\" data-src=\"https:\/\/www.fcejs.unsl.edu.ar\/wp-content\/grand-media\/image\/Taller-_Interculturalidad_-educaci_n-y-econom_a-_4_.jpeg\" alt=\"Taller-\u201cInterculturalidad,-educaci\u00f3n-y-econom\u00eda- (4)\"\/><\/a>\r\n                                    <div class=\"gmPhantom_ThumbLabel\"><span class=\"gmPhantom_ThumbLabel_title\">Taller-\u201cInterculturalidad,-educaci\u00f3n-y-econom\u00eda- (4)<\/span><\/div>\r\n                                    <div style=\"display:none;\" class=\"gmPhantom_Details\">\r\n                                            <div class=\"gmPhantom_description\">\r\n                            <div class=\"gmPhantom_title\">Taller-\u201cInterculturalidad,-educaci\u00f3n-y-econom\u00eda- (4)<\/div>\r\n                            <div class=\"gmPhantom_text\"><\/div>\r\n                        <\/div>\r\n                                                            <div class=\"gmPhantom_terms\">\r\n                                                    <div class=\"gmPhantom_other_terms\">\r\n                                <table class=\"gmPhantom_other_terms_table\">\r\n                                                                            <tr class=\"gmPhantom_term_row_album\">\r\n                                            <td class=\"gmPhantom_term_key\">Album<\/td>\r\n                                            <td class=\"gmPhantom_term_value\"><a href=\"\/index.php\/wp-json\/wp\/v2\/posts\/14036?gm170[album__in]=170\" class=\"gmPhantom_alb\">Interculturalidad, educaci\u00f3n y econom\u00eda social-2023<\/a><\/td>\r\n                                        <\/tr>\r\n                                                                    <\/table>\r\n                            <\/div>\r\n                                                <\/div>\r\n                <\/div>\r\n                <\/div>            <div class=\"gmPhantom_ThumbContainer gmPhantom_ThumbLoader\" data-id=\"2459\" data-post_id=\"14040\" data-ratio=\"1.7766666666667\" data-type=\"image\" data-ext=\"jpeg\" data-views=\"20\" data-likes=\"0\" data-cc=\"0\" data-post_link=\"https:\/\/www.fcejs.unsl.edu.ar\/index.php\/gmedia\/taller-_interculturalidad_-educaci_n-y-econom_a-_3_-jpeg\/\">\r\n                <a href=\"https:\/\/www.fcejs.unsl.edu.ar\/wp-content\/grand-media\/image\/Taller-_Interculturalidad_-educaci_n-y-econom_a-_3_.jpeg\" class=\"gmPhantom_Thumb\"><img decoding=\"async\" src=\"https:\/\/www.fcejs.unsl.edu.ar\/wp-content\/grand-media\/image\/thumb\/Taller-_Interculturalidad_-educaci_n-y-econom_a-_3_.jpeg\" data-src=\"https:\/\/www.fcejs.unsl.edu.ar\/wp-content\/grand-media\/image\/Taller-_Interculturalidad_-educaci_n-y-econom_a-_3_.jpeg\" alt=\"Taller-\u201cInterculturalidad,-educaci\u00f3n-y-econom\u00eda- (3)\"\/><\/a>\r\n                                    <div class=\"gmPhantom_ThumbLabel\"><span class=\"gmPhantom_ThumbLabel_title\">Taller-\u201cInterculturalidad,-educaci\u00f3n-y-econom\u00eda- (3)<\/span><\/div>\r\n                                    <div style=\"display:none;\" class=\"gmPhantom_Details\">\r\n                                            <div class=\"gmPhantom_description\">\r\n                            <div class=\"gmPhantom_title\">Taller-\u201cInterculturalidad,-educaci\u00f3n-y-econom\u00eda- (3)<\/div>\r\n                            <div class=\"gmPhantom_text\"><\/div>\r\n                        <\/div>\r\n                                                            <div class=\"gmPhantom_terms\">\r\n                                                    <div class=\"gmPhantom_other_terms\">\r\n                                <table class=\"gmPhantom_other_terms_table\">\r\n                                                                            <tr class=\"gmPhantom_term_row_album\">\r\n                                            <td class=\"gmPhantom_term_key\">Album<\/td>\r\n                                            <td class=\"gmPhantom_term_value\"><a href=\"\/index.php\/wp-json\/wp\/v2\/posts\/14036?gm170[album__in]=170\" class=\"gmPhantom_alb\">Interculturalidad, educaci\u00f3n y econom\u00eda social-2023<\/a><\/td>\r\n                                        <\/tr>\r\n                                                                    <\/table>\r\n                            <\/div>\r\n                                                <\/div>\r\n                <\/div>\r\n                <\/div>            <div class=\"gmPhantom_ThumbContainer gmPhantom_ThumbLoader\" data-id=\"2458\" data-post_id=\"14039\" data-ratio=\"1.7766666666667\" data-type=\"image\" data-ext=\"jpeg\" data-views=\"11\" data-likes=\"0\" data-cc=\"0\" data-post_link=\"https:\/\/www.fcejs.unsl.edu.ar\/index.php\/gmedia\/taller-_interculturalidad_-educaci_n-y-econom_a-_2_-jpeg\/\">\r\n                <a href=\"https:\/\/www.fcejs.unsl.edu.ar\/wp-content\/grand-media\/image\/Taller-_Interculturalidad_-educaci_n-y-econom_a-_2_.jpeg\" class=\"gmPhantom_Thumb\"><img decoding=\"async\" src=\"https:\/\/www.fcejs.unsl.edu.ar\/wp-content\/grand-media\/image\/thumb\/Taller-_Interculturalidad_-educaci_n-y-econom_a-_2_.jpeg\" data-src=\"https:\/\/www.fcejs.unsl.edu.ar\/wp-content\/grand-media\/image\/Taller-_Interculturalidad_-educaci_n-y-econom_a-_2_.jpeg\" alt=\"Taller-\u201cInterculturalidad,-educaci\u00f3n-y-econom\u00eda- (2)\"\/><\/a>\r\n                                    <div class=\"gmPhantom_ThumbLabel\"><span class=\"gmPhantom_ThumbLabel_title\">Taller-\u201cInterculturalidad,-educaci\u00f3n-y-econom\u00eda- (2)<\/span><\/div>\r\n                                    <div style=\"display:none;\" class=\"gmPhantom_Details\">\r\n                                            <div class=\"gmPhantom_description\">\r\n                            <div class=\"gmPhantom_title\">Taller-\u201cInterculturalidad,-educaci\u00f3n-y-econom\u00eda- (2)<\/div>\r\n                            <div class=\"gmPhantom_text\"><\/div>\r\n                        <\/div>\r\n                                                            <div class=\"gmPhantom_terms\">\r\n                                                    <div class=\"gmPhantom_other_terms\">\r\n                                <table class=\"gmPhantom_other_terms_table\">\r\n                                                                            <tr class=\"gmPhantom_term_row_album\">\r\n                                            <td class=\"gmPhantom_term_key\">Album<\/td>\r\n                                            <td class=\"gmPhantom_term_value\"><a href=\"\/index.php\/wp-json\/wp\/v2\/posts\/14036?gm170[album__in]=170\" class=\"gmPhantom_alb\">Interculturalidad, educaci\u00f3n y econom\u00eda social-2023<\/a><\/td>\r\n                                        <\/tr>\r\n                                                                    <\/table>\r\n                            <\/div>\r\n                                                <\/div>\r\n                <\/div>\r\n                <\/div>            <div class=\"gmPhantom_ThumbContainer gmPhantom_ThumbLoader\" data-id=\"2457\" data-post_id=\"14038\" data-ratio=\"1.7766666666667\" data-type=\"image\" data-ext=\"jpeg\" data-views=\"23\" data-likes=\"0\" data-cc=\"0\" data-post_link=\"https:\/\/www.fcejs.unsl.edu.ar\/index.php\/gmedia\/taller-_interculturalidad_-educaci_n-y-econom_a-_1_-jpeg\/\">\r\n                <a href=\"https:\/\/www.fcejs.unsl.edu.ar\/wp-content\/grand-media\/image\/Taller-_Interculturalidad_-educaci_n-y-econom_a-_1_.jpeg\" class=\"gmPhantom_Thumb\"><img decoding=\"async\" src=\"https:\/\/www.fcejs.unsl.edu.ar\/wp-content\/grand-media\/image\/thumb\/Taller-_Interculturalidad_-educaci_n-y-econom_a-_1_.jpeg\" data-src=\"https:\/\/www.fcejs.unsl.edu.ar\/wp-content\/grand-media\/image\/Taller-_Interculturalidad_-educaci_n-y-econom_a-_1_.jpeg\" alt=\"Taller-\u201cInterculturalidad,-educaci\u00f3n-y-econom\u00eda- (1)\"\/><\/a>\r\n                                    <div class=\"gmPhantom_ThumbLabel\"><span class=\"gmPhantom_ThumbLabel_title\">Taller-\u201cInterculturalidad,-educaci\u00f3n-y-econom\u00eda- (1)<\/span><\/div>\r\n                                    <div style=\"display:none;\" class=\"gmPhantom_Details\">\r\n                                            <div class=\"gmPhantom_description\">\r\n                            <div class=\"gmPhantom_title\">Taller-\u201cInterculturalidad,-educaci\u00f3n-y-econom\u00eda- (1)<\/div>\r\n                            <div class=\"gmPhantom_text\"><\/div>\r\n                        <\/div>\r\n                                                            <div class=\"gmPhantom_terms\">\r\n                                                    <div class=\"gmPhantom_other_terms\">\r\n                                <table class=\"gmPhantom_other_terms_table\">\r\n                                                                            <tr class=\"gmPhantom_term_row_album\">\r\n                                            <td class=\"gmPhantom_term_key\">Album<\/td>\r\n                                            <td class=\"gmPhantom_term_value\"><a href=\"\/index.php\/wp-json\/wp\/v2\/posts\/14036?gm170[album__in]=170\" class=\"gmPhantom_alb\">Interculturalidad, educaci\u00f3n y econom\u00eda social-2023<\/a><\/td>\r\n                                        <\/tr>\r\n                                                                    <\/table>\r\n                            <\/div>\r\n                                                <\/div>\r\n                <\/div>\r\n                <\/div>        <\/div>\r\n    <\/div>\r\n<\/div>\n","protected":false},"excerpt":{"rendered":"<p>La Secretar\u00eda de Extensi\u00f3n Universitaria informa que durante el mi\u00e9rcoles 11 de octubre de 2023, se llev\u00f3 a cabo el Taller \u201cInterculturalidad, educaci\u00f3n y econom\u00eda&hellip;<\/p>\n","protected":false},"author":9,"featured_media":14051,"comment_status":"closed","ping_status":"closed","sticky":false,"template":"","format":"standard","meta":{"om_disable_all_campaigns":false,"_monsterinsights_skip_tracking":false,"_monsterinsights_sitenote_active":false,"_monsterinsights_sitenote_note":"","_monsterinsights_sitenote_category":0,"footnotes":""},"categories":[1],"tags":[],"class_list":["post-14036","post","type-post","status-publish","format-standard","has-post-thumbnail","hentry","category-noticias"],"yoast_head":"<!-- This site is optimized with the Yoast SEO plugin v27.4 - https:\/\/yoast.com\/product\/yoast-seo-wordpress\/ -->\n<title>La educadora originaria Ya Umu dialog\u00f3 sobre los saberes en la comunidad Huarpe - Facultad de Ciencias Econ\u00f3micas, Jur\u00ed\u00addicas y Sociales<\/title>\n<meta name=\"robots\" content=\"index, follow, max-snippet:-1, max-image-preview:large, max-video-preview:-1\" \/>\n<link rel=\"canonical\" href=\"https:\/\/www.fcejs.unsl.edu.ar\/index.php\/ya-umu-dialogo-sobre-los-saberes-en-la-comunidad-huarpe\/\" \/>\n<meta property=\"og:locale\" content=\"es_ES\" \/>\n<meta property=\"og:type\" content=\"article\" \/>\n<meta property=\"og:title\" content=\"La educadora originaria Ya Umu dialog\u00f3 sobre los saberes en la comunidad Huarpe - Facultad de Ciencias Econ\u00f3micas, Jur\u00ed\u00addicas y Sociales\" \/>\n<meta property=\"og:description\" content=\"La Secretar\u00eda de Extensi\u00f3n Universitaria informa que durante el mi\u00e9rcoles 11 de octubre de 2023, se llev\u00f3 a cabo el Taller \u201cInterculturalidad, educaci\u00f3n y econom\u00eda&hellip;\" \/>\n<meta property=\"og:url\" content=\"https:\/\/www.fcejs.unsl.edu.ar\/index.php\/ya-umu-dialogo-sobre-los-saberes-en-la-comunidad-huarpe\/\" \/>\n<meta property=\"og:site_name\" content=\"Facultad de Ciencias Econ\u00f3micas, Jur\u00ed\u00addicas y Sociales\" \/>\n<meta property=\"article:publisher\" content=\"https:\/\/www.facebook.com\/FCEJS.UNSL\/\" \/>\n<meta property=\"article:published_time\" content=\"2023-10-23T14:04:11+00:00\" \/>\n<meta property=\"article:modified_time\" content=\"2023-11-06T12:04:33+00:00\" \/>\n<meta property=\"og:image\" content=\"https:\/\/www.fcejs.unsl.edu.ar\/wp-content\/uploads\/2023\/10\/Taller-Interculturalidad-educacion-y-economia-front.jpg\" \/>\n\t<meta property=\"og:image:width\" content=\"1152\" \/>\n\t<meta property=\"og:image:height\" content=\"647\" \/>\n\t<meta property=\"og:image:type\" content=\"image\/jpeg\" \/>\n<meta name=\"author\" content=\"DATI\" \/>\n<meta name=\"twitter:card\" content=\"summary_large_image\" \/>\n<meta name=\"twitter:creator\" content=\"@FCEJSUNSL\" \/>\n<meta name=\"twitter:site\" content=\"@FCEJSUNSL\" \/>\n<meta name=\"twitter:label1\" content=\"Escrito por\" \/>\n\t<meta name=\"twitter:data1\" content=\"DATI\" \/>\n\t<meta name=\"twitter:label2\" content=\"Tiempo de lectura\" \/>\n\t<meta name=\"twitter:data2\" content=\"2 minutos\" \/>\n<script type=\"application\/ld+json\" class=\"yoast-schema-graph\">{\"@context\":\"https:\\\/\\\/schema.org\",\"@graph\":[{\"@type\":\"Article\",\"@id\":\"https:\\\/\\\/www.fcejs.unsl.edu.ar\\\/index.php\\\/ya-umu-dialogo-sobre-los-saberes-en-la-comunidad-huarpe\\\/#article\",\"isPartOf\":{\"@id\":\"https:\\\/\\\/www.fcejs.unsl.edu.ar\\\/index.php\\\/ya-umu-dialogo-sobre-los-saberes-en-la-comunidad-huarpe\\\/\"},\"author\":{\"name\":\"DATI\",\"@id\":\"https:\\\/\\\/www.fcejs.unsl.edu.ar\\\/#\\\/schema\\\/person\\\/352ee6ed90c3f394c7cb5945f8956d34\"},\"headline\":\"La educadora originaria Ya Umu dialog\u00f3 sobre los saberes en la comunidad Huarpe\",\"datePublished\":\"2023-10-23T14:04:11+00:00\",\"dateModified\":\"2023-11-06T12:04:33+00:00\",\"mainEntityOfPage\":{\"@id\":\"https:\\\/\\\/www.fcejs.unsl.edu.ar\\\/index.php\\\/ya-umu-dialogo-sobre-los-saberes-en-la-comunidad-huarpe\\\/\"},\"wordCount\":353,\"publisher\":{\"@id\":\"https:\\\/\\\/www.fcejs.unsl.edu.ar\\\/#organization\"},\"image\":{\"@id\":\"https:\\\/\\\/www.fcejs.unsl.edu.ar\\\/index.php\\\/ya-umu-dialogo-sobre-los-saberes-en-la-comunidad-huarpe\\\/#primaryimage\"},\"thumbnailUrl\":\"https:\\\/\\\/www.fcejs.unsl.edu.ar\\\/wp-content\\\/uploads\\\/2023\\\/10\\\/Taller-Interculturalidad-educacion-y-economia-front.jpg\",\"articleSection\":[\"Noticias\"],\"inLanguage\":\"es-AR\"},{\"@type\":\"WebPage\",\"@id\":\"https:\\\/\\\/www.fcejs.unsl.edu.ar\\\/index.php\\\/ya-umu-dialogo-sobre-los-saberes-en-la-comunidad-huarpe\\\/\",\"url\":\"https:\\\/\\\/www.fcejs.unsl.edu.ar\\\/index.php\\\/ya-umu-dialogo-sobre-los-saberes-en-la-comunidad-huarpe\\\/\",\"name\":\"La educadora originaria Ya Umu dialog\u00f3 sobre los saberes en la comunidad Huarpe - Facultad de Ciencias Econ\u00f3micas, Jur\u00ed\u00addicas y Sociales\",\"isPartOf\":{\"@id\":\"https:\\\/\\\/www.fcejs.unsl.edu.ar\\\/#website\"},\"primaryImageOfPage\":{\"@id\":\"https:\\\/\\\/www.fcejs.unsl.edu.ar\\\/index.php\\\/ya-umu-dialogo-sobre-los-saberes-en-la-comunidad-huarpe\\\/#primaryimage\"},\"image\":{\"@id\":\"https:\\\/\\\/www.fcejs.unsl.edu.ar\\\/index.php\\\/ya-umu-dialogo-sobre-los-saberes-en-la-comunidad-huarpe\\\/#primaryimage\"},\"thumbnailUrl\":\"https:\\\/\\\/www.fcejs.unsl.edu.ar\\\/wp-content\\\/uploads\\\/2023\\\/10\\\/Taller-Interculturalidad-educacion-y-economia-front.jpg\",\"datePublished\":\"2023-10-23T14:04:11+00:00\",\"dateModified\":\"2023-11-06T12:04:33+00:00\",\"breadcrumb\":{\"@id\":\"https:\\\/\\\/www.fcejs.unsl.edu.ar\\\/index.php\\\/ya-umu-dialogo-sobre-los-saberes-en-la-comunidad-huarpe\\\/#breadcrumb\"},\"inLanguage\":\"es-AR\",\"potentialAction\":[{\"@type\":\"ReadAction\",\"target\":[\"https:\\\/\\\/www.fcejs.unsl.edu.ar\\\/index.php\\\/ya-umu-dialogo-sobre-los-saberes-en-la-comunidad-huarpe\\\/\"]}]},{\"@type\":\"ImageObject\",\"inLanguage\":\"es-AR\",\"@id\":\"https:\\\/\\\/www.fcejs.unsl.edu.ar\\\/index.php\\\/ya-umu-dialogo-sobre-los-saberes-en-la-comunidad-huarpe\\\/#primaryimage\",\"url\":\"https:\\\/\\\/www.fcejs.unsl.edu.ar\\\/wp-content\\\/uploads\\\/2023\\\/10\\\/Taller-Interculturalidad-educacion-y-economia-front.jpg\",\"contentUrl\":\"https:\\\/\\\/www.fcejs.unsl.edu.ar\\\/wp-content\\\/uploads\\\/2023\\\/10\\\/Taller-Interculturalidad-educacion-y-economia-front.jpg\",\"width\":1152,\"height\":647},{\"@type\":\"BreadcrumbList\",\"@id\":\"https:\\\/\\\/www.fcejs.unsl.edu.ar\\\/index.php\\\/ya-umu-dialogo-sobre-los-saberes-en-la-comunidad-huarpe\\\/#breadcrumb\",\"itemListElement\":[{\"@type\":\"ListItem\",\"position\":1,\"name\":\"Inicio\",\"item\":\"https:\\\/\\\/www.fcejs.unsl.edu.ar\\\/\"},{\"@type\":\"ListItem\",\"position\":2,\"name\":\"La educadora originaria Ya Umu dialog\u00f3 sobre los saberes en la comunidad Huarpe\"}]},{\"@type\":\"WebSite\",\"@id\":\"https:\\\/\\\/www.fcejs.unsl.edu.ar\\\/#website\",\"url\":\"https:\\\/\\\/www.fcejs.unsl.edu.ar\\\/\",\"name\":\"Facultad de Ciencias Econ\u00f3micas, Jur\u00ed\u00addicas y Sociales\",\"description\":\"\",\"publisher\":{\"@id\":\"https:\\\/\\\/www.fcejs.unsl.edu.ar\\\/#organization\"},\"potentialAction\":[{\"@type\":\"SearchAction\",\"target\":{\"@type\":\"EntryPoint\",\"urlTemplate\":\"https:\\\/\\\/www.fcejs.unsl.edu.ar\\\/?s={search_term_string}\"},\"query-input\":{\"@type\":\"PropertyValueSpecification\",\"valueRequired\":true,\"valueName\":\"search_term_string\"}}],\"inLanguage\":\"es-AR\"},{\"@type\":\"Organization\",\"@id\":\"https:\\\/\\\/www.fcejs.unsl.edu.ar\\\/#organization\",\"name\":\"Facultad de Ciencias Econ\u00f3micas, Jur\u00eddicas y Sociales\",\"url\":\"https:\\\/\\\/www.fcejs.unsl.edu.ar\\\/\",\"logo\":{\"@type\":\"ImageObject\",\"inLanguage\":\"es-AR\",\"@id\":\"https:\\\/\\\/www.fcejs.unsl.edu.ar\\\/#\\\/schema\\\/logo\\\/image\\\/\",\"url\":\"https:\\\/\\\/www.fcejs.unsl.edu.ar\\\/wp-content\\\/uploads\\\/2021\\\/03\\\/logo-1.jpg\",\"contentUrl\":\"https:\\\/\\\/www.fcejs.unsl.edu.ar\\\/wp-content\\\/uploads\\\/2021\\\/03\\\/logo-1.jpg\",\"width\":471,\"height\":146,\"caption\":\"Facultad de Ciencias Econ\u00f3micas, Jur\u00eddicas y Sociales\"},\"image\":{\"@id\":\"https:\\\/\\\/www.fcejs.unsl.edu.ar\\\/#\\\/schema\\\/logo\\\/image\\\/\"},\"sameAs\":[\"https:\\\/\\\/www.facebook.com\\\/FCEJS.UNSL\\\/\",\"https:\\\/\\\/x.com\\\/FCEJSUNSL\",\"https:\\\/\\\/www.instagram.com\\\/fcejs.unsl\\\/\",\"https:\\\/\\\/www.youtube.com\\\/channel\\\/UCH-Ut6EaN_X5ogjIQMPe46g\\\/\"]},{\"@type\":\"Person\",\"@id\":\"https:\\\/\\\/www.fcejs.unsl.edu.ar\\\/#\\\/schema\\\/person\\\/352ee6ed90c3f394c7cb5945f8956d34\",\"name\":\"DATI\"}]}<\/script>\n<!-- \/ Yoast SEO plugin. -->","yoast_head_json":{"title":"La educadora originaria Ya Umu dialog\u00f3 sobre los saberes en la comunidad Huarpe - Facultad de Ciencias Econ\u00f3micas, Jur\u00ed\u00addicas y Sociales","robots":{"index":"index","follow":"follow","max-snippet":"max-snippet:-1","max-image-preview":"max-image-preview:large","max-video-preview":"max-video-preview:-1"},"canonical":"https:\/\/www.fcejs.unsl.edu.ar\/index.php\/ya-umu-dialogo-sobre-los-saberes-en-la-comunidad-huarpe\/","og_locale":"es_ES","og_type":"article","og_title":"La educadora originaria Ya Umu dialog\u00f3 sobre los saberes en la comunidad Huarpe - Facultad de Ciencias Econ\u00f3micas, Jur\u00ed\u00addicas y Sociales","og_description":"La Secretar\u00eda de Extensi\u00f3n Universitaria informa que durante el mi\u00e9rcoles 11 de octubre de 2023, se llev\u00f3 a cabo el Taller \u201cInterculturalidad, educaci\u00f3n y econom\u00eda&hellip;","og_url":"https:\/\/www.fcejs.unsl.edu.ar\/index.php\/ya-umu-dialogo-sobre-los-saberes-en-la-comunidad-huarpe\/","og_site_name":"Facultad de Ciencias Econ\u00f3micas, Jur\u00ed\u00addicas y Sociales","article_publisher":"https:\/\/www.facebook.com\/FCEJS.UNSL\/","article_published_time":"2023-10-23T14:04:11+00:00","article_modified_time":"2023-11-06T12:04:33+00:00","og_image":[{"width":1152,"height":647,"url":"https:\/\/www.fcejs.unsl.edu.ar\/wp-content\/uploads\/2023\/10\/Taller-Interculturalidad-educacion-y-economia-front.jpg","type":"image\/jpeg"}],"author":"DATI","twitter_card":"summary_large_image","twitter_creator":"@FCEJSUNSL","twitter_site":"@FCEJSUNSL","twitter_misc":{"Escrito por":"DATI","Tiempo de lectura":"2 minutos"},"schema":{"@context":"https:\/\/schema.org","@graph":[{"@type":"Article","@id":"https:\/\/www.fcejs.unsl.edu.ar\/index.php\/ya-umu-dialogo-sobre-los-saberes-en-la-comunidad-huarpe\/#article","isPartOf":{"@id":"https:\/\/www.fcejs.unsl.edu.ar\/index.php\/ya-umu-dialogo-sobre-los-saberes-en-la-comunidad-huarpe\/"},"author":{"name":"DATI","@id":"https:\/\/www.fcejs.unsl.edu.ar\/#\/schema\/person\/352ee6ed90c3f394c7cb5945f8956d34"},"headline":"La educadora originaria Ya Umu dialog\u00f3 sobre los saberes en la comunidad Huarpe","datePublished":"2023-10-23T14:04:11+00:00","dateModified":"2023-11-06T12:04:33+00:00","mainEntityOfPage":{"@id":"https:\/\/www.fcejs.unsl.edu.ar\/index.php\/ya-umu-dialogo-sobre-los-saberes-en-la-comunidad-huarpe\/"},"wordCount":353,"publisher":{"@id":"https:\/\/www.fcejs.unsl.edu.ar\/#organization"},"image":{"@id":"https:\/\/www.fcejs.unsl.edu.ar\/index.php\/ya-umu-dialogo-sobre-los-saberes-en-la-comunidad-huarpe\/#primaryimage"},"thumbnailUrl":"https:\/\/www.fcejs.unsl.edu.ar\/wp-content\/uploads\/2023\/10\/Taller-Interculturalidad-educacion-y-economia-front.jpg","articleSection":["Noticias"],"inLanguage":"es-AR"},{"@type":"WebPage","@id":"https:\/\/www.fcejs.unsl.edu.ar\/index.php\/ya-umu-dialogo-sobre-los-saberes-en-la-comunidad-huarpe\/","url":"https:\/\/www.fcejs.unsl.edu.ar\/index.php\/ya-umu-dialogo-sobre-los-saberes-en-la-comunidad-huarpe\/","name":"La educadora originaria Ya Umu dialog\u00f3 sobre los saberes en la comunidad Huarpe - Facultad de Ciencias Econ\u00f3micas, Jur\u00ed\u00addicas y Sociales","isPartOf":{"@id":"https:\/\/www.fcejs.unsl.edu.ar\/#website"},"primaryImageOfPage":{"@id":"https:\/\/www.fcejs.unsl.edu.ar\/index.php\/ya-umu-dialogo-sobre-los-saberes-en-la-comunidad-huarpe\/#primaryimage"},"image":{"@id":"https:\/\/www.fcejs.unsl.edu.ar\/index.php\/ya-umu-dialogo-sobre-los-saberes-en-la-comunidad-huarpe\/#primaryimage"},"thumbnailUrl":"https:\/\/www.fcejs.unsl.edu.ar\/wp-content\/uploads\/2023\/10\/Taller-Interculturalidad-educacion-y-economia-front.jpg","datePublished":"2023-10-23T14:04:11+00:00","dateModified":"2023-11-06T12:04:33+00:00","breadcrumb":{"@id":"https:\/\/www.fcejs.unsl.edu.ar\/index.php\/ya-umu-dialogo-sobre-los-saberes-en-la-comunidad-huarpe\/#breadcrumb"},"inLanguage":"es-AR","potentialAction":[{"@type":"ReadAction","target":["https:\/\/www.fcejs.unsl.edu.ar\/index.php\/ya-umu-dialogo-sobre-los-saberes-en-la-comunidad-huarpe\/"]}]},{"@type":"ImageObject","inLanguage":"es-AR","@id":"https:\/\/www.fcejs.unsl.edu.ar\/index.php\/ya-umu-dialogo-sobre-los-saberes-en-la-comunidad-huarpe\/#primaryimage","url":"https:\/\/www.fcejs.unsl.edu.ar\/wp-content\/uploads\/2023\/10\/Taller-Interculturalidad-educacion-y-economia-front.jpg","contentUrl":"https:\/\/www.fcejs.unsl.edu.ar\/wp-content\/uploads\/2023\/10\/Taller-Interculturalidad-educacion-y-economia-front.jpg","width":1152,"height":647},{"@type":"BreadcrumbList","@id":"https:\/\/www.fcejs.unsl.edu.ar\/index.php\/ya-umu-dialogo-sobre-los-saberes-en-la-comunidad-huarpe\/#breadcrumb","itemListElement":[{"@type":"ListItem","position":1,"name":"Inicio","item":"https:\/\/www.fcejs.unsl.edu.ar\/"},{"@type":"ListItem","position":2,"name":"La educadora originaria Ya Umu dialog\u00f3 sobre los saberes en la comunidad Huarpe"}]},{"@type":"WebSite","@id":"https:\/\/www.fcejs.unsl.edu.ar\/#website","url":"https:\/\/www.fcejs.unsl.edu.ar\/","name":"Facultad de Ciencias Econ\u00f3micas, Jur\u00ed\u00addicas y Sociales","description":"","publisher":{"@id":"https:\/\/www.fcejs.unsl.edu.ar\/#organization"},"potentialAction":[{"@type":"SearchAction","target":{"@type":"EntryPoint","urlTemplate":"https:\/\/www.fcejs.unsl.edu.ar\/?s={search_term_string}"},"query-input":{"@type":"PropertyValueSpecification","valueRequired":true,"valueName":"search_term_string"}}],"inLanguage":"es-AR"},{"@type":"Organization","@id":"https:\/\/www.fcejs.unsl.edu.ar\/#organization","name":"Facultad de Ciencias Econ\u00f3micas, Jur\u00eddicas y Sociales","url":"https:\/\/www.fcejs.unsl.edu.ar\/","logo":{"@type":"ImageObject","inLanguage":"es-AR","@id":"https:\/\/www.fcejs.unsl.edu.ar\/#\/schema\/logo\/image\/","url":"https:\/\/www.fcejs.unsl.edu.ar\/wp-content\/uploads\/2021\/03\/logo-1.jpg","contentUrl":"https:\/\/www.fcejs.unsl.edu.ar\/wp-content\/uploads\/2021\/03\/logo-1.jpg","width":471,"height":146,"caption":"Facultad de Ciencias Econ\u00f3micas, Jur\u00eddicas y Sociales"},"image":{"@id":"https:\/\/www.fcejs.unsl.edu.ar\/#\/schema\/logo\/image\/"},"sameAs":["https:\/\/www.facebook.com\/FCEJS.UNSL\/","https:\/\/x.com\/FCEJSUNSL","https:\/\/www.instagram.com\/fcejs.unsl\/","https:\/\/www.youtube.com\/channel\/UCH-Ut6EaN_X5ogjIQMPe46g\/"]},{"@type":"Person","@id":"https:\/\/www.fcejs.unsl.edu.ar\/#\/schema\/person\/352ee6ed90c3f394c7cb5945f8956d34","name":"DATI"}]}},"jetpack_featured_media_url":"https:\/\/www.fcejs.unsl.edu.ar\/wp-content\/uploads\/2023\/10\/Taller-Interculturalidad-educacion-y-economia-front.jpg","_links":{"self":[{"href":"https:\/\/www.fcejs.unsl.edu.ar\/index.php\/wp-json\/wp\/v2\/posts\/14036","targetHints":{"allow":["GET"]}}],"collection":[{"href":"https:\/\/www.fcejs.unsl.edu.ar\/index.php\/wp-json\/wp\/v2\/posts"}],"about":[{"href":"https:\/\/www.fcejs.unsl.edu.ar\/index.php\/wp-json\/wp\/v2\/types\/post"}],"author":[{"embeddable":true,"href":"https:\/\/www.fcejs.unsl.edu.ar\/index.php\/wp-json\/wp\/v2\/users\/9"}],"replies":[{"embeddable":true,"href":"https:\/\/www.fcejs.unsl.edu.ar\/index.php\/wp-json\/wp\/v2\/comments?post=14036"}],"version-history":[{"count":3,"href":"https:\/\/www.fcejs.unsl.edu.ar\/index.php\/wp-json\/wp\/v2\/posts\/14036\/revisions"}],"predecessor-version":[{"id":14054,"href":"https:\/\/www.fcejs.unsl.edu.ar\/index.php\/wp-json\/wp\/v2\/posts\/14036\/revisions\/14054"}],"wp:featuredmedia":[{"embeddable":true,"href":"https:\/\/www.fcejs.unsl.edu.ar\/index.php\/wp-json\/wp\/v2\/media\/14051"}],"wp:attachment":[{"href":"https:\/\/www.fcejs.unsl.edu.ar\/index.php\/wp-json\/wp\/v2\/media?parent=14036"}],"wp:term":[{"taxonomy":"category","embeddable":true,"href":"https:\/\/www.fcejs.unsl.edu.ar\/index.php\/wp-json\/wp\/v2\/categories?post=14036"},{"taxonomy":"post_tag","embeddable":true,"href":"https:\/\/www.fcejs.unsl.edu.ar\/index.php\/wp-json\/wp\/v2\/tags?post=14036"}],"curies":[{"name":"wp","href":"https:\/\/api.w.org\/{rel}","templated":true}]}}