{"id":13984,"date":"2023-10-24T00:24:35","date_gmt":"2023-10-24T03:24:35","guid":{"rendered":"http:\/\/10.101.10.197\/www\/?p=13984"},"modified":"2023-10-30T14:13:59","modified_gmt":"2023-10-30T17:13:59","slug":"conversatorio-historia-invisibilizada-de-afrodescendientes-en-argentina-racismo","status":"publish","type":"post","link":"https:\/\/www.fcejs.unsl.edu.ar\/index.php\/conversatorio-historia-invisibilizada-de-afrodescendientes-en-argentina-racismo\/","title":{"rendered":"Conversatorio sobre la \u201cHistoria invisibilizada de Afrodescendientes en Argentina. Racismo\u201d"},"content":{"rendered":"<p>La Secretaria de Extensi\u00f3n Universitaria invita al conversatorio \u201cHistoria invisibilizada de Afrodescendientes en Argentina. Racismo\u201d, organizada por el Programa de Genero, Sociedad y Universidad y Trenzar Ra\u00edz para las carreras de la FCEJS \u2013 FICA, destinada a las\/los estudiantes docentes, no docentes y p\u00fablico en general. Dicha actividad se realiza el jueves 26 de octubre, a las 16 h en el aula 19.<\/p>\n<p>Sera dictado por S\u00e1nchez Aldana, Cynthia Lucero, \u00c1ngela Gim\u00e9nez Abregu, Sixcelis Ram\u00edrez integrantes de la Comunidad de Mujeres Afroargentinas y Afrodescendientes de Villa de Merlo.<\/p>\n<p>Tiene como objetivo de sensibilizar a la sociedad acerca de las expresiones art\u00edsticas, oficios tradicionales y memorias de la resistencia cultural que las comunidades afroargentinas, afrodescendientes y africanas han construido durante generaciones como parte constitutiva de la identidad nacional.<\/p>\n<p>Este conversatorio tendiente a visibilizar sus luchas y resistencias, defendiendo estrategias que les permitan enfrentar distintas formas de opresi\u00f3n como racismo, sexismo, exclusi\u00f3n, violencia y pobreza desde una perspectiva de g\u00e9nero.<\/p>\n<blockquote>\n<p style=\"text-align: right;\"><strong>No podemos asumir que el racismo es sobre todo un problema para aquellos q lo padecen. El racismo distorsiona y corrompe instituciones y mentes, crea una asunci\u00f3n de superioridad, produce el privilegio blanco&#8221;<\/strong><br \/>\n<strong>Angela Davis<\/strong><\/p>\n<\/blockquote>\n","protected":false},"excerpt":{"rendered":"<p>La Secretaria de Extensi\u00f3n Universitaria invita al conversatorio \u201cHistoria invisibilizada de Afrodescendientes en Argentina. Racismo\u201d, organizada por el Programa de Genero, Sociedad y Universidad y&hellip;<\/p>\n","protected":false},"author":9,"featured_media":13985,"comment_status":"closed","ping_status":"closed","sticky":false,"template":"","format":"standard","meta":{"om_disable_all_campaigns":false,"_monsterinsights_skip_tracking":false,"_monsterinsights_sitenote_active":false,"_monsterinsights_sitenote_note":"","_monsterinsights_sitenote_category":0,"footnotes":""},"categories":[1],"tags":[],"class_list":["post-13984","post","type-post","status-publish","format-standard","has-post-thumbnail","hentry","category-noticias"],"yoast_head":"<!-- This site is optimized with the Yoast SEO plugin v27.4 - https:\/\/yoast.com\/product\/yoast-seo-wordpress\/ -->\n<title>Conversatorio sobre la \u201cHistoria invisibilizada de Afrodescendientes en Argentina. Racismo\u201d - Facultad de Ciencias Econ\u00f3micas, Jur\u00ed\u00addicas y Sociales<\/title>\n<meta name=\"robots\" content=\"index, follow, max-snippet:-1, max-image-preview:large, max-video-preview:-1\" \/>\n<link rel=\"canonical\" href=\"https:\/\/www.fcejs.unsl.edu.ar\/index.php\/conversatorio-historia-invisibilizada-de-afrodescendientes-en-argentina-racismo\/\" \/>\n<meta property=\"og:locale\" content=\"es_ES\" \/>\n<meta property=\"og:type\" content=\"article\" \/>\n<meta property=\"og:title\" content=\"Conversatorio sobre la \u201cHistoria invisibilizada de Afrodescendientes en Argentina. Racismo\u201d - Facultad de Ciencias Econ\u00f3micas, Jur\u00ed\u00addicas y Sociales\" \/>\n<meta property=\"og:description\" content=\"La Secretaria de Extensi\u00f3n Universitaria invita al conversatorio \u201cHistoria invisibilizada de Afrodescendientes en Argentina. Racismo\u201d, organizada por el Programa de Genero, Sociedad y Universidad y&hellip;\" \/>\n<meta property=\"og:url\" content=\"https:\/\/www.fcejs.unsl.edu.ar\/index.php\/conversatorio-historia-invisibilizada-de-afrodescendientes-en-argentina-racismo\/\" \/>\n<meta property=\"og:site_name\" content=\"Facultad de Ciencias Econ\u00f3micas, Jur\u00ed\u00addicas y Sociales\" \/>\n<meta property=\"article:publisher\" content=\"https:\/\/www.facebook.com\/FCEJS.UNSL\/\" \/>\n<meta property=\"article:published_time\" content=\"2023-10-24T03:24:35+00:00\" \/>\n<meta property=\"article:modified_time\" content=\"2023-10-30T17:13:59+00:00\" \/>\n<meta property=\"og:image\" content=\"https:\/\/www.fcejs.unsl.edu.ar\/wp-content\/uploads\/2023\/10\/flyer-afroamericanos-front.jpg\" \/>\n\t<meta property=\"og:image:width\" content=\"1152\" \/>\n\t<meta property=\"og:image:height\" content=\"647\" \/>\n\t<meta property=\"og:image:type\" content=\"image\/jpeg\" \/>\n<meta name=\"author\" content=\"DATI\" \/>\n<meta name=\"twitter:card\" content=\"summary_large_image\" \/>\n<meta name=\"twitter:creator\" content=\"@FCEJSUNSL\" \/>\n<meta name=\"twitter:site\" content=\"@FCEJSUNSL\" \/>\n<meta name=\"twitter:label1\" content=\"Escrito por\" \/>\n\t<meta name=\"twitter:data1\" content=\"DATI\" \/>\n\t<meta name=\"twitter:label2\" content=\"Tiempo de lectura\" \/>\n\t<meta name=\"twitter:data2\" content=\"1 minuto\" \/>\n<script type=\"application\/ld+json\" class=\"yoast-schema-graph\">{\"@context\":\"https:\\\/\\\/schema.org\",\"@graph\":[{\"@type\":\"Article\",\"@id\":\"https:\\\/\\\/www.fcejs.unsl.edu.ar\\\/index.php\\\/conversatorio-historia-invisibilizada-de-afrodescendientes-en-argentina-racismo\\\/#article\",\"isPartOf\":{\"@id\":\"https:\\\/\\\/www.fcejs.unsl.edu.ar\\\/index.php\\\/conversatorio-historia-invisibilizada-de-afrodescendientes-en-argentina-racismo\\\/\"},\"author\":{\"name\":\"DATI\",\"@id\":\"https:\\\/\\\/www.fcejs.unsl.edu.ar\\\/#\\\/schema\\\/person\\\/352ee6ed90c3f394c7cb5945f8956d34\"},\"headline\":\"Conversatorio sobre la \u201cHistoria invisibilizada de Afrodescendientes en Argentina. Racismo\u201d\",\"datePublished\":\"2023-10-24T03:24:35+00:00\",\"dateModified\":\"2023-10-30T17:13:59+00:00\",\"mainEntityOfPage\":{\"@id\":\"https:\\\/\\\/www.fcejs.unsl.edu.ar\\\/index.php\\\/conversatorio-historia-invisibilizada-de-afrodescendientes-en-argentina-racismo\\\/\"},\"wordCount\":211,\"publisher\":{\"@id\":\"https:\\\/\\\/www.fcejs.unsl.edu.ar\\\/#organization\"},\"image\":{\"@id\":\"https:\\\/\\\/www.fcejs.unsl.edu.ar\\\/index.php\\\/conversatorio-historia-invisibilizada-de-afrodescendientes-en-argentina-racismo\\\/#primaryimage\"},\"thumbnailUrl\":\"https:\\\/\\\/www.fcejs.unsl.edu.ar\\\/wp-content\\\/uploads\\\/2023\\\/10\\\/flyer-afroamericanos-front.jpg\",\"articleSection\":[\"Noticias\"],\"inLanguage\":\"es-AR\"},{\"@type\":\"WebPage\",\"@id\":\"https:\\\/\\\/www.fcejs.unsl.edu.ar\\\/index.php\\\/conversatorio-historia-invisibilizada-de-afrodescendientes-en-argentina-racismo\\\/\",\"url\":\"https:\\\/\\\/www.fcejs.unsl.edu.ar\\\/index.php\\\/conversatorio-historia-invisibilizada-de-afrodescendientes-en-argentina-racismo\\\/\",\"name\":\"Conversatorio sobre la \u201cHistoria invisibilizada de Afrodescendientes en Argentina. Racismo\u201d - Facultad de Ciencias Econ\u00f3micas, Jur\u00ed\u00addicas y Sociales\",\"isPartOf\":{\"@id\":\"https:\\\/\\\/www.fcejs.unsl.edu.ar\\\/#website\"},\"primaryImageOfPage\":{\"@id\":\"https:\\\/\\\/www.fcejs.unsl.edu.ar\\\/index.php\\\/conversatorio-historia-invisibilizada-de-afrodescendientes-en-argentina-racismo\\\/#primaryimage\"},\"image\":{\"@id\":\"https:\\\/\\\/www.fcejs.unsl.edu.ar\\\/index.php\\\/conversatorio-historia-invisibilizada-de-afrodescendientes-en-argentina-racismo\\\/#primaryimage\"},\"thumbnailUrl\":\"https:\\\/\\\/www.fcejs.unsl.edu.ar\\\/wp-content\\\/uploads\\\/2023\\\/10\\\/flyer-afroamericanos-front.jpg\",\"datePublished\":\"2023-10-24T03:24:35+00:00\",\"dateModified\":\"2023-10-30T17:13:59+00:00\",\"breadcrumb\":{\"@id\":\"https:\\\/\\\/www.fcejs.unsl.edu.ar\\\/index.php\\\/conversatorio-historia-invisibilizada-de-afrodescendientes-en-argentina-racismo\\\/#breadcrumb\"},\"inLanguage\":\"es-AR\",\"potentialAction\":[{\"@type\":\"ReadAction\",\"target\":[\"https:\\\/\\\/www.fcejs.unsl.edu.ar\\\/index.php\\\/conversatorio-historia-invisibilizada-de-afrodescendientes-en-argentina-racismo\\\/\"]}]},{\"@type\":\"ImageObject\",\"inLanguage\":\"es-AR\",\"@id\":\"https:\\\/\\\/www.fcejs.unsl.edu.ar\\\/index.php\\\/conversatorio-historia-invisibilizada-de-afrodescendientes-en-argentina-racismo\\\/#primaryimage\",\"url\":\"https:\\\/\\\/www.fcejs.unsl.edu.ar\\\/wp-content\\\/uploads\\\/2023\\\/10\\\/flyer-afroamericanos-front.jpg\",\"contentUrl\":\"https:\\\/\\\/www.fcejs.unsl.edu.ar\\\/wp-content\\\/uploads\\\/2023\\\/10\\\/flyer-afroamericanos-front.jpg\",\"width\":1152,\"height\":647},{\"@type\":\"BreadcrumbList\",\"@id\":\"https:\\\/\\\/www.fcejs.unsl.edu.ar\\\/index.php\\\/conversatorio-historia-invisibilizada-de-afrodescendientes-en-argentina-racismo\\\/#breadcrumb\",\"itemListElement\":[{\"@type\":\"ListItem\",\"position\":1,\"name\":\"Inicio\",\"item\":\"https:\\\/\\\/www.fcejs.unsl.edu.ar\\\/\"},{\"@type\":\"ListItem\",\"position\":2,\"name\":\"Conversatorio sobre la \u201cHistoria invisibilizada de Afrodescendientes en Argentina. Racismo\u201d\"}]},{\"@type\":\"WebSite\",\"@id\":\"https:\\\/\\\/www.fcejs.unsl.edu.ar\\\/#website\",\"url\":\"https:\\\/\\\/www.fcejs.unsl.edu.ar\\\/\",\"name\":\"Facultad de Ciencias Econ\u00f3micas, Jur\u00ed\u00addicas y Sociales\",\"description\":\"\",\"publisher\":{\"@id\":\"https:\\\/\\\/www.fcejs.unsl.edu.ar\\\/#organization\"},\"potentialAction\":[{\"@type\":\"SearchAction\",\"target\":{\"@type\":\"EntryPoint\",\"urlTemplate\":\"https:\\\/\\\/www.fcejs.unsl.edu.ar\\\/?s={search_term_string}\"},\"query-input\":{\"@type\":\"PropertyValueSpecification\",\"valueRequired\":true,\"valueName\":\"search_term_string\"}}],\"inLanguage\":\"es-AR\"},{\"@type\":\"Organization\",\"@id\":\"https:\\\/\\\/www.fcejs.unsl.edu.ar\\\/#organization\",\"name\":\"Facultad de Ciencias Econ\u00f3micas, Jur\u00eddicas y Sociales\",\"url\":\"https:\\\/\\\/www.fcejs.unsl.edu.ar\\\/\",\"logo\":{\"@type\":\"ImageObject\",\"inLanguage\":\"es-AR\",\"@id\":\"https:\\\/\\\/www.fcejs.unsl.edu.ar\\\/#\\\/schema\\\/logo\\\/image\\\/\",\"url\":\"https:\\\/\\\/www.fcejs.unsl.edu.ar\\\/wp-content\\\/uploads\\\/2021\\\/03\\\/logo-1.jpg\",\"contentUrl\":\"https:\\\/\\\/www.fcejs.unsl.edu.ar\\\/wp-content\\\/uploads\\\/2021\\\/03\\\/logo-1.jpg\",\"width\":471,\"height\":146,\"caption\":\"Facultad de Ciencias Econ\u00f3micas, Jur\u00eddicas y Sociales\"},\"image\":{\"@id\":\"https:\\\/\\\/www.fcejs.unsl.edu.ar\\\/#\\\/schema\\\/logo\\\/image\\\/\"},\"sameAs\":[\"https:\\\/\\\/www.facebook.com\\\/FCEJS.UNSL\\\/\",\"https:\\\/\\\/x.com\\\/FCEJSUNSL\",\"https:\\\/\\\/www.instagram.com\\\/fcejs.unsl\\\/\",\"https:\\\/\\\/www.youtube.com\\\/channel\\\/UCH-Ut6EaN_X5ogjIQMPe46g\\\/\"]},{\"@type\":\"Person\",\"@id\":\"https:\\\/\\\/www.fcejs.unsl.edu.ar\\\/#\\\/schema\\\/person\\\/352ee6ed90c3f394c7cb5945f8956d34\",\"name\":\"DATI\"}]}<\/script>\n<!-- \/ Yoast SEO plugin. -->","yoast_head_json":{"title":"Conversatorio sobre la \u201cHistoria invisibilizada de Afrodescendientes en Argentina. Racismo\u201d - Facultad de Ciencias Econ\u00f3micas, Jur\u00ed\u00addicas y Sociales","robots":{"index":"index","follow":"follow","max-snippet":"max-snippet:-1","max-image-preview":"max-image-preview:large","max-video-preview":"max-video-preview:-1"},"canonical":"https:\/\/www.fcejs.unsl.edu.ar\/index.php\/conversatorio-historia-invisibilizada-de-afrodescendientes-en-argentina-racismo\/","og_locale":"es_ES","og_type":"article","og_title":"Conversatorio sobre la \u201cHistoria invisibilizada de Afrodescendientes en Argentina. Racismo\u201d - Facultad de Ciencias Econ\u00f3micas, Jur\u00ed\u00addicas y Sociales","og_description":"La Secretaria de Extensi\u00f3n Universitaria invita al conversatorio \u201cHistoria invisibilizada de Afrodescendientes en Argentina. Racismo\u201d, organizada por el Programa de Genero, Sociedad y Universidad y&hellip;","og_url":"https:\/\/www.fcejs.unsl.edu.ar\/index.php\/conversatorio-historia-invisibilizada-de-afrodescendientes-en-argentina-racismo\/","og_site_name":"Facultad de Ciencias Econ\u00f3micas, Jur\u00ed\u00addicas y Sociales","article_publisher":"https:\/\/www.facebook.com\/FCEJS.UNSL\/","article_published_time":"2023-10-24T03:24:35+00:00","article_modified_time":"2023-10-30T17:13:59+00:00","og_image":[{"width":1152,"height":647,"url":"https:\/\/www.fcejs.unsl.edu.ar\/wp-content\/uploads\/2023\/10\/flyer-afroamericanos-front.jpg","type":"image\/jpeg"}],"author":"DATI","twitter_card":"summary_large_image","twitter_creator":"@FCEJSUNSL","twitter_site":"@FCEJSUNSL","twitter_misc":{"Escrito por":"DATI","Tiempo de lectura":"1 minuto"},"schema":{"@context":"https:\/\/schema.org","@graph":[{"@type":"Article","@id":"https:\/\/www.fcejs.unsl.edu.ar\/index.php\/conversatorio-historia-invisibilizada-de-afrodescendientes-en-argentina-racismo\/#article","isPartOf":{"@id":"https:\/\/www.fcejs.unsl.edu.ar\/index.php\/conversatorio-historia-invisibilizada-de-afrodescendientes-en-argentina-racismo\/"},"author":{"name":"DATI","@id":"https:\/\/www.fcejs.unsl.edu.ar\/#\/schema\/person\/352ee6ed90c3f394c7cb5945f8956d34"},"headline":"Conversatorio sobre la \u201cHistoria invisibilizada de Afrodescendientes en Argentina. Racismo\u201d","datePublished":"2023-10-24T03:24:35+00:00","dateModified":"2023-10-30T17:13:59+00:00","mainEntityOfPage":{"@id":"https:\/\/www.fcejs.unsl.edu.ar\/index.php\/conversatorio-historia-invisibilizada-de-afrodescendientes-en-argentina-racismo\/"},"wordCount":211,"publisher":{"@id":"https:\/\/www.fcejs.unsl.edu.ar\/#organization"},"image":{"@id":"https:\/\/www.fcejs.unsl.edu.ar\/index.php\/conversatorio-historia-invisibilizada-de-afrodescendientes-en-argentina-racismo\/#primaryimage"},"thumbnailUrl":"https:\/\/www.fcejs.unsl.edu.ar\/wp-content\/uploads\/2023\/10\/flyer-afroamericanos-front.jpg","articleSection":["Noticias"],"inLanguage":"es-AR"},{"@type":"WebPage","@id":"https:\/\/www.fcejs.unsl.edu.ar\/index.php\/conversatorio-historia-invisibilizada-de-afrodescendientes-en-argentina-racismo\/","url":"https:\/\/www.fcejs.unsl.edu.ar\/index.php\/conversatorio-historia-invisibilizada-de-afrodescendientes-en-argentina-racismo\/","name":"Conversatorio sobre la \u201cHistoria invisibilizada de Afrodescendientes en Argentina. Racismo\u201d - Facultad de Ciencias Econ\u00f3micas, Jur\u00ed\u00addicas y Sociales","isPartOf":{"@id":"https:\/\/www.fcejs.unsl.edu.ar\/#website"},"primaryImageOfPage":{"@id":"https:\/\/www.fcejs.unsl.edu.ar\/index.php\/conversatorio-historia-invisibilizada-de-afrodescendientes-en-argentina-racismo\/#primaryimage"},"image":{"@id":"https:\/\/www.fcejs.unsl.edu.ar\/index.php\/conversatorio-historia-invisibilizada-de-afrodescendientes-en-argentina-racismo\/#primaryimage"},"thumbnailUrl":"https:\/\/www.fcejs.unsl.edu.ar\/wp-content\/uploads\/2023\/10\/flyer-afroamericanos-front.jpg","datePublished":"2023-10-24T03:24:35+00:00","dateModified":"2023-10-30T17:13:59+00:00","breadcrumb":{"@id":"https:\/\/www.fcejs.unsl.edu.ar\/index.php\/conversatorio-historia-invisibilizada-de-afrodescendientes-en-argentina-racismo\/#breadcrumb"},"inLanguage":"es-AR","potentialAction":[{"@type":"ReadAction","target":["https:\/\/www.fcejs.unsl.edu.ar\/index.php\/conversatorio-historia-invisibilizada-de-afrodescendientes-en-argentina-racismo\/"]}]},{"@type":"ImageObject","inLanguage":"es-AR","@id":"https:\/\/www.fcejs.unsl.edu.ar\/index.php\/conversatorio-historia-invisibilizada-de-afrodescendientes-en-argentina-racismo\/#primaryimage","url":"https:\/\/www.fcejs.unsl.edu.ar\/wp-content\/uploads\/2023\/10\/flyer-afroamericanos-front.jpg","contentUrl":"https:\/\/www.fcejs.unsl.edu.ar\/wp-content\/uploads\/2023\/10\/flyer-afroamericanos-front.jpg","width":1152,"height":647},{"@type":"BreadcrumbList","@id":"https:\/\/www.fcejs.unsl.edu.ar\/index.php\/conversatorio-historia-invisibilizada-de-afrodescendientes-en-argentina-racismo\/#breadcrumb","itemListElement":[{"@type":"ListItem","position":1,"name":"Inicio","item":"https:\/\/www.fcejs.unsl.edu.ar\/"},{"@type":"ListItem","position":2,"name":"Conversatorio sobre la \u201cHistoria invisibilizada de Afrodescendientes en Argentina. Racismo\u201d"}]},{"@type":"WebSite","@id":"https:\/\/www.fcejs.unsl.edu.ar\/#website","url":"https:\/\/www.fcejs.unsl.edu.ar\/","name":"Facultad de Ciencias Econ\u00f3micas, Jur\u00ed\u00addicas y Sociales","description":"","publisher":{"@id":"https:\/\/www.fcejs.unsl.edu.ar\/#organization"},"potentialAction":[{"@type":"SearchAction","target":{"@type":"EntryPoint","urlTemplate":"https:\/\/www.fcejs.unsl.edu.ar\/?s={search_term_string}"},"query-input":{"@type":"PropertyValueSpecification","valueRequired":true,"valueName":"search_term_string"}}],"inLanguage":"es-AR"},{"@type":"Organization","@id":"https:\/\/www.fcejs.unsl.edu.ar\/#organization","name":"Facultad de Ciencias Econ\u00f3micas, Jur\u00eddicas y Sociales","url":"https:\/\/www.fcejs.unsl.edu.ar\/","logo":{"@type":"ImageObject","inLanguage":"es-AR","@id":"https:\/\/www.fcejs.unsl.edu.ar\/#\/schema\/logo\/image\/","url":"https:\/\/www.fcejs.unsl.edu.ar\/wp-content\/uploads\/2021\/03\/logo-1.jpg","contentUrl":"https:\/\/www.fcejs.unsl.edu.ar\/wp-content\/uploads\/2021\/03\/logo-1.jpg","width":471,"height":146,"caption":"Facultad de Ciencias Econ\u00f3micas, Jur\u00eddicas y Sociales"},"image":{"@id":"https:\/\/www.fcejs.unsl.edu.ar\/#\/schema\/logo\/image\/"},"sameAs":["https:\/\/www.facebook.com\/FCEJS.UNSL\/","https:\/\/x.com\/FCEJSUNSL","https:\/\/www.instagram.com\/fcejs.unsl\/","https:\/\/www.youtube.com\/channel\/UCH-Ut6EaN_X5ogjIQMPe46g\/"]},{"@type":"Person","@id":"https:\/\/www.fcejs.unsl.edu.ar\/#\/schema\/person\/352ee6ed90c3f394c7cb5945f8956d34","name":"DATI"}]}},"jetpack_featured_media_url":"https:\/\/www.fcejs.unsl.edu.ar\/wp-content\/uploads\/2023\/10\/flyer-afroamericanos-front.jpg","_links":{"self":[{"href":"https:\/\/www.fcejs.unsl.edu.ar\/index.php\/wp-json\/wp\/v2\/posts\/13984","targetHints":{"allow":["GET"]}}],"collection":[{"href":"https:\/\/www.fcejs.unsl.edu.ar\/index.php\/wp-json\/wp\/v2\/posts"}],"about":[{"href":"https:\/\/www.fcejs.unsl.edu.ar\/index.php\/wp-json\/wp\/v2\/types\/post"}],"author":[{"embeddable":true,"href":"https:\/\/www.fcejs.unsl.edu.ar\/index.php\/wp-json\/wp\/v2\/users\/9"}],"replies":[{"embeddable":true,"href":"https:\/\/www.fcejs.unsl.edu.ar\/index.php\/wp-json\/wp\/v2\/comments?post=13984"}],"version-history":[{"count":1,"href":"https:\/\/www.fcejs.unsl.edu.ar\/index.php\/wp-json\/wp\/v2\/posts\/13984\/revisions"}],"predecessor-version":[{"id":13986,"href":"https:\/\/www.fcejs.unsl.edu.ar\/index.php\/wp-json\/wp\/v2\/posts\/13984\/revisions\/13986"}],"wp:featuredmedia":[{"embeddable":true,"href":"https:\/\/www.fcejs.unsl.edu.ar\/index.php\/wp-json\/wp\/v2\/media\/13985"}],"wp:attachment":[{"href":"https:\/\/www.fcejs.unsl.edu.ar\/index.php\/wp-json\/wp\/v2\/media?parent=13984"}],"wp:term":[{"taxonomy":"category","embeddable":true,"href":"https:\/\/www.fcejs.unsl.edu.ar\/index.php\/wp-json\/wp\/v2\/categories?post=13984"},{"taxonomy":"post_tag","embeddable":true,"href":"https:\/\/www.fcejs.unsl.edu.ar\/index.php\/wp-json\/wp\/v2\/tags?post=13984"}],"curies":[{"name":"wp","href":"https:\/\/api.w.org\/{rel}","templated":true}]}}