{"id":13923,"date":"2023-10-18T09:52:49","date_gmt":"2023-10-18T12:52:49","guid":{"rendered":"http:\/\/10.101.10.197\/www\/?p=13923"},"modified":"2023-11-06T09:04:14","modified_gmt":"2023-11-06T12:04:14","slug":"elecciones-2023-opiones-educacion-03","status":"publish","type":"post","link":"https:\/\/www.fcejs.unsl.edu.ar\/index.php\/elecciones-2023-opiones-educacion-03\/","title":{"rendered":"LAS ELECCIONES Y LA EDUCACI\u00d3N 3\u00aa PARTE: Una consulta entre estudiantes, docentes y referentes sociales"},"content":{"rendered":"<p><span style=\"color: #0000ff;\"><a style=\"color: #0000ff;\" href=\"https:\/\/www.fcejs.unsl.edu.ar\/index.php\/elecciones-2023-opiones-educacion-02\/\" rel=\"noopener\">Esta nota continua desde aqu\u00ed<\/a><\/span><\/p>\n<p><strong>Graciela Cabral fundadora y presidenta de la Asociaci\u00f3n \u201cS\u00ed a la vida\u201d,<\/strong> que agrupa a familiares de v\u00edctimas viales, es una referente de la lucha contra la impunidad a nivel provincial y nacional. Se sum\u00f3 a las consultas de Radio de la UNSL en Villa Mercedes con un recuerdo: \u201cEn casa \u00e9ramos 11 hermanos \u00bfTe imaginas si hubi\u00e9ramos tenido que pagar escuelas privadas? L\u00f3gico, no hubi\u00e9ramos podido estudiar. Por eso, y porque considero que es un derecho que el Estado debe proteger, la educaci\u00f3n p\u00fablica tiene que mantenerse e, incluso, tener m\u00e1s presupuesto\u201d.<\/p>\n<p>En ese marco, cuestion\u00f3 lo que proponen candidatos que bregan por lo contrario. \u201cAhora, el se\u00f1or Milei en su proyecto de hacer desaparecer el Estado quiere afuera a la educaci\u00f3n p\u00fablica. La propuesta es el sistema vouchers, que atrapa a muchos j\u00f3venes e incluso padres, lo que sorprende mucho porque lo apoyan justamente quienes han ido a instituciones p\u00fablicas, que trabajan en instituciones p\u00fablicas, que reciben computadoras del Estado. Entonces, qu\u00e9 contrasentido que est\u00e9n en contra de lo p\u00fablico\u201d.<\/p>\n<figure id=\"attachment_13933\" aria-describedby=\"caption-attachment-13933\" style=\"width: 500px\" class=\"wp-caption alignleft\"><img fetchpriority=\"high\" decoding=\"async\" class=\"wp-image-13933 \" src=\"https:\/\/www.fcejs.unsl.edu.ar\/wp-content\/uploads\/2023\/10\/Graciela-Cabral-03-1024x649.jpg\" alt=\"Graciela Cabral fundadora y presidenta de la Asociaci\u00f3n \u201cS\u00ed a la vida\u201d\" width=\"500\" height=\"317\" srcset=\"https:\/\/www.fcejs.unsl.edu.ar\/wp-content\/uploads\/2023\/10\/Graciela-Cabral-03-1024x649.jpg 1024w, https:\/\/www.fcejs.unsl.edu.ar\/wp-content\/uploads\/2023\/10\/Graciela-Cabral-03-300x190.jpg 300w, https:\/\/www.fcejs.unsl.edu.ar\/wp-content\/uploads\/2023\/10\/Graciela-Cabral-03-768x487.jpg 768w, https:\/\/www.fcejs.unsl.edu.ar\/wp-content\/uploads\/2023\/10\/Graciela-Cabral-03.jpg 1200w\" sizes=\"(max-width: 500px) 100vw, 500px\" \/><figcaption id=\"caption-attachment-13933\" class=\"wp-caption-text\">Graciela Cabral fundadora y presidenta de la Asociaci\u00f3n \u201cS\u00ed a la vida\u201d<\/figcaption><\/figure>\n<p>Graciela, adem\u00e1s, se pregunt\u00f3 sobre la viabilidad del modelo que propone el candidato de LLA \u201c\u00bfCu\u00e1nto es el voucher? \u00bfVa a alcanzar el costo? \u00bfD\u00f3nde van a sacar los fondos para los vouchers?&#8230;, es todo muy dudoso. Uno tiene el ejemplo en la Educaci\u00f3n de Chile y la lucha de a\u00f1os en ese pa\u00eds de chicos y de padres por terminar con ese sistema. Estaba escuchando hace poco que dec\u00edan la mentira que eso es, porque salen endeudados, tienen que hipotecar hasta la casa, porque terminan de estudiar y deben seguir pagando durante a\u00f1os. Muchos chilenos vienen a la Argentina para poder estudiar y est\u00e1n muy agradecidos por la Educaci\u00f3n de nuestro pa\u00eds\u201d.<\/p>\n<p>La referente social reflexion\u00f3 sobre la postura de los padres: \u201cUno puede entender a los j\u00f3venes porque no han vivido momentos hist\u00f3ricos clave y pueden estar confundidos, pero es incomprensible que gente que tiene la capacidad de informarse, de hacer an\u00e1lisis, tener una opini\u00f3n, entender una noticia, buscar fundamentos, los propios docentes de escuelas p\u00fablicas\u2026, que est\u00e9n de acuerdo con la propuesta de Milei, algunos a punto de jubilarse \u00bfno va a privatizar el sistema jubilatorio?\u201d.<\/p>\n<p>Graciela Cabral cit\u00f3 al economista Milton Friedman \u201cide\u00f3logo de este tipo de sistema del voucher de privatizaci\u00f3n de la educaci\u00f3n\u201d y lo record\u00f3 como el intelectual que vio una \u201coportunidad de hacer negocios mediante la implementaci\u00f3n de voucher educativos\u201d en medio de la cruenta tragedia provocada por el hurac\u00e1n Catrina, en agosto de 2005, uno de los m\u00e1s mort\u00edferos en la historia de los EEUU. \u201cEs decir, en medio de esa cruel tragedia, se le ocurri\u00f3 hacer negocios. Fue el ideol\u00f3gico de la oportunidad frente al caos. Es el mismo que cita Milei y que lo tiene como uno de sus intelectuales preferidos. Da miedo que vaya a gobernar con esos criterios\u201d.<\/p>\n<p>Esos panoramas sombr\u00edos, esos temores a las consecuencias no se perciben en las opiniones de los chicos y chicas en general. No solo lo ocurrido en las PASO, sino los mismos testimonios son elocuentes.<\/p>\n<p>Un grupo de seis <strong>estudiantes del Colegio Benito Ju\u00e1rez<\/strong>, casi al un\u00edsono opinaron a favor del candidato de LLA, principalmente o exclusivamente por su propuesta educativa.<\/p>\n<p>\u201cS\u00e9 de una propuesta en especial que tiene que ver con el candidato Javier Milei. Se trata de los vouchers educativos. En base a mi opini\u00f3n, no me parece nada mal, considerando que hoy en d\u00eda se le da un monto en concreto a los directivos para que puedan arreglar los colegios, los comedores y muchas cosas m\u00e1s. Pero me parece que no todas las escuelas lo hacen de esa manera. Hay muchas que todav\u00eda no le han hecho infraestructura. Con los vouchers la plata se la dar\u00edamos nosotros a los colegios. Nosotros podr\u00edamos elegir a qu\u00e9 colegio ir y ellos se esforzar\u00edan un poco m\u00e1s en el sistema educativo y en la infraestructura del colegio\u201d, coment\u00f3 <strong>Martina Sombra<\/strong>, de 6\u00ba 2\u00aa, de la Benito Ju\u00e1rez.<\/p>\n<figure id=\"attachment_13935\" aria-describedby=\"caption-attachment-13935\" style=\"width: 478px\" class=\"wp-caption alignleft\"><img decoding=\"async\" class=\"wp-image-13935 \" src=\"https:\/\/www.fcejs.unsl.edu.ar\/wp-content\/uploads\/2023\/10\/estudiantes-del-Colegio-Benito-Juarez-03-1024x619.jpg\" alt=\"Estudiantes del Colegio Benito Ju\u00e1rez\" width=\"478\" height=\"289\" srcset=\"https:\/\/www.fcejs.unsl.edu.ar\/wp-content\/uploads\/2023\/10\/estudiantes-del-Colegio-Benito-Juarez-03-1024x619.jpg 1024w, https:\/\/www.fcejs.unsl.edu.ar\/wp-content\/uploads\/2023\/10\/estudiantes-del-Colegio-Benito-Juarez-03-300x181.jpg 300w, https:\/\/www.fcejs.unsl.edu.ar\/wp-content\/uploads\/2023\/10\/estudiantes-del-Colegio-Benito-Juarez-03-768x464.jpg 768w, https:\/\/www.fcejs.unsl.edu.ar\/wp-content\/uploads\/2023\/10\/estudiantes-del-Colegio-Benito-Juarez-03.jpg 1200w\" sizes=\"(max-width: 478px) 100vw, 478px\" \/><figcaption id=\"caption-attachment-13935\" class=\"wp-caption-text\">Estudiantes del Colegio Benito Ju\u00e1rez<\/figcaption><\/figure>\n<p>Kevin Sapino, de 6\u00ba 1\u00aa, dijo que tambi\u00e9n ha analizado la propuesta de Milei: \u201cDentro de todo va a estar bien, porque va a ser una competencia de cada escuela. Uno va a poder elegir d\u00f3nde quiere ir o qu\u00e9 universidad podr\u00e1 seguir. Con este sistema vas a ayudar a que tengan mejoras cosas, en cuanto a estructura y dem\u00e1s. De los otros candidatos, no he visto mucho\u201d.<\/p>\n<p>\u201cLo que habla (Milei), sobre el sistema de voucher \u2013apunt\u00f3 por su parte <strong>\u00c1ngel Agust\u00edn Mu\u00f1oz<\/strong>, 6\u00ba 3\u00aa-, es una propuesta buena, aunque con algunas cosas malas tambi\u00e9n. Porque se les dar\u00e1 a todos los chicos la posibilidad de elegir. Pero vienen las cr\u00edticas que dicen que pueden llegar a privatizarse las escuelas y universidades, y creen que no van a poder estudiar porque tienen que pagar, pero en realidad la educaci\u00f3n se vuelve gratuita, porque el Estado le dar\u00e1 un voucher a cada joven que ser\u00e1 para su estudio. Con ese sistema uno puede elegir la escuela o universidad, entonces la escuela se esforzar\u00e1 para mejorar su calidad\u201d.<\/p>\n<p>Agreg\u00f3 Agust\u00edn que los dem\u00e1s candidatos \u201cno he visto que hagan propuestas concretas\u201d sobre educaci\u00f3n. <strong>Azul Videla<\/strong>, de 6\u00ba 3\u00ba, m\u00e1s desconfiada ante las preguntas y la posibilidad de ser utilizada con fines pol\u00edticos, se\u00f1al\u00f3 escuetamente que coincide con la opini\u00f3n de sus compa\u00f1eros. Jos\u00e9 Ignacio Guzm\u00e1n, de 6\u00ba 1\u00ba, se mantuvo al margen de las consideraciones del grupo. Su postura, m\u00e1s all\u00e1 de reconocer que hab\u00eda escuchado \u201clo de los vouchers\u201d, es \u201cde pol\u00edtica nada, hago lo que puedo\u201d.<\/p>\n<p>Quien hace lo que puede para atender a cientos de personas que diariamente concurren a la delegaci\u00f3n de ANSES es <strong>Jos\u00e9 S\u00e1nchez<\/strong>, uno de los trabajadores de m\u00e1s antig\u00fcedad de ese organismo en Villa Mercedes. Es delegado de Asociaci\u00f3n del Personal de Organismos de Previsi\u00f3n Social (Apops) y por su contacto permanente con las problem\u00e1ticas que escucha todos los d\u00edas, puede decir que tienen un denominador com\u00fan: la pobreza y la necesidad de contar con la asistencia del Estado mediante ayudas, planes y subsidios del gobierno. \u201cNo sab\u00e9s lo que es esto, especialmente en las \u00faltimas semanas\u201d, cont\u00f3.<\/p>\n<p>\u201cNo hay cosa m\u00e1s clara y defendible que la educaci\u00f3n p\u00fablica\u201d, respondi\u00f3 concretamente sobre el tema de la consulta. Y agreg\u00f3: \u201cno puedo avalar a un candidato como Milei que hasta el d\u00eda de hoy no ha dado una visi\u00f3n clara sobre c\u00f3mo llevar\u00eda adelante la educaci\u00f3n. Los m\u00e1s prestigiosos profesionales de Villa Mercedes, del pa\u00eds, han salido de la educaci\u00f3n p\u00fablica y este muchacho (Milei) dice que ser\u00e1 arancelada, pero no dice c\u00f3mo lo har\u00e1. No hay una visi\u00f3n clara, no s\u00e9 si tirar\u00e1 por la ventana al ministerio. No veo en \u00e9l un mensaje claro para la sociedad sobre qu\u00e9 har\u00e1 con la educaci\u00f3n. Y es grave que, en un candidato, luego de participar en dos debates, no sepa decir qu\u00e9 va a hacer. Por ah\u00ed ha convencido a los j\u00f3venes que es el gran cambio\u201d.<\/p>\n<p><img decoding=\"async\" class=\" wp-image-13934 alignleft\" src=\"https:\/\/www.fcejs.unsl.edu.ar\/wp-content\/uploads\/2023\/10\/Jose-Sanchez-03.jpg\" alt=\"\" width=\"570\" height=\"370\" srcset=\"https:\/\/www.fcejs.unsl.edu.ar\/wp-content\/uploads\/2023\/10\/Jose-Sanchez-03.jpg 632w, https:\/\/www.fcejs.unsl.edu.ar\/wp-content\/uploads\/2023\/10\/Jose-Sanchez-03-300x195.jpg 300w\" sizes=\"(max-width: 570px) 100vw, 570px\" \/><\/p>\n<p>\u201cSer\u00e1 que, a los j\u00f3venes, especialmente aquellos que empiezan la facultad, los ha convencido pero no s\u00e9 si han podido captar el fondo de la cuesti\u00f3n, es decir, c\u00f3mo har\u00e1 el pap\u00e1 del barrio San Antonio, de Las Mirandas, del Eva Per\u00f3n para pagar mediante ese sistema; si les va a alcanzar. La verdad, no me queda claro\u201d, agreg\u00f3.<\/p>\n<p>Sobre otros candidatos, opin\u00f3: \u201cScharetti habla nada m\u00e1s que de C\u00f3rdoba; Bullrich no me convence. Con Massa hay much\u00edsimas diferencias y le hacemos todos los cuestionamientos por estos dos a\u00f1os de gobierno. Porque hay que aclarar que tuvimos dos a\u00f1os de pandemia. Se hicieron cosas mal y hay que hacer una autocr\u00edtica. Creo que para el peronismo la educaci\u00f3n p\u00fablica es fundamental, la esencia. La educaci\u00f3n privada no est\u00e1 al alcance del hijo del laburante, del trabajador de la construcci\u00f3n que debe contar con un dinero para pagar una cuota. Incluso para una universidad privada\u201d.<\/p>\n<p>S\u00e1nchez consider\u00f3 que la propuesta de Bullrich en cuanto a la cantidad de d\u00edas de clase \u201cser\u00eda lo que corresponde\u201d, pero para eso \u201cno debe haber conflictos y el gobierno debe garantizar que los maestros, los profesores est\u00e9n bien pagos. Y la infraestructura acorde. Pero no apuntar a la privatizaci\u00f3n\u201d.<\/p>\n<p>Dos mayores, una ex funcionaria y un jubilado, consultados por Radio de la UNSL en Villa Mercedes, quienes optaron por no formar parte de la nota, de modo confidencial se expresaron a favor de JxC y LLA, principalmente por las posturas pol\u00edticas de los candidatos de esas fuerzas, y no tanto en los proyectos educativos.<\/p>\n<p style=\"text-align: right;\"><strong>Nota: Jos\u00e9 Luis Baigorria \u2013 Radio UNSL Villa Mercedes<\/strong><\/p>\n<p>&nbsp;<\/p>\n<p>&nbsp;<\/p>\n","protected":false},"excerpt":{"rendered":"<p>Esta nota continua desde aqu\u00ed Graciela Cabral fundadora y presidenta de la Asociaci\u00f3n \u201cS\u00ed a la vida\u201d, que agrupa a familiares de v\u00edctimas viales, es&hellip;<\/p>\n","protected":false},"author":9,"featured_media":13932,"comment_status":"closed","ping_status":"closed","sticky":false,"template":"","format":"standard","meta":{"om_disable_all_campaigns":false,"_monsterinsights_skip_tracking":false,"_monsterinsights_sitenote_active":false,"_monsterinsights_sitenote_note":"","_monsterinsights_sitenote_category":0,"footnotes":""},"categories":[1],"tags":[],"class_list":["post-13923","post","type-post","status-publish","format-standard","has-post-thumbnail","hentry","category-noticias"],"yoast_head":"<!-- This site is optimized with the Yoast SEO plugin v27.5 - https:\/\/yoast.com\/product\/yoast-seo-wordpress\/ -->\n<title>LAS ELECCIONES Y LA EDUCACI\u00d3N 3\u00aa PARTE: Una consulta entre estudiantes, docentes y referentes sociales - Facultad de Ciencias Econ\u00f3micas, Jur\u00ed\u00addicas y Sociales<\/title>\n<meta name=\"robots\" content=\"index, follow, max-snippet:-1, max-image-preview:large, max-video-preview:-1\" \/>\n<link rel=\"canonical\" href=\"https:\/\/www.fcejs.unsl.edu.ar\/index.php\/elecciones-2023-opiones-educacion-03\/\" \/>\n<meta property=\"og:locale\" content=\"es_ES\" \/>\n<meta property=\"og:type\" content=\"article\" \/>\n<meta property=\"og:title\" content=\"LAS ELECCIONES Y LA EDUCACI\u00d3N 3\u00aa PARTE: Una consulta entre estudiantes, docentes y referentes sociales - Facultad de Ciencias Econ\u00f3micas, Jur\u00ed\u00addicas y Sociales\" \/>\n<meta property=\"og:description\" content=\"Esta nota continua desde aqu\u00ed Graciela Cabral fundadora y presidenta de la Asociaci\u00f3n \u201cS\u00ed a la vida\u201d, que agrupa a familiares de v\u00edctimas viales, es&hellip;\" \/>\n<meta property=\"og:url\" content=\"https:\/\/www.fcejs.unsl.edu.ar\/index.php\/elecciones-2023-opiones-educacion-03\/\" \/>\n<meta property=\"og:site_name\" content=\"Facultad de Ciencias Econ\u00f3micas, Jur\u00ed\u00addicas y Sociales\" \/>\n<meta property=\"article:publisher\" content=\"https:\/\/www.facebook.com\/FCEJS.UNSL\/\" \/>\n<meta property=\"article:published_time\" content=\"2023-10-18T12:52:49+00:00\" \/>\n<meta property=\"article:modified_time\" content=\"2023-11-06T12:04:14+00:00\" \/>\n<meta property=\"og:image\" content=\"https:\/\/www.fcejs.unsl.edu.ar\/wp-content\/uploads\/2023\/10\/elecciones-2023-front-03.jpg\" \/>\n\t<meta property=\"og:image:width\" content=\"1152\" \/>\n\t<meta property=\"og:image:height\" content=\"647\" \/>\n\t<meta property=\"og:image:type\" content=\"image\/jpeg\" \/>\n<meta name=\"author\" content=\"DATI\" \/>\n<meta name=\"twitter:card\" content=\"summary_large_image\" \/>\n<meta name=\"twitter:creator\" content=\"@FCEJSUNSL\" \/>\n<meta name=\"twitter:site\" content=\"@FCEJSUNSL\" \/>\n<meta name=\"twitter:label1\" content=\"Escrito por\" \/>\n\t<meta name=\"twitter:data1\" content=\"DATI\" \/>\n\t<meta name=\"twitter:label2\" content=\"Tiempo de lectura\" \/>\n\t<meta name=\"twitter:data2\" content=\"8 minutos\" \/>\n<script type=\"application\/ld+json\" class=\"yoast-schema-graph\">{\"@context\":\"https:\\\/\\\/schema.org\",\"@graph\":[{\"@type\":\"Article\",\"@id\":\"https:\\\/\\\/www.fcejs.unsl.edu.ar\\\/index.php\\\/elecciones-2023-opiones-educacion-03\\\/#article\",\"isPartOf\":{\"@id\":\"https:\\\/\\\/www.fcejs.unsl.edu.ar\\\/index.php\\\/elecciones-2023-opiones-educacion-03\\\/\"},\"author\":{\"name\":\"DATI\",\"@id\":\"https:\\\/\\\/www.fcejs.unsl.edu.ar\\\/#\\\/schema\\\/person\\\/352ee6ed90c3f394c7cb5945f8956d34\"},\"headline\":\"LAS ELECCIONES Y LA EDUCACI\u00d3N 3\u00aa PARTE: Una consulta entre estudiantes, docentes y referentes sociales\",\"datePublished\":\"2023-10-18T12:52:49+00:00\",\"dateModified\":\"2023-11-06T12:04:14+00:00\",\"mainEntityOfPage\":{\"@id\":\"https:\\\/\\\/www.fcejs.unsl.edu.ar\\\/index.php\\\/elecciones-2023-opiones-educacion-03\\\/\"},\"wordCount\":1582,\"publisher\":{\"@id\":\"https:\\\/\\\/www.fcejs.unsl.edu.ar\\\/#organization\"},\"image\":{\"@id\":\"https:\\\/\\\/www.fcejs.unsl.edu.ar\\\/index.php\\\/elecciones-2023-opiones-educacion-03\\\/#primaryimage\"},\"thumbnailUrl\":\"https:\\\/\\\/www.fcejs.unsl.edu.ar\\\/wp-content\\\/uploads\\\/2023\\\/10\\\/elecciones-2023-front-03.jpg\",\"articleSection\":[\"Noticias\"],\"inLanguage\":\"es-AR\"},{\"@type\":\"WebPage\",\"@id\":\"https:\\\/\\\/www.fcejs.unsl.edu.ar\\\/index.php\\\/elecciones-2023-opiones-educacion-03\\\/\",\"url\":\"https:\\\/\\\/www.fcejs.unsl.edu.ar\\\/index.php\\\/elecciones-2023-opiones-educacion-03\\\/\",\"name\":\"LAS ELECCIONES Y LA EDUCACI\u00d3N 3\u00aa PARTE: Una consulta entre estudiantes, docentes y referentes sociales - Facultad de Ciencias Econ\u00f3micas, Jur\u00ed\u00addicas y Sociales\",\"isPartOf\":{\"@id\":\"https:\\\/\\\/www.fcejs.unsl.edu.ar\\\/#website\"},\"primaryImageOfPage\":{\"@id\":\"https:\\\/\\\/www.fcejs.unsl.edu.ar\\\/index.php\\\/elecciones-2023-opiones-educacion-03\\\/#primaryimage\"},\"image\":{\"@id\":\"https:\\\/\\\/www.fcejs.unsl.edu.ar\\\/index.php\\\/elecciones-2023-opiones-educacion-03\\\/#primaryimage\"},\"thumbnailUrl\":\"https:\\\/\\\/www.fcejs.unsl.edu.ar\\\/wp-content\\\/uploads\\\/2023\\\/10\\\/elecciones-2023-front-03.jpg\",\"datePublished\":\"2023-10-18T12:52:49+00:00\",\"dateModified\":\"2023-11-06T12:04:14+00:00\",\"breadcrumb\":{\"@id\":\"https:\\\/\\\/www.fcejs.unsl.edu.ar\\\/index.php\\\/elecciones-2023-opiones-educacion-03\\\/#breadcrumb\"},\"inLanguage\":\"es-AR\",\"potentialAction\":[{\"@type\":\"ReadAction\",\"target\":[\"https:\\\/\\\/www.fcejs.unsl.edu.ar\\\/index.php\\\/elecciones-2023-opiones-educacion-03\\\/\"]}]},{\"@type\":\"ImageObject\",\"inLanguage\":\"es-AR\",\"@id\":\"https:\\\/\\\/www.fcejs.unsl.edu.ar\\\/index.php\\\/elecciones-2023-opiones-educacion-03\\\/#primaryimage\",\"url\":\"https:\\\/\\\/www.fcejs.unsl.edu.ar\\\/wp-content\\\/uploads\\\/2023\\\/10\\\/elecciones-2023-front-03.jpg\",\"contentUrl\":\"https:\\\/\\\/www.fcejs.unsl.edu.ar\\\/wp-content\\\/uploads\\\/2023\\\/10\\\/elecciones-2023-front-03.jpg\",\"width\":1152,\"height\":647},{\"@type\":\"BreadcrumbList\",\"@id\":\"https:\\\/\\\/www.fcejs.unsl.edu.ar\\\/index.php\\\/elecciones-2023-opiones-educacion-03\\\/#breadcrumb\",\"itemListElement\":[{\"@type\":\"ListItem\",\"position\":1,\"name\":\"Inicio\",\"item\":\"https:\\\/\\\/www.fcejs.unsl.edu.ar\\\/\"},{\"@type\":\"ListItem\",\"position\":2,\"name\":\"LAS ELECCIONES Y LA EDUCACI\u00d3N 3\u00aa PARTE: Una consulta entre estudiantes, docentes y referentes sociales\"}]},{\"@type\":\"WebSite\",\"@id\":\"https:\\\/\\\/www.fcejs.unsl.edu.ar\\\/#website\",\"url\":\"https:\\\/\\\/www.fcejs.unsl.edu.ar\\\/\",\"name\":\"Facultad de Ciencias Econ\u00f3micas, Jur\u00ed\u00addicas y Sociales\",\"description\":\"\",\"publisher\":{\"@id\":\"https:\\\/\\\/www.fcejs.unsl.edu.ar\\\/#organization\"},\"potentialAction\":[{\"@type\":\"SearchAction\",\"target\":{\"@type\":\"EntryPoint\",\"urlTemplate\":\"https:\\\/\\\/www.fcejs.unsl.edu.ar\\\/?s={search_term_string}\"},\"query-input\":{\"@type\":\"PropertyValueSpecification\",\"valueRequired\":true,\"valueName\":\"search_term_string\"}}],\"inLanguage\":\"es-AR\"},{\"@type\":\"Organization\",\"@id\":\"https:\\\/\\\/www.fcejs.unsl.edu.ar\\\/#organization\",\"name\":\"Facultad de Ciencias Econ\u00f3micas, Jur\u00eddicas y Sociales\",\"url\":\"https:\\\/\\\/www.fcejs.unsl.edu.ar\\\/\",\"logo\":{\"@type\":\"ImageObject\",\"inLanguage\":\"es-AR\",\"@id\":\"https:\\\/\\\/www.fcejs.unsl.edu.ar\\\/#\\\/schema\\\/logo\\\/image\\\/\",\"url\":\"https:\\\/\\\/www.fcejs.unsl.edu.ar\\\/wp-content\\\/uploads\\\/2021\\\/03\\\/logo-1.jpg\",\"contentUrl\":\"https:\\\/\\\/www.fcejs.unsl.edu.ar\\\/wp-content\\\/uploads\\\/2021\\\/03\\\/logo-1.jpg\",\"width\":471,\"height\":146,\"caption\":\"Facultad de Ciencias Econ\u00f3micas, Jur\u00eddicas y Sociales\"},\"image\":{\"@id\":\"https:\\\/\\\/www.fcejs.unsl.edu.ar\\\/#\\\/schema\\\/logo\\\/image\\\/\"},\"sameAs\":[\"https:\\\/\\\/www.facebook.com\\\/FCEJS.UNSL\\\/\",\"https:\\\/\\\/x.com\\\/FCEJSUNSL\",\"https:\\\/\\\/www.instagram.com\\\/fcejs.unsl\\\/\",\"https:\\\/\\\/www.youtube.com\\\/channel\\\/UCH-Ut6EaN_X5ogjIQMPe46g\\\/\"]},{\"@type\":\"Person\",\"@id\":\"https:\\\/\\\/www.fcejs.unsl.edu.ar\\\/#\\\/schema\\\/person\\\/352ee6ed90c3f394c7cb5945f8956d34\",\"name\":\"DATI\"}]}<\/script>\n<!-- \/ Yoast SEO plugin. -->","yoast_head_json":{"title":"LAS ELECCIONES Y LA EDUCACI\u00d3N 3\u00aa PARTE: Una consulta entre estudiantes, docentes y referentes sociales - Facultad de Ciencias Econ\u00f3micas, Jur\u00ed\u00addicas y Sociales","robots":{"index":"index","follow":"follow","max-snippet":"max-snippet:-1","max-image-preview":"max-image-preview:large","max-video-preview":"max-video-preview:-1"},"canonical":"https:\/\/www.fcejs.unsl.edu.ar\/index.php\/elecciones-2023-opiones-educacion-03\/","og_locale":"es_ES","og_type":"article","og_title":"LAS ELECCIONES Y LA EDUCACI\u00d3N 3\u00aa PARTE: Una consulta entre estudiantes, docentes y referentes sociales - Facultad de Ciencias Econ\u00f3micas, Jur\u00ed\u00addicas y Sociales","og_description":"Esta nota continua desde aqu\u00ed Graciela Cabral fundadora y presidenta de la Asociaci\u00f3n \u201cS\u00ed a la vida\u201d, que agrupa a familiares de v\u00edctimas viales, es&hellip;","og_url":"https:\/\/www.fcejs.unsl.edu.ar\/index.php\/elecciones-2023-opiones-educacion-03\/","og_site_name":"Facultad de Ciencias Econ\u00f3micas, Jur\u00ed\u00addicas y Sociales","article_publisher":"https:\/\/www.facebook.com\/FCEJS.UNSL\/","article_published_time":"2023-10-18T12:52:49+00:00","article_modified_time":"2023-11-06T12:04:14+00:00","og_image":[{"width":1152,"height":647,"url":"https:\/\/www.fcejs.unsl.edu.ar\/wp-content\/uploads\/2023\/10\/elecciones-2023-front-03.jpg","type":"image\/jpeg"}],"author":"DATI","twitter_card":"summary_large_image","twitter_creator":"@FCEJSUNSL","twitter_site":"@FCEJSUNSL","twitter_misc":{"Escrito por":"DATI","Tiempo de lectura":"8 minutos"},"schema":{"@context":"https:\/\/schema.org","@graph":[{"@type":"Article","@id":"https:\/\/www.fcejs.unsl.edu.ar\/index.php\/elecciones-2023-opiones-educacion-03\/#article","isPartOf":{"@id":"https:\/\/www.fcejs.unsl.edu.ar\/index.php\/elecciones-2023-opiones-educacion-03\/"},"author":{"name":"DATI","@id":"https:\/\/www.fcejs.unsl.edu.ar\/#\/schema\/person\/352ee6ed90c3f394c7cb5945f8956d34"},"headline":"LAS ELECCIONES Y LA EDUCACI\u00d3N 3\u00aa PARTE: Una consulta entre estudiantes, docentes y referentes sociales","datePublished":"2023-10-18T12:52:49+00:00","dateModified":"2023-11-06T12:04:14+00:00","mainEntityOfPage":{"@id":"https:\/\/www.fcejs.unsl.edu.ar\/index.php\/elecciones-2023-opiones-educacion-03\/"},"wordCount":1582,"publisher":{"@id":"https:\/\/www.fcejs.unsl.edu.ar\/#organization"},"image":{"@id":"https:\/\/www.fcejs.unsl.edu.ar\/index.php\/elecciones-2023-opiones-educacion-03\/#primaryimage"},"thumbnailUrl":"https:\/\/www.fcejs.unsl.edu.ar\/wp-content\/uploads\/2023\/10\/elecciones-2023-front-03.jpg","articleSection":["Noticias"],"inLanguage":"es-AR"},{"@type":"WebPage","@id":"https:\/\/www.fcejs.unsl.edu.ar\/index.php\/elecciones-2023-opiones-educacion-03\/","url":"https:\/\/www.fcejs.unsl.edu.ar\/index.php\/elecciones-2023-opiones-educacion-03\/","name":"LAS ELECCIONES Y LA EDUCACI\u00d3N 3\u00aa PARTE: Una consulta entre estudiantes, docentes y referentes sociales - Facultad de Ciencias Econ\u00f3micas, Jur\u00ed\u00addicas y Sociales","isPartOf":{"@id":"https:\/\/www.fcejs.unsl.edu.ar\/#website"},"primaryImageOfPage":{"@id":"https:\/\/www.fcejs.unsl.edu.ar\/index.php\/elecciones-2023-opiones-educacion-03\/#primaryimage"},"image":{"@id":"https:\/\/www.fcejs.unsl.edu.ar\/index.php\/elecciones-2023-opiones-educacion-03\/#primaryimage"},"thumbnailUrl":"https:\/\/www.fcejs.unsl.edu.ar\/wp-content\/uploads\/2023\/10\/elecciones-2023-front-03.jpg","datePublished":"2023-10-18T12:52:49+00:00","dateModified":"2023-11-06T12:04:14+00:00","breadcrumb":{"@id":"https:\/\/www.fcejs.unsl.edu.ar\/index.php\/elecciones-2023-opiones-educacion-03\/#breadcrumb"},"inLanguage":"es-AR","potentialAction":[{"@type":"ReadAction","target":["https:\/\/www.fcejs.unsl.edu.ar\/index.php\/elecciones-2023-opiones-educacion-03\/"]}]},{"@type":"ImageObject","inLanguage":"es-AR","@id":"https:\/\/www.fcejs.unsl.edu.ar\/index.php\/elecciones-2023-opiones-educacion-03\/#primaryimage","url":"https:\/\/www.fcejs.unsl.edu.ar\/wp-content\/uploads\/2023\/10\/elecciones-2023-front-03.jpg","contentUrl":"https:\/\/www.fcejs.unsl.edu.ar\/wp-content\/uploads\/2023\/10\/elecciones-2023-front-03.jpg","width":1152,"height":647},{"@type":"BreadcrumbList","@id":"https:\/\/www.fcejs.unsl.edu.ar\/index.php\/elecciones-2023-opiones-educacion-03\/#breadcrumb","itemListElement":[{"@type":"ListItem","position":1,"name":"Inicio","item":"https:\/\/www.fcejs.unsl.edu.ar\/"},{"@type":"ListItem","position":2,"name":"LAS ELECCIONES Y LA EDUCACI\u00d3N 3\u00aa PARTE: Una consulta entre estudiantes, docentes y referentes sociales"}]},{"@type":"WebSite","@id":"https:\/\/www.fcejs.unsl.edu.ar\/#website","url":"https:\/\/www.fcejs.unsl.edu.ar\/","name":"Facultad de Ciencias Econ\u00f3micas, Jur\u00ed\u00addicas y Sociales","description":"","publisher":{"@id":"https:\/\/www.fcejs.unsl.edu.ar\/#organization"},"potentialAction":[{"@type":"SearchAction","target":{"@type":"EntryPoint","urlTemplate":"https:\/\/www.fcejs.unsl.edu.ar\/?s={search_term_string}"},"query-input":{"@type":"PropertyValueSpecification","valueRequired":true,"valueName":"search_term_string"}}],"inLanguage":"es-AR"},{"@type":"Organization","@id":"https:\/\/www.fcejs.unsl.edu.ar\/#organization","name":"Facultad de Ciencias Econ\u00f3micas, Jur\u00eddicas y Sociales","url":"https:\/\/www.fcejs.unsl.edu.ar\/","logo":{"@type":"ImageObject","inLanguage":"es-AR","@id":"https:\/\/www.fcejs.unsl.edu.ar\/#\/schema\/logo\/image\/","url":"https:\/\/www.fcejs.unsl.edu.ar\/wp-content\/uploads\/2021\/03\/logo-1.jpg","contentUrl":"https:\/\/www.fcejs.unsl.edu.ar\/wp-content\/uploads\/2021\/03\/logo-1.jpg","width":471,"height":146,"caption":"Facultad de Ciencias Econ\u00f3micas, Jur\u00eddicas y Sociales"},"image":{"@id":"https:\/\/www.fcejs.unsl.edu.ar\/#\/schema\/logo\/image\/"},"sameAs":["https:\/\/www.facebook.com\/FCEJS.UNSL\/","https:\/\/x.com\/FCEJSUNSL","https:\/\/www.instagram.com\/fcejs.unsl\/","https:\/\/www.youtube.com\/channel\/UCH-Ut6EaN_X5ogjIQMPe46g\/"]},{"@type":"Person","@id":"https:\/\/www.fcejs.unsl.edu.ar\/#\/schema\/person\/352ee6ed90c3f394c7cb5945f8956d34","name":"DATI"}]}},"jetpack_featured_media_url":"https:\/\/www.fcejs.unsl.edu.ar\/wp-content\/uploads\/2023\/10\/elecciones-2023-front-03.jpg","_links":{"self":[{"href":"https:\/\/www.fcejs.unsl.edu.ar\/index.php\/wp-json\/wp\/v2\/posts\/13923","targetHints":{"allow":["GET"]}}],"collection":[{"href":"https:\/\/www.fcejs.unsl.edu.ar\/index.php\/wp-json\/wp\/v2\/posts"}],"about":[{"href":"https:\/\/www.fcejs.unsl.edu.ar\/index.php\/wp-json\/wp\/v2\/types\/post"}],"author":[{"embeddable":true,"href":"https:\/\/www.fcejs.unsl.edu.ar\/index.php\/wp-json\/wp\/v2\/users\/9"}],"replies":[{"embeddable":true,"href":"https:\/\/www.fcejs.unsl.edu.ar\/index.php\/wp-json\/wp\/v2\/comments?post=13923"}],"version-history":[{"count":13,"href":"https:\/\/www.fcejs.unsl.edu.ar\/index.php\/wp-json\/wp\/v2\/posts\/13923\/revisions"}],"predecessor-version":[{"id":13963,"href":"https:\/\/www.fcejs.unsl.edu.ar\/index.php\/wp-json\/wp\/v2\/posts\/13923\/revisions\/13963"}],"wp:featuredmedia":[{"embeddable":true,"href":"https:\/\/www.fcejs.unsl.edu.ar\/index.php\/wp-json\/wp\/v2\/media\/13932"}],"wp:attachment":[{"href":"https:\/\/www.fcejs.unsl.edu.ar\/index.php\/wp-json\/wp\/v2\/media?parent=13923"}],"wp:term":[{"taxonomy":"category","embeddable":true,"href":"https:\/\/www.fcejs.unsl.edu.ar\/index.php\/wp-json\/wp\/v2\/categories?post=13923"},{"taxonomy":"post_tag","embeddable":true,"href":"https:\/\/www.fcejs.unsl.edu.ar\/index.php\/wp-json\/wp\/v2\/tags?post=13923"}],"curies":[{"name":"wp","href":"https:\/\/api.w.org\/{rel}","templated":true}]}}